{"id":1799,"date":"2024-11-27T10:05:47","date_gmt":"2024-11-27T10:05:47","guid":{"rendered":"https:\/\/saknews.net\/ku\/?p=1799"},"modified":"2024-11-27T10:05:47","modified_gmt":"2024-11-27T10:05:47","slug":"sak-lekolineke-li-ser-candiniye-belav-dike","status":"publish","type":"post","link":"https:\/\/saknews.net\/ku\/?p=1799","title":{"rendered":"\u015eAK l\u00eakol\u00eenek\u00ea li ser \u00e7andiniy\u00ea belav dike"},"content":{"rendered":"<p>\u015eAK-Navend: \u015eep\u00eala Azad\u00ee ya Kurdistan\u00ee l\u00eakol\u00eeneke berfireh bi ziman\u00ea ereb\u00ee bi nav\u00ea \u201eRew\u015fa \u00c7andin\u00ee \u00fb Civaka \u00c7andiniy\u00ea li Kurdistana S\u00fbriy\u00ea\u201c belav kir.<br \/>\nL\u00eakol\u00een rew\u015fa \u00e7andniy\u00ea ya niha bi h\u00fbrgil\u00ee anal\u00eeze dike, \u00e7i di serdema rej\u00eema S\u00fbriy\u00ea \u00fb \u00e7i j\u00ee di dema desthilatdariya PYD de, herwiha l\u00eakol\u00een astengiy\u00ean li p\u00ea\u015f karta \u00e7andniy\u00ea ya gir\u00eeng \u00fb bandora siyaset\u00ean Beis \u00fb PYD anal\u00eeze dike.<\/p>\n<p>Di desp\u00eak\u00ea de qunax\u00ean d\u00eerok\u00ee ku \u00e7andin\u00ee t\u00ea re derbas b\u00fbne, ji serdema yekb\u00fbna S\u00fbriy\u00ea \u00fb Misir\u00ea heta serdema Hafiz Esed \u00fb kur\u00ea w\u00ee \u00fb li dawiy\u00ea j\u00ee digihe serdema desthilatdariya PYD ya defakto, ku \u00e7awe \u00e7andin\u00ee bi pa\u015f ve \u00e7\u00fb \u00fb berhem\u00ean w\u00ea j\u00ee k\u00eam b\u00fbn herwiha ligel xirab\u00fbna rew\u015fa ab\u00fbr\u00ee j\u00ee. Ew yek j\u00ee ji ber rew\u015fa \u015fer\u00ea S\u00fbriy\u00ea encama siyaset\u00ean \u015fa\u015f \u00ean PYD, ku siyaset\u00ean bi kar t\u00eene, ji \u00ean r\u00eaj\u00eem\u00ea ne d\u00fbr in \u00fb pi\u015fta xwe bi stratejiy\u00ean \u015fa\u015f disp\u00eare. ji ber v\u00ea j\u00ee t\u00ea d\u00eetin \u00e7awe di siyaset\u00ean \u00e7andiniy\u00ean ne serkeft\u00ee b\u00fb, bi taybet\u00ee di \u00e7areserkirina pirsgir\u00eaka siyas\u00ee \u00fb yasay\u00ee ya milkb\u00fbn\u00ea \u00fb maf\u00ean bidestxistin \u00fb destdan\u00eena ser milkan de ku ji serdema Hafiz Esed ve berdewam dikin.<\/p>\n<p>L\u00eakol\u00een behsa piroseya kir\u00een \u00fb firotina milkan \u00fb parastina wan dike, herwiha biryarnedana dadgeh\u00ean niha di derbar\u00ea diyarkirina xwediy\u00ean esas y\u00ea milk de.<\/p>\n<p>L\u00eakol\u00een bisernekeftina PYD di bir\u00eavebirina zeng\u00eentir\u00een devera \u00e7andiniy\u00ea de pi\u015ftrast dike, \u00e7i ji aliy\u00ea bir\u00eavebirina w\u00ea ya \u015fa\u015f \u00fb \u00e7i ji ji aliy\u00ea plandan\u00een\u00ea \u00fb neb\u00fbna s\u00eestemeke ab\u00fbr\u00ee ya gi\u015ft\u00ee \u00fb zelal ve.<br \/>\nH\u00fbn dikarin L\u00eakol\u00een\u00ea bi ziman\u00ea ereb\u00ee bi riya v\u00ea l\u00eenka xwar\u00ea re bixw\u00eenin.<\/p>\n<p><a href=\"https:\/\/saknews.net\/ku\/wp-content\/uploads\/2024\/11\/SAK.pdf\">l\u00eakol\u00eenek\u00ea li ser \u00e7andiniy\u00ea<\/a><\/p>\n","protected":false},"excerpt":{"rendered":"<p>\u015eAK-Navend: \u015eep\u00eala Azad\u00ee ya Kurdistan\u00ee l\u00eakol\u00eeneke berfireh bi ziman\u00ea ereb\u00ee bi nav\u00ea \u201eRew\u015fa \u00c7andin\u00ee \u00fb&#8230;<\/p>\n","protected":false},"author":1,"featured_media":1375,"comment_status":"closed","ping_status":"closed","sticky":false,"template":"","format":"standard","meta":{"footnotes":""},"categories":[56],"tags":[],"class_list":["post-1799","post","type-post","status-publish","format-standard","has-post-thumbnail","hentry","category-lekolin"],"yoast_head":"<!-- This site is optimized with the Yoast SEO plugin v27.5 - https:\/\/yoast.com\/product\/yoast-seo-wordpress\/ -->\n<title>\u015eAK l\u00eakol\u00eenek\u00ea li ser \u00e7andiniy\u00ea belav dike &#8226; \u015eAK<\/title>\n<meta name=\"robots\" content=\"index, follow, max-snippet:-1, max-image-preview:large, max-video-preview:-1\" \/>\n<link rel=\"canonical\" href=\"https:\/\/saknews.net\/ku\/?p=1799\" \/>\n<meta property=\"og:locale\" content=\"en_US\" \/>\n<meta property=\"og:type\" content=\"article\" \/>\n<meta property=\"og:title\" content=\"\u015eAK l\u00eakol\u00eenek\u00ea li ser \u00e7andiniy\u00ea belav dike &#8226; \u015eAK\" \/>\n<meta property=\"og:description\" content=\"\u015eAK-Navend: \u015eep\u00eala Azad\u00ee ya Kurdistan\u00ee l\u00eakol\u00eeneke berfireh bi ziman\u00ea ereb\u00ee bi nav\u00ea \u201eRew\u015fa \u00c7andin\u00ee \u00fb...\" \/>\n<meta property=\"og:url\" content=\"https:\/\/saknews.net\/ku\/?p=1799\" \/>\n<meta property=\"og:site_name\" content=\"\u015eAK\" \/>\n<meta property=\"article:publisher\" content=\"https:\/\/www.facebook.com\/Shepel.ewropa\" \/>\n<meta property=\"article:published_time\" content=\"2024-11-27T10:05:47+00:00\" \/>\n<meta property=\"og:image\" content=\"https:\/\/saknews.net\/ku\/wp-content\/uploads\/2024\/11\/duc.png\" \/>\n\t<meta property=\"og:image:width\" content=\"1920\" \/>\n\t<meta property=\"og:image:height\" content=\"1080\" \/>\n\t<meta property=\"og:image:type\" content=\"image\/png\" \/>\n<meta name=\"author\" content=\"admin\" \/>\n<meta name=\"twitter:card\" content=\"summary_large_image\" \/>\n<meta name=\"twitter:label1\" content=\"Written by\" \/>\n\t<meta name=\"twitter:data1\" content=\"admin\" \/>\n\t<meta name=\"twitter:label2\" content=\"Est. reading time\" \/>\n\t<meta name=\"twitter:data2\" content=\"2 minutes\" \/>\n<script type=\"application\/ld+json\" class=\"yoast-schema-graph\">{\"@context\":\"https:\\\/\\\/schema.org\",\"@graph\":[{\"@type\":\"Article\",\"@id\":\"https:\\\/\\\/saknews.net\\\/ku\\\/?p=1799#article\",\"isPartOf\":{\"@id\":\"https:\\\/\\\/saknews.net\\\/ku\\\/?p=1799\"},\"author\":{\"name\":\"admin\",\"@id\":\"https:\\\/\\\/saknews.net\\\/ku\\\/#\\\/schema\\\/person\\\/731575d40ab65c64ad0f6f0a15aa5924\"},\"headline\":\"\u015eAK l\u00eakol\u00eenek\u00ea li ser \u00e7andiniy\u00ea belav dike\",\"datePublished\":\"2024-11-27T10:05:47+00:00\",\"mainEntityOfPage\":{\"@id\":\"https:\\\/\\\/saknews.net\\\/ku\\\/?p=1799\"},\"wordCount\":320,\"publisher\":{\"@id\":\"https:\\\/\\\/saknews.net\\\/ku\\\/#organization\"},\"image\":{\"@id\":\"https:\\\/\\\/saknews.net\\\/ku\\\/?p=1799#primaryimage\"},\"thumbnailUrl\":\"https:\\\/\\\/i0.wp.com\\\/saknews.net\\\/ku\\\/wp-content\\\/uploads\\\/2024\\\/11\\\/duc.png?fit=1920%2C1080&ssl=1\",\"articleSection\":[\"L\u00eakol\u00een\"],\"inLanguage\":\"en-US\"},{\"@type\":\"WebPage\",\"@id\":\"https:\\\/\\\/saknews.net\\\/ku\\\/?p=1799\",\"url\":\"https:\\\/\\\/saknews.net\\\/ku\\\/?p=1799\",\"name\":\"\u015eAK l\u00eakol\u00eenek\u00ea li ser \u00e7andiniy\u00ea belav dike &#8226; \u015eAK\",\"isPartOf\":{\"@id\":\"https:\\\/\\\/saknews.net\\\/ku\\\/#website\"},\"primaryImageOfPage\":{\"@id\":\"https:\\\/\\\/saknews.net\\\/ku\\\/?p=1799#primaryimage\"},\"image\":{\"@id\":\"https:\\\/\\\/saknews.net\\\/ku\\\/?p=1799#primaryimage\"},\"thumbnailUrl\":\"https:\\\/\\\/i0.wp.com\\\/saknews.net\\\/ku\\\/wp-content\\\/uploads\\\/2024\\\/11\\\/duc.png?fit=1920%2C1080&ssl=1\",\"datePublished\":\"2024-11-27T10:05:47+00:00\",\"breadcrumb\":{\"@id\":\"https:\\\/\\\/saknews.net\\\/ku\\\/?p=1799#breadcrumb\"},\"inLanguage\":\"en-US\",\"potentialAction\":[{\"@type\":\"ReadAction\",\"target\":[\"https:\\\/\\\/saknews.net\\\/ku\\\/?p=1799\"]}]},{\"@type\":\"ImageObject\",\"inLanguage\":\"en-US\",\"@id\":\"https:\\\/\\\/saknews.net\\\/ku\\\/?p=1799#primaryimage\",\"url\":\"https:\\\/\\\/i0.wp.com\\\/saknews.net\\\/ku\\\/wp-content\\\/uploads\\\/2024\\\/11\\\/duc.png?fit=1920%2C1080&ssl=1\",\"contentUrl\":\"https:\\\/\\\/i0.wp.com\\\/saknews.net\\\/ku\\\/wp-content\\\/uploads\\\/2024\\\/11\\\/duc.png?fit=1920%2C1080&ssl=1\",\"width\":1920,\"height\":1080},{\"@type\":\"BreadcrumbList\",\"@id\":\"https:\\\/\\\/saknews.net\\\/ku\\\/?p=1799#breadcrumb\",\"itemListElement\":[{\"@type\":\"ListItem\",\"position\":1,\"name\":\"\u0627\u0644\u0631\u0626\u064a\u0633\u064a\u0629\",\"item\":\"https:\\\/\\\/saknews.net\\\/ku\\\/\"},{\"@type\":\"ListItem\",\"position\":2,\"name\":\"L\u00eakol\u00een\",\"item\":\"https:\\\/\\\/saknews.net\\\/ku\\\/?cat=56\"},{\"@type\":\"ListItem\",\"position\":3,\"name\":\"\u015eAK l\u00eakol\u00eenek\u00ea li ser \u00e7andiniy\u00ea belav dike\"}]},{\"@type\":\"WebSite\",\"@id\":\"https:\\\/\\\/saknews.net\\\/ku\\\/#website\",\"url\":\"https:\\\/\\\/saknews.net\\\/ku\\\/\",\"name\":\"S\u0327epe\u0302la Azadi\u0302 ya Kurdistani\u0302\",\"description\":\"\u062a\u064a\u0627\u0631 \u0627\u0644\u062d\u0631\u064a\u0629 \u0627\u0644\u0643\u0648\u0631\u062f\u0633\u062a\u0627\u0646\u064a \u015eep\u00eala Azad\u00ee ya Kurdistan\u00ee\",\"publisher\":{\"@id\":\"https:\\\/\\\/saknews.net\\\/ku\\\/#organization\"},\"potentialAction\":[{\"@type\":\"SearchAction\",\"target\":{\"@type\":\"EntryPoint\",\"urlTemplate\":\"https:\\\/\\\/saknews.net\\\/ku\\\/?s={search_term_string}\"},\"query-input\":{\"@type\":\"PropertyValueSpecification\",\"valueRequired\":true,\"valueName\":\"search_term_string\"}}],\"inLanguage\":\"en-US\"},{\"@type\":\"Organization\",\"@id\":\"https:\\\/\\\/saknews.net\\\/ku\\\/#organization\",\"name\":\"\u015eep\u00eala Azadiy\u00ea ya Kurdistan\u00ea - \u062a\u064a\u0627\u0631 \u0627\u0644\u062d\u0631\u064a\u0629 \u0627\u0644\u0643\u0648\u0631\u062f\u0633\u062a\u0627\u0646\u064a\",\"url\":\"https:\\\/\\\/saknews.net\\\/ku\\\/\",\"logo\":{\"@type\":\"ImageObject\",\"inLanguage\":\"en-US\",\"@id\":\"https:\\\/\\\/saknews.net\\\/ku\\\/#\\\/schema\\\/logo\\\/image\\\/\",\"url\":\"https:\\\/\\\/i0.wp.com\\\/saknews.net\\\/ku\\\/wp-content\\\/uploads\\\/2024\\\/11\\\/cropped-logo-1.png?fit=512%2C512&ssl=1\",\"contentUrl\":\"https:\\\/\\\/i0.wp.com\\\/saknews.net\\\/ku\\\/wp-content\\\/uploads\\\/2024\\\/11\\\/cropped-logo-1.png?fit=512%2C512&ssl=1\",\"width\":512,\"height\":512,\"caption\":\"\u015eep\u00eala Azadiy\u00ea ya Kurdistan\u00ea - \u062a\u064a\u0627\u0631 \u0627\u0644\u062d\u0631\u064a\u0629 \u0627\u0644\u0643\u0648\u0631\u062f\u0633\u062a\u0627\u0646\u064a\"},\"image\":{\"@id\":\"https:\\\/\\\/saknews.net\\\/ku\\\/#\\\/schema\\\/logo\\\/image\\\/\"},\"sameAs\":[\"https:\\\/\\\/www.facebook.com\\\/Shepel.ewropa\"]},{\"@type\":\"Person\",\"@id\":\"https:\\\/\\\/saknews.net\\\/ku\\\/#\\\/schema\\\/person\\\/731575d40ab65c64ad0f6f0a15aa5924\",\"name\":\"admin\",\"sameAs\":[\"http:\\\/\\\/sak.my-style.in\"],\"url\":\"https:\\\/\\\/saknews.net\\\/ku\\\/?author=1\"}]}<\/script>\n<!-- \/ Yoast SEO plugin. -->","yoast_head_json":{"title":"\u015eAK l\u00eakol\u00eenek\u00ea li ser \u00e7andiniy\u00ea belav dike &#8226; \u015eAK","robots":{"index":"index","follow":"follow","max-snippet":"max-snippet:-1","max-image-preview":"max-image-preview:large","max-video-preview":"max-video-preview:-1"},"canonical":"https:\/\/saknews.net\/ku\/?p=1799","og_locale":"en_US","og_type":"article","og_title":"\u015eAK l\u00eakol\u00eenek\u00ea li ser \u00e7andiniy\u00ea belav dike &#8226; \u015eAK","og_description":"\u015eAK-Navend: \u015eep\u00eala Azad\u00ee ya Kurdistan\u00ee l\u00eakol\u00eeneke berfireh bi ziman\u00ea ereb\u00ee bi nav\u00ea \u201eRew\u015fa \u00c7andin\u00ee \u00fb...","og_url":"https:\/\/saknews.net\/ku\/?p=1799","og_site_name":"\u015eAK","article_publisher":"https:\/\/www.facebook.com\/Shepel.ewropa","article_published_time":"2024-11-27T10:05:47+00:00","og_image":[{"width":1920,"height":1080,"url":"https:\/\/saknews.net\/ku\/wp-content\/uploads\/2024\/11\/duc.png","type":"image\/png"}],"author":"admin","twitter_card":"summary_large_image","twitter_misc":{"Written by":"admin","Est. reading time":"2 minutes"},"schema":{"@context":"https:\/\/schema.org","@graph":[{"@type":"Article","@id":"https:\/\/saknews.net\/ku\/?p=1799#article","isPartOf":{"@id":"https:\/\/saknews.net\/ku\/?p=1799"},"author":{"name":"admin","@id":"https:\/\/saknews.net\/ku\/#\/schema\/person\/731575d40ab65c64ad0f6f0a15aa5924"},"headline":"\u015eAK l\u00eakol\u00eenek\u00ea li ser \u00e7andiniy\u00ea belav dike","datePublished":"2024-11-27T10:05:47+00:00","mainEntityOfPage":{"@id":"https:\/\/saknews.net\/ku\/?p=1799"},"wordCount":320,"publisher":{"@id":"https:\/\/saknews.net\/ku\/#organization"},"image":{"@id":"https:\/\/saknews.net\/ku\/?p=1799#primaryimage"},"thumbnailUrl":"https:\/\/i0.wp.com\/saknews.net\/ku\/wp-content\/uploads\/2024\/11\/duc.png?fit=1920%2C1080&ssl=1","articleSection":["L\u00eakol\u00een"],"inLanguage":"en-US"},{"@type":"WebPage","@id":"https:\/\/saknews.net\/ku\/?p=1799","url":"https:\/\/saknews.net\/ku\/?p=1799","name":"\u015eAK l\u00eakol\u00eenek\u00ea li ser \u00e7andiniy\u00ea belav dike &#8226; \u015eAK","isPartOf":{"@id":"https:\/\/saknews.net\/ku\/#website"},"primaryImageOfPage":{"@id":"https:\/\/saknews.net\/ku\/?p=1799#primaryimage"},"image":{"@id":"https:\/\/saknews.net\/ku\/?p=1799#primaryimage"},"thumbnailUrl":"https:\/\/i0.wp.com\/saknews.net\/ku\/wp-content\/uploads\/2024\/11\/duc.png?fit=1920%2C1080&ssl=1","datePublished":"2024-11-27T10:05:47+00:00","breadcrumb":{"@id":"https:\/\/saknews.net\/ku\/?p=1799#breadcrumb"},"inLanguage":"en-US","potentialAction":[{"@type":"ReadAction","target":["https:\/\/saknews.net\/ku\/?p=1799"]}]},{"@type":"ImageObject","inLanguage":"en-US","@id":"https:\/\/saknews.net\/ku\/?p=1799#primaryimage","url":"https:\/\/i0.wp.com\/saknews.net\/ku\/wp-content\/uploads\/2024\/11\/duc.png?fit=1920%2C1080&ssl=1","contentUrl":"https:\/\/i0.wp.com\/saknews.net\/ku\/wp-content\/uploads\/2024\/11\/duc.png?fit=1920%2C1080&ssl=1","width":1920,"height":1080},{"@type":"BreadcrumbList","@id":"https:\/\/saknews.net\/ku\/?p=1799#breadcrumb","itemListElement":[{"@type":"ListItem","position":1,"name":"\u0627\u0644\u0631\u0626\u064a\u0633\u064a\u0629","item":"https:\/\/saknews.net\/ku\/"},{"@type":"ListItem","position":2,"name":"L\u00eakol\u00een","item":"https:\/\/saknews.net\/ku\/?cat=56"},{"@type":"ListItem","position":3,"name":"\u015eAK l\u00eakol\u00eenek\u00ea li ser \u00e7andiniy\u00ea belav dike"}]},{"@type":"WebSite","@id":"https:\/\/saknews.net\/ku\/#website","url":"https:\/\/saknews.net\/ku\/","name":"S\u0327epe\u0302la Azadi\u0302 ya Kurdistani\u0302","description":"\u062a\u064a\u0627\u0631 \u0627\u0644\u062d\u0631\u064a\u0629 \u0627\u0644\u0643\u0648\u0631\u062f\u0633\u062a\u0627\u0646\u064a \u015eep\u00eala Azad\u00ee ya Kurdistan\u00ee","publisher":{"@id":"https:\/\/saknews.net\/ku\/#organization"},"potentialAction":[{"@type":"SearchAction","target":{"@type":"EntryPoint","urlTemplate":"https:\/\/saknews.net\/ku\/?s={search_term_string}"},"query-input":{"@type":"PropertyValueSpecification","valueRequired":true,"valueName":"search_term_string"}}],"inLanguage":"en-US"},{"@type":"Organization","@id":"https:\/\/saknews.net\/ku\/#organization","name":"\u015eep\u00eala Azadiy\u00ea ya Kurdistan\u00ea - \u062a\u064a\u0627\u0631 \u0627\u0644\u062d\u0631\u064a\u0629 \u0627\u0644\u0643\u0648\u0631\u062f\u0633\u062a\u0627\u0646\u064a","url":"https:\/\/saknews.net\/ku\/","logo":{"@type":"ImageObject","inLanguage":"en-US","@id":"https:\/\/saknews.net\/ku\/#\/schema\/logo\/image\/","url":"https:\/\/i0.wp.com\/saknews.net\/ku\/wp-content\/uploads\/2024\/11\/cropped-logo-1.png?fit=512%2C512&ssl=1","contentUrl":"https:\/\/i0.wp.com\/saknews.net\/ku\/wp-content\/uploads\/2024\/11\/cropped-logo-1.png?fit=512%2C512&ssl=1","width":512,"height":512,"caption":"\u015eep\u00eala Azadiy\u00ea ya Kurdistan\u00ea - \u062a\u064a\u0627\u0631 \u0627\u0644\u062d\u0631\u064a\u0629 \u0627\u0644\u0643\u0648\u0631\u062f\u0633\u062a\u0627\u0646\u064a"},"image":{"@id":"https:\/\/saknews.net\/ku\/#\/schema\/logo\/image\/"},"sameAs":["https:\/\/www.facebook.com\/Shepel.ewropa"]},{"@type":"Person","@id":"https:\/\/saknews.net\/ku\/#\/schema\/person\/731575d40ab65c64ad0f6f0a15aa5924","name":"admin","sameAs":["http:\/\/sak.my-style.in"],"url":"https:\/\/saknews.net\/ku\/?author=1"}]}},"featured_image_urls":{"full":["https:\/\/i0.wp.com\/saknews.net\/ku\/wp-content\/uploads\/2024\/11\/duc.png?fit=1920%2C1080&ssl=1",1920,1080,false],"thumbnail":["https:\/\/i0.wp.com\/saknews.net\/ku\/wp-content\/uploads\/2024\/11\/duc.png?resize=150%2C150&ssl=1",150,150,true],"medium":["https:\/\/i0.wp.com\/saknews.net\/ku\/wp-content\/uploads\/2024\/11\/duc.png?fit=300%2C169&ssl=1",300,169,true],"medium_large":["https:\/\/i0.wp.com\/saknews.net\/ku\/wp-content\/uploads\/2024\/11\/duc.png?fit=640%2C360&ssl=1",640,360,true],"large":["https:\/\/i0.wp.com\/saknews.net\/ku\/wp-content\/uploads\/2024\/11\/duc.png?fit=640%2C360&ssl=1",640,360,true],"1536x1536":["https:\/\/i0.wp.com\/saknews.net\/ku\/wp-content\/uploads\/2024\/11\/duc.png?fit=1536%2C864&ssl=1",1536,864,true],"2048x2048":["https:\/\/i0.wp.com\/saknews.net\/ku\/wp-content\/uploads\/2024\/11\/duc.png?fit=1920%2C1080&ssl=1",1920,1080,true],"covernews-featured":["https:\/\/i0.wp.com\/saknews.net\/ku\/wp-content\/uploads\/2024\/11\/duc.png?fit=1024%2C576&ssl=1",1024,576,true],"covernews-medium":["https:\/\/i0.wp.com\/saknews.net\/ku\/wp-content\/uploads\/2024\/11\/duc.png?resize=540%2C340&ssl=1",540,340,true]},"author_info":{"display_name":"admin","author_link":"https:\/\/saknews.net\/ku\/?author=1"},"category_info":"<a href=\"https:\/\/saknews.net\/ku\/?cat=56\" rel=\"category\">L\u00eakol\u00een<\/a>","tag_info":"L\u00eakol\u00een","comment_count":"0","_links":{"self":[{"href":"https:\/\/saknews.net\/ku\/index.php?rest_route=\/wp\/v2\/posts\/1799","targetHints":{"allow":["GET"]}}],"collection":[{"href":"https:\/\/saknews.net\/ku\/index.php?rest_route=\/wp\/v2\/posts"}],"about":[{"href":"https:\/\/saknews.net\/ku\/index.php?rest_route=\/wp\/v2\/types\/post"}],"author":[{"embeddable":true,"href":"https:\/\/saknews.net\/ku\/index.php?rest_route=\/wp\/v2\/users\/1"}],"replies":[{"embeddable":true,"href":"https:\/\/saknews.net\/ku\/index.php?rest_route=%2Fwp%2Fv2%2Fcomments&post=1799"}],"version-history":[{"count":1,"href":"https:\/\/saknews.net\/ku\/index.php?rest_route=\/wp\/v2\/posts\/1799\/revisions"}],"predecessor-version":[{"id":1800,"href":"https:\/\/saknews.net\/ku\/index.php?rest_route=\/wp\/v2\/posts\/1799\/revisions\/1800"}],"wp:featuredmedia":[{"embeddable":true,"href":"https:\/\/saknews.net\/ku\/index.php?rest_route=\/wp\/v2\/media\/1375"}],"wp:attachment":[{"href":"https:\/\/saknews.net\/ku\/index.php?rest_route=%2Fwp%2Fv2%2Fmedia&parent=1799"}],"wp:term":[{"taxonomy":"category","embeddable":true,"href":"https:\/\/saknews.net\/ku\/index.php?rest_route=%2Fwp%2Fv2%2Fcategories&post=1799"},{"taxonomy":"post_tag","embeddable":true,"href":"https:\/\/saknews.net\/ku\/index.php?rest_route=%2Fwp%2Fv2%2Ftags&post=1799"}],"curies":[{"name":"wp","href":"https:\/\/api.w.org\/{rel}","templated":true}]}}