{"id":1814,"date":"2024-09-19T18:09:17","date_gmt":"2024-09-19T18:09:17","guid":{"rendered":"https:\/\/saknews.net\/ku\/?p=1814"},"modified":"2024-11-28T18:45:34","modified_gmt":"2024-11-28T18:45:34","slug":"car-parti-li-ser-rewsa-gunde-kaxre-helweste-distinin","status":"publish","type":"post","link":"https:\/\/saknews.net\/ku\/?p=1814","title":{"rendered":"\u00c7ar part\u00ee li ser rew\u015fa gund\u00ea Kaxr\u00ea helwest\u00ea dist\u00eenin"},"content":{"rendered":"<p>\u015eAK-Navend: \u00c7ar pariy\u00ean Kurdistana S\u00fbriy\u00ea di derbar\u00ea rew\u015fa gund\u00ea Kaxr\u00ea y\u00ea Nav\u00e7eya Mabata ya Her\u00eama Efr\u00een\u00ea de daxuyaniyek belav kirin \u00fb t\u00eade kiryar, binp\u00eakirin \u00fb tawan\u00ean \u00e7ekdaran \u015fermezar kirin \u00fb daxwaz kirin guva\u015f li ser tirkan b\u00eane kirin ku kiryar\u00ean \u00e7ekdaran rawest\u00eenin \u00fb \u00cet\u00eelaf, ENKS \u00fb PYD j\u00ee weke berpirs bi nav kirin. Deqea Daxuyaniy\u00ea:<\/p>\n<p>Em van b\u00fbyer\u00ean daw\u00ee y\u00ean li gund\u00ea Kaxir\u00ea y\u00ea Nav\u00e7eya Mabata li Her\u00eama Efr\u00een\u00ea bi \u00ea\u015f di\u015fop\u00eenin, ku gropeke \u00e7eteyan ya bi nav\u00ea L\u00eewa Sultan Sil\u00eaman \u015eah (naskir\u00ee bi em\u015fat) \u00fb ser bi Art\u00ea\u015fa Ni\u015ftiman\u00ee ya \u00cet\u00eelaf\u00ea ve ne, bac\u00ean her\u00ee giran li ser xelk\u00ea ferz kirine. Her wek deh\u00ean gund\u00ean din, li ser her dareke zeyt\u00fbn\u00ea 8 dolar ferz kirine, ku par \u00fb ber\u00ee w\u00ea j\u00ee ten\u00ea 1,5 dolar b\u00fb. Ev j\u00ee destdir\u00eajiyeke cih\u00ea neraz\u00eeb\u00fbn\u00ea ye ku \u00e7ekdar bi ser\u00ea xelk\u00ea dikin, ku wan ne\u00e7ar bikin bi zor\u00ea dest ji erd\u00ean xwe berdin \u00fb ko\u00e7ber bibin, bi v\u00ee away\u00ee dixwazin guhertina demograf\u00ee p\u00eak b\u00eenin, ku heya niha berdewam e.<\/p>\n<p>L\u00ea binp\u00eakirin\u00ean \u00e7ekdaran li ber sepandina bac\u00ea nesekiniya. \u00c7end xelk\u00ea gund\u00ea navb\u00fbr\u00ee y\u00ean raz\u00ee neb\u00fbn bac\u00ea bidin \u00fb dest ji wekaley\u00ean bir\u00eavebirina milk\u00ean mirov \u00fb nas\u00ean xwe bernedan, hatin girtin. Bi bihaney\u00ean cuda \u00e7ekdar destan dat\u00eenin ser mal \u00fb milk\u00ean kurdan, weke heftiya b\u00fbr\u00ee, ku biryar standin dest deynin ser mal\u00ean ko\u00e7beran, \u00e7i y\u00ean bi wekale an b\u00ea wekale. herwiha ji bo her maleke ko\u00e7berkiriyan div\u00ea 8 hezar dolar b\u00ea day\u00een heta ew dest nedynin ser mal\u00ea ti kes\u00ee. Em dizanin merema wan ew e ,ku b\u00eatir ereban li her\u00eam\u00ea, li ser hesab\u00ea kurdan, ni\u015ftecih bikin. Van guva\u015fan hi\u015ft ku welatiy\u00ea bi nav\u00ea \u015e\u00eaxo Ebdik Ebo t\u00fb\u015f\u00ee felcey\u00ea bibe \u00fb jiyana xwe ji dest bide, ku hatib\u00fb ne\u00e7arkirin yan dest ji mala xwe berde yan j\u00ee 8 hezar dolaran bide \u00e7ekdaran.<\/p>\n<p>Pi\u015ft re jin\u00ean gund\u00ee weke neraz\u00eeb\u00fbnek\u00ea li ser hal\u00ea ew t\u00ea de ne, derketin xwep\u00ea\u015fandan\u00ea, l\u00ea \u00e7ekdaran ew xwep\u00ea\u015fandan bi zor\u00ea ji hev bela kir \u00fb dest dir\u00eaj\u00ee li ser jinan kirin \u00fb dest \u00fb piy\u00ean wan j\u00ee \u015fikandin, hinek ji jinan bir\u00eendar ketin \u00fb hineke din j\u00ee ji hi\u015f ketin. Bi ser de j\u00ee \u00e7ekdaran interneta gund\u00ee j\u00ee bir\u00een, ku kes nikaribe e\u015fkere bike \u00e7i li w\u00ee gund\u00ee dibe \u00fb qedexeya derketina ji derve ragihandin. Bi v\u00ee away\u00ee gund bi temam\u00ee hate dorp\u00ea\u00e7kirin.<\/p>\n<p>Em, partiy\u00ean li ser v\u00ea daxuyaniy\u00ea \u00eemze kirine, girtin, e\u015fkencekirin, l\u00eadana xwep\u00ea\u015fanderan \u00fb guva\u015f\u00ean li ser xelk\u00ea t\u00eane kirin, \u015fermezar dikin. Herwiha em dib\u00eenin ku ev binp\u00eakirineke mezin e ji maf\u00ean mirovan re \u00fb wan hewl\u00ean gropa \u00e7ekdar j\u00ee \u015fermezar dikin , ku dixwazin bidin xuyakirin ku ti\u015ft\u00ea b\u00fbye encama nakokiyeke malbat\u00ee b\u00fb.<br \/>\nBinp\u00eakirin\u00ean mezin \u00ean bi ser\u00ea xelk\u00ea Efr\u00een\u00ea de t\u00eane kirin, weke tawanan t\u00eane binavkirin \u00fb nema t\u00ean qeb\u00fblkirin. Li v\u00ea der\u00ea em banga xwe digih\u00eenin tevahiya partiy\u00ean kurd, opopzisyona ereb \u00fb civaka navdewlet\u00ee ku li hember van binp\u00eakirinan bisekinin \u00fb bi erk\u00ean xwe y\u00ean d\u00eerok\u00ee rabin, herwiha div\u00ea ew al\u00ee guva\u015fan li ser hikumeta Tirkiy\u00ea bikin, ku kiryar \u00fb binp\u00eakirin\u00ean \u00e7ekdaran li Efr\u00een\u00ea rawest\u00eenin \u00fb dorp\u00ea\u00e7\u00ea ji ser gund\u00ea Kaxr\u00ea rakin \u00fb r\u00ea li ber veguhestina bir\u00eendaran ji bo nexwe\u015fxaneyan vekin. Herwiha div\u00ea \u00e7ekdar bi temam\u00ee ji dever\u00ea veki\u015fin \u00fb pirosey\u00ean erebkirin \u00fb guhertina demograf\u00ee b\u00eane sekinandin , \u00fb nasnameya netew\u00ee ya dever\u00ea j\u00ee b\u00ea parastin.<\/p>\n<p>Tirkiy\u00ea weke aliyeke desthilatdar li Efr\u00een\u00ea ,ji ber ti\u015ft\u00ean t\u00eane kirin ve, berpirs e, herwiha ew ji ber kiryar\u00ean \u00e7ekdaran ve j\u00ee berpirs e. \u00cet\u00eelaf j\u00ee ji aliy\u00ea exlaq\u00ee, siyas\u00ee \u00fb yasay\u00ee ve j\u00ee berpirs e ji ber ew \u00e7ekdar bi ser w\u00ea ve ne \u00fb \u00e7av\u00ean xwe li ser kiryar\u00ean \u00e7ekdaran digire. Herdem j\u00ee Enc\u00fbmena Ni\u015ftiman\u00ee ya Kurd li S\u00fbriy\u00ea (ENKS) j\u00ee berpirs e, ku hevpar\u00ea \u00cetilaf\u00ea ye \u00fb ji ber be\u015fek\u00ee mezin ji tawan\u00ean t\u00eane kirin berpirs e, ku heya niha di nava \u00cet\u00eelaf\u00ea de cih digire \u00fb r\u00fby\u00ea w\u00ea sp\u00ee dike. PYD j\u00ee berpirs e, ku sedem\u00ea sereke b\u00fb ji rew\u015fa niha ya Efr\u00een\u00ea, ku ji ber kiryar \u00fb siyaset\u00ean \u015fa\u015f, rew\u015fa Kurdistana S\u00fbriy\u00ea giha v\u00ee hal\u00ee \u00fb b\u00fb sedem tirk derbas\u00ee dever\u00ea bibin \u00fb kurd rast\u00ee w\u00earankirin\u00ea werin.<\/p>\n<p>Sax\u00ee ji bir\u00eendaran re<br \/>\nAzad\u00ee ji bo girtiy\u00ean siyas\u00ee di zindan\u00ean grop\u00ean \u00e7ekdar de<\/p>\n<p>Paritiy\u00ean \u00eemze kirine:<br \/>\nTevgera Kurdayetiy\u00ea<br \/>\nTevgera Avakirina Demokrat a Kurdistan\u00ea- S\u00fbriye<br \/>\nPartiya Demokrat a Kurd li S\u00fbriy\u00ea (El-Part\u00ee)<br \/>\n\u015eep\u00eala Azad\u00ee ya Kurdistan\u00ee<\/p>\n","protected":false},"excerpt":{"rendered":"<p>\u015eAK-Navend: \u00c7ar pariy\u00ean Kurdistana S\u00fbriy\u00ea di derbar\u00ea rew\u015fa gund\u00ea Kaxr\u00ea y\u00ea Nav\u00e7eya Mabata ya Her\u00eama&#8230;<\/p>\n","protected":false},"author":1,"featured_media":1804,"comment_status":"closed","ping_status":"closed","sticky":false,"template":"","format":"image","meta":{"footnotes":""},"categories":[34],"tags":[],"class_list":["post-1814","post","type-post","status-publish","format-image","has-post-thumbnail","hentry","category-daxuyani","post_format-post-format-image"],"yoast_head":"<!-- This site is optimized with the Yoast SEO plugin v27.5 - https:\/\/yoast.com\/product\/yoast-seo-wordpress\/ -->\n<title>\u00c7ar part\u00ee li ser rew\u015fa gund\u00ea Kaxr\u00ea helwest\u00ea dist\u00eenin &#8226; \u015eAK<\/title>\n<meta name=\"robots\" content=\"index, follow, max-snippet:-1, max-image-preview:large, max-video-preview:-1\" \/>\n<link rel=\"canonical\" href=\"https:\/\/saknews.net\/ku\/?p=1814\" \/>\n<meta property=\"og:locale\" content=\"en_US\" \/>\n<meta property=\"og:type\" content=\"article\" \/>\n<meta property=\"og:title\" content=\"\u00c7ar part\u00ee li ser rew\u015fa gund\u00ea Kaxr\u00ea helwest\u00ea dist\u00eenin &#8226; \u015eAK\" \/>\n<meta property=\"og:description\" content=\"\u015eAK-Navend: \u00c7ar pariy\u00ean Kurdistana S\u00fbriy\u00ea di derbar\u00ea rew\u015fa gund\u00ea Kaxr\u00ea y\u00ea Nav\u00e7eya Mabata ya Her\u00eama...\" \/>\n<meta property=\"og:url\" content=\"https:\/\/saknews.net\/ku\/?p=1814\" \/>\n<meta property=\"og:site_name\" content=\"\u015eAK\" \/>\n<meta property=\"article:publisher\" content=\"https:\/\/www.facebook.com\/Shepel.ewropa\" \/>\n<meta property=\"article:published_time\" content=\"2024-09-19T18:09:17+00:00\" \/>\n<meta property=\"article:modified_time\" content=\"2024-11-28T18:45:34+00:00\" \/>\n<meta property=\"og:image\" content=\"https:\/\/saknews.net\/ku\/wp-content\/uploads\/2024\/11\/044.png\" \/>\n\t<meta property=\"og:image:width\" content=\"1920\" \/>\n\t<meta property=\"og:image:height\" content=\"1080\" \/>\n\t<meta property=\"og:image:type\" content=\"image\/png\" \/>\n<meta name=\"author\" content=\"admin\" \/>\n<meta name=\"twitter:card\" content=\"summary_large_image\" \/>\n<meta name=\"twitter:label1\" content=\"Written by\" \/>\n\t<meta name=\"twitter:data1\" content=\"admin\" \/>\n\t<meta name=\"twitter:label2\" content=\"Est. reading time\" \/>\n\t<meta name=\"twitter:data2\" content=\"4 minutes\" \/>\n<script type=\"application\/ld+json\" class=\"yoast-schema-graph\">{\"@context\":\"https:\\\/\\\/schema.org\",\"@graph\":[{\"@type\":\"Article\",\"@id\":\"https:\\\/\\\/saknews.net\\\/ku\\\/?p=1814#article\",\"isPartOf\":{\"@id\":\"https:\\\/\\\/saknews.net\\\/ku\\\/?p=1814\"},\"author\":{\"name\":\"admin\",\"@id\":\"https:\\\/\\\/saknews.net\\\/ku\\\/#\\\/schema\\\/person\\\/731575d40ab65c64ad0f6f0a15aa5924\"},\"headline\":\"\u00c7ar part\u00ee li ser rew\u015fa gund\u00ea Kaxr\u00ea helwest\u00ea dist\u00eenin\",\"datePublished\":\"2024-09-19T18:09:17+00:00\",\"dateModified\":\"2024-11-28T18:45:34+00:00\",\"mainEntityOfPage\":{\"@id\":\"https:\\\/\\\/saknews.net\\\/ku\\\/?p=1814\"},\"wordCount\":817,\"publisher\":{\"@id\":\"https:\\\/\\\/saknews.net\\\/ku\\\/#organization\"},\"image\":{\"@id\":\"https:\\\/\\\/saknews.net\\\/ku\\\/?p=1814#primaryimage\"},\"thumbnailUrl\":\"https:\\\/\\\/i0.wp.com\\\/saknews.net\\\/ku\\\/wp-content\\\/uploads\\\/2024\\\/11\\\/044.png?fit=1920%2C1080&ssl=1\",\"articleSection\":[\"Daxuyan\u00ee\"],\"inLanguage\":\"en-US\"},{\"@type\":\"WebPage\",\"@id\":\"https:\\\/\\\/saknews.net\\\/ku\\\/?p=1814\",\"url\":\"https:\\\/\\\/saknews.net\\\/ku\\\/?p=1814\",\"name\":\"\u00c7ar part\u00ee li ser rew\u015fa gund\u00ea Kaxr\u00ea helwest\u00ea dist\u00eenin &#8226; \u015eAK\",\"isPartOf\":{\"@id\":\"https:\\\/\\\/saknews.net\\\/ku\\\/#website\"},\"primaryImageOfPage\":{\"@id\":\"https:\\\/\\\/saknews.net\\\/ku\\\/?p=1814#primaryimage\"},\"image\":{\"@id\":\"https:\\\/\\\/saknews.net\\\/ku\\\/?p=1814#primaryimage\"},\"thumbnailUrl\":\"https:\\\/\\\/i0.wp.com\\\/saknews.net\\\/ku\\\/wp-content\\\/uploads\\\/2024\\\/11\\\/044.png?fit=1920%2C1080&ssl=1\",\"datePublished\":\"2024-09-19T18:09:17+00:00\",\"dateModified\":\"2024-11-28T18:45:34+00:00\",\"breadcrumb\":{\"@id\":\"https:\\\/\\\/saknews.net\\\/ku\\\/?p=1814#breadcrumb\"},\"inLanguage\":\"en-US\",\"potentialAction\":[{\"@type\":\"ReadAction\",\"target\":[\"https:\\\/\\\/saknews.net\\\/ku\\\/?p=1814\"]}]},{\"@type\":\"ImageObject\",\"inLanguage\":\"en-US\",\"@id\":\"https:\\\/\\\/saknews.net\\\/ku\\\/?p=1814#primaryimage\",\"url\":\"https:\\\/\\\/i0.wp.com\\\/saknews.net\\\/ku\\\/wp-content\\\/uploads\\\/2024\\\/11\\\/044.png?fit=1920%2C1080&ssl=1\",\"contentUrl\":\"https:\\\/\\\/i0.wp.com\\\/saknews.net\\\/ku\\\/wp-content\\\/uploads\\\/2024\\\/11\\\/044.png?fit=1920%2C1080&ssl=1\",\"width\":1920,\"height\":1080},{\"@type\":\"BreadcrumbList\",\"@id\":\"https:\\\/\\\/saknews.net\\\/ku\\\/?p=1814#breadcrumb\",\"itemListElement\":[{\"@type\":\"ListItem\",\"position\":1,\"name\":\"\u0627\u0644\u0631\u0626\u064a\u0633\u064a\u0629\",\"item\":\"https:\\\/\\\/saknews.net\\\/ku\\\/\"},{\"@type\":\"ListItem\",\"position\":2,\"name\":\"N\u00fb\u00e7e\",\"item\":\"https:\\\/\\\/saknews.net\\\/ku\\\/?cat=49\"},{\"@type\":\"ListItem\",\"position\":3,\"name\":\"Daxuyan\u00ee\",\"item\":\"https:\\\/\\\/saknews.net\\\/ku\\\/?cat=34\"},{\"@type\":\"ListItem\",\"position\":4,\"name\":\"\u00c7ar part\u00ee li ser rew\u015fa gund\u00ea Kaxr\u00ea helwest\u00ea dist\u00eenin\"}]},{\"@type\":\"WebSite\",\"@id\":\"https:\\\/\\\/saknews.net\\\/ku\\\/#website\",\"url\":\"https:\\\/\\\/saknews.net\\\/ku\\\/\",\"name\":\"S\u0327epe\u0302la Azadi\u0302 ya Kurdistani\u0302\",\"description\":\"\u062a\u064a\u0627\u0631 \u0627\u0644\u062d\u0631\u064a\u0629 \u0627\u0644\u0643\u0648\u0631\u062f\u0633\u062a\u0627\u0646\u064a \u015eep\u00eala Azad\u00ee ya Kurdistan\u00ee\",\"publisher\":{\"@id\":\"https:\\\/\\\/saknews.net\\\/ku\\\/#organization\"},\"potentialAction\":[{\"@type\":\"SearchAction\",\"target\":{\"@type\":\"EntryPoint\",\"urlTemplate\":\"https:\\\/\\\/saknews.net\\\/ku\\\/?s={search_term_string}\"},\"query-input\":{\"@type\":\"PropertyValueSpecification\",\"valueRequired\":true,\"valueName\":\"search_term_string\"}}],\"inLanguage\":\"en-US\"},{\"@type\":\"Organization\",\"@id\":\"https:\\\/\\\/saknews.net\\\/ku\\\/#organization\",\"name\":\"\u015eep\u00eala Azadiy\u00ea ya Kurdistan\u00ea - \u062a\u064a\u0627\u0631 \u0627\u0644\u062d\u0631\u064a\u0629 \u0627\u0644\u0643\u0648\u0631\u062f\u0633\u062a\u0627\u0646\u064a\",\"url\":\"https:\\\/\\\/saknews.net\\\/ku\\\/\",\"logo\":{\"@type\":\"ImageObject\",\"inLanguage\":\"en-US\",\"@id\":\"https:\\\/\\\/saknews.net\\\/ku\\\/#\\\/schema\\\/logo\\\/image\\\/\",\"url\":\"https:\\\/\\\/i0.wp.com\\\/saknews.net\\\/ku\\\/wp-content\\\/uploads\\\/2024\\\/11\\\/cropped-logo-1.png?fit=512%2C512&ssl=1\",\"contentUrl\":\"https:\\\/\\\/i0.wp.com\\\/saknews.net\\\/ku\\\/wp-content\\\/uploads\\\/2024\\\/11\\\/cropped-logo-1.png?fit=512%2C512&ssl=1\",\"width\":512,\"height\":512,\"caption\":\"\u015eep\u00eala Azadiy\u00ea ya Kurdistan\u00ea - \u062a\u064a\u0627\u0631 \u0627\u0644\u062d\u0631\u064a\u0629 \u0627\u0644\u0643\u0648\u0631\u062f\u0633\u062a\u0627\u0646\u064a\"},\"image\":{\"@id\":\"https:\\\/\\\/saknews.net\\\/ku\\\/#\\\/schema\\\/logo\\\/image\\\/\"},\"sameAs\":[\"https:\\\/\\\/www.facebook.com\\\/Shepel.ewropa\"]},{\"@type\":\"Person\",\"@id\":\"https:\\\/\\\/saknews.net\\\/ku\\\/#\\\/schema\\\/person\\\/731575d40ab65c64ad0f6f0a15aa5924\",\"name\":\"admin\",\"sameAs\":[\"http:\\\/\\\/sak.my-style.in\"],\"url\":\"https:\\\/\\\/saknews.net\\\/ku\\\/?author=1\"}]}<\/script>\n<!-- \/ Yoast SEO plugin. -->","yoast_head_json":{"title":"\u00c7ar part\u00ee li ser rew\u015fa gund\u00ea Kaxr\u00ea helwest\u00ea dist\u00eenin &#8226; \u015eAK","robots":{"index":"index","follow":"follow","max-snippet":"max-snippet:-1","max-image-preview":"max-image-preview:large","max-video-preview":"max-video-preview:-1"},"canonical":"https:\/\/saknews.net\/ku\/?p=1814","og_locale":"en_US","og_type":"article","og_title":"\u00c7ar part\u00ee li ser rew\u015fa gund\u00ea Kaxr\u00ea helwest\u00ea dist\u00eenin &#8226; \u015eAK","og_description":"\u015eAK-Navend: \u00c7ar pariy\u00ean Kurdistana S\u00fbriy\u00ea di derbar\u00ea rew\u015fa gund\u00ea Kaxr\u00ea y\u00ea Nav\u00e7eya Mabata ya Her\u00eama...","og_url":"https:\/\/saknews.net\/ku\/?p=1814","og_site_name":"\u015eAK","article_publisher":"https:\/\/www.facebook.com\/Shepel.ewropa","article_published_time":"2024-09-19T18:09:17+00:00","article_modified_time":"2024-11-28T18:45:34+00:00","og_image":[{"width":1920,"height":1080,"url":"https:\/\/saknews.net\/ku\/wp-content\/uploads\/2024\/11\/044.png","type":"image\/png"}],"author":"admin","twitter_card":"summary_large_image","twitter_misc":{"Written by":"admin","Est. reading time":"4 minutes"},"schema":{"@context":"https:\/\/schema.org","@graph":[{"@type":"Article","@id":"https:\/\/saknews.net\/ku\/?p=1814#article","isPartOf":{"@id":"https:\/\/saknews.net\/ku\/?p=1814"},"author":{"name":"admin","@id":"https:\/\/saknews.net\/ku\/#\/schema\/person\/731575d40ab65c64ad0f6f0a15aa5924"},"headline":"\u00c7ar part\u00ee li ser rew\u015fa gund\u00ea Kaxr\u00ea helwest\u00ea dist\u00eenin","datePublished":"2024-09-19T18:09:17+00:00","dateModified":"2024-11-28T18:45:34+00:00","mainEntityOfPage":{"@id":"https:\/\/saknews.net\/ku\/?p=1814"},"wordCount":817,"publisher":{"@id":"https:\/\/saknews.net\/ku\/#organization"},"image":{"@id":"https:\/\/saknews.net\/ku\/?p=1814#primaryimage"},"thumbnailUrl":"https:\/\/i0.wp.com\/saknews.net\/ku\/wp-content\/uploads\/2024\/11\/044.png?fit=1920%2C1080&ssl=1","articleSection":["Daxuyan\u00ee"],"inLanguage":"en-US"},{"@type":"WebPage","@id":"https:\/\/saknews.net\/ku\/?p=1814","url":"https:\/\/saknews.net\/ku\/?p=1814","name":"\u00c7ar part\u00ee li ser rew\u015fa gund\u00ea Kaxr\u00ea helwest\u00ea dist\u00eenin &#8226; \u015eAK","isPartOf":{"@id":"https:\/\/saknews.net\/ku\/#website"},"primaryImageOfPage":{"@id":"https:\/\/saknews.net\/ku\/?p=1814#primaryimage"},"image":{"@id":"https:\/\/saknews.net\/ku\/?p=1814#primaryimage"},"thumbnailUrl":"https:\/\/i0.wp.com\/saknews.net\/ku\/wp-content\/uploads\/2024\/11\/044.png?fit=1920%2C1080&ssl=1","datePublished":"2024-09-19T18:09:17+00:00","dateModified":"2024-11-28T18:45:34+00:00","breadcrumb":{"@id":"https:\/\/saknews.net\/ku\/?p=1814#breadcrumb"},"inLanguage":"en-US","potentialAction":[{"@type":"ReadAction","target":["https:\/\/saknews.net\/ku\/?p=1814"]}]},{"@type":"ImageObject","inLanguage":"en-US","@id":"https:\/\/saknews.net\/ku\/?p=1814#primaryimage","url":"https:\/\/i0.wp.com\/saknews.net\/ku\/wp-content\/uploads\/2024\/11\/044.png?fit=1920%2C1080&ssl=1","contentUrl":"https:\/\/i0.wp.com\/saknews.net\/ku\/wp-content\/uploads\/2024\/11\/044.png?fit=1920%2C1080&ssl=1","width":1920,"height":1080},{"@type":"BreadcrumbList","@id":"https:\/\/saknews.net\/ku\/?p=1814#breadcrumb","itemListElement":[{"@type":"ListItem","position":1,"name":"\u0627\u0644\u0631\u0626\u064a\u0633\u064a\u0629","item":"https:\/\/saknews.net\/ku\/"},{"@type":"ListItem","position":2,"name":"N\u00fb\u00e7e","item":"https:\/\/saknews.net\/ku\/?cat=49"},{"@type":"ListItem","position":3,"name":"Daxuyan\u00ee","item":"https:\/\/saknews.net\/ku\/?cat=34"},{"@type":"ListItem","position":4,"name":"\u00c7ar part\u00ee li ser rew\u015fa gund\u00ea Kaxr\u00ea helwest\u00ea dist\u00eenin"}]},{"@type":"WebSite","@id":"https:\/\/saknews.net\/ku\/#website","url":"https:\/\/saknews.net\/ku\/","name":"S\u0327epe\u0302la Azadi\u0302 ya Kurdistani\u0302","description":"\u062a\u064a\u0627\u0631 \u0627\u0644\u062d\u0631\u064a\u0629 \u0627\u0644\u0643\u0648\u0631\u062f\u0633\u062a\u0627\u0646\u064a \u015eep\u00eala Azad\u00ee ya Kurdistan\u00ee","publisher":{"@id":"https:\/\/saknews.net\/ku\/#organization"},"potentialAction":[{"@type":"SearchAction","target":{"@type":"EntryPoint","urlTemplate":"https:\/\/saknews.net\/ku\/?s={search_term_string}"},"query-input":{"@type":"PropertyValueSpecification","valueRequired":true,"valueName":"search_term_string"}}],"inLanguage":"en-US"},{"@type":"Organization","@id":"https:\/\/saknews.net\/ku\/#organization","name":"\u015eep\u00eala Azadiy\u00ea ya Kurdistan\u00ea - \u062a\u064a\u0627\u0631 \u0627\u0644\u062d\u0631\u064a\u0629 \u0627\u0644\u0643\u0648\u0631\u062f\u0633\u062a\u0627\u0646\u064a","url":"https:\/\/saknews.net\/ku\/","logo":{"@type":"ImageObject","inLanguage":"en-US","@id":"https:\/\/saknews.net\/ku\/#\/schema\/logo\/image\/","url":"https:\/\/i0.wp.com\/saknews.net\/ku\/wp-content\/uploads\/2024\/11\/cropped-logo-1.png?fit=512%2C512&ssl=1","contentUrl":"https:\/\/i0.wp.com\/saknews.net\/ku\/wp-content\/uploads\/2024\/11\/cropped-logo-1.png?fit=512%2C512&ssl=1","width":512,"height":512,"caption":"\u015eep\u00eala Azadiy\u00ea ya Kurdistan\u00ea - \u062a\u064a\u0627\u0631 \u0627\u0644\u062d\u0631\u064a\u0629 \u0627\u0644\u0643\u0648\u0631\u062f\u0633\u062a\u0627\u0646\u064a"},"image":{"@id":"https:\/\/saknews.net\/ku\/#\/schema\/logo\/image\/"},"sameAs":["https:\/\/www.facebook.com\/Shepel.ewropa"]},{"@type":"Person","@id":"https:\/\/saknews.net\/ku\/#\/schema\/person\/731575d40ab65c64ad0f6f0a15aa5924","name":"admin","sameAs":["http:\/\/sak.my-style.in"],"url":"https:\/\/saknews.net\/ku\/?author=1"}]}},"featured_image_urls":{"full":["https:\/\/i0.wp.com\/saknews.net\/ku\/wp-content\/uploads\/2024\/11\/044.png?fit=1920%2C1080&ssl=1",1920,1080,false],"thumbnail":["https:\/\/i0.wp.com\/saknews.net\/ku\/wp-content\/uploads\/2024\/11\/044.png?resize=150%2C150&ssl=1",150,150,true],"medium":["https:\/\/i0.wp.com\/saknews.net\/ku\/wp-content\/uploads\/2024\/11\/044.png?fit=300%2C169&ssl=1",300,169,true],"medium_large":["https:\/\/i0.wp.com\/saknews.net\/ku\/wp-content\/uploads\/2024\/11\/044.png?fit=640%2C360&ssl=1",640,360,true],"large":["https:\/\/i0.wp.com\/saknews.net\/ku\/wp-content\/uploads\/2024\/11\/044.png?fit=640%2C360&ssl=1",640,360,true],"1536x1536":["https:\/\/i0.wp.com\/saknews.net\/ku\/wp-content\/uploads\/2024\/11\/044.png?fit=1536%2C864&ssl=1",1536,864,true],"2048x2048":["https:\/\/i0.wp.com\/saknews.net\/ku\/wp-content\/uploads\/2024\/11\/044.png?fit=1920%2C1080&ssl=1",1920,1080,true],"covernews-featured":["https:\/\/i0.wp.com\/saknews.net\/ku\/wp-content\/uploads\/2024\/11\/044.png?fit=1024%2C576&ssl=1",1024,576,true],"covernews-medium":["https:\/\/i0.wp.com\/saknews.net\/ku\/wp-content\/uploads\/2024\/11\/044.png?resize=540%2C340&ssl=1",540,340,true]},"author_info":{"display_name":"admin","author_link":"https:\/\/saknews.net\/ku\/?author=1"},"category_info":"<a href=\"https:\/\/saknews.net\/ku\/?cat=34\" rel=\"category\">Daxuyan\u00ee<\/a>","tag_info":"Daxuyan\u00ee","comment_count":"0","_links":{"self":[{"href":"https:\/\/saknews.net\/ku\/index.php?rest_route=\/wp\/v2\/posts\/1814","targetHints":{"allow":["GET"]}}],"collection":[{"href":"https:\/\/saknews.net\/ku\/index.php?rest_route=\/wp\/v2\/posts"}],"about":[{"href":"https:\/\/saknews.net\/ku\/index.php?rest_route=\/wp\/v2\/types\/post"}],"author":[{"embeddable":true,"href":"https:\/\/saknews.net\/ku\/index.php?rest_route=\/wp\/v2\/users\/1"}],"replies":[{"embeddable":true,"href":"https:\/\/saknews.net\/ku\/index.php?rest_route=%2Fwp%2Fv2%2Fcomments&post=1814"}],"version-history":[{"count":5,"href":"https:\/\/saknews.net\/ku\/index.php?rest_route=\/wp\/v2\/posts\/1814\/revisions"}],"predecessor-version":[{"id":1829,"href":"https:\/\/saknews.net\/ku\/index.php?rest_route=\/wp\/v2\/posts\/1814\/revisions\/1829"}],"wp:featuredmedia":[{"embeddable":true,"href":"https:\/\/saknews.net\/ku\/index.php?rest_route=\/wp\/v2\/media\/1804"}],"wp:attachment":[{"href":"https:\/\/saknews.net\/ku\/index.php?rest_route=%2Fwp%2Fv2%2Fmedia&parent=1814"}],"wp:term":[{"taxonomy":"category","embeddable":true,"href":"https:\/\/saknews.net\/ku\/index.php?rest_route=%2Fwp%2Fv2%2Fcategories&post=1814"},{"taxonomy":"post_tag","embeddable":true,"href":"https:\/\/saknews.net\/ku\/index.php?rest_route=%2Fwp%2Fv2%2Ftags&post=1814"}],"curies":[{"name":"wp","href":"https:\/\/api.w.org\/{rel}","templated":true}]}}