{"id":1821,"date":"2024-10-07T18:18:18","date_gmt":"2024-10-07T18:18:18","guid":{"rendered":"https:\/\/saknews.net\/ku\/?p=1821"},"modified":"2024-11-28T18:19:58","modified_gmt":"2024-11-28T18:19:58","slug":"sak-u-el-parti-li-dihoke-dicivin","status":"publish","type":"post","link":"https:\/\/saknews.net\/ku\/?p=1821","title":{"rendered":"\u015eAK \u00fb EL-Part\u00ee li Dihok\u00ea dicivin"},"content":{"rendered":"<p>\u015eAK-Navend: Civ\u00eeneke hevbe\u015f di navbera herdu partiy\u00ean \u015eepl\u00eaa Azad\u00ee ya Kurdistan\u00ee(\u015eAK) \u00fb Partiya Demokrat a Kurd li S\u00fbriy\u00ea(El-Part\u00ee) de roja 07.10.2024an de li Bajar\u00ea Dihok\u00ea li Her\u00eama Kurdistan\u00ea lidar ket. Di civ\u00een\u00ea de behsa p\u00ea\u015fhatey\u00ean daw\u00ee \u00fb rew\u015fa S\u00fbriy\u00ea bi gi\u015ft\u00ee \u00fb rew\u015fa Kurdistana S\u00fbriy\u00ea bi taybet\u00ee hate got\u00fbb\u00eaj kirin. Herwiha herdu aliyan li ser Belgenameya kurd a hevbe\u015f a her \u00e7ar partiyan, tekez kirin.<\/p>\n<p><strong>\u015eanda El-Part\u00ee ji van kesan p\u00eak hatib\u00fb:<\/strong><br \/>\n-Ebdo Hebe\u015f, Sekreter<br \/>\n-Mihemed Sed\u00eeq, endam\u00ea Kom\u00eeteya Navend\u00ee \u00fb berpirs\u00ea p\u00eawendiyan li Her\u00eama Kurdistan\u00ea<br \/>\n-Ebdilhel\u00eem Brah\u00eem, endam\u00ea Kom\u00eeta Navend\u00ee \u00fb berpirs\u00ea r\u00eaxistina Dihok\u00ea<br \/>\nSel\u00eem His\u00ean, endam\u00ea Kom\u00eeta \u015eax\u00ea \u00fb berpirs\u00ea r\u00eaxistina Dare\u015fekran<br \/>\nji aliy\u00ea \u015eep\u00eala azad\u00ee ve, \u015fand ji van kesan p\u00eak hatib\u00fb:<br \/>\n-Barzan \u00cesa, berpirs\u00ea p\u00eawendiy\u00ean Kurdistan\u00ee<br \/>\n-Om\u00ead Behrem, berpirs\u00ea enc\u00fbmena xwecih\u00ee ya 9\u00ea<\/p>\n","protected":false},"excerpt":{"rendered":"<p>\u015eAK-Navend: Civ\u00eeneke hevbe\u015f di navbera herdu partiy\u00ean \u015eepl\u00eaa Azad\u00ee ya Kurdistan\u00ee(\u015eAK) \u00fb Partiya Demokrat a&#8230;<\/p>\n","protected":false},"author":1,"featured_media":1300,"comment_status":"closed","ping_status":"closed","sticky":false,"template":"","format":"standard","meta":{"footnotes":""},"categories":[49],"tags":[],"class_list":["post-1821","post","type-post","status-publish","format-standard","has-post-thumbnail","hentry","category-nuce"],"yoast_head":"<!-- This site is optimized with the Yoast SEO plugin v27.5 - https:\/\/yoast.com\/product\/yoast-seo-wordpress\/ -->\n<title>\u015eAK \u00fb EL-Part\u00ee li Dihok\u00ea dicivin &#8226; \u015eAK<\/title>\n<meta name=\"robots\" content=\"index, follow, max-snippet:-1, max-image-preview:large, max-video-preview:-1\" \/>\n<link rel=\"canonical\" href=\"https:\/\/saknews.net\/ku\/?p=1821\" \/>\n<meta property=\"og:locale\" content=\"en_US\" \/>\n<meta property=\"og:type\" content=\"article\" \/>\n<meta property=\"og:title\" content=\"\u015eAK \u00fb EL-Part\u00ee li Dihok\u00ea dicivin &#8226; \u015eAK\" \/>\n<meta property=\"og:description\" content=\"\u015eAK-Navend: Civ\u00eeneke hevbe\u015f di navbera herdu partiy\u00ean \u015eepl\u00eaa Azad\u00ee ya Kurdistan\u00ee(\u015eAK) \u00fb Partiya Demokrat a...\" \/>\n<meta property=\"og:url\" content=\"https:\/\/saknews.net\/ku\/?p=1821\" \/>\n<meta property=\"og:site_name\" content=\"\u015eAK\" \/>\n<meta property=\"article:publisher\" content=\"https:\/\/www.facebook.com\/Shepel.ewropa\" \/>\n<meta property=\"article:published_time\" content=\"2024-10-07T18:18:18+00:00\" \/>\n<meta property=\"article:modified_time\" content=\"2024-11-28T18:19:58+00:00\" \/>\n<meta property=\"og:image\" content=\"https:\/\/saknews.net\/ku\/wp-content\/uploads\/2024\/11\/462230905_837609365192806_6407859601618177909_n.jpeg\" \/>\n\t<meta property=\"og:image:width\" content=\"1204\" \/>\n\t<meta property=\"og:image:height\" content=\"786\" \/>\n\t<meta property=\"og:image:type\" content=\"image\/jpeg\" \/>\n<meta name=\"author\" content=\"admin\" \/>\n<meta name=\"twitter:card\" content=\"summary_large_image\" \/>\n<meta name=\"twitter:label1\" content=\"Written by\" \/>\n\t<meta name=\"twitter:data1\" content=\"admin\" \/>\n\t<meta name=\"twitter:label2\" content=\"Est. reading time\" \/>\n\t<meta name=\"twitter:data2\" content=\"1 minute\" \/>\n<script type=\"application\/ld+json\" class=\"yoast-schema-graph\">{\"@context\":\"https:\\\/\\\/schema.org\",\"@graph\":[{\"@type\":\"Article\",\"@id\":\"https:\\\/\\\/saknews.net\\\/ku\\\/?p=1821#article\",\"isPartOf\":{\"@id\":\"https:\\\/\\\/saknews.net\\\/ku\\\/?p=1821\"},\"author\":{\"name\":\"admin\",\"@id\":\"https:\\\/\\\/saknews.net\\\/ku\\\/#\\\/schema\\\/person\\\/731575d40ab65c64ad0f6f0a15aa5924\"},\"headline\":\"\u015eAK \u00fb EL-Part\u00ee li Dihok\u00ea dicivin\",\"datePublished\":\"2024-10-07T18:18:18+00:00\",\"dateModified\":\"2024-11-28T18:19:58+00:00\",\"mainEntityOfPage\":{\"@id\":\"https:\\\/\\\/saknews.net\\\/ku\\\/?p=1821\"},\"wordCount\":162,\"publisher\":{\"@id\":\"https:\\\/\\\/saknews.net\\\/ku\\\/#organization\"},\"image\":{\"@id\":\"https:\\\/\\\/saknews.net\\\/ku\\\/?p=1821#primaryimage\"},\"thumbnailUrl\":\"https:\\\/\\\/i0.wp.com\\\/saknews.net\\\/ku\\\/wp-content\\\/uploads\\\/2024\\\/11\\\/462230905_837609365192806_6407859601618177909_n.jpeg?fit=1204%2C786&ssl=1\",\"articleSection\":[\"N\u00fb\u00e7e\"],\"inLanguage\":\"en-US\"},{\"@type\":\"WebPage\",\"@id\":\"https:\\\/\\\/saknews.net\\\/ku\\\/?p=1821\",\"url\":\"https:\\\/\\\/saknews.net\\\/ku\\\/?p=1821\",\"name\":\"\u015eAK \u00fb EL-Part\u00ee li Dihok\u00ea dicivin &#8226; \u015eAK\",\"isPartOf\":{\"@id\":\"https:\\\/\\\/saknews.net\\\/ku\\\/#website\"},\"primaryImageOfPage\":{\"@id\":\"https:\\\/\\\/saknews.net\\\/ku\\\/?p=1821#primaryimage\"},\"image\":{\"@id\":\"https:\\\/\\\/saknews.net\\\/ku\\\/?p=1821#primaryimage\"},\"thumbnailUrl\":\"https:\\\/\\\/i0.wp.com\\\/saknews.net\\\/ku\\\/wp-content\\\/uploads\\\/2024\\\/11\\\/462230905_837609365192806_6407859601618177909_n.jpeg?fit=1204%2C786&ssl=1\",\"datePublished\":\"2024-10-07T18:18:18+00:00\",\"dateModified\":\"2024-11-28T18:19:58+00:00\",\"breadcrumb\":{\"@id\":\"https:\\\/\\\/saknews.net\\\/ku\\\/?p=1821#breadcrumb\"},\"inLanguage\":\"en-US\",\"potentialAction\":[{\"@type\":\"ReadAction\",\"target\":[\"https:\\\/\\\/saknews.net\\\/ku\\\/?p=1821\"]}]},{\"@type\":\"ImageObject\",\"inLanguage\":\"en-US\",\"@id\":\"https:\\\/\\\/saknews.net\\\/ku\\\/?p=1821#primaryimage\",\"url\":\"https:\\\/\\\/i0.wp.com\\\/saknews.net\\\/ku\\\/wp-content\\\/uploads\\\/2024\\\/11\\\/462230905_837609365192806_6407859601618177909_n.jpeg?fit=1204%2C786&ssl=1\",\"contentUrl\":\"https:\\\/\\\/i0.wp.com\\\/saknews.net\\\/ku\\\/wp-content\\\/uploads\\\/2024\\\/11\\\/462230905_837609365192806_6407859601618177909_n.jpeg?fit=1204%2C786&ssl=1\",\"width\":1204,\"height\":786},{\"@type\":\"BreadcrumbList\",\"@id\":\"https:\\\/\\\/saknews.net\\\/ku\\\/?p=1821#breadcrumb\",\"itemListElement\":[{\"@type\":\"ListItem\",\"position\":1,\"name\":\"\u0627\u0644\u0631\u0626\u064a\u0633\u064a\u0629\",\"item\":\"https:\\\/\\\/saknews.net\\\/ku\\\/\"},{\"@type\":\"ListItem\",\"position\":2,\"name\":\"N\u00fb\u00e7e\",\"item\":\"https:\\\/\\\/saknews.net\\\/ku\\\/?cat=49\"},{\"@type\":\"ListItem\",\"position\":3,\"name\":\"\u015eAK \u00fb EL-Part\u00ee li Dihok\u00ea dicivin\"}]},{\"@type\":\"WebSite\",\"@id\":\"https:\\\/\\\/saknews.net\\\/ku\\\/#website\",\"url\":\"https:\\\/\\\/saknews.net\\\/ku\\\/\",\"name\":\"S\u0327epe\u0302la Azadi\u0302 ya Kurdistani\u0302\",\"description\":\"\u062a\u064a\u0627\u0631 \u0627\u0644\u062d\u0631\u064a\u0629 \u0627\u0644\u0643\u0648\u0631\u062f\u0633\u062a\u0627\u0646\u064a \u015eep\u00eala Azad\u00ee ya Kurdistan\u00ee\",\"publisher\":{\"@id\":\"https:\\\/\\\/saknews.net\\\/ku\\\/#organization\"},\"potentialAction\":[{\"@type\":\"SearchAction\",\"target\":{\"@type\":\"EntryPoint\",\"urlTemplate\":\"https:\\\/\\\/saknews.net\\\/ku\\\/?s={search_term_string}\"},\"query-input\":{\"@type\":\"PropertyValueSpecification\",\"valueRequired\":true,\"valueName\":\"search_term_string\"}}],\"inLanguage\":\"en-US\"},{\"@type\":\"Organization\",\"@id\":\"https:\\\/\\\/saknews.net\\\/ku\\\/#organization\",\"name\":\"\u015eep\u00eala Azadiy\u00ea ya Kurdistan\u00ea - \u062a\u064a\u0627\u0631 \u0627\u0644\u062d\u0631\u064a\u0629 \u0627\u0644\u0643\u0648\u0631\u062f\u0633\u062a\u0627\u0646\u064a\",\"url\":\"https:\\\/\\\/saknews.net\\\/ku\\\/\",\"logo\":{\"@type\":\"ImageObject\",\"inLanguage\":\"en-US\",\"@id\":\"https:\\\/\\\/saknews.net\\\/ku\\\/#\\\/schema\\\/logo\\\/image\\\/\",\"url\":\"https:\\\/\\\/i0.wp.com\\\/saknews.net\\\/ku\\\/wp-content\\\/uploads\\\/2024\\\/11\\\/cropped-logo-1.png?fit=512%2C512&ssl=1\",\"contentUrl\":\"https:\\\/\\\/i0.wp.com\\\/saknews.net\\\/ku\\\/wp-content\\\/uploads\\\/2024\\\/11\\\/cropped-logo-1.png?fit=512%2C512&ssl=1\",\"width\":512,\"height\":512,\"caption\":\"\u015eep\u00eala Azadiy\u00ea ya Kurdistan\u00ea - \u062a\u064a\u0627\u0631 \u0627\u0644\u062d\u0631\u064a\u0629 \u0627\u0644\u0643\u0648\u0631\u062f\u0633\u062a\u0627\u0646\u064a\"},\"image\":{\"@id\":\"https:\\\/\\\/saknews.net\\\/ku\\\/#\\\/schema\\\/logo\\\/image\\\/\"},\"sameAs\":[\"https:\\\/\\\/www.facebook.com\\\/Shepel.ewropa\"]},{\"@type\":\"Person\",\"@id\":\"https:\\\/\\\/saknews.net\\\/ku\\\/#\\\/schema\\\/person\\\/731575d40ab65c64ad0f6f0a15aa5924\",\"name\":\"admin\",\"sameAs\":[\"http:\\\/\\\/sak.my-style.in\"],\"url\":\"https:\\\/\\\/saknews.net\\\/ku\\\/?author=1\"}]}<\/script>\n<!-- \/ Yoast SEO plugin. -->","yoast_head_json":{"title":"\u015eAK \u00fb EL-Part\u00ee li Dihok\u00ea dicivin &#8226; \u015eAK","robots":{"index":"index","follow":"follow","max-snippet":"max-snippet:-1","max-image-preview":"max-image-preview:large","max-video-preview":"max-video-preview:-1"},"canonical":"https:\/\/saknews.net\/ku\/?p=1821","og_locale":"en_US","og_type":"article","og_title":"\u015eAK \u00fb EL-Part\u00ee li Dihok\u00ea dicivin &#8226; \u015eAK","og_description":"\u015eAK-Navend: Civ\u00eeneke hevbe\u015f di navbera herdu partiy\u00ean \u015eepl\u00eaa Azad\u00ee ya Kurdistan\u00ee(\u015eAK) \u00fb Partiya Demokrat a...","og_url":"https:\/\/saknews.net\/ku\/?p=1821","og_site_name":"\u015eAK","article_publisher":"https:\/\/www.facebook.com\/Shepel.ewropa","article_published_time":"2024-10-07T18:18:18+00:00","article_modified_time":"2024-11-28T18:19:58+00:00","og_image":[{"width":1204,"height":786,"url":"https:\/\/saknews.net\/ku\/wp-content\/uploads\/2024\/11\/462230905_837609365192806_6407859601618177909_n.jpeg","type":"image\/jpeg"}],"author":"admin","twitter_card":"summary_large_image","twitter_misc":{"Written by":"admin","Est. reading time":"1 minute"},"schema":{"@context":"https:\/\/schema.org","@graph":[{"@type":"Article","@id":"https:\/\/saknews.net\/ku\/?p=1821#article","isPartOf":{"@id":"https:\/\/saknews.net\/ku\/?p=1821"},"author":{"name":"admin","@id":"https:\/\/saknews.net\/ku\/#\/schema\/person\/731575d40ab65c64ad0f6f0a15aa5924"},"headline":"\u015eAK \u00fb EL-Part\u00ee li Dihok\u00ea dicivin","datePublished":"2024-10-07T18:18:18+00:00","dateModified":"2024-11-28T18:19:58+00:00","mainEntityOfPage":{"@id":"https:\/\/saknews.net\/ku\/?p=1821"},"wordCount":162,"publisher":{"@id":"https:\/\/saknews.net\/ku\/#organization"},"image":{"@id":"https:\/\/saknews.net\/ku\/?p=1821#primaryimage"},"thumbnailUrl":"https:\/\/i0.wp.com\/saknews.net\/ku\/wp-content\/uploads\/2024\/11\/462230905_837609365192806_6407859601618177909_n.jpeg?fit=1204%2C786&ssl=1","articleSection":["N\u00fb\u00e7e"],"inLanguage":"en-US"},{"@type":"WebPage","@id":"https:\/\/saknews.net\/ku\/?p=1821","url":"https:\/\/saknews.net\/ku\/?p=1821","name":"\u015eAK \u00fb EL-Part\u00ee li Dihok\u00ea dicivin &#8226; \u015eAK","isPartOf":{"@id":"https:\/\/saknews.net\/ku\/#website"},"primaryImageOfPage":{"@id":"https:\/\/saknews.net\/ku\/?p=1821#primaryimage"},"image":{"@id":"https:\/\/saknews.net\/ku\/?p=1821#primaryimage"},"thumbnailUrl":"https:\/\/i0.wp.com\/saknews.net\/ku\/wp-content\/uploads\/2024\/11\/462230905_837609365192806_6407859601618177909_n.jpeg?fit=1204%2C786&ssl=1","datePublished":"2024-10-07T18:18:18+00:00","dateModified":"2024-11-28T18:19:58+00:00","breadcrumb":{"@id":"https:\/\/saknews.net\/ku\/?p=1821#breadcrumb"},"inLanguage":"en-US","potentialAction":[{"@type":"ReadAction","target":["https:\/\/saknews.net\/ku\/?p=1821"]}]},{"@type":"ImageObject","inLanguage":"en-US","@id":"https:\/\/saknews.net\/ku\/?p=1821#primaryimage","url":"https:\/\/i0.wp.com\/saknews.net\/ku\/wp-content\/uploads\/2024\/11\/462230905_837609365192806_6407859601618177909_n.jpeg?fit=1204%2C786&ssl=1","contentUrl":"https:\/\/i0.wp.com\/saknews.net\/ku\/wp-content\/uploads\/2024\/11\/462230905_837609365192806_6407859601618177909_n.jpeg?fit=1204%2C786&ssl=1","width":1204,"height":786},{"@type":"BreadcrumbList","@id":"https:\/\/saknews.net\/ku\/?p=1821#breadcrumb","itemListElement":[{"@type":"ListItem","position":1,"name":"\u0627\u0644\u0631\u0626\u064a\u0633\u064a\u0629","item":"https:\/\/saknews.net\/ku\/"},{"@type":"ListItem","position":2,"name":"N\u00fb\u00e7e","item":"https:\/\/saknews.net\/ku\/?cat=49"},{"@type":"ListItem","position":3,"name":"\u015eAK \u00fb EL-Part\u00ee li Dihok\u00ea dicivin"}]},{"@type":"WebSite","@id":"https:\/\/saknews.net\/ku\/#website","url":"https:\/\/saknews.net\/ku\/","name":"S\u0327epe\u0302la Azadi\u0302 ya Kurdistani\u0302","description":"\u062a\u064a\u0627\u0631 \u0627\u0644\u062d\u0631\u064a\u0629 \u0627\u0644\u0643\u0648\u0631\u062f\u0633\u062a\u0627\u0646\u064a \u015eep\u00eala Azad\u00ee ya Kurdistan\u00ee","publisher":{"@id":"https:\/\/saknews.net\/ku\/#organization"},"potentialAction":[{"@type":"SearchAction","target":{"@type":"EntryPoint","urlTemplate":"https:\/\/saknews.net\/ku\/?s={search_term_string}"},"query-input":{"@type":"PropertyValueSpecification","valueRequired":true,"valueName":"search_term_string"}}],"inLanguage":"en-US"},{"@type":"Organization","@id":"https:\/\/saknews.net\/ku\/#organization","name":"\u015eep\u00eala Azadiy\u00ea ya Kurdistan\u00ea - \u062a\u064a\u0627\u0631 \u0627\u0644\u062d\u0631\u064a\u0629 \u0627\u0644\u0643\u0648\u0631\u062f\u0633\u062a\u0627\u0646\u064a","url":"https:\/\/saknews.net\/ku\/","logo":{"@type":"ImageObject","inLanguage":"en-US","@id":"https:\/\/saknews.net\/ku\/#\/schema\/logo\/image\/","url":"https:\/\/i0.wp.com\/saknews.net\/ku\/wp-content\/uploads\/2024\/11\/cropped-logo-1.png?fit=512%2C512&ssl=1","contentUrl":"https:\/\/i0.wp.com\/saknews.net\/ku\/wp-content\/uploads\/2024\/11\/cropped-logo-1.png?fit=512%2C512&ssl=1","width":512,"height":512,"caption":"\u015eep\u00eala Azadiy\u00ea ya Kurdistan\u00ea - \u062a\u064a\u0627\u0631 \u0627\u0644\u062d\u0631\u064a\u0629 \u0627\u0644\u0643\u0648\u0631\u062f\u0633\u062a\u0627\u0646\u064a"},"image":{"@id":"https:\/\/saknews.net\/ku\/#\/schema\/logo\/image\/"},"sameAs":["https:\/\/www.facebook.com\/Shepel.ewropa"]},{"@type":"Person","@id":"https:\/\/saknews.net\/ku\/#\/schema\/person\/731575d40ab65c64ad0f6f0a15aa5924","name":"admin","sameAs":["http:\/\/sak.my-style.in"],"url":"https:\/\/saknews.net\/ku\/?author=1"}]}},"featured_image_urls":{"full":["https:\/\/i0.wp.com\/saknews.net\/ku\/wp-content\/uploads\/2024\/11\/462230905_837609365192806_6407859601618177909_n.jpeg?fit=1204%2C786&ssl=1",1204,786,false],"thumbnail":["https:\/\/i0.wp.com\/saknews.net\/ku\/wp-content\/uploads\/2024\/11\/462230905_837609365192806_6407859601618177909_n.jpeg?resize=150%2C150&ssl=1",150,150,true],"medium":["https:\/\/i0.wp.com\/saknews.net\/ku\/wp-content\/uploads\/2024\/11\/462230905_837609365192806_6407859601618177909_n.jpeg?fit=300%2C196&ssl=1",300,196,true],"medium_large":["https:\/\/i0.wp.com\/saknews.net\/ku\/wp-content\/uploads\/2024\/11\/462230905_837609365192806_6407859601618177909_n.jpeg?fit=640%2C418&ssl=1",640,418,true],"large":["https:\/\/i0.wp.com\/saknews.net\/ku\/wp-content\/uploads\/2024\/11\/462230905_837609365192806_6407859601618177909_n.jpeg?fit=640%2C418&ssl=1",640,418,true],"1536x1536":["https:\/\/i0.wp.com\/saknews.net\/ku\/wp-content\/uploads\/2024\/11\/462230905_837609365192806_6407859601618177909_n.jpeg?fit=1204%2C786&ssl=1",1204,786,true],"2048x2048":["https:\/\/i0.wp.com\/saknews.net\/ku\/wp-content\/uploads\/2024\/11\/462230905_837609365192806_6407859601618177909_n.jpeg?fit=1204%2C786&ssl=1",1204,786,true],"covernews-featured":["https:\/\/i0.wp.com\/saknews.net\/ku\/wp-content\/uploads\/2024\/11\/462230905_837609365192806_6407859601618177909_n.jpeg?fit=1024%2C668&ssl=1",1024,668,true],"covernews-medium":["https:\/\/i0.wp.com\/saknews.net\/ku\/wp-content\/uploads\/2024\/11\/462230905_837609365192806_6407859601618177909_n.jpeg?resize=540%2C340&ssl=1",540,340,true]},"author_info":{"display_name":"admin","author_link":"https:\/\/saknews.net\/ku\/?author=1"},"category_info":"<a href=\"https:\/\/saknews.net\/ku\/?cat=49\" rel=\"category\">N\u00fb\u00e7e<\/a>","tag_info":"N\u00fb\u00e7e","comment_count":"0","_links":{"self":[{"href":"https:\/\/saknews.net\/ku\/index.php?rest_route=\/wp\/v2\/posts\/1821","targetHints":{"allow":["GET"]}}],"collection":[{"href":"https:\/\/saknews.net\/ku\/index.php?rest_route=\/wp\/v2\/posts"}],"about":[{"href":"https:\/\/saknews.net\/ku\/index.php?rest_route=\/wp\/v2\/types\/post"}],"author":[{"embeddable":true,"href":"https:\/\/saknews.net\/ku\/index.php?rest_route=\/wp\/v2\/users\/1"}],"replies":[{"embeddable":true,"href":"https:\/\/saknews.net\/ku\/index.php?rest_route=%2Fwp%2Fv2%2Fcomments&post=1821"}],"version-history":[{"count":1,"href":"https:\/\/saknews.net\/ku\/index.php?rest_route=\/wp\/v2\/posts\/1821\/revisions"}],"predecessor-version":[{"id":1822,"href":"https:\/\/saknews.net\/ku\/index.php?rest_route=\/wp\/v2\/posts\/1821\/revisions\/1822"}],"wp:featuredmedia":[{"embeddable":true,"href":"https:\/\/saknews.net\/ku\/index.php?rest_route=\/wp\/v2\/media\/1300"}],"wp:attachment":[{"href":"https:\/\/saknews.net\/ku\/index.php?rest_route=%2Fwp%2Fv2%2Fmedia&parent=1821"}],"wp:term":[{"taxonomy":"category","embeddable":true,"href":"https:\/\/saknews.net\/ku\/index.php?rest_route=%2Fwp%2Fv2%2Fcategories&post=1821"},{"taxonomy":"post_tag","embeddable":true,"href":"https:\/\/saknews.net\/ku\/index.php?rest_route=%2Fwp%2Fv2%2Ftags&post=1821"}],"curies":[{"name":"wp","href":"https:\/\/api.w.org\/{rel}","templated":true}]}}