{"id":1830,"date":"2024-09-20T18:49:46","date_gmt":"2024-09-20T18:49:46","guid":{"rendered":"https:\/\/saknews.net\/ku\/?p=1830"},"modified":"2024-11-28T22:11:42","modified_gmt":"2024-11-28T22:11:42","slug":"sanda-car-partiyan-li-londone-ye-2","status":"publish","type":"post","link":"https:\/\/saknews.net\/ku\/?p=1830","title":{"rendered":"\u015eanda \u00e7ar Partiyan li London\u00ea ye"},"content":{"rendered":"<p style=\"text-align: justify;\">\u015eAK-Navend: Di 19.09.2024an de \u015fandeke her\u00e7ar Partiy\u00ean bi hev re li ser belgenameya hevbe\u015f \u00eemze kirine, ber xwe da London\u00ea \u00fb bi wezareta derve ya Ber\u00eetanya re civiya, ku balyoza ber\u00eetanya ji bo S\u00fbriy\u00ea \u00fb berpirsa dosyeya Kurdistana S\u00fbriy\u00ea be\u015fdar b\u00fb.<\/p>\n<p style=\"text-align: justify;\">Di civ\u00een\u00ea de behsa mijar\u00ean gir\u00een\u00eag \u00ean derbar\u00ea p\u00ea\u015feroja S\u00fbriy\u00ea bi gi\u015ft\u00ee \u00fb Kurdistana S\u00fbriy\u00ea bi taybet\u00ee hatin got\u00fbb\u00eajkirin, herwiha mijara got\u00fbb\u00eaja kurd\u00ee-kurd\u00ee j\u00ee hate got\u00fbb\u00eajkirin \u00fb tekez\u00ee li ser jin\u00fbve desp\u00eakirina w\u00ea hate kirin ji aliy\u00ea \u015fand\u00ea ve bi awayek\u00ee berfirehtir bibe. \u015eand\u00ea xwest Ber\u00eetanya j\u00ee roleke w\u00ea ya gir\u00eeng di got\u00fbb\u00eaja kurd\u00ee-kurd\u00ee de.<\/p>\n<p style=\"text-align: justify;\">\u015eanda her\u00e7ar partiyan ji her yek ji Serok\u00ea \u015eep\u00eala Azad\u00ee, Siyamend Haco \u00fb Serok\u00ea Tevgera kurdayetiy\u00ea Hesen \u015e\u00eaxo p\u00eak dihat, behsa got\u00fbb\u00eaj\u00ean Cin\u00eaf\u00ea \u00fb pirsa dest\u00fbra S\u00fbriy\u00ea kir, \u00fb nerihetiya xwe an\u00een ziman ku ew got\u00fbb\u00eaj bi ser\u00ee neb\u00fbye, herwiha \u015fand\u00ea xwest Ber\u00eetanya roleke w\u00ea di pi\u015fgir\u00eekirina v\u00ea doyey\u00ea de j\u00ee hebe.<\/p>\n<p style=\"text-align: justify;\">\u015eanda navb\u00fbr\u00ee di civ\u00eena bi balyoza Ber\u00eetanya re behsa rew\u015fa Efr\u00een\u00ea ya dagirker kir, \u00fb li ser veki\u015f\u00eena h\u00eaz\u00ean Tirkiy\u00ea \u00fb \u00e7ekdar\u00ean bi ser ve kir, \u015fand\u00ea diyar kir ku gelek\u00ee gir\u00eeng e Ber\u00eetanya di derxistina wan \u00e7ekdaran ji Efr\u00een\u00ea rolek\u00ea bil\u00eez, ku xelk\u00ea dever\u00ea karibe bi xwe dever\u00ean xwe bir\u00eave bibe bi din siya parastineke navdewlet\u00ee de.<br \/>\nAliy\u00ea ber\u00eetan\u00ee j\u00ee ji v\u00ea hevd\u00eetin\u00ea k\u00eafxwe\u015f b\u00fbn \u00fb dilge\u015f b\u00fbn bi berdewamkirin civ\u00een\u00ean bi v\u00ee away\u00ee \u00fb pi\u015ftgiriya xwe j\u00ee diyar kirin.<\/p>\n","protected":false},"excerpt":{"rendered":"<p>\u015eAK-Navend: Di 19.09.2024an de \u015fandeke her\u00e7ar Partiy\u00ean bi hev re li ser belgenameya hevbe\u015f \u00eemze&#8230;<\/p>\n","protected":false},"author":1,"featured_media":1831,"comment_status":"closed","ping_status":"closed","sticky":false,"template":"","format":"standard","meta":{"footnotes":""},"categories":[34],"tags":[],"class_list":["post-1830","post","type-post","status-publish","format-standard","has-post-thumbnail","hentry","category-daxuyani"],"yoast_head":"<!-- This site is optimized with the Yoast SEO plugin v27.5 - https:\/\/yoast.com\/product\/yoast-seo-wordpress\/ -->\n<title>\u015eanda \u00e7ar Partiyan li London\u00ea ye &#8226; \u015eAK<\/title>\n<meta name=\"robots\" content=\"index, follow, max-snippet:-1, max-image-preview:large, max-video-preview:-1\" \/>\n<link rel=\"canonical\" href=\"https:\/\/saknews.net\/ku\/?p=1830\" \/>\n<meta property=\"og:locale\" content=\"en_US\" \/>\n<meta property=\"og:type\" content=\"article\" \/>\n<meta property=\"og:title\" content=\"\u015eanda \u00e7ar Partiyan li London\u00ea ye &#8226; \u015eAK\" \/>\n<meta property=\"og:description\" content=\"\u015eAK-Navend: Di 19.09.2024an de \u015fandeke her\u00e7ar Partiy\u00ean bi hev re li ser belgenameya hevbe\u015f \u00eemze...\" \/>\n<meta property=\"og:url\" content=\"https:\/\/saknews.net\/ku\/?p=1830\" \/>\n<meta property=\"og:site_name\" content=\"\u015eAK\" \/>\n<meta property=\"article:publisher\" content=\"https:\/\/www.facebook.com\/Shepel.ewropa\" \/>\n<meta property=\"article:published_time\" content=\"2024-09-20T18:49:46+00:00\" \/>\n<meta property=\"article:modified_time\" content=\"2024-11-28T22:11:42+00:00\" \/>\n<meta property=\"og:image\" content=\"https:\/\/saknews.net\/ku\/wp-content\/uploads\/2024\/11\/sand.png\" \/>\n\t<meta property=\"og:image:width\" content=\"1454\" \/>\n\t<meta property=\"og:image:height\" content=\"817\" \/>\n\t<meta property=\"og:image:type\" content=\"image\/png\" \/>\n<meta name=\"author\" content=\"admin\" \/>\n<meta name=\"twitter:card\" content=\"summary_large_image\" \/>\n<meta name=\"twitter:label1\" content=\"Written by\" \/>\n\t<meta name=\"twitter:data1\" content=\"admin\" \/>\n\t<meta name=\"twitter:label2\" content=\"Est. reading time\" \/>\n\t<meta name=\"twitter:data2\" content=\"2 minutes\" \/>\n<script type=\"application\/ld+json\" class=\"yoast-schema-graph\">{\"@context\":\"https:\\\/\\\/schema.org\",\"@graph\":[{\"@type\":\"Article\",\"@id\":\"https:\\\/\\\/saknews.net\\\/ku\\\/?p=1830#article\",\"isPartOf\":{\"@id\":\"https:\\\/\\\/saknews.net\\\/ku\\\/?p=1830\"},\"author\":{\"name\":\"admin\",\"@id\":\"https:\\\/\\\/saknews.net\\\/ku\\\/#\\\/schema\\\/person\\\/731575d40ab65c64ad0f6f0a15aa5924\"},\"headline\":\"\u015eanda \u00e7ar Partiyan li London\u00ea ye\",\"datePublished\":\"2024-09-20T18:49:46+00:00\",\"dateModified\":\"2024-11-28T22:11:42+00:00\",\"mainEntityOfPage\":{\"@id\":\"https:\\\/\\\/saknews.net\\\/ku\\\/?p=1830\"},\"wordCount\":292,\"publisher\":{\"@id\":\"https:\\\/\\\/saknews.net\\\/ku\\\/#organization\"},\"image\":{\"@id\":\"https:\\\/\\\/saknews.net\\\/ku\\\/?p=1830#primaryimage\"},\"thumbnailUrl\":\"https:\\\/\\\/i0.wp.com\\\/saknews.net\\\/ku\\\/wp-content\\\/uploads\\\/2024\\\/11\\\/sand.png?fit=1454%2C817&ssl=1\",\"articleSection\":[\"Daxuyan\u00ee\"],\"inLanguage\":\"en-US\"},{\"@type\":\"WebPage\",\"@id\":\"https:\\\/\\\/saknews.net\\\/ku\\\/?p=1830\",\"url\":\"https:\\\/\\\/saknews.net\\\/ku\\\/?p=1830\",\"name\":\"\u015eanda \u00e7ar Partiyan li London\u00ea ye &#8226; \u015eAK\",\"isPartOf\":{\"@id\":\"https:\\\/\\\/saknews.net\\\/ku\\\/#website\"},\"primaryImageOfPage\":{\"@id\":\"https:\\\/\\\/saknews.net\\\/ku\\\/?p=1830#primaryimage\"},\"image\":{\"@id\":\"https:\\\/\\\/saknews.net\\\/ku\\\/?p=1830#primaryimage\"},\"thumbnailUrl\":\"https:\\\/\\\/i0.wp.com\\\/saknews.net\\\/ku\\\/wp-content\\\/uploads\\\/2024\\\/11\\\/sand.png?fit=1454%2C817&ssl=1\",\"datePublished\":\"2024-09-20T18:49:46+00:00\",\"dateModified\":\"2024-11-28T22:11:42+00:00\",\"breadcrumb\":{\"@id\":\"https:\\\/\\\/saknews.net\\\/ku\\\/?p=1830#breadcrumb\"},\"inLanguage\":\"en-US\",\"potentialAction\":[{\"@type\":\"ReadAction\",\"target\":[\"https:\\\/\\\/saknews.net\\\/ku\\\/?p=1830\"]}]},{\"@type\":\"ImageObject\",\"inLanguage\":\"en-US\",\"@id\":\"https:\\\/\\\/saknews.net\\\/ku\\\/?p=1830#primaryimage\",\"url\":\"https:\\\/\\\/i0.wp.com\\\/saknews.net\\\/ku\\\/wp-content\\\/uploads\\\/2024\\\/11\\\/sand.png?fit=1454%2C817&ssl=1\",\"contentUrl\":\"https:\\\/\\\/i0.wp.com\\\/saknews.net\\\/ku\\\/wp-content\\\/uploads\\\/2024\\\/11\\\/sand.png?fit=1454%2C817&ssl=1\",\"width\":1454,\"height\":817},{\"@type\":\"BreadcrumbList\",\"@id\":\"https:\\\/\\\/saknews.net\\\/ku\\\/?p=1830#breadcrumb\",\"itemListElement\":[{\"@type\":\"ListItem\",\"position\":1,\"name\":\"\u0627\u0644\u0631\u0626\u064a\u0633\u064a\u0629\",\"item\":\"https:\\\/\\\/saknews.net\\\/ku\\\/\"},{\"@type\":\"ListItem\",\"position\":2,\"name\":\"N\u00fb\u00e7e\",\"item\":\"https:\\\/\\\/saknews.net\\\/ku\\\/?cat=49\"},{\"@type\":\"ListItem\",\"position\":3,\"name\":\"Daxuyan\u00ee\",\"item\":\"https:\\\/\\\/saknews.net\\\/ku\\\/?cat=34\"},{\"@type\":\"ListItem\",\"position\":4,\"name\":\"\u015eanda \u00e7ar Partiyan li London\u00ea ye\"}]},{\"@type\":\"WebSite\",\"@id\":\"https:\\\/\\\/saknews.net\\\/ku\\\/#website\",\"url\":\"https:\\\/\\\/saknews.net\\\/ku\\\/\",\"name\":\"S\u0327epe\u0302la Azadi\u0302 ya Kurdistani\u0302\",\"description\":\"\u062a\u064a\u0627\u0631 \u0627\u0644\u062d\u0631\u064a\u0629 \u0627\u0644\u0643\u0648\u0631\u062f\u0633\u062a\u0627\u0646\u064a \u015eep\u00eala Azad\u00ee ya Kurdistan\u00ee\",\"publisher\":{\"@id\":\"https:\\\/\\\/saknews.net\\\/ku\\\/#organization\"},\"potentialAction\":[{\"@type\":\"SearchAction\",\"target\":{\"@type\":\"EntryPoint\",\"urlTemplate\":\"https:\\\/\\\/saknews.net\\\/ku\\\/?s={search_term_string}\"},\"query-input\":{\"@type\":\"PropertyValueSpecification\",\"valueRequired\":true,\"valueName\":\"search_term_string\"}}],\"inLanguage\":\"en-US\"},{\"@type\":\"Organization\",\"@id\":\"https:\\\/\\\/saknews.net\\\/ku\\\/#organization\",\"name\":\"\u015eep\u00eala Azadiy\u00ea ya Kurdistan\u00ea - \u062a\u064a\u0627\u0631 \u0627\u0644\u062d\u0631\u064a\u0629 \u0627\u0644\u0643\u0648\u0631\u062f\u0633\u062a\u0627\u0646\u064a\",\"url\":\"https:\\\/\\\/saknews.net\\\/ku\\\/\",\"logo\":{\"@type\":\"ImageObject\",\"inLanguage\":\"en-US\",\"@id\":\"https:\\\/\\\/saknews.net\\\/ku\\\/#\\\/schema\\\/logo\\\/image\\\/\",\"url\":\"https:\\\/\\\/i0.wp.com\\\/saknews.net\\\/ku\\\/wp-content\\\/uploads\\\/2024\\\/11\\\/cropped-logo-1.png?fit=512%2C512&ssl=1\",\"contentUrl\":\"https:\\\/\\\/i0.wp.com\\\/saknews.net\\\/ku\\\/wp-content\\\/uploads\\\/2024\\\/11\\\/cropped-logo-1.png?fit=512%2C512&ssl=1\",\"width\":512,\"height\":512,\"caption\":\"\u015eep\u00eala Azadiy\u00ea ya Kurdistan\u00ea - \u062a\u064a\u0627\u0631 \u0627\u0644\u062d\u0631\u064a\u0629 \u0627\u0644\u0643\u0648\u0631\u062f\u0633\u062a\u0627\u0646\u064a\"},\"image\":{\"@id\":\"https:\\\/\\\/saknews.net\\\/ku\\\/#\\\/schema\\\/logo\\\/image\\\/\"},\"sameAs\":[\"https:\\\/\\\/www.facebook.com\\\/Shepel.ewropa\"]},{\"@type\":\"Person\",\"@id\":\"https:\\\/\\\/saknews.net\\\/ku\\\/#\\\/schema\\\/person\\\/731575d40ab65c64ad0f6f0a15aa5924\",\"name\":\"admin\",\"sameAs\":[\"http:\\\/\\\/sak.my-style.in\"],\"url\":\"https:\\\/\\\/saknews.net\\\/ku\\\/?author=1\"}]}<\/script>\n<!-- \/ Yoast SEO plugin. -->","yoast_head_json":{"title":"\u015eanda \u00e7ar Partiyan li London\u00ea ye &#8226; \u015eAK","robots":{"index":"index","follow":"follow","max-snippet":"max-snippet:-1","max-image-preview":"max-image-preview:large","max-video-preview":"max-video-preview:-1"},"canonical":"https:\/\/saknews.net\/ku\/?p=1830","og_locale":"en_US","og_type":"article","og_title":"\u015eanda \u00e7ar Partiyan li London\u00ea ye &#8226; \u015eAK","og_description":"\u015eAK-Navend: Di 19.09.2024an de \u015fandeke her\u00e7ar Partiy\u00ean bi hev re li ser belgenameya hevbe\u015f \u00eemze...","og_url":"https:\/\/saknews.net\/ku\/?p=1830","og_site_name":"\u015eAK","article_publisher":"https:\/\/www.facebook.com\/Shepel.ewropa","article_published_time":"2024-09-20T18:49:46+00:00","article_modified_time":"2024-11-28T22:11:42+00:00","og_image":[{"width":1454,"height":817,"url":"https:\/\/saknews.net\/ku\/wp-content\/uploads\/2024\/11\/sand.png","type":"image\/png"}],"author":"admin","twitter_card":"summary_large_image","twitter_misc":{"Written by":"admin","Est. reading time":"2 minutes"},"schema":{"@context":"https:\/\/schema.org","@graph":[{"@type":"Article","@id":"https:\/\/saknews.net\/ku\/?p=1830#article","isPartOf":{"@id":"https:\/\/saknews.net\/ku\/?p=1830"},"author":{"name":"admin","@id":"https:\/\/saknews.net\/ku\/#\/schema\/person\/731575d40ab65c64ad0f6f0a15aa5924"},"headline":"\u015eanda \u00e7ar Partiyan li London\u00ea ye","datePublished":"2024-09-20T18:49:46+00:00","dateModified":"2024-11-28T22:11:42+00:00","mainEntityOfPage":{"@id":"https:\/\/saknews.net\/ku\/?p=1830"},"wordCount":292,"publisher":{"@id":"https:\/\/saknews.net\/ku\/#organization"},"image":{"@id":"https:\/\/saknews.net\/ku\/?p=1830#primaryimage"},"thumbnailUrl":"https:\/\/i0.wp.com\/saknews.net\/ku\/wp-content\/uploads\/2024\/11\/sand.png?fit=1454%2C817&ssl=1","articleSection":["Daxuyan\u00ee"],"inLanguage":"en-US"},{"@type":"WebPage","@id":"https:\/\/saknews.net\/ku\/?p=1830","url":"https:\/\/saknews.net\/ku\/?p=1830","name":"\u015eanda \u00e7ar Partiyan li London\u00ea ye &#8226; \u015eAK","isPartOf":{"@id":"https:\/\/saknews.net\/ku\/#website"},"primaryImageOfPage":{"@id":"https:\/\/saknews.net\/ku\/?p=1830#primaryimage"},"image":{"@id":"https:\/\/saknews.net\/ku\/?p=1830#primaryimage"},"thumbnailUrl":"https:\/\/i0.wp.com\/saknews.net\/ku\/wp-content\/uploads\/2024\/11\/sand.png?fit=1454%2C817&ssl=1","datePublished":"2024-09-20T18:49:46+00:00","dateModified":"2024-11-28T22:11:42+00:00","breadcrumb":{"@id":"https:\/\/saknews.net\/ku\/?p=1830#breadcrumb"},"inLanguage":"en-US","potentialAction":[{"@type":"ReadAction","target":["https:\/\/saknews.net\/ku\/?p=1830"]}]},{"@type":"ImageObject","inLanguage":"en-US","@id":"https:\/\/saknews.net\/ku\/?p=1830#primaryimage","url":"https:\/\/i0.wp.com\/saknews.net\/ku\/wp-content\/uploads\/2024\/11\/sand.png?fit=1454%2C817&ssl=1","contentUrl":"https:\/\/i0.wp.com\/saknews.net\/ku\/wp-content\/uploads\/2024\/11\/sand.png?fit=1454%2C817&ssl=1","width":1454,"height":817},{"@type":"BreadcrumbList","@id":"https:\/\/saknews.net\/ku\/?p=1830#breadcrumb","itemListElement":[{"@type":"ListItem","position":1,"name":"\u0627\u0644\u0631\u0626\u064a\u0633\u064a\u0629","item":"https:\/\/saknews.net\/ku\/"},{"@type":"ListItem","position":2,"name":"N\u00fb\u00e7e","item":"https:\/\/saknews.net\/ku\/?cat=49"},{"@type":"ListItem","position":3,"name":"Daxuyan\u00ee","item":"https:\/\/saknews.net\/ku\/?cat=34"},{"@type":"ListItem","position":4,"name":"\u015eanda \u00e7ar Partiyan li London\u00ea ye"}]},{"@type":"WebSite","@id":"https:\/\/saknews.net\/ku\/#website","url":"https:\/\/saknews.net\/ku\/","name":"S\u0327epe\u0302la Azadi\u0302 ya Kurdistani\u0302","description":"\u062a\u064a\u0627\u0631 \u0627\u0644\u062d\u0631\u064a\u0629 \u0627\u0644\u0643\u0648\u0631\u062f\u0633\u062a\u0627\u0646\u064a \u015eep\u00eala Azad\u00ee ya Kurdistan\u00ee","publisher":{"@id":"https:\/\/saknews.net\/ku\/#organization"},"potentialAction":[{"@type":"SearchAction","target":{"@type":"EntryPoint","urlTemplate":"https:\/\/saknews.net\/ku\/?s={search_term_string}"},"query-input":{"@type":"PropertyValueSpecification","valueRequired":true,"valueName":"search_term_string"}}],"inLanguage":"en-US"},{"@type":"Organization","@id":"https:\/\/saknews.net\/ku\/#organization","name":"\u015eep\u00eala Azadiy\u00ea ya Kurdistan\u00ea - \u062a\u064a\u0627\u0631 \u0627\u0644\u062d\u0631\u064a\u0629 \u0627\u0644\u0643\u0648\u0631\u062f\u0633\u062a\u0627\u0646\u064a","url":"https:\/\/saknews.net\/ku\/","logo":{"@type":"ImageObject","inLanguage":"en-US","@id":"https:\/\/saknews.net\/ku\/#\/schema\/logo\/image\/","url":"https:\/\/i0.wp.com\/saknews.net\/ku\/wp-content\/uploads\/2024\/11\/cropped-logo-1.png?fit=512%2C512&ssl=1","contentUrl":"https:\/\/i0.wp.com\/saknews.net\/ku\/wp-content\/uploads\/2024\/11\/cropped-logo-1.png?fit=512%2C512&ssl=1","width":512,"height":512,"caption":"\u015eep\u00eala Azadiy\u00ea ya Kurdistan\u00ea - \u062a\u064a\u0627\u0631 \u0627\u0644\u062d\u0631\u064a\u0629 \u0627\u0644\u0643\u0648\u0631\u062f\u0633\u062a\u0627\u0646\u064a"},"image":{"@id":"https:\/\/saknews.net\/ku\/#\/schema\/logo\/image\/"},"sameAs":["https:\/\/www.facebook.com\/Shepel.ewropa"]},{"@type":"Person","@id":"https:\/\/saknews.net\/ku\/#\/schema\/person\/731575d40ab65c64ad0f6f0a15aa5924","name":"admin","sameAs":["http:\/\/sak.my-style.in"],"url":"https:\/\/saknews.net\/ku\/?author=1"}]}},"featured_image_urls":{"full":["https:\/\/i0.wp.com\/saknews.net\/ku\/wp-content\/uploads\/2024\/11\/sand.png?fit=1454%2C817&ssl=1",1454,817,false],"thumbnail":["https:\/\/i0.wp.com\/saknews.net\/ku\/wp-content\/uploads\/2024\/11\/sand.png?resize=150%2C150&ssl=1",150,150,true],"medium":["https:\/\/i0.wp.com\/saknews.net\/ku\/wp-content\/uploads\/2024\/11\/sand.png?fit=300%2C169&ssl=1",300,169,true],"medium_large":["https:\/\/i0.wp.com\/saknews.net\/ku\/wp-content\/uploads\/2024\/11\/sand.png?fit=640%2C360&ssl=1",640,360,true],"large":["https:\/\/i0.wp.com\/saknews.net\/ku\/wp-content\/uploads\/2024\/11\/sand.png?fit=640%2C359&ssl=1",640,359,true],"1536x1536":["https:\/\/i0.wp.com\/saknews.net\/ku\/wp-content\/uploads\/2024\/11\/sand.png?fit=1454%2C817&ssl=1",1454,817,true],"2048x2048":["https:\/\/i0.wp.com\/saknews.net\/ku\/wp-content\/uploads\/2024\/11\/sand.png?fit=1454%2C817&ssl=1",1454,817,true],"covernews-featured":["https:\/\/i0.wp.com\/saknews.net\/ku\/wp-content\/uploads\/2024\/11\/sand.png?fit=1024%2C575&ssl=1",1024,575,true],"covernews-medium":["https:\/\/i0.wp.com\/saknews.net\/ku\/wp-content\/uploads\/2024\/11\/sand.png?resize=540%2C340&ssl=1",540,340,true]},"author_info":{"display_name":"admin","author_link":"https:\/\/saknews.net\/ku\/?author=1"},"category_info":"<a href=\"https:\/\/saknews.net\/ku\/?cat=34\" rel=\"category\">Daxuyan\u00ee<\/a>","tag_info":"Daxuyan\u00ee","comment_count":"0","_links":{"self":[{"href":"https:\/\/saknews.net\/ku\/index.php?rest_route=\/wp\/v2\/posts\/1830","targetHints":{"allow":["GET"]}}],"collection":[{"href":"https:\/\/saknews.net\/ku\/index.php?rest_route=\/wp\/v2\/posts"}],"about":[{"href":"https:\/\/saknews.net\/ku\/index.php?rest_route=\/wp\/v2\/types\/post"}],"author":[{"embeddable":true,"href":"https:\/\/saknews.net\/ku\/index.php?rest_route=\/wp\/v2\/users\/1"}],"replies":[{"embeddable":true,"href":"https:\/\/saknews.net\/ku\/index.php?rest_route=%2Fwp%2Fv2%2Fcomments&post=1830"}],"version-history":[{"count":2,"href":"https:\/\/saknews.net\/ku\/index.php?rest_route=\/wp\/v2\/posts\/1830\/revisions"}],"predecessor-version":[{"id":1852,"href":"https:\/\/saknews.net\/ku\/index.php?rest_route=\/wp\/v2\/posts\/1830\/revisions\/1852"}],"wp:featuredmedia":[{"embeddable":true,"href":"https:\/\/saknews.net\/ku\/index.php?rest_route=\/wp\/v2\/media\/1831"}],"wp:attachment":[{"href":"https:\/\/saknews.net\/ku\/index.php?rest_route=%2Fwp%2Fv2%2Fmedia&parent=1830"}],"wp:term":[{"taxonomy":"category","embeddable":true,"href":"https:\/\/saknews.net\/ku\/index.php?rest_route=%2Fwp%2Fv2%2Fcategories&post=1830"},{"taxonomy":"post_tag","embeddable":true,"href":"https:\/\/saknews.net\/ku\/index.php?rest_route=%2Fwp%2Fv2%2Ftags&post=1830"}],"curies":[{"name":"wp","href":"https:\/\/api.w.org\/{rel}","templated":true}]}}