{"id":1841,"date":"2024-10-22T19:29:17","date_gmt":"2024-10-22T19:29:17","guid":{"rendered":"https:\/\/saknews.net\/ku\/?p=1841"},"modified":"2024-11-28T19:31:34","modified_gmt":"2024-11-28T19:31:34","slug":"navenda-ewropaye-ya-lekolinen-kurdi-li-viyanaye-2yemin-didara-kurdi-li-dar-xist","status":"publish","type":"post","link":"https:\/\/saknews.net\/ku\/?p=1841","title":{"rendered":"Navenda Ewropay\u00ea ya L\u00eakol\u00een\u00ean Kurd\u00ee li Viyanay\u00ea 2yem\u00een D\u00eedara Kurd\u00ee li dar xist"},"content":{"rendered":"<div class=\"xdj266r x11i5rnm xat24cr x1mh8g0r x1vvkbs\">\n<div dir=\"auto\">Navenda Ewropay\u00ea ya L\u00eakol\u00een\u00ean Kurd\u00ee li Viyanay\u00ea 2yem\u00een D\u00eedara Kurd\u00ee li dar xist<\/div>\n<\/div>\n<div class=\"x11i5rnm xat24cr x1mh8g0r x1vvkbs xtlvy1s\">\n<div dir=\"auto\">Di d\u00eedar\u00ea de belgeyeke bi nav\u00ea &#8220;Peymana Kurd\u00ee ya Hevbe\u015f&#8221; hat pesendkirin.<\/div>\n<\/div>\n<div dir=\"auto\"><\/div>\n<div dir=\"auto\">\nhttps:\/\/fb.watch\/w8vB3iIac4\/\n<\/div>\n","protected":false},"excerpt":{"rendered":"<p>Navenda Ewropay\u00ea ya L\u00eakol\u00een\u00ean Kurd\u00ee li Viyanay\u00ea 2yem\u00een D\u00eedara Kurd\u00ee li dar xist Di d\u00eedar\u00ea&#8230;<\/p>\n","protected":false},"author":1,"featured_media":1842,"comment_status":"closed","ping_status":"closed","sticky":false,"template":"","format":"video","meta":{"footnotes":""},"categories":[36],"tags":[],"class_list":["post-1841","post","type-post","status-publish","format-video","has-post-thumbnail","hentry","category-video","post_format-post-format-video"],"yoast_head":"<!-- This site is optimized with the Yoast SEO plugin v27.5 - https:\/\/yoast.com\/product\/yoast-seo-wordpress\/ -->\n<title>Navenda Ewropay\u00ea ya L\u00eakol\u00een\u00ean Kurd\u00ee li Viyanay\u00ea 2yem\u00een D\u00eedara Kurd\u00ee li dar xist &#8226; \u015eAK<\/title>\n<meta name=\"robots\" content=\"index, follow, max-snippet:-1, max-image-preview:large, max-video-preview:-1\" \/>\n<link rel=\"canonical\" href=\"https:\/\/saknews.net\/ku\/?p=1841\" \/>\n<meta property=\"og:locale\" content=\"en_US\" \/>\n<meta property=\"og:type\" content=\"article\" \/>\n<meta property=\"og:title\" content=\"Navenda Ewropay\u00ea ya L\u00eakol\u00een\u00ean Kurd\u00ee li Viyanay\u00ea 2yem\u00een D\u00eedara Kurd\u00ee li dar xist &#8226; \u015eAK\" \/>\n<meta property=\"og:description\" content=\"Navenda Ewropay\u00ea ya L\u00eakol\u00een\u00ean Kurd\u00ee li Viyanay\u00ea 2yem\u00een D\u00eedara Kurd\u00ee li dar xist Di d\u00eedar\u00ea...\" \/>\n<meta property=\"og:url\" content=\"https:\/\/saknews.net\/ku\/?p=1841\" \/>\n<meta property=\"og:site_name\" content=\"\u015eAK\" \/>\n<meta property=\"article:publisher\" content=\"https:\/\/www.facebook.com\/Shepel.ewropa\" \/>\n<meta property=\"article:published_time\" content=\"2024-10-22T19:29:17+00:00\" \/>\n<meta property=\"article:modified_time\" content=\"2024-11-28T19:31:34+00:00\" \/>\n<meta property=\"og:image\" content=\"https:\/\/saknews.net\/ku\/wp-content\/uploads\/2024\/11\/Screen-Shot-2024-11-28-at-22.28.56.png\" \/>\n\t<meta property=\"og:image:width\" content=\"890\" \/>\n\t<meta property=\"og:image:height\" content=\"494\" \/>\n\t<meta property=\"og:image:type\" content=\"image\/png\" \/>\n<meta name=\"author\" content=\"admin\" \/>\n<meta name=\"twitter:card\" content=\"summary_large_image\" \/>\n<meta name=\"twitter:label1\" content=\"Written by\" \/>\n\t<meta name=\"twitter:data1\" content=\"admin\" \/>\n\t<meta name=\"twitter:label2\" content=\"Est. reading time\" \/>\n\t<meta name=\"twitter:data2\" content=\"1 minute\" \/>\n<script type=\"application\/ld+json\" class=\"yoast-schema-graph\">{\"@context\":\"https:\\\/\\\/schema.org\",\"@graph\":[{\"@type\":\"Article\",\"@id\":\"https:\\\/\\\/saknews.net\\\/ku\\\/?p=1841#article\",\"isPartOf\":{\"@id\":\"https:\\\/\\\/saknews.net\\\/ku\\\/?p=1841\"},\"author\":{\"name\":\"admin\",\"@id\":\"https:\\\/\\\/saknews.net\\\/ku\\\/#\\\/schema\\\/person\\\/731575d40ab65c64ad0f6f0a15aa5924\"},\"headline\":\"Navenda Ewropay\u00ea ya L\u00eakol\u00een\u00ean Kurd\u00ee li Viyanay\u00ea 2yem\u00een D\u00eedara Kurd\u00ee li dar xist\",\"datePublished\":\"2024-10-22T19:29:17+00:00\",\"dateModified\":\"2024-11-28T19:31:34+00:00\",\"mainEntityOfPage\":{\"@id\":\"https:\\\/\\\/saknews.net\\\/ku\\\/?p=1841\"},\"wordCount\":57,\"publisher\":{\"@id\":\"https:\\\/\\\/saknews.net\\\/ku\\\/#organization\"},\"image\":{\"@id\":\"https:\\\/\\\/saknews.net\\\/ku\\\/?p=1841#primaryimage\"},\"thumbnailUrl\":\"https:\\\/\\\/i0.wp.com\\\/saknews.net\\\/ku\\\/wp-content\\\/uploads\\\/2024\\\/11\\\/Screen-Shot-2024-11-28-at-22.28.56.png?fit=890%2C494&ssl=1\",\"articleSection\":[\"Video\"],\"inLanguage\":\"en-US\"},{\"@type\":\"WebPage\",\"@id\":\"https:\\\/\\\/saknews.net\\\/ku\\\/?p=1841\",\"url\":\"https:\\\/\\\/saknews.net\\\/ku\\\/?p=1841\",\"name\":\"Navenda Ewropay\u00ea ya L\u00eakol\u00een\u00ean Kurd\u00ee li Viyanay\u00ea 2yem\u00een D\u00eedara Kurd\u00ee li dar xist &#8226; \u015eAK\",\"isPartOf\":{\"@id\":\"https:\\\/\\\/saknews.net\\\/ku\\\/#website\"},\"primaryImageOfPage\":{\"@id\":\"https:\\\/\\\/saknews.net\\\/ku\\\/?p=1841#primaryimage\"},\"image\":{\"@id\":\"https:\\\/\\\/saknews.net\\\/ku\\\/?p=1841#primaryimage\"},\"thumbnailUrl\":\"https:\\\/\\\/i0.wp.com\\\/saknews.net\\\/ku\\\/wp-content\\\/uploads\\\/2024\\\/11\\\/Screen-Shot-2024-11-28-at-22.28.56.png?fit=890%2C494&ssl=1\",\"datePublished\":\"2024-10-22T19:29:17+00:00\",\"dateModified\":\"2024-11-28T19:31:34+00:00\",\"breadcrumb\":{\"@id\":\"https:\\\/\\\/saknews.net\\\/ku\\\/?p=1841#breadcrumb\"},\"inLanguage\":\"en-US\",\"potentialAction\":[{\"@type\":\"ReadAction\",\"target\":[\"https:\\\/\\\/saknews.net\\\/ku\\\/?p=1841\"]}]},{\"@type\":\"ImageObject\",\"inLanguage\":\"en-US\",\"@id\":\"https:\\\/\\\/saknews.net\\\/ku\\\/?p=1841#primaryimage\",\"url\":\"https:\\\/\\\/i0.wp.com\\\/saknews.net\\\/ku\\\/wp-content\\\/uploads\\\/2024\\\/11\\\/Screen-Shot-2024-11-28-at-22.28.56.png?fit=890%2C494&ssl=1\",\"contentUrl\":\"https:\\\/\\\/i0.wp.com\\\/saknews.net\\\/ku\\\/wp-content\\\/uploads\\\/2024\\\/11\\\/Screen-Shot-2024-11-28-at-22.28.56.png?fit=890%2C494&ssl=1\",\"width\":890,\"height\":494},{\"@type\":\"BreadcrumbList\",\"@id\":\"https:\\\/\\\/saknews.net\\\/ku\\\/?p=1841#breadcrumb\",\"itemListElement\":[{\"@type\":\"ListItem\",\"position\":1,\"name\":\"\u0627\u0644\u0631\u0626\u064a\u0633\u064a\u0629\",\"item\":\"https:\\\/\\\/saknews.net\\\/ku\\\/\"},{\"@type\":\"ListItem\",\"position\":2,\"name\":\"Video\",\"item\":\"https:\\\/\\\/saknews.net\\\/ku\\\/?cat=36\"},{\"@type\":\"ListItem\",\"position\":3,\"name\":\"Navenda Ewropay\u00ea ya L\u00eakol\u00een\u00ean Kurd\u00ee li Viyanay\u00ea 2yem\u00een D\u00eedara Kurd\u00ee li dar xist\"}]},{\"@type\":\"WebSite\",\"@id\":\"https:\\\/\\\/saknews.net\\\/ku\\\/#website\",\"url\":\"https:\\\/\\\/saknews.net\\\/ku\\\/\",\"name\":\"S\u0327epe\u0302la Azadi\u0302 ya Kurdistani\u0302\",\"description\":\"\u062a\u064a\u0627\u0631 \u0627\u0644\u062d\u0631\u064a\u0629 \u0627\u0644\u0643\u0648\u0631\u062f\u0633\u062a\u0627\u0646\u064a \u015eep\u00eala Azad\u00ee ya Kurdistan\u00ee\",\"publisher\":{\"@id\":\"https:\\\/\\\/saknews.net\\\/ku\\\/#organization\"},\"potentialAction\":[{\"@type\":\"SearchAction\",\"target\":{\"@type\":\"EntryPoint\",\"urlTemplate\":\"https:\\\/\\\/saknews.net\\\/ku\\\/?s={search_term_string}\"},\"query-input\":{\"@type\":\"PropertyValueSpecification\",\"valueRequired\":true,\"valueName\":\"search_term_string\"}}],\"inLanguage\":\"en-US\"},{\"@type\":\"Organization\",\"@id\":\"https:\\\/\\\/saknews.net\\\/ku\\\/#organization\",\"name\":\"\u015eep\u00eala Azadiy\u00ea ya Kurdistan\u00ea - \u062a\u064a\u0627\u0631 \u0627\u0644\u062d\u0631\u064a\u0629 \u0627\u0644\u0643\u0648\u0631\u062f\u0633\u062a\u0627\u0646\u064a\",\"url\":\"https:\\\/\\\/saknews.net\\\/ku\\\/\",\"logo\":{\"@type\":\"ImageObject\",\"inLanguage\":\"en-US\",\"@id\":\"https:\\\/\\\/saknews.net\\\/ku\\\/#\\\/schema\\\/logo\\\/image\\\/\",\"url\":\"https:\\\/\\\/i0.wp.com\\\/saknews.net\\\/ku\\\/wp-content\\\/uploads\\\/2024\\\/11\\\/cropped-logo-1.png?fit=512%2C512&ssl=1\",\"contentUrl\":\"https:\\\/\\\/i0.wp.com\\\/saknews.net\\\/ku\\\/wp-content\\\/uploads\\\/2024\\\/11\\\/cropped-logo-1.png?fit=512%2C512&ssl=1\",\"width\":512,\"height\":512,\"caption\":\"\u015eep\u00eala Azadiy\u00ea ya Kurdistan\u00ea - \u062a\u064a\u0627\u0631 \u0627\u0644\u062d\u0631\u064a\u0629 \u0627\u0644\u0643\u0648\u0631\u062f\u0633\u062a\u0627\u0646\u064a\"},\"image\":{\"@id\":\"https:\\\/\\\/saknews.net\\\/ku\\\/#\\\/schema\\\/logo\\\/image\\\/\"},\"sameAs\":[\"https:\\\/\\\/www.facebook.com\\\/Shepel.ewropa\"]},{\"@type\":\"Person\",\"@id\":\"https:\\\/\\\/saknews.net\\\/ku\\\/#\\\/schema\\\/person\\\/731575d40ab65c64ad0f6f0a15aa5924\",\"name\":\"admin\",\"sameAs\":[\"http:\\\/\\\/sak.my-style.in\"],\"url\":\"https:\\\/\\\/saknews.net\\\/ku\\\/?author=1\"}]}<\/script>\n<!-- \/ Yoast SEO plugin. -->","yoast_head_json":{"title":"Navenda Ewropay\u00ea ya L\u00eakol\u00een\u00ean Kurd\u00ee li Viyanay\u00ea 2yem\u00een D\u00eedara Kurd\u00ee li dar xist &#8226; \u015eAK","robots":{"index":"index","follow":"follow","max-snippet":"max-snippet:-1","max-image-preview":"max-image-preview:large","max-video-preview":"max-video-preview:-1"},"canonical":"https:\/\/saknews.net\/ku\/?p=1841","og_locale":"en_US","og_type":"article","og_title":"Navenda Ewropay\u00ea ya L\u00eakol\u00een\u00ean Kurd\u00ee li Viyanay\u00ea 2yem\u00een D\u00eedara Kurd\u00ee li dar xist &#8226; \u015eAK","og_description":"Navenda Ewropay\u00ea ya L\u00eakol\u00een\u00ean Kurd\u00ee li Viyanay\u00ea 2yem\u00een D\u00eedara Kurd\u00ee li dar xist Di d\u00eedar\u00ea...","og_url":"https:\/\/saknews.net\/ku\/?p=1841","og_site_name":"\u015eAK","article_publisher":"https:\/\/www.facebook.com\/Shepel.ewropa","article_published_time":"2024-10-22T19:29:17+00:00","article_modified_time":"2024-11-28T19:31:34+00:00","og_image":[{"width":890,"height":494,"url":"https:\/\/saknews.net\/ku\/wp-content\/uploads\/2024\/11\/Screen-Shot-2024-11-28-at-22.28.56.png","type":"image\/png"}],"author":"admin","twitter_card":"summary_large_image","twitter_misc":{"Written by":"admin","Est. reading time":"1 minute"},"schema":{"@context":"https:\/\/schema.org","@graph":[{"@type":"Article","@id":"https:\/\/saknews.net\/ku\/?p=1841#article","isPartOf":{"@id":"https:\/\/saknews.net\/ku\/?p=1841"},"author":{"name":"admin","@id":"https:\/\/saknews.net\/ku\/#\/schema\/person\/731575d40ab65c64ad0f6f0a15aa5924"},"headline":"Navenda Ewropay\u00ea ya L\u00eakol\u00een\u00ean Kurd\u00ee li Viyanay\u00ea 2yem\u00een D\u00eedara Kurd\u00ee li dar xist","datePublished":"2024-10-22T19:29:17+00:00","dateModified":"2024-11-28T19:31:34+00:00","mainEntityOfPage":{"@id":"https:\/\/saknews.net\/ku\/?p=1841"},"wordCount":57,"publisher":{"@id":"https:\/\/saknews.net\/ku\/#organization"},"image":{"@id":"https:\/\/saknews.net\/ku\/?p=1841#primaryimage"},"thumbnailUrl":"https:\/\/i0.wp.com\/saknews.net\/ku\/wp-content\/uploads\/2024\/11\/Screen-Shot-2024-11-28-at-22.28.56.png?fit=890%2C494&ssl=1","articleSection":["Video"],"inLanguage":"en-US"},{"@type":"WebPage","@id":"https:\/\/saknews.net\/ku\/?p=1841","url":"https:\/\/saknews.net\/ku\/?p=1841","name":"Navenda Ewropay\u00ea ya L\u00eakol\u00een\u00ean Kurd\u00ee li Viyanay\u00ea 2yem\u00een D\u00eedara Kurd\u00ee li dar xist &#8226; \u015eAK","isPartOf":{"@id":"https:\/\/saknews.net\/ku\/#website"},"primaryImageOfPage":{"@id":"https:\/\/saknews.net\/ku\/?p=1841#primaryimage"},"image":{"@id":"https:\/\/saknews.net\/ku\/?p=1841#primaryimage"},"thumbnailUrl":"https:\/\/i0.wp.com\/saknews.net\/ku\/wp-content\/uploads\/2024\/11\/Screen-Shot-2024-11-28-at-22.28.56.png?fit=890%2C494&ssl=1","datePublished":"2024-10-22T19:29:17+00:00","dateModified":"2024-11-28T19:31:34+00:00","breadcrumb":{"@id":"https:\/\/saknews.net\/ku\/?p=1841#breadcrumb"},"inLanguage":"en-US","potentialAction":[{"@type":"ReadAction","target":["https:\/\/saknews.net\/ku\/?p=1841"]}]},{"@type":"ImageObject","inLanguage":"en-US","@id":"https:\/\/saknews.net\/ku\/?p=1841#primaryimage","url":"https:\/\/i0.wp.com\/saknews.net\/ku\/wp-content\/uploads\/2024\/11\/Screen-Shot-2024-11-28-at-22.28.56.png?fit=890%2C494&ssl=1","contentUrl":"https:\/\/i0.wp.com\/saknews.net\/ku\/wp-content\/uploads\/2024\/11\/Screen-Shot-2024-11-28-at-22.28.56.png?fit=890%2C494&ssl=1","width":890,"height":494},{"@type":"BreadcrumbList","@id":"https:\/\/saknews.net\/ku\/?p=1841#breadcrumb","itemListElement":[{"@type":"ListItem","position":1,"name":"\u0627\u0644\u0631\u0626\u064a\u0633\u064a\u0629","item":"https:\/\/saknews.net\/ku\/"},{"@type":"ListItem","position":2,"name":"Video","item":"https:\/\/saknews.net\/ku\/?cat=36"},{"@type":"ListItem","position":3,"name":"Navenda Ewropay\u00ea ya L\u00eakol\u00een\u00ean Kurd\u00ee li Viyanay\u00ea 2yem\u00een D\u00eedara Kurd\u00ee li dar xist"}]},{"@type":"WebSite","@id":"https:\/\/saknews.net\/ku\/#website","url":"https:\/\/saknews.net\/ku\/","name":"S\u0327epe\u0302la Azadi\u0302 ya Kurdistani\u0302","description":"\u062a\u064a\u0627\u0631 \u0627\u0644\u062d\u0631\u064a\u0629 \u0627\u0644\u0643\u0648\u0631\u062f\u0633\u062a\u0627\u0646\u064a \u015eep\u00eala Azad\u00ee ya Kurdistan\u00ee","publisher":{"@id":"https:\/\/saknews.net\/ku\/#organization"},"potentialAction":[{"@type":"SearchAction","target":{"@type":"EntryPoint","urlTemplate":"https:\/\/saknews.net\/ku\/?s={search_term_string}"},"query-input":{"@type":"PropertyValueSpecification","valueRequired":true,"valueName":"search_term_string"}}],"inLanguage":"en-US"},{"@type":"Organization","@id":"https:\/\/saknews.net\/ku\/#organization","name":"\u015eep\u00eala Azadiy\u00ea ya Kurdistan\u00ea - \u062a\u064a\u0627\u0631 \u0627\u0644\u062d\u0631\u064a\u0629 \u0627\u0644\u0643\u0648\u0631\u062f\u0633\u062a\u0627\u0646\u064a","url":"https:\/\/saknews.net\/ku\/","logo":{"@type":"ImageObject","inLanguage":"en-US","@id":"https:\/\/saknews.net\/ku\/#\/schema\/logo\/image\/","url":"https:\/\/i0.wp.com\/saknews.net\/ku\/wp-content\/uploads\/2024\/11\/cropped-logo-1.png?fit=512%2C512&ssl=1","contentUrl":"https:\/\/i0.wp.com\/saknews.net\/ku\/wp-content\/uploads\/2024\/11\/cropped-logo-1.png?fit=512%2C512&ssl=1","width":512,"height":512,"caption":"\u015eep\u00eala Azadiy\u00ea ya Kurdistan\u00ea - \u062a\u064a\u0627\u0631 \u0627\u0644\u062d\u0631\u064a\u0629 \u0627\u0644\u0643\u0648\u0631\u062f\u0633\u062a\u0627\u0646\u064a"},"image":{"@id":"https:\/\/saknews.net\/ku\/#\/schema\/logo\/image\/"},"sameAs":["https:\/\/www.facebook.com\/Shepel.ewropa"]},{"@type":"Person","@id":"https:\/\/saknews.net\/ku\/#\/schema\/person\/731575d40ab65c64ad0f6f0a15aa5924","name":"admin","sameAs":["http:\/\/sak.my-style.in"],"url":"https:\/\/saknews.net\/ku\/?author=1"}]}},"featured_image_urls":{"full":["https:\/\/i0.wp.com\/saknews.net\/ku\/wp-content\/uploads\/2024\/11\/Screen-Shot-2024-11-28-at-22.28.56.png?fit=890%2C494&ssl=1",890,494,false],"thumbnail":["https:\/\/i0.wp.com\/saknews.net\/ku\/wp-content\/uploads\/2024\/11\/Screen-Shot-2024-11-28-at-22.28.56.png?resize=150%2C150&ssl=1",150,150,true],"medium":["https:\/\/i0.wp.com\/saknews.net\/ku\/wp-content\/uploads\/2024\/11\/Screen-Shot-2024-11-28-at-22.28.56.png?fit=300%2C167&ssl=1",300,167,true],"medium_large":["https:\/\/i0.wp.com\/saknews.net\/ku\/wp-content\/uploads\/2024\/11\/Screen-Shot-2024-11-28-at-22.28.56.png?fit=640%2C355&ssl=1",640,355,true],"large":["https:\/\/i0.wp.com\/saknews.net\/ku\/wp-content\/uploads\/2024\/11\/Screen-Shot-2024-11-28-at-22.28.56.png?fit=640%2C355&ssl=1",640,355,true],"1536x1536":["https:\/\/i0.wp.com\/saknews.net\/ku\/wp-content\/uploads\/2024\/11\/Screen-Shot-2024-11-28-at-22.28.56.png?fit=890%2C494&ssl=1",890,494,true],"2048x2048":["https:\/\/i0.wp.com\/saknews.net\/ku\/wp-content\/uploads\/2024\/11\/Screen-Shot-2024-11-28-at-22.28.56.png?fit=890%2C494&ssl=1",890,494,true],"covernews-featured":["https:\/\/i0.wp.com\/saknews.net\/ku\/wp-content\/uploads\/2024\/11\/Screen-Shot-2024-11-28-at-22.28.56.png?fit=890%2C494&ssl=1",890,494,true],"covernews-medium":["https:\/\/i0.wp.com\/saknews.net\/ku\/wp-content\/uploads\/2024\/11\/Screen-Shot-2024-11-28-at-22.28.56.png?resize=540%2C340&ssl=1",540,340,true]},"author_info":{"display_name":"admin","author_link":"https:\/\/saknews.net\/ku\/?author=1"},"category_info":"<a href=\"https:\/\/saknews.net\/ku\/?cat=36\" rel=\"category\">Video<\/a>","tag_info":"Video","comment_count":"0","_links":{"self":[{"href":"https:\/\/saknews.net\/ku\/index.php?rest_route=\/wp\/v2\/posts\/1841","targetHints":{"allow":["GET"]}}],"collection":[{"href":"https:\/\/saknews.net\/ku\/index.php?rest_route=\/wp\/v2\/posts"}],"about":[{"href":"https:\/\/saknews.net\/ku\/index.php?rest_route=\/wp\/v2\/types\/post"}],"author":[{"embeddable":true,"href":"https:\/\/saknews.net\/ku\/index.php?rest_route=\/wp\/v2\/users\/1"}],"replies":[{"embeddable":true,"href":"https:\/\/saknews.net\/ku\/index.php?rest_route=%2Fwp%2Fv2%2Fcomments&post=1841"}],"version-history":[{"count":1,"href":"https:\/\/saknews.net\/ku\/index.php?rest_route=\/wp\/v2\/posts\/1841\/revisions"}],"predecessor-version":[{"id":1843,"href":"https:\/\/saknews.net\/ku\/index.php?rest_route=\/wp\/v2\/posts\/1841\/revisions\/1843"}],"wp:featuredmedia":[{"embeddable":true,"href":"https:\/\/saknews.net\/ku\/index.php?rest_route=\/wp\/v2\/media\/1842"}],"wp:attachment":[{"href":"https:\/\/saknews.net\/ku\/index.php?rest_route=%2Fwp%2Fv2%2Fmedia&parent=1841"}],"wp:term":[{"taxonomy":"category","embeddable":true,"href":"https:\/\/saknews.net\/ku\/index.php?rest_route=%2Fwp%2Fv2%2Fcategories&post=1841"},{"taxonomy":"post_tag","embeddable":true,"href":"https:\/\/saknews.net\/ku\/index.php?rest_route=%2Fwp%2Fv2%2Ftags&post=1841"}],"curies":[{"name":"wp","href":"https:\/\/api.w.org\/{rel}","templated":true}]}}