{"id":1848,"date":"2024-11-25T20:47:00","date_gmt":"2024-11-25T20:47:00","guid":{"rendered":"https:\/\/saknews.net\/ku\/?p=1848"},"modified":"2024-11-28T20:48:55","modified_gmt":"2024-11-28T20:48:55","slug":"sepela-azadi-belgeya-platforma-mosko-red-dike","status":"publish","type":"post","link":"https:\/\/saknews.net\/ku\/?p=1848","title":{"rendered":"\u015eep\u00eala Azad\u00ee belgeya platforma Mosko red dike"},"content":{"rendered":"<p class=\"tm6\" style=\"direction: ltr;\"><span class=\"tm7\">\u015eep\u00eala Azad\u00ee ya Kurdistan\u00ee daxuyaniyeke nerz\u00eeb\u00fbn\u00ea li ser belgeya n\u00fb ya Platforma Mosko belav kir. Di w\u00ea belgey\u00ea de Partiya P\u00ea\u015fver\u00fb j\u00ee \u00eemze kiriye. Daxuyan\u00ee dib\u00eaje em ji ber helwest \u00fb kiryar\u00ean hin partiyan bi tirs in ku ji maf\u00ean gel\u00ea kurd t\u00eane xwar\u00ea \u00fb bi erzan\u00ee dest j\u00ea berdidin. \u015eep\u00eala Azad\u00ee banga lidarxistina maseyeke kurd\u00ee dike ku ner\u00eeneke siyas\u00ee ya hevbe\u015f j\u00ea derkeve, eger nebe p\u00ea\u015ferojeke tar\u00ee li p\u00ea\u015f gel\u00ea kurd e.<\/span><\/p>\n<p class=\"tm6\" style=\"direction: ltr;\"><span class=\"tm7\">\u00a0<\/span><\/p>\n<p class=\"tm6\" style=\"direction: ltr;\"><strong><span class=\"tm8\">Deqeya daxuyaniy\u00ea:<\/span><\/strong><\/p>\n<p class=\"tm6\" style=\"direction: ltr;\"><span class=\"tm7\">\u00a0<\/span><\/p>\n<p class=\"tm6\" style=\"direction: ltr;\"><span class=\"tm7\">Daxuyan\u00ee li ser \u00eemzekirina P\u00ea\u015fver\u00fb li ser belgeya platforma Mosko<\/span><\/p>\n<p class=\"tm6\" style=\"direction: ltr;\"><span class=\"tm7\">\u00a0<\/span><\/p>\n<p class=\"tm6\" style=\"direction: ltr;\"><span class=\"tm7\">\u015eep\u00eala Azad\u00ee ya Kurdistan\u00ee neraz\u00eeb\u00fbna xwe li ser belgeya n\u00fb ya platforma Mosko, ku Partiya P\u00ea\u015fver\u00fb li ser \u00eemze kiriye, n\u00ee\u015fan dide, bi taybet\u00ee pirs\u00ean gir\u00eaday\u00ee doza kurd \u00fb p\u00ea\u015feroja gel\u00ea kurd li S\u00fbriy\u00ea.<\/span><\/p>\n<p class=\"tm6\" style=\"direction: ltr;\"><span class=\"tm7\">Binavkirina doza kurd ten\u00ea weke pirseke ni\u015ftiman\u00ee ya demokrat, b\u00eay\u00ee ku ti n\u00ee\u015fan\u00ea li ser maf\u00ea \u00e7areniv\u00ees\u00ea ji gel\u00ea kurd re bide \u00fb heta behsa avakirina s\u00fbriyak federal ku Kurdistana S\u00fbriy\u00ea t\u00ea de yek per\u00e7e be neke, n\u00ee\u015fana ji pa\u015fve vegerandin\u00ea ji daxwaz\u00ean sereke y\u00ea partiy\u00ean kurd li S\u00fbriy\u00ea ye ku ber\u00ea wan li ser lihev kirib\u00fbn. Ev gotin\u00ean bi\u00e7\u00fbk di derbar\u00ea doza kurd de, ji giringiya maf\u00ean rewa y\u00ean gel\u00ea kurd k\u00eam dike \u00fb pirs\u00ean cid\u00ee derbar\u00ea armanc\u00ean partiy\u00ean li ser v\u00ea belgey\u00ea \u00eemze kirine dide p\u00ea\u015f, bi taybet\u00ee dema em dib\u00eenin part\u00eene kurd hene bi erzan\u00ee ji daxwaz\u00ean xwe vedigerin, weke her\u00ee tal\u00ee di kongrey\u00ea Mesar de ku MSD\u00ea li Bruksel\u00ea lidar xistib\u00fb.<\/span><\/p>\n<p class=\"tm6\" style=\"direction: ltr;\"><span class=\"tm7\">\u00a0<\/span><\/p>\n<p class=\"tm6\" style=\"direction: ltr;\"><span class=\"tm7\">Navendiyeke tund, b\u00eay\u00ee nenavendiyeke daray\u00ee \u00fb siyas\u00ee ya rast, s\u00eestema nenavendiy\u00ea vala dike. B\u00eay\u00ee nenavendiya daray\u00ee ti dever an \u015fareder\u00ee nikare dibistanek\u00ea ava bike an j\u00ee xizmetguzariy\u00ean sereke p\u00ea\u015fk\u00ea\u015f bike, ne h\u00een bir\u00eavebirina deverek\u00ea!<\/span><\/p>\n<p class=\"tm6\" style=\"direction: ltr;\"><span class=\"tm7\">Ev belge ner\u00eeneke rast di derbar\u00ea parastina maf\u00ean gel\u00ea Kurdistana S\u00fbriy\u00ea de \u00fb bir\u00eavebirina w\u00ea, n\u00ee\u015fan nade. Ti\u015ftt\u00ea ev belge n\u00ee\u015fan dide nagihe ast\u00ea r\u00eavebiriyeke nenavend\u00ee j\u00ee, bi k\u00eamay\u00ee ew r\u00eavebiriy\u00ean nenavend\u00ee her\u00ee k\u00eam bi\u00e7ek\u00ee ji kar\u00ea daray\u00ee \u00fb r\u00eavebir\u00ean desthilat\u00ean wan hene, l\u00ea ev belge h\u00een ji ya Esed p\u00eak aniye, k\u00eamtir e j\u00ee \u00fb ten\u00ea nenavendiyeke tund e.<\/span><\/p>\n<p class=\"tm6\" style=\"direction: ltr;\"><span class=\"tm7\">\u00a0<\/span><\/p>\n<p class=\"tm6\" style=\"direction: ltr;\"><span class=\"tm7\">\u00a0\u00cemzekirina hin partiy\u00ean kurd li ser belgenamey\u00ean bi v\u00ee reng\u00ee, gelek pirs \u00fb gumanan li cem \u00e7\u00ea dike. Metirsiyeke mezin e ku hin al\u00ee bi erzan\u00ee ji daxwaz\u00ean maf\u00ean gel\u00ea kurd werin xwar\u00ea. P\u00ea\u015fver\u00fb ku li ser belgey\u00ea \u00eemze kiriye, heman partiya ye ku di 20013an de ligel ENKS bi \u00cet\u00eelaf\u00ea re li ser belgeyeke siyas\u00ee lihev hatib\u00fb, ku di w\u00ea belgey\u00ea de j\u00ee, w\u00ea hing\u00ea rihmet\u00ee Hem\u00eed biray\u00ea sekreter\u00ea niha y\u00ea P\u00ea\u015fver\u00fb, Selah Derw\u00ea\u015f, \u00eemzekirib\u00fb, ENKS gotib\u00fb ba\u015ftir\u00een \u015f\u00eawe ji bo S\u00fbriy\u00ea dewleteke federal e, l\u00ea xuyaye helwest\u00ean P\u00fb\u015fver\u00fb y\u00ean ber\u00ea \u00fb y\u00ean niha ber\u00fbvaj\u00ee hev in.<\/span><\/p>\n<p class=\"tm6\" style=\"direction: ltr;\"><span class=\"tm7\">Ew sal\u00ean derbas b\u00fby\u00ee, ji me re dan n\u00ee\u015fan ku tevahiya belgey\u00ean partiy\u00ean kurd bi opozisyon\u00ea re \u00eemze kirine, ne di ast\u00ea daxwaz \u00fb maf\u00ean gel\u00ea kurd li Kurdistana s\u00fbriy\u00ea b\u00fbn. Ber\u00fbvaj\u00ee v\u00ea j\u00ee, ew aliy\u00ean ereb bi wan belgeyan pabend neb\u00fbn \u00fb heb\u00fbna kurdan di nav wan de weke rengek\u00ee ji reng\u00ean standina rewatiy\u00ea bikar dan\u00een, eger ne wisa ba, w\u00ea ew belge bihatibana guhertin heya niha, ku li gor\u00ee rew\u015fa niha bin.<\/span><\/p>\n<p class=\"tm6\" style=\"direction: ltr;\"><span class=\"tm7\">\u00a0<\/span><\/p>\n<p class=\"tm6\" style=\"direction: ltr;\"><span class=\"tm7\">Em weke \u015eep\u00eala Azad\u00ee ya Kurdistan\u00ee, metirsiy\u00ean xwe ji yek\u00ea didin n\u00ee\u015fan ,ku her di\u00e7e hin partiy\u00ean kurd bi hin aliy\u00ean opozisyon\u00ea re bi tena xwe \u00eemze dikin \u00fb ji bingeh\u00ean sereke y\u00ean siyas\u00ee di navbera kurdan de t\u00eane xwar\u00ea, weke pirens\u00eep\u00ean federaliy\u00ea \u00fb demokrasiy\u00ea. Li v\u00ea der\u00ea, em weke \u015eep\u00eala Azad\u00ee, banga lidarxistina maseyeke gilover dikin, ku tevahiya partiy\u00ean kurd li hev kom bibin \u00fb li ser ner\u00eeneke siyas\u00ee ya hevbe\u015f lihev bikin, ku maf \u00fb p\u00ea\u015feroja gel\u00ea me bipar\u00eaze.<\/span><\/p>\n<p class=\"tm6\" style=\"direction: ltr;\"><span class=\"tm7\">\u00a0<\/span><\/p>\n<p class=\"tm6\" style=\"direction: ltr;\"><span class=\"tm7\">Ji ber v\u00ea j\u00ee, em bang li aliy\u00ean kurd dikin ku endamtiya xwe di nava aliy\u00ean opoziyon\u00ea de bisekn\u00eenin, bi taybet\u00ee platforma Mosko, heta kurd li ser ner\u00eeneke siyas\u00ee ya hevbe\u015f lihev bikin \u00fb karibin maf\u00ean gel\u00ea kurd \u00fb Kurdistana S\u00fbriy\u00ea weke her\u00eameke yekgirt\u00ee bipar\u00eazin, ku ew ner\u00een di p\u00ea\u015feroj\u00ea de bibe bingeha her got\u00fbb\u00eajek\u00ea bi aliy\u00ean opozisyon\u00ea re. <\/span><\/p>\n<p class=\"tm6\" style=\"direction: ltr;\"><span class=\"tm7\">Eger ew rew\u015fa ji mafhatina xwar\u00ea ya hin partiyan berdewam bike, w\u00ea p\u00ea\u015ferojeke tar\u00ee li p\u00ea\u015f me be, ji ber v\u00ea j\u00ee bazara li ser maf\u00ean netew\u00ee y\u00ean gel\u00ea kurd ney\u00ean qeb\u00fblkirin \u00fb div\u00ea ji dervey\u00ee lihevkirineke hevbe\u015f got\u00fbb\u00eaj ney\u00ean kirin.<\/span><\/p>\n<p class=\"tm6\" style=\"direction: ltr;\"><span class=\"tm7\">\u015eep\u00eala Azad\u00ee ya Kurdistan\u00ee d\u00ea ji bo parastina maf\u00ean gel\u00ea kurd \u00fb berevaniya di ber bingeh\u00ean r\u00eakeftin\u00ean Dihok, Hewl\u00ear 1\u00fb2 ve berdewam bike \u00fb bang li her aliyek\u00ee dike bi erk\u00ea xwe y\u00ea d\u00eerok\u00ee di v\u00ea dema hestiyar de rabe.<\/span><\/p>\n<p class=\"tm6\" style=\"direction: ltr;\"><span class=\"tm7\">\u00a0<\/span><\/p>\n<p class=\"tm6\" style=\"direction: ltr;\"><span class=\"tm7\">\u015eep\u00eala Azad\u00ee ya Kurdistan\u00ee<\/span><\/p>\n<p class=\"tm11\" style=\"direction: ltr;\"><span class=\"tm12\">25.11.2024<\/span><\/p>\n","protected":false},"excerpt":{"rendered":"<p>\u015eep\u00eala Azad\u00ee ya Kurdistan\u00ee daxuyaniyeke nerz\u00eeb\u00fbn\u00ea li ser belgeya n\u00fb ya Platforma Mosko belav kir&#8230;.<\/p>\n","protected":false},"author":8,"featured_media":1297,"comment_status":"closed","ping_status":"closed","sticky":false,"template":"","format":"standard","meta":{"footnotes":""},"categories":[34],"tags":[],"class_list":["post-1848","post","type-post","status-publish","format-standard","has-post-thumbnail","hentry","category-daxuyani"],"yoast_head":"<!-- This site is optimized with the Yoast SEO plugin v27.5 - https:\/\/yoast.com\/product\/yoast-seo-wordpress\/ -->\n<title>\u015eep\u00eala Azad\u00ee belgeya platforma Mosko red dike &#8226; \u015eAK<\/title>\n<meta name=\"robots\" content=\"index, follow, max-snippet:-1, max-image-preview:large, max-video-preview:-1\" \/>\n<link rel=\"canonical\" href=\"https:\/\/saknews.net\/ku\/?p=1848\" \/>\n<meta property=\"og:locale\" content=\"en_US\" \/>\n<meta property=\"og:type\" content=\"article\" \/>\n<meta property=\"og:title\" content=\"\u015eep\u00eala Azad\u00ee belgeya platforma Mosko red dike &#8226; \u015eAK\" \/>\n<meta property=\"og:description\" content=\"\u015eep\u00eala Azad\u00ee ya Kurdistan\u00ee daxuyaniyeke nerz\u00eeb\u00fbn\u00ea li ser belgeya n\u00fb ya Platforma Mosko belav kir....\" \/>\n<meta property=\"og:url\" content=\"https:\/\/saknews.net\/ku\/?p=1848\" \/>\n<meta property=\"og:site_name\" content=\"\u015eAK\" \/>\n<meta property=\"article:publisher\" content=\"https:\/\/www.facebook.com\/Shepel.ewropa\" \/>\n<meta property=\"article:published_time\" content=\"2024-11-25T20:47:00+00:00\" \/>\n<meta property=\"article:modified_time\" content=\"2024-11-28T20:48:55+00:00\" \/>\n<meta property=\"og:image\" content=\"https:\/\/saknews.net\/ku\/wp-content\/uploads\/2024\/11\/Screen-Shot-2024-11-14-at-19.41.51.jpg\" \/>\n\t<meta property=\"og:image:width\" content=\"670\" \/>\n\t<meta property=\"og:image:height\" content=\"364\" \/>\n\t<meta property=\"og:image:type\" content=\"image\/jpeg\" \/>\n<meta name=\"author\" content=\"Horan Hem\" \/>\n<meta name=\"twitter:card\" content=\"summary_large_image\" \/>\n<meta name=\"twitter:label1\" content=\"Written by\" \/>\n\t<meta name=\"twitter:data1\" content=\"Horan Hem\" \/>\n\t<meta name=\"twitter:label2\" content=\"Est. reading time\" \/>\n\t<meta name=\"twitter:data2\" content=\"4 minutes\" \/>\n<script type=\"application\/ld+json\" class=\"yoast-schema-graph\">{\"@context\":\"https:\\\/\\\/schema.org\",\"@graph\":[{\"@type\":\"Article\",\"@id\":\"https:\\\/\\\/saknews.net\\\/ku\\\/?p=1848#article\",\"isPartOf\":{\"@id\":\"https:\\\/\\\/saknews.net\\\/ku\\\/?p=1848\"},\"author\":{\"name\":\"Horan Hem\",\"@id\":\"https:\\\/\\\/saknews.net\\\/ku\\\/#\\\/schema\\\/person\\\/72ae32a4041a3817e015b63d8f409058\"},\"headline\":\"\u015eep\u00eala Azad\u00ee belgeya platforma Mosko red dike\",\"datePublished\":\"2024-11-25T20:47:00+00:00\",\"dateModified\":\"2024-11-28T20:48:55+00:00\",\"mainEntityOfPage\":{\"@id\":\"https:\\\/\\\/saknews.net\\\/ku\\\/?p=1848\"},\"wordCount\":857,\"publisher\":{\"@id\":\"https:\\\/\\\/saknews.net\\\/ku\\\/#organization\"},\"image\":{\"@id\":\"https:\\\/\\\/saknews.net\\\/ku\\\/?p=1848#primaryimage\"},\"thumbnailUrl\":\"https:\\\/\\\/i0.wp.com\\\/saknews.net\\\/ku\\\/wp-content\\\/uploads\\\/2024\\\/11\\\/Screen-Shot-2024-11-14-at-19.41.51.jpg?fit=670%2C364&ssl=1\",\"articleSection\":[\"Daxuyan\u00ee\"],\"inLanguage\":\"en-US\"},{\"@type\":\"WebPage\",\"@id\":\"https:\\\/\\\/saknews.net\\\/ku\\\/?p=1848\",\"url\":\"https:\\\/\\\/saknews.net\\\/ku\\\/?p=1848\",\"name\":\"\u015eep\u00eala Azad\u00ee belgeya platforma Mosko red dike &#8226; \u015eAK\",\"isPartOf\":{\"@id\":\"https:\\\/\\\/saknews.net\\\/ku\\\/#website\"},\"primaryImageOfPage\":{\"@id\":\"https:\\\/\\\/saknews.net\\\/ku\\\/?p=1848#primaryimage\"},\"image\":{\"@id\":\"https:\\\/\\\/saknews.net\\\/ku\\\/?p=1848#primaryimage\"},\"thumbnailUrl\":\"https:\\\/\\\/i0.wp.com\\\/saknews.net\\\/ku\\\/wp-content\\\/uploads\\\/2024\\\/11\\\/Screen-Shot-2024-11-14-at-19.41.51.jpg?fit=670%2C364&ssl=1\",\"datePublished\":\"2024-11-25T20:47:00+00:00\",\"dateModified\":\"2024-11-28T20:48:55+00:00\",\"breadcrumb\":{\"@id\":\"https:\\\/\\\/saknews.net\\\/ku\\\/?p=1848#breadcrumb\"},\"inLanguage\":\"en-US\",\"potentialAction\":[{\"@type\":\"ReadAction\",\"target\":[\"https:\\\/\\\/saknews.net\\\/ku\\\/?p=1848\"]}]},{\"@type\":\"ImageObject\",\"inLanguage\":\"en-US\",\"@id\":\"https:\\\/\\\/saknews.net\\\/ku\\\/?p=1848#primaryimage\",\"url\":\"https:\\\/\\\/i0.wp.com\\\/saknews.net\\\/ku\\\/wp-content\\\/uploads\\\/2024\\\/11\\\/Screen-Shot-2024-11-14-at-19.41.51.jpg?fit=670%2C364&ssl=1\",\"contentUrl\":\"https:\\\/\\\/i0.wp.com\\\/saknews.net\\\/ku\\\/wp-content\\\/uploads\\\/2024\\\/11\\\/Screen-Shot-2024-11-14-at-19.41.51.jpg?fit=670%2C364&ssl=1\",\"width\":670,\"height\":364,\"caption\":\"\u062a\u064a\u0627\u0631 \u0627\u0644\u062d\u0631\u064a\u0629 \u0627\u0644\u0643\u0648\u0631\u062f\u0633\u062a\u0627\u0646\u064a\"},{\"@type\":\"BreadcrumbList\",\"@id\":\"https:\\\/\\\/saknews.net\\\/ku\\\/?p=1848#breadcrumb\",\"itemListElement\":[{\"@type\":\"ListItem\",\"position\":1,\"name\":\"\u0627\u0644\u0631\u0626\u064a\u0633\u064a\u0629\",\"item\":\"https:\\\/\\\/saknews.net\\\/ku\\\/\"},{\"@type\":\"ListItem\",\"position\":2,\"name\":\"N\u00fb\u00e7e\",\"item\":\"https:\\\/\\\/saknews.net\\\/ku\\\/?cat=49\"},{\"@type\":\"ListItem\",\"position\":3,\"name\":\"Daxuyan\u00ee\",\"item\":\"https:\\\/\\\/saknews.net\\\/ku\\\/?cat=34\"},{\"@type\":\"ListItem\",\"position\":4,\"name\":\"\u015eep\u00eala Azad\u00ee belgeya platforma Mosko red dike\"}]},{\"@type\":\"WebSite\",\"@id\":\"https:\\\/\\\/saknews.net\\\/ku\\\/#website\",\"url\":\"https:\\\/\\\/saknews.net\\\/ku\\\/\",\"name\":\"S\u0327epe\u0302la Azadi\u0302 ya Kurdistani\u0302\",\"description\":\"\u062a\u064a\u0627\u0631 \u0627\u0644\u062d\u0631\u064a\u0629 \u0627\u0644\u0643\u0648\u0631\u062f\u0633\u062a\u0627\u0646\u064a \u015eep\u00eala Azad\u00ee ya Kurdistan\u00ee\",\"publisher\":{\"@id\":\"https:\\\/\\\/saknews.net\\\/ku\\\/#organization\"},\"potentialAction\":[{\"@type\":\"SearchAction\",\"target\":{\"@type\":\"EntryPoint\",\"urlTemplate\":\"https:\\\/\\\/saknews.net\\\/ku\\\/?s={search_term_string}\"},\"query-input\":{\"@type\":\"PropertyValueSpecification\",\"valueRequired\":true,\"valueName\":\"search_term_string\"}}],\"inLanguage\":\"en-US\"},{\"@type\":\"Organization\",\"@id\":\"https:\\\/\\\/saknews.net\\\/ku\\\/#organization\",\"name\":\"\u015eep\u00eala Azadiy\u00ea ya Kurdistan\u00ea - \u062a\u064a\u0627\u0631 \u0627\u0644\u062d\u0631\u064a\u0629 \u0627\u0644\u0643\u0648\u0631\u062f\u0633\u062a\u0627\u0646\u064a\",\"url\":\"https:\\\/\\\/saknews.net\\\/ku\\\/\",\"logo\":{\"@type\":\"ImageObject\",\"inLanguage\":\"en-US\",\"@id\":\"https:\\\/\\\/saknews.net\\\/ku\\\/#\\\/schema\\\/logo\\\/image\\\/\",\"url\":\"https:\\\/\\\/i0.wp.com\\\/saknews.net\\\/ku\\\/wp-content\\\/uploads\\\/2024\\\/11\\\/cropped-logo-1.png?fit=512%2C512&ssl=1\",\"contentUrl\":\"https:\\\/\\\/i0.wp.com\\\/saknews.net\\\/ku\\\/wp-content\\\/uploads\\\/2024\\\/11\\\/cropped-logo-1.png?fit=512%2C512&ssl=1\",\"width\":512,\"height\":512,\"caption\":\"\u015eep\u00eala Azadiy\u00ea ya Kurdistan\u00ea - \u062a\u064a\u0627\u0631 \u0627\u0644\u062d\u0631\u064a\u0629 \u0627\u0644\u0643\u0648\u0631\u062f\u0633\u062a\u0627\u0646\u064a\"},\"image\":{\"@id\":\"https:\\\/\\\/saknews.net\\\/ku\\\/#\\\/schema\\\/logo\\\/image\\\/\"},\"sameAs\":[\"https:\\\/\\\/www.facebook.com\\\/Shepel.ewropa\"]},{\"@type\":\"Person\",\"@id\":\"https:\\\/\\\/saknews.net\\\/ku\\\/#\\\/schema\\\/person\\\/72ae32a4041a3817e015b63d8f409058\",\"name\":\"Horan Hem\",\"url\":\"https:\\\/\\\/saknews.net\\\/ku\\\/?author=8\"}]}<\/script>\n<!-- \/ Yoast SEO plugin. -->","yoast_head_json":{"title":"\u015eep\u00eala Azad\u00ee belgeya platforma Mosko red dike &#8226; \u015eAK","robots":{"index":"index","follow":"follow","max-snippet":"max-snippet:-1","max-image-preview":"max-image-preview:large","max-video-preview":"max-video-preview:-1"},"canonical":"https:\/\/saknews.net\/ku\/?p=1848","og_locale":"en_US","og_type":"article","og_title":"\u015eep\u00eala Azad\u00ee belgeya platforma Mosko red dike &#8226; \u015eAK","og_description":"\u015eep\u00eala Azad\u00ee ya Kurdistan\u00ee daxuyaniyeke nerz\u00eeb\u00fbn\u00ea li ser belgeya n\u00fb ya Platforma Mosko belav kir....","og_url":"https:\/\/saknews.net\/ku\/?p=1848","og_site_name":"\u015eAK","article_publisher":"https:\/\/www.facebook.com\/Shepel.ewropa","article_published_time":"2024-11-25T20:47:00+00:00","article_modified_time":"2024-11-28T20:48:55+00:00","og_image":[{"width":670,"height":364,"url":"https:\/\/saknews.net\/ku\/wp-content\/uploads\/2024\/11\/Screen-Shot-2024-11-14-at-19.41.51.jpg","type":"image\/jpeg"}],"author":"Horan Hem","twitter_card":"summary_large_image","twitter_misc":{"Written by":"Horan Hem","Est. reading time":"4 minutes"},"schema":{"@context":"https:\/\/schema.org","@graph":[{"@type":"Article","@id":"https:\/\/saknews.net\/ku\/?p=1848#article","isPartOf":{"@id":"https:\/\/saknews.net\/ku\/?p=1848"},"author":{"name":"Horan Hem","@id":"https:\/\/saknews.net\/ku\/#\/schema\/person\/72ae32a4041a3817e015b63d8f409058"},"headline":"\u015eep\u00eala Azad\u00ee belgeya platforma Mosko red dike","datePublished":"2024-11-25T20:47:00+00:00","dateModified":"2024-11-28T20:48:55+00:00","mainEntityOfPage":{"@id":"https:\/\/saknews.net\/ku\/?p=1848"},"wordCount":857,"publisher":{"@id":"https:\/\/saknews.net\/ku\/#organization"},"image":{"@id":"https:\/\/saknews.net\/ku\/?p=1848#primaryimage"},"thumbnailUrl":"https:\/\/i0.wp.com\/saknews.net\/ku\/wp-content\/uploads\/2024\/11\/Screen-Shot-2024-11-14-at-19.41.51.jpg?fit=670%2C364&ssl=1","articleSection":["Daxuyan\u00ee"],"inLanguage":"en-US"},{"@type":"WebPage","@id":"https:\/\/saknews.net\/ku\/?p=1848","url":"https:\/\/saknews.net\/ku\/?p=1848","name":"\u015eep\u00eala Azad\u00ee belgeya platforma Mosko red dike &#8226; \u015eAK","isPartOf":{"@id":"https:\/\/saknews.net\/ku\/#website"},"primaryImageOfPage":{"@id":"https:\/\/saknews.net\/ku\/?p=1848#primaryimage"},"image":{"@id":"https:\/\/saknews.net\/ku\/?p=1848#primaryimage"},"thumbnailUrl":"https:\/\/i0.wp.com\/saknews.net\/ku\/wp-content\/uploads\/2024\/11\/Screen-Shot-2024-11-14-at-19.41.51.jpg?fit=670%2C364&ssl=1","datePublished":"2024-11-25T20:47:00+00:00","dateModified":"2024-11-28T20:48:55+00:00","breadcrumb":{"@id":"https:\/\/saknews.net\/ku\/?p=1848#breadcrumb"},"inLanguage":"en-US","potentialAction":[{"@type":"ReadAction","target":["https:\/\/saknews.net\/ku\/?p=1848"]}]},{"@type":"ImageObject","inLanguage":"en-US","@id":"https:\/\/saknews.net\/ku\/?p=1848#primaryimage","url":"https:\/\/i0.wp.com\/saknews.net\/ku\/wp-content\/uploads\/2024\/11\/Screen-Shot-2024-11-14-at-19.41.51.jpg?fit=670%2C364&ssl=1","contentUrl":"https:\/\/i0.wp.com\/saknews.net\/ku\/wp-content\/uploads\/2024\/11\/Screen-Shot-2024-11-14-at-19.41.51.jpg?fit=670%2C364&ssl=1","width":670,"height":364,"caption":"\u062a\u064a\u0627\u0631 \u0627\u0644\u062d\u0631\u064a\u0629 \u0627\u0644\u0643\u0648\u0631\u062f\u0633\u062a\u0627\u0646\u064a"},{"@type":"BreadcrumbList","@id":"https:\/\/saknews.net\/ku\/?p=1848#breadcrumb","itemListElement":[{"@type":"ListItem","position":1,"name":"\u0627\u0644\u0631\u0626\u064a\u0633\u064a\u0629","item":"https:\/\/saknews.net\/ku\/"},{"@type":"ListItem","position":2,"name":"N\u00fb\u00e7e","item":"https:\/\/saknews.net\/ku\/?cat=49"},{"@type":"ListItem","position":3,"name":"Daxuyan\u00ee","item":"https:\/\/saknews.net\/ku\/?cat=34"},{"@type":"ListItem","position":4,"name":"\u015eep\u00eala Azad\u00ee belgeya platforma Mosko red dike"}]},{"@type":"WebSite","@id":"https:\/\/saknews.net\/ku\/#website","url":"https:\/\/saknews.net\/ku\/","name":"S\u0327epe\u0302la Azadi\u0302 ya Kurdistani\u0302","description":"\u062a\u064a\u0627\u0631 \u0627\u0644\u062d\u0631\u064a\u0629 \u0627\u0644\u0643\u0648\u0631\u062f\u0633\u062a\u0627\u0646\u064a \u015eep\u00eala Azad\u00ee ya Kurdistan\u00ee","publisher":{"@id":"https:\/\/saknews.net\/ku\/#organization"},"potentialAction":[{"@type":"SearchAction","target":{"@type":"EntryPoint","urlTemplate":"https:\/\/saknews.net\/ku\/?s={search_term_string}"},"query-input":{"@type":"PropertyValueSpecification","valueRequired":true,"valueName":"search_term_string"}}],"inLanguage":"en-US"},{"@type":"Organization","@id":"https:\/\/saknews.net\/ku\/#organization","name":"\u015eep\u00eala Azadiy\u00ea ya Kurdistan\u00ea - \u062a\u064a\u0627\u0631 \u0627\u0644\u062d\u0631\u064a\u0629 \u0627\u0644\u0643\u0648\u0631\u062f\u0633\u062a\u0627\u0646\u064a","url":"https:\/\/saknews.net\/ku\/","logo":{"@type":"ImageObject","inLanguage":"en-US","@id":"https:\/\/saknews.net\/ku\/#\/schema\/logo\/image\/","url":"https:\/\/i0.wp.com\/saknews.net\/ku\/wp-content\/uploads\/2024\/11\/cropped-logo-1.png?fit=512%2C512&ssl=1","contentUrl":"https:\/\/i0.wp.com\/saknews.net\/ku\/wp-content\/uploads\/2024\/11\/cropped-logo-1.png?fit=512%2C512&ssl=1","width":512,"height":512,"caption":"\u015eep\u00eala Azadiy\u00ea ya Kurdistan\u00ea - \u062a\u064a\u0627\u0631 \u0627\u0644\u062d\u0631\u064a\u0629 \u0627\u0644\u0643\u0648\u0631\u062f\u0633\u062a\u0627\u0646\u064a"},"image":{"@id":"https:\/\/saknews.net\/ku\/#\/schema\/logo\/image\/"},"sameAs":["https:\/\/www.facebook.com\/Shepel.ewropa"]},{"@type":"Person","@id":"https:\/\/saknews.net\/ku\/#\/schema\/person\/72ae32a4041a3817e015b63d8f409058","name":"Horan Hem","url":"https:\/\/saknews.net\/ku\/?author=8"}]}},"featured_image_urls":{"full":["https:\/\/i0.wp.com\/saknews.net\/ku\/wp-content\/uploads\/2024\/11\/Screen-Shot-2024-11-14-at-19.41.51.jpg?fit=670%2C364&ssl=1",670,364,false],"thumbnail":["https:\/\/i0.wp.com\/saknews.net\/ku\/wp-content\/uploads\/2024\/11\/Screen-Shot-2024-11-14-at-19.41.51.jpg?resize=150%2C150&ssl=1",150,150,true],"medium":["https:\/\/i0.wp.com\/saknews.net\/ku\/wp-content\/uploads\/2024\/11\/Screen-Shot-2024-11-14-at-19.41.51.jpg?fit=300%2C163&ssl=1",300,163,true],"medium_large":["https:\/\/i0.wp.com\/saknews.net\/ku\/wp-content\/uploads\/2024\/11\/Screen-Shot-2024-11-14-at-19.41.51.jpg?fit=640%2C348&ssl=1",640,348,true],"large":["https:\/\/i0.wp.com\/saknews.net\/ku\/wp-content\/uploads\/2024\/11\/Screen-Shot-2024-11-14-at-19.41.51.jpg?fit=640%2C348&ssl=1",640,348,true],"1536x1536":["https:\/\/i0.wp.com\/saknews.net\/ku\/wp-content\/uploads\/2024\/11\/Screen-Shot-2024-11-14-at-19.41.51.jpg?fit=670%2C364&ssl=1",670,364,true],"2048x2048":["https:\/\/i0.wp.com\/saknews.net\/ku\/wp-content\/uploads\/2024\/11\/Screen-Shot-2024-11-14-at-19.41.51.jpg?fit=670%2C364&ssl=1",670,364,true],"covernews-featured":["https:\/\/i0.wp.com\/saknews.net\/ku\/wp-content\/uploads\/2024\/11\/Screen-Shot-2024-11-14-at-19.41.51.jpg?fit=670%2C364&ssl=1",670,364,true],"covernews-medium":["https:\/\/i0.wp.com\/saknews.net\/ku\/wp-content\/uploads\/2024\/11\/Screen-Shot-2024-11-14-at-19.41.51.jpg?resize=540%2C340&ssl=1",540,340,true]},"author_info":{"display_name":"Horan Hem","author_link":"https:\/\/saknews.net\/ku\/?author=8"},"category_info":"<a href=\"https:\/\/saknews.net\/ku\/?cat=34\" rel=\"category\">Daxuyan\u00ee<\/a>","tag_info":"Daxuyan\u00ee","comment_count":"0","_links":{"self":[{"href":"https:\/\/saknews.net\/ku\/index.php?rest_route=\/wp\/v2\/posts\/1848","targetHints":{"allow":["GET"]}}],"collection":[{"href":"https:\/\/saknews.net\/ku\/index.php?rest_route=\/wp\/v2\/posts"}],"about":[{"href":"https:\/\/saknews.net\/ku\/index.php?rest_route=\/wp\/v2\/types\/post"}],"author":[{"embeddable":true,"href":"https:\/\/saknews.net\/ku\/index.php?rest_route=\/wp\/v2\/users\/8"}],"replies":[{"embeddable":true,"href":"https:\/\/saknews.net\/ku\/index.php?rest_route=%2Fwp%2Fv2%2Fcomments&post=1848"}],"version-history":[{"count":1,"href":"https:\/\/saknews.net\/ku\/index.php?rest_route=\/wp\/v2\/posts\/1848\/revisions"}],"predecessor-version":[{"id":1849,"href":"https:\/\/saknews.net\/ku\/index.php?rest_route=\/wp\/v2\/posts\/1848\/revisions\/1849"}],"wp:featuredmedia":[{"embeddable":true,"href":"https:\/\/saknews.net\/ku\/index.php?rest_route=\/wp\/v2\/media\/1297"}],"wp:attachment":[{"href":"https:\/\/saknews.net\/ku\/index.php?rest_route=%2Fwp%2Fv2%2Fmedia&parent=1848"}],"wp:term":[{"taxonomy":"category","embeddable":true,"href":"https:\/\/saknews.net\/ku\/index.php?rest_route=%2Fwp%2Fv2%2Fcategories&post=1848"},{"taxonomy":"post_tag","embeddable":true,"href":"https:\/\/saknews.net\/ku\/index.php?rest_route=%2Fwp%2Fv2%2Ftags&post=1848"}],"curies":[{"name":"wp","href":"https:\/\/api.w.org\/{rel}","templated":true}]}}