{"id":1877,"date":"2024-12-01T19:26:42","date_gmt":"2024-12-01T19:26:42","guid":{"rendered":"https:\/\/saknews.net\/ku\/?p=1877"},"modified":"2024-12-03T19:32:16","modified_gmt":"2024-12-03T19:32:16","slug":"gotubeja-sak-li-berline","status":"publish","type":"post","link":"https:\/\/saknews.net\/ku\/?p=1877","title":{"rendered":"Got\u00fbb\u00eaja \u015eAK li Berl\u00een\u00ea"},"content":{"rendered":"<p class=\"tm7\" style=\"direction: ltr; text-align: justify;\"><span class=\"tm8\">Bi hilkefta salvegera 5an a damezrandina \u015eep\u00eala Azad\u00ee ya Kurdistan\u00ee, roja Yek\u015fem\u00ea di 01.12.2024an de sem\u00eenareke got\u00fbb\u00eaj\u00ee li bajar\u00ea Berl\u00een\u00ea y\u00ea Almanya hate lidarxistin.<\/span><\/p>\n<p class=\"tm7\" style=\"direction: ltr; text-align: justify;\"><span class=\"tm8\">Di sem\u00eenar\u00ea de, got\u00fbb\u00eaj di navbera her yek ji Siyamend Haco serok\u00ea \u015eAK \u00fb rexnegir \u00fb romaniv\u00ees Ho\u015feng Os\u00ea de b\u00fb, ku bi dehan ji revenda kurd li Berl\u00een\u00ea \u00fb derdor\u00ea be\u015fdar bib\u00fbn.<\/span><\/p>\n<p class=\"tm7\" style=\"direction: ltr; text-align: justify;\"><span class=\"tm8\">Got\u00fbb\u00eaja bi navn\u00ee\u015fana Kurdistana S\u00fbriy\u00ea bi ku ve di\u00e7e, ji aliy\u00ea Rojnamevan Meks\u00eem \u00cesa ve hate bir\u00eavebirin.<\/span><\/p>\n<p class=\"tm7\" style=\"direction: ltr; text-align: justify;\"><span class=\"tm8\">Di destp\u00eak\u00ea de behsa mijara gerim a Heleb\u00ea hate kirin \u00fb p\u00ea\u015fb\u00eaniy\u00ean p\u00ea\u015feroj\u00ea bi taybet\u00ee metirsiy\u00ean li ser dever\u00ean kurdan li Kurdistana S\u00fbriy\u00ea. Herwiha got\u00fbb\u00eaja kurd\u00ee-kurd\u00ee mijareke sereke b\u00fb di v\u00ea got\u00fbb\u00eaj\u00ea de, ku t\u00eade herdu r\u00eazdaran Haco \u00fb Os\u00ea behsa astengiy\u00ean li ber t\u00eagihi\u015ftina li ser r\u00eakeftineke siyas\u00ee ya hevbe\u015f li Kurdistana S\u00fbriy\u00ea \u00fb rol \u00fb bandora aliy\u00ean kurdistan\u00ee y\u00ean ji derve.<\/span><\/p>\n<p class=\"tm7\" style=\"direction: ltr; text-align: justify;\"><span class=\"tm8\">Ji aliy\u00ea xwe ve, Siyamend Haco, diyar ku aliy\u00ean kurdan bi rengek\u00ee ji rengan dest ji Kurdistana S\u00fbriy\u00ea berdane, bi taybet\u00ee ew aliy\u00ean ku r\u00eakeftinan bi opozisyona ereb re dikin, b\u00eay\u00ee ku ti destkeftek ji kurdan re hebe ango danp\u00eadanek bi maf\u00ean netew\u00ee y\u00ean rewa y\u00ean gel\u00ea kurd, herwiha got ku ew al\u00ee daxwaz nakin s\u00eestema federaliy\u00ea ji S\u00fbriya p\u00ea\u015feroj\u00ea re b\u00ea \u00e7espandin \u00fb Kurdistana S\u00fbriy\u00ea yek qeware be. Haco tekez kir, ku dema partiyek bi opozisyon\u00ea re r\u00eakeftinan dike b\u00eay\u00ee behsa ew ti\u015ft\u00ean w\u00ee binav kirine, bike, t\u00ea wateya destjiberdana ji Kurdistana S\u00fbriy\u00ea.<\/span><\/p>\n<p class=\"tm7\" style=\"direction: ltr; text-align: justify;\"><span class=\"tm8\">Serok\u00ea \u015eAK\u00ea behsa sedem\u00ean veki\u015fandina partiy\u00ea ji nava ENKS kir, herwiha neba\u015fiy\u00ean r\u00eakeftina Mosko ya n\u00fb ku Partiya P\u00ea\u015fver\u00fb p\u00ea re li ser lihev kiriye, herwiha kongrey\u00ea v\u00ea dawiy\u00ea ku MSD li Bruksel\u00ea lidar xistib\u00fb.<\/span><\/p>\n<p class=\"tm7\" style=\"direction: ltr; text-align: justify;\"><span class=\"tm8\">Ji aliy\u00ea xwe ve, rexnegir Ho\u015feng Os\u00ea ner\u00een \u00fb rexney\u00ean xwe j\u00ee di derbar\u00ea mijar\u00ean bor\u00ee de an\u00een ziman, \u00fb got ku div\u00ea siyasetmedar herdem li ronahiyek\u00ea bigere ji bo lihevkirin \u00fb kar\u00ea siyas\u00ee y\u00ea hevbe\u015f. Os\u00ea behsa rol \u00fb bandora biryar\u00ean Qend\u00eel\u00ea li ser Kurdistana S\u00fbriy\u00ea kir \u00fb tekez kir ku PKK ji ber t\u00eak\u00e7\u00fbna giyaloga kurd\u00ee-kurd\u00ee ve berpirs e.<\/span><\/p>\n<p class=\"tm7\" style=\"direction: ltr; text-align: justify;\"><span class=\"tm8\">Ev cara yek\u00ea ye, ku serok\u00ea partiyeke kurd bi rexnegirek\u00ee re sem\u00eenareke got\u00fbb\u00eaj\u00ee lidar dixe \u00fb pirs\u00ean gir\u00eeng bi zelal\u00ee t\u00ean behskirin.<\/span><\/p>\n<p class=\"tm7\" style=\"direction: ltr; text-align: justify;\"><span class=\"tm8\">Di dawiya sem\u00eenar\u00ea de, be\u015fdaran pirs\u00ean xwe arestey\u00ee herdu bir\u00eazan kirin, bi taybet\u00ee pirs\u00ean gir\u00eaday\u00ee p\u00ea\u015feroja kurdan \u00fb \u00e7awaniya kar \u00fb derfet\u00ean li p\u00ea\u015f doza kurd. Ya balk\u00ea\u015f ew b\u00fb ku be\u015fdaran hezkirin sem\u00eenar\u00ean bi v\u00ee reng\u00ee berdewam \u00fb li dever\u00ean cuda j\u00ee b\u00eane lidarxistin.<\/span><\/p>\n","protected":false},"excerpt":{"rendered":"<p>Bi hilkefta salvegera 5an a damezrandina \u015eep\u00eala Azad\u00ee ya Kurdistan\u00ee, roja Yek\u015fem\u00ea di 01.12.2024an de&#8230;<\/p>\n","protected":false},"author":8,"featured_media":1878,"comment_status":"closed","ping_status":"closed","sticky":false,"template":"","format":"standard","meta":{"footnotes":""},"categories":[49],"tags":[],"class_list":["post-1877","post","type-post","status-publish","format-standard","has-post-thumbnail","hentry","category-nuce"],"yoast_head":"<!-- This site is optimized with the Yoast SEO plugin v27.5 - https:\/\/yoast.com\/product\/yoast-seo-wordpress\/ -->\n<title>Got\u00fbb\u00eaja \u015eAK li Berl\u00een\u00ea &#8226; \u015eAK<\/title>\n<meta name=\"robots\" content=\"index, follow, max-snippet:-1, max-image-preview:large, max-video-preview:-1\" \/>\n<link rel=\"canonical\" href=\"https:\/\/saknews.net\/ku\/?p=1877\" \/>\n<meta property=\"og:locale\" content=\"en_US\" \/>\n<meta property=\"og:type\" content=\"article\" \/>\n<meta property=\"og:title\" content=\"Got\u00fbb\u00eaja \u015eAK li Berl\u00een\u00ea &#8226; \u015eAK\" \/>\n<meta property=\"og:description\" content=\"Bi hilkefta salvegera 5an a damezrandina \u015eep\u00eala Azad\u00ee ya Kurdistan\u00ee, roja Yek\u015fem\u00ea di 01.12.2024an de...\" \/>\n<meta property=\"og:url\" content=\"https:\/\/saknews.net\/ku\/?p=1877\" \/>\n<meta property=\"og:site_name\" content=\"\u015eAK\" \/>\n<meta property=\"article:publisher\" content=\"https:\/\/www.facebook.com\/Shepel.ewropa\" \/>\n<meta property=\"article:published_time\" content=\"2024-12-01T19:26:42+00:00\" \/>\n<meta property=\"article:modified_time\" content=\"2024-12-03T19:32:16+00:00\" \/>\n<meta property=\"og:image\" content=\"https:\/\/saknews.net\/ku\/wp-content\/uploads\/2024\/12\/Sepela-Azadi-Berlin.jpg\" \/>\n\t<meta property=\"og:image:width\" content=\"1080\" \/>\n\t<meta property=\"og:image:height\" content=\"810\" \/>\n\t<meta property=\"og:image:type\" content=\"image\/jpeg\" \/>\n<meta name=\"author\" content=\"Horan Hem\" \/>\n<meta name=\"twitter:card\" content=\"summary_large_image\" \/>\n<meta name=\"twitter:label1\" content=\"Written by\" \/>\n\t<meta name=\"twitter:data1\" content=\"Horan Hem\" \/>\n\t<meta name=\"twitter:label2\" content=\"Est. reading time\" \/>\n\t<meta name=\"twitter:data2\" content=\"2 minutes\" \/>\n<script type=\"application\/ld+json\" class=\"yoast-schema-graph\">{\"@context\":\"https:\\\/\\\/schema.org\",\"@graph\":[{\"@type\":\"Article\",\"@id\":\"https:\\\/\\\/saknews.net\\\/ku\\\/?p=1877#article\",\"isPartOf\":{\"@id\":\"https:\\\/\\\/saknews.net\\\/ku\\\/?p=1877\"},\"author\":{\"name\":\"Horan Hem\",\"@id\":\"https:\\\/\\\/saknews.net\\\/ku\\\/#\\\/schema\\\/person\\\/72ae32a4041a3817e015b63d8f409058\"},\"headline\":\"Got\u00fbb\u00eaja \u015eAK li Berl\u00een\u00ea\",\"datePublished\":\"2024-12-01T19:26:42+00:00\",\"dateModified\":\"2024-12-03T19:32:16+00:00\",\"mainEntityOfPage\":{\"@id\":\"https:\\\/\\\/saknews.net\\\/ku\\\/?p=1877\"},\"wordCount\":481,\"publisher\":{\"@id\":\"https:\\\/\\\/saknews.net\\\/ku\\\/#organization\"},\"image\":{\"@id\":\"https:\\\/\\\/saknews.net\\\/ku\\\/?p=1877#primaryimage\"},\"thumbnailUrl\":\"https:\\\/\\\/i0.wp.com\\\/saknews.net\\\/ku\\\/wp-content\\\/uploads\\\/2024\\\/12\\\/Sepela-Azadi-Berlin.jpg?fit=1080%2C810&ssl=1\",\"articleSection\":[\"N\u00fb\u00e7e\"],\"inLanguage\":\"en-US\"},{\"@type\":\"WebPage\",\"@id\":\"https:\\\/\\\/saknews.net\\\/ku\\\/?p=1877\",\"url\":\"https:\\\/\\\/saknews.net\\\/ku\\\/?p=1877\",\"name\":\"Got\u00fbb\u00eaja \u015eAK li Berl\u00een\u00ea &#8226; \u015eAK\",\"isPartOf\":{\"@id\":\"https:\\\/\\\/saknews.net\\\/ku\\\/#website\"},\"primaryImageOfPage\":{\"@id\":\"https:\\\/\\\/saknews.net\\\/ku\\\/?p=1877#primaryimage\"},\"image\":{\"@id\":\"https:\\\/\\\/saknews.net\\\/ku\\\/?p=1877#primaryimage\"},\"thumbnailUrl\":\"https:\\\/\\\/i0.wp.com\\\/saknews.net\\\/ku\\\/wp-content\\\/uploads\\\/2024\\\/12\\\/Sepela-Azadi-Berlin.jpg?fit=1080%2C810&ssl=1\",\"datePublished\":\"2024-12-01T19:26:42+00:00\",\"dateModified\":\"2024-12-03T19:32:16+00:00\",\"breadcrumb\":{\"@id\":\"https:\\\/\\\/saknews.net\\\/ku\\\/?p=1877#breadcrumb\"},\"inLanguage\":\"en-US\",\"potentialAction\":[{\"@type\":\"ReadAction\",\"target\":[\"https:\\\/\\\/saknews.net\\\/ku\\\/?p=1877\"]}]},{\"@type\":\"ImageObject\",\"inLanguage\":\"en-US\",\"@id\":\"https:\\\/\\\/saknews.net\\\/ku\\\/?p=1877#primaryimage\",\"url\":\"https:\\\/\\\/i0.wp.com\\\/saknews.net\\\/ku\\\/wp-content\\\/uploads\\\/2024\\\/12\\\/Sepela-Azadi-Berlin.jpg?fit=1080%2C810&ssl=1\",\"contentUrl\":\"https:\\\/\\\/i0.wp.com\\\/saknews.net\\\/ku\\\/wp-content\\\/uploads\\\/2024\\\/12\\\/Sepela-Azadi-Berlin.jpg?fit=1080%2C810&ssl=1\",\"width\":1080,\"height\":810},{\"@type\":\"BreadcrumbList\",\"@id\":\"https:\\\/\\\/saknews.net\\\/ku\\\/?p=1877#breadcrumb\",\"itemListElement\":[{\"@type\":\"ListItem\",\"position\":1,\"name\":\"\u0627\u0644\u0631\u0626\u064a\u0633\u064a\u0629\",\"item\":\"https:\\\/\\\/saknews.net\\\/ku\\\/\"},{\"@type\":\"ListItem\",\"position\":2,\"name\":\"N\u00fb\u00e7e\",\"item\":\"https:\\\/\\\/saknews.net\\\/ku\\\/?cat=49\"},{\"@type\":\"ListItem\",\"position\":3,\"name\":\"Got\u00fbb\u00eaja \u015eAK li Berl\u00een\u00ea\"}]},{\"@type\":\"WebSite\",\"@id\":\"https:\\\/\\\/saknews.net\\\/ku\\\/#website\",\"url\":\"https:\\\/\\\/saknews.net\\\/ku\\\/\",\"name\":\"S\u0327epe\u0302la Azadi\u0302 ya Kurdistani\u0302\",\"description\":\"\u062a\u064a\u0627\u0631 \u0627\u0644\u062d\u0631\u064a\u0629 \u0627\u0644\u0643\u0648\u0631\u062f\u0633\u062a\u0627\u0646\u064a \u015eep\u00eala Azad\u00ee ya Kurdistan\u00ee\",\"publisher\":{\"@id\":\"https:\\\/\\\/saknews.net\\\/ku\\\/#organization\"},\"potentialAction\":[{\"@type\":\"SearchAction\",\"target\":{\"@type\":\"EntryPoint\",\"urlTemplate\":\"https:\\\/\\\/saknews.net\\\/ku\\\/?s={search_term_string}\"},\"query-input\":{\"@type\":\"PropertyValueSpecification\",\"valueRequired\":true,\"valueName\":\"search_term_string\"}}],\"inLanguage\":\"en-US\"},{\"@type\":\"Organization\",\"@id\":\"https:\\\/\\\/saknews.net\\\/ku\\\/#organization\",\"name\":\"\u015eep\u00eala Azadiy\u00ea ya Kurdistan\u00ea - \u062a\u064a\u0627\u0631 \u0627\u0644\u062d\u0631\u064a\u0629 \u0627\u0644\u0643\u0648\u0631\u062f\u0633\u062a\u0627\u0646\u064a\",\"url\":\"https:\\\/\\\/saknews.net\\\/ku\\\/\",\"logo\":{\"@type\":\"ImageObject\",\"inLanguage\":\"en-US\",\"@id\":\"https:\\\/\\\/saknews.net\\\/ku\\\/#\\\/schema\\\/logo\\\/image\\\/\",\"url\":\"https:\\\/\\\/i0.wp.com\\\/saknews.net\\\/ku\\\/wp-content\\\/uploads\\\/2024\\\/11\\\/cropped-logo-1.png?fit=512%2C512&ssl=1\",\"contentUrl\":\"https:\\\/\\\/i0.wp.com\\\/saknews.net\\\/ku\\\/wp-content\\\/uploads\\\/2024\\\/11\\\/cropped-logo-1.png?fit=512%2C512&ssl=1\",\"width\":512,\"height\":512,\"caption\":\"\u015eep\u00eala Azadiy\u00ea ya Kurdistan\u00ea - \u062a\u064a\u0627\u0631 \u0627\u0644\u062d\u0631\u064a\u0629 \u0627\u0644\u0643\u0648\u0631\u062f\u0633\u062a\u0627\u0646\u064a\"},\"image\":{\"@id\":\"https:\\\/\\\/saknews.net\\\/ku\\\/#\\\/schema\\\/logo\\\/image\\\/\"},\"sameAs\":[\"https:\\\/\\\/www.facebook.com\\\/Shepel.ewropa\"]},{\"@type\":\"Person\",\"@id\":\"https:\\\/\\\/saknews.net\\\/ku\\\/#\\\/schema\\\/person\\\/72ae32a4041a3817e015b63d8f409058\",\"name\":\"Horan Hem\",\"url\":\"https:\\\/\\\/saknews.net\\\/ku\\\/?author=8\"}]}<\/script>\n<!-- \/ Yoast SEO plugin. -->","yoast_head_json":{"title":"Got\u00fbb\u00eaja \u015eAK li Berl\u00een\u00ea &#8226; \u015eAK","robots":{"index":"index","follow":"follow","max-snippet":"max-snippet:-1","max-image-preview":"max-image-preview:large","max-video-preview":"max-video-preview:-1"},"canonical":"https:\/\/saknews.net\/ku\/?p=1877","og_locale":"en_US","og_type":"article","og_title":"Got\u00fbb\u00eaja \u015eAK li Berl\u00een\u00ea &#8226; \u015eAK","og_description":"Bi hilkefta salvegera 5an a damezrandina \u015eep\u00eala Azad\u00ee ya Kurdistan\u00ee, roja Yek\u015fem\u00ea di 01.12.2024an de...","og_url":"https:\/\/saknews.net\/ku\/?p=1877","og_site_name":"\u015eAK","article_publisher":"https:\/\/www.facebook.com\/Shepel.ewropa","article_published_time":"2024-12-01T19:26:42+00:00","article_modified_time":"2024-12-03T19:32:16+00:00","og_image":[{"width":1080,"height":810,"url":"https:\/\/saknews.net\/ku\/wp-content\/uploads\/2024\/12\/Sepela-Azadi-Berlin.jpg","type":"image\/jpeg"}],"author":"Horan Hem","twitter_card":"summary_large_image","twitter_misc":{"Written by":"Horan Hem","Est. reading time":"2 minutes"},"schema":{"@context":"https:\/\/schema.org","@graph":[{"@type":"Article","@id":"https:\/\/saknews.net\/ku\/?p=1877#article","isPartOf":{"@id":"https:\/\/saknews.net\/ku\/?p=1877"},"author":{"name":"Horan Hem","@id":"https:\/\/saknews.net\/ku\/#\/schema\/person\/72ae32a4041a3817e015b63d8f409058"},"headline":"Got\u00fbb\u00eaja \u015eAK li Berl\u00een\u00ea","datePublished":"2024-12-01T19:26:42+00:00","dateModified":"2024-12-03T19:32:16+00:00","mainEntityOfPage":{"@id":"https:\/\/saknews.net\/ku\/?p=1877"},"wordCount":481,"publisher":{"@id":"https:\/\/saknews.net\/ku\/#organization"},"image":{"@id":"https:\/\/saknews.net\/ku\/?p=1877#primaryimage"},"thumbnailUrl":"https:\/\/i0.wp.com\/saknews.net\/ku\/wp-content\/uploads\/2024\/12\/Sepela-Azadi-Berlin.jpg?fit=1080%2C810&ssl=1","articleSection":["N\u00fb\u00e7e"],"inLanguage":"en-US"},{"@type":"WebPage","@id":"https:\/\/saknews.net\/ku\/?p=1877","url":"https:\/\/saknews.net\/ku\/?p=1877","name":"Got\u00fbb\u00eaja \u015eAK li Berl\u00een\u00ea &#8226; \u015eAK","isPartOf":{"@id":"https:\/\/saknews.net\/ku\/#website"},"primaryImageOfPage":{"@id":"https:\/\/saknews.net\/ku\/?p=1877#primaryimage"},"image":{"@id":"https:\/\/saknews.net\/ku\/?p=1877#primaryimage"},"thumbnailUrl":"https:\/\/i0.wp.com\/saknews.net\/ku\/wp-content\/uploads\/2024\/12\/Sepela-Azadi-Berlin.jpg?fit=1080%2C810&ssl=1","datePublished":"2024-12-01T19:26:42+00:00","dateModified":"2024-12-03T19:32:16+00:00","breadcrumb":{"@id":"https:\/\/saknews.net\/ku\/?p=1877#breadcrumb"},"inLanguage":"en-US","potentialAction":[{"@type":"ReadAction","target":["https:\/\/saknews.net\/ku\/?p=1877"]}]},{"@type":"ImageObject","inLanguage":"en-US","@id":"https:\/\/saknews.net\/ku\/?p=1877#primaryimage","url":"https:\/\/i0.wp.com\/saknews.net\/ku\/wp-content\/uploads\/2024\/12\/Sepela-Azadi-Berlin.jpg?fit=1080%2C810&ssl=1","contentUrl":"https:\/\/i0.wp.com\/saknews.net\/ku\/wp-content\/uploads\/2024\/12\/Sepela-Azadi-Berlin.jpg?fit=1080%2C810&ssl=1","width":1080,"height":810},{"@type":"BreadcrumbList","@id":"https:\/\/saknews.net\/ku\/?p=1877#breadcrumb","itemListElement":[{"@type":"ListItem","position":1,"name":"\u0627\u0644\u0631\u0626\u064a\u0633\u064a\u0629","item":"https:\/\/saknews.net\/ku\/"},{"@type":"ListItem","position":2,"name":"N\u00fb\u00e7e","item":"https:\/\/saknews.net\/ku\/?cat=49"},{"@type":"ListItem","position":3,"name":"Got\u00fbb\u00eaja \u015eAK li Berl\u00een\u00ea"}]},{"@type":"WebSite","@id":"https:\/\/saknews.net\/ku\/#website","url":"https:\/\/saknews.net\/ku\/","name":"S\u0327epe\u0302la Azadi\u0302 ya Kurdistani\u0302","description":"\u062a\u064a\u0627\u0631 \u0627\u0644\u062d\u0631\u064a\u0629 \u0627\u0644\u0643\u0648\u0631\u062f\u0633\u062a\u0627\u0646\u064a \u015eep\u00eala Azad\u00ee ya Kurdistan\u00ee","publisher":{"@id":"https:\/\/saknews.net\/ku\/#organization"},"potentialAction":[{"@type":"SearchAction","target":{"@type":"EntryPoint","urlTemplate":"https:\/\/saknews.net\/ku\/?s={search_term_string}"},"query-input":{"@type":"PropertyValueSpecification","valueRequired":true,"valueName":"search_term_string"}}],"inLanguage":"en-US"},{"@type":"Organization","@id":"https:\/\/saknews.net\/ku\/#organization","name":"\u015eep\u00eala Azadiy\u00ea ya Kurdistan\u00ea - \u062a\u064a\u0627\u0631 \u0627\u0644\u062d\u0631\u064a\u0629 \u0627\u0644\u0643\u0648\u0631\u062f\u0633\u062a\u0627\u0646\u064a","url":"https:\/\/saknews.net\/ku\/","logo":{"@type":"ImageObject","inLanguage":"en-US","@id":"https:\/\/saknews.net\/ku\/#\/schema\/logo\/image\/","url":"https:\/\/i0.wp.com\/saknews.net\/ku\/wp-content\/uploads\/2024\/11\/cropped-logo-1.png?fit=512%2C512&ssl=1","contentUrl":"https:\/\/i0.wp.com\/saknews.net\/ku\/wp-content\/uploads\/2024\/11\/cropped-logo-1.png?fit=512%2C512&ssl=1","width":512,"height":512,"caption":"\u015eep\u00eala Azadiy\u00ea ya Kurdistan\u00ea - \u062a\u064a\u0627\u0631 \u0627\u0644\u062d\u0631\u064a\u0629 \u0627\u0644\u0643\u0648\u0631\u062f\u0633\u062a\u0627\u0646\u064a"},"image":{"@id":"https:\/\/saknews.net\/ku\/#\/schema\/logo\/image\/"},"sameAs":["https:\/\/www.facebook.com\/Shepel.ewropa"]},{"@type":"Person","@id":"https:\/\/saknews.net\/ku\/#\/schema\/person\/72ae32a4041a3817e015b63d8f409058","name":"Horan Hem","url":"https:\/\/saknews.net\/ku\/?author=8"}]}},"featured_image_urls":{"full":["https:\/\/i0.wp.com\/saknews.net\/ku\/wp-content\/uploads\/2024\/12\/Sepela-Azadi-Berlin.jpg?fit=1080%2C810&ssl=1",1080,810,false],"thumbnail":["https:\/\/i0.wp.com\/saknews.net\/ku\/wp-content\/uploads\/2024\/12\/Sepela-Azadi-Berlin.jpg?resize=150%2C150&ssl=1",150,150,true],"medium":["https:\/\/i0.wp.com\/saknews.net\/ku\/wp-content\/uploads\/2024\/12\/Sepela-Azadi-Berlin.jpg?fit=300%2C225&ssl=1",300,225,true],"medium_large":["https:\/\/i0.wp.com\/saknews.net\/ku\/wp-content\/uploads\/2024\/12\/Sepela-Azadi-Berlin.jpg?fit=640%2C480&ssl=1",640,480,true],"large":["https:\/\/i0.wp.com\/saknews.net\/ku\/wp-content\/uploads\/2024\/12\/Sepela-Azadi-Berlin.jpg?fit=640%2C480&ssl=1",640,480,true],"1536x1536":["https:\/\/i0.wp.com\/saknews.net\/ku\/wp-content\/uploads\/2024\/12\/Sepela-Azadi-Berlin.jpg?fit=1080%2C810&ssl=1",1080,810,true],"2048x2048":["https:\/\/i0.wp.com\/saknews.net\/ku\/wp-content\/uploads\/2024\/12\/Sepela-Azadi-Berlin.jpg?fit=1080%2C810&ssl=1",1080,810,true],"covernews-featured":["https:\/\/i0.wp.com\/saknews.net\/ku\/wp-content\/uploads\/2024\/12\/Sepela-Azadi-Berlin.jpg?fit=1024%2C768&ssl=1",1024,768,true],"covernews-medium":["https:\/\/i0.wp.com\/saknews.net\/ku\/wp-content\/uploads\/2024\/12\/Sepela-Azadi-Berlin.jpg?resize=540%2C340&ssl=1",540,340,true]},"author_info":{"display_name":"Horan Hem","author_link":"https:\/\/saknews.net\/ku\/?author=8"},"category_info":"<a href=\"https:\/\/saknews.net\/ku\/?cat=49\" rel=\"category\">N\u00fb\u00e7e<\/a>","tag_info":"N\u00fb\u00e7e","comment_count":"0","_links":{"self":[{"href":"https:\/\/saknews.net\/ku\/index.php?rest_route=\/wp\/v2\/posts\/1877","targetHints":{"allow":["GET"]}}],"collection":[{"href":"https:\/\/saknews.net\/ku\/index.php?rest_route=\/wp\/v2\/posts"}],"about":[{"href":"https:\/\/saknews.net\/ku\/index.php?rest_route=\/wp\/v2\/types\/post"}],"author":[{"embeddable":true,"href":"https:\/\/saknews.net\/ku\/index.php?rest_route=\/wp\/v2\/users\/8"}],"replies":[{"embeddable":true,"href":"https:\/\/saknews.net\/ku\/index.php?rest_route=%2Fwp%2Fv2%2Fcomments&post=1877"}],"version-history":[{"count":1,"href":"https:\/\/saknews.net\/ku\/index.php?rest_route=\/wp\/v2\/posts\/1877\/revisions"}],"predecessor-version":[{"id":1879,"href":"https:\/\/saknews.net\/ku\/index.php?rest_route=\/wp\/v2\/posts\/1877\/revisions\/1879"}],"wp:featuredmedia":[{"embeddable":true,"href":"https:\/\/saknews.net\/ku\/index.php?rest_route=\/wp\/v2\/media\/1878"}],"wp:attachment":[{"href":"https:\/\/saknews.net\/ku\/index.php?rest_route=%2Fwp%2Fv2%2Fmedia&parent=1877"}],"wp:term":[{"taxonomy":"category","embeddable":true,"href":"https:\/\/saknews.net\/ku\/index.php?rest_route=%2Fwp%2Fv2%2Fcategories&post=1877"},{"taxonomy":"post_tag","embeddable":true,"href":"https:\/\/saknews.net\/ku\/index.php?rest_route=%2Fwp%2Fv2%2Ftags&post=1877"}],"curies":[{"name":"wp","href":"https:\/\/api.w.org\/{rel}","templated":true}]}}