{"id":1882,"date":"2024-12-04T08:25:04","date_gmt":"2024-12-04T08:25:04","guid":{"rendered":"https:\/\/saknews.net\/ku\/?p=1882"},"modified":"2024-12-05T08:47:42","modified_gmt":"2024-12-05T08:47:42","slug":"helmeta-alikariya-efrine","status":"publish","type":"post","link":"https:\/\/saknews.net\/ku\/?p=1882","title":{"rendered":"Helmeta al\u00eekariya Efr\u00een\u00ea"},"content":{"rendered":"<p>Enc\u00fbmena xwec\u00eeh\u00ee ya yek\u00ea ya \u015eep\u00eala Azad\u00ee ya Kurdiatan\u00ee li Ewropa helmeta al\u00eekariya vegeryay\u00ean derbider\u00ean Efr\u00een\u00ea ragihand, ku d\u00ea pere ji xelk\u00ea re b\u00eane komkirin. Enc\u00fbmena xwec\u00eeh\u00ee di daxuyaniya xwe de tekez kir, ku vegera derbideran h\u00eaviy\u00ean xelk\u00ea bilintir dike ku bim\u00eenin \u00fb r\u00ea li ber guhertina demograf\u00ee qut dike, deqeya daxuyaniy\u00ea:<\/p>\n<p>Helmeta al\u00eekariya Efr\u00een\u00ea<\/p>\n<p>Ji bo p\u00ea\u015fk\u00ea\u015fkirina al\u00eekariyan ji xelk\u00ea me y\u00ea derbider e ku niha vedigere Her\u00eama Efr\u00een\u00ea, em weke Enc\u00fbmena xwec\u00eeh\u00ee ya yek\u00ea ya \u015eep\u00eala Azad\u00ee ya Kurdiatan\u00ee li Ewropa helmeteke komkirina al\u00eekariy\u00ean daray\u00ee destp\u00ea dikin, ku em karibin hinek\u00ee bar\u00ea xelk\u00ea sivik bikin \u00fb di v\u00ea dema dijwar de xizmeta gel\u00ea xwe bikin.<\/p>\n<p>Her kes dizane ku pi\u015ft\u00ee \u015fer\u00ea daw\u00ee li Heleb\u00ea, xelk\u00ea me ku ji 2018an ve derbider bib\u00fb, niha hinek j\u00ea vedigere Efr\u00een\u00ea, b\u00ea mal e \u00fb p\u00eaw\u00eest\u00ee bi al\u00eekariya lezg\u00een heye weke xwarin, vexwarin, derman, \u015f\u00eer\u00ea zarokan \u00fb hwd. Xelk\u00ea me y\u00ea kurd bi germ\u00ee p\u00ea\u015fwaziya vegeriyayan dike \u00fb di mal\u00ean xwe de bi c\u00ee dike, div\u00ea her kesek ji aliy\u00ea xwe ve al\u00eekariy\u00ea, bi qas\u00ee dikare, bike.<br \/>\nEm d\u00ea bi r\u00eak \u00fb p\u00eak al\u00eekariyan kom bike \u00fb li ser xelk\u00ea dabe\u015f bikin. Eger h\u00fbn j\u00ee dixwazin bi me re al\u00eekar\u00ee bin, h\u00fbn dikarin li v\u00ea jimara bank\u00ea li xwar\u00ea al\u00eekariy\u00ea di bin nav\u00ea \u201eAfrin\u201e pereyan dabe\u015f bikin.<br \/>\nHer \u00e7i b\u00ea komkirin \u00fb li ser xelk\u00ea b\u00ea belav kirin, em \u00ea bi hejmar \u00fb h\u00fbrgil\u00ee ji xelk\u00ea re zelal bikin.<\/p>\n<p>Vegera derbideran h\u00eaviy\u00ean xelk\u00ea li ser erd\u00ea li Efr\u00een\u00ea bilintir dike \u00fb r\u00eay\u00ean li ber guhertina demograf\u00ee qut dike<\/p>\n<p>EZKS e. V.<br \/>\nDE23 3702 0500 0003 3080 00<br \/>\nBank: SozialBank<\/p>\n<p>Bexi\u015fandina ji bo Efr\u00een\u00ea erkek\u00ee netew\u00ee ye!<br \/>\nBila em bi hev re al\u00eekariya milet\u00ea xwe bikin<\/p>\n<p>Enc\u00fbmena xwec\u00eeh\u00ee ya yek\u00ea ya<br \/>\n\u015eep\u00eala Azad\u00ee ya Kurdiatan\u00ee li Ewropa<br \/>\n04.12.2024<\/p>\n","protected":false},"excerpt":{"rendered":"<p>Enc\u00fbmena xwec\u00eeh\u00ee ya yek\u00ea ya \u015eep\u00eala Azad\u00ee ya Kurdiatan\u00ee li Ewropa helmeta al\u00eekariya vegeryay\u00ean derbider\u00ean&#8230;<\/p>\n","protected":false},"author":8,"featured_media":1883,"comment_status":"closed","ping_status":"closed","sticky":false,"template":"","format":"standard","meta":{"footnotes":""},"categories":[34,49],"tags":[],"class_list":["post-1882","post","type-post","status-publish","format-standard","has-post-thumbnail","hentry","category-daxuyani","category-nuce"],"yoast_head":"<!-- This site is optimized with the Yoast SEO plugin v27.5 - https:\/\/yoast.com\/product\/yoast-seo-wordpress\/ -->\n<title>Helmeta al\u00eekariya Efr\u00een\u00ea &#8226; \u015eAK<\/title>\n<meta name=\"robots\" content=\"index, follow, max-snippet:-1, max-image-preview:large, max-video-preview:-1\" \/>\n<link rel=\"canonical\" href=\"https:\/\/saknews.net\/ku\/?p=1882\" \/>\n<meta property=\"og:locale\" content=\"en_US\" \/>\n<meta property=\"og:type\" content=\"article\" \/>\n<meta property=\"og:title\" content=\"Helmeta al\u00eekariya Efr\u00een\u00ea &#8226; \u015eAK\" \/>\n<meta property=\"og:description\" content=\"Enc\u00fbmena xwec\u00eeh\u00ee ya yek\u00ea ya \u015eep\u00eala Azad\u00ee ya Kurdiatan\u00ee li Ewropa helmeta al\u00eekariya vegeryay\u00ean derbider\u00ean...\" \/>\n<meta property=\"og:url\" content=\"https:\/\/saknews.net\/ku\/?p=1882\" \/>\n<meta property=\"og:site_name\" content=\"\u015eAK\" \/>\n<meta property=\"article:publisher\" content=\"https:\/\/www.facebook.com\/Shepel.ewropa\" \/>\n<meta property=\"article:published_time\" content=\"2024-12-04T08:25:04+00:00\" \/>\n<meta property=\"article:modified_time\" content=\"2024-12-05T08:47:42+00:00\" \/>\n<meta property=\"og:image\" content=\"https:\/\/saknews.net\/ku\/wp-content\/uploads\/2024\/12\/IMG-20241204-WA0049.jpg\" \/>\n\t<meta property=\"og:image:width\" content=\"1302\" \/>\n\t<meta property=\"og:image:height\" content=\"1600\" \/>\n\t<meta property=\"og:image:type\" content=\"image\/jpeg\" \/>\n<meta name=\"author\" content=\"Horan Hem\" \/>\n<meta name=\"twitter:card\" content=\"summary_large_image\" \/>\n<meta name=\"twitter:label1\" content=\"Written by\" \/>\n\t<meta name=\"twitter:data1\" content=\"Horan Hem\" \/>\n\t<meta name=\"twitter:label2\" content=\"Est. reading time\" \/>\n\t<meta name=\"twitter:data2\" content=\"2 minutes\" \/>\n<script type=\"application\/ld+json\" class=\"yoast-schema-graph\">{\"@context\":\"https:\\\/\\\/schema.org\",\"@graph\":[{\"@type\":\"Article\",\"@id\":\"https:\\\/\\\/saknews.net\\\/ku\\\/?p=1882#article\",\"isPartOf\":{\"@id\":\"https:\\\/\\\/saknews.net\\\/ku\\\/?p=1882\"},\"author\":{\"name\":\"Horan Hem\",\"@id\":\"https:\\\/\\\/saknews.net\\\/ku\\\/#\\\/schema\\\/person\\\/72ae32a4041a3817e015b63d8f409058\"},\"headline\":\"Helmeta al\u00eekariya Efr\u00een\u00ea\",\"datePublished\":\"2024-12-04T08:25:04+00:00\",\"dateModified\":\"2024-12-05T08:47:42+00:00\",\"mainEntityOfPage\":{\"@id\":\"https:\\\/\\\/saknews.net\\\/ku\\\/?p=1882\"},\"wordCount\":336,\"publisher\":{\"@id\":\"https:\\\/\\\/saknews.net\\\/ku\\\/#organization\"},\"image\":{\"@id\":\"https:\\\/\\\/saknews.net\\\/ku\\\/?p=1882#primaryimage\"},\"thumbnailUrl\":\"https:\\\/\\\/i0.wp.com\\\/saknews.net\\\/ku\\\/wp-content\\\/uploads\\\/2024\\\/12\\\/IMG-20241204-WA0049.jpg?fit=1302%2C1600&ssl=1\",\"articleSection\":[\"Daxuyan\u00ee\",\"N\u00fb\u00e7e\"],\"inLanguage\":\"en-US\"},{\"@type\":\"WebPage\",\"@id\":\"https:\\\/\\\/saknews.net\\\/ku\\\/?p=1882\",\"url\":\"https:\\\/\\\/saknews.net\\\/ku\\\/?p=1882\",\"name\":\"Helmeta al\u00eekariya Efr\u00een\u00ea &#8226; \u015eAK\",\"isPartOf\":{\"@id\":\"https:\\\/\\\/saknews.net\\\/ku\\\/#website\"},\"primaryImageOfPage\":{\"@id\":\"https:\\\/\\\/saknews.net\\\/ku\\\/?p=1882#primaryimage\"},\"image\":{\"@id\":\"https:\\\/\\\/saknews.net\\\/ku\\\/?p=1882#primaryimage\"},\"thumbnailUrl\":\"https:\\\/\\\/i0.wp.com\\\/saknews.net\\\/ku\\\/wp-content\\\/uploads\\\/2024\\\/12\\\/IMG-20241204-WA0049.jpg?fit=1302%2C1600&ssl=1\",\"datePublished\":\"2024-12-04T08:25:04+00:00\",\"dateModified\":\"2024-12-05T08:47:42+00:00\",\"breadcrumb\":{\"@id\":\"https:\\\/\\\/saknews.net\\\/ku\\\/?p=1882#breadcrumb\"},\"inLanguage\":\"en-US\",\"potentialAction\":[{\"@type\":\"ReadAction\",\"target\":[\"https:\\\/\\\/saknews.net\\\/ku\\\/?p=1882\"]}]},{\"@type\":\"ImageObject\",\"inLanguage\":\"en-US\",\"@id\":\"https:\\\/\\\/saknews.net\\\/ku\\\/?p=1882#primaryimage\",\"url\":\"https:\\\/\\\/i0.wp.com\\\/saknews.net\\\/ku\\\/wp-content\\\/uploads\\\/2024\\\/12\\\/IMG-20241204-WA0049.jpg?fit=1302%2C1600&ssl=1\",\"contentUrl\":\"https:\\\/\\\/i0.wp.com\\\/saknews.net\\\/ku\\\/wp-content\\\/uploads\\\/2024\\\/12\\\/IMG-20241204-WA0049.jpg?fit=1302%2C1600&ssl=1\",\"width\":1302,\"height\":1600},{\"@type\":\"BreadcrumbList\",\"@id\":\"https:\\\/\\\/saknews.net\\\/ku\\\/?p=1882#breadcrumb\",\"itemListElement\":[{\"@type\":\"ListItem\",\"position\":1,\"name\":\"\u0627\u0644\u0631\u0626\u064a\u0633\u064a\u0629\",\"item\":\"https:\\\/\\\/saknews.net\\\/ku\\\/\"},{\"@type\":\"ListItem\",\"position\":2,\"name\":\"N\u00fb\u00e7e\",\"item\":\"https:\\\/\\\/saknews.net\\\/ku\\\/?cat=49\"},{\"@type\":\"ListItem\",\"position\":3,\"name\":\"Daxuyan\u00ee\",\"item\":\"https:\\\/\\\/saknews.net\\\/ku\\\/?cat=34\"},{\"@type\":\"ListItem\",\"position\":4,\"name\":\"Helmeta al\u00eekariya Efr\u00een\u00ea\"}]},{\"@type\":\"WebSite\",\"@id\":\"https:\\\/\\\/saknews.net\\\/ku\\\/#website\",\"url\":\"https:\\\/\\\/saknews.net\\\/ku\\\/\",\"name\":\"S\u0327epe\u0302la Azadi\u0302 ya Kurdistani\u0302\",\"description\":\"\u062a\u064a\u0627\u0631 \u0627\u0644\u062d\u0631\u064a\u0629 \u0627\u0644\u0643\u0648\u0631\u062f\u0633\u062a\u0627\u0646\u064a \u015eep\u00eala Azad\u00ee ya Kurdistan\u00ee\",\"publisher\":{\"@id\":\"https:\\\/\\\/saknews.net\\\/ku\\\/#organization\"},\"potentialAction\":[{\"@type\":\"SearchAction\",\"target\":{\"@type\":\"EntryPoint\",\"urlTemplate\":\"https:\\\/\\\/saknews.net\\\/ku\\\/?s={search_term_string}\"},\"query-input\":{\"@type\":\"PropertyValueSpecification\",\"valueRequired\":true,\"valueName\":\"search_term_string\"}}],\"inLanguage\":\"en-US\"},{\"@type\":\"Organization\",\"@id\":\"https:\\\/\\\/saknews.net\\\/ku\\\/#organization\",\"name\":\"\u015eep\u00eala Azadiy\u00ea ya Kurdistan\u00ea - \u062a\u064a\u0627\u0631 \u0627\u0644\u062d\u0631\u064a\u0629 \u0627\u0644\u0643\u0648\u0631\u062f\u0633\u062a\u0627\u0646\u064a\",\"url\":\"https:\\\/\\\/saknews.net\\\/ku\\\/\",\"logo\":{\"@type\":\"ImageObject\",\"inLanguage\":\"en-US\",\"@id\":\"https:\\\/\\\/saknews.net\\\/ku\\\/#\\\/schema\\\/logo\\\/image\\\/\",\"url\":\"https:\\\/\\\/i0.wp.com\\\/saknews.net\\\/ku\\\/wp-content\\\/uploads\\\/2024\\\/11\\\/cropped-logo-1.png?fit=512%2C512&ssl=1\",\"contentUrl\":\"https:\\\/\\\/i0.wp.com\\\/saknews.net\\\/ku\\\/wp-content\\\/uploads\\\/2024\\\/11\\\/cropped-logo-1.png?fit=512%2C512&ssl=1\",\"width\":512,\"height\":512,\"caption\":\"\u015eep\u00eala Azadiy\u00ea ya Kurdistan\u00ea - \u062a\u064a\u0627\u0631 \u0627\u0644\u062d\u0631\u064a\u0629 \u0627\u0644\u0643\u0648\u0631\u062f\u0633\u062a\u0627\u0646\u064a\"},\"image\":{\"@id\":\"https:\\\/\\\/saknews.net\\\/ku\\\/#\\\/schema\\\/logo\\\/image\\\/\"},\"sameAs\":[\"https:\\\/\\\/www.facebook.com\\\/Shepel.ewropa\"]},{\"@type\":\"Person\",\"@id\":\"https:\\\/\\\/saknews.net\\\/ku\\\/#\\\/schema\\\/person\\\/72ae32a4041a3817e015b63d8f409058\",\"name\":\"Horan Hem\",\"url\":\"https:\\\/\\\/saknews.net\\\/ku\\\/?author=8\"}]}<\/script>\n<!-- \/ Yoast SEO plugin. -->","yoast_head_json":{"title":"Helmeta al\u00eekariya Efr\u00een\u00ea &#8226; \u015eAK","robots":{"index":"index","follow":"follow","max-snippet":"max-snippet:-1","max-image-preview":"max-image-preview:large","max-video-preview":"max-video-preview:-1"},"canonical":"https:\/\/saknews.net\/ku\/?p=1882","og_locale":"en_US","og_type":"article","og_title":"Helmeta al\u00eekariya Efr\u00een\u00ea &#8226; \u015eAK","og_description":"Enc\u00fbmena xwec\u00eeh\u00ee ya yek\u00ea ya \u015eep\u00eala Azad\u00ee ya Kurdiatan\u00ee li Ewropa helmeta al\u00eekariya vegeryay\u00ean derbider\u00ean...","og_url":"https:\/\/saknews.net\/ku\/?p=1882","og_site_name":"\u015eAK","article_publisher":"https:\/\/www.facebook.com\/Shepel.ewropa","article_published_time":"2024-12-04T08:25:04+00:00","article_modified_time":"2024-12-05T08:47:42+00:00","og_image":[{"width":1302,"height":1600,"url":"https:\/\/saknews.net\/ku\/wp-content\/uploads\/2024\/12\/IMG-20241204-WA0049.jpg","type":"image\/jpeg"}],"author":"Horan Hem","twitter_card":"summary_large_image","twitter_misc":{"Written by":"Horan Hem","Est. reading time":"2 minutes"},"schema":{"@context":"https:\/\/schema.org","@graph":[{"@type":"Article","@id":"https:\/\/saknews.net\/ku\/?p=1882#article","isPartOf":{"@id":"https:\/\/saknews.net\/ku\/?p=1882"},"author":{"name":"Horan Hem","@id":"https:\/\/saknews.net\/ku\/#\/schema\/person\/72ae32a4041a3817e015b63d8f409058"},"headline":"Helmeta al\u00eekariya Efr\u00een\u00ea","datePublished":"2024-12-04T08:25:04+00:00","dateModified":"2024-12-05T08:47:42+00:00","mainEntityOfPage":{"@id":"https:\/\/saknews.net\/ku\/?p=1882"},"wordCount":336,"publisher":{"@id":"https:\/\/saknews.net\/ku\/#organization"},"image":{"@id":"https:\/\/saknews.net\/ku\/?p=1882#primaryimage"},"thumbnailUrl":"https:\/\/i0.wp.com\/saknews.net\/ku\/wp-content\/uploads\/2024\/12\/IMG-20241204-WA0049.jpg?fit=1302%2C1600&ssl=1","articleSection":["Daxuyan\u00ee","N\u00fb\u00e7e"],"inLanguage":"en-US"},{"@type":"WebPage","@id":"https:\/\/saknews.net\/ku\/?p=1882","url":"https:\/\/saknews.net\/ku\/?p=1882","name":"Helmeta al\u00eekariya Efr\u00een\u00ea &#8226; \u015eAK","isPartOf":{"@id":"https:\/\/saknews.net\/ku\/#website"},"primaryImageOfPage":{"@id":"https:\/\/saknews.net\/ku\/?p=1882#primaryimage"},"image":{"@id":"https:\/\/saknews.net\/ku\/?p=1882#primaryimage"},"thumbnailUrl":"https:\/\/i0.wp.com\/saknews.net\/ku\/wp-content\/uploads\/2024\/12\/IMG-20241204-WA0049.jpg?fit=1302%2C1600&ssl=1","datePublished":"2024-12-04T08:25:04+00:00","dateModified":"2024-12-05T08:47:42+00:00","breadcrumb":{"@id":"https:\/\/saknews.net\/ku\/?p=1882#breadcrumb"},"inLanguage":"en-US","potentialAction":[{"@type":"ReadAction","target":["https:\/\/saknews.net\/ku\/?p=1882"]}]},{"@type":"ImageObject","inLanguage":"en-US","@id":"https:\/\/saknews.net\/ku\/?p=1882#primaryimage","url":"https:\/\/i0.wp.com\/saknews.net\/ku\/wp-content\/uploads\/2024\/12\/IMG-20241204-WA0049.jpg?fit=1302%2C1600&ssl=1","contentUrl":"https:\/\/i0.wp.com\/saknews.net\/ku\/wp-content\/uploads\/2024\/12\/IMG-20241204-WA0049.jpg?fit=1302%2C1600&ssl=1","width":1302,"height":1600},{"@type":"BreadcrumbList","@id":"https:\/\/saknews.net\/ku\/?p=1882#breadcrumb","itemListElement":[{"@type":"ListItem","position":1,"name":"\u0627\u0644\u0631\u0626\u064a\u0633\u064a\u0629","item":"https:\/\/saknews.net\/ku\/"},{"@type":"ListItem","position":2,"name":"N\u00fb\u00e7e","item":"https:\/\/saknews.net\/ku\/?cat=49"},{"@type":"ListItem","position":3,"name":"Daxuyan\u00ee","item":"https:\/\/saknews.net\/ku\/?cat=34"},{"@type":"ListItem","position":4,"name":"Helmeta al\u00eekariya Efr\u00een\u00ea"}]},{"@type":"WebSite","@id":"https:\/\/saknews.net\/ku\/#website","url":"https:\/\/saknews.net\/ku\/","name":"S\u0327epe\u0302la Azadi\u0302 ya Kurdistani\u0302","description":"\u062a\u064a\u0627\u0631 \u0627\u0644\u062d\u0631\u064a\u0629 \u0627\u0644\u0643\u0648\u0631\u062f\u0633\u062a\u0627\u0646\u064a \u015eep\u00eala Azad\u00ee ya Kurdistan\u00ee","publisher":{"@id":"https:\/\/saknews.net\/ku\/#organization"},"potentialAction":[{"@type":"SearchAction","target":{"@type":"EntryPoint","urlTemplate":"https:\/\/saknews.net\/ku\/?s={search_term_string}"},"query-input":{"@type":"PropertyValueSpecification","valueRequired":true,"valueName":"search_term_string"}}],"inLanguage":"en-US"},{"@type":"Organization","@id":"https:\/\/saknews.net\/ku\/#organization","name":"\u015eep\u00eala Azadiy\u00ea ya Kurdistan\u00ea - \u062a\u064a\u0627\u0631 \u0627\u0644\u062d\u0631\u064a\u0629 \u0627\u0644\u0643\u0648\u0631\u062f\u0633\u062a\u0627\u0646\u064a","url":"https:\/\/saknews.net\/ku\/","logo":{"@type":"ImageObject","inLanguage":"en-US","@id":"https:\/\/saknews.net\/ku\/#\/schema\/logo\/image\/","url":"https:\/\/i0.wp.com\/saknews.net\/ku\/wp-content\/uploads\/2024\/11\/cropped-logo-1.png?fit=512%2C512&ssl=1","contentUrl":"https:\/\/i0.wp.com\/saknews.net\/ku\/wp-content\/uploads\/2024\/11\/cropped-logo-1.png?fit=512%2C512&ssl=1","width":512,"height":512,"caption":"\u015eep\u00eala Azadiy\u00ea ya Kurdistan\u00ea - \u062a\u064a\u0627\u0631 \u0627\u0644\u062d\u0631\u064a\u0629 \u0627\u0644\u0643\u0648\u0631\u062f\u0633\u062a\u0627\u0646\u064a"},"image":{"@id":"https:\/\/saknews.net\/ku\/#\/schema\/logo\/image\/"},"sameAs":["https:\/\/www.facebook.com\/Shepel.ewropa"]},{"@type":"Person","@id":"https:\/\/saknews.net\/ku\/#\/schema\/person\/72ae32a4041a3817e015b63d8f409058","name":"Horan Hem","url":"https:\/\/saknews.net\/ku\/?author=8"}]}},"featured_image_urls":{"full":["https:\/\/i0.wp.com\/saknews.net\/ku\/wp-content\/uploads\/2024\/12\/IMG-20241204-WA0049.jpg?fit=1302%2C1600&ssl=1",1302,1600,false],"thumbnail":["https:\/\/i0.wp.com\/saknews.net\/ku\/wp-content\/uploads\/2024\/12\/IMG-20241204-WA0049.jpg?resize=150%2C150&ssl=1",150,150,true],"medium":["https:\/\/i0.wp.com\/saknews.net\/ku\/wp-content\/uploads\/2024\/12\/IMG-20241204-WA0049.jpg?fit=244%2C300&ssl=1",244,300,true],"medium_large":["https:\/\/i0.wp.com\/saknews.net\/ku\/wp-content\/uploads\/2024\/12\/IMG-20241204-WA0049.jpg?fit=640%2C787&ssl=1",640,787,true],"large":["https:\/\/i0.wp.com\/saknews.net\/ku\/wp-content\/uploads\/2024\/12\/IMG-20241204-WA0049.jpg?fit=640%2C787&ssl=1",640,787,true],"1536x1536":["https:\/\/i0.wp.com\/saknews.net\/ku\/wp-content\/uploads\/2024\/12\/IMG-20241204-WA0049.jpg?fit=1250%2C1536&ssl=1",1250,1536,true],"2048x2048":["https:\/\/i0.wp.com\/saknews.net\/ku\/wp-content\/uploads\/2024\/12\/IMG-20241204-WA0049.jpg?fit=1302%2C1600&ssl=1",1302,1600,true],"covernews-featured":["https:\/\/i0.wp.com\/saknews.net\/ku\/wp-content\/uploads\/2024\/12\/IMG-20241204-WA0049.jpg?fit=1024%2C1258&ssl=1",1024,1258,true],"covernews-medium":["https:\/\/i0.wp.com\/saknews.net\/ku\/wp-content\/uploads\/2024\/12\/IMG-20241204-WA0049.jpg?resize=540%2C340&ssl=1",540,340,true]},"author_info":{"display_name":"Horan Hem","author_link":"https:\/\/saknews.net\/ku\/?author=8"},"category_info":"<a href=\"https:\/\/saknews.net\/ku\/?cat=34\" rel=\"category\">Daxuyan\u00ee<\/a> <a href=\"https:\/\/saknews.net\/ku\/?cat=49\" rel=\"category\">N\u00fb\u00e7e<\/a>","tag_info":"N\u00fb\u00e7e","comment_count":"0","_links":{"self":[{"href":"https:\/\/saknews.net\/ku\/index.php?rest_route=\/wp\/v2\/posts\/1882","targetHints":{"allow":["GET"]}}],"collection":[{"href":"https:\/\/saknews.net\/ku\/index.php?rest_route=\/wp\/v2\/posts"}],"about":[{"href":"https:\/\/saknews.net\/ku\/index.php?rest_route=\/wp\/v2\/types\/post"}],"author":[{"embeddable":true,"href":"https:\/\/saknews.net\/ku\/index.php?rest_route=\/wp\/v2\/users\/8"}],"replies":[{"embeddable":true,"href":"https:\/\/saknews.net\/ku\/index.php?rest_route=%2Fwp%2Fv2%2Fcomments&post=1882"}],"version-history":[{"count":3,"href":"https:\/\/saknews.net\/ku\/index.php?rest_route=\/wp\/v2\/posts\/1882\/revisions"}],"predecessor-version":[{"id":1887,"href":"https:\/\/saknews.net\/ku\/index.php?rest_route=\/wp\/v2\/posts\/1882\/revisions\/1887"}],"wp:featuredmedia":[{"embeddable":true,"href":"https:\/\/saknews.net\/ku\/index.php?rest_route=\/wp\/v2\/media\/1883"}],"wp:attachment":[{"href":"https:\/\/saknews.net\/ku\/index.php?rest_route=%2Fwp%2Fv2%2Fmedia&parent=1882"}],"wp:term":[{"taxonomy":"category","embeddable":true,"href":"https:\/\/saknews.net\/ku\/index.php?rest_route=%2Fwp%2Fv2%2Fcategories&post=1882"},{"taxonomy":"post_tag","embeddable":true,"href":"https:\/\/saknews.net\/ku\/index.php?rest_route=%2Fwp%2Fv2%2Ftags&post=1882"}],"curies":[{"name":"wp","href":"https:\/\/api.w.org\/{rel}","templated":true}]}}