{"id":1904,"date":"2024-12-08T21:27:40","date_gmt":"2024-12-08T21:27:40","guid":{"rendered":"https:\/\/saknews.net\/ku\/?p=1904"},"modified":"2024-12-08T21:30:29","modified_gmt":"2024-12-08T21:30:29","slug":"1904","status":"publish","type":"post","link":"https:\/\/saknews.net\/ku\/?p=1904","title":{"rendered":"Ber\u00ea Kurdistana S\u00fbriy\u00ea hate ragihandin"},"content":{"rendered":"<p style=\"text-align: justify;\">Li bakur\u00ea Almanya li eyaleta Niedersachsen, hejmarek part\u00ee \u00fb r\u00eaxistin\u00ean civaka siv\u00eel kom b\u00fbn \u00fb &#8220;Ber\u00ea Kurdistana S\u00fbriy\u00ea&#8221; ragihandin ku ev ber\u00ea Kurdistan\u00ee daxwaza s\u00eestemeke federal \u00fb demokrat ji bo S\u00fbriy\u00ea dike ku Kurdistana S\u00fbriy\u00ea her\u00eameke yekgirt\u00ee be. Partiy\u00ean \u00eemze kirine ev in: \u015eep\u00eala Azad\u00ee ya Kurdiatan\u00ee, Tevgera Kurdayetiy\u00ea li S\u00fbriy\u00ea, Tevgera A\u015ftiya Ni\u015ftiman\u00ee ya Kurd li S\u00fbriy\u00ea \u00fb Partiya Demokrat a Kurd li S\u00fbriy\u00ea (El-Part\u00ee), r\u00eaxistin\u00ean civaka s\u00eev\u00eel j\u00ee ev in: Navenda Re\u015f\u00eed Hemo ya \u00c7and\u00ea \u00fb Navenda Yasna ya belavkirina felsefeya zerde\u015ft\u00ee. Deqeya daxuyaniy\u00ea :<\/p>\n<p style=\"text-align: left;\"><strong>Daxuyaniya Ragihandina Ber\u00ea Kurdistana S\u00fbriy\u00ea<\/strong><\/p>\n<p style=\"text-align: left;\">Di v\u00ea roja d\u00eerok\u00ee ku gel\u00ea S\u00fbriy\u00ea r\u00fbpeleke ji s\u00eetemkar\u00ee \u00fb zordariy\u00ea quluband \u00fb rej\u00eema Esed ku asteng b\u00fb li p\u00ea\u015f azad\u00ee \u00fb r\u00fbmet\u00ea b\u00fb, \u00eero ket. Li xelk\u00ea S\u00fbriy\u00ea bi gi\u015ft\u00ee \u00fb bi tevahiya p\u00eakhatey\u00ean w\u00ea, p\u00eeroz dikin. Em h\u00eav\u00ee dikin ev guhertin bibe destp\u00eakeke n\u00fb ji bo avakirina S\u00fbriya Azad, demokrat \u00fb pirreng, ku t\u00eade maf\u00ea tevahiya p\u00eakhateyan, b\u00eay\u00ee cuday\u00ee, were parastin.<\/p>\n<p style=\"text-align: left;\">\u00a0Em \u00eero Ber\u00ea Kurdistana S\u00fbriy\u00ea bi ferm\u00ee radigh\u00eenin weke hevpeymaniyek\u00ea ku partiy\u00ean siyas\u00ee \u00fb r\u00eaxistin\u00ean civaka s\u00eev\u00eel li xwe digire. Ew j\u00ee li ser bingeha hevd\u00eetin\u00ean siyas\u00ee y\u00ean hevbe\u015f ku di encama w\u00ea de peymana kurd\u00ee ya hevbe\u015f di derbar\u00ea S\u00fbriy\u00ea de li Viy\u00eana hatib\u00fb derxistin.<\/p>\n<p style=\"text-align: left;\">Armanca Ber\u00ea Kurdistana S\u00fbriy\u00ea ew e, ku S\u00fbriye bibe welatek\u00ee federal \u00fb demokrat, li ser bingeha dadperwer\u00ee \u00fb wekheviy\u00ea di navbera p\u00eakhatey\u00ean w\u00ea de. Herwiha avakirina Her\u00eama Kurdistana S\u00fbriy\u00ea ya yekgirt\u00ee, li gor\u00ee maf\u00ean w\u00ea y\u00ean dest\u00fbr\u00ee di hindir S\u00fbriy\u00ea de. Ber\u00ea Kurdistana S\u00fbriy\u00ea hewl dide danas\u00eena bi maf\u00ean tevahiya p\u00eakhatey\u00ean Kurdistana S\u00fbriy\u00ea bi\u00e7esp\u00eene \u00fb nasnamey\u00ean wan \u00ean \u00e7and\u00ee, d\u00eerok\u00ee \u00fb civak\u00ee bipar\u00eaze.<\/p>\n<p style=\"text-align: left;\">Ber\u00ea Kurdistana S\u00fbriy\u00ea dib\u00eene, ku div\u00ea kesayetiya Kurd\u00ea S\u00fbriy\u00ea weke bingeheke sereke di her pirojeyeke siyas\u00ee de cih bigire, ji ber v\u00ea j\u00ee avakirina v\u00ea ber\u00ea siyas\u00ee t\u00ea wateya tij\u00eekirina valahiya siyas\u00ee ku aliy\u00ean siyas\u00ee y\u00ean din \u00e7\u00eakirine \u00fb nikar\u00eeb\u00fbn heya niha h\u00eav\u00ee \u00fb berjewendiy\u00ean gel\u00ea Kurdistana S\u00fbriy\u00ea weke t\u00ea xwestin p\u00eak b\u00eenin.<\/p>\n<p style=\"text-align: left;\">Ber\u00ea Kurdistana S\u00fbriy\u00ea pabend e bi aliy\u00ean opozisyona s\u00fbr\u00ee ya nerm re bixebite, ku baweriya wan bi demokras\u00ee heye \u00fb dan bi maf\u00ean gel\u00ea Kurdistana S\u00fbriy\u00ea dikin, d\u00fbr\u00ee siyaset\u00ean tinekirin \u00fb d\u00fbrxistin\u00ea da ku hevkariyeke ni\u015ftiman\u00ee li ser bingeha r\u00eazl\u00eagirtin \u00fb dadperweriy\u00ea b\u00ea avakirin. Herwiha Ber\u00ea kurdistana S\u00fbriy\u00ea hewl dide du-aliya siyas\u00ee neh\u00eale, ku b\u00fbye asteng li p\u00ea\u015f kar\u00ea siyas\u00ee li Kurdistana S\u00fbriy\u00ea \u00fb \u00e7\u00eakirina atmosf\u00eareke siyas\u00ee ya gi\u015ft\u00ee \u00fb serbixwe.<\/p>\n<p style=\"text-align: left;\">Ber\u00ea Kurdistana S\u00fbriy\u00ea li ser van bingeh\u00ean sereke di her lihevkirineke siyas\u00ee de tekez dike, ew j\u00ee ev in:<\/p>\n<p style=\"text-align: left;\">1- Avakirina s\u00eestemeke demokrat li ser bingeha yasa \u00fb maf\u00ean mirovan.<\/p>\n<p style=\"text-align: left;\">2- Parastina maf\u00ean \u00e7and\u00ee \u00fb netew\u00ee y\u00ean tevahiya p\u00eakhateyan.<\/p>\n<p style=\"text-align: left;\">3- \u00c7espandina s\u00eestema federal ku desthelat di navbera her\u00eam \u00fb navend\u00ea de were dabe\u015fkirin.<\/p>\n<p style=\"text-align: left;\">4- \u00c7avd\u00eariya civak\u00ee \u00fb xurtkirina dadperweriya civak\u00ee.<\/p>\n<p style=\"text-align: left;\">Em di Ber\u00ea Kurdistana S\u00fbriy\u00ea de pabend in li gel tevahiya aliy\u00ean ni\u015ftiman\u00ee \u00fb navdewlet\u00ee kar bikin \u00fb berdewam bikin, ji bo avakirina p\u00ea\u015ferojeke ge\u015f ji bo gel\u00ea Kurdistana S\u00fbriy\u00ea \u00fb tevahiya s\u00fbriyan, ku di v\u00ea p\u00ea\u015feroj\u00ea de A\u015ft\u00ee, Azad\u00ee \u00fb wekhev\u00ee p\u00eak were.<\/p>\n<p style=\"text-align: left;\">Ber\u00ea kurdistana S\u00fbriy\u00ea tekez dike, ku deriy\u00ean w\u00ea ji her aliyeke siyas, r\u00eaxistineke civaka s\u00eev\u00eel \u00fb kesayetiy\u00ean serbixwe re, ku bernameya w\u00ea ya siyas\u00ee qeb\u00fbl dikin, vekir\u00ee ne.<\/p>\n<p style=\"text-align: left;\">Li gor\u00ee peyrewa navxwe j\u00ee, Sekreter\u00ea Partiya Demokrat a Kurd li S\u00fbriy\u00ea(El-Part\u00ee) Evdo Hebe\u015f ji bo dewra yek\u00ea ji bo \u015fe\u015f mehan b\u00fb Serok\u00ea Ber\u00ea Kurdistana S\u00fbriy\u00ea. Pi\u015ftre Desteya serokatiy\u00ea civata xwe yekem\u00een lidar xist \u00fb t\u00eade berpirs\u00ean of\u00eesan hatin destn\u00ee\u015fankirin, ku di demeke n\u00eaz\u00eek de w\u00ea Of\u00ees \u00fb nav\u00ean endam\u00ean wan b\u00eane ragihandin.<\/p>\n<p style=\"text-align: left;\">Ber\u00ea Kurdistana S\u00fbriy\u00ea<\/p>\n<p style=\"text-align: left;\">08.12.2024<\/p>\n","protected":false},"excerpt":{"rendered":"<p>Li bakur\u00ea Almanya li eyaleta Niedersachsen, hejmarek part\u00ee \u00fb r\u00eaxistin\u00ean civaka siv\u00eel kom b\u00fbn \u00fb&#8230;<\/p>\n","protected":false},"author":8,"featured_media":1905,"comment_status":"closed","ping_status":"closed","sticky":false,"template":"","format":"standard","meta":{"footnotes":""},"categories":[34],"tags":[],"class_list":["post-1904","post","type-post","status-publish","format-standard","has-post-thumbnail","hentry","category-daxuyani"],"yoast_head":"<!-- This site is optimized with the Yoast SEO plugin v27.5 - https:\/\/yoast.com\/product\/yoast-seo-wordpress\/ -->\n<title>Ber\u00ea Kurdistana S\u00fbriy\u00ea hate ragihandin &#8226; \u015eAK<\/title>\n<meta name=\"robots\" content=\"index, follow, max-snippet:-1, max-image-preview:large, max-video-preview:-1\" \/>\n<link rel=\"canonical\" href=\"https:\/\/saknews.net\/ku\/?p=1904\" \/>\n<meta property=\"og:locale\" content=\"en_US\" \/>\n<meta property=\"og:type\" content=\"article\" \/>\n<meta property=\"og:title\" content=\"Ber\u00ea Kurdistana S\u00fbriy\u00ea hate ragihandin &#8226; \u015eAK\" \/>\n<meta property=\"og:description\" content=\"Li bakur\u00ea Almanya li eyaleta Niedersachsen, hejmarek part\u00ee \u00fb r\u00eaxistin\u00ean civaka siv\u00eel kom b\u00fbn \u00fb...\" \/>\n<meta property=\"og:url\" content=\"https:\/\/saknews.net\/ku\/?p=1904\" \/>\n<meta property=\"og:site_name\" content=\"\u015eAK\" \/>\n<meta property=\"article:publisher\" content=\"https:\/\/www.facebook.com\/Shepel.ewropa\" \/>\n<meta property=\"article:published_time\" content=\"2024-12-08T21:27:40+00:00\" \/>\n<meta property=\"article:modified_time\" content=\"2024-12-08T21:30:29+00:00\" \/>\n<meta property=\"og:image\" content=\"https:\/\/saknews.net\/ku\/wp-content\/uploads\/2024\/12\/IMG-20241207-WA0028.jpg\" \/>\n\t<meta property=\"og:image:width\" content=\"597\" \/>\n\t<meta property=\"og:image:height\" content=\"574\" \/>\n\t<meta property=\"og:image:type\" content=\"image\/jpeg\" \/>\n<meta name=\"author\" content=\"Horan Hem\" \/>\n<meta name=\"twitter:card\" content=\"summary_large_image\" \/>\n<meta name=\"twitter:label1\" content=\"Written by\" \/>\n\t<meta name=\"twitter:data1\" content=\"Horan Hem\" \/>\n\t<meta name=\"twitter:label2\" content=\"Est. reading time\" \/>\n\t<meta name=\"twitter:data2\" content=\"3 minutes\" \/>\n<script type=\"application\/ld+json\" class=\"yoast-schema-graph\">{\"@context\":\"https:\\\/\\\/schema.org\",\"@graph\":[{\"@type\":\"Article\",\"@id\":\"https:\\\/\\\/saknews.net\\\/ku\\\/?p=1904#article\",\"isPartOf\":{\"@id\":\"https:\\\/\\\/saknews.net\\\/ku\\\/?p=1904\"},\"author\":{\"name\":\"Horan Hem\",\"@id\":\"https:\\\/\\\/saknews.net\\\/ku\\\/#\\\/schema\\\/person\\\/72ae32a4041a3817e015b63d8f409058\"},\"headline\":\"Ber\u00ea Kurdistana S\u00fbriy\u00ea hate ragihandin\",\"datePublished\":\"2024-12-08T21:27:40+00:00\",\"dateModified\":\"2024-12-08T21:30:29+00:00\",\"mainEntityOfPage\":{\"@id\":\"https:\\\/\\\/saknews.net\\\/ku\\\/?p=1904\"},\"wordCount\":696,\"publisher\":{\"@id\":\"https:\\\/\\\/saknews.net\\\/ku\\\/#organization\"},\"image\":{\"@id\":\"https:\\\/\\\/saknews.net\\\/ku\\\/?p=1904#primaryimage\"},\"thumbnailUrl\":\"https:\\\/\\\/i0.wp.com\\\/saknews.net\\\/ku\\\/wp-content\\\/uploads\\\/2024\\\/12\\\/IMG-20241207-WA0028.jpg?fit=597%2C574&ssl=1\",\"articleSection\":[\"Daxuyan\u00ee\"],\"inLanguage\":\"en-US\"},{\"@type\":\"WebPage\",\"@id\":\"https:\\\/\\\/saknews.net\\\/ku\\\/?p=1904\",\"url\":\"https:\\\/\\\/saknews.net\\\/ku\\\/?p=1904\",\"name\":\"Ber\u00ea Kurdistana S\u00fbriy\u00ea hate ragihandin &#8226; \u015eAK\",\"isPartOf\":{\"@id\":\"https:\\\/\\\/saknews.net\\\/ku\\\/#website\"},\"primaryImageOfPage\":{\"@id\":\"https:\\\/\\\/saknews.net\\\/ku\\\/?p=1904#primaryimage\"},\"image\":{\"@id\":\"https:\\\/\\\/saknews.net\\\/ku\\\/?p=1904#primaryimage\"},\"thumbnailUrl\":\"https:\\\/\\\/i0.wp.com\\\/saknews.net\\\/ku\\\/wp-content\\\/uploads\\\/2024\\\/12\\\/IMG-20241207-WA0028.jpg?fit=597%2C574&ssl=1\",\"datePublished\":\"2024-12-08T21:27:40+00:00\",\"dateModified\":\"2024-12-08T21:30:29+00:00\",\"breadcrumb\":{\"@id\":\"https:\\\/\\\/saknews.net\\\/ku\\\/?p=1904#breadcrumb\"},\"inLanguage\":\"en-US\",\"potentialAction\":[{\"@type\":\"ReadAction\",\"target\":[\"https:\\\/\\\/saknews.net\\\/ku\\\/?p=1904\"]}]},{\"@type\":\"ImageObject\",\"inLanguage\":\"en-US\",\"@id\":\"https:\\\/\\\/saknews.net\\\/ku\\\/?p=1904#primaryimage\",\"url\":\"https:\\\/\\\/i0.wp.com\\\/saknews.net\\\/ku\\\/wp-content\\\/uploads\\\/2024\\\/12\\\/IMG-20241207-WA0028.jpg?fit=597%2C574&ssl=1\",\"contentUrl\":\"https:\\\/\\\/i0.wp.com\\\/saknews.net\\\/ku\\\/wp-content\\\/uploads\\\/2024\\\/12\\\/IMG-20241207-WA0028.jpg?fit=597%2C574&ssl=1\",\"width\":597,\"height\":574},{\"@type\":\"BreadcrumbList\",\"@id\":\"https:\\\/\\\/saknews.net\\\/ku\\\/?p=1904#breadcrumb\",\"itemListElement\":[{\"@type\":\"ListItem\",\"position\":1,\"name\":\"\u0627\u0644\u0631\u0626\u064a\u0633\u064a\u0629\",\"item\":\"https:\\\/\\\/saknews.net\\\/ku\\\/\"},{\"@type\":\"ListItem\",\"position\":2,\"name\":\"N\u00fb\u00e7e\",\"item\":\"https:\\\/\\\/saknews.net\\\/ku\\\/?cat=49\"},{\"@type\":\"ListItem\",\"position\":3,\"name\":\"Daxuyan\u00ee\",\"item\":\"https:\\\/\\\/saknews.net\\\/ku\\\/?cat=34\"},{\"@type\":\"ListItem\",\"position\":4,\"name\":\"Ber\u00ea Kurdistana S\u00fbriy\u00ea hate ragihandin\"}]},{\"@type\":\"WebSite\",\"@id\":\"https:\\\/\\\/saknews.net\\\/ku\\\/#website\",\"url\":\"https:\\\/\\\/saknews.net\\\/ku\\\/\",\"name\":\"S\u0327epe\u0302la Azadi\u0302 ya Kurdistani\u0302\",\"description\":\"\u062a\u064a\u0627\u0631 \u0627\u0644\u062d\u0631\u064a\u0629 \u0627\u0644\u0643\u0648\u0631\u062f\u0633\u062a\u0627\u0646\u064a \u015eep\u00eala Azad\u00ee ya Kurdistan\u00ee\",\"publisher\":{\"@id\":\"https:\\\/\\\/saknews.net\\\/ku\\\/#organization\"},\"potentialAction\":[{\"@type\":\"SearchAction\",\"target\":{\"@type\":\"EntryPoint\",\"urlTemplate\":\"https:\\\/\\\/saknews.net\\\/ku\\\/?s={search_term_string}\"},\"query-input\":{\"@type\":\"PropertyValueSpecification\",\"valueRequired\":true,\"valueName\":\"search_term_string\"}}],\"inLanguage\":\"en-US\"},{\"@type\":\"Organization\",\"@id\":\"https:\\\/\\\/saknews.net\\\/ku\\\/#organization\",\"name\":\"\u015eep\u00eala Azadiy\u00ea ya Kurdistan\u00ea - \u062a\u064a\u0627\u0631 \u0627\u0644\u062d\u0631\u064a\u0629 \u0627\u0644\u0643\u0648\u0631\u062f\u0633\u062a\u0627\u0646\u064a\",\"url\":\"https:\\\/\\\/saknews.net\\\/ku\\\/\",\"logo\":{\"@type\":\"ImageObject\",\"inLanguage\":\"en-US\",\"@id\":\"https:\\\/\\\/saknews.net\\\/ku\\\/#\\\/schema\\\/logo\\\/image\\\/\",\"url\":\"https:\\\/\\\/i0.wp.com\\\/saknews.net\\\/ku\\\/wp-content\\\/uploads\\\/2024\\\/11\\\/cropped-logo-1.png?fit=512%2C512&ssl=1\",\"contentUrl\":\"https:\\\/\\\/i0.wp.com\\\/saknews.net\\\/ku\\\/wp-content\\\/uploads\\\/2024\\\/11\\\/cropped-logo-1.png?fit=512%2C512&ssl=1\",\"width\":512,\"height\":512,\"caption\":\"\u015eep\u00eala Azadiy\u00ea ya Kurdistan\u00ea - \u062a\u064a\u0627\u0631 \u0627\u0644\u062d\u0631\u064a\u0629 \u0627\u0644\u0643\u0648\u0631\u062f\u0633\u062a\u0627\u0646\u064a\"},\"image\":{\"@id\":\"https:\\\/\\\/saknews.net\\\/ku\\\/#\\\/schema\\\/logo\\\/image\\\/\"},\"sameAs\":[\"https:\\\/\\\/www.facebook.com\\\/Shepel.ewropa\"]},{\"@type\":\"Person\",\"@id\":\"https:\\\/\\\/saknews.net\\\/ku\\\/#\\\/schema\\\/person\\\/72ae32a4041a3817e015b63d8f409058\",\"name\":\"Horan Hem\",\"url\":\"https:\\\/\\\/saknews.net\\\/ku\\\/?author=8\"}]}<\/script>\n<!-- \/ Yoast SEO plugin. -->","yoast_head_json":{"title":"Ber\u00ea Kurdistana S\u00fbriy\u00ea hate ragihandin &#8226; \u015eAK","robots":{"index":"index","follow":"follow","max-snippet":"max-snippet:-1","max-image-preview":"max-image-preview:large","max-video-preview":"max-video-preview:-1"},"canonical":"https:\/\/saknews.net\/ku\/?p=1904","og_locale":"en_US","og_type":"article","og_title":"Ber\u00ea Kurdistana S\u00fbriy\u00ea hate ragihandin &#8226; \u015eAK","og_description":"Li bakur\u00ea Almanya li eyaleta Niedersachsen, hejmarek part\u00ee \u00fb r\u00eaxistin\u00ean civaka siv\u00eel kom b\u00fbn \u00fb...","og_url":"https:\/\/saknews.net\/ku\/?p=1904","og_site_name":"\u015eAK","article_publisher":"https:\/\/www.facebook.com\/Shepel.ewropa","article_published_time":"2024-12-08T21:27:40+00:00","article_modified_time":"2024-12-08T21:30:29+00:00","og_image":[{"width":597,"height":574,"url":"https:\/\/saknews.net\/ku\/wp-content\/uploads\/2024\/12\/IMG-20241207-WA0028.jpg","type":"image\/jpeg"}],"author":"Horan Hem","twitter_card":"summary_large_image","twitter_misc":{"Written by":"Horan Hem","Est. reading time":"3 minutes"},"schema":{"@context":"https:\/\/schema.org","@graph":[{"@type":"Article","@id":"https:\/\/saknews.net\/ku\/?p=1904#article","isPartOf":{"@id":"https:\/\/saknews.net\/ku\/?p=1904"},"author":{"name":"Horan Hem","@id":"https:\/\/saknews.net\/ku\/#\/schema\/person\/72ae32a4041a3817e015b63d8f409058"},"headline":"Ber\u00ea Kurdistana S\u00fbriy\u00ea hate ragihandin","datePublished":"2024-12-08T21:27:40+00:00","dateModified":"2024-12-08T21:30:29+00:00","mainEntityOfPage":{"@id":"https:\/\/saknews.net\/ku\/?p=1904"},"wordCount":696,"publisher":{"@id":"https:\/\/saknews.net\/ku\/#organization"},"image":{"@id":"https:\/\/saknews.net\/ku\/?p=1904#primaryimage"},"thumbnailUrl":"https:\/\/i0.wp.com\/saknews.net\/ku\/wp-content\/uploads\/2024\/12\/IMG-20241207-WA0028.jpg?fit=597%2C574&ssl=1","articleSection":["Daxuyan\u00ee"],"inLanguage":"en-US"},{"@type":"WebPage","@id":"https:\/\/saknews.net\/ku\/?p=1904","url":"https:\/\/saknews.net\/ku\/?p=1904","name":"Ber\u00ea Kurdistana S\u00fbriy\u00ea hate ragihandin &#8226; \u015eAK","isPartOf":{"@id":"https:\/\/saknews.net\/ku\/#website"},"primaryImageOfPage":{"@id":"https:\/\/saknews.net\/ku\/?p=1904#primaryimage"},"image":{"@id":"https:\/\/saknews.net\/ku\/?p=1904#primaryimage"},"thumbnailUrl":"https:\/\/i0.wp.com\/saknews.net\/ku\/wp-content\/uploads\/2024\/12\/IMG-20241207-WA0028.jpg?fit=597%2C574&ssl=1","datePublished":"2024-12-08T21:27:40+00:00","dateModified":"2024-12-08T21:30:29+00:00","breadcrumb":{"@id":"https:\/\/saknews.net\/ku\/?p=1904#breadcrumb"},"inLanguage":"en-US","potentialAction":[{"@type":"ReadAction","target":["https:\/\/saknews.net\/ku\/?p=1904"]}]},{"@type":"ImageObject","inLanguage":"en-US","@id":"https:\/\/saknews.net\/ku\/?p=1904#primaryimage","url":"https:\/\/i0.wp.com\/saknews.net\/ku\/wp-content\/uploads\/2024\/12\/IMG-20241207-WA0028.jpg?fit=597%2C574&ssl=1","contentUrl":"https:\/\/i0.wp.com\/saknews.net\/ku\/wp-content\/uploads\/2024\/12\/IMG-20241207-WA0028.jpg?fit=597%2C574&ssl=1","width":597,"height":574},{"@type":"BreadcrumbList","@id":"https:\/\/saknews.net\/ku\/?p=1904#breadcrumb","itemListElement":[{"@type":"ListItem","position":1,"name":"\u0627\u0644\u0631\u0626\u064a\u0633\u064a\u0629","item":"https:\/\/saknews.net\/ku\/"},{"@type":"ListItem","position":2,"name":"N\u00fb\u00e7e","item":"https:\/\/saknews.net\/ku\/?cat=49"},{"@type":"ListItem","position":3,"name":"Daxuyan\u00ee","item":"https:\/\/saknews.net\/ku\/?cat=34"},{"@type":"ListItem","position":4,"name":"Ber\u00ea Kurdistana S\u00fbriy\u00ea hate ragihandin"}]},{"@type":"WebSite","@id":"https:\/\/saknews.net\/ku\/#website","url":"https:\/\/saknews.net\/ku\/","name":"S\u0327epe\u0302la Azadi\u0302 ya Kurdistani\u0302","description":"\u062a\u064a\u0627\u0631 \u0627\u0644\u062d\u0631\u064a\u0629 \u0627\u0644\u0643\u0648\u0631\u062f\u0633\u062a\u0627\u0646\u064a \u015eep\u00eala Azad\u00ee ya Kurdistan\u00ee","publisher":{"@id":"https:\/\/saknews.net\/ku\/#organization"},"potentialAction":[{"@type":"SearchAction","target":{"@type":"EntryPoint","urlTemplate":"https:\/\/saknews.net\/ku\/?s={search_term_string}"},"query-input":{"@type":"PropertyValueSpecification","valueRequired":true,"valueName":"search_term_string"}}],"inLanguage":"en-US"},{"@type":"Organization","@id":"https:\/\/saknews.net\/ku\/#organization","name":"\u015eep\u00eala Azadiy\u00ea ya Kurdistan\u00ea - \u062a\u064a\u0627\u0631 \u0627\u0644\u062d\u0631\u064a\u0629 \u0627\u0644\u0643\u0648\u0631\u062f\u0633\u062a\u0627\u0646\u064a","url":"https:\/\/saknews.net\/ku\/","logo":{"@type":"ImageObject","inLanguage":"en-US","@id":"https:\/\/saknews.net\/ku\/#\/schema\/logo\/image\/","url":"https:\/\/i0.wp.com\/saknews.net\/ku\/wp-content\/uploads\/2024\/11\/cropped-logo-1.png?fit=512%2C512&ssl=1","contentUrl":"https:\/\/i0.wp.com\/saknews.net\/ku\/wp-content\/uploads\/2024\/11\/cropped-logo-1.png?fit=512%2C512&ssl=1","width":512,"height":512,"caption":"\u015eep\u00eala Azadiy\u00ea ya Kurdistan\u00ea - \u062a\u064a\u0627\u0631 \u0627\u0644\u062d\u0631\u064a\u0629 \u0627\u0644\u0643\u0648\u0631\u062f\u0633\u062a\u0627\u0646\u064a"},"image":{"@id":"https:\/\/saknews.net\/ku\/#\/schema\/logo\/image\/"},"sameAs":["https:\/\/www.facebook.com\/Shepel.ewropa"]},{"@type":"Person","@id":"https:\/\/saknews.net\/ku\/#\/schema\/person\/72ae32a4041a3817e015b63d8f409058","name":"Horan Hem","url":"https:\/\/saknews.net\/ku\/?author=8"}]}},"featured_image_urls":{"full":["https:\/\/i0.wp.com\/saknews.net\/ku\/wp-content\/uploads\/2024\/12\/IMG-20241207-WA0028.jpg?fit=597%2C574&ssl=1",597,574,false],"thumbnail":["https:\/\/i0.wp.com\/saknews.net\/ku\/wp-content\/uploads\/2024\/12\/IMG-20241207-WA0028.jpg?resize=150%2C150&ssl=1",150,150,true],"medium":["https:\/\/i0.wp.com\/saknews.net\/ku\/wp-content\/uploads\/2024\/12\/IMG-20241207-WA0028.jpg?fit=300%2C288&ssl=1",300,288,true],"medium_large":["https:\/\/i0.wp.com\/saknews.net\/ku\/wp-content\/uploads\/2024\/12\/IMG-20241207-WA0028.jpg?fit=597%2C574&ssl=1",597,574,true],"large":["https:\/\/i0.wp.com\/saknews.net\/ku\/wp-content\/uploads\/2024\/12\/IMG-20241207-WA0028.jpg?fit=597%2C574&ssl=1",597,574,true],"1536x1536":["https:\/\/i0.wp.com\/saknews.net\/ku\/wp-content\/uploads\/2024\/12\/IMG-20241207-WA0028.jpg?fit=597%2C574&ssl=1",597,574,true],"2048x2048":["https:\/\/i0.wp.com\/saknews.net\/ku\/wp-content\/uploads\/2024\/12\/IMG-20241207-WA0028.jpg?fit=597%2C574&ssl=1",597,574,true],"covernews-featured":["https:\/\/i0.wp.com\/saknews.net\/ku\/wp-content\/uploads\/2024\/12\/IMG-20241207-WA0028.jpg?fit=597%2C574&ssl=1",597,574,true],"covernews-medium":["https:\/\/i0.wp.com\/saknews.net\/ku\/wp-content\/uploads\/2024\/12\/IMG-20241207-WA0028.jpg?resize=540%2C340&ssl=1",540,340,true]},"author_info":{"display_name":"Horan Hem","author_link":"https:\/\/saknews.net\/ku\/?author=8"},"category_info":"<a href=\"https:\/\/saknews.net\/ku\/?cat=34\" rel=\"category\">Daxuyan\u00ee<\/a>","tag_info":"Daxuyan\u00ee","comment_count":"0","_links":{"self":[{"href":"https:\/\/saknews.net\/ku\/index.php?rest_route=\/wp\/v2\/posts\/1904","targetHints":{"allow":["GET"]}}],"collection":[{"href":"https:\/\/saknews.net\/ku\/index.php?rest_route=\/wp\/v2\/posts"}],"about":[{"href":"https:\/\/saknews.net\/ku\/index.php?rest_route=\/wp\/v2\/types\/post"}],"author":[{"embeddable":true,"href":"https:\/\/saknews.net\/ku\/index.php?rest_route=\/wp\/v2\/users\/8"}],"replies":[{"embeddable":true,"href":"https:\/\/saknews.net\/ku\/index.php?rest_route=%2Fwp%2Fv2%2Fcomments&post=1904"}],"version-history":[{"count":4,"href":"https:\/\/saknews.net\/ku\/index.php?rest_route=\/wp\/v2\/posts\/1904\/revisions"}],"predecessor-version":[{"id":1909,"href":"https:\/\/saknews.net\/ku\/index.php?rest_route=\/wp\/v2\/posts\/1904\/revisions\/1909"}],"wp:featuredmedia":[{"embeddable":true,"href":"https:\/\/saknews.net\/ku\/index.php?rest_route=\/wp\/v2\/media\/1905"}],"wp:attachment":[{"href":"https:\/\/saknews.net\/ku\/index.php?rest_route=%2Fwp%2Fv2%2Fmedia&parent=1904"}],"wp:term":[{"taxonomy":"category","embeddable":true,"href":"https:\/\/saknews.net\/ku\/index.php?rest_route=%2Fwp%2Fv2%2Fcategories&post=1904"},{"taxonomy":"post_tag","embeddable":true,"href":"https:\/\/saknews.net\/ku\/index.php?rest_route=%2Fwp%2Fv2%2Ftags&post=1904"}],"curies":[{"name":"wp","href":"https:\/\/api.w.org\/{rel}","templated":true}]}}