{"id":1911,"date":"2024-12-10T20:32:51","date_gmt":"2024-12-10T20:32:51","guid":{"rendered":"https:\/\/saknews.net\/ku\/?p=1911"},"modified":"2024-12-10T20:33:54","modified_gmt":"2024-12-10T20:33:54","slug":"rojnamevanek-mahir-esed-li-silemaniye-ye","status":"publish","type":"post","link":"https:\/\/saknews.net\/ku\/?p=1911","title":{"rendered":"Rojnamevanek: Mahir Esed li Sil\u00eamaniy\u00ea ye"},"content":{"rendered":"<p style=\"direction: ltr;\">Rojnamevek\u00ee kurd\u00ea \u00ceraq\u00ea, R\u00eabwar Ker\u00eem wel\u00ee, li ser r\u00fbpela xwe ya Facebook\u00ea hin zanyar\u00ee di derbar\u00ea Mahir Esed Fermandar\u00ea Firqeya 4an \u00fb biray\u00ea serok\u00ea rej\u00eem\u00ea y\u00ea reviyay\u00ee de belav kirin.<\/p>\n<p style=\"direction: ltr;\">Li gor\u00ee Wel\u00ee, Mahir Esed bi r\u00eaya El-Qaim re ligel \u00e7end \u015f\u00eawermend\u00ean \u00eeran\u00ee \u00fb hezar kes\u00ee derbas\u00ee \u00ceraq\u00ea b\u00fbne, herwiha wel\u00ee got Mahir Esed bi hol\u00eekopter\u00ea ber bi Deba\u015fan ve li Sil\u00eamaniy\u00ea firiya. T\u00ea gumankirin mebesta Wel\u00ee bi hezar kes\u00ee, ew le\u015fker\u00ean Art\u00ea\u015fa rej\u00eem\u00ea bin, ku li gor\u00ee j\u00eader\u00ean \u00eeraq\u00ee niha ew di konan de li Enbar\u00ea hatine bicihkirin.<\/p>\n<p><img data-recalc-dims=\"1\" decoding=\"async\" class=\"alignnone size-medium wp-image-1915 lazyload\" data-src=\"https:\/\/i0.wp.com\/saknews.net\/ku\/wp-content\/uploads\/2024\/12\/Screenshot_20241210_150826_Facebook.jpg?resize=300%2C172&#038;ssl=1\" alt=\"\" width=\"300\" height=\"172\" data-srcset=\"https:\/\/i0.wp.com\/saknews.net\/ku\/wp-content\/uploads\/2024\/12\/Screenshot_20241210_150826_Facebook.jpg?resize=300%2C172&amp;ssl=1 300w, https:\/\/i0.wp.com\/saknews.net\/ku\/wp-content\/uploads\/2024\/12\/Screenshot_20241210_150826_Facebook.jpg?resize=1024%2C587&amp;ssl=1 1024w, https:\/\/i0.wp.com\/saknews.net\/ku\/wp-content\/uploads\/2024\/12\/Screenshot_20241210_150826_Facebook.jpg?resize=768%2C440&amp;ssl=1 768w, https:\/\/i0.wp.com\/saknews.net\/ku\/wp-content\/uploads\/2024\/12\/Screenshot_20241210_150826_Facebook.jpg?w=1080&amp;ssl=1 1080w\" data-sizes=\"(max-width: 300px) 100vw, 300px\" src=\"data:image\/svg+xml;base64,PHN2ZyB3aWR0aD0iMSIgaGVpZ2h0PSIxIiB4bWxucz0iaHR0cDovL3d3dy53My5vcmcvMjAwMC9zdmciPjwvc3ZnPg==\" style=\"--smush-placeholder-width: 300px; --smush-placeholder-aspect-ratio: 300\/172;\" \/><\/p>\n<p style=\"direction: ltr;\">Heya niha j\u00ee ti daxuyaniyeke ferm\u00ee, ne ji Hikumeta \u00ceraq\u00ea an j\u00ee Hikumeta Her\u00eama Kurdistan\u00ea, di derbar\u00ea rastiya hatine Mahir Esed de derneketine. Hin zanyariy\u00ean \u00eeraq\u00ee, rastiya wan nehatine pi\u015ftraskirin, gotin ku Mahir Esed bir\u00eendar bib\u00fb. \u00fb pi\u015ft\u00ee dermankirin\u00ea w\u00ea Mahir Esed here Mosko cem biray\u00ea xwe Be\u015far.<\/p>\n<p style=\"direction: ltr;\">Pi\u015ft\u00ee h\u00eaz\u00ean ser bi Desteya Tehr\u00eer El-\u015eam(HTS) n\u00eaz\u00eek\u00ee \u015eam\u00ea hatin \u00fb gelek k\u00eam mab\u00fb ku \u015eam bikeve bin kontrola wan, n\u00fb\u00e7eya rev\u00eena Be\u015far Esed serok\u00ea rej\u00eem\u00ea belav b\u00fb, pi\u015ftre hate diyarkirin ku Esed \u00fb malbata xwe reviyane Mosko. Heya niha j\u00ee Esed ti daxuyan\u00ee di v\u00ea derbar\u00ea de belav nekirine.<\/p>\n<p style=\"direction: ltr;\">Fermandar\u00ea HTS, Ehmed El-\u015eerih ( Naskir\u00ee bi Colan\u00ee) Serok\u00ea hikumeta rizgar\u00ee ya xwe, endezyar Mihemes El-Be\u015f\u00eer bi erk\u00ea p\u00eakan\u00eena hikumeta n\u00fb ya veguh\u00eaz erkdar kir. El-Be\u015f\u00eer j\u00ee hikumeta xwe ragihand \u00fb tekez kir ku hikumeta w\u00ee demk\u00ee ye \u00fb ten\u00ea ji ber rew\u015fa niha ye.<\/p>\n","protected":false},"excerpt":{"rendered":"<p>Rojnamevek\u00ee kurd\u00ea \u00ceraq\u00ea, R\u00eabwar Ker\u00eem wel\u00ee, li ser r\u00fbpela xwe ya Facebook\u00ea hin zanyar\u00ee di&#8230;<\/p>\n","protected":false},"author":8,"featured_media":1913,"comment_status":"closed","ping_status":"closed","sticky":false,"template":"","format":"standard","meta":{"footnotes":""},"categories":[49],"tags":[],"class_list":["post-1911","post","type-post","status-publish","format-standard","has-post-thumbnail","hentry","category-nuce"],"yoast_head":"<!-- This site is optimized with the Yoast SEO plugin v27.5 - https:\/\/yoast.com\/product\/yoast-seo-wordpress\/ -->\n<title>Rojnamevanek: Mahir Esed li Sil\u00eamaniy\u00ea ye &#8226; \u015eAK<\/title>\n<meta name=\"robots\" content=\"index, follow, max-snippet:-1, max-image-preview:large, max-video-preview:-1\" \/>\n<link rel=\"canonical\" href=\"https:\/\/saknews.net\/ku\/?p=1911\" \/>\n<meta property=\"og:locale\" content=\"en_US\" \/>\n<meta property=\"og:type\" content=\"article\" \/>\n<meta property=\"og:title\" content=\"Rojnamevanek: Mahir Esed li Sil\u00eamaniy\u00ea ye &#8226; \u015eAK\" \/>\n<meta property=\"og:description\" content=\"Rojnamevek\u00ee kurd\u00ea \u00ceraq\u00ea, R\u00eabwar Ker\u00eem wel\u00ee, li ser r\u00fbpela xwe ya Facebook\u00ea hin zanyar\u00ee di...\" \/>\n<meta property=\"og:url\" content=\"https:\/\/saknews.net\/ku\/?p=1911\" \/>\n<meta property=\"og:site_name\" content=\"\u015eAK\" \/>\n<meta property=\"article:publisher\" content=\"https:\/\/www.facebook.com\/Shepel.ewropa\" \/>\n<meta property=\"article:published_time\" content=\"2024-12-10T20:32:51+00:00\" \/>\n<meta property=\"article:modified_time\" content=\"2024-12-10T20:33:54+00:00\" \/>\n<meta property=\"og:image\" content=\"https:\/\/saknews.net\/ku\/wp-content\/uploads\/2024\/12\/\u0628\u0634\u0627\u0631-\u0627\u0644\u0623\u0633\u062f-\u0648\u0634\u0642\u064a\u0642\u0647-\u0645\u0627\u0647\u0631.jpg\" \/>\n\t<meta property=\"og:image:width\" content=\"1200\" \/>\n\t<meta property=\"og:image:height\" content=\"630\" \/>\n\t<meta property=\"og:image:type\" content=\"image\/jpeg\" \/>\n<meta name=\"author\" content=\"Horan Hem\" \/>\n<meta name=\"twitter:card\" content=\"summary_large_image\" \/>\n<meta name=\"twitter:label1\" content=\"Written by\" \/>\n\t<meta name=\"twitter:data1\" content=\"Horan Hem\" \/>\n\t<meta name=\"twitter:label2\" content=\"Est. reading time\" \/>\n\t<meta name=\"twitter:data2\" content=\"2 minutes\" \/>\n<script type=\"application\/ld+json\" class=\"yoast-schema-graph\">{\"@context\":\"https:\\\/\\\/schema.org\",\"@graph\":[{\"@type\":\"Article\",\"@id\":\"https:\\\/\\\/saknews.net\\\/ku\\\/?p=1911#article\",\"isPartOf\":{\"@id\":\"https:\\\/\\\/saknews.net\\\/ku\\\/?p=1911\"},\"author\":{\"name\":\"Horan Hem\",\"@id\":\"https:\\\/\\\/saknews.net\\\/ku\\\/#\\\/schema\\\/person\\\/72ae32a4041a3817e015b63d8f409058\"},\"headline\":\"Rojnamevanek: Mahir Esed li Sil\u00eamaniy\u00ea ye\",\"datePublished\":\"2024-12-10T20:32:51+00:00\",\"dateModified\":\"2024-12-10T20:33:54+00:00\",\"mainEntityOfPage\":{\"@id\":\"https:\\\/\\\/saknews.net\\\/ku\\\/?p=1911\"},\"wordCount\":274,\"publisher\":{\"@id\":\"https:\\\/\\\/saknews.net\\\/ku\\\/#organization\"},\"image\":{\"@id\":\"https:\\\/\\\/saknews.net\\\/ku\\\/?p=1911#primaryimage\"},\"thumbnailUrl\":\"https:\\\/\\\/i0.wp.com\\\/saknews.net\\\/ku\\\/wp-content\\\/uploads\\\/2024\\\/12\\\/%D8%A8%D8%B4%D8%A7%D8%B1-%D8%A7%D9%84%D8%A3%D8%B3%D8%AF-%D9%88%D8%B4%D9%82%D9%8A%D9%82%D9%87-%D9%85%D8%A7%D9%87%D8%B1.jpg?fit=1200%2C630&ssl=1\",\"articleSection\":[\"N\u00fb\u00e7e\"],\"inLanguage\":\"en-US\"},{\"@type\":\"WebPage\",\"@id\":\"https:\\\/\\\/saknews.net\\\/ku\\\/?p=1911\",\"url\":\"https:\\\/\\\/saknews.net\\\/ku\\\/?p=1911\",\"name\":\"Rojnamevanek: Mahir Esed li Sil\u00eamaniy\u00ea ye &#8226; \u015eAK\",\"isPartOf\":{\"@id\":\"https:\\\/\\\/saknews.net\\\/ku\\\/#website\"},\"primaryImageOfPage\":{\"@id\":\"https:\\\/\\\/saknews.net\\\/ku\\\/?p=1911#primaryimage\"},\"image\":{\"@id\":\"https:\\\/\\\/saknews.net\\\/ku\\\/?p=1911#primaryimage\"},\"thumbnailUrl\":\"https:\\\/\\\/i0.wp.com\\\/saknews.net\\\/ku\\\/wp-content\\\/uploads\\\/2024\\\/12\\\/%D8%A8%D8%B4%D8%A7%D8%B1-%D8%A7%D9%84%D8%A3%D8%B3%D8%AF-%D9%88%D8%B4%D9%82%D9%8A%D9%82%D9%87-%D9%85%D8%A7%D9%87%D8%B1.jpg?fit=1200%2C630&ssl=1\",\"datePublished\":\"2024-12-10T20:32:51+00:00\",\"dateModified\":\"2024-12-10T20:33:54+00:00\",\"breadcrumb\":{\"@id\":\"https:\\\/\\\/saknews.net\\\/ku\\\/?p=1911#breadcrumb\"},\"inLanguage\":\"en-US\",\"potentialAction\":[{\"@type\":\"ReadAction\",\"target\":[\"https:\\\/\\\/saknews.net\\\/ku\\\/?p=1911\"]}]},{\"@type\":\"ImageObject\",\"inLanguage\":\"en-US\",\"@id\":\"https:\\\/\\\/saknews.net\\\/ku\\\/?p=1911#primaryimage\",\"url\":\"https:\\\/\\\/i0.wp.com\\\/saknews.net\\\/ku\\\/wp-content\\\/uploads\\\/2024\\\/12\\\/%D8%A8%D8%B4%D8%A7%D8%B1-%D8%A7%D9%84%D8%A3%D8%B3%D8%AF-%D9%88%D8%B4%D9%82%D9%8A%D9%82%D9%87-%D9%85%D8%A7%D9%87%D8%B1.jpg?fit=1200%2C630&ssl=1\",\"contentUrl\":\"https:\\\/\\\/i0.wp.com\\\/saknews.net\\\/ku\\\/wp-content\\\/uploads\\\/2024\\\/12\\\/%D8%A8%D8%B4%D8%A7%D8%B1-%D8%A7%D9%84%D8%A3%D8%B3%D8%AF-%D9%88%D8%B4%D9%82%D9%8A%D9%82%D9%87-%D9%85%D8%A7%D9%87%D8%B1.jpg?fit=1200%2C630&ssl=1\",\"width\":1200,\"height\":630},{\"@type\":\"BreadcrumbList\",\"@id\":\"https:\\\/\\\/saknews.net\\\/ku\\\/?p=1911#breadcrumb\",\"itemListElement\":[{\"@type\":\"ListItem\",\"position\":1,\"name\":\"\u0627\u0644\u0631\u0626\u064a\u0633\u064a\u0629\",\"item\":\"https:\\\/\\\/saknews.net\\\/ku\\\/\"},{\"@type\":\"ListItem\",\"position\":2,\"name\":\"N\u00fb\u00e7e\",\"item\":\"https:\\\/\\\/saknews.net\\\/ku\\\/?cat=49\"},{\"@type\":\"ListItem\",\"position\":3,\"name\":\"Rojnamevanek: Mahir Esed li Sil\u00eamaniy\u00ea ye\"}]},{\"@type\":\"WebSite\",\"@id\":\"https:\\\/\\\/saknews.net\\\/ku\\\/#website\",\"url\":\"https:\\\/\\\/saknews.net\\\/ku\\\/\",\"name\":\"S\u0327epe\u0302la Azadi\u0302 ya Kurdistani\u0302\",\"description\":\"\u062a\u064a\u0627\u0631 \u0627\u0644\u062d\u0631\u064a\u0629 \u0627\u0644\u0643\u0648\u0631\u062f\u0633\u062a\u0627\u0646\u064a \u015eep\u00eala Azad\u00ee ya Kurdistan\u00ee\",\"publisher\":{\"@id\":\"https:\\\/\\\/saknews.net\\\/ku\\\/#organization\"},\"potentialAction\":[{\"@type\":\"SearchAction\",\"target\":{\"@type\":\"EntryPoint\",\"urlTemplate\":\"https:\\\/\\\/saknews.net\\\/ku\\\/?s={search_term_string}\"},\"query-input\":{\"@type\":\"PropertyValueSpecification\",\"valueRequired\":true,\"valueName\":\"search_term_string\"}}],\"inLanguage\":\"en-US\"},{\"@type\":\"Organization\",\"@id\":\"https:\\\/\\\/saknews.net\\\/ku\\\/#organization\",\"name\":\"\u015eep\u00eala Azadiy\u00ea ya Kurdistan\u00ea - \u062a\u064a\u0627\u0631 \u0627\u0644\u062d\u0631\u064a\u0629 \u0627\u0644\u0643\u0648\u0631\u062f\u0633\u062a\u0627\u0646\u064a\",\"url\":\"https:\\\/\\\/saknews.net\\\/ku\\\/\",\"logo\":{\"@type\":\"ImageObject\",\"inLanguage\":\"en-US\",\"@id\":\"https:\\\/\\\/saknews.net\\\/ku\\\/#\\\/schema\\\/logo\\\/image\\\/\",\"url\":\"https:\\\/\\\/i0.wp.com\\\/saknews.net\\\/ku\\\/wp-content\\\/uploads\\\/2024\\\/11\\\/cropped-logo-1.png?fit=512%2C512&ssl=1\",\"contentUrl\":\"https:\\\/\\\/i0.wp.com\\\/saknews.net\\\/ku\\\/wp-content\\\/uploads\\\/2024\\\/11\\\/cropped-logo-1.png?fit=512%2C512&ssl=1\",\"width\":512,\"height\":512,\"caption\":\"\u015eep\u00eala Azadiy\u00ea ya Kurdistan\u00ea - \u062a\u064a\u0627\u0631 \u0627\u0644\u062d\u0631\u064a\u0629 \u0627\u0644\u0643\u0648\u0631\u062f\u0633\u062a\u0627\u0646\u064a\"},\"image\":{\"@id\":\"https:\\\/\\\/saknews.net\\\/ku\\\/#\\\/schema\\\/logo\\\/image\\\/\"},\"sameAs\":[\"https:\\\/\\\/www.facebook.com\\\/Shepel.ewropa\"]},{\"@type\":\"Person\",\"@id\":\"https:\\\/\\\/saknews.net\\\/ku\\\/#\\\/schema\\\/person\\\/72ae32a4041a3817e015b63d8f409058\",\"name\":\"Horan Hem\",\"url\":\"https:\\\/\\\/saknews.net\\\/ku\\\/?author=8\"}]}<\/script>\n<!-- \/ Yoast SEO plugin. -->","yoast_head_json":{"title":"Rojnamevanek: Mahir Esed li Sil\u00eamaniy\u00ea ye &#8226; \u015eAK","robots":{"index":"index","follow":"follow","max-snippet":"max-snippet:-1","max-image-preview":"max-image-preview:large","max-video-preview":"max-video-preview:-1"},"canonical":"https:\/\/saknews.net\/ku\/?p=1911","og_locale":"en_US","og_type":"article","og_title":"Rojnamevanek: Mahir Esed li Sil\u00eamaniy\u00ea ye &#8226; \u015eAK","og_description":"Rojnamevek\u00ee kurd\u00ea \u00ceraq\u00ea, R\u00eabwar Ker\u00eem wel\u00ee, li ser r\u00fbpela xwe ya Facebook\u00ea hin zanyar\u00ee di...","og_url":"https:\/\/saknews.net\/ku\/?p=1911","og_site_name":"\u015eAK","article_publisher":"https:\/\/www.facebook.com\/Shepel.ewropa","article_published_time":"2024-12-10T20:32:51+00:00","article_modified_time":"2024-12-10T20:33:54+00:00","og_image":[{"width":1200,"height":630,"url":"https:\/\/saknews.net\/ku\/wp-content\/uploads\/2024\/12\/\u0628\u0634\u0627\u0631-\u0627\u0644\u0623\u0633\u062f-\u0648\u0634\u0642\u064a\u0642\u0647-\u0645\u0627\u0647\u0631.jpg","type":"image\/jpeg"}],"author":"Horan Hem","twitter_card":"summary_large_image","twitter_misc":{"Written by":"Horan Hem","Est. reading time":"2 minutes"},"schema":{"@context":"https:\/\/schema.org","@graph":[{"@type":"Article","@id":"https:\/\/saknews.net\/ku\/?p=1911#article","isPartOf":{"@id":"https:\/\/saknews.net\/ku\/?p=1911"},"author":{"name":"Horan Hem","@id":"https:\/\/saknews.net\/ku\/#\/schema\/person\/72ae32a4041a3817e015b63d8f409058"},"headline":"Rojnamevanek: Mahir Esed li Sil\u00eamaniy\u00ea ye","datePublished":"2024-12-10T20:32:51+00:00","dateModified":"2024-12-10T20:33:54+00:00","mainEntityOfPage":{"@id":"https:\/\/saknews.net\/ku\/?p=1911"},"wordCount":274,"publisher":{"@id":"https:\/\/saknews.net\/ku\/#organization"},"image":{"@id":"https:\/\/saknews.net\/ku\/?p=1911#primaryimage"},"thumbnailUrl":"https:\/\/i0.wp.com\/saknews.net\/ku\/wp-content\/uploads\/2024\/12\/%D8%A8%D8%B4%D8%A7%D8%B1-%D8%A7%D9%84%D8%A3%D8%B3%D8%AF-%D9%88%D8%B4%D9%82%D9%8A%D9%82%D9%87-%D9%85%D8%A7%D9%87%D8%B1.jpg?fit=1200%2C630&ssl=1","articleSection":["N\u00fb\u00e7e"],"inLanguage":"en-US"},{"@type":"WebPage","@id":"https:\/\/saknews.net\/ku\/?p=1911","url":"https:\/\/saknews.net\/ku\/?p=1911","name":"Rojnamevanek: Mahir Esed li Sil\u00eamaniy\u00ea ye &#8226; \u015eAK","isPartOf":{"@id":"https:\/\/saknews.net\/ku\/#website"},"primaryImageOfPage":{"@id":"https:\/\/saknews.net\/ku\/?p=1911#primaryimage"},"image":{"@id":"https:\/\/saknews.net\/ku\/?p=1911#primaryimage"},"thumbnailUrl":"https:\/\/i0.wp.com\/saknews.net\/ku\/wp-content\/uploads\/2024\/12\/%D8%A8%D8%B4%D8%A7%D8%B1-%D8%A7%D9%84%D8%A3%D8%B3%D8%AF-%D9%88%D8%B4%D9%82%D9%8A%D9%82%D9%87-%D9%85%D8%A7%D9%87%D8%B1.jpg?fit=1200%2C630&ssl=1","datePublished":"2024-12-10T20:32:51+00:00","dateModified":"2024-12-10T20:33:54+00:00","breadcrumb":{"@id":"https:\/\/saknews.net\/ku\/?p=1911#breadcrumb"},"inLanguage":"en-US","potentialAction":[{"@type":"ReadAction","target":["https:\/\/saknews.net\/ku\/?p=1911"]}]},{"@type":"ImageObject","inLanguage":"en-US","@id":"https:\/\/saknews.net\/ku\/?p=1911#primaryimage","url":"https:\/\/i0.wp.com\/saknews.net\/ku\/wp-content\/uploads\/2024\/12\/%D8%A8%D8%B4%D8%A7%D8%B1-%D8%A7%D9%84%D8%A3%D8%B3%D8%AF-%D9%88%D8%B4%D9%82%D9%8A%D9%82%D9%87-%D9%85%D8%A7%D9%87%D8%B1.jpg?fit=1200%2C630&ssl=1","contentUrl":"https:\/\/i0.wp.com\/saknews.net\/ku\/wp-content\/uploads\/2024\/12\/%D8%A8%D8%B4%D8%A7%D8%B1-%D8%A7%D9%84%D8%A3%D8%B3%D8%AF-%D9%88%D8%B4%D9%82%D9%8A%D9%82%D9%87-%D9%85%D8%A7%D9%87%D8%B1.jpg?fit=1200%2C630&ssl=1","width":1200,"height":630},{"@type":"BreadcrumbList","@id":"https:\/\/saknews.net\/ku\/?p=1911#breadcrumb","itemListElement":[{"@type":"ListItem","position":1,"name":"\u0627\u0644\u0631\u0626\u064a\u0633\u064a\u0629","item":"https:\/\/saknews.net\/ku\/"},{"@type":"ListItem","position":2,"name":"N\u00fb\u00e7e","item":"https:\/\/saknews.net\/ku\/?cat=49"},{"@type":"ListItem","position":3,"name":"Rojnamevanek: Mahir Esed li Sil\u00eamaniy\u00ea ye"}]},{"@type":"WebSite","@id":"https:\/\/saknews.net\/ku\/#website","url":"https:\/\/saknews.net\/ku\/","name":"S\u0327epe\u0302la Azadi\u0302 ya Kurdistani\u0302","description":"\u062a\u064a\u0627\u0631 \u0627\u0644\u062d\u0631\u064a\u0629 \u0627\u0644\u0643\u0648\u0631\u062f\u0633\u062a\u0627\u0646\u064a \u015eep\u00eala Azad\u00ee ya Kurdistan\u00ee","publisher":{"@id":"https:\/\/saknews.net\/ku\/#organization"},"potentialAction":[{"@type":"SearchAction","target":{"@type":"EntryPoint","urlTemplate":"https:\/\/saknews.net\/ku\/?s={search_term_string}"},"query-input":{"@type":"PropertyValueSpecification","valueRequired":true,"valueName":"search_term_string"}}],"inLanguage":"en-US"},{"@type":"Organization","@id":"https:\/\/saknews.net\/ku\/#organization","name":"\u015eep\u00eala Azadiy\u00ea ya Kurdistan\u00ea - \u062a\u064a\u0627\u0631 \u0627\u0644\u062d\u0631\u064a\u0629 \u0627\u0644\u0643\u0648\u0631\u062f\u0633\u062a\u0627\u0646\u064a","url":"https:\/\/saknews.net\/ku\/","logo":{"@type":"ImageObject","inLanguage":"en-US","@id":"https:\/\/saknews.net\/ku\/#\/schema\/logo\/image\/","url":"https:\/\/i0.wp.com\/saknews.net\/ku\/wp-content\/uploads\/2024\/11\/cropped-logo-1.png?fit=512%2C512&ssl=1","contentUrl":"https:\/\/i0.wp.com\/saknews.net\/ku\/wp-content\/uploads\/2024\/11\/cropped-logo-1.png?fit=512%2C512&ssl=1","width":512,"height":512,"caption":"\u015eep\u00eala Azadiy\u00ea ya Kurdistan\u00ea - \u062a\u064a\u0627\u0631 \u0627\u0644\u062d\u0631\u064a\u0629 \u0627\u0644\u0643\u0648\u0631\u062f\u0633\u062a\u0627\u0646\u064a"},"image":{"@id":"https:\/\/saknews.net\/ku\/#\/schema\/logo\/image\/"},"sameAs":["https:\/\/www.facebook.com\/Shepel.ewropa"]},{"@type":"Person","@id":"https:\/\/saknews.net\/ku\/#\/schema\/person\/72ae32a4041a3817e015b63d8f409058","name":"Horan Hem","url":"https:\/\/saknews.net\/ku\/?author=8"}]}},"featured_image_urls":{"full":["https:\/\/i0.wp.com\/saknews.net\/ku\/wp-content\/uploads\/2024\/12\/%D8%A8%D8%B4%D8%A7%D8%B1-%D8%A7%D9%84%D8%A3%D8%B3%D8%AF-%D9%88%D8%B4%D9%82%D9%8A%D9%82%D9%87-%D9%85%D8%A7%D9%87%D8%B1.jpg?fit=1200%2C630&ssl=1",1200,630,false],"thumbnail":["https:\/\/i0.wp.com\/saknews.net\/ku\/wp-content\/uploads\/2024\/12\/%D8%A8%D8%B4%D8%A7%D8%B1-%D8%A7%D9%84%D8%A3%D8%B3%D8%AF-%D9%88%D8%B4%D9%82%D9%8A%D9%82%D9%87-%D9%85%D8%A7%D9%87%D8%B1.jpg?resize=150%2C150&ssl=1",150,150,true],"medium":["https:\/\/i0.wp.com\/saknews.net\/ku\/wp-content\/uploads\/2024\/12\/%D8%A8%D8%B4%D8%A7%D8%B1-%D8%A7%D9%84%D8%A3%D8%B3%D8%AF-%D9%88%D8%B4%D9%82%D9%8A%D9%82%D9%87-%D9%85%D8%A7%D9%87%D8%B1.jpg?fit=300%2C158&ssl=1",300,158,true],"medium_large":["https:\/\/i0.wp.com\/saknews.net\/ku\/wp-content\/uploads\/2024\/12\/%D8%A8%D8%B4%D8%A7%D8%B1-%D8%A7%D9%84%D8%A3%D8%B3%D8%AF-%D9%88%D8%B4%D9%82%D9%8A%D9%82%D9%87-%D9%85%D8%A7%D9%87%D8%B1.jpg?fit=640%2C336&ssl=1",640,336,true],"large":["https:\/\/i0.wp.com\/saknews.net\/ku\/wp-content\/uploads\/2024\/12\/%D8%A8%D8%B4%D8%A7%D8%B1-%D8%A7%D9%84%D8%A3%D8%B3%D8%AF-%D9%88%D8%B4%D9%82%D9%8A%D9%82%D9%87-%D9%85%D8%A7%D9%87%D8%B1.jpg?fit=640%2C336&ssl=1",640,336,true],"1536x1536":["https:\/\/i0.wp.com\/saknews.net\/ku\/wp-content\/uploads\/2024\/12\/%D8%A8%D8%B4%D8%A7%D8%B1-%D8%A7%D9%84%D8%A3%D8%B3%D8%AF-%D9%88%D8%B4%D9%82%D9%8A%D9%82%D9%87-%D9%85%D8%A7%D9%87%D8%B1.jpg?fit=1200%2C630&ssl=1",1200,630,true],"2048x2048":["https:\/\/i0.wp.com\/saknews.net\/ku\/wp-content\/uploads\/2024\/12\/%D8%A8%D8%B4%D8%A7%D8%B1-%D8%A7%D9%84%D8%A3%D8%B3%D8%AF-%D9%88%D8%B4%D9%82%D9%8A%D9%82%D9%87-%D9%85%D8%A7%D9%87%D8%B1.jpg?fit=1200%2C630&ssl=1",1200,630,true],"covernews-featured":["https:\/\/i0.wp.com\/saknews.net\/ku\/wp-content\/uploads\/2024\/12\/%D8%A8%D8%B4%D8%A7%D8%B1-%D8%A7%D9%84%D8%A3%D8%B3%D8%AF-%D9%88%D8%B4%D9%82%D9%8A%D9%82%D9%87-%D9%85%D8%A7%D9%87%D8%B1.jpg?fit=1024%2C538&ssl=1",1024,538,true],"covernews-medium":["https:\/\/i0.wp.com\/saknews.net\/ku\/wp-content\/uploads\/2024\/12\/%D8%A8%D8%B4%D8%A7%D8%B1-%D8%A7%D9%84%D8%A3%D8%B3%D8%AF-%D9%88%D8%B4%D9%82%D9%8A%D9%82%D9%87-%D9%85%D8%A7%D9%87%D8%B1.jpg?resize=540%2C340&ssl=1",540,340,true]},"author_info":{"display_name":"Horan Hem","author_link":"https:\/\/saknews.net\/ku\/?author=8"},"category_info":"<a href=\"https:\/\/saknews.net\/ku\/?cat=49\" rel=\"category\">N\u00fb\u00e7e<\/a>","tag_info":"N\u00fb\u00e7e","comment_count":"0","_links":{"self":[{"href":"https:\/\/saknews.net\/ku\/index.php?rest_route=\/wp\/v2\/posts\/1911","targetHints":{"allow":["GET"]}}],"collection":[{"href":"https:\/\/saknews.net\/ku\/index.php?rest_route=\/wp\/v2\/posts"}],"about":[{"href":"https:\/\/saknews.net\/ku\/index.php?rest_route=\/wp\/v2\/types\/post"}],"author":[{"embeddable":true,"href":"https:\/\/saknews.net\/ku\/index.php?rest_route=\/wp\/v2\/users\/8"}],"replies":[{"embeddable":true,"href":"https:\/\/saknews.net\/ku\/index.php?rest_route=%2Fwp%2Fv2%2Fcomments&post=1911"}],"version-history":[{"count":2,"href":"https:\/\/saknews.net\/ku\/index.php?rest_route=\/wp\/v2\/posts\/1911\/revisions"}],"predecessor-version":[{"id":1916,"href":"https:\/\/saknews.net\/ku\/index.php?rest_route=\/wp\/v2\/posts\/1911\/revisions\/1916"}],"wp:featuredmedia":[{"embeddable":true,"href":"https:\/\/saknews.net\/ku\/index.php?rest_route=\/wp\/v2\/media\/1913"}],"wp:attachment":[{"href":"https:\/\/saknews.net\/ku\/index.php?rest_route=%2Fwp%2Fv2%2Fmedia&parent=1911"}],"wp:term":[{"taxonomy":"category","embeddable":true,"href":"https:\/\/saknews.net\/ku\/index.php?rest_route=%2Fwp%2Fv2%2Fcategories&post=1911"},{"taxonomy":"post_tag","embeddable":true,"href":"https:\/\/saknews.net\/ku\/index.php?rest_route=%2Fwp%2Fv2%2Ftags&post=1911"}],"curies":[{"name":"wp","href":"https:\/\/api.w.org\/{rel}","templated":true}]}}