{"id":1920,"date":"2024-12-11T20:22:01","date_gmt":"2024-12-11T20:22:01","guid":{"rendered":"https:\/\/saknews.net\/ku\/?p=1920"},"modified":"2024-12-11T20:22:01","modified_gmt":"2024-12-11T20:22:01","slug":"seroke-sake-bang-li-efriniyan-dike-vegerin-cih-u-waren-xwe","status":"publish","type":"post","link":"https:\/\/saknews.net\/ku\/?p=1920","title":{"rendered":"Serok\u00ea \u015eAK\u00ea bang li efr\u00eeniyan dike vegerin cih \u00fb war\u00ean xwe"},"content":{"rendered":"<p style=\"text-align: justify;\">\n<p style=\"text-align: justify;\">Serok\u00ea \u015eep\u00eala Azad\u00ee ya Kurdistan\u00ee di hevd\u00eetineke telefizyon\u00ee de di bulteneke R\u00fbdaw\u00ea de, \u00eero roja \u00c7are\u015fem\u00ea di 11.12.2024an de, bang li derbider\u00ean Efr\u00een\u00ea kir ji Reqa, Ciz\u00eer \u00fb Her\u00eama Kurdistan\u00ea vegerin Efr\u00een\u00ea \u00fb guhertina demograf\u00ee neh\u00ealin. Haco e\u015fkere kir ku di wan roj\u00ean derbasb\u00fby\u00ee de derdora 7 hezar derbider vegeriyane Efr\u00een\u00ea. Haco tekez kir ku niha derfeteke ba\u015f \u00e7\u00eab\u00fbye ku xelk vegere.<\/p>\n<p style=\"text-align: justify;\">Haco tekez kir ku endam\u00ean wan p\u00ea\u015fwaziya xelk\u00ea Efr\u00een\u00ea dikirin ku vegerin \u00fb \u00e7\u00fbb\u00fbn ser r\u00eay\u00ean wan \u00fb vegerandin, ji ber ku vegera wan di v\u00ea dem\u00ea de gelek\u00ee gir\u00eeng e.<\/p>\n<p style=\"text-align: justify;\">Herwiha Haco got pi\u015ft\u00ee ku PYD bajrok\u00ea Til Rifat\u00ea \u00fb derdor\u00ea radest\u00ee \u00e7ekdar\u00ean Art\u00ea\u015fa Ni\u015ftiman\u00ee kirin, gote xelk\u00ea herin Reqa \u00fb Tebqay\u00ea, l\u00ea negote wan vegerin Efr\u00een\u00ea. Haco tekez kir ku eger PYD ber\u00ea xelk\u00ea daba Efr\u00een\u00ea w\u00ea 150 hezar vegeriyaba, l\u00ea ev yek nekirin.<\/p>\n<p style=\"text-align: justify;\">Pi\u015ft\u00ee ku Desteya Tehr\u00eer EL-\u015eam \u00fb hevalbend\u00ean w\u00ea operasyona L\u00eavegerandina \u00car\u00ee\u015f\u00ea ragihandin \u00fb Bajar\u00ea Heleb\u00ea ji dest\u00ean rej\u00eem\u00ea derxistin, odeya operasyona Berbanga Azadiy\u00ea ji aliy\u00ea \u00e7ekdar\u00ean Art\u00ea\u015fa Ni\u015ftiman\u00ee y\u00ean ser bi Tirkiy\u00ea ve hate ragihandin. Di encam\u00ea de PYD dever\u00ean xwe li Til Rifat\u00ea \u00fb derdor\u00ea radest\u00ee \u00e7ekdaran kirin \u00fb ber\u00ean derbider\u00ean Efr\u00een\u00ea ji wir da ber Req \u00fb Tebqay\u00ea \u00fb ten\u00ea 1820 malbat vegeriya Efr\u00een\u00ea.<\/p>\n","protected":false},"excerpt":{"rendered":"<p>Serok\u00ea \u015eep\u00eala Azad\u00ee ya Kurdistan\u00ee di hevd\u00eetineke telefizyon\u00ee de di bulteneke R\u00fbdaw\u00ea de, \u00eero roja&#8230;<\/p>\n","protected":false},"author":8,"featured_media":1921,"comment_status":"closed","ping_status":"closed","sticky":false,"template":"","format":"standard","meta":{"footnotes":""},"categories":[42],"tags":[],"class_list":["post-1920","post","type-post","status-publish","format-standard","has-post-thumbnail","hentry","category-hevditin"],"yoast_head":"<!-- This site is optimized with the Yoast SEO plugin v27.5 - https:\/\/yoast.com\/product\/yoast-seo-wordpress\/ -->\n<title>Serok\u00ea \u015eAK\u00ea bang li efr\u00eeniyan dike vegerin cih \u00fb war\u00ean xwe &#8226; \u015eAK<\/title>\n<meta name=\"robots\" content=\"index, follow, max-snippet:-1, max-image-preview:large, max-video-preview:-1\" \/>\n<link rel=\"canonical\" href=\"https:\/\/saknews.net\/ku\/?p=1920\" \/>\n<meta property=\"og:locale\" content=\"en_US\" \/>\n<meta property=\"og:type\" content=\"article\" \/>\n<meta property=\"og:title\" content=\"Serok\u00ea \u015eAK\u00ea bang li efr\u00eeniyan dike vegerin cih \u00fb war\u00ean xwe &#8226; \u015eAK\" \/>\n<meta property=\"og:description\" content=\"Serok\u00ea \u015eep\u00eala Azad\u00ee ya Kurdistan\u00ee di hevd\u00eetineke telefizyon\u00ee de di bulteneke R\u00fbdaw\u00ea de, \u00eero roja...\" \/>\n<meta property=\"og:url\" content=\"https:\/\/saknews.net\/ku\/?p=1920\" \/>\n<meta property=\"og:site_name\" content=\"\u015eAK\" \/>\n<meta property=\"article:publisher\" content=\"https:\/\/www.facebook.com\/Shepel.ewropa\" \/>\n<meta property=\"article:published_time\" content=\"2024-12-11T20:22:01+00:00\" \/>\n<meta property=\"og:image\" content=\"https:\/\/saknews.net\/ku\/wp-content\/uploads\/2024\/12\/Screenshot_20241211_202806_Facebook.jpg\" \/>\n\t<meta property=\"og:image:width\" content=\"1899\" \/>\n\t<meta property=\"og:image:height\" content=\"1080\" \/>\n\t<meta property=\"og:image:type\" content=\"image\/jpeg\" \/>\n<meta name=\"author\" content=\"Horan Hem\" \/>\n<meta name=\"twitter:card\" content=\"summary_large_image\" \/>\n<meta name=\"twitter:label1\" content=\"Written by\" \/>\n\t<meta name=\"twitter:data1\" content=\"Horan Hem\" \/>\n\t<meta name=\"twitter:label2\" content=\"Est. reading time\" \/>\n\t<meta name=\"twitter:data2\" content=\"2 minutes\" \/>\n<script type=\"application\/ld+json\" class=\"yoast-schema-graph\">{\"@context\":\"https:\\\/\\\/schema.org\",\"@graph\":[{\"@type\":\"Article\",\"@id\":\"https:\\\/\\\/saknews.net\\\/ku\\\/?p=1920#article\",\"isPartOf\":{\"@id\":\"https:\\\/\\\/saknews.net\\\/ku\\\/?p=1920\"},\"author\":{\"name\":\"Horan Hem\",\"@id\":\"https:\\\/\\\/saknews.net\\\/ku\\\/#\\\/schema\\\/person\\\/72ae32a4041a3817e015b63d8f409058\"},\"headline\":\"Serok\u00ea \u015eAK\u00ea bang li efr\u00eeniyan dike vegerin cih \u00fb war\u00ean xwe\",\"datePublished\":\"2024-12-11T20:22:01+00:00\",\"mainEntityOfPage\":{\"@id\":\"https:\\\/\\\/saknews.net\\\/ku\\\/?p=1920\"},\"wordCount\":245,\"publisher\":{\"@id\":\"https:\\\/\\\/saknews.net\\\/ku\\\/#organization\"},\"image\":{\"@id\":\"https:\\\/\\\/saknews.net\\\/ku\\\/?p=1920#primaryimage\"},\"thumbnailUrl\":\"https:\\\/\\\/i0.wp.com\\\/saknews.net\\\/ku\\\/wp-content\\\/uploads\\\/2024\\\/12\\\/Screenshot_20241211_202806_Facebook.jpg?fit=1899%2C1080&ssl=1\",\"articleSection\":[\"Hevd\u00eetin\"],\"inLanguage\":\"en-US\"},{\"@type\":\"WebPage\",\"@id\":\"https:\\\/\\\/saknews.net\\\/ku\\\/?p=1920\",\"url\":\"https:\\\/\\\/saknews.net\\\/ku\\\/?p=1920\",\"name\":\"Serok\u00ea \u015eAK\u00ea bang li efr\u00eeniyan dike vegerin cih \u00fb war\u00ean xwe &#8226; \u015eAK\",\"isPartOf\":{\"@id\":\"https:\\\/\\\/saknews.net\\\/ku\\\/#website\"},\"primaryImageOfPage\":{\"@id\":\"https:\\\/\\\/saknews.net\\\/ku\\\/?p=1920#primaryimage\"},\"image\":{\"@id\":\"https:\\\/\\\/saknews.net\\\/ku\\\/?p=1920#primaryimage\"},\"thumbnailUrl\":\"https:\\\/\\\/i0.wp.com\\\/saknews.net\\\/ku\\\/wp-content\\\/uploads\\\/2024\\\/12\\\/Screenshot_20241211_202806_Facebook.jpg?fit=1899%2C1080&ssl=1\",\"datePublished\":\"2024-12-11T20:22:01+00:00\",\"breadcrumb\":{\"@id\":\"https:\\\/\\\/saknews.net\\\/ku\\\/?p=1920#breadcrumb\"},\"inLanguage\":\"en-US\",\"potentialAction\":[{\"@type\":\"ReadAction\",\"target\":[\"https:\\\/\\\/saknews.net\\\/ku\\\/?p=1920\"]}]},{\"@type\":\"ImageObject\",\"inLanguage\":\"en-US\",\"@id\":\"https:\\\/\\\/saknews.net\\\/ku\\\/?p=1920#primaryimage\",\"url\":\"https:\\\/\\\/i0.wp.com\\\/saknews.net\\\/ku\\\/wp-content\\\/uploads\\\/2024\\\/12\\\/Screenshot_20241211_202806_Facebook.jpg?fit=1899%2C1080&ssl=1\",\"contentUrl\":\"https:\\\/\\\/i0.wp.com\\\/saknews.net\\\/ku\\\/wp-content\\\/uploads\\\/2024\\\/12\\\/Screenshot_20241211_202806_Facebook.jpg?fit=1899%2C1080&ssl=1\",\"width\":1899,\"height\":1080},{\"@type\":\"BreadcrumbList\",\"@id\":\"https:\\\/\\\/saknews.net\\\/ku\\\/?p=1920#breadcrumb\",\"itemListElement\":[{\"@type\":\"ListItem\",\"position\":1,\"name\":\"\u0627\u0644\u0631\u0626\u064a\u0633\u064a\u0629\",\"item\":\"https:\\\/\\\/saknews.net\\\/ku\\\/\"},{\"@type\":\"ListItem\",\"position\":2,\"name\":\"N\u00fb\u00e7e\",\"item\":\"https:\\\/\\\/saknews.net\\\/ku\\\/?cat=49\"},{\"@type\":\"ListItem\",\"position\":3,\"name\":\"Daxuyan\u00ee\",\"item\":\"https:\\\/\\\/saknews.net\\\/ku\\\/?cat=34\"},{\"@type\":\"ListItem\",\"position\":4,\"name\":\"Hevd\u00eetin\",\"item\":\"https:\\\/\\\/saknews.net\\\/ku\\\/?cat=42\"},{\"@type\":\"ListItem\",\"position\":5,\"name\":\"Serok\u00ea \u015eAK\u00ea bang li efr\u00eeniyan dike vegerin cih \u00fb war\u00ean xwe\"}]},{\"@type\":\"WebSite\",\"@id\":\"https:\\\/\\\/saknews.net\\\/ku\\\/#website\",\"url\":\"https:\\\/\\\/saknews.net\\\/ku\\\/\",\"name\":\"S\u0327epe\u0302la Azadi\u0302 ya Kurdistani\u0302\",\"description\":\"\u062a\u064a\u0627\u0631 \u0627\u0644\u062d\u0631\u064a\u0629 \u0627\u0644\u0643\u0648\u0631\u062f\u0633\u062a\u0627\u0646\u064a \u015eep\u00eala Azad\u00ee ya Kurdistan\u00ee\",\"publisher\":{\"@id\":\"https:\\\/\\\/saknews.net\\\/ku\\\/#organization\"},\"potentialAction\":[{\"@type\":\"SearchAction\",\"target\":{\"@type\":\"EntryPoint\",\"urlTemplate\":\"https:\\\/\\\/saknews.net\\\/ku\\\/?s={search_term_string}\"},\"query-input\":{\"@type\":\"PropertyValueSpecification\",\"valueRequired\":true,\"valueName\":\"search_term_string\"}}],\"inLanguage\":\"en-US\"},{\"@type\":\"Organization\",\"@id\":\"https:\\\/\\\/saknews.net\\\/ku\\\/#organization\",\"name\":\"\u015eep\u00eala Azadiy\u00ea ya Kurdistan\u00ea - \u062a\u064a\u0627\u0631 \u0627\u0644\u062d\u0631\u064a\u0629 \u0627\u0644\u0643\u0648\u0631\u062f\u0633\u062a\u0627\u0646\u064a\",\"url\":\"https:\\\/\\\/saknews.net\\\/ku\\\/\",\"logo\":{\"@type\":\"ImageObject\",\"inLanguage\":\"en-US\",\"@id\":\"https:\\\/\\\/saknews.net\\\/ku\\\/#\\\/schema\\\/logo\\\/image\\\/\",\"url\":\"https:\\\/\\\/i0.wp.com\\\/saknews.net\\\/ku\\\/wp-content\\\/uploads\\\/2024\\\/11\\\/cropped-logo-1.png?fit=512%2C512&ssl=1\",\"contentUrl\":\"https:\\\/\\\/i0.wp.com\\\/saknews.net\\\/ku\\\/wp-content\\\/uploads\\\/2024\\\/11\\\/cropped-logo-1.png?fit=512%2C512&ssl=1\",\"width\":512,\"height\":512,\"caption\":\"\u015eep\u00eala Azadiy\u00ea ya Kurdistan\u00ea - \u062a\u064a\u0627\u0631 \u0627\u0644\u062d\u0631\u064a\u0629 \u0627\u0644\u0643\u0648\u0631\u062f\u0633\u062a\u0627\u0646\u064a\"},\"image\":{\"@id\":\"https:\\\/\\\/saknews.net\\\/ku\\\/#\\\/schema\\\/logo\\\/image\\\/\"},\"sameAs\":[\"https:\\\/\\\/www.facebook.com\\\/Shepel.ewropa\"]},{\"@type\":\"Person\",\"@id\":\"https:\\\/\\\/saknews.net\\\/ku\\\/#\\\/schema\\\/person\\\/72ae32a4041a3817e015b63d8f409058\",\"name\":\"Horan Hem\",\"url\":\"https:\\\/\\\/saknews.net\\\/ku\\\/?author=8\"}]}<\/script>\n<!-- \/ Yoast SEO plugin. -->","yoast_head_json":{"title":"Serok\u00ea \u015eAK\u00ea bang li efr\u00eeniyan dike vegerin cih \u00fb war\u00ean xwe &#8226; \u015eAK","robots":{"index":"index","follow":"follow","max-snippet":"max-snippet:-1","max-image-preview":"max-image-preview:large","max-video-preview":"max-video-preview:-1"},"canonical":"https:\/\/saknews.net\/ku\/?p=1920","og_locale":"en_US","og_type":"article","og_title":"Serok\u00ea \u015eAK\u00ea bang li efr\u00eeniyan dike vegerin cih \u00fb war\u00ean xwe &#8226; \u015eAK","og_description":"Serok\u00ea \u015eep\u00eala Azad\u00ee ya Kurdistan\u00ee di hevd\u00eetineke telefizyon\u00ee de di bulteneke R\u00fbdaw\u00ea de, \u00eero roja...","og_url":"https:\/\/saknews.net\/ku\/?p=1920","og_site_name":"\u015eAK","article_publisher":"https:\/\/www.facebook.com\/Shepel.ewropa","article_published_time":"2024-12-11T20:22:01+00:00","og_image":[{"width":1899,"height":1080,"url":"https:\/\/saknews.net\/ku\/wp-content\/uploads\/2024\/12\/Screenshot_20241211_202806_Facebook.jpg","type":"image\/jpeg"}],"author":"Horan Hem","twitter_card":"summary_large_image","twitter_misc":{"Written by":"Horan Hem","Est. reading time":"2 minutes"},"schema":{"@context":"https:\/\/schema.org","@graph":[{"@type":"Article","@id":"https:\/\/saknews.net\/ku\/?p=1920#article","isPartOf":{"@id":"https:\/\/saknews.net\/ku\/?p=1920"},"author":{"name":"Horan Hem","@id":"https:\/\/saknews.net\/ku\/#\/schema\/person\/72ae32a4041a3817e015b63d8f409058"},"headline":"Serok\u00ea \u015eAK\u00ea bang li efr\u00eeniyan dike vegerin cih \u00fb war\u00ean xwe","datePublished":"2024-12-11T20:22:01+00:00","mainEntityOfPage":{"@id":"https:\/\/saknews.net\/ku\/?p=1920"},"wordCount":245,"publisher":{"@id":"https:\/\/saknews.net\/ku\/#organization"},"image":{"@id":"https:\/\/saknews.net\/ku\/?p=1920#primaryimage"},"thumbnailUrl":"https:\/\/i0.wp.com\/saknews.net\/ku\/wp-content\/uploads\/2024\/12\/Screenshot_20241211_202806_Facebook.jpg?fit=1899%2C1080&ssl=1","articleSection":["Hevd\u00eetin"],"inLanguage":"en-US"},{"@type":"WebPage","@id":"https:\/\/saknews.net\/ku\/?p=1920","url":"https:\/\/saknews.net\/ku\/?p=1920","name":"Serok\u00ea \u015eAK\u00ea bang li efr\u00eeniyan dike vegerin cih \u00fb war\u00ean xwe &#8226; \u015eAK","isPartOf":{"@id":"https:\/\/saknews.net\/ku\/#website"},"primaryImageOfPage":{"@id":"https:\/\/saknews.net\/ku\/?p=1920#primaryimage"},"image":{"@id":"https:\/\/saknews.net\/ku\/?p=1920#primaryimage"},"thumbnailUrl":"https:\/\/i0.wp.com\/saknews.net\/ku\/wp-content\/uploads\/2024\/12\/Screenshot_20241211_202806_Facebook.jpg?fit=1899%2C1080&ssl=1","datePublished":"2024-12-11T20:22:01+00:00","breadcrumb":{"@id":"https:\/\/saknews.net\/ku\/?p=1920#breadcrumb"},"inLanguage":"en-US","potentialAction":[{"@type":"ReadAction","target":["https:\/\/saknews.net\/ku\/?p=1920"]}]},{"@type":"ImageObject","inLanguage":"en-US","@id":"https:\/\/saknews.net\/ku\/?p=1920#primaryimage","url":"https:\/\/i0.wp.com\/saknews.net\/ku\/wp-content\/uploads\/2024\/12\/Screenshot_20241211_202806_Facebook.jpg?fit=1899%2C1080&ssl=1","contentUrl":"https:\/\/i0.wp.com\/saknews.net\/ku\/wp-content\/uploads\/2024\/12\/Screenshot_20241211_202806_Facebook.jpg?fit=1899%2C1080&ssl=1","width":1899,"height":1080},{"@type":"BreadcrumbList","@id":"https:\/\/saknews.net\/ku\/?p=1920#breadcrumb","itemListElement":[{"@type":"ListItem","position":1,"name":"\u0627\u0644\u0631\u0626\u064a\u0633\u064a\u0629","item":"https:\/\/saknews.net\/ku\/"},{"@type":"ListItem","position":2,"name":"N\u00fb\u00e7e","item":"https:\/\/saknews.net\/ku\/?cat=49"},{"@type":"ListItem","position":3,"name":"Daxuyan\u00ee","item":"https:\/\/saknews.net\/ku\/?cat=34"},{"@type":"ListItem","position":4,"name":"Hevd\u00eetin","item":"https:\/\/saknews.net\/ku\/?cat=42"},{"@type":"ListItem","position":5,"name":"Serok\u00ea \u015eAK\u00ea bang li efr\u00eeniyan dike vegerin cih \u00fb war\u00ean xwe"}]},{"@type":"WebSite","@id":"https:\/\/saknews.net\/ku\/#website","url":"https:\/\/saknews.net\/ku\/","name":"S\u0327epe\u0302la Azadi\u0302 ya Kurdistani\u0302","description":"\u062a\u064a\u0627\u0631 \u0627\u0644\u062d\u0631\u064a\u0629 \u0627\u0644\u0643\u0648\u0631\u062f\u0633\u062a\u0627\u0646\u064a \u015eep\u00eala Azad\u00ee ya Kurdistan\u00ee","publisher":{"@id":"https:\/\/saknews.net\/ku\/#organization"},"potentialAction":[{"@type":"SearchAction","target":{"@type":"EntryPoint","urlTemplate":"https:\/\/saknews.net\/ku\/?s={search_term_string}"},"query-input":{"@type":"PropertyValueSpecification","valueRequired":true,"valueName":"search_term_string"}}],"inLanguage":"en-US"},{"@type":"Organization","@id":"https:\/\/saknews.net\/ku\/#organization","name":"\u015eep\u00eala Azadiy\u00ea ya Kurdistan\u00ea - \u062a\u064a\u0627\u0631 \u0627\u0644\u062d\u0631\u064a\u0629 \u0627\u0644\u0643\u0648\u0631\u062f\u0633\u062a\u0627\u0646\u064a","url":"https:\/\/saknews.net\/ku\/","logo":{"@type":"ImageObject","inLanguage":"en-US","@id":"https:\/\/saknews.net\/ku\/#\/schema\/logo\/image\/","url":"https:\/\/i0.wp.com\/saknews.net\/ku\/wp-content\/uploads\/2024\/11\/cropped-logo-1.png?fit=512%2C512&ssl=1","contentUrl":"https:\/\/i0.wp.com\/saknews.net\/ku\/wp-content\/uploads\/2024\/11\/cropped-logo-1.png?fit=512%2C512&ssl=1","width":512,"height":512,"caption":"\u015eep\u00eala Azadiy\u00ea ya Kurdistan\u00ea - \u062a\u064a\u0627\u0631 \u0627\u0644\u062d\u0631\u064a\u0629 \u0627\u0644\u0643\u0648\u0631\u062f\u0633\u062a\u0627\u0646\u064a"},"image":{"@id":"https:\/\/saknews.net\/ku\/#\/schema\/logo\/image\/"},"sameAs":["https:\/\/www.facebook.com\/Shepel.ewropa"]},{"@type":"Person","@id":"https:\/\/saknews.net\/ku\/#\/schema\/person\/72ae32a4041a3817e015b63d8f409058","name":"Horan Hem","url":"https:\/\/saknews.net\/ku\/?author=8"}]}},"featured_image_urls":{"full":["https:\/\/i0.wp.com\/saknews.net\/ku\/wp-content\/uploads\/2024\/12\/Screenshot_20241211_202806_Facebook.jpg?fit=1899%2C1080&ssl=1",1899,1080,false],"thumbnail":["https:\/\/i0.wp.com\/saknews.net\/ku\/wp-content\/uploads\/2024\/12\/Screenshot_20241211_202806_Facebook.jpg?resize=150%2C150&ssl=1",150,150,true],"medium":["https:\/\/i0.wp.com\/saknews.net\/ku\/wp-content\/uploads\/2024\/12\/Screenshot_20241211_202806_Facebook.jpg?fit=300%2C171&ssl=1",300,171,true],"medium_large":["https:\/\/i0.wp.com\/saknews.net\/ku\/wp-content\/uploads\/2024\/12\/Screenshot_20241211_202806_Facebook.jpg?fit=640%2C364&ssl=1",640,364,true],"large":["https:\/\/i0.wp.com\/saknews.net\/ku\/wp-content\/uploads\/2024\/12\/Screenshot_20241211_202806_Facebook.jpg?fit=640%2C364&ssl=1",640,364,true],"1536x1536":["https:\/\/i0.wp.com\/saknews.net\/ku\/wp-content\/uploads\/2024\/12\/Screenshot_20241211_202806_Facebook.jpg?fit=1536%2C874&ssl=1",1536,874,true],"2048x2048":["https:\/\/i0.wp.com\/saknews.net\/ku\/wp-content\/uploads\/2024\/12\/Screenshot_20241211_202806_Facebook.jpg?fit=1899%2C1080&ssl=1",1899,1080,true],"covernews-featured":["https:\/\/i0.wp.com\/saknews.net\/ku\/wp-content\/uploads\/2024\/12\/Screenshot_20241211_202806_Facebook.jpg?fit=1024%2C582&ssl=1",1024,582,true],"covernews-medium":["https:\/\/i0.wp.com\/saknews.net\/ku\/wp-content\/uploads\/2024\/12\/Screenshot_20241211_202806_Facebook.jpg?resize=540%2C340&ssl=1",540,340,true]},"author_info":{"display_name":"Horan Hem","author_link":"https:\/\/saknews.net\/ku\/?author=8"},"category_info":"<a href=\"https:\/\/saknews.net\/ku\/?cat=42\" rel=\"category\">Hevd\u00eetin<\/a>","tag_info":"Hevd\u00eetin","comment_count":"0","_links":{"self":[{"href":"https:\/\/saknews.net\/ku\/index.php?rest_route=\/wp\/v2\/posts\/1920","targetHints":{"allow":["GET"]}}],"collection":[{"href":"https:\/\/saknews.net\/ku\/index.php?rest_route=\/wp\/v2\/posts"}],"about":[{"href":"https:\/\/saknews.net\/ku\/index.php?rest_route=\/wp\/v2\/types\/post"}],"author":[{"embeddable":true,"href":"https:\/\/saknews.net\/ku\/index.php?rest_route=\/wp\/v2\/users\/8"}],"replies":[{"embeddable":true,"href":"https:\/\/saknews.net\/ku\/index.php?rest_route=%2Fwp%2Fv2%2Fcomments&post=1920"}],"version-history":[{"count":1,"href":"https:\/\/saknews.net\/ku\/index.php?rest_route=\/wp\/v2\/posts\/1920\/revisions"}],"predecessor-version":[{"id":1922,"href":"https:\/\/saknews.net\/ku\/index.php?rest_route=\/wp\/v2\/posts\/1920\/revisions\/1922"}],"wp:featuredmedia":[{"embeddable":true,"href":"https:\/\/saknews.net\/ku\/index.php?rest_route=\/wp\/v2\/media\/1921"}],"wp:attachment":[{"href":"https:\/\/saknews.net\/ku\/index.php?rest_route=%2Fwp%2Fv2%2Fmedia&parent=1920"}],"wp:term":[{"taxonomy":"category","embeddable":true,"href":"https:\/\/saknews.net\/ku\/index.php?rest_route=%2Fwp%2Fv2%2Fcategories&post=1920"},{"taxonomy":"post_tag","embeddable":true,"href":"https:\/\/saknews.net\/ku\/index.php?rest_route=%2Fwp%2Fv2%2Ftags&post=1920"}],"curies":[{"name":"wp","href":"https:\/\/api.w.org\/{rel}","templated":true}]}}