{"id":1923,"date":"2024-12-11T20:52:55","date_gmt":"2024-12-11T20:52:55","guid":{"rendered":"https:\/\/saknews.net\/ku\/?p=1923"},"modified":"2024-12-18T07:37:26","modified_gmt":"2024-12-18T07:37:26","slug":"haco-ji-saliyen-siyasi-re-demildest-lihev-kom-bibin","status":"publish","type":"post","link":"https:\/\/saknews.net\/ku\/?p=1923","title":{"rendered":"Haco ji aliy\u00ean siyas\u00ee re: Demildest lihev kom bibin"},"content":{"rendered":"<p>&nbsp;<\/p>\n<p>Di debar\u00ea avakirina Ber\u00ea Kurdistana S\u00fbriy\u00ea de, Siyamend Haco Serok\u00ea \u015eep\u00eala Azad\u00ee ya Kurdistan\u00ee be\u015fdar\u00ee bultena n\u00fb\u00e7eyan a R\u00fbdaw\u00ea b\u00fb. Haco tekez kir ku div\u00ea demildest kurd lihev kom bibin \u00fb lihev bikin \u00fb bi yek deng\u00ee j\u00ee bi desthelata n\u00fb ya li \u015eam\u00ea re got\u00fbb\u00eajan bikin.<\/p>\n<p>Haco tekez kir, ku hikumeteke n\u00fb ya lawaz hatiye ser desthelat\u00ea \u00fb div\u00ea kurd bi hev re p\u00ea re got\u00fbb\u00eajan bikin \u00fb daxwaz\u00ean xwe j\u00ee bigih\u00eenin w\u00ea. Haco got ku niha demek\u00ee gelek\u00ee hesas e \u00fb eger aliy\u00ean siyas\u00ee lihev kom nebin \u00fb ner\u00eeneke siyas\u00ee ya zelal nebe ku bi v\u00ea hikumeta n\u00fb re dan\u00fbstandin\u00ea nekin, dibe ku pi\u015ft\u00ee \u00e7end meh\u00ean din j\u00ee dereng be \u00fb got eger em ji niha ve bi desthelata n\u00fb re lihev nekin, w\u00ea sibe ew j\u00ee \u00ear\u00ee\u015f\u00ea her\u00eam\u00ean kurd\u00ee bike.<\/p>\n<p>&nbsp;<\/p>\n<p>Haco tekez kir , ku eger aliy\u00ean siyas\u00ee negihin hev, w\u00ea p\u00ea\u015feroja dever\u00ean kurd\u00ee weke \u00e7areniv\u00eesa Efr\u00een\u00ea \u00fb Ser\u00ea Kaniy\u00ea be, ji ber v\u00ea j\u00ee div\u00ea hem\u00fb aliy\u00ean kurd\u00ee demildest lihev bicivin \u00fb lihev bikin. Haco an\u00ee ziman ku beriya salek\u00ea j\u00ee wan hewl da aliy\u00ean siyas\u00ee lihev kom bikin, l\u00ea ne ENKS hat \u00fb ne j\u00ee PYD hat, ten\u00ea 3 part\u00ee hatin be\u015fdar b\u00fbn, Haco tekez kir ku pirsgir\u00eakeke mezin e dema partiy\u00ean kurd\u00ee amade nebin lihev bicivin.<\/p>\n<p>&nbsp;<\/p>\n<p>Herwiha Haco rexne li herdu alliy\u00ean ENKS \u00fb PYD kir \u00fb got ew ne cid\u00ee de di dan\u00fbstandinan de \u00fb ten\u00ea li ser telefizyonan dib\u00eajin em bi dan\u00fbstandinan re ne, \u00fb got ENKS gir\u00eaday\u00ee PDK ye \u00fb PYD j\u00ee gir\u00eaday\u00ee PKK, ji ber v\u00ea j\u00ee p\u00eadiv\u00ee bi tevgereke siyas\u00ee heb\u00fb (Ber\u00ea Kurdistana S\u00fbriy\u00ea) ku b\u00eaje berjewendiy\u00ean kurd\u00ean S\u00fbriy\u00ea di ser her ti\u015ft\u00ee re ye.<\/p>\n<p>&nbsp;<\/p>\n<p>Serok\u00ea \u015eep\u00eala Azad\u00ee, ku yek ji damzr\u00eaner\u00ean Ber\u00ea Kurdistana S\u00fbriy\u00ea ye, di berar\u00ea p\u00ea\u015feroja S\u00fbriy\u00ea de got ku gelek\u00ee reng\u00ea federal hene \u00fb dikarin bibin nim\u00fbne, weke Kosov, Ba\u015f\u00fbr\u00ea T\u00eerol li \u00cetaliya, div\u00ea em j\u00ee wan tecrubeyan f\u00ear bibin.<\/p>\n<p>Di roja ketina Rej\u00eema S\u00fbriy\u00ea \u00fb rev\u00eena Esed, Ber\u00ea Kuridstana S\u00fbriy\u00ea hate ragihandin \u00fb daxwaza federaliy\u00ea \u00fb avakirina her\u00eameke Kurdistana S\u00fbriy\u00ea ya yekgirt\u00ee dike, herwiha parastina maf\u00ean tevahiya p\u00eakhateyan \u00fb r\u00eazgirtin li maf\u00eam mirovan.<\/p>\n","protected":false},"excerpt":{"rendered":"<p>&nbsp; Di debar\u00ea avakirina Ber\u00ea Kurdistana S\u00fbriy\u00ea de, Siyamend Haco Serok\u00ea \u015eep\u00eala Azad\u00ee ya Kurdistan\u00ee&#8230;<\/p>\n","protected":false},"author":8,"featured_media":1297,"comment_status":"closed","ping_status":"closed","sticky":false,"template":"","format":"standard","meta":{"footnotes":""},"categories":[42],"tags":[],"class_list":["post-1923","post","type-post","status-publish","format-standard","has-post-thumbnail","hentry","category-hevditin"],"yoast_head":"<!-- This site is optimized with the Yoast SEO plugin v27.5 - https:\/\/yoast.com\/product\/yoast-seo-wordpress\/ -->\n<title>Haco ji aliy\u00ean siyas\u00ee re: Demildest lihev kom bibin &#8226; \u015eAK<\/title>\n<meta name=\"robots\" content=\"index, follow, max-snippet:-1, max-image-preview:large, max-video-preview:-1\" \/>\n<link rel=\"canonical\" href=\"https:\/\/saknews.net\/ku\/?p=1923\" \/>\n<meta property=\"og:locale\" content=\"en_US\" \/>\n<meta property=\"og:type\" content=\"article\" \/>\n<meta property=\"og:title\" content=\"Haco ji aliy\u00ean siyas\u00ee re: Demildest lihev kom bibin &#8226; \u015eAK\" \/>\n<meta property=\"og:description\" content=\"&nbsp; Di debar\u00ea avakirina Ber\u00ea Kurdistana S\u00fbriy\u00ea de, Siyamend Haco Serok\u00ea \u015eep\u00eala Azad\u00ee ya Kurdistan\u00ee...\" \/>\n<meta property=\"og:url\" content=\"https:\/\/saknews.net\/ku\/?p=1923\" \/>\n<meta property=\"og:site_name\" content=\"\u015eAK\" \/>\n<meta property=\"article:publisher\" content=\"https:\/\/www.facebook.com\/Shepel.ewropa\" \/>\n<meta property=\"article:published_time\" content=\"2024-12-11T20:52:55+00:00\" \/>\n<meta property=\"article:modified_time\" content=\"2024-12-18T07:37:26+00:00\" \/>\n<meta property=\"og:image\" content=\"https:\/\/saknews.net\/ku\/wp-content\/uploads\/2024\/11\/Screen-Shot-2024-11-14-at-19.41.51.jpg\" \/>\n\t<meta property=\"og:image:width\" content=\"670\" \/>\n\t<meta property=\"og:image:height\" content=\"364\" \/>\n\t<meta property=\"og:image:type\" content=\"image\/jpeg\" \/>\n<meta name=\"author\" content=\"Horan Hem\" \/>\n<meta name=\"twitter:card\" content=\"summary_large_image\" \/>\n<meta name=\"twitter:label1\" content=\"Written by\" \/>\n\t<meta name=\"twitter:data1\" content=\"Horan Hem\" \/>\n\t<meta name=\"twitter:label2\" content=\"Est. reading time\" \/>\n\t<meta name=\"twitter:data2\" content=\"2 minutes\" \/>\n<script type=\"application\/ld+json\" class=\"yoast-schema-graph\">{\"@context\":\"https:\\\/\\\/schema.org\",\"@graph\":[{\"@type\":\"Article\",\"@id\":\"https:\\\/\\\/saknews.net\\\/ku\\\/?p=1923#article\",\"isPartOf\":{\"@id\":\"https:\\\/\\\/saknews.net\\\/ku\\\/?p=1923\"},\"author\":{\"name\":\"Horan Hem\",\"@id\":\"https:\\\/\\\/saknews.net\\\/ku\\\/#\\\/schema\\\/person\\\/72ae32a4041a3817e015b63d8f409058\"},\"headline\":\"Haco ji aliy\u00ean siyas\u00ee re: Demildest lihev kom bibin\",\"datePublished\":\"2024-12-11T20:52:55+00:00\",\"dateModified\":\"2024-12-18T07:37:26+00:00\",\"mainEntityOfPage\":{\"@id\":\"https:\\\/\\\/saknews.net\\\/ku\\\/?p=1923\"},\"wordCount\":403,\"publisher\":{\"@id\":\"https:\\\/\\\/saknews.net\\\/ku\\\/#organization\"},\"image\":{\"@id\":\"https:\\\/\\\/saknews.net\\\/ku\\\/?p=1923#primaryimage\"},\"thumbnailUrl\":\"https:\\\/\\\/i0.wp.com\\\/saknews.net\\\/ku\\\/wp-content\\\/uploads\\\/2024\\\/11\\\/Screen-Shot-2024-11-14-at-19.41.51.jpg?fit=670%2C364&ssl=1\",\"articleSection\":[\"Hevd\u00eetin\"],\"inLanguage\":\"en-US\"},{\"@type\":\"WebPage\",\"@id\":\"https:\\\/\\\/saknews.net\\\/ku\\\/?p=1923\",\"url\":\"https:\\\/\\\/saknews.net\\\/ku\\\/?p=1923\",\"name\":\"Haco ji aliy\u00ean siyas\u00ee re: Demildest lihev kom bibin &#8226; \u015eAK\",\"isPartOf\":{\"@id\":\"https:\\\/\\\/saknews.net\\\/ku\\\/#website\"},\"primaryImageOfPage\":{\"@id\":\"https:\\\/\\\/saknews.net\\\/ku\\\/?p=1923#primaryimage\"},\"image\":{\"@id\":\"https:\\\/\\\/saknews.net\\\/ku\\\/?p=1923#primaryimage\"},\"thumbnailUrl\":\"https:\\\/\\\/i0.wp.com\\\/saknews.net\\\/ku\\\/wp-content\\\/uploads\\\/2024\\\/11\\\/Screen-Shot-2024-11-14-at-19.41.51.jpg?fit=670%2C364&ssl=1\",\"datePublished\":\"2024-12-11T20:52:55+00:00\",\"dateModified\":\"2024-12-18T07:37:26+00:00\",\"breadcrumb\":{\"@id\":\"https:\\\/\\\/saknews.net\\\/ku\\\/?p=1923#breadcrumb\"},\"inLanguage\":\"en-US\",\"potentialAction\":[{\"@type\":\"ReadAction\",\"target\":[\"https:\\\/\\\/saknews.net\\\/ku\\\/?p=1923\"]}]},{\"@type\":\"ImageObject\",\"inLanguage\":\"en-US\",\"@id\":\"https:\\\/\\\/saknews.net\\\/ku\\\/?p=1923#primaryimage\",\"url\":\"https:\\\/\\\/i0.wp.com\\\/saknews.net\\\/ku\\\/wp-content\\\/uploads\\\/2024\\\/11\\\/Screen-Shot-2024-11-14-at-19.41.51.jpg?fit=670%2C364&ssl=1\",\"contentUrl\":\"https:\\\/\\\/i0.wp.com\\\/saknews.net\\\/ku\\\/wp-content\\\/uploads\\\/2024\\\/11\\\/Screen-Shot-2024-11-14-at-19.41.51.jpg?fit=670%2C364&ssl=1\",\"width\":670,\"height\":364,\"caption\":\"\u062a\u064a\u0627\u0631 \u0627\u0644\u062d\u0631\u064a\u0629 \u0627\u0644\u0643\u0648\u0631\u062f\u0633\u062a\u0627\u0646\u064a\"},{\"@type\":\"BreadcrumbList\",\"@id\":\"https:\\\/\\\/saknews.net\\\/ku\\\/?p=1923#breadcrumb\",\"itemListElement\":[{\"@type\":\"ListItem\",\"position\":1,\"name\":\"\u0627\u0644\u0631\u0626\u064a\u0633\u064a\u0629\",\"item\":\"https:\\\/\\\/saknews.net\\\/ku\\\/\"},{\"@type\":\"ListItem\",\"position\":2,\"name\":\"N\u00fb\u00e7e\",\"item\":\"https:\\\/\\\/saknews.net\\\/ku\\\/?cat=49\"},{\"@type\":\"ListItem\",\"position\":3,\"name\":\"Daxuyan\u00ee\",\"item\":\"https:\\\/\\\/saknews.net\\\/ku\\\/?cat=34\"},{\"@type\":\"ListItem\",\"position\":4,\"name\":\"Hevd\u00eetin\",\"item\":\"https:\\\/\\\/saknews.net\\\/ku\\\/?cat=42\"},{\"@type\":\"ListItem\",\"position\":5,\"name\":\"Haco ji aliy\u00ean siyas\u00ee re: Demildest lihev kom bibin\"}]},{\"@type\":\"WebSite\",\"@id\":\"https:\\\/\\\/saknews.net\\\/ku\\\/#website\",\"url\":\"https:\\\/\\\/saknews.net\\\/ku\\\/\",\"name\":\"S\u0327epe\u0302la Azadi\u0302 ya Kurdistani\u0302\",\"description\":\"\u062a\u064a\u0627\u0631 \u0627\u0644\u062d\u0631\u064a\u0629 \u0627\u0644\u0643\u0648\u0631\u062f\u0633\u062a\u0627\u0646\u064a \u015eep\u00eala Azad\u00ee ya Kurdistan\u00ee\",\"publisher\":{\"@id\":\"https:\\\/\\\/saknews.net\\\/ku\\\/#organization\"},\"potentialAction\":[{\"@type\":\"SearchAction\",\"target\":{\"@type\":\"EntryPoint\",\"urlTemplate\":\"https:\\\/\\\/saknews.net\\\/ku\\\/?s={search_term_string}\"},\"query-input\":{\"@type\":\"PropertyValueSpecification\",\"valueRequired\":true,\"valueName\":\"search_term_string\"}}],\"inLanguage\":\"en-US\"},{\"@type\":\"Organization\",\"@id\":\"https:\\\/\\\/saknews.net\\\/ku\\\/#organization\",\"name\":\"\u015eep\u00eala Azadiy\u00ea ya Kurdistan\u00ea - \u062a\u064a\u0627\u0631 \u0627\u0644\u062d\u0631\u064a\u0629 \u0627\u0644\u0643\u0648\u0631\u062f\u0633\u062a\u0627\u0646\u064a\",\"url\":\"https:\\\/\\\/saknews.net\\\/ku\\\/\",\"logo\":{\"@type\":\"ImageObject\",\"inLanguage\":\"en-US\",\"@id\":\"https:\\\/\\\/saknews.net\\\/ku\\\/#\\\/schema\\\/logo\\\/image\\\/\",\"url\":\"https:\\\/\\\/i0.wp.com\\\/saknews.net\\\/ku\\\/wp-content\\\/uploads\\\/2024\\\/11\\\/cropped-logo-1.png?fit=512%2C512&ssl=1\",\"contentUrl\":\"https:\\\/\\\/i0.wp.com\\\/saknews.net\\\/ku\\\/wp-content\\\/uploads\\\/2024\\\/11\\\/cropped-logo-1.png?fit=512%2C512&ssl=1\",\"width\":512,\"height\":512,\"caption\":\"\u015eep\u00eala Azadiy\u00ea ya Kurdistan\u00ea - \u062a\u064a\u0627\u0631 \u0627\u0644\u062d\u0631\u064a\u0629 \u0627\u0644\u0643\u0648\u0631\u062f\u0633\u062a\u0627\u0646\u064a\"},\"image\":{\"@id\":\"https:\\\/\\\/saknews.net\\\/ku\\\/#\\\/schema\\\/logo\\\/image\\\/\"},\"sameAs\":[\"https:\\\/\\\/www.facebook.com\\\/Shepel.ewropa\"]},{\"@type\":\"Person\",\"@id\":\"https:\\\/\\\/saknews.net\\\/ku\\\/#\\\/schema\\\/person\\\/72ae32a4041a3817e015b63d8f409058\",\"name\":\"Horan Hem\",\"url\":\"https:\\\/\\\/saknews.net\\\/ku\\\/?author=8\"}]}<\/script>\n<!-- \/ Yoast SEO plugin. -->","yoast_head_json":{"title":"Haco ji aliy\u00ean siyas\u00ee re: Demildest lihev kom bibin &#8226; \u015eAK","robots":{"index":"index","follow":"follow","max-snippet":"max-snippet:-1","max-image-preview":"max-image-preview:large","max-video-preview":"max-video-preview:-1"},"canonical":"https:\/\/saknews.net\/ku\/?p=1923","og_locale":"en_US","og_type":"article","og_title":"Haco ji aliy\u00ean siyas\u00ee re: Demildest lihev kom bibin &#8226; \u015eAK","og_description":"&nbsp; Di debar\u00ea avakirina Ber\u00ea Kurdistana S\u00fbriy\u00ea de, Siyamend Haco Serok\u00ea \u015eep\u00eala Azad\u00ee ya Kurdistan\u00ee...","og_url":"https:\/\/saknews.net\/ku\/?p=1923","og_site_name":"\u015eAK","article_publisher":"https:\/\/www.facebook.com\/Shepel.ewropa","article_published_time":"2024-12-11T20:52:55+00:00","article_modified_time":"2024-12-18T07:37:26+00:00","og_image":[{"width":670,"height":364,"url":"https:\/\/saknews.net\/ku\/wp-content\/uploads\/2024\/11\/Screen-Shot-2024-11-14-at-19.41.51.jpg","type":"image\/jpeg"}],"author":"Horan Hem","twitter_card":"summary_large_image","twitter_misc":{"Written by":"Horan Hem","Est. reading time":"2 minutes"},"schema":{"@context":"https:\/\/schema.org","@graph":[{"@type":"Article","@id":"https:\/\/saknews.net\/ku\/?p=1923#article","isPartOf":{"@id":"https:\/\/saknews.net\/ku\/?p=1923"},"author":{"name":"Horan Hem","@id":"https:\/\/saknews.net\/ku\/#\/schema\/person\/72ae32a4041a3817e015b63d8f409058"},"headline":"Haco ji aliy\u00ean siyas\u00ee re: Demildest lihev kom bibin","datePublished":"2024-12-11T20:52:55+00:00","dateModified":"2024-12-18T07:37:26+00:00","mainEntityOfPage":{"@id":"https:\/\/saknews.net\/ku\/?p=1923"},"wordCount":403,"publisher":{"@id":"https:\/\/saknews.net\/ku\/#organization"},"image":{"@id":"https:\/\/saknews.net\/ku\/?p=1923#primaryimage"},"thumbnailUrl":"https:\/\/i0.wp.com\/saknews.net\/ku\/wp-content\/uploads\/2024\/11\/Screen-Shot-2024-11-14-at-19.41.51.jpg?fit=670%2C364&ssl=1","articleSection":["Hevd\u00eetin"],"inLanguage":"en-US"},{"@type":"WebPage","@id":"https:\/\/saknews.net\/ku\/?p=1923","url":"https:\/\/saknews.net\/ku\/?p=1923","name":"Haco ji aliy\u00ean siyas\u00ee re: Demildest lihev kom bibin &#8226; \u015eAK","isPartOf":{"@id":"https:\/\/saknews.net\/ku\/#website"},"primaryImageOfPage":{"@id":"https:\/\/saknews.net\/ku\/?p=1923#primaryimage"},"image":{"@id":"https:\/\/saknews.net\/ku\/?p=1923#primaryimage"},"thumbnailUrl":"https:\/\/i0.wp.com\/saknews.net\/ku\/wp-content\/uploads\/2024\/11\/Screen-Shot-2024-11-14-at-19.41.51.jpg?fit=670%2C364&ssl=1","datePublished":"2024-12-11T20:52:55+00:00","dateModified":"2024-12-18T07:37:26+00:00","breadcrumb":{"@id":"https:\/\/saknews.net\/ku\/?p=1923#breadcrumb"},"inLanguage":"en-US","potentialAction":[{"@type":"ReadAction","target":["https:\/\/saknews.net\/ku\/?p=1923"]}]},{"@type":"ImageObject","inLanguage":"en-US","@id":"https:\/\/saknews.net\/ku\/?p=1923#primaryimage","url":"https:\/\/i0.wp.com\/saknews.net\/ku\/wp-content\/uploads\/2024\/11\/Screen-Shot-2024-11-14-at-19.41.51.jpg?fit=670%2C364&ssl=1","contentUrl":"https:\/\/i0.wp.com\/saknews.net\/ku\/wp-content\/uploads\/2024\/11\/Screen-Shot-2024-11-14-at-19.41.51.jpg?fit=670%2C364&ssl=1","width":670,"height":364,"caption":"\u062a\u064a\u0627\u0631 \u0627\u0644\u062d\u0631\u064a\u0629 \u0627\u0644\u0643\u0648\u0631\u062f\u0633\u062a\u0627\u0646\u064a"},{"@type":"BreadcrumbList","@id":"https:\/\/saknews.net\/ku\/?p=1923#breadcrumb","itemListElement":[{"@type":"ListItem","position":1,"name":"\u0627\u0644\u0631\u0626\u064a\u0633\u064a\u0629","item":"https:\/\/saknews.net\/ku\/"},{"@type":"ListItem","position":2,"name":"N\u00fb\u00e7e","item":"https:\/\/saknews.net\/ku\/?cat=49"},{"@type":"ListItem","position":3,"name":"Daxuyan\u00ee","item":"https:\/\/saknews.net\/ku\/?cat=34"},{"@type":"ListItem","position":4,"name":"Hevd\u00eetin","item":"https:\/\/saknews.net\/ku\/?cat=42"},{"@type":"ListItem","position":5,"name":"Haco ji aliy\u00ean siyas\u00ee re: Demildest lihev kom bibin"}]},{"@type":"WebSite","@id":"https:\/\/saknews.net\/ku\/#website","url":"https:\/\/saknews.net\/ku\/","name":"S\u0327epe\u0302la Azadi\u0302 ya Kurdistani\u0302","description":"\u062a\u064a\u0627\u0631 \u0627\u0644\u062d\u0631\u064a\u0629 \u0627\u0644\u0643\u0648\u0631\u062f\u0633\u062a\u0627\u0646\u064a \u015eep\u00eala Azad\u00ee ya Kurdistan\u00ee","publisher":{"@id":"https:\/\/saknews.net\/ku\/#organization"},"potentialAction":[{"@type":"SearchAction","target":{"@type":"EntryPoint","urlTemplate":"https:\/\/saknews.net\/ku\/?s={search_term_string}"},"query-input":{"@type":"PropertyValueSpecification","valueRequired":true,"valueName":"search_term_string"}}],"inLanguage":"en-US"},{"@type":"Organization","@id":"https:\/\/saknews.net\/ku\/#organization","name":"\u015eep\u00eala Azadiy\u00ea ya Kurdistan\u00ea - \u062a\u064a\u0627\u0631 \u0627\u0644\u062d\u0631\u064a\u0629 \u0627\u0644\u0643\u0648\u0631\u062f\u0633\u062a\u0627\u0646\u064a","url":"https:\/\/saknews.net\/ku\/","logo":{"@type":"ImageObject","inLanguage":"en-US","@id":"https:\/\/saknews.net\/ku\/#\/schema\/logo\/image\/","url":"https:\/\/i0.wp.com\/saknews.net\/ku\/wp-content\/uploads\/2024\/11\/cropped-logo-1.png?fit=512%2C512&ssl=1","contentUrl":"https:\/\/i0.wp.com\/saknews.net\/ku\/wp-content\/uploads\/2024\/11\/cropped-logo-1.png?fit=512%2C512&ssl=1","width":512,"height":512,"caption":"\u015eep\u00eala Azadiy\u00ea ya Kurdistan\u00ea - \u062a\u064a\u0627\u0631 \u0627\u0644\u062d\u0631\u064a\u0629 \u0627\u0644\u0643\u0648\u0631\u062f\u0633\u062a\u0627\u0646\u064a"},"image":{"@id":"https:\/\/saknews.net\/ku\/#\/schema\/logo\/image\/"},"sameAs":["https:\/\/www.facebook.com\/Shepel.ewropa"]},{"@type":"Person","@id":"https:\/\/saknews.net\/ku\/#\/schema\/person\/72ae32a4041a3817e015b63d8f409058","name":"Horan Hem","url":"https:\/\/saknews.net\/ku\/?author=8"}]}},"featured_image_urls":{"full":["https:\/\/i0.wp.com\/saknews.net\/ku\/wp-content\/uploads\/2024\/11\/Screen-Shot-2024-11-14-at-19.41.51.jpg?fit=670%2C364&ssl=1",670,364,false],"thumbnail":["https:\/\/i0.wp.com\/saknews.net\/ku\/wp-content\/uploads\/2024\/11\/Screen-Shot-2024-11-14-at-19.41.51.jpg?resize=150%2C150&ssl=1",150,150,true],"medium":["https:\/\/i0.wp.com\/saknews.net\/ku\/wp-content\/uploads\/2024\/11\/Screen-Shot-2024-11-14-at-19.41.51.jpg?fit=300%2C163&ssl=1",300,163,true],"medium_large":["https:\/\/i0.wp.com\/saknews.net\/ku\/wp-content\/uploads\/2024\/11\/Screen-Shot-2024-11-14-at-19.41.51.jpg?fit=640%2C348&ssl=1",640,348,true],"large":["https:\/\/i0.wp.com\/saknews.net\/ku\/wp-content\/uploads\/2024\/11\/Screen-Shot-2024-11-14-at-19.41.51.jpg?fit=640%2C348&ssl=1",640,348,true],"1536x1536":["https:\/\/i0.wp.com\/saknews.net\/ku\/wp-content\/uploads\/2024\/11\/Screen-Shot-2024-11-14-at-19.41.51.jpg?fit=670%2C364&ssl=1",670,364,true],"2048x2048":["https:\/\/i0.wp.com\/saknews.net\/ku\/wp-content\/uploads\/2024\/11\/Screen-Shot-2024-11-14-at-19.41.51.jpg?fit=670%2C364&ssl=1",670,364,true],"covernews-featured":["https:\/\/i0.wp.com\/saknews.net\/ku\/wp-content\/uploads\/2024\/11\/Screen-Shot-2024-11-14-at-19.41.51.jpg?fit=670%2C364&ssl=1",670,364,true],"covernews-medium":["https:\/\/i0.wp.com\/saknews.net\/ku\/wp-content\/uploads\/2024\/11\/Screen-Shot-2024-11-14-at-19.41.51.jpg?resize=540%2C340&ssl=1",540,340,true]},"author_info":{"display_name":"Horan Hem","author_link":"https:\/\/saknews.net\/ku\/?author=8"},"category_info":"<a href=\"https:\/\/saknews.net\/ku\/?cat=42\" rel=\"category\">Hevd\u00eetin<\/a>","tag_info":"Hevd\u00eetin","comment_count":"0","_links":{"self":[{"href":"https:\/\/saknews.net\/ku\/index.php?rest_route=\/wp\/v2\/posts\/1923","targetHints":{"allow":["GET"]}}],"collection":[{"href":"https:\/\/saknews.net\/ku\/index.php?rest_route=\/wp\/v2\/posts"}],"about":[{"href":"https:\/\/saknews.net\/ku\/index.php?rest_route=\/wp\/v2\/types\/post"}],"author":[{"embeddable":true,"href":"https:\/\/saknews.net\/ku\/index.php?rest_route=\/wp\/v2\/users\/8"}],"replies":[{"embeddable":true,"href":"https:\/\/saknews.net\/ku\/index.php?rest_route=%2Fwp%2Fv2%2Fcomments&post=1923"}],"version-history":[{"count":2,"href":"https:\/\/saknews.net\/ku\/index.php?rest_route=\/wp\/v2\/posts\/1923\/revisions"}],"predecessor-version":[{"id":1926,"href":"https:\/\/saknews.net\/ku\/index.php?rest_route=\/wp\/v2\/posts\/1923\/revisions\/1926"}],"wp:featuredmedia":[{"embeddable":true,"href":"https:\/\/saknews.net\/ku\/index.php?rest_route=\/wp\/v2\/media\/1297"}],"wp:attachment":[{"href":"https:\/\/saknews.net\/ku\/index.php?rest_route=%2Fwp%2Fv2%2Fmedia&parent=1923"}],"wp:term":[{"taxonomy":"category","embeddable":true,"href":"https:\/\/saknews.net\/ku\/index.php?rest_route=%2Fwp%2Fv2%2Fcategories&post=1923"},{"taxonomy":"post_tag","embeddable":true,"href":"https:\/\/saknews.net\/ku\/index.php?rest_route=%2Fwp%2Fv2%2Ftags&post=1923"}],"curies":[{"name":"wp","href":"https:\/\/api.w.org\/{rel}","templated":true}]}}