{"id":1929,"date":"2024-12-15T19:17:32","date_gmt":"2024-12-15T19:17:32","guid":{"rendered":"https:\/\/saknews.net\/ku\/?p=1929"},"modified":"2024-12-21T19:18:49","modified_gmt":"2024-12-21T19:18:49","slug":"bere-kurdistana-suriye-peswaziya-daxuyaniya-el-serih-dike-u-banga-suriyak-federal-dike","status":"publish","type":"post","link":"https:\/\/saknews.net\/ku\/?p=1929","title":{"rendered":"Ber\u00ea Kurdistana S\u00fbriy\u00ea p\u00ea\u015fwaziya daxuyaniya El-\u015eerih dike \u00fb banga S\u00fbriyak federal dike"},"content":{"rendered":"<p class=\"tm7\" style=\"direction: ltr;\"><span class=\"tm8\">\u00a0<\/span><\/p>\n<p class=\"tm7\" style=\"direction: ltr;\"><span class=\"tm8\">Ber\u00ea Kurdistana S\u00fbriy\u00ea di derbar\u00ea daxuyaniya daw\u00ee ya fermandar\u00ea Desteya Tehr\u00eer El-\u015eam, Ehmed El-\u015eerih de daxuyaniyek belav kir \u00fb got ew p\u00ea\u015fwaziya w\u00ea helwest\u00ea dike.<\/span><\/p>\n<p class=\"tm7\" style=\"direction: ltr;\"><span class=\"tm8\">Ber\u00ea Kurdistana S\u00fbriy\u00ea di daxuyaniya xwe de got, ku ew helwest n\u00ee\u015fan\u00ean er\u00ean\u00ee ne di r\u00eaya rast de, l\u00ea tekez kir, ku div\u00ea ew helwest di war\u00ea prakt\u00eek\u00ee de were bicihkirin. Deqeya daxuyaniy\u00ea:<\/span><\/p>\n<p class=\"tm7\" style=\"direction: ltr;\"><span class=\"tm8\">\u00a0<\/span><\/p>\n<p class=\"tm7\" style=\"direction: ltr;\"><strong><span class=\"tm9\">Daxuyaniyek ji Ber\u00ea Kurdistana S\u00fbriy\u00ea<\/span><\/strong><\/p>\n<p class=\"tm7\" style=\"direction: ltr;\"><span class=\"tm8\">Ber\u00ea Kurdistana S\u00fbriy\u00ea p\u00ea\u015fwaziya helwesta fermandar\u00ea Desteya Tehr\u00eer El-\u015eam, Ehmed El-\u015eerih, ya di derbar\u00ea doza kurd \u00fb sitema li ser gel\u00ea kurd di serdema desthelata El-Beis de hatiye, dike. Herwiha gotin\u00ean w\u00ee di derbar\u00ea vegera debider\u00ean Efr\u00een\u00ea bilind dinirx\u00eene. Daxuyaniya El-\u015eehrih gaveke gir\u00eeng e di r\u00eaya rast de \u00fb danp\u00eadaneke zelal e bi rewatiya doza kurd \u00fb maf\u00ean gel\u00ea Kurdistana S\u00fbriy\u00ea.<\/span><\/p>\n<p class=\"tm7\" style=\"direction: ltr;\"><span class=\"tm8\">Em weke Ber\u00ea Kurdistana S\u00fbriy\u00ea v\u00ea helwest\u00ea weke desp\u00eakeke gir\u00eeng dib\u00eenin \u00fb div\u00ea di war\u00ea pralt\u00eek\u00ee de j\u00ee were bicihkirin, ku t\u00eade maf\u00ean gel\u00ea kurd di dest\u00fbra S\u00fbriya N\u00fb de werin \u00e7espandin, bi ku taybet\u00ee kurd netewa diw\u00ea ne li S\u00fbriy\u00ea, herwiha div\u00ea di heman dem\u00ea de j\u00ee heman maf\u00ean ji ereban re hene div\u00ea ji kurdan re j\u00ee hebin, ligel danp\u00eadana bi nasnameya ni\u015ftiman\u00ee \u00fb siyas\u00ee y\u00ean kurdan di S\u00fbriy\u00ea de.<\/span><\/p>\n<p class=\"tm7\" style=\"direction: ltr;\"><span class=\"tm8\">Em li ser taybetmendiya \u00e7and\u00ee \u00fb netew\u00ee ya gel\u00ea kurd di hundir S\u00fbriyak pirreng, demokrat \u00fb li ser nenavendiyeke siyas\u00ee tekez dikin, ku kurd t\u00eade maf\u00ean xwe y\u00ean siyas\u00ee, civak\u00ee \u00fb \u00e7and\u00ee li gor\u00ee peyman\u00ean navdewlet\u00ee bidest bixin.<\/span><\/p>\n<p class=\"tm7\" style=\"direction: ltr;\"><span class=\"tm8\">Danp\u00eadana bi maf\u00ean gel\u00ea kurd weke p\u00eakhateyeke sereke li S\u00fbriy\u00ea \u00fb gerent\u00eekirina be\u015fdarkirina gi\u015ft\u00ee di avakirina p\u00ea\u015feroja S\u00fbriy\u00ea de mereceke sereke ye ji bo dadperwer\u00ee, a\u015ftiy\u00ea \u00fb aramiya berdewam li S\u00fbriy\u00ea<\/span><\/p>\n<p class=\"tm7\" style=\"direction: ltr;\"><span class=\"tm8\">Bereya Kurdistana S\u00fbriy\u00ea<\/span><\/p>\n<p class=\"tm7\" style=\"direction: ltr;\"><span class=\"tm8\">15.12.2024<\/span><\/p>\n","protected":false},"excerpt":{"rendered":"<p>\u00a0 Ber\u00ea Kurdistana S\u00fbriy\u00ea di derbar\u00ea daxuyaniya daw\u00ee ya fermandar\u00ea Desteya Tehr\u00eer El-\u015eam, Ehmed El-\u015eerih&#8230;<\/p>\n","protected":false},"author":8,"featured_media":1905,"comment_status":"closed","ping_status":"closed","sticky":false,"template":"","format":"standard","meta":{"footnotes":""},"categories":[34],"tags":[],"class_list":["post-1929","post","type-post","status-publish","format-standard","has-post-thumbnail","hentry","category-daxuyani"],"yoast_head":"<!-- This site is optimized with the Yoast SEO plugin v27.5 - https:\/\/yoast.com\/product\/yoast-seo-wordpress\/ -->\n<title>Ber\u00ea Kurdistana S\u00fbriy\u00ea p\u00ea\u015fwaziya daxuyaniya El-\u015eerih dike \u00fb banga S\u00fbriyak federal dike &#8226; \u015eAK<\/title>\n<meta name=\"robots\" content=\"index, follow, max-snippet:-1, max-image-preview:large, max-video-preview:-1\" \/>\n<link rel=\"canonical\" href=\"https:\/\/saknews.net\/ku\/?p=1929\" \/>\n<meta property=\"og:locale\" content=\"en_US\" \/>\n<meta property=\"og:type\" content=\"article\" \/>\n<meta property=\"og:title\" content=\"Ber\u00ea Kurdistana S\u00fbriy\u00ea p\u00ea\u015fwaziya daxuyaniya El-\u015eerih dike \u00fb banga S\u00fbriyak federal dike &#8226; \u015eAK\" \/>\n<meta property=\"og:description\" content=\"\u00a0 Ber\u00ea Kurdistana S\u00fbriy\u00ea di derbar\u00ea daxuyaniya daw\u00ee ya fermandar\u00ea Desteya Tehr\u00eer El-\u015eam, Ehmed El-\u015eerih...\" \/>\n<meta property=\"og:url\" content=\"https:\/\/saknews.net\/ku\/?p=1929\" \/>\n<meta property=\"og:site_name\" content=\"\u015eAK\" \/>\n<meta property=\"article:publisher\" content=\"https:\/\/www.facebook.com\/Shepel.ewropa\" \/>\n<meta property=\"article:published_time\" content=\"2024-12-15T19:17:32+00:00\" \/>\n<meta property=\"article:modified_time\" content=\"2024-12-21T19:18:49+00:00\" \/>\n<meta property=\"og:image\" content=\"https:\/\/saknews.net\/ku\/wp-content\/uploads\/2024\/12\/IMG-20241207-WA0028.jpg\" \/>\n\t<meta property=\"og:image:width\" content=\"597\" \/>\n\t<meta property=\"og:image:height\" content=\"574\" \/>\n\t<meta property=\"og:image:type\" content=\"image\/jpeg\" \/>\n<meta name=\"author\" content=\"Horan Hem\" \/>\n<meta name=\"twitter:card\" content=\"summary_large_image\" \/>\n<meta name=\"twitter:label1\" content=\"Written by\" \/>\n\t<meta name=\"twitter:data1\" content=\"Horan Hem\" \/>\n\t<meta name=\"twitter:label2\" content=\"Est. reading time\" \/>\n\t<meta name=\"twitter:data2\" content=\"2 minutes\" \/>\n<script type=\"application\/ld+json\" class=\"yoast-schema-graph\">{\"@context\":\"https:\\\/\\\/schema.org\",\"@graph\":[{\"@type\":\"Article\",\"@id\":\"https:\\\/\\\/saknews.net\\\/ku\\\/?p=1929#article\",\"isPartOf\":{\"@id\":\"https:\\\/\\\/saknews.net\\\/ku\\\/?p=1929\"},\"author\":{\"name\":\"Horan Hem\",\"@id\":\"https:\\\/\\\/saknews.net\\\/ku\\\/#\\\/schema\\\/person\\\/72ae32a4041a3817e015b63d8f409058\"},\"headline\":\"Ber\u00ea Kurdistana S\u00fbriy\u00ea p\u00ea\u015fwaziya daxuyaniya El-\u015eerih dike \u00fb banga S\u00fbriyak federal dike\",\"datePublished\":\"2024-12-15T19:17:32+00:00\",\"dateModified\":\"2024-12-21T19:18:49+00:00\",\"mainEntityOfPage\":{\"@id\":\"https:\\\/\\\/saknews.net\\\/ku\\\/?p=1929\"},\"wordCount\":331,\"publisher\":{\"@id\":\"https:\\\/\\\/saknews.net\\\/ku\\\/#organization\"},\"image\":{\"@id\":\"https:\\\/\\\/saknews.net\\\/ku\\\/?p=1929#primaryimage\"},\"thumbnailUrl\":\"https:\\\/\\\/i0.wp.com\\\/saknews.net\\\/ku\\\/wp-content\\\/uploads\\\/2024\\\/12\\\/IMG-20241207-WA0028.jpg?fit=597%2C574&ssl=1\",\"articleSection\":[\"Daxuyan\u00ee\"],\"inLanguage\":\"en-US\"},{\"@type\":\"WebPage\",\"@id\":\"https:\\\/\\\/saknews.net\\\/ku\\\/?p=1929\",\"url\":\"https:\\\/\\\/saknews.net\\\/ku\\\/?p=1929\",\"name\":\"Ber\u00ea Kurdistana S\u00fbriy\u00ea p\u00ea\u015fwaziya daxuyaniya El-\u015eerih dike \u00fb banga S\u00fbriyak federal dike &#8226; \u015eAK\",\"isPartOf\":{\"@id\":\"https:\\\/\\\/saknews.net\\\/ku\\\/#website\"},\"primaryImageOfPage\":{\"@id\":\"https:\\\/\\\/saknews.net\\\/ku\\\/?p=1929#primaryimage\"},\"image\":{\"@id\":\"https:\\\/\\\/saknews.net\\\/ku\\\/?p=1929#primaryimage\"},\"thumbnailUrl\":\"https:\\\/\\\/i0.wp.com\\\/saknews.net\\\/ku\\\/wp-content\\\/uploads\\\/2024\\\/12\\\/IMG-20241207-WA0028.jpg?fit=597%2C574&ssl=1\",\"datePublished\":\"2024-12-15T19:17:32+00:00\",\"dateModified\":\"2024-12-21T19:18:49+00:00\",\"breadcrumb\":{\"@id\":\"https:\\\/\\\/saknews.net\\\/ku\\\/?p=1929#breadcrumb\"},\"inLanguage\":\"en-US\",\"potentialAction\":[{\"@type\":\"ReadAction\",\"target\":[\"https:\\\/\\\/saknews.net\\\/ku\\\/?p=1929\"]}]},{\"@type\":\"ImageObject\",\"inLanguage\":\"en-US\",\"@id\":\"https:\\\/\\\/saknews.net\\\/ku\\\/?p=1929#primaryimage\",\"url\":\"https:\\\/\\\/i0.wp.com\\\/saknews.net\\\/ku\\\/wp-content\\\/uploads\\\/2024\\\/12\\\/IMG-20241207-WA0028.jpg?fit=597%2C574&ssl=1\",\"contentUrl\":\"https:\\\/\\\/i0.wp.com\\\/saknews.net\\\/ku\\\/wp-content\\\/uploads\\\/2024\\\/12\\\/IMG-20241207-WA0028.jpg?fit=597%2C574&ssl=1\",\"width\":597,\"height\":574},{\"@type\":\"BreadcrumbList\",\"@id\":\"https:\\\/\\\/saknews.net\\\/ku\\\/?p=1929#breadcrumb\",\"itemListElement\":[{\"@type\":\"ListItem\",\"position\":1,\"name\":\"\u0627\u0644\u0631\u0626\u064a\u0633\u064a\u0629\",\"item\":\"https:\\\/\\\/saknews.net\\\/ku\\\/\"},{\"@type\":\"ListItem\",\"position\":2,\"name\":\"N\u00fb\u00e7e\",\"item\":\"https:\\\/\\\/saknews.net\\\/ku\\\/?cat=49\"},{\"@type\":\"ListItem\",\"position\":3,\"name\":\"Daxuyan\u00ee\",\"item\":\"https:\\\/\\\/saknews.net\\\/ku\\\/?cat=34\"},{\"@type\":\"ListItem\",\"position\":4,\"name\":\"Ber\u00ea Kurdistana S\u00fbriy\u00ea p\u00ea\u015fwaziya daxuyaniya El-\u015eerih dike \u00fb banga S\u00fbriyak federal dike\"}]},{\"@type\":\"WebSite\",\"@id\":\"https:\\\/\\\/saknews.net\\\/ku\\\/#website\",\"url\":\"https:\\\/\\\/saknews.net\\\/ku\\\/\",\"name\":\"S\u0327epe\u0302la Azadi\u0302 ya Kurdistani\u0302\",\"description\":\"\u062a\u064a\u0627\u0631 \u0627\u0644\u062d\u0631\u064a\u0629 \u0627\u0644\u0643\u0648\u0631\u062f\u0633\u062a\u0627\u0646\u064a \u015eep\u00eala Azad\u00ee ya Kurdistan\u00ee\",\"publisher\":{\"@id\":\"https:\\\/\\\/saknews.net\\\/ku\\\/#organization\"},\"potentialAction\":[{\"@type\":\"SearchAction\",\"target\":{\"@type\":\"EntryPoint\",\"urlTemplate\":\"https:\\\/\\\/saknews.net\\\/ku\\\/?s={search_term_string}\"},\"query-input\":{\"@type\":\"PropertyValueSpecification\",\"valueRequired\":true,\"valueName\":\"search_term_string\"}}],\"inLanguage\":\"en-US\"},{\"@type\":\"Organization\",\"@id\":\"https:\\\/\\\/saknews.net\\\/ku\\\/#organization\",\"name\":\"\u015eep\u00eala Azadiy\u00ea ya Kurdistan\u00ea - \u062a\u064a\u0627\u0631 \u0627\u0644\u062d\u0631\u064a\u0629 \u0627\u0644\u0643\u0648\u0631\u062f\u0633\u062a\u0627\u0646\u064a\",\"url\":\"https:\\\/\\\/saknews.net\\\/ku\\\/\",\"logo\":{\"@type\":\"ImageObject\",\"inLanguage\":\"en-US\",\"@id\":\"https:\\\/\\\/saknews.net\\\/ku\\\/#\\\/schema\\\/logo\\\/image\\\/\",\"url\":\"https:\\\/\\\/i0.wp.com\\\/saknews.net\\\/ku\\\/wp-content\\\/uploads\\\/2024\\\/11\\\/cropped-logo-1.png?fit=512%2C512&ssl=1\",\"contentUrl\":\"https:\\\/\\\/i0.wp.com\\\/saknews.net\\\/ku\\\/wp-content\\\/uploads\\\/2024\\\/11\\\/cropped-logo-1.png?fit=512%2C512&ssl=1\",\"width\":512,\"height\":512,\"caption\":\"\u015eep\u00eala Azadiy\u00ea ya Kurdistan\u00ea - \u062a\u064a\u0627\u0631 \u0627\u0644\u062d\u0631\u064a\u0629 \u0627\u0644\u0643\u0648\u0631\u062f\u0633\u062a\u0627\u0646\u064a\"},\"image\":{\"@id\":\"https:\\\/\\\/saknews.net\\\/ku\\\/#\\\/schema\\\/logo\\\/image\\\/\"},\"sameAs\":[\"https:\\\/\\\/www.facebook.com\\\/Shepel.ewropa\"]},{\"@type\":\"Person\",\"@id\":\"https:\\\/\\\/saknews.net\\\/ku\\\/#\\\/schema\\\/person\\\/72ae32a4041a3817e015b63d8f409058\",\"name\":\"Horan Hem\",\"url\":\"https:\\\/\\\/saknews.net\\\/ku\\\/?author=8\"}]}<\/script>\n<!-- \/ Yoast SEO plugin. -->","yoast_head_json":{"title":"Ber\u00ea Kurdistana S\u00fbriy\u00ea p\u00ea\u015fwaziya daxuyaniya El-\u015eerih dike \u00fb banga S\u00fbriyak federal dike &#8226; \u015eAK","robots":{"index":"index","follow":"follow","max-snippet":"max-snippet:-1","max-image-preview":"max-image-preview:large","max-video-preview":"max-video-preview:-1"},"canonical":"https:\/\/saknews.net\/ku\/?p=1929","og_locale":"en_US","og_type":"article","og_title":"Ber\u00ea Kurdistana S\u00fbriy\u00ea p\u00ea\u015fwaziya daxuyaniya El-\u015eerih dike \u00fb banga S\u00fbriyak federal dike &#8226; \u015eAK","og_description":"\u00a0 Ber\u00ea Kurdistana S\u00fbriy\u00ea di derbar\u00ea daxuyaniya daw\u00ee ya fermandar\u00ea Desteya Tehr\u00eer El-\u015eam, Ehmed El-\u015eerih...","og_url":"https:\/\/saknews.net\/ku\/?p=1929","og_site_name":"\u015eAK","article_publisher":"https:\/\/www.facebook.com\/Shepel.ewropa","article_published_time":"2024-12-15T19:17:32+00:00","article_modified_time":"2024-12-21T19:18:49+00:00","og_image":[{"width":597,"height":574,"url":"https:\/\/saknews.net\/ku\/wp-content\/uploads\/2024\/12\/IMG-20241207-WA0028.jpg","type":"image\/jpeg"}],"author":"Horan Hem","twitter_card":"summary_large_image","twitter_misc":{"Written by":"Horan Hem","Est. reading time":"2 minutes"},"schema":{"@context":"https:\/\/schema.org","@graph":[{"@type":"Article","@id":"https:\/\/saknews.net\/ku\/?p=1929#article","isPartOf":{"@id":"https:\/\/saknews.net\/ku\/?p=1929"},"author":{"name":"Horan Hem","@id":"https:\/\/saknews.net\/ku\/#\/schema\/person\/72ae32a4041a3817e015b63d8f409058"},"headline":"Ber\u00ea Kurdistana S\u00fbriy\u00ea p\u00ea\u015fwaziya daxuyaniya El-\u015eerih dike \u00fb banga S\u00fbriyak federal dike","datePublished":"2024-12-15T19:17:32+00:00","dateModified":"2024-12-21T19:18:49+00:00","mainEntityOfPage":{"@id":"https:\/\/saknews.net\/ku\/?p=1929"},"wordCount":331,"publisher":{"@id":"https:\/\/saknews.net\/ku\/#organization"},"image":{"@id":"https:\/\/saknews.net\/ku\/?p=1929#primaryimage"},"thumbnailUrl":"https:\/\/i0.wp.com\/saknews.net\/ku\/wp-content\/uploads\/2024\/12\/IMG-20241207-WA0028.jpg?fit=597%2C574&ssl=1","articleSection":["Daxuyan\u00ee"],"inLanguage":"en-US"},{"@type":"WebPage","@id":"https:\/\/saknews.net\/ku\/?p=1929","url":"https:\/\/saknews.net\/ku\/?p=1929","name":"Ber\u00ea Kurdistana S\u00fbriy\u00ea p\u00ea\u015fwaziya daxuyaniya El-\u015eerih dike \u00fb banga S\u00fbriyak federal dike &#8226; \u015eAK","isPartOf":{"@id":"https:\/\/saknews.net\/ku\/#website"},"primaryImageOfPage":{"@id":"https:\/\/saknews.net\/ku\/?p=1929#primaryimage"},"image":{"@id":"https:\/\/saknews.net\/ku\/?p=1929#primaryimage"},"thumbnailUrl":"https:\/\/i0.wp.com\/saknews.net\/ku\/wp-content\/uploads\/2024\/12\/IMG-20241207-WA0028.jpg?fit=597%2C574&ssl=1","datePublished":"2024-12-15T19:17:32+00:00","dateModified":"2024-12-21T19:18:49+00:00","breadcrumb":{"@id":"https:\/\/saknews.net\/ku\/?p=1929#breadcrumb"},"inLanguage":"en-US","potentialAction":[{"@type":"ReadAction","target":["https:\/\/saknews.net\/ku\/?p=1929"]}]},{"@type":"ImageObject","inLanguage":"en-US","@id":"https:\/\/saknews.net\/ku\/?p=1929#primaryimage","url":"https:\/\/i0.wp.com\/saknews.net\/ku\/wp-content\/uploads\/2024\/12\/IMG-20241207-WA0028.jpg?fit=597%2C574&ssl=1","contentUrl":"https:\/\/i0.wp.com\/saknews.net\/ku\/wp-content\/uploads\/2024\/12\/IMG-20241207-WA0028.jpg?fit=597%2C574&ssl=1","width":597,"height":574},{"@type":"BreadcrumbList","@id":"https:\/\/saknews.net\/ku\/?p=1929#breadcrumb","itemListElement":[{"@type":"ListItem","position":1,"name":"\u0627\u0644\u0631\u0626\u064a\u0633\u064a\u0629","item":"https:\/\/saknews.net\/ku\/"},{"@type":"ListItem","position":2,"name":"N\u00fb\u00e7e","item":"https:\/\/saknews.net\/ku\/?cat=49"},{"@type":"ListItem","position":3,"name":"Daxuyan\u00ee","item":"https:\/\/saknews.net\/ku\/?cat=34"},{"@type":"ListItem","position":4,"name":"Ber\u00ea Kurdistana S\u00fbriy\u00ea p\u00ea\u015fwaziya daxuyaniya El-\u015eerih dike \u00fb banga S\u00fbriyak federal dike"}]},{"@type":"WebSite","@id":"https:\/\/saknews.net\/ku\/#website","url":"https:\/\/saknews.net\/ku\/","name":"S\u0327epe\u0302la Azadi\u0302 ya Kurdistani\u0302","description":"\u062a\u064a\u0627\u0631 \u0627\u0644\u062d\u0631\u064a\u0629 \u0627\u0644\u0643\u0648\u0631\u062f\u0633\u062a\u0627\u0646\u064a \u015eep\u00eala Azad\u00ee ya Kurdistan\u00ee","publisher":{"@id":"https:\/\/saknews.net\/ku\/#organization"},"potentialAction":[{"@type":"SearchAction","target":{"@type":"EntryPoint","urlTemplate":"https:\/\/saknews.net\/ku\/?s={search_term_string}"},"query-input":{"@type":"PropertyValueSpecification","valueRequired":true,"valueName":"search_term_string"}}],"inLanguage":"en-US"},{"@type":"Organization","@id":"https:\/\/saknews.net\/ku\/#organization","name":"\u015eep\u00eala Azadiy\u00ea ya Kurdistan\u00ea - \u062a\u064a\u0627\u0631 \u0627\u0644\u062d\u0631\u064a\u0629 \u0627\u0644\u0643\u0648\u0631\u062f\u0633\u062a\u0627\u0646\u064a","url":"https:\/\/saknews.net\/ku\/","logo":{"@type":"ImageObject","inLanguage":"en-US","@id":"https:\/\/saknews.net\/ku\/#\/schema\/logo\/image\/","url":"https:\/\/i0.wp.com\/saknews.net\/ku\/wp-content\/uploads\/2024\/11\/cropped-logo-1.png?fit=512%2C512&ssl=1","contentUrl":"https:\/\/i0.wp.com\/saknews.net\/ku\/wp-content\/uploads\/2024\/11\/cropped-logo-1.png?fit=512%2C512&ssl=1","width":512,"height":512,"caption":"\u015eep\u00eala Azadiy\u00ea ya Kurdistan\u00ea - \u062a\u064a\u0627\u0631 \u0627\u0644\u062d\u0631\u064a\u0629 \u0627\u0644\u0643\u0648\u0631\u062f\u0633\u062a\u0627\u0646\u064a"},"image":{"@id":"https:\/\/saknews.net\/ku\/#\/schema\/logo\/image\/"},"sameAs":["https:\/\/www.facebook.com\/Shepel.ewropa"]},{"@type":"Person","@id":"https:\/\/saknews.net\/ku\/#\/schema\/person\/72ae32a4041a3817e015b63d8f409058","name":"Horan Hem","url":"https:\/\/saknews.net\/ku\/?author=8"}]}},"featured_image_urls":{"full":["https:\/\/i0.wp.com\/saknews.net\/ku\/wp-content\/uploads\/2024\/12\/IMG-20241207-WA0028.jpg?fit=597%2C574&ssl=1",597,574,false],"thumbnail":["https:\/\/i0.wp.com\/saknews.net\/ku\/wp-content\/uploads\/2024\/12\/IMG-20241207-WA0028.jpg?resize=150%2C150&ssl=1",150,150,true],"medium":["https:\/\/i0.wp.com\/saknews.net\/ku\/wp-content\/uploads\/2024\/12\/IMG-20241207-WA0028.jpg?fit=300%2C288&ssl=1",300,288,true],"medium_large":["https:\/\/i0.wp.com\/saknews.net\/ku\/wp-content\/uploads\/2024\/12\/IMG-20241207-WA0028.jpg?fit=597%2C574&ssl=1",597,574,true],"large":["https:\/\/i0.wp.com\/saknews.net\/ku\/wp-content\/uploads\/2024\/12\/IMG-20241207-WA0028.jpg?fit=597%2C574&ssl=1",597,574,true],"1536x1536":["https:\/\/i0.wp.com\/saknews.net\/ku\/wp-content\/uploads\/2024\/12\/IMG-20241207-WA0028.jpg?fit=597%2C574&ssl=1",597,574,true],"2048x2048":["https:\/\/i0.wp.com\/saknews.net\/ku\/wp-content\/uploads\/2024\/12\/IMG-20241207-WA0028.jpg?fit=597%2C574&ssl=1",597,574,true],"covernews-featured":["https:\/\/i0.wp.com\/saknews.net\/ku\/wp-content\/uploads\/2024\/12\/IMG-20241207-WA0028.jpg?fit=597%2C574&ssl=1",597,574,true],"covernews-medium":["https:\/\/i0.wp.com\/saknews.net\/ku\/wp-content\/uploads\/2024\/12\/IMG-20241207-WA0028.jpg?resize=540%2C340&ssl=1",540,340,true]},"author_info":{"display_name":"Horan Hem","author_link":"https:\/\/saknews.net\/ku\/?author=8"},"category_info":"<a href=\"https:\/\/saknews.net\/ku\/?cat=34\" rel=\"category\">Daxuyan\u00ee<\/a>","tag_info":"Daxuyan\u00ee","comment_count":"0","_links":{"self":[{"href":"https:\/\/saknews.net\/ku\/index.php?rest_route=\/wp\/v2\/posts\/1929","targetHints":{"allow":["GET"]}}],"collection":[{"href":"https:\/\/saknews.net\/ku\/index.php?rest_route=\/wp\/v2\/posts"}],"about":[{"href":"https:\/\/saknews.net\/ku\/index.php?rest_route=\/wp\/v2\/types\/post"}],"author":[{"embeddable":true,"href":"https:\/\/saknews.net\/ku\/index.php?rest_route=\/wp\/v2\/users\/8"}],"replies":[{"embeddable":true,"href":"https:\/\/saknews.net\/ku\/index.php?rest_route=%2Fwp%2Fv2%2Fcomments&post=1929"}],"version-history":[{"count":2,"href":"https:\/\/saknews.net\/ku\/index.php?rest_route=\/wp\/v2\/posts\/1929\/revisions"}],"predecessor-version":[{"id":1931,"href":"https:\/\/saknews.net\/ku\/index.php?rest_route=\/wp\/v2\/posts\/1929\/revisions\/1931"}],"wp:featuredmedia":[{"embeddable":true,"href":"https:\/\/saknews.net\/ku\/index.php?rest_route=\/wp\/v2\/media\/1905"}],"wp:attachment":[{"href":"https:\/\/saknews.net\/ku\/index.php?rest_route=%2Fwp%2Fv2%2Fmedia&parent=1929"}],"wp:term":[{"taxonomy":"category","embeddable":true,"href":"https:\/\/saknews.net\/ku\/index.php?rest_route=%2Fwp%2Fv2%2Fcategories&post=1929"},{"taxonomy":"post_tag","embeddable":true,"href":"https:\/\/saknews.net\/ku\/index.php?rest_route=%2Fwp%2Fv2%2Ftags&post=1929"}],"curies":[{"name":"wp","href":"https:\/\/api.w.org\/{rel}","templated":true}]}}