{"id":1964,"date":"2024-12-19T15:46:36","date_gmt":"2024-12-19T15:46:36","guid":{"rendered":"https:\/\/saknews.net\/ku\/?p=1964"},"modified":"2024-12-22T15:57:17","modified_gmt":"2024-12-22T15:57:17","slug":"1964","status":"publish","type":"post","link":"https:\/\/saknews.net\/ku\/?p=1964","title":{"rendered":"\u015eAK  raporta helmeta al\u00eekariya derbider\u00ean Efr\u00een\u00ea belav dike"},"content":{"rendered":"<p class=\"Normal\" style=\"direction: ltr;\">Enc\u00fbmena Xwecih\u00ee ya yek\u00ea ya \u015eep\u00eala Azad\u00ee ya Kurdistan\u00ee li Ewropa raportek di derbar\u00ea helmeta komkirina al\u00eekariya ji bo derbider\u00ean Efr\u00een\u00ea de belav kir, ku ew derbider pi\u015ft\u00ee kontrolkirina dever\u00ean li Til Rifat\u00ea \u00fb gund\u00ean derdor\u00ea y\u00ean di bin kontrola YPG de ji aliy\u00ean \u00e7ekdar\u00ean \u00cet\u00eelaf\u00ea y\u00ean ser bi Tirkiy\u00ea ve hatib\u00fb kontrolkirin.<\/p>\n<p class=\"Normal\" style=\"direction: ltr;\">Raport bi h\u00fbrgil\u00ee behsa hejmara derbider\u00ean vegeryayan ji bo Efr\u00een\u00ea dike, ku bib\u00fb 6 sal d\u00fbr\u00ee Efr\u00een\u00ea b\u00fbn. Li gor\u00ee raport\u00ea b\u00eatir\u00ee 1920 malbat vegeriyan. Herwiha raport behsa \u00e7awaniya belavkirina al\u00eekariyan li Efr\u00een\u00ea dike, ku her kes\u00ea bi r\u00eaya Enc\u00fbmena Xwecih\u00ee al\u00eekar\u00ee \u015fandib\u00fb Efr\u00een\u00ea, raporteke daray\u00ee bi h\u00fbrgil\u00ee j\u00ea re hatib\u00fb \u015fandin, ku t\u00eade nav\u00ean malbatan \u00fb hejmara telefon\u00ean wan, w\u00eane, fat\u00fbre \u00fb hejmara gi\u015ft\u00ee ya perey\u00ean li ser vegeryayan hatine belavkirin.<\/p>\n<p class=\"Normal\" style=\"direction: ltr;\">H\u00fbn dikarin raport\u00ea bi ziman\u00ea kurd\u00ee li vir bixw\u00eenin:<\/p>\n<p class=\"Normal\" style=\"direction: ltr;\"><a href=\"https:\/\/saknews.net\/ku\/wp-content\/uploads\/2024\/12\/VEGER-1.pdf\">VEGER<\/a><\/p>\n","protected":false},"excerpt":{"rendered":"<p>Enc\u00fbmena Xwecih\u00ee ya yek\u00ea ya \u015eep\u00eala Azad\u00ee ya Kurdistan\u00ee li Ewropa raportek di derbar\u00ea helmeta&#8230;<\/p>\n","protected":false},"author":8,"featured_media":1935,"comment_status":"closed","ping_status":"closed","sticky":false,"template":"","format":"standard","meta":{"footnotes":""},"categories":[49],"tags":[],"class_list":["post-1964","post","type-post","status-publish","format-standard","has-post-thumbnail","hentry","category-nuce"],"yoast_head":"<!-- This site is optimized with the Yoast SEO plugin v27.5 - https:\/\/yoast.com\/product\/yoast-seo-wordpress\/ -->\n<title>\u015eAK raporta helmeta al\u00eekariya derbider\u00ean Efr\u00een\u00ea belav dike &#8226; \u015eAK<\/title>\n<meta name=\"robots\" content=\"index, follow, max-snippet:-1, max-image-preview:large, max-video-preview:-1\" \/>\n<link rel=\"canonical\" href=\"https:\/\/saknews.net\/ku\/?p=1964\" \/>\n<meta property=\"og:locale\" content=\"en_US\" \/>\n<meta property=\"og:type\" content=\"article\" \/>\n<meta property=\"og:title\" content=\"\u015eAK raporta helmeta al\u00eekariya derbider\u00ean Efr\u00een\u00ea belav dike &#8226; \u015eAK\" \/>\n<meta property=\"og:description\" content=\"Enc\u00fbmena Xwecih\u00ee ya yek\u00ea ya \u015eep\u00eala Azad\u00ee ya Kurdistan\u00ee li Ewropa raportek di derbar\u00ea helmeta...\" \/>\n<meta property=\"og:url\" content=\"https:\/\/saknews.net\/ku\/?p=1964\" \/>\n<meta property=\"og:site_name\" content=\"\u015eAK\" \/>\n<meta property=\"article:publisher\" content=\"https:\/\/www.facebook.com\/Shepel.ewropa\" \/>\n<meta property=\"article:published_time\" content=\"2024-12-19T15:46:36+00:00\" \/>\n<meta property=\"article:modified_time\" content=\"2024-12-22T15:57:17+00:00\" \/>\n<meta property=\"og:image\" content=\"https:\/\/saknews.net\/ku\/wp-content\/uploads\/2024\/12\/Screenshot_20241221_202339_Adobe-Acrobat.jpg\" \/>\n\t<meta property=\"og:image:width\" content=\"1078\" \/>\n\t<meta property=\"og:image:height\" content=\"1020\" \/>\n\t<meta property=\"og:image:type\" content=\"image\/jpeg\" \/>\n<meta name=\"author\" content=\"Horan Hem\" \/>\n<meta name=\"twitter:card\" content=\"summary_large_image\" \/>\n<meta name=\"twitter:label1\" content=\"Written by\" \/>\n\t<meta name=\"twitter:data1\" content=\"Horan Hem\" \/>\n\t<meta name=\"twitter:label2\" content=\"Est. reading time\" \/>\n\t<meta name=\"twitter:data2\" content=\"1 minute\" \/>\n<script type=\"application\/ld+json\" class=\"yoast-schema-graph\">{\"@context\":\"https:\\\/\\\/schema.org\",\"@graph\":[{\"@type\":\"Article\",\"@id\":\"https:\\\/\\\/saknews.net\\\/ku\\\/?p=1964#article\",\"isPartOf\":{\"@id\":\"https:\\\/\\\/saknews.net\\\/ku\\\/?p=1964\"},\"author\":{\"name\":\"Horan Hem\",\"@id\":\"https:\\\/\\\/saknews.net\\\/ku\\\/#\\\/schema\\\/person\\\/72ae32a4041a3817e015b63d8f409058\"},\"headline\":\"\u015eAK raporta helmeta al\u00eekariya derbider\u00ean Efr\u00een\u00ea belav dike\",\"datePublished\":\"2024-12-19T15:46:36+00:00\",\"dateModified\":\"2024-12-22T15:57:17+00:00\",\"mainEntityOfPage\":{\"@id\":\"https:\\\/\\\/saknews.net\\\/ku\\\/?p=1964\"},\"wordCount\":177,\"publisher\":{\"@id\":\"https:\\\/\\\/saknews.net\\\/ku\\\/#organization\"},\"image\":{\"@id\":\"https:\\\/\\\/saknews.net\\\/ku\\\/?p=1964#primaryimage\"},\"thumbnailUrl\":\"https:\\\/\\\/i0.wp.com\\\/saknews.net\\\/ku\\\/wp-content\\\/uploads\\\/2024\\\/12\\\/Screenshot_20241221_202339_Adobe-Acrobat.jpg?fit=1078%2C1020&ssl=1\",\"articleSection\":[\"N\u00fb\u00e7e\"],\"inLanguage\":\"en-US\"},{\"@type\":\"WebPage\",\"@id\":\"https:\\\/\\\/saknews.net\\\/ku\\\/?p=1964\",\"url\":\"https:\\\/\\\/saknews.net\\\/ku\\\/?p=1964\",\"name\":\"\u015eAK raporta helmeta al\u00eekariya derbider\u00ean Efr\u00een\u00ea belav dike &#8226; \u015eAK\",\"isPartOf\":{\"@id\":\"https:\\\/\\\/saknews.net\\\/ku\\\/#website\"},\"primaryImageOfPage\":{\"@id\":\"https:\\\/\\\/saknews.net\\\/ku\\\/?p=1964#primaryimage\"},\"image\":{\"@id\":\"https:\\\/\\\/saknews.net\\\/ku\\\/?p=1964#primaryimage\"},\"thumbnailUrl\":\"https:\\\/\\\/i0.wp.com\\\/saknews.net\\\/ku\\\/wp-content\\\/uploads\\\/2024\\\/12\\\/Screenshot_20241221_202339_Adobe-Acrobat.jpg?fit=1078%2C1020&ssl=1\",\"datePublished\":\"2024-12-19T15:46:36+00:00\",\"dateModified\":\"2024-12-22T15:57:17+00:00\",\"breadcrumb\":{\"@id\":\"https:\\\/\\\/saknews.net\\\/ku\\\/?p=1964#breadcrumb\"},\"inLanguage\":\"en-US\",\"potentialAction\":[{\"@type\":\"ReadAction\",\"target\":[\"https:\\\/\\\/saknews.net\\\/ku\\\/?p=1964\"]}]},{\"@type\":\"ImageObject\",\"inLanguage\":\"en-US\",\"@id\":\"https:\\\/\\\/saknews.net\\\/ku\\\/?p=1964#primaryimage\",\"url\":\"https:\\\/\\\/i0.wp.com\\\/saknews.net\\\/ku\\\/wp-content\\\/uploads\\\/2024\\\/12\\\/Screenshot_20241221_202339_Adobe-Acrobat.jpg?fit=1078%2C1020&ssl=1\",\"contentUrl\":\"https:\\\/\\\/i0.wp.com\\\/saknews.net\\\/ku\\\/wp-content\\\/uploads\\\/2024\\\/12\\\/Screenshot_20241221_202339_Adobe-Acrobat.jpg?fit=1078%2C1020&ssl=1\",\"width\":1078,\"height\":1020},{\"@type\":\"BreadcrumbList\",\"@id\":\"https:\\\/\\\/saknews.net\\\/ku\\\/?p=1964#breadcrumb\",\"itemListElement\":[{\"@type\":\"ListItem\",\"position\":1,\"name\":\"\u0627\u0644\u0631\u0626\u064a\u0633\u064a\u0629\",\"item\":\"https:\\\/\\\/saknews.net\\\/ku\\\/\"},{\"@type\":\"ListItem\",\"position\":2,\"name\":\"N\u00fb\u00e7e\",\"item\":\"https:\\\/\\\/saknews.net\\\/ku\\\/?cat=49\"},{\"@type\":\"ListItem\",\"position\":3,\"name\":\"\u015eAK raporta helmeta al\u00eekariya derbider\u00ean Efr\u00een\u00ea belav dike\"}]},{\"@type\":\"WebSite\",\"@id\":\"https:\\\/\\\/saknews.net\\\/ku\\\/#website\",\"url\":\"https:\\\/\\\/saknews.net\\\/ku\\\/\",\"name\":\"S\u0327epe\u0302la Azadi\u0302 ya Kurdistani\u0302\",\"description\":\"\u062a\u064a\u0627\u0631 \u0627\u0644\u062d\u0631\u064a\u0629 \u0627\u0644\u0643\u0648\u0631\u062f\u0633\u062a\u0627\u0646\u064a \u015eep\u00eala Azad\u00ee ya Kurdistan\u00ee\",\"publisher\":{\"@id\":\"https:\\\/\\\/saknews.net\\\/ku\\\/#organization\"},\"potentialAction\":[{\"@type\":\"SearchAction\",\"target\":{\"@type\":\"EntryPoint\",\"urlTemplate\":\"https:\\\/\\\/saknews.net\\\/ku\\\/?s={search_term_string}\"},\"query-input\":{\"@type\":\"PropertyValueSpecification\",\"valueRequired\":true,\"valueName\":\"search_term_string\"}}],\"inLanguage\":\"en-US\"},{\"@type\":\"Organization\",\"@id\":\"https:\\\/\\\/saknews.net\\\/ku\\\/#organization\",\"name\":\"\u015eep\u00eala Azadiy\u00ea ya Kurdistan\u00ea - \u062a\u064a\u0627\u0631 \u0627\u0644\u062d\u0631\u064a\u0629 \u0627\u0644\u0643\u0648\u0631\u062f\u0633\u062a\u0627\u0646\u064a\",\"url\":\"https:\\\/\\\/saknews.net\\\/ku\\\/\",\"logo\":{\"@type\":\"ImageObject\",\"inLanguage\":\"en-US\",\"@id\":\"https:\\\/\\\/saknews.net\\\/ku\\\/#\\\/schema\\\/logo\\\/image\\\/\",\"url\":\"https:\\\/\\\/i0.wp.com\\\/saknews.net\\\/ku\\\/wp-content\\\/uploads\\\/2024\\\/11\\\/cropped-logo-1.png?fit=512%2C512&ssl=1\",\"contentUrl\":\"https:\\\/\\\/i0.wp.com\\\/saknews.net\\\/ku\\\/wp-content\\\/uploads\\\/2024\\\/11\\\/cropped-logo-1.png?fit=512%2C512&ssl=1\",\"width\":512,\"height\":512,\"caption\":\"\u015eep\u00eala Azadiy\u00ea ya Kurdistan\u00ea - \u062a\u064a\u0627\u0631 \u0627\u0644\u062d\u0631\u064a\u0629 \u0627\u0644\u0643\u0648\u0631\u062f\u0633\u062a\u0627\u0646\u064a\"},\"image\":{\"@id\":\"https:\\\/\\\/saknews.net\\\/ku\\\/#\\\/schema\\\/logo\\\/image\\\/\"},\"sameAs\":[\"https:\\\/\\\/www.facebook.com\\\/Shepel.ewropa\"]},{\"@type\":\"Person\",\"@id\":\"https:\\\/\\\/saknews.net\\\/ku\\\/#\\\/schema\\\/person\\\/72ae32a4041a3817e015b63d8f409058\",\"name\":\"Horan Hem\",\"url\":\"https:\\\/\\\/saknews.net\\\/ku\\\/?author=8\"}]}<\/script>\n<!-- \/ Yoast SEO plugin. -->","yoast_head_json":{"title":"\u015eAK raporta helmeta al\u00eekariya derbider\u00ean Efr\u00een\u00ea belav dike &#8226; \u015eAK","robots":{"index":"index","follow":"follow","max-snippet":"max-snippet:-1","max-image-preview":"max-image-preview:large","max-video-preview":"max-video-preview:-1"},"canonical":"https:\/\/saknews.net\/ku\/?p=1964","og_locale":"en_US","og_type":"article","og_title":"\u015eAK raporta helmeta al\u00eekariya derbider\u00ean Efr\u00een\u00ea belav dike &#8226; \u015eAK","og_description":"Enc\u00fbmena Xwecih\u00ee ya yek\u00ea ya \u015eep\u00eala Azad\u00ee ya Kurdistan\u00ee li Ewropa raportek di derbar\u00ea helmeta...","og_url":"https:\/\/saknews.net\/ku\/?p=1964","og_site_name":"\u015eAK","article_publisher":"https:\/\/www.facebook.com\/Shepel.ewropa","article_published_time":"2024-12-19T15:46:36+00:00","article_modified_time":"2024-12-22T15:57:17+00:00","og_image":[{"width":1078,"height":1020,"url":"https:\/\/saknews.net\/ku\/wp-content\/uploads\/2024\/12\/Screenshot_20241221_202339_Adobe-Acrobat.jpg","type":"image\/jpeg"}],"author":"Horan Hem","twitter_card":"summary_large_image","twitter_misc":{"Written by":"Horan Hem","Est. reading time":"1 minute"},"schema":{"@context":"https:\/\/schema.org","@graph":[{"@type":"Article","@id":"https:\/\/saknews.net\/ku\/?p=1964#article","isPartOf":{"@id":"https:\/\/saknews.net\/ku\/?p=1964"},"author":{"name":"Horan Hem","@id":"https:\/\/saknews.net\/ku\/#\/schema\/person\/72ae32a4041a3817e015b63d8f409058"},"headline":"\u015eAK raporta helmeta al\u00eekariya derbider\u00ean Efr\u00een\u00ea belav dike","datePublished":"2024-12-19T15:46:36+00:00","dateModified":"2024-12-22T15:57:17+00:00","mainEntityOfPage":{"@id":"https:\/\/saknews.net\/ku\/?p=1964"},"wordCount":177,"publisher":{"@id":"https:\/\/saknews.net\/ku\/#organization"},"image":{"@id":"https:\/\/saknews.net\/ku\/?p=1964#primaryimage"},"thumbnailUrl":"https:\/\/i0.wp.com\/saknews.net\/ku\/wp-content\/uploads\/2024\/12\/Screenshot_20241221_202339_Adobe-Acrobat.jpg?fit=1078%2C1020&ssl=1","articleSection":["N\u00fb\u00e7e"],"inLanguage":"en-US"},{"@type":"WebPage","@id":"https:\/\/saknews.net\/ku\/?p=1964","url":"https:\/\/saknews.net\/ku\/?p=1964","name":"\u015eAK raporta helmeta al\u00eekariya derbider\u00ean Efr\u00een\u00ea belav dike &#8226; \u015eAK","isPartOf":{"@id":"https:\/\/saknews.net\/ku\/#website"},"primaryImageOfPage":{"@id":"https:\/\/saknews.net\/ku\/?p=1964#primaryimage"},"image":{"@id":"https:\/\/saknews.net\/ku\/?p=1964#primaryimage"},"thumbnailUrl":"https:\/\/i0.wp.com\/saknews.net\/ku\/wp-content\/uploads\/2024\/12\/Screenshot_20241221_202339_Adobe-Acrobat.jpg?fit=1078%2C1020&ssl=1","datePublished":"2024-12-19T15:46:36+00:00","dateModified":"2024-12-22T15:57:17+00:00","breadcrumb":{"@id":"https:\/\/saknews.net\/ku\/?p=1964#breadcrumb"},"inLanguage":"en-US","potentialAction":[{"@type":"ReadAction","target":["https:\/\/saknews.net\/ku\/?p=1964"]}]},{"@type":"ImageObject","inLanguage":"en-US","@id":"https:\/\/saknews.net\/ku\/?p=1964#primaryimage","url":"https:\/\/i0.wp.com\/saknews.net\/ku\/wp-content\/uploads\/2024\/12\/Screenshot_20241221_202339_Adobe-Acrobat.jpg?fit=1078%2C1020&ssl=1","contentUrl":"https:\/\/i0.wp.com\/saknews.net\/ku\/wp-content\/uploads\/2024\/12\/Screenshot_20241221_202339_Adobe-Acrobat.jpg?fit=1078%2C1020&ssl=1","width":1078,"height":1020},{"@type":"BreadcrumbList","@id":"https:\/\/saknews.net\/ku\/?p=1964#breadcrumb","itemListElement":[{"@type":"ListItem","position":1,"name":"\u0627\u0644\u0631\u0626\u064a\u0633\u064a\u0629","item":"https:\/\/saknews.net\/ku\/"},{"@type":"ListItem","position":2,"name":"N\u00fb\u00e7e","item":"https:\/\/saknews.net\/ku\/?cat=49"},{"@type":"ListItem","position":3,"name":"\u015eAK raporta helmeta al\u00eekariya derbider\u00ean Efr\u00een\u00ea belav dike"}]},{"@type":"WebSite","@id":"https:\/\/saknews.net\/ku\/#website","url":"https:\/\/saknews.net\/ku\/","name":"S\u0327epe\u0302la Azadi\u0302 ya Kurdistani\u0302","description":"\u062a\u064a\u0627\u0631 \u0627\u0644\u062d\u0631\u064a\u0629 \u0627\u0644\u0643\u0648\u0631\u062f\u0633\u062a\u0627\u0646\u064a \u015eep\u00eala Azad\u00ee ya Kurdistan\u00ee","publisher":{"@id":"https:\/\/saknews.net\/ku\/#organization"},"potentialAction":[{"@type":"SearchAction","target":{"@type":"EntryPoint","urlTemplate":"https:\/\/saknews.net\/ku\/?s={search_term_string}"},"query-input":{"@type":"PropertyValueSpecification","valueRequired":true,"valueName":"search_term_string"}}],"inLanguage":"en-US"},{"@type":"Organization","@id":"https:\/\/saknews.net\/ku\/#organization","name":"\u015eep\u00eala Azadiy\u00ea ya Kurdistan\u00ea - \u062a\u064a\u0627\u0631 \u0627\u0644\u062d\u0631\u064a\u0629 \u0627\u0644\u0643\u0648\u0631\u062f\u0633\u062a\u0627\u0646\u064a","url":"https:\/\/saknews.net\/ku\/","logo":{"@type":"ImageObject","inLanguage":"en-US","@id":"https:\/\/saknews.net\/ku\/#\/schema\/logo\/image\/","url":"https:\/\/i0.wp.com\/saknews.net\/ku\/wp-content\/uploads\/2024\/11\/cropped-logo-1.png?fit=512%2C512&ssl=1","contentUrl":"https:\/\/i0.wp.com\/saknews.net\/ku\/wp-content\/uploads\/2024\/11\/cropped-logo-1.png?fit=512%2C512&ssl=1","width":512,"height":512,"caption":"\u015eep\u00eala Azadiy\u00ea ya Kurdistan\u00ea - \u062a\u064a\u0627\u0631 \u0627\u0644\u062d\u0631\u064a\u0629 \u0627\u0644\u0643\u0648\u0631\u062f\u0633\u062a\u0627\u0646\u064a"},"image":{"@id":"https:\/\/saknews.net\/ku\/#\/schema\/logo\/image\/"},"sameAs":["https:\/\/www.facebook.com\/Shepel.ewropa"]},{"@type":"Person","@id":"https:\/\/saknews.net\/ku\/#\/schema\/person\/72ae32a4041a3817e015b63d8f409058","name":"Horan Hem","url":"https:\/\/saknews.net\/ku\/?author=8"}]}},"featured_image_urls":{"full":["https:\/\/i0.wp.com\/saknews.net\/ku\/wp-content\/uploads\/2024\/12\/Screenshot_20241221_202339_Adobe-Acrobat.jpg?fit=1078%2C1020&ssl=1",1078,1020,false],"thumbnail":["https:\/\/i0.wp.com\/saknews.net\/ku\/wp-content\/uploads\/2024\/12\/Screenshot_20241221_202339_Adobe-Acrobat.jpg?resize=150%2C150&ssl=1",150,150,true],"medium":["https:\/\/i0.wp.com\/saknews.net\/ku\/wp-content\/uploads\/2024\/12\/Screenshot_20241221_202339_Adobe-Acrobat.jpg?fit=300%2C284&ssl=1",300,284,true],"medium_large":["https:\/\/i0.wp.com\/saknews.net\/ku\/wp-content\/uploads\/2024\/12\/Screenshot_20241221_202339_Adobe-Acrobat.jpg?fit=640%2C606&ssl=1",640,606,true],"large":["https:\/\/i0.wp.com\/saknews.net\/ku\/wp-content\/uploads\/2024\/12\/Screenshot_20241221_202339_Adobe-Acrobat.jpg?fit=640%2C606&ssl=1",640,606,true],"1536x1536":["https:\/\/i0.wp.com\/saknews.net\/ku\/wp-content\/uploads\/2024\/12\/Screenshot_20241221_202339_Adobe-Acrobat.jpg?fit=1078%2C1020&ssl=1",1078,1020,true],"2048x2048":["https:\/\/i0.wp.com\/saknews.net\/ku\/wp-content\/uploads\/2024\/12\/Screenshot_20241221_202339_Adobe-Acrobat.jpg?fit=1078%2C1020&ssl=1",1078,1020,true],"covernews-featured":["https:\/\/i0.wp.com\/saknews.net\/ku\/wp-content\/uploads\/2024\/12\/Screenshot_20241221_202339_Adobe-Acrobat.jpg?fit=1024%2C969&ssl=1",1024,969,true],"covernews-medium":["https:\/\/i0.wp.com\/saknews.net\/ku\/wp-content\/uploads\/2024\/12\/Screenshot_20241221_202339_Adobe-Acrobat.jpg?resize=540%2C340&ssl=1",540,340,true]},"author_info":{"display_name":"Horan Hem","author_link":"https:\/\/saknews.net\/ku\/?author=8"},"category_info":"<a href=\"https:\/\/saknews.net\/ku\/?cat=49\" rel=\"category\">N\u00fb\u00e7e<\/a>","tag_info":"N\u00fb\u00e7e","comment_count":"0","_links":{"self":[{"href":"https:\/\/saknews.net\/ku\/index.php?rest_route=\/wp\/v2\/posts\/1964","targetHints":{"allow":["GET"]}}],"collection":[{"href":"https:\/\/saknews.net\/ku\/index.php?rest_route=\/wp\/v2\/posts"}],"about":[{"href":"https:\/\/saknews.net\/ku\/index.php?rest_route=\/wp\/v2\/types\/post"}],"author":[{"embeddable":true,"href":"https:\/\/saknews.net\/ku\/index.php?rest_route=\/wp\/v2\/users\/8"}],"replies":[{"embeddable":true,"href":"https:\/\/saknews.net\/ku\/index.php?rest_route=%2Fwp%2Fv2%2Fcomments&post=1964"}],"version-history":[{"count":4,"href":"https:\/\/saknews.net\/ku\/index.php?rest_route=\/wp\/v2\/posts\/1964\/revisions"}],"predecessor-version":[{"id":1969,"href":"https:\/\/saknews.net\/ku\/index.php?rest_route=\/wp\/v2\/posts\/1964\/revisions\/1969"}],"wp:featuredmedia":[{"embeddable":true,"href":"https:\/\/saknews.net\/ku\/index.php?rest_route=\/wp\/v2\/media\/1935"}],"wp:attachment":[{"href":"https:\/\/saknews.net\/ku\/index.php?rest_route=%2Fwp%2Fv2%2Fmedia&parent=1964"}],"wp:term":[{"taxonomy":"category","embeddable":true,"href":"https:\/\/saknews.net\/ku\/index.php?rest_route=%2Fwp%2Fv2%2Fcategories&post=1964"},{"taxonomy":"post_tag","embeddable":true,"href":"https:\/\/saknews.net\/ku\/index.php?rest_route=%2Fwp%2Fv2%2Ftags&post=1964"}],"curies":[{"name":"wp","href":"https:\/\/api.w.org\/{rel}","templated":true}]}}