{"id":1972,"date":"2024-12-24T18:05:50","date_gmt":"2024-12-24T18:05:50","guid":{"rendered":"https:\/\/saknews.net\/ku\/?p=1972"},"modified":"2024-12-25T18:06:57","modified_gmt":"2024-12-25T18:06:57","slug":"bere-kurdistana-suriye-bang-li-qsde-dike","status":"publish","type":"post","link":"https:\/\/saknews.net\/ku\/?p=1972","title":{"rendered":"Ber\u00ea Kurdistana S\u00fbriy\u00ea bang li QSD\u00ea dike"},"content":{"rendered":"<p class=\"Normal\" style=\"direction: ltr;\">\n<p class=\"Normal\" style=\"direction: ltr;\"><span class=\"tm5\">\u00a0<\/span><\/p>\n<p class=\"Normal\" style=\"direction: ltr;\"><span class=\"tm5\">Ber\u00ea Kurdistana S\u00fbriy\u00ea bang li QSD kir, ku doseya girtiy\u00ean siyas\u00ee bigire \u00fb \u00e7ekdar\u00ean PKK\u00ea ji Kurdistana S\u00fbriy\u00ea derkevin \u00fb R\u00eaxistina Ciwan\u00ean \u015eore\u015fgir j\u00ee nem\u00eene. Deqeya Daxuyaniy\u00ea:<\/span><\/p>\n<p class=\"Normal\" style=\"direction: ltr;\"><span class=\"tm5\">\u00a0<\/span><\/p>\n<p class=\"Normal\" style=\"direction: ltr;\"><strong><span class=\"tm6\">Bangek ji Ber\u00ea Kurdistana S\u00fbriy\u00ea ji QSD\u00ea re<\/span><\/strong><\/p>\n<p class=\"Normal\" style=\"direction: ltr;\"><span class=\"tm5\">\u00a0<\/span><\/p>\n<p class=\"Normal\" style=\"direction: ltr;\"><span class=\"tm5\">Di v\u00ea dema hestiyar \u00fb \u00e7aren\u00fbser de, ku Kurdistana S\u00fbriy\u00ea t\u00eare derbas dibe , bi taybet\u00ee pi\u015ft\u00ee ketina rej\u00eema Esed \u00fb gav\u00ean ji bo avakirina s\u00eestemeke siyas\u00ee ya n\u00fb, Ber\u00ea Kurdistana S\u00fbriy\u00ea bang li QSD\u00ea dike \u00fb daxwaz dike gav\u00ean prakt\u00eek\u00ee p\u00ea\u015f ve bav\u00eaje weke van pirs\u00ean \u00e7aren\u00fbser \u00fb hestiyar:<\/span><\/p>\n<p class=\"Normal\" style=\"direction: ltr;\"><span class=\"tm5\">1- Girtiy\u00ean kurd di zindanan de nem\u00eenin \u00fb doseya kes\u00ean revand\u00ee nem\u00eene \u00fb y\u00ean windakir\u00ee j\u00ee \u00e7areniv\u00eesa wan b\u00ea diyar kirin, herwiha div\u00ea QSD\u00ea bi ferm\u00ee daxwaza l\u00eabor\u00een\u00ea bike \u00fb wan girtiyan ji ber girtin \u00fb e\u015fkencekirin\u00ea qereb\u00fb bike.<\/span><\/p>\n<p class=\"Normal\" style=\"direction: ltr;\"><span class=\"tm5\">2- Doseya revandina zarok\u00ean k\u00eam 18 saliy\u00ea, ku ji bo le\u015fkeriy\u00ea hatib\u00fbn revandin, nem\u00eene \u00fb hem\u00fb j\u00ee vegerin nav malbat\u00ean xwe \u00fb xwendina xwe.<\/span><\/p>\n<p class=\"Normal\" style=\"direction: ltr;\"><span class=\"tm5\">3-R\u00eabaz\u00ean xwendin\u00ea div\u00ea careke din di ser re herin \u00fb yeke n\u00fb b\u00ea day\u00een, ku li gor\u00ee prens\u00eep\u00ean maf\u00ean mirovan \u00fb r\u00eazgirtina li maf\u00ean zarokan \u00fb demokrasiy\u00ea be.<\/span><\/p>\n<p class=\"Normal\" style=\"direction: ltr;\"><span class=\"tm5\">4- Div\u00ea R\u00eaxistina Ciwan\u00ean \u015eore\u015fger nem\u00eene, ji ber w\u00ea gelek zarok ji bo le\u015fkeriy\u00ea revandine \u00fb destekek b\u00fb li dij\u00ee aliy\u00ean siyas\u00ee y\u00ean dijber\u00ee desthelat\u00ean Defakto li Kurdistana S\u00fbriy\u00ea, bi taybet\u00ee ew r\u00eaxistin roleke w\u00ea ya ner\u00een\u00ea heb\u00fb \u00fb li dij\u00ee pens\u00eep \u00fb nirx\u00ean civak\u00ea diliviya.<\/span><\/p>\n<p class=\"Normal\" style=\"direction: ltr;\"><span class=\"tm5\">5- Div\u00ea \u00e7ekdar\u00ean PKK\u00ea demildest ji Kurdistana S\u00fbriy\u00ea derkevin, ji ber ku roleke wan ya ner\u00ean\u00ee heb\u00fb \u00fb heye, \u00fb ziyan gihandin Kurdistana S\u00fbriy\u00ea, herwiha da ku heb\u00fbna wan \u00e7ekdaran nebe bihaneyek ji bo dest\u00eawerdaneke ji derve ve li dij\u00ee Kurdistana S\u00fbriy\u00ea.<\/span><\/p>\n<p class=\"Normal\" style=\"direction: ltr;\"><span class=\"tm5\">6- Pabendb\u00fbna bi federaliy\u00ea weke ba\u015ftir\u00een \u015f\u00eawe ji bo s\u00eestema n\u00fb ya S\u00fbriya n\u00fb \u00fb bidestxistina maf\u00ean gel\u00ea me di hundir Kurdistana Spriy\u00ea ya yekgirt\u00ee de.<\/span><\/p>\n<p class=\"Normal\" style=\"direction: ltr;\"><span class=\"tm5\">7- Div\u00ea QSD\u00ea bibe h\u00eazeke kurd\u00ean S\u00fbriy\u00ea ya ni\u015ftiman\u00ee \u00fb bi P\u00ea\u015fmergey\u00ean Roj re bi pilaneke darij\u00ee bibin yek, ku karibin art\u00ea\u015feke yekgirt\u00ee ji bo parastina Kurdistana S\u00fbriy\u00ea.<\/span><\/p>\n<p class=\"Normal\" style=\"direction: ltr;\"><span class=\"tm5\">\u00a0<\/span><\/p>\n<p class=\"Normal\" style=\"direction: ltr;\"><span class=\"tm5\">Em di Ber\u00ea Kurdistana S\u00fbriy\u00ea de, dib\u00eenin ku bicihan\u00eena van bend\u00ean jor\u00een, ji ti\u015ft\u00ean her\u00ee sereke ne ji bo parastina devera me, ku niha rast\u00ee metirsiy\u00ean \u015fer \u00fb dest\u00eawerdan\u00ean ji derve ve t\u00ea, herwiha ji bo parastina s\u00eev\u00eelan \u00fb d\u00fbrxistina \u015fer\u00ee \u00fb p\u00eakan\u00eena \u015fandeke siyas\u00ee ya hevbe\u015f ku n\u00fbnertiya berjewendiy\u00ean gel\u00ea me bi dan\u00fbstandin\u00ean bi \u015eam\u00ea re bike, bi taybet\u00ee di derbar\u00ea pirs\u00ean \u00e7aren\u00fbser \u00fb s\u00eestema siyas\u00ee ya n\u00fb li S\u00fbriy\u00ea.<\/span><\/p>\n<p class=\"Normal\" style=\"direction: ltr;\"><span class=\"tm5\">\u00a0<\/span><\/p>\n<p class=\"Normal\" style=\"direction: ltr;\"><span class=\"tm5\">Ber\u00ea Kurdistana S\u00fbriy\u00ea<\/span><\/p>\n<p class=\"Normal\" style=\"direction: ltr;\"><span class=\"tm5\">24.12.2024<\/span><\/p>\n","protected":false},"excerpt":{"rendered":"<p>\u00a0 Ber\u00ea Kurdistana S\u00fbriy\u00ea bang li QSD kir, ku doseya girtiy\u00ean siyas\u00ee bigire \u00fb \u00e7ekdar\u00ean&#8230;<\/p>\n","protected":false},"author":8,"featured_media":1905,"comment_status":"closed","ping_status":"closed","sticky":false,"template":"","format":"standard","meta":{"footnotes":""},"categories":[34],"tags":[],"class_list":["post-1972","post","type-post","status-publish","format-standard","has-post-thumbnail","hentry","category-daxuyani"],"yoast_head":"<!-- This site is optimized with the Yoast SEO plugin v27.5 - https:\/\/yoast.com\/product\/yoast-seo-wordpress\/ -->\n<title>Ber\u00ea Kurdistana S\u00fbriy\u00ea bang li QSD\u00ea dike &#8226; \u015eAK<\/title>\n<meta name=\"robots\" content=\"index, follow, max-snippet:-1, max-image-preview:large, max-video-preview:-1\" \/>\n<link rel=\"canonical\" href=\"https:\/\/saknews.net\/ku\/?p=1972\" \/>\n<meta property=\"og:locale\" content=\"en_US\" \/>\n<meta property=\"og:type\" content=\"article\" \/>\n<meta property=\"og:title\" content=\"Ber\u00ea Kurdistana S\u00fbriy\u00ea bang li QSD\u00ea dike &#8226; \u015eAK\" \/>\n<meta property=\"og:description\" content=\"\u00a0 Ber\u00ea Kurdistana S\u00fbriy\u00ea bang li QSD kir, ku doseya girtiy\u00ean siyas\u00ee bigire \u00fb \u00e7ekdar\u00ean...\" \/>\n<meta property=\"og:url\" content=\"https:\/\/saknews.net\/ku\/?p=1972\" \/>\n<meta property=\"og:site_name\" content=\"\u015eAK\" \/>\n<meta property=\"article:publisher\" content=\"https:\/\/www.facebook.com\/Shepel.ewropa\" \/>\n<meta property=\"article:published_time\" content=\"2024-12-24T18:05:50+00:00\" \/>\n<meta property=\"article:modified_time\" content=\"2024-12-25T18:06:57+00:00\" \/>\n<meta property=\"og:image\" content=\"https:\/\/saknews.net\/ku\/wp-content\/uploads\/2024\/12\/IMG-20241207-WA0028.jpg\" \/>\n\t<meta property=\"og:image:width\" content=\"597\" \/>\n\t<meta property=\"og:image:height\" content=\"574\" \/>\n\t<meta property=\"og:image:type\" content=\"image\/jpeg\" \/>\n<meta name=\"author\" content=\"Horan Hem\" \/>\n<meta name=\"twitter:card\" content=\"summary_large_image\" \/>\n<meta name=\"twitter:label1\" content=\"Written by\" \/>\n\t<meta name=\"twitter:data1\" content=\"Horan Hem\" \/>\n\t<meta name=\"twitter:label2\" content=\"Est. reading time\" \/>\n\t<meta name=\"twitter:data2\" content=\"2 minutes\" \/>\n<script type=\"application\/ld+json\" class=\"yoast-schema-graph\">{\"@context\":\"https:\\\/\\\/schema.org\",\"@graph\":[{\"@type\":\"Article\",\"@id\":\"https:\\\/\\\/saknews.net\\\/ku\\\/?p=1972#article\",\"isPartOf\":{\"@id\":\"https:\\\/\\\/saknews.net\\\/ku\\\/?p=1972\"},\"author\":{\"name\":\"Horan Hem\",\"@id\":\"https:\\\/\\\/saknews.net\\\/ku\\\/#\\\/schema\\\/person\\\/72ae32a4041a3817e015b63d8f409058\"},\"headline\":\"Ber\u00ea Kurdistana S\u00fbriy\u00ea bang li QSD\u00ea dike\",\"datePublished\":\"2024-12-24T18:05:50+00:00\",\"dateModified\":\"2024-12-25T18:06:57+00:00\",\"mainEntityOfPage\":{\"@id\":\"https:\\\/\\\/saknews.net\\\/ku\\\/?p=1972\"},\"wordCount\":475,\"publisher\":{\"@id\":\"https:\\\/\\\/saknews.net\\\/ku\\\/#organization\"},\"image\":{\"@id\":\"https:\\\/\\\/saknews.net\\\/ku\\\/?p=1972#primaryimage\"},\"thumbnailUrl\":\"https:\\\/\\\/i0.wp.com\\\/saknews.net\\\/ku\\\/wp-content\\\/uploads\\\/2024\\\/12\\\/IMG-20241207-WA0028.jpg?fit=597%2C574&ssl=1\",\"articleSection\":[\"Daxuyan\u00ee\"],\"inLanguage\":\"en-US\"},{\"@type\":\"WebPage\",\"@id\":\"https:\\\/\\\/saknews.net\\\/ku\\\/?p=1972\",\"url\":\"https:\\\/\\\/saknews.net\\\/ku\\\/?p=1972\",\"name\":\"Ber\u00ea Kurdistana S\u00fbriy\u00ea bang li QSD\u00ea dike &#8226; \u015eAK\",\"isPartOf\":{\"@id\":\"https:\\\/\\\/saknews.net\\\/ku\\\/#website\"},\"primaryImageOfPage\":{\"@id\":\"https:\\\/\\\/saknews.net\\\/ku\\\/?p=1972#primaryimage\"},\"image\":{\"@id\":\"https:\\\/\\\/saknews.net\\\/ku\\\/?p=1972#primaryimage\"},\"thumbnailUrl\":\"https:\\\/\\\/i0.wp.com\\\/saknews.net\\\/ku\\\/wp-content\\\/uploads\\\/2024\\\/12\\\/IMG-20241207-WA0028.jpg?fit=597%2C574&ssl=1\",\"datePublished\":\"2024-12-24T18:05:50+00:00\",\"dateModified\":\"2024-12-25T18:06:57+00:00\",\"breadcrumb\":{\"@id\":\"https:\\\/\\\/saknews.net\\\/ku\\\/?p=1972#breadcrumb\"},\"inLanguage\":\"en-US\",\"potentialAction\":[{\"@type\":\"ReadAction\",\"target\":[\"https:\\\/\\\/saknews.net\\\/ku\\\/?p=1972\"]}]},{\"@type\":\"ImageObject\",\"inLanguage\":\"en-US\",\"@id\":\"https:\\\/\\\/saknews.net\\\/ku\\\/?p=1972#primaryimage\",\"url\":\"https:\\\/\\\/i0.wp.com\\\/saknews.net\\\/ku\\\/wp-content\\\/uploads\\\/2024\\\/12\\\/IMG-20241207-WA0028.jpg?fit=597%2C574&ssl=1\",\"contentUrl\":\"https:\\\/\\\/i0.wp.com\\\/saknews.net\\\/ku\\\/wp-content\\\/uploads\\\/2024\\\/12\\\/IMG-20241207-WA0028.jpg?fit=597%2C574&ssl=1\",\"width\":597,\"height\":574},{\"@type\":\"BreadcrumbList\",\"@id\":\"https:\\\/\\\/saknews.net\\\/ku\\\/?p=1972#breadcrumb\",\"itemListElement\":[{\"@type\":\"ListItem\",\"position\":1,\"name\":\"\u0627\u0644\u0631\u0626\u064a\u0633\u064a\u0629\",\"item\":\"https:\\\/\\\/saknews.net\\\/ku\\\/\"},{\"@type\":\"ListItem\",\"position\":2,\"name\":\"N\u00fb\u00e7e\",\"item\":\"https:\\\/\\\/saknews.net\\\/ku\\\/?cat=49\"},{\"@type\":\"ListItem\",\"position\":3,\"name\":\"Daxuyan\u00ee\",\"item\":\"https:\\\/\\\/saknews.net\\\/ku\\\/?cat=34\"},{\"@type\":\"ListItem\",\"position\":4,\"name\":\"Ber\u00ea Kurdistana S\u00fbriy\u00ea bang li QSD\u00ea dike\"}]},{\"@type\":\"WebSite\",\"@id\":\"https:\\\/\\\/saknews.net\\\/ku\\\/#website\",\"url\":\"https:\\\/\\\/saknews.net\\\/ku\\\/\",\"name\":\"S\u0327epe\u0302la Azadi\u0302 ya Kurdistani\u0302\",\"description\":\"\u062a\u064a\u0627\u0631 \u0627\u0644\u062d\u0631\u064a\u0629 \u0627\u0644\u0643\u0648\u0631\u062f\u0633\u062a\u0627\u0646\u064a \u015eep\u00eala Azad\u00ee ya Kurdistan\u00ee\",\"publisher\":{\"@id\":\"https:\\\/\\\/saknews.net\\\/ku\\\/#organization\"},\"potentialAction\":[{\"@type\":\"SearchAction\",\"target\":{\"@type\":\"EntryPoint\",\"urlTemplate\":\"https:\\\/\\\/saknews.net\\\/ku\\\/?s={search_term_string}\"},\"query-input\":{\"@type\":\"PropertyValueSpecification\",\"valueRequired\":true,\"valueName\":\"search_term_string\"}}],\"inLanguage\":\"en-US\"},{\"@type\":\"Organization\",\"@id\":\"https:\\\/\\\/saknews.net\\\/ku\\\/#organization\",\"name\":\"\u015eep\u00eala Azadiy\u00ea ya Kurdistan\u00ea - \u062a\u064a\u0627\u0631 \u0627\u0644\u062d\u0631\u064a\u0629 \u0627\u0644\u0643\u0648\u0631\u062f\u0633\u062a\u0627\u0646\u064a\",\"url\":\"https:\\\/\\\/saknews.net\\\/ku\\\/\",\"logo\":{\"@type\":\"ImageObject\",\"inLanguage\":\"en-US\",\"@id\":\"https:\\\/\\\/saknews.net\\\/ku\\\/#\\\/schema\\\/logo\\\/image\\\/\",\"url\":\"https:\\\/\\\/i0.wp.com\\\/saknews.net\\\/ku\\\/wp-content\\\/uploads\\\/2024\\\/11\\\/cropped-logo-1.png?fit=512%2C512&ssl=1\",\"contentUrl\":\"https:\\\/\\\/i0.wp.com\\\/saknews.net\\\/ku\\\/wp-content\\\/uploads\\\/2024\\\/11\\\/cropped-logo-1.png?fit=512%2C512&ssl=1\",\"width\":512,\"height\":512,\"caption\":\"\u015eep\u00eala Azadiy\u00ea ya Kurdistan\u00ea - \u062a\u064a\u0627\u0631 \u0627\u0644\u062d\u0631\u064a\u0629 \u0627\u0644\u0643\u0648\u0631\u062f\u0633\u062a\u0627\u0646\u064a\"},\"image\":{\"@id\":\"https:\\\/\\\/saknews.net\\\/ku\\\/#\\\/schema\\\/logo\\\/image\\\/\"},\"sameAs\":[\"https:\\\/\\\/www.facebook.com\\\/Shepel.ewropa\"]},{\"@type\":\"Person\",\"@id\":\"https:\\\/\\\/saknews.net\\\/ku\\\/#\\\/schema\\\/person\\\/72ae32a4041a3817e015b63d8f409058\",\"name\":\"Horan Hem\",\"url\":\"https:\\\/\\\/saknews.net\\\/ku\\\/?author=8\"}]}<\/script>\n<!-- \/ Yoast SEO plugin. -->","yoast_head_json":{"title":"Ber\u00ea Kurdistana S\u00fbriy\u00ea bang li QSD\u00ea dike &#8226; \u015eAK","robots":{"index":"index","follow":"follow","max-snippet":"max-snippet:-1","max-image-preview":"max-image-preview:large","max-video-preview":"max-video-preview:-1"},"canonical":"https:\/\/saknews.net\/ku\/?p=1972","og_locale":"en_US","og_type":"article","og_title":"Ber\u00ea Kurdistana S\u00fbriy\u00ea bang li QSD\u00ea dike &#8226; \u015eAK","og_description":"\u00a0 Ber\u00ea Kurdistana S\u00fbriy\u00ea bang li QSD kir, ku doseya girtiy\u00ean siyas\u00ee bigire \u00fb \u00e7ekdar\u00ean...","og_url":"https:\/\/saknews.net\/ku\/?p=1972","og_site_name":"\u015eAK","article_publisher":"https:\/\/www.facebook.com\/Shepel.ewropa","article_published_time":"2024-12-24T18:05:50+00:00","article_modified_time":"2024-12-25T18:06:57+00:00","og_image":[{"width":597,"height":574,"url":"https:\/\/saknews.net\/ku\/wp-content\/uploads\/2024\/12\/IMG-20241207-WA0028.jpg","type":"image\/jpeg"}],"author":"Horan Hem","twitter_card":"summary_large_image","twitter_misc":{"Written by":"Horan Hem","Est. reading time":"2 minutes"},"schema":{"@context":"https:\/\/schema.org","@graph":[{"@type":"Article","@id":"https:\/\/saknews.net\/ku\/?p=1972#article","isPartOf":{"@id":"https:\/\/saknews.net\/ku\/?p=1972"},"author":{"name":"Horan Hem","@id":"https:\/\/saknews.net\/ku\/#\/schema\/person\/72ae32a4041a3817e015b63d8f409058"},"headline":"Ber\u00ea Kurdistana S\u00fbriy\u00ea bang li QSD\u00ea dike","datePublished":"2024-12-24T18:05:50+00:00","dateModified":"2024-12-25T18:06:57+00:00","mainEntityOfPage":{"@id":"https:\/\/saknews.net\/ku\/?p=1972"},"wordCount":475,"publisher":{"@id":"https:\/\/saknews.net\/ku\/#organization"},"image":{"@id":"https:\/\/saknews.net\/ku\/?p=1972#primaryimage"},"thumbnailUrl":"https:\/\/i0.wp.com\/saknews.net\/ku\/wp-content\/uploads\/2024\/12\/IMG-20241207-WA0028.jpg?fit=597%2C574&ssl=1","articleSection":["Daxuyan\u00ee"],"inLanguage":"en-US"},{"@type":"WebPage","@id":"https:\/\/saknews.net\/ku\/?p=1972","url":"https:\/\/saknews.net\/ku\/?p=1972","name":"Ber\u00ea Kurdistana S\u00fbriy\u00ea bang li QSD\u00ea dike &#8226; \u015eAK","isPartOf":{"@id":"https:\/\/saknews.net\/ku\/#website"},"primaryImageOfPage":{"@id":"https:\/\/saknews.net\/ku\/?p=1972#primaryimage"},"image":{"@id":"https:\/\/saknews.net\/ku\/?p=1972#primaryimage"},"thumbnailUrl":"https:\/\/i0.wp.com\/saknews.net\/ku\/wp-content\/uploads\/2024\/12\/IMG-20241207-WA0028.jpg?fit=597%2C574&ssl=1","datePublished":"2024-12-24T18:05:50+00:00","dateModified":"2024-12-25T18:06:57+00:00","breadcrumb":{"@id":"https:\/\/saknews.net\/ku\/?p=1972#breadcrumb"},"inLanguage":"en-US","potentialAction":[{"@type":"ReadAction","target":["https:\/\/saknews.net\/ku\/?p=1972"]}]},{"@type":"ImageObject","inLanguage":"en-US","@id":"https:\/\/saknews.net\/ku\/?p=1972#primaryimage","url":"https:\/\/i0.wp.com\/saknews.net\/ku\/wp-content\/uploads\/2024\/12\/IMG-20241207-WA0028.jpg?fit=597%2C574&ssl=1","contentUrl":"https:\/\/i0.wp.com\/saknews.net\/ku\/wp-content\/uploads\/2024\/12\/IMG-20241207-WA0028.jpg?fit=597%2C574&ssl=1","width":597,"height":574},{"@type":"BreadcrumbList","@id":"https:\/\/saknews.net\/ku\/?p=1972#breadcrumb","itemListElement":[{"@type":"ListItem","position":1,"name":"\u0627\u0644\u0631\u0626\u064a\u0633\u064a\u0629","item":"https:\/\/saknews.net\/ku\/"},{"@type":"ListItem","position":2,"name":"N\u00fb\u00e7e","item":"https:\/\/saknews.net\/ku\/?cat=49"},{"@type":"ListItem","position":3,"name":"Daxuyan\u00ee","item":"https:\/\/saknews.net\/ku\/?cat=34"},{"@type":"ListItem","position":4,"name":"Ber\u00ea Kurdistana S\u00fbriy\u00ea bang li QSD\u00ea dike"}]},{"@type":"WebSite","@id":"https:\/\/saknews.net\/ku\/#website","url":"https:\/\/saknews.net\/ku\/","name":"S\u0327epe\u0302la Azadi\u0302 ya Kurdistani\u0302","description":"\u062a\u064a\u0627\u0631 \u0627\u0644\u062d\u0631\u064a\u0629 \u0627\u0644\u0643\u0648\u0631\u062f\u0633\u062a\u0627\u0646\u064a \u015eep\u00eala Azad\u00ee ya Kurdistan\u00ee","publisher":{"@id":"https:\/\/saknews.net\/ku\/#organization"},"potentialAction":[{"@type":"SearchAction","target":{"@type":"EntryPoint","urlTemplate":"https:\/\/saknews.net\/ku\/?s={search_term_string}"},"query-input":{"@type":"PropertyValueSpecification","valueRequired":true,"valueName":"search_term_string"}}],"inLanguage":"en-US"},{"@type":"Organization","@id":"https:\/\/saknews.net\/ku\/#organization","name":"\u015eep\u00eala Azadiy\u00ea ya Kurdistan\u00ea - \u062a\u064a\u0627\u0631 \u0627\u0644\u062d\u0631\u064a\u0629 \u0627\u0644\u0643\u0648\u0631\u062f\u0633\u062a\u0627\u0646\u064a","url":"https:\/\/saknews.net\/ku\/","logo":{"@type":"ImageObject","inLanguage":"en-US","@id":"https:\/\/saknews.net\/ku\/#\/schema\/logo\/image\/","url":"https:\/\/i0.wp.com\/saknews.net\/ku\/wp-content\/uploads\/2024\/11\/cropped-logo-1.png?fit=512%2C512&ssl=1","contentUrl":"https:\/\/i0.wp.com\/saknews.net\/ku\/wp-content\/uploads\/2024\/11\/cropped-logo-1.png?fit=512%2C512&ssl=1","width":512,"height":512,"caption":"\u015eep\u00eala Azadiy\u00ea ya Kurdistan\u00ea - \u062a\u064a\u0627\u0631 \u0627\u0644\u062d\u0631\u064a\u0629 \u0627\u0644\u0643\u0648\u0631\u062f\u0633\u062a\u0627\u0646\u064a"},"image":{"@id":"https:\/\/saknews.net\/ku\/#\/schema\/logo\/image\/"},"sameAs":["https:\/\/www.facebook.com\/Shepel.ewropa"]},{"@type":"Person","@id":"https:\/\/saknews.net\/ku\/#\/schema\/person\/72ae32a4041a3817e015b63d8f409058","name":"Horan Hem","url":"https:\/\/saknews.net\/ku\/?author=8"}]}},"featured_image_urls":{"full":["https:\/\/i0.wp.com\/saknews.net\/ku\/wp-content\/uploads\/2024\/12\/IMG-20241207-WA0028.jpg?fit=597%2C574&ssl=1",597,574,false],"thumbnail":["https:\/\/i0.wp.com\/saknews.net\/ku\/wp-content\/uploads\/2024\/12\/IMG-20241207-WA0028.jpg?resize=150%2C150&ssl=1",150,150,true],"medium":["https:\/\/i0.wp.com\/saknews.net\/ku\/wp-content\/uploads\/2024\/12\/IMG-20241207-WA0028.jpg?fit=300%2C288&ssl=1",300,288,true],"medium_large":["https:\/\/i0.wp.com\/saknews.net\/ku\/wp-content\/uploads\/2024\/12\/IMG-20241207-WA0028.jpg?fit=597%2C574&ssl=1",597,574,true],"large":["https:\/\/i0.wp.com\/saknews.net\/ku\/wp-content\/uploads\/2024\/12\/IMG-20241207-WA0028.jpg?fit=597%2C574&ssl=1",597,574,true],"1536x1536":["https:\/\/i0.wp.com\/saknews.net\/ku\/wp-content\/uploads\/2024\/12\/IMG-20241207-WA0028.jpg?fit=597%2C574&ssl=1",597,574,true],"2048x2048":["https:\/\/i0.wp.com\/saknews.net\/ku\/wp-content\/uploads\/2024\/12\/IMG-20241207-WA0028.jpg?fit=597%2C574&ssl=1",597,574,true],"covernews-featured":["https:\/\/i0.wp.com\/saknews.net\/ku\/wp-content\/uploads\/2024\/12\/IMG-20241207-WA0028.jpg?fit=597%2C574&ssl=1",597,574,true],"covernews-medium":["https:\/\/i0.wp.com\/saknews.net\/ku\/wp-content\/uploads\/2024\/12\/IMG-20241207-WA0028.jpg?resize=540%2C340&ssl=1",540,340,true]},"author_info":{"display_name":"Horan Hem","author_link":"https:\/\/saknews.net\/ku\/?author=8"},"category_info":"<a href=\"https:\/\/saknews.net\/ku\/?cat=34\" rel=\"category\">Daxuyan\u00ee<\/a>","tag_info":"Daxuyan\u00ee","comment_count":"0","_links":{"self":[{"href":"https:\/\/saknews.net\/ku\/index.php?rest_route=\/wp\/v2\/posts\/1972","targetHints":{"allow":["GET"]}}],"collection":[{"href":"https:\/\/saknews.net\/ku\/index.php?rest_route=\/wp\/v2\/posts"}],"about":[{"href":"https:\/\/saknews.net\/ku\/index.php?rest_route=\/wp\/v2\/types\/post"}],"author":[{"embeddable":true,"href":"https:\/\/saknews.net\/ku\/index.php?rest_route=\/wp\/v2\/users\/8"}],"replies":[{"embeddable":true,"href":"https:\/\/saknews.net\/ku\/index.php?rest_route=%2Fwp%2Fv2%2Fcomments&post=1972"}],"version-history":[{"count":1,"href":"https:\/\/saknews.net\/ku\/index.php?rest_route=\/wp\/v2\/posts\/1972\/revisions"}],"predecessor-version":[{"id":1973,"href":"https:\/\/saknews.net\/ku\/index.php?rest_route=\/wp\/v2\/posts\/1972\/revisions\/1973"}],"wp:featuredmedia":[{"embeddable":true,"href":"https:\/\/saknews.net\/ku\/index.php?rest_route=\/wp\/v2\/media\/1905"}],"wp:attachment":[{"href":"https:\/\/saknews.net\/ku\/index.php?rest_route=%2Fwp%2Fv2%2Fmedia&parent=1972"}],"wp:term":[{"taxonomy":"category","embeddable":true,"href":"https:\/\/saknews.net\/ku\/index.php?rest_route=%2Fwp%2Fv2%2Fcategories&post=1972"},{"taxonomy":"post_tag","embeddable":true,"href":"https:\/\/saknews.net\/ku\/index.php?rest_route=%2Fwp%2Fv2%2Ftags&post=1972"}],"curies":[{"name":"wp","href":"https:\/\/api.w.org\/{rel}","templated":true}]}}