{"id":1974,"date":"2024-12-25T18:42:53","date_gmt":"2024-12-25T18:42:53","guid":{"rendered":"https:\/\/saknews.net\/ku\/?p=1974"},"modified":"2024-12-25T18:42:53","modified_gmt":"2024-12-25T18:42:53","slug":"banga-yekxistina-helwest-u-nunertiya-hevbes","status":"publish","type":"post","link":"https:\/\/saknews.net\/ku\/?p=1974","title":{"rendered":"Banga yekxistina helwest \u00fb n\u00fbnertiya hevbe\u015f"},"content":{"rendered":"<p class=\"Normal\" style=\"direction: ltr;\"><span class=\"tm5\">Ber\u00ea Kurdistana S\u00fbriy\u00ea destp\u00ea\u015fxeriyeke siyas\u00ee ji bo lihevkomkirina part\u00ee \u00fb aliy\u00ean siyas\u00ee li Kurdistana S\u00fbriy\u00ea ragihand, ku t\u00eade hem\u00fb al\u00ee li ser helwesta siyas\u00ee lihev bikin ku karibin \u015fandeke yekgirt\u00ee r\u00eakin \u015eam\u00ea, deqeya daxuyaniy\u00ea:<\/span><\/p>\n<p class=\"Normal\" style=\"direction: ltr;\"><span class=\"tm5\">\u00a0<\/span><\/p>\n<p class=\"Normal\" style=\"direction: ltr;\"><strong><span class=\"tm6\">Ji bo yekxistina helwest\u00ea \u00fb n\u00fbnertiya hevbe\u015f<\/span><\/strong><\/p>\n<p class=\"Normal\" style=\"direction: ltr;\"><span class=\"tm5\">\u00a0<\/span><\/p>\n<p class=\"Normal\" style=\"direction: ltr;\"><span class=\"tm5\">ji bo p\u00ea\u015feroj \u00fb berjewendiya gel\u00ea me, Ber\u00ea Kurdistana S\u00fbriy\u00ea destp\u00ea\u015fxeriyeke siyas\u00ee radigh\u00eene ji bo t\u00eagihi\u015ftina li ser r\u00eakeftina siyas\u00ee ya hevbe\u015f di navbera al\u00ee \u00fb partiy\u00ean siyas\u00ee de \u00fb n\u00fbnert\u00eekirina rast ya gel\u00ea me. Ji ber v\u00ea j\u00ee em tekez dikin ku ev qunax av\u00eatina gav\u00ean pralt\u00eek\u00ee \u00fb zelal dixwaze, ku destp\u00ea dike ji: <\/span><\/p>\n<p class=\"Normal\" style=\"direction: ltr;\"><span class=\"tm5\">Veki\u015f\u00eena Enc\u00fbmena Ni\u015ftiman\u00ee ya Kurd li S\u00fbriy\u00ea(ENKS) ji nava \u00cet\u00eelaf\u00ea, ku ti car\u00ee n\u00fbnertiya h\u00eaviy\u00ean gel\u00ea me nedikir, herwiha p\u00eawendiy\u00ean bi balans bi aliy\u00ean her\u00eam\u00ee \u00fb navdewlet\u00ee re li ser r\u00eazgirtina herdual\u00ee, b\u00eane destp\u00eakirin. Herwiha em tekez dikin ku p\u00eawendiy\u00ean bi Her\u00eama Kurdistana \u00ceraq\u00ea re d\u00fbr\u00ee p\u00eawendiy\u00ean d\u00fbvelank\u00ee bin, herwiha p\u00eawendiy\u00ean normal bi Tirkiy\u00ea re b\u00eane \u00e7\u00eakirin, ku li ser bingeha parastina berjewendiy\u00ean Kurdistana S\u00fbriy\u00ea be \u00fb maf\u00ea gel\u00ea me bipar\u00eaze.<\/span><\/p>\n<p class=\"Normal\" style=\"direction: ltr;\"><span class=\"tm5\">\u00a0<\/span><\/p>\n<p class=\"Normal\" style=\"direction: ltr;\"><span class=\"tm5\">Di derbar\u00ea P\u00ea\u015fmergey\u00ean Roj de j\u00ee, div\u00ea pilanek ji bo vegerandina wan b\u00ea darijtin, \u00fb QSD\u00ea weke h\u00eazeke kurd\u00ee ya ni\u015ftiman\u00ee li xwe bin\u00eare \u00fb ji bin bazk\u00ea PKK\u00ea derkeve, ku QSD\u00ea \u00fb P\u00ea\u015fmergey\u00ean Roj bibin yek h\u00eaza kurd\u00ee ji bo parastina Kurdistana S\u00fbriy\u00ea b\u00eay\u00ee ku bikeve bin bandora ji derve ve an j\u00ee aliyeke siyas\u00ee.<\/span><\/p>\n<p class=\"Normal\" style=\"direction: ltr;\"><span class=\"tm5\">\u00a0<\/span><\/p>\n<p class=\"Normal\" style=\"direction: ltr;\"><span class=\"tm5\">Careke din em bang li QSD\u00ea dikin doseya girtiy\u00ean siyas\u00ee bigire \u00fb binp\u00eakirin\u00ean\u00ean weke le\u015fkerkirina zarokan neh\u00eale \u00fb kar bike ji bo p\u00eakan\u00eena lihevkirineke siyas\u00ee ji bo berjewendiy\u00ean gel\u00ea me, d\u00fbr\u00ee dest\u00eawerdaneke ji derve ve.<\/span><\/p>\n<p class=\"Normal\" style=\"direction: ltr;\"><span class=\"tm5\">\u00a0<\/span><\/p>\n<p class=\"Normal\" style=\"direction: ltr;\"><span class=\"tm5\">Her di derbar\u00ea got\u00fbb\u00eaja kurd\u00ee-kurd\u00ee de j\u00ee, div\u00ea bibe dergehek ji bo yekxistina ner\u00eena siyas\u00ee ya hevbe\u015f da ku bigihin p\u00eakan\u00eena \u015fandeke hevbe\u015f di dan\u00fbstan\u00ean bi \u015eam\u00ea re n\u00fbnertiya Kurdistana S\u00fbriy\u00ea bike. Ev \u015fand div\u00ea ner\u00eeneke w\u00ea ya yekgirt\u00ee hebe, ku maf\u00ean gel\u00ea me di dest\u00fbra n\u00fb de bipar\u00eaze \u00fb dan bi maf\u00ean netew\u00ee y\u00ean gel\u00ea me li ser bingeha s\u00eestema federal, ku t\u00eade Kurdistana S\u00fbriy\u00ea yekgirt\u00ee be.<\/span><\/p>\n<p class=\"Normal\" style=\"direction: ltr;\"><span class=\"tm5\">\u00a0<\/span><\/p>\n<p class=\"Normal\" style=\"direction: ltr;\"><span class=\"tm5\">Ber\u00ea Kurdistana S\u00fbriy\u00ea amade ye civ\u00een\u00ean hevbe\u015f ji part\u00ee \u00fb aliy\u00ean siyas\u00ee re li Kurdistana S\u00fbriy\u00ea lidar bixe, ku ner\u00eenan n\u00eaz\u00eek\u00ee hev bike da ku bigihin r\u00eakeftineke d\u00eerok\u00ee, ku maf\u00ean gel\u00ea me bidest b\u00eene \u00fb n\u00fbnertiya w\u00ea di cih\u00ean navdewlet\u00ee, hundir\u00ee \u00fb her\u00eam\u00ee de bike.<\/span><\/p>\n<p class=\"Normal\" style=\"direction: ltr;\"><span class=\"tm5\">\u00a0<\/span><\/p>\n<p class=\"Normal\" style=\"direction: ltr;\"><span class=\"tm5\">Ber\u00ea Kurdistana S\u00fbriy\u00ea<\/span><\/p>\n<p class=\"Normal\" style=\"direction: ltr;\"><span class=\"tm5\">25.12.2024<\/span><\/p>\n","protected":false},"excerpt":{"rendered":"<p>Ber\u00ea Kurdistana S\u00fbriy\u00ea destp\u00ea\u015fxeriyeke siyas\u00ee ji bo lihevkomkirina part\u00ee \u00fb aliy\u00ean siyas\u00ee li Kurdistana S\u00fbriy\u00ea&#8230;<\/p>\n","protected":false},"author":8,"featured_media":1905,"comment_status":"closed","ping_status":"closed","sticky":false,"template":"","format":"standard","meta":{"footnotes":""},"categories":[34],"tags":[],"class_list":["post-1974","post","type-post","status-publish","format-standard","has-post-thumbnail","hentry","category-daxuyani"],"yoast_head":"<!-- This site is optimized with the Yoast SEO plugin v27.5 - https:\/\/yoast.com\/product\/yoast-seo-wordpress\/ -->\n<title>Banga yekxistina helwest \u00fb n\u00fbnertiya hevbe\u015f &#8226; \u015eAK<\/title>\n<meta name=\"robots\" content=\"index, follow, max-snippet:-1, max-image-preview:large, max-video-preview:-1\" \/>\n<link rel=\"canonical\" href=\"https:\/\/saknews.net\/ku\/?p=1974\" \/>\n<meta property=\"og:locale\" content=\"en_US\" \/>\n<meta property=\"og:type\" content=\"article\" \/>\n<meta property=\"og:title\" content=\"Banga yekxistina helwest \u00fb n\u00fbnertiya hevbe\u015f &#8226; \u015eAK\" \/>\n<meta property=\"og:description\" content=\"Ber\u00ea Kurdistana S\u00fbriy\u00ea destp\u00ea\u015fxeriyeke siyas\u00ee ji bo lihevkomkirina part\u00ee \u00fb aliy\u00ean siyas\u00ee li Kurdistana S\u00fbriy\u00ea...\" \/>\n<meta property=\"og:url\" content=\"https:\/\/saknews.net\/ku\/?p=1974\" \/>\n<meta property=\"og:site_name\" content=\"\u015eAK\" \/>\n<meta property=\"article:publisher\" content=\"https:\/\/www.facebook.com\/Shepel.ewropa\" \/>\n<meta property=\"article:published_time\" content=\"2024-12-25T18:42:53+00:00\" \/>\n<meta property=\"og:image\" content=\"https:\/\/saknews.net\/ku\/wp-content\/uploads\/2024\/12\/IMG-20241207-WA0028.jpg\" \/>\n\t<meta property=\"og:image:width\" content=\"597\" \/>\n\t<meta property=\"og:image:height\" content=\"574\" \/>\n\t<meta property=\"og:image:type\" content=\"image\/jpeg\" \/>\n<meta name=\"author\" content=\"Horan Hem\" \/>\n<meta name=\"twitter:card\" content=\"summary_large_image\" \/>\n<meta name=\"twitter:label1\" content=\"Written by\" \/>\n\t<meta name=\"twitter:data1\" content=\"Horan Hem\" \/>\n\t<meta name=\"twitter:label2\" content=\"Est. reading time\" \/>\n\t<meta name=\"twitter:data2\" content=\"2 minutes\" \/>\n<script type=\"application\/ld+json\" class=\"yoast-schema-graph\">{\"@context\":\"https:\\\/\\\/schema.org\",\"@graph\":[{\"@type\":\"Article\",\"@id\":\"https:\\\/\\\/saknews.net\\\/ku\\\/?p=1974#article\",\"isPartOf\":{\"@id\":\"https:\\\/\\\/saknews.net\\\/ku\\\/?p=1974\"},\"author\":{\"name\":\"Horan Hem\",\"@id\":\"https:\\\/\\\/saknews.net\\\/ku\\\/#\\\/schema\\\/person\\\/72ae32a4041a3817e015b63d8f409058\"},\"headline\":\"Banga yekxistina helwest \u00fb n\u00fbnertiya hevbe\u015f\",\"datePublished\":\"2024-12-25T18:42:53+00:00\",\"mainEntityOfPage\":{\"@id\":\"https:\\\/\\\/saknews.net\\\/ku\\\/?p=1974\"},\"wordCount\":468,\"publisher\":{\"@id\":\"https:\\\/\\\/saknews.net\\\/ku\\\/#organization\"},\"image\":{\"@id\":\"https:\\\/\\\/saknews.net\\\/ku\\\/?p=1974#primaryimage\"},\"thumbnailUrl\":\"https:\\\/\\\/i0.wp.com\\\/saknews.net\\\/ku\\\/wp-content\\\/uploads\\\/2024\\\/12\\\/IMG-20241207-WA0028.jpg?fit=597%2C574&ssl=1\",\"articleSection\":[\"Daxuyan\u00ee\"],\"inLanguage\":\"en-US\"},{\"@type\":\"WebPage\",\"@id\":\"https:\\\/\\\/saknews.net\\\/ku\\\/?p=1974\",\"url\":\"https:\\\/\\\/saknews.net\\\/ku\\\/?p=1974\",\"name\":\"Banga yekxistina helwest \u00fb n\u00fbnertiya hevbe\u015f &#8226; \u015eAK\",\"isPartOf\":{\"@id\":\"https:\\\/\\\/saknews.net\\\/ku\\\/#website\"},\"primaryImageOfPage\":{\"@id\":\"https:\\\/\\\/saknews.net\\\/ku\\\/?p=1974#primaryimage\"},\"image\":{\"@id\":\"https:\\\/\\\/saknews.net\\\/ku\\\/?p=1974#primaryimage\"},\"thumbnailUrl\":\"https:\\\/\\\/i0.wp.com\\\/saknews.net\\\/ku\\\/wp-content\\\/uploads\\\/2024\\\/12\\\/IMG-20241207-WA0028.jpg?fit=597%2C574&ssl=1\",\"datePublished\":\"2024-12-25T18:42:53+00:00\",\"breadcrumb\":{\"@id\":\"https:\\\/\\\/saknews.net\\\/ku\\\/?p=1974#breadcrumb\"},\"inLanguage\":\"en-US\",\"potentialAction\":[{\"@type\":\"ReadAction\",\"target\":[\"https:\\\/\\\/saknews.net\\\/ku\\\/?p=1974\"]}]},{\"@type\":\"ImageObject\",\"inLanguage\":\"en-US\",\"@id\":\"https:\\\/\\\/saknews.net\\\/ku\\\/?p=1974#primaryimage\",\"url\":\"https:\\\/\\\/i0.wp.com\\\/saknews.net\\\/ku\\\/wp-content\\\/uploads\\\/2024\\\/12\\\/IMG-20241207-WA0028.jpg?fit=597%2C574&ssl=1\",\"contentUrl\":\"https:\\\/\\\/i0.wp.com\\\/saknews.net\\\/ku\\\/wp-content\\\/uploads\\\/2024\\\/12\\\/IMG-20241207-WA0028.jpg?fit=597%2C574&ssl=1\",\"width\":597,\"height\":574},{\"@type\":\"BreadcrumbList\",\"@id\":\"https:\\\/\\\/saknews.net\\\/ku\\\/?p=1974#breadcrumb\",\"itemListElement\":[{\"@type\":\"ListItem\",\"position\":1,\"name\":\"\u0627\u0644\u0631\u0626\u064a\u0633\u064a\u0629\",\"item\":\"https:\\\/\\\/saknews.net\\\/ku\\\/\"},{\"@type\":\"ListItem\",\"position\":2,\"name\":\"N\u00fb\u00e7e\",\"item\":\"https:\\\/\\\/saknews.net\\\/ku\\\/?cat=49\"},{\"@type\":\"ListItem\",\"position\":3,\"name\":\"Daxuyan\u00ee\",\"item\":\"https:\\\/\\\/saknews.net\\\/ku\\\/?cat=34\"},{\"@type\":\"ListItem\",\"position\":4,\"name\":\"Banga yekxistina helwest \u00fb n\u00fbnertiya hevbe\u015f\"}]},{\"@type\":\"WebSite\",\"@id\":\"https:\\\/\\\/saknews.net\\\/ku\\\/#website\",\"url\":\"https:\\\/\\\/saknews.net\\\/ku\\\/\",\"name\":\"S\u0327epe\u0302la Azadi\u0302 ya Kurdistani\u0302\",\"description\":\"\u062a\u064a\u0627\u0631 \u0627\u0644\u062d\u0631\u064a\u0629 \u0627\u0644\u0643\u0648\u0631\u062f\u0633\u062a\u0627\u0646\u064a \u015eep\u00eala Azad\u00ee ya Kurdistan\u00ee\",\"publisher\":{\"@id\":\"https:\\\/\\\/saknews.net\\\/ku\\\/#organization\"},\"potentialAction\":[{\"@type\":\"SearchAction\",\"target\":{\"@type\":\"EntryPoint\",\"urlTemplate\":\"https:\\\/\\\/saknews.net\\\/ku\\\/?s={search_term_string}\"},\"query-input\":{\"@type\":\"PropertyValueSpecification\",\"valueRequired\":true,\"valueName\":\"search_term_string\"}}],\"inLanguage\":\"en-US\"},{\"@type\":\"Organization\",\"@id\":\"https:\\\/\\\/saknews.net\\\/ku\\\/#organization\",\"name\":\"\u015eep\u00eala Azadiy\u00ea ya Kurdistan\u00ea - \u062a\u064a\u0627\u0631 \u0627\u0644\u062d\u0631\u064a\u0629 \u0627\u0644\u0643\u0648\u0631\u062f\u0633\u062a\u0627\u0646\u064a\",\"url\":\"https:\\\/\\\/saknews.net\\\/ku\\\/\",\"logo\":{\"@type\":\"ImageObject\",\"inLanguage\":\"en-US\",\"@id\":\"https:\\\/\\\/saknews.net\\\/ku\\\/#\\\/schema\\\/logo\\\/image\\\/\",\"url\":\"https:\\\/\\\/i0.wp.com\\\/saknews.net\\\/ku\\\/wp-content\\\/uploads\\\/2024\\\/11\\\/cropped-logo-1.png?fit=512%2C512&ssl=1\",\"contentUrl\":\"https:\\\/\\\/i0.wp.com\\\/saknews.net\\\/ku\\\/wp-content\\\/uploads\\\/2024\\\/11\\\/cropped-logo-1.png?fit=512%2C512&ssl=1\",\"width\":512,\"height\":512,\"caption\":\"\u015eep\u00eala Azadiy\u00ea ya Kurdistan\u00ea - \u062a\u064a\u0627\u0631 \u0627\u0644\u062d\u0631\u064a\u0629 \u0627\u0644\u0643\u0648\u0631\u062f\u0633\u062a\u0627\u0646\u064a\"},\"image\":{\"@id\":\"https:\\\/\\\/saknews.net\\\/ku\\\/#\\\/schema\\\/logo\\\/image\\\/\"},\"sameAs\":[\"https:\\\/\\\/www.facebook.com\\\/Shepel.ewropa\"]},{\"@type\":\"Person\",\"@id\":\"https:\\\/\\\/saknews.net\\\/ku\\\/#\\\/schema\\\/person\\\/72ae32a4041a3817e015b63d8f409058\",\"name\":\"Horan Hem\",\"url\":\"https:\\\/\\\/saknews.net\\\/ku\\\/?author=8\"}]}<\/script>\n<!-- \/ Yoast SEO plugin. -->","yoast_head_json":{"title":"Banga yekxistina helwest \u00fb n\u00fbnertiya hevbe\u015f &#8226; \u015eAK","robots":{"index":"index","follow":"follow","max-snippet":"max-snippet:-1","max-image-preview":"max-image-preview:large","max-video-preview":"max-video-preview:-1"},"canonical":"https:\/\/saknews.net\/ku\/?p=1974","og_locale":"en_US","og_type":"article","og_title":"Banga yekxistina helwest \u00fb n\u00fbnertiya hevbe\u015f &#8226; \u015eAK","og_description":"Ber\u00ea Kurdistana S\u00fbriy\u00ea destp\u00ea\u015fxeriyeke siyas\u00ee ji bo lihevkomkirina part\u00ee \u00fb aliy\u00ean siyas\u00ee li Kurdistana S\u00fbriy\u00ea...","og_url":"https:\/\/saknews.net\/ku\/?p=1974","og_site_name":"\u015eAK","article_publisher":"https:\/\/www.facebook.com\/Shepel.ewropa","article_published_time":"2024-12-25T18:42:53+00:00","og_image":[{"width":597,"height":574,"url":"https:\/\/saknews.net\/ku\/wp-content\/uploads\/2024\/12\/IMG-20241207-WA0028.jpg","type":"image\/jpeg"}],"author":"Horan Hem","twitter_card":"summary_large_image","twitter_misc":{"Written by":"Horan Hem","Est. reading time":"2 minutes"},"schema":{"@context":"https:\/\/schema.org","@graph":[{"@type":"Article","@id":"https:\/\/saknews.net\/ku\/?p=1974#article","isPartOf":{"@id":"https:\/\/saknews.net\/ku\/?p=1974"},"author":{"name":"Horan Hem","@id":"https:\/\/saknews.net\/ku\/#\/schema\/person\/72ae32a4041a3817e015b63d8f409058"},"headline":"Banga yekxistina helwest \u00fb n\u00fbnertiya hevbe\u015f","datePublished":"2024-12-25T18:42:53+00:00","mainEntityOfPage":{"@id":"https:\/\/saknews.net\/ku\/?p=1974"},"wordCount":468,"publisher":{"@id":"https:\/\/saknews.net\/ku\/#organization"},"image":{"@id":"https:\/\/saknews.net\/ku\/?p=1974#primaryimage"},"thumbnailUrl":"https:\/\/i0.wp.com\/saknews.net\/ku\/wp-content\/uploads\/2024\/12\/IMG-20241207-WA0028.jpg?fit=597%2C574&ssl=1","articleSection":["Daxuyan\u00ee"],"inLanguage":"en-US"},{"@type":"WebPage","@id":"https:\/\/saknews.net\/ku\/?p=1974","url":"https:\/\/saknews.net\/ku\/?p=1974","name":"Banga yekxistina helwest \u00fb n\u00fbnertiya hevbe\u015f &#8226; \u015eAK","isPartOf":{"@id":"https:\/\/saknews.net\/ku\/#website"},"primaryImageOfPage":{"@id":"https:\/\/saknews.net\/ku\/?p=1974#primaryimage"},"image":{"@id":"https:\/\/saknews.net\/ku\/?p=1974#primaryimage"},"thumbnailUrl":"https:\/\/i0.wp.com\/saknews.net\/ku\/wp-content\/uploads\/2024\/12\/IMG-20241207-WA0028.jpg?fit=597%2C574&ssl=1","datePublished":"2024-12-25T18:42:53+00:00","breadcrumb":{"@id":"https:\/\/saknews.net\/ku\/?p=1974#breadcrumb"},"inLanguage":"en-US","potentialAction":[{"@type":"ReadAction","target":["https:\/\/saknews.net\/ku\/?p=1974"]}]},{"@type":"ImageObject","inLanguage":"en-US","@id":"https:\/\/saknews.net\/ku\/?p=1974#primaryimage","url":"https:\/\/i0.wp.com\/saknews.net\/ku\/wp-content\/uploads\/2024\/12\/IMG-20241207-WA0028.jpg?fit=597%2C574&ssl=1","contentUrl":"https:\/\/i0.wp.com\/saknews.net\/ku\/wp-content\/uploads\/2024\/12\/IMG-20241207-WA0028.jpg?fit=597%2C574&ssl=1","width":597,"height":574},{"@type":"BreadcrumbList","@id":"https:\/\/saknews.net\/ku\/?p=1974#breadcrumb","itemListElement":[{"@type":"ListItem","position":1,"name":"\u0627\u0644\u0631\u0626\u064a\u0633\u064a\u0629","item":"https:\/\/saknews.net\/ku\/"},{"@type":"ListItem","position":2,"name":"N\u00fb\u00e7e","item":"https:\/\/saknews.net\/ku\/?cat=49"},{"@type":"ListItem","position":3,"name":"Daxuyan\u00ee","item":"https:\/\/saknews.net\/ku\/?cat=34"},{"@type":"ListItem","position":4,"name":"Banga yekxistina helwest \u00fb n\u00fbnertiya hevbe\u015f"}]},{"@type":"WebSite","@id":"https:\/\/saknews.net\/ku\/#website","url":"https:\/\/saknews.net\/ku\/","name":"S\u0327epe\u0302la Azadi\u0302 ya Kurdistani\u0302","description":"\u062a\u064a\u0627\u0631 \u0627\u0644\u062d\u0631\u064a\u0629 \u0627\u0644\u0643\u0648\u0631\u062f\u0633\u062a\u0627\u0646\u064a \u015eep\u00eala Azad\u00ee ya Kurdistan\u00ee","publisher":{"@id":"https:\/\/saknews.net\/ku\/#organization"},"potentialAction":[{"@type":"SearchAction","target":{"@type":"EntryPoint","urlTemplate":"https:\/\/saknews.net\/ku\/?s={search_term_string}"},"query-input":{"@type":"PropertyValueSpecification","valueRequired":true,"valueName":"search_term_string"}}],"inLanguage":"en-US"},{"@type":"Organization","@id":"https:\/\/saknews.net\/ku\/#organization","name":"\u015eep\u00eala Azadiy\u00ea ya Kurdistan\u00ea - \u062a\u064a\u0627\u0631 \u0627\u0644\u062d\u0631\u064a\u0629 \u0627\u0644\u0643\u0648\u0631\u062f\u0633\u062a\u0627\u0646\u064a","url":"https:\/\/saknews.net\/ku\/","logo":{"@type":"ImageObject","inLanguage":"en-US","@id":"https:\/\/saknews.net\/ku\/#\/schema\/logo\/image\/","url":"https:\/\/i0.wp.com\/saknews.net\/ku\/wp-content\/uploads\/2024\/11\/cropped-logo-1.png?fit=512%2C512&ssl=1","contentUrl":"https:\/\/i0.wp.com\/saknews.net\/ku\/wp-content\/uploads\/2024\/11\/cropped-logo-1.png?fit=512%2C512&ssl=1","width":512,"height":512,"caption":"\u015eep\u00eala Azadiy\u00ea ya Kurdistan\u00ea - \u062a\u064a\u0627\u0631 \u0627\u0644\u062d\u0631\u064a\u0629 \u0627\u0644\u0643\u0648\u0631\u062f\u0633\u062a\u0627\u0646\u064a"},"image":{"@id":"https:\/\/saknews.net\/ku\/#\/schema\/logo\/image\/"},"sameAs":["https:\/\/www.facebook.com\/Shepel.ewropa"]},{"@type":"Person","@id":"https:\/\/saknews.net\/ku\/#\/schema\/person\/72ae32a4041a3817e015b63d8f409058","name":"Horan Hem","url":"https:\/\/saknews.net\/ku\/?author=8"}]}},"featured_image_urls":{"full":["https:\/\/i0.wp.com\/saknews.net\/ku\/wp-content\/uploads\/2024\/12\/IMG-20241207-WA0028.jpg?fit=597%2C574&ssl=1",597,574,false],"thumbnail":["https:\/\/i0.wp.com\/saknews.net\/ku\/wp-content\/uploads\/2024\/12\/IMG-20241207-WA0028.jpg?resize=150%2C150&ssl=1",150,150,true],"medium":["https:\/\/i0.wp.com\/saknews.net\/ku\/wp-content\/uploads\/2024\/12\/IMG-20241207-WA0028.jpg?fit=300%2C288&ssl=1",300,288,true],"medium_large":["https:\/\/i0.wp.com\/saknews.net\/ku\/wp-content\/uploads\/2024\/12\/IMG-20241207-WA0028.jpg?fit=597%2C574&ssl=1",597,574,true],"large":["https:\/\/i0.wp.com\/saknews.net\/ku\/wp-content\/uploads\/2024\/12\/IMG-20241207-WA0028.jpg?fit=597%2C574&ssl=1",597,574,true],"1536x1536":["https:\/\/i0.wp.com\/saknews.net\/ku\/wp-content\/uploads\/2024\/12\/IMG-20241207-WA0028.jpg?fit=597%2C574&ssl=1",597,574,true],"2048x2048":["https:\/\/i0.wp.com\/saknews.net\/ku\/wp-content\/uploads\/2024\/12\/IMG-20241207-WA0028.jpg?fit=597%2C574&ssl=1",597,574,true],"covernews-featured":["https:\/\/i0.wp.com\/saknews.net\/ku\/wp-content\/uploads\/2024\/12\/IMG-20241207-WA0028.jpg?fit=597%2C574&ssl=1",597,574,true],"covernews-medium":["https:\/\/i0.wp.com\/saknews.net\/ku\/wp-content\/uploads\/2024\/12\/IMG-20241207-WA0028.jpg?resize=540%2C340&ssl=1",540,340,true]},"author_info":{"display_name":"Horan Hem","author_link":"https:\/\/saknews.net\/ku\/?author=8"},"category_info":"<a href=\"https:\/\/saknews.net\/ku\/?cat=34\" rel=\"category\">Daxuyan\u00ee<\/a>","tag_info":"Daxuyan\u00ee","comment_count":"0","_links":{"self":[{"href":"https:\/\/saknews.net\/ku\/index.php?rest_route=\/wp\/v2\/posts\/1974","targetHints":{"allow":["GET"]}}],"collection":[{"href":"https:\/\/saknews.net\/ku\/index.php?rest_route=\/wp\/v2\/posts"}],"about":[{"href":"https:\/\/saknews.net\/ku\/index.php?rest_route=\/wp\/v2\/types\/post"}],"author":[{"embeddable":true,"href":"https:\/\/saknews.net\/ku\/index.php?rest_route=\/wp\/v2\/users\/8"}],"replies":[{"embeddable":true,"href":"https:\/\/saknews.net\/ku\/index.php?rest_route=%2Fwp%2Fv2%2Fcomments&post=1974"}],"version-history":[{"count":1,"href":"https:\/\/saknews.net\/ku\/index.php?rest_route=\/wp\/v2\/posts\/1974\/revisions"}],"predecessor-version":[{"id":1975,"href":"https:\/\/saknews.net\/ku\/index.php?rest_route=\/wp\/v2\/posts\/1974\/revisions\/1975"}],"wp:featuredmedia":[{"embeddable":true,"href":"https:\/\/saknews.net\/ku\/index.php?rest_route=\/wp\/v2\/media\/1905"}],"wp:attachment":[{"href":"https:\/\/saknews.net\/ku\/index.php?rest_route=%2Fwp%2Fv2%2Fmedia&parent=1974"}],"wp:term":[{"taxonomy":"category","embeddable":true,"href":"https:\/\/saknews.net\/ku\/index.php?rest_route=%2Fwp%2Fv2%2Fcategories&post=1974"},{"taxonomy":"post_tag","embeddable":true,"href":"https:\/\/saknews.net\/ku\/index.php?rest_route=%2Fwp%2Fv2%2Ftags&post=1974"}],"curies":[{"name":"wp","href":"https:\/\/api.w.org\/{rel}","templated":true}]}}