{"id":1978,"date":"2024-12-27T17:16:27","date_gmt":"2024-12-27T17:16:27","guid":{"rendered":"https:\/\/saknews.net\/ku\/?p=1978"},"modified":"2024-12-27T17:19:11","modified_gmt":"2024-12-27T17:19:11","slug":"hebes-dive-suriya-nu-federal-be-u-kurdistana-suriye-yekgirti-be","status":"publish","type":"post","link":"https:\/\/saknews.net\/ku\/?p=1978","title":{"rendered":"Hebe\u015f: Div\u00ea S\u00fbriya n\u00fb federal be \u00fb Kurdistana S\u00fbriy\u00ea yekgirt\u00ee be"},"content":{"rendered":"<p>Serok\u00ea Ber\u00ea Kurdistana S\u00fbriy\u00ea, Ebdilrehman Hebe\u015f, di hevd\u00eetineke xwe de bi Kurdistan24 re di derbar\u00ea damezrandina Ber\u00ea Kurdistana S\u00fbriy\u00ea de axiv\u00ee. Hebe\u015f tekez kir ew ji bo S\u00fbriya n\u00fb dixwazin s\u00eestema federal b\u00ea bicihkirin \u00fb Kurdistana S\u00fbriy\u00ea yekgirt\u00ee be. Herwiha Hebe\u015f diyar kir, ku ragihandina Ber\u00ea Kurdistana S\u00fbriy\u00ea pi\u015ft\u00ee salek\u00ea ji got\u00fbb\u00eaj\u00ean dir\u00eaj \u00fb fireh hat.<br \/>\nHebe\u015f tekez kir, ku herdu aliy\u00ean Enc\u00fbmena Ni\u015ftiman\u00ee ya Kurd li S\u00fbriy\u00ea (ENKS) \u00fb Partiya Yek\u00eet\u00ee ya Demokrat (PYD) hatib\u00fbn vexwendin, l\u00ea herdu aliyan red kirin be\u015fdar bibin \u00fb tevl\u00ee w\u00ea bibin.<br \/>\nHebe\u015f di hevd\u00eetina xwe de da n\u00ee\u015fan, ku derfeteke z\u00ear\u00een niha li p\u00ea\u015f tevgera kurd li Kurdistana S\u00fbriy\u00ea heye bi taybet\u00ee bi ketina rej\u00eema Esed \u00fb div\u00ea kurd lihev bikin \u00fb bi n\u00ear\u00eeneke hevbe\u015f bi r\u00eaveberiya n\u00fb re ya li \u015eam\u00ea got\u00fbb\u00eajan bikin.<br \/>\nSerok\u00ea Ber\u00ea Kurdistana S\u00fbriy\u00ea bang li ENKS \u00fb PYD kir, ku li xwe vegerin \u00fb PYD girtiy\u00ean kurd serbest berde \u00fb ENKS j\u00ee ji nava \u00cetilaf\u00ea veki\u015fe, ku li gor\u00ee Hebe\u015f \u00ead\u00ee \u00cet\u00eelaf nema ye.<br \/>\nTevahiya hevd\u00eetina Serok\u00ea Ber\u00ea Kurdistana S\u00fbriy\u00ea h\u00fbn dikarin li v\u00ea der\u00ea bib\u00eenin:<br \/>\n<div style=\"width: 640px;\" class=\"wp-video\"><!--[if lt IE 9]><script>document.createElement('video');<\/script><![endif]-->\n<video class=\"wp-video-shortcode\" id=\"video-1978-1\" width=\"640\" height=\"360\" preload=\"metadata\" controls=\"controls\"><source type=\"video\/mp4\" src=\"https:\/\/saknews.net\/ku\/wp-content\/uploads\/2024\/12\/VID-20241227-WA0026.mp4?_=1\" \/><a href=\"https:\/\/saknews.net\/ku\/wp-content\/uploads\/2024\/12\/VID-20241227-WA0026.mp4\">https:\/\/saknews.net\/ku\/wp-content\/uploads\/2024\/12\/VID-20241227-WA0026.mp4<\/a><\/video><\/div><\/p>\n","protected":false},"excerpt":{"rendered":"<p>Serok\u00ea Ber\u00ea Kurdistana S\u00fbriy\u00ea, Ebdilrehman Hebe\u015f, di hevd\u00eetineke xwe de bi Kurdistan24 re di derbar\u00ea&#8230;<\/p>\n","protected":false},"author":8,"featured_media":1980,"comment_status":"closed","ping_status":"closed","sticky":false,"template":"","format":"standard","meta":{"footnotes":""},"categories":[42],"tags":[],"class_list":["post-1978","post","type-post","status-publish","format-standard","has-post-thumbnail","hentry","category-hevditin"],"yoast_head":"<!-- This site is optimized with the Yoast SEO plugin v27.5 - https:\/\/yoast.com\/product\/yoast-seo-wordpress\/ -->\n<title>Hebe\u015f: Div\u00ea S\u00fbriya n\u00fb federal be \u00fb Kurdistana S\u00fbriy\u00ea yekgirt\u00ee be &#8226; \u015eAK<\/title>\n<meta name=\"robots\" content=\"index, follow, max-snippet:-1, max-image-preview:large, max-video-preview:-1\" \/>\n<link rel=\"canonical\" href=\"https:\/\/saknews.net\/ku\/?p=1978\" \/>\n<meta property=\"og:locale\" content=\"en_US\" \/>\n<meta property=\"og:type\" content=\"article\" \/>\n<meta property=\"og:title\" content=\"Hebe\u015f: Div\u00ea S\u00fbriya n\u00fb federal be \u00fb Kurdistana S\u00fbriy\u00ea yekgirt\u00ee be &#8226; \u015eAK\" \/>\n<meta property=\"og:description\" content=\"Serok\u00ea Ber\u00ea Kurdistana S\u00fbriy\u00ea, Ebdilrehman Hebe\u015f, di hevd\u00eetineke xwe de bi Kurdistan24 re di derbar\u00ea...\" \/>\n<meta property=\"og:url\" content=\"https:\/\/saknews.net\/ku\/?p=1978\" \/>\n<meta property=\"og:site_name\" content=\"\u015eAK\" \/>\n<meta property=\"article:publisher\" content=\"https:\/\/www.facebook.com\/Shepel.ewropa\" \/>\n<meta property=\"article:published_time\" content=\"2024-12-27T17:16:27+00:00\" \/>\n<meta property=\"article:modified_time\" content=\"2024-12-27T17:19:11+00:00\" \/>\n<meta property=\"og:image\" content=\"https:\/\/saknews.net\/ku\/wp-content\/uploads\/2024\/12\/Screenshot_20241227_175556_YouTube.jpg\" \/>\n\t<meta property=\"og:image:width\" content=\"1080\" \/>\n\t<meta property=\"og:image:height\" content=\"580\" \/>\n\t<meta property=\"og:image:type\" content=\"image\/jpeg\" \/>\n<meta name=\"author\" content=\"Horan Hem\" \/>\n<meta name=\"twitter:card\" content=\"summary_large_image\" \/>\n<meta name=\"twitter:label1\" content=\"Written by\" \/>\n\t<meta name=\"twitter:data1\" content=\"Horan Hem\" \/>\n\t<meta name=\"twitter:label2\" content=\"Est. reading time\" \/>\n\t<meta name=\"twitter:data2\" content=\"2 minutes\" \/>\n<script type=\"application\/ld+json\" class=\"yoast-schema-graph\">{\"@context\":\"https:\\\/\\\/schema.org\",\"@graph\":[{\"@type\":\"Article\",\"@id\":\"https:\\\/\\\/saknews.net\\\/ku\\\/?p=1978#article\",\"isPartOf\":{\"@id\":\"https:\\\/\\\/saknews.net\\\/ku\\\/?p=1978\"},\"author\":{\"name\":\"Horan Hem\",\"@id\":\"https:\\\/\\\/saknews.net\\\/ku\\\/#\\\/schema\\\/person\\\/72ae32a4041a3817e015b63d8f409058\"},\"headline\":\"Hebe\u015f: Div\u00ea S\u00fbriya n\u00fb federal be \u00fb Kurdistana S\u00fbriy\u00ea yekgirt\u00ee be\",\"datePublished\":\"2024-12-27T17:16:27+00:00\",\"dateModified\":\"2024-12-27T17:19:11+00:00\",\"mainEntityOfPage\":{\"@id\":\"https:\\\/\\\/saknews.net\\\/ku\\\/?p=1978\"},\"wordCount\":233,\"publisher\":{\"@id\":\"https:\\\/\\\/saknews.net\\\/ku\\\/#organization\"},\"image\":{\"@id\":\"https:\\\/\\\/saknews.net\\\/ku\\\/?p=1978#primaryimage\"},\"thumbnailUrl\":\"https:\\\/\\\/i0.wp.com\\\/saknews.net\\\/ku\\\/wp-content\\\/uploads\\\/2024\\\/12\\\/Screenshot_20241227_175556_YouTube.jpg?fit=1080%2C580&ssl=1\",\"articleSection\":[\"Hevd\u00eetin\"],\"inLanguage\":\"en-US\"},{\"@type\":\"WebPage\",\"@id\":\"https:\\\/\\\/saknews.net\\\/ku\\\/?p=1978\",\"url\":\"https:\\\/\\\/saknews.net\\\/ku\\\/?p=1978\",\"name\":\"Hebe\u015f: Div\u00ea S\u00fbriya n\u00fb federal be \u00fb Kurdistana S\u00fbriy\u00ea yekgirt\u00ee be &#8226; \u015eAK\",\"isPartOf\":{\"@id\":\"https:\\\/\\\/saknews.net\\\/ku\\\/#website\"},\"primaryImageOfPage\":{\"@id\":\"https:\\\/\\\/saknews.net\\\/ku\\\/?p=1978#primaryimage\"},\"image\":{\"@id\":\"https:\\\/\\\/saknews.net\\\/ku\\\/?p=1978#primaryimage\"},\"thumbnailUrl\":\"https:\\\/\\\/i0.wp.com\\\/saknews.net\\\/ku\\\/wp-content\\\/uploads\\\/2024\\\/12\\\/Screenshot_20241227_175556_YouTube.jpg?fit=1080%2C580&ssl=1\",\"datePublished\":\"2024-12-27T17:16:27+00:00\",\"dateModified\":\"2024-12-27T17:19:11+00:00\",\"breadcrumb\":{\"@id\":\"https:\\\/\\\/saknews.net\\\/ku\\\/?p=1978#breadcrumb\"},\"inLanguage\":\"en-US\",\"potentialAction\":[{\"@type\":\"ReadAction\",\"target\":[\"https:\\\/\\\/saknews.net\\\/ku\\\/?p=1978\"]}]},{\"@type\":\"ImageObject\",\"inLanguage\":\"en-US\",\"@id\":\"https:\\\/\\\/saknews.net\\\/ku\\\/?p=1978#primaryimage\",\"url\":\"https:\\\/\\\/i0.wp.com\\\/saknews.net\\\/ku\\\/wp-content\\\/uploads\\\/2024\\\/12\\\/Screenshot_20241227_175556_YouTube.jpg?fit=1080%2C580&ssl=1\",\"contentUrl\":\"https:\\\/\\\/i0.wp.com\\\/saknews.net\\\/ku\\\/wp-content\\\/uploads\\\/2024\\\/12\\\/Screenshot_20241227_175556_YouTube.jpg?fit=1080%2C580&ssl=1\",\"width\":1080,\"height\":580},{\"@type\":\"BreadcrumbList\",\"@id\":\"https:\\\/\\\/saknews.net\\\/ku\\\/?p=1978#breadcrumb\",\"itemListElement\":[{\"@type\":\"ListItem\",\"position\":1,\"name\":\"\u0627\u0644\u0631\u0626\u064a\u0633\u064a\u0629\",\"item\":\"https:\\\/\\\/saknews.net\\\/ku\\\/\"},{\"@type\":\"ListItem\",\"position\":2,\"name\":\"N\u00fb\u00e7e\",\"item\":\"https:\\\/\\\/saknews.net\\\/ku\\\/?cat=49\"},{\"@type\":\"ListItem\",\"position\":3,\"name\":\"Daxuyan\u00ee\",\"item\":\"https:\\\/\\\/saknews.net\\\/ku\\\/?cat=34\"},{\"@type\":\"ListItem\",\"position\":4,\"name\":\"Hevd\u00eetin\",\"item\":\"https:\\\/\\\/saknews.net\\\/ku\\\/?cat=42\"},{\"@type\":\"ListItem\",\"position\":5,\"name\":\"Hebe\u015f: Div\u00ea S\u00fbriya n\u00fb federal be \u00fb Kurdistana S\u00fbriy\u00ea yekgirt\u00ee be\"}]},{\"@type\":\"WebSite\",\"@id\":\"https:\\\/\\\/saknews.net\\\/ku\\\/#website\",\"url\":\"https:\\\/\\\/saknews.net\\\/ku\\\/\",\"name\":\"S\u0327epe\u0302la Azadi\u0302 ya Kurdistani\u0302\",\"description\":\"\u062a\u064a\u0627\u0631 \u0627\u0644\u062d\u0631\u064a\u0629 \u0627\u0644\u0643\u0648\u0631\u062f\u0633\u062a\u0627\u0646\u064a \u015eep\u00eala Azad\u00ee ya Kurdistan\u00ee\",\"publisher\":{\"@id\":\"https:\\\/\\\/saknews.net\\\/ku\\\/#organization\"},\"potentialAction\":[{\"@type\":\"SearchAction\",\"target\":{\"@type\":\"EntryPoint\",\"urlTemplate\":\"https:\\\/\\\/saknews.net\\\/ku\\\/?s={search_term_string}\"},\"query-input\":{\"@type\":\"PropertyValueSpecification\",\"valueRequired\":true,\"valueName\":\"search_term_string\"}}],\"inLanguage\":\"en-US\"},{\"@type\":\"Organization\",\"@id\":\"https:\\\/\\\/saknews.net\\\/ku\\\/#organization\",\"name\":\"\u015eep\u00eala Azadiy\u00ea ya Kurdistan\u00ea - \u062a\u064a\u0627\u0631 \u0627\u0644\u062d\u0631\u064a\u0629 \u0627\u0644\u0643\u0648\u0631\u062f\u0633\u062a\u0627\u0646\u064a\",\"url\":\"https:\\\/\\\/saknews.net\\\/ku\\\/\",\"logo\":{\"@type\":\"ImageObject\",\"inLanguage\":\"en-US\",\"@id\":\"https:\\\/\\\/saknews.net\\\/ku\\\/#\\\/schema\\\/logo\\\/image\\\/\",\"url\":\"https:\\\/\\\/i0.wp.com\\\/saknews.net\\\/ku\\\/wp-content\\\/uploads\\\/2024\\\/11\\\/cropped-logo-1.png?fit=512%2C512&ssl=1\",\"contentUrl\":\"https:\\\/\\\/i0.wp.com\\\/saknews.net\\\/ku\\\/wp-content\\\/uploads\\\/2024\\\/11\\\/cropped-logo-1.png?fit=512%2C512&ssl=1\",\"width\":512,\"height\":512,\"caption\":\"\u015eep\u00eala Azadiy\u00ea ya Kurdistan\u00ea - \u062a\u064a\u0627\u0631 \u0627\u0644\u062d\u0631\u064a\u0629 \u0627\u0644\u0643\u0648\u0631\u062f\u0633\u062a\u0627\u0646\u064a\"},\"image\":{\"@id\":\"https:\\\/\\\/saknews.net\\\/ku\\\/#\\\/schema\\\/logo\\\/image\\\/\"},\"sameAs\":[\"https:\\\/\\\/www.facebook.com\\\/Shepel.ewropa\"]},{\"@type\":\"Person\",\"@id\":\"https:\\\/\\\/saknews.net\\\/ku\\\/#\\\/schema\\\/person\\\/72ae32a4041a3817e015b63d8f409058\",\"name\":\"Horan Hem\",\"url\":\"https:\\\/\\\/saknews.net\\\/ku\\\/?author=8\"}]}<\/script>\n<!-- \/ Yoast SEO plugin. -->","yoast_head_json":{"title":"Hebe\u015f: Div\u00ea S\u00fbriya n\u00fb federal be \u00fb Kurdistana S\u00fbriy\u00ea yekgirt\u00ee be &#8226; \u015eAK","robots":{"index":"index","follow":"follow","max-snippet":"max-snippet:-1","max-image-preview":"max-image-preview:large","max-video-preview":"max-video-preview:-1"},"canonical":"https:\/\/saknews.net\/ku\/?p=1978","og_locale":"en_US","og_type":"article","og_title":"Hebe\u015f: Div\u00ea S\u00fbriya n\u00fb federal be \u00fb Kurdistana S\u00fbriy\u00ea yekgirt\u00ee be &#8226; \u015eAK","og_description":"Serok\u00ea Ber\u00ea Kurdistana S\u00fbriy\u00ea, Ebdilrehman Hebe\u015f, di hevd\u00eetineke xwe de bi Kurdistan24 re di derbar\u00ea...","og_url":"https:\/\/saknews.net\/ku\/?p=1978","og_site_name":"\u015eAK","article_publisher":"https:\/\/www.facebook.com\/Shepel.ewropa","article_published_time":"2024-12-27T17:16:27+00:00","article_modified_time":"2024-12-27T17:19:11+00:00","og_image":[{"width":1080,"height":580,"url":"https:\/\/saknews.net\/ku\/wp-content\/uploads\/2024\/12\/Screenshot_20241227_175556_YouTube.jpg","type":"image\/jpeg"}],"author":"Horan Hem","twitter_card":"summary_large_image","twitter_misc":{"Written by":"Horan Hem","Est. reading time":"2 minutes"},"schema":{"@context":"https:\/\/schema.org","@graph":[{"@type":"Article","@id":"https:\/\/saknews.net\/ku\/?p=1978#article","isPartOf":{"@id":"https:\/\/saknews.net\/ku\/?p=1978"},"author":{"name":"Horan Hem","@id":"https:\/\/saknews.net\/ku\/#\/schema\/person\/72ae32a4041a3817e015b63d8f409058"},"headline":"Hebe\u015f: Div\u00ea S\u00fbriya n\u00fb federal be \u00fb Kurdistana S\u00fbriy\u00ea yekgirt\u00ee be","datePublished":"2024-12-27T17:16:27+00:00","dateModified":"2024-12-27T17:19:11+00:00","mainEntityOfPage":{"@id":"https:\/\/saknews.net\/ku\/?p=1978"},"wordCount":233,"publisher":{"@id":"https:\/\/saknews.net\/ku\/#organization"},"image":{"@id":"https:\/\/saknews.net\/ku\/?p=1978#primaryimage"},"thumbnailUrl":"https:\/\/i0.wp.com\/saknews.net\/ku\/wp-content\/uploads\/2024\/12\/Screenshot_20241227_175556_YouTube.jpg?fit=1080%2C580&ssl=1","articleSection":["Hevd\u00eetin"],"inLanguage":"en-US"},{"@type":"WebPage","@id":"https:\/\/saknews.net\/ku\/?p=1978","url":"https:\/\/saknews.net\/ku\/?p=1978","name":"Hebe\u015f: Div\u00ea S\u00fbriya n\u00fb federal be \u00fb Kurdistana S\u00fbriy\u00ea yekgirt\u00ee be &#8226; \u015eAK","isPartOf":{"@id":"https:\/\/saknews.net\/ku\/#website"},"primaryImageOfPage":{"@id":"https:\/\/saknews.net\/ku\/?p=1978#primaryimage"},"image":{"@id":"https:\/\/saknews.net\/ku\/?p=1978#primaryimage"},"thumbnailUrl":"https:\/\/i0.wp.com\/saknews.net\/ku\/wp-content\/uploads\/2024\/12\/Screenshot_20241227_175556_YouTube.jpg?fit=1080%2C580&ssl=1","datePublished":"2024-12-27T17:16:27+00:00","dateModified":"2024-12-27T17:19:11+00:00","breadcrumb":{"@id":"https:\/\/saknews.net\/ku\/?p=1978#breadcrumb"},"inLanguage":"en-US","potentialAction":[{"@type":"ReadAction","target":["https:\/\/saknews.net\/ku\/?p=1978"]}]},{"@type":"ImageObject","inLanguage":"en-US","@id":"https:\/\/saknews.net\/ku\/?p=1978#primaryimage","url":"https:\/\/i0.wp.com\/saknews.net\/ku\/wp-content\/uploads\/2024\/12\/Screenshot_20241227_175556_YouTube.jpg?fit=1080%2C580&ssl=1","contentUrl":"https:\/\/i0.wp.com\/saknews.net\/ku\/wp-content\/uploads\/2024\/12\/Screenshot_20241227_175556_YouTube.jpg?fit=1080%2C580&ssl=1","width":1080,"height":580},{"@type":"BreadcrumbList","@id":"https:\/\/saknews.net\/ku\/?p=1978#breadcrumb","itemListElement":[{"@type":"ListItem","position":1,"name":"\u0627\u0644\u0631\u0626\u064a\u0633\u064a\u0629","item":"https:\/\/saknews.net\/ku\/"},{"@type":"ListItem","position":2,"name":"N\u00fb\u00e7e","item":"https:\/\/saknews.net\/ku\/?cat=49"},{"@type":"ListItem","position":3,"name":"Daxuyan\u00ee","item":"https:\/\/saknews.net\/ku\/?cat=34"},{"@type":"ListItem","position":4,"name":"Hevd\u00eetin","item":"https:\/\/saknews.net\/ku\/?cat=42"},{"@type":"ListItem","position":5,"name":"Hebe\u015f: Div\u00ea S\u00fbriya n\u00fb federal be \u00fb Kurdistana S\u00fbriy\u00ea yekgirt\u00ee be"}]},{"@type":"WebSite","@id":"https:\/\/saknews.net\/ku\/#website","url":"https:\/\/saknews.net\/ku\/","name":"S\u0327epe\u0302la Azadi\u0302 ya Kurdistani\u0302","description":"\u062a\u064a\u0627\u0631 \u0627\u0644\u062d\u0631\u064a\u0629 \u0627\u0644\u0643\u0648\u0631\u062f\u0633\u062a\u0627\u0646\u064a \u015eep\u00eala Azad\u00ee ya Kurdistan\u00ee","publisher":{"@id":"https:\/\/saknews.net\/ku\/#organization"},"potentialAction":[{"@type":"SearchAction","target":{"@type":"EntryPoint","urlTemplate":"https:\/\/saknews.net\/ku\/?s={search_term_string}"},"query-input":{"@type":"PropertyValueSpecification","valueRequired":true,"valueName":"search_term_string"}}],"inLanguage":"en-US"},{"@type":"Organization","@id":"https:\/\/saknews.net\/ku\/#organization","name":"\u015eep\u00eala Azadiy\u00ea ya Kurdistan\u00ea - \u062a\u064a\u0627\u0631 \u0627\u0644\u062d\u0631\u064a\u0629 \u0627\u0644\u0643\u0648\u0631\u062f\u0633\u062a\u0627\u0646\u064a","url":"https:\/\/saknews.net\/ku\/","logo":{"@type":"ImageObject","inLanguage":"en-US","@id":"https:\/\/saknews.net\/ku\/#\/schema\/logo\/image\/","url":"https:\/\/i0.wp.com\/saknews.net\/ku\/wp-content\/uploads\/2024\/11\/cropped-logo-1.png?fit=512%2C512&ssl=1","contentUrl":"https:\/\/i0.wp.com\/saknews.net\/ku\/wp-content\/uploads\/2024\/11\/cropped-logo-1.png?fit=512%2C512&ssl=1","width":512,"height":512,"caption":"\u015eep\u00eala Azadiy\u00ea ya Kurdistan\u00ea - \u062a\u064a\u0627\u0631 \u0627\u0644\u062d\u0631\u064a\u0629 \u0627\u0644\u0643\u0648\u0631\u062f\u0633\u062a\u0627\u0646\u064a"},"image":{"@id":"https:\/\/saknews.net\/ku\/#\/schema\/logo\/image\/"},"sameAs":["https:\/\/www.facebook.com\/Shepel.ewropa"]},{"@type":"Person","@id":"https:\/\/saknews.net\/ku\/#\/schema\/person\/72ae32a4041a3817e015b63d8f409058","name":"Horan Hem","url":"https:\/\/saknews.net\/ku\/?author=8"}]}},"featured_image_urls":{"full":["https:\/\/i0.wp.com\/saknews.net\/ku\/wp-content\/uploads\/2024\/12\/Screenshot_20241227_175556_YouTube.jpg?fit=1080%2C580&ssl=1",1080,580,false],"thumbnail":["https:\/\/i0.wp.com\/saknews.net\/ku\/wp-content\/uploads\/2024\/12\/Screenshot_20241227_175556_YouTube.jpg?resize=150%2C150&ssl=1",150,150,true],"medium":["https:\/\/i0.wp.com\/saknews.net\/ku\/wp-content\/uploads\/2024\/12\/Screenshot_20241227_175556_YouTube.jpg?fit=300%2C161&ssl=1",300,161,true],"medium_large":["https:\/\/i0.wp.com\/saknews.net\/ku\/wp-content\/uploads\/2024\/12\/Screenshot_20241227_175556_YouTube.jpg?fit=640%2C343&ssl=1",640,343,true],"large":["https:\/\/i0.wp.com\/saknews.net\/ku\/wp-content\/uploads\/2024\/12\/Screenshot_20241227_175556_YouTube.jpg?fit=640%2C344&ssl=1",640,344,true],"1536x1536":["https:\/\/i0.wp.com\/saknews.net\/ku\/wp-content\/uploads\/2024\/12\/Screenshot_20241227_175556_YouTube.jpg?fit=1080%2C580&ssl=1",1080,580,true],"2048x2048":["https:\/\/i0.wp.com\/saknews.net\/ku\/wp-content\/uploads\/2024\/12\/Screenshot_20241227_175556_YouTube.jpg?fit=1080%2C580&ssl=1",1080,580,true],"covernews-featured":["https:\/\/i0.wp.com\/saknews.net\/ku\/wp-content\/uploads\/2024\/12\/Screenshot_20241227_175556_YouTube.jpg?fit=1024%2C550&ssl=1",1024,550,true],"covernews-medium":["https:\/\/i0.wp.com\/saknews.net\/ku\/wp-content\/uploads\/2024\/12\/Screenshot_20241227_175556_YouTube.jpg?resize=540%2C340&ssl=1",540,340,true]},"author_info":{"display_name":"Horan Hem","author_link":"https:\/\/saknews.net\/ku\/?author=8"},"category_info":"<a href=\"https:\/\/saknews.net\/ku\/?cat=42\" rel=\"category\">Hevd\u00eetin<\/a>","tag_info":"Hevd\u00eetin","comment_count":"0","_links":{"self":[{"href":"https:\/\/saknews.net\/ku\/index.php?rest_route=\/wp\/v2\/posts\/1978","targetHints":{"allow":["GET"]}}],"collection":[{"href":"https:\/\/saknews.net\/ku\/index.php?rest_route=\/wp\/v2\/posts"}],"about":[{"href":"https:\/\/saknews.net\/ku\/index.php?rest_route=\/wp\/v2\/types\/post"}],"author":[{"embeddable":true,"href":"https:\/\/saknews.net\/ku\/index.php?rest_route=\/wp\/v2\/users\/8"}],"replies":[{"embeddable":true,"href":"https:\/\/saknews.net\/ku\/index.php?rest_route=%2Fwp%2Fv2%2Fcomments&post=1978"}],"version-history":[{"count":3,"href":"https:\/\/saknews.net\/ku\/index.php?rest_route=\/wp\/v2\/posts\/1978\/revisions"}],"predecessor-version":[{"id":1983,"href":"https:\/\/saknews.net\/ku\/index.php?rest_route=\/wp\/v2\/posts\/1978\/revisions\/1983"}],"wp:featuredmedia":[{"embeddable":true,"href":"https:\/\/saknews.net\/ku\/index.php?rest_route=\/wp\/v2\/media\/1980"}],"wp:attachment":[{"href":"https:\/\/saknews.net\/ku\/index.php?rest_route=%2Fwp%2Fv2%2Fmedia&parent=1978"}],"wp:term":[{"taxonomy":"category","embeddable":true,"href":"https:\/\/saknews.net\/ku\/index.php?rest_route=%2Fwp%2Fv2%2Fcategories&post=1978"},{"taxonomy":"post_tag","embeddable":true,"href":"https:\/\/saknews.net\/ku\/index.php?rest_route=%2Fwp%2Fv2%2Ftags&post=1978"}],"curies":[{"name":"wp","href":"https:\/\/api.w.org\/{rel}","templated":true}]}}