{"id":1984,"date":"2024-12-27T18:10:14","date_gmt":"2024-12-27T18:10:14","guid":{"rendered":"https:\/\/saknews.net\/ku\/?p=1984"},"modified":"2024-12-27T18:10:14","modified_gmt":"2024-12-27T18:10:14","slug":"sak-binpekirinen-emsata-li-gunde-kaxre-ye-efrine-sermezar-dike","status":"publish","type":"post","link":"https:\/\/saknews.net\/ku\/?p=1984","title":{"rendered":"\u015eAK binp\u00eakirin\u00ean Em\u015fata li gund\u00ea Kaxr\u00ea y\u00ea Efr\u00een\u00ea \u015fermezar dike"},"content":{"rendered":"<p style=\"direction: ltr;\">\u015eep\u00eala Azad\u00ee ya Kurdistan\u00ee di derbar\u00ean binp\u00eakirin\u00ean daw\u00ee de y\u00ean li gundi Kaxr\u00ea y\u00ea ser bi Nav\u00e7eya Mabata ve li Her\u00eama Efr\u00een\u00ea daxuyaniyek belav kir \u00fb t\u00eade ew binp\u00eakirin \u015fermezar kir \u00fb got ku her yek ji Tirkiy\u00ea, \u00cet\u00eelaf \u00fb ENKS ji ber ve berpirs in, deqeya daxuyaniy\u00ea:<\/p>\n<p style=\"direction: ltr;\"><strong>Daxuyan\u00ee di derbar\u00ea rew\u015fa her\u00ee daw\u00ee de li gund\u00ea Kaxr\u00ea<\/strong><\/p>\n<p style=\"direction: ltr;\">\u015eep\u00eala Azad\u00ee ya Kurdistan\u00ee binp\u00eakirin\u00ean \u00e7ekdar\u00ean h\u00eaza naskir\u00ee bi Em\u015fata y\u00ean ser bi Tirkiy\u00ea ve li gund\u00ea Kaxr\u00ea y\u00ea nav\u00e7eya Malbata ya Her\u00eama Efr\u00een\u00ea, \u015fermezar dike. Li gor\u00ee agahiy\u00ean ji nava gund\u00ee, her kes\u00ea heya niha bac nedaye, ji aliy\u00ea \u00e7ekdaran ve t\u00ea girtin \u00fb e\u015fkencekirin. Zanyariy\u00ean me dib\u00eajin \u00e7ekdar ketine malan \u00fb di nava malan de li jinan xistine, herwiha hemwelatiy\u00ean heta niha bac nedane, otomob\u00eel \u00fb tirektor\u00ean wan hatine desteserkirin. Heya niha kes\u00ean nikar\u00eeb\u00fbn baca ferzkir\u00ee bidin Em\u015fata, ji mal\u00ean xwe reviyane \u00fb ji tirsa girtin \u00fb e\u015fkencekirin\u00ea new\u00earin vegerin mal\u00ean xwe.<\/p>\n<p style=\"direction: ltr;\">Ne ten\u00ea li Kaxr\u00ea, l\u00ea bel\u00ea li her devereke din a Efr\u00een\u00ea bi taybet\u00ee li nav\u00e7eya \u015eiy\u00ea, Em\u015fata weke dewletek\u00ea ji xwe re \u00e7\u00eakirine \u00fb bi k\u00eafa xwe zordariy\u00ea dikin \u00fb xelk\u00ea digirin \u00fb e\u015fkence dikin.<\/p>\n<p style=\"direction: ltr;\">Ev \u00e7end meh in, ku gr\u00fbp\u00ean \u00e7ekdar li Her\u00eama Efr\u00een\u00ea zordariya xwe gelek\u00ee z\u00eade kirine, ku nema xelk diw\u00eare li mal\u00ean xwe bim\u00eene \u00fb bi deh hezaran dolaran bac\u00ea li xelk\u00ea ferz dikin.<\/p>\n<p style=\"direction: ltr;\">Tev\u00ee rej\u00eema Esed ket, l\u00ea h\u00een heya niha rew\u015fa bajar\u00ean dagirkir\u00ee weke Efr\u00een, Ser\u00ea Kaniy\u00ea \u00fb Gir\u00ea Sp\u00ee qet nehatiye guhertin \u00fb tevahiya girtiy\u00ean kurd serbest nehatine berdan, wek \u00e7awe ku ev dever ne be\u015fek ji S\u00fbriy\u00ea bin. R\u00eaveberiya n\u00fb ya li \u015eam\u00ea dive helwesta xwe ji van gr\u00fbp\u00ean tawanbar zelal bike \u00fb wan siza bike weke berpirs\u00ean rej\u00eema ber\u00ea.<\/p>\n<p style=\"direction: ltr;\">Ev b\u00eadengiya di derbar\u00ea rew\u015fa Kurdistana S\u00fbriy\u00ea de bi gi\u015ft\u00ee, cih\u00ea fikar\u00ea ye \u00fb metirsiyan \u00e7\u00eadikin.<\/p>\n<p style=\"direction: ltr;\">Her binp\u00eakirin, tawan\u00ean li Efr\u00een\u00ea ten\u00ea kirin, \u00cet\u00eelaf bi gi\u015ft\u00ee \u00fb Tirkiy\u00ea ji ber ve berpirs in, herwiha Enc\u00fbmena Ni\u015ftiman\u00ee ya Kurd li S\u00fbriy\u00ea (ENKS)j\u00ee, ku hevkar\u00ea \u00cetilaf\u00ea ye \u00fb rijd e li ser sp\u00eekirina r\u00fby\u00ea w\u00ea tev\u00ee ku ti wateya \u00cetilaf\u00ea nema ye j\u00ee, herwiha tev\u00ee nema rej\u00eem\u00ea h\u00een j\u00ee dixwaze hevkar\u00ea \u00cetilaf\u00ea be di tawan\u00ean gr\u00fbp\u00ean \u00e7ekdar de. Div\u00ea Tirkiy\u00ea demildest r\u00ea li van gr\u00fbp\u00ean \u00e7ekdar bigire \u00fb pirs\u00ean destdir\u00eaj\u00ee \u00fb zordariya li ser xelk\u00ea neh\u00eale, ku hemwelat\u00ee karibin bi rihet\u00ee vegerin mal\u00ean xwe.<\/p>\n<p style=\"direction: ltr;\">Azad\u00ee ji girtiy\u00ean kurd re<\/p>\n<p style=\"direction: ltr;\">\u015eep\u00eala Azad\u00ee ya Kurdistan\u00ee<\/p>\n<p style=\"direction: ltr;\">27.12.2024<\/p>\n","protected":false},"excerpt":{"rendered":"<p>\u015eep\u00eala Azad\u00ee ya Kurdistan\u00ee di derbar\u00ean binp\u00eakirin\u00ean daw\u00ee de y\u00ean li gundi Kaxr\u00ea y\u00ea ser&#8230;<\/p>\n","protected":false},"author":8,"featured_media":1297,"comment_status":"closed","ping_status":"closed","sticky":false,"template":"","format":"standard","meta":{"footnotes":""},"categories":[34],"tags":[],"class_list":["post-1984","post","type-post","status-publish","format-standard","has-post-thumbnail","hentry","category-daxuyani"],"yoast_head":"<!-- This site is optimized with the Yoast SEO plugin v27.5 - https:\/\/yoast.com\/product\/yoast-seo-wordpress\/ -->\n<title>\u015eAK binp\u00eakirin\u00ean Em\u015fata li gund\u00ea Kaxr\u00ea y\u00ea Efr\u00een\u00ea \u015fermezar dike &#8226; \u015eAK<\/title>\n<meta name=\"robots\" content=\"index, follow, max-snippet:-1, max-image-preview:large, max-video-preview:-1\" \/>\n<link rel=\"canonical\" href=\"https:\/\/saknews.net\/ku\/?p=1984\" \/>\n<meta property=\"og:locale\" content=\"en_US\" \/>\n<meta property=\"og:type\" content=\"article\" \/>\n<meta property=\"og:title\" content=\"\u015eAK binp\u00eakirin\u00ean Em\u015fata li gund\u00ea Kaxr\u00ea y\u00ea Efr\u00een\u00ea \u015fermezar dike &#8226; \u015eAK\" \/>\n<meta property=\"og:description\" content=\"\u015eep\u00eala Azad\u00ee ya Kurdistan\u00ee di derbar\u00ean binp\u00eakirin\u00ean daw\u00ee de y\u00ean li gundi Kaxr\u00ea y\u00ea ser...\" \/>\n<meta property=\"og:url\" content=\"https:\/\/saknews.net\/ku\/?p=1984\" \/>\n<meta property=\"og:site_name\" content=\"\u015eAK\" \/>\n<meta property=\"article:publisher\" content=\"https:\/\/www.facebook.com\/Shepel.ewropa\" \/>\n<meta property=\"article:published_time\" content=\"2024-12-27T18:10:14+00:00\" \/>\n<meta property=\"og:image\" content=\"https:\/\/saknews.net\/ku\/wp-content\/uploads\/2024\/11\/Screen-Shot-2024-11-14-at-19.41.51.jpg\" \/>\n\t<meta property=\"og:image:width\" content=\"670\" \/>\n\t<meta property=\"og:image:height\" content=\"364\" \/>\n\t<meta property=\"og:image:type\" content=\"image\/jpeg\" \/>\n<meta name=\"author\" content=\"Horan Hem\" \/>\n<meta name=\"twitter:card\" content=\"summary_large_image\" \/>\n<meta name=\"twitter:label1\" content=\"Written by\" \/>\n\t<meta name=\"twitter:data1\" content=\"Horan Hem\" \/>\n\t<meta name=\"twitter:label2\" content=\"Est. reading time\" \/>\n\t<meta name=\"twitter:data2\" content=\"2 minutes\" \/>\n<script type=\"application\/ld+json\" class=\"yoast-schema-graph\">{\"@context\":\"https:\\\/\\\/schema.org\",\"@graph\":[{\"@type\":\"Article\",\"@id\":\"https:\\\/\\\/saknews.net\\\/ku\\\/?p=1984#article\",\"isPartOf\":{\"@id\":\"https:\\\/\\\/saknews.net\\\/ku\\\/?p=1984\"},\"author\":{\"name\":\"Horan Hem\",\"@id\":\"https:\\\/\\\/saknews.net\\\/ku\\\/#\\\/schema\\\/person\\\/72ae32a4041a3817e015b63d8f409058\"},\"headline\":\"\u015eAK binp\u00eakirin\u00ean Em\u015fata li gund\u00ea Kaxr\u00ea y\u00ea Efr\u00een\u00ea \u015fermezar dike\",\"datePublished\":\"2024-12-27T18:10:14+00:00\",\"mainEntityOfPage\":{\"@id\":\"https:\\\/\\\/saknews.net\\\/ku\\\/?p=1984\"},\"wordCount\":477,\"publisher\":{\"@id\":\"https:\\\/\\\/saknews.net\\\/ku\\\/#organization\"},\"image\":{\"@id\":\"https:\\\/\\\/saknews.net\\\/ku\\\/?p=1984#primaryimage\"},\"thumbnailUrl\":\"https:\\\/\\\/i0.wp.com\\\/saknews.net\\\/ku\\\/wp-content\\\/uploads\\\/2024\\\/11\\\/Screen-Shot-2024-11-14-at-19.41.51.jpg?fit=670%2C364&ssl=1\",\"articleSection\":[\"Daxuyan\u00ee\"],\"inLanguage\":\"en-US\"},{\"@type\":\"WebPage\",\"@id\":\"https:\\\/\\\/saknews.net\\\/ku\\\/?p=1984\",\"url\":\"https:\\\/\\\/saknews.net\\\/ku\\\/?p=1984\",\"name\":\"\u015eAK binp\u00eakirin\u00ean Em\u015fata li gund\u00ea Kaxr\u00ea y\u00ea Efr\u00een\u00ea \u015fermezar dike &#8226; \u015eAK\",\"isPartOf\":{\"@id\":\"https:\\\/\\\/saknews.net\\\/ku\\\/#website\"},\"primaryImageOfPage\":{\"@id\":\"https:\\\/\\\/saknews.net\\\/ku\\\/?p=1984#primaryimage\"},\"image\":{\"@id\":\"https:\\\/\\\/saknews.net\\\/ku\\\/?p=1984#primaryimage\"},\"thumbnailUrl\":\"https:\\\/\\\/i0.wp.com\\\/saknews.net\\\/ku\\\/wp-content\\\/uploads\\\/2024\\\/11\\\/Screen-Shot-2024-11-14-at-19.41.51.jpg?fit=670%2C364&ssl=1\",\"datePublished\":\"2024-12-27T18:10:14+00:00\",\"breadcrumb\":{\"@id\":\"https:\\\/\\\/saknews.net\\\/ku\\\/?p=1984#breadcrumb\"},\"inLanguage\":\"en-US\",\"potentialAction\":[{\"@type\":\"ReadAction\",\"target\":[\"https:\\\/\\\/saknews.net\\\/ku\\\/?p=1984\"]}]},{\"@type\":\"ImageObject\",\"inLanguage\":\"en-US\",\"@id\":\"https:\\\/\\\/saknews.net\\\/ku\\\/?p=1984#primaryimage\",\"url\":\"https:\\\/\\\/i0.wp.com\\\/saknews.net\\\/ku\\\/wp-content\\\/uploads\\\/2024\\\/11\\\/Screen-Shot-2024-11-14-at-19.41.51.jpg?fit=670%2C364&ssl=1\",\"contentUrl\":\"https:\\\/\\\/i0.wp.com\\\/saknews.net\\\/ku\\\/wp-content\\\/uploads\\\/2024\\\/11\\\/Screen-Shot-2024-11-14-at-19.41.51.jpg?fit=670%2C364&ssl=1\",\"width\":670,\"height\":364,\"caption\":\"\u062a\u064a\u0627\u0631 \u0627\u0644\u062d\u0631\u064a\u0629 \u0627\u0644\u0643\u0648\u0631\u062f\u0633\u062a\u0627\u0646\u064a\"},{\"@type\":\"BreadcrumbList\",\"@id\":\"https:\\\/\\\/saknews.net\\\/ku\\\/?p=1984#breadcrumb\",\"itemListElement\":[{\"@type\":\"ListItem\",\"position\":1,\"name\":\"\u0627\u0644\u0631\u0626\u064a\u0633\u064a\u0629\",\"item\":\"https:\\\/\\\/saknews.net\\\/ku\\\/\"},{\"@type\":\"ListItem\",\"position\":2,\"name\":\"N\u00fb\u00e7e\",\"item\":\"https:\\\/\\\/saknews.net\\\/ku\\\/?cat=49\"},{\"@type\":\"ListItem\",\"position\":3,\"name\":\"Daxuyan\u00ee\",\"item\":\"https:\\\/\\\/saknews.net\\\/ku\\\/?cat=34\"},{\"@type\":\"ListItem\",\"position\":4,\"name\":\"\u015eAK binp\u00eakirin\u00ean Em\u015fata li gund\u00ea Kaxr\u00ea y\u00ea Efr\u00een\u00ea \u015fermezar dike\"}]},{\"@type\":\"WebSite\",\"@id\":\"https:\\\/\\\/saknews.net\\\/ku\\\/#website\",\"url\":\"https:\\\/\\\/saknews.net\\\/ku\\\/\",\"name\":\"S\u0327epe\u0302la Azadi\u0302 ya Kurdistani\u0302\",\"description\":\"\u062a\u064a\u0627\u0631 \u0627\u0644\u062d\u0631\u064a\u0629 \u0627\u0644\u0643\u0648\u0631\u062f\u0633\u062a\u0627\u0646\u064a \u015eep\u00eala Azad\u00ee ya Kurdistan\u00ee\",\"publisher\":{\"@id\":\"https:\\\/\\\/saknews.net\\\/ku\\\/#organization\"},\"potentialAction\":[{\"@type\":\"SearchAction\",\"target\":{\"@type\":\"EntryPoint\",\"urlTemplate\":\"https:\\\/\\\/saknews.net\\\/ku\\\/?s={search_term_string}\"},\"query-input\":{\"@type\":\"PropertyValueSpecification\",\"valueRequired\":true,\"valueName\":\"search_term_string\"}}],\"inLanguage\":\"en-US\"},{\"@type\":\"Organization\",\"@id\":\"https:\\\/\\\/saknews.net\\\/ku\\\/#organization\",\"name\":\"\u015eep\u00eala Azadiy\u00ea ya Kurdistan\u00ea - \u062a\u064a\u0627\u0631 \u0627\u0644\u062d\u0631\u064a\u0629 \u0627\u0644\u0643\u0648\u0631\u062f\u0633\u062a\u0627\u0646\u064a\",\"url\":\"https:\\\/\\\/saknews.net\\\/ku\\\/\",\"logo\":{\"@type\":\"ImageObject\",\"inLanguage\":\"en-US\",\"@id\":\"https:\\\/\\\/saknews.net\\\/ku\\\/#\\\/schema\\\/logo\\\/image\\\/\",\"url\":\"https:\\\/\\\/i0.wp.com\\\/saknews.net\\\/ku\\\/wp-content\\\/uploads\\\/2024\\\/11\\\/cropped-logo-1.png?fit=512%2C512&ssl=1\",\"contentUrl\":\"https:\\\/\\\/i0.wp.com\\\/saknews.net\\\/ku\\\/wp-content\\\/uploads\\\/2024\\\/11\\\/cropped-logo-1.png?fit=512%2C512&ssl=1\",\"width\":512,\"height\":512,\"caption\":\"\u015eep\u00eala Azadiy\u00ea ya Kurdistan\u00ea - \u062a\u064a\u0627\u0631 \u0627\u0644\u062d\u0631\u064a\u0629 \u0627\u0644\u0643\u0648\u0631\u062f\u0633\u062a\u0627\u0646\u064a\"},\"image\":{\"@id\":\"https:\\\/\\\/saknews.net\\\/ku\\\/#\\\/schema\\\/logo\\\/image\\\/\"},\"sameAs\":[\"https:\\\/\\\/www.facebook.com\\\/Shepel.ewropa\"]},{\"@type\":\"Person\",\"@id\":\"https:\\\/\\\/saknews.net\\\/ku\\\/#\\\/schema\\\/person\\\/72ae32a4041a3817e015b63d8f409058\",\"name\":\"Horan Hem\",\"url\":\"https:\\\/\\\/saknews.net\\\/ku\\\/?author=8\"}]}<\/script>\n<!-- \/ Yoast SEO plugin. -->","yoast_head_json":{"title":"\u015eAK binp\u00eakirin\u00ean Em\u015fata li gund\u00ea Kaxr\u00ea y\u00ea Efr\u00een\u00ea \u015fermezar dike &#8226; \u015eAK","robots":{"index":"index","follow":"follow","max-snippet":"max-snippet:-1","max-image-preview":"max-image-preview:large","max-video-preview":"max-video-preview:-1"},"canonical":"https:\/\/saknews.net\/ku\/?p=1984","og_locale":"en_US","og_type":"article","og_title":"\u015eAK binp\u00eakirin\u00ean Em\u015fata li gund\u00ea Kaxr\u00ea y\u00ea Efr\u00een\u00ea \u015fermezar dike &#8226; \u015eAK","og_description":"\u015eep\u00eala Azad\u00ee ya Kurdistan\u00ee di derbar\u00ean binp\u00eakirin\u00ean daw\u00ee de y\u00ean li gundi Kaxr\u00ea y\u00ea ser...","og_url":"https:\/\/saknews.net\/ku\/?p=1984","og_site_name":"\u015eAK","article_publisher":"https:\/\/www.facebook.com\/Shepel.ewropa","article_published_time":"2024-12-27T18:10:14+00:00","og_image":[{"width":670,"height":364,"url":"https:\/\/saknews.net\/ku\/wp-content\/uploads\/2024\/11\/Screen-Shot-2024-11-14-at-19.41.51.jpg","type":"image\/jpeg"}],"author":"Horan Hem","twitter_card":"summary_large_image","twitter_misc":{"Written by":"Horan Hem","Est. reading time":"2 minutes"},"schema":{"@context":"https:\/\/schema.org","@graph":[{"@type":"Article","@id":"https:\/\/saknews.net\/ku\/?p=1984#article","isPartOf":{"@id":"https:\/\/saknews.net\/ku\/?p=1984"},"author":{"name":"Horan Hem","@id":"https:\/\/saknews.net\/ku\/#\/schema\/person\/72ae32a4041a3817e015b63d8f409058"},"headline":"\u015eAK binp\u00eakirin\u00ean Em\u015fata li gund\u00ea Kaxr\u00ea y\u00ea Efr\u00een\u00ea \u015fermezar dike","datePublished":"2024-12-27T18:10:14+00:00","mainEntityOfPage":{"@id":"https:\/\/saknews.net\/ku\/?p=1984"},"wordCount":477,"publisher":{"@id":"https:\/\/saknews.net\/ku\/#organization"},"image":{"@id":"https:\/\/saknews.net\/ku\/?p=1984#primaryimage"},"thumbnailUrl":"https:\/\/i0.wp.com\/saknews.net\/ku\/wp-content\/uploads\/2024\/11\/Screen-Shot-2024-11-14-at-19.41.51.jpg?fit=670%2C364&ssl=1","articleSection":["Daxuyan\u00ee"],"inLanguage":"en-US"},{"@type":"WebPage","@id":"https:\/\/saknews.net\/ku\/?p=1984","url":"https:\/\/saknews.net\/ku\/?p=1984","name":"\u015eAK binp\u00eakirin\u00ean Em\u015fata li gund\u00ea Kaxr\u00ea y\u00ea Efr\u00een\u00ea \u015fermezar dike &#8226; \u015eAK","isPartOf":{"@id":"https:\/\/saknews.net\/ku\/#website"},"primaryImageOfPage":{"@id":"https:\/\/saknews.net\/ku\/?p=1984#primaryimage"},"image":{"@id":"https:\/\/saknews.net\/ku\/?p=1984#primaryimage"},"thumbnailUrl":"https:\/\/i0.wp.com\/saknews.net\/ku\/wp-content\/uploads\/2024\/11\/Screen-Shot-2024-11-14-at-19.41.51.jpg?fit=670%2C364&ssl=1","datePublished":"2024-12-27T18:10:14+00:00","breadcrumb":{"@id":"https:\/\/saknews.net\/ku\/?p=1984#breadcrumb"},"inLanguage":"en-US","potentialAction":[{"@type":"ReadAction","target":["https:\/\/saknews.net\/ku\/?p=1984"]}]},{"@type":"ImageObject","inLanguage":"en-US","@id":"https:\/\/saknews.net\/ku\/?p=1984#primaryimage","url":"https:\/\/i0.wp.com\/saknews.net\/ku\/wp-content\/uploads\/2024\/11\/Screen-Shot-2024-11-14-at-19.41.51.jpg?fit=670%2C364&ssl=1","contentUrl":"https:\/\/i0.wp.com\/saknews.net\/ku\/wp-content\/uploads\/2024\/11\/Screen-Shot-2024-11-14-at-19.41.51.jpg?fit=670%2C364&ssl=1","width":670,"height":364,"caption":"\u062a\u064a\u0627\u0631 \u0627\u0644\u062d\u0631\u064a\u0629 \u0627\u0644\u0643\u0648\u0631\u062f\u0633\u062a\u0627\u0646\u064a"},{"@type":"BreadcrumbList","@id":"https:\/\/saknews.net\/ku\/?p=1984#breadcrumb","itemListElement":[{"@type":"ListItem","position":1,"name":"\u0627\u0644\u0631\u0626\u064a\u0633\u064a\u0629","item":"https:\/\/saknews.net\/ku\/"},{"@type":"ListItem","position":2,"name":"N\u00fb\u00e7e","item":"https:\/\/saknews.net\/ku\/?cat=49"},{"@type":"ListItem","position":3,"name":"Daxuyan\u00ee","item":"https:\/\/saknews.net\/ku\/?cat=34"},{"@type":"ListItem","position":4,"name":"\u015eAK binp\u00eakirin\u00ean Em\u015fata li gund\u00ea Kaxr\u00ea y\u00ea Efr\u00een\u00ea \u015fermezar dike"}]},{"@type":"WebSite","@id":"https:\/\/saknews.net\/ku\/#website","url":"https:\/\/saknews.net\/ku\/","name":"S\u0327epe\u0302la Azadi\u0302 ya Kurdistani\u0302","description":"\u062a\u064a\u0627\u0631 \u0627\u0644\u062d\u0631\u064a\u0629 \u0627\u0644\u0643\u0648\u0631\u062f\u0633\u062a\u0627\u0646\u064a \u015eep\u00eala Azad\u00ee ya Kurdistan\u00ee","publisher":{"@id":"https:\/\/saknews.net\/ku\/#organization"},"potentialAction":[{"@type":"SearchAction","target":{"@type":"EntryPoint","urlTemplate":"https:\/\/saknews.net\/ku\/?s={search_term_string}"},"query-input":{"@type":"PropertyValueSpecification","valueRequired":true,"valueName":"search_term_string"}}],"inLanguage":"en-US"},{"@type":"Organization","@id":"https:\/\/saknews.net\/ku\/#organization","name":"\u015eep\u00eala Azadiy\u00ea ya Kurdistan\u00ea - \u062a\u064a\u0627\u0631 \u0627\u0644\u062d\u0631\u064a\u0629 \u0627\u0644\u0643\u0648\u0631\u062f\u0633\u062a\u0627\u0646\u064a","url":"https:\/\/saknews.net\/ku\/","logo":{"@type":"ImageObject","inLanguage":"en-US","@id":"https:\/\/saknews.net\/ku\/#\/schema\/logo\/image\/","url":"https:\/\/i0.wp.com\/saknews.net\/ku\/wp-content\/uploads\/2024\/11\/cropped-logo-1.png?fit=512%2C512&ssl=1","contentUrl":"https:\/\/i0.wp.com\/saknews.net\/ku\/wp-content\/uploads\/2024\/11\/cropped-logo-1.png?fit=512%2C512&ssl=1","width":512,"height":512,"caption":"\u015eep\u00eala Azadiy\u00ea ya Kurdistan\u00ea - \u062a\u064a\u0627\u0631 \u0627\u0644\u062d\u0631\u064a\u0629 \u0627\u0644\u0643\u0648\u0631\u062f\u0633\u062a\u0627\u0646\u064a"},"image":{"@id":"https:\/\/saknews.net\/ku\/#\/schema\/logo\/image\/"},"sameAs":["https:\/\/www.facebook.com\/Shepel.ewropa"]},{"@type":"Person","@id":"https:\/\/saknews.net\/ku\/#\/schema\/person\/72ae32a4041a3817e015b63d8f409058","name":"Horan Hem","url":"https:\/\/saknews.net\/ku\/?author=8"}]}},"featured_image_urls":{"full":["https:\/\/i0.wp.com\/saknews.net\/ku\/wp-content\/uploads\/2024\/11\/Screen-Shot-2024-11-14-at-19.41.51.jpg?fit=670%2C364&ssl=1",670,364,false],"thumbnail":["https:\/\/i0.wp.com\/saknews.net\/ku\/wp-content\/uploads\/2024\/11\/Screen-Shot-2024-11-14-at-19.41.51.jpg?resize=150%2C150&ssl=1",150,150,true],"medium":["https:\/\/i0.wp.com\/saknews.net\/ku\/wp-content\/uploads\/2024\/11\/Screen-Shot-2024-11-14-at-19.41.51.jpg?fit=300%2C163&ssl=1",300,163,true],"medium_large":["https:\/\/i0.wp.com\/saknews.net\/ku\/wp-content\/uploads\/2024\/11\/Screen-Shot-2024-11-14-at-19.41.51.jpg?fit=640%2C348&ssl=1",640,348,true],"large":["https:\/\/i0.wp.com\/saknews.net\/ku\/wp-content\/uploads\/2024\/11\/Screen-Shot-2024-11-14-at-19.41.51.jpg?fit=640%2C348&ssl=1",640,348,true],"1536x1536":["https:\/\/i0.wp.com\/saknews.net\/ku\/wp-content\/uploads\/2024\/11\/Screen-Shot-2024-11-14-at-19.41.51.jpg?fit=670%2C364&ssl=1",670,364,true],"2048x2048":["https:\/\/i0.wp.com\/saknews.net\/ku\/wp-content\/uploads\/2024\/11\/Screen-Shot-2024-11-14-at-19.41.51.jpg?fit=670%2C364&ssl=1",670,364,true],"covernews-featured":["https:\/\/i0.wp.com\/saknews.net\/ku\/wp-content\/uploads\/2024\/11\/Screen-Shot-2024-11-14-at-19.41.51.jpg?fit=670%2C364&ssl=1",670,364,true],"covernews-medium":["https:\/\/i0.wp.com\/saknews.net\/ku\/wp-content\/uploads\/2024\/11\/Screen-Shot-2024-11-14-at-19.41.51.jpg?resize=540%2C340&ssl=1",540,340,true]},"author_info":{"display_name":"Horan Hem","author_link":"https:\/\/saknews.net\/ku\/?author=8"},"category_info":"<a href=\"https:\/\/saknews.net\/ku\/?cat=34\" rel=\"category\">Daxuyan\u00ee<\/a>","tag_info":"Daxuyan\u00ee","comment_count":"0","_links":{"self":[{"href":"https:\/\/saknews.net\/ku\/index.php?rest_route=\/wp\/v2\/posts\/1984","targetHints":{"allow":["GET"]}}],"collection":[{"href":"https:\/\/saknews.net\/ku\/index.php?rest_route=\/wp\/v2\/posts"}],"about":[{"href":"https:\/\/saknews.net\/ku\/index.php?rest_route=\/wp\/v2\/types\/post"}],"author":[{"embeddable":true,"href":"https:\/\/saknews.net\/ku\/index.php?rest_route=\/wp\/v2\/users\/8"}],"replies":[{"embeddable":true,"href":"https:\/\/saknews.net\/ku\/index.php?rest_route=%2Fwp%2Fv2%2Fcomments&post=1984"}],"version-history":[{"count":1,"href":"https:\/\/saknews.net\/ku\/index.php?rest_route=\/wp\/v2\/posts\/1984\/revisions"}],"predecessor-version":[{"id":1985,"href":"https:\/\/saknews.net\/ku\/index.php?rest_route=\/wp\/v2\/posts\/1984\/revisions\/1985"}],"wp:featuredmedia":[{"embeddable":true,"href":"https:\/\/saknews.net\/ku\/index.php?rest_route=\/wp\/v2\/media\/1297"}],"wp:attachment":[{"href":"https:\/\/saknews.net\/ku\/index.php?rest_route=%2Fwp%2Fv2%2Fmedia&parent=1984"}],"wp:term":[{"taxonomy":"category","embeddable":true,"href":"https:\/\/saknews.net\/ku\/index.php?rest_route=%2Fwp%2Fv2%2Fcategories&post=1984"},{"taxonomy":"post_tag","embeddable":true,"href":"https:\/\/saknews.net\/ku\/index.php?rest_route=%2Fwp%2Fv2%2Ftags&post=1984"}],"curies":[{"name":"wp","href":"https:\/\/api.w.org\/{rel}","templated":true}]}}