{"id":1992,"date":"2024-12-30T15:38:33","date_gmt":"2024-12-30T15:38:33","guid":{"rendered":"https:\/\/saknews.net\/ku\/?p=1992"},"modified":"2024-12-30T16:19:48","modified_gmt":"2024-12-30T16:19:48","slug":"hebes-nave-devera-me-kurdistana-suriye-ye-ne-bakure-rojhilate-suriye","status":"publish","type":"post","link":"https:\/\/saknews.net\/ku\/?p=1992","title":{"rendered":"Hebe\u015f: Kurdistana S\u00fbriy\u00ea ye ne bakur\u00ea rojhilat\u00ea S\u00fbriy\u00ea"},"content":{"rendered":"<p>Ferhad Hebe\u015f, Serok\u00ea Navenda Re\u015f\u00eed Hemo duh roja yek\u015fem\u00ea di 29.12.2024an de di bernameya Ligel Renc de a R\u00fbdaw di derbar\u00ea rew\u015fa Kurdistana S\u00fbriy\u00ea \u00fb daxwaz\u00ean rewa ye gel\u00ea Kurdistana S\u00fbriy\u00ea de axiv\u00ee. Hebe\u015f di gotina xwe de tekez kir div\u00ea nav\u00ea &#8220;Kurdistana S\u00fbriy\u00ea&#8221; b\u00ea bikaran\u00een ne bakur\u00ea rojhilat\u00ea S\u00fbriy\u00ea, herwiha di derbar\u00ea s\u00eestema siyas\u00ee ya n\u00fb ji bo S\u00fbriya n\u00fb Hebe\u015f tekez kir, ku div\u00ea s\u00eestemeke siyas\u00ee li ser bingeha federal b\u00ea avakirin. Hebe\u015f diyar kir, ENKS \u00fb MSD berevaniy\u00ea li ber v\u00ea daxwaz\u00ea nakin \u00fb div\u00ea bi zelal\u00ee b\u00eajin ew daxwaza s\u00eestemeke nenavend\u00ee li ser bingeha federal bi opozisyon\u00ea re bikin.<br \/>\nDi derbar\u00ea avakirina hukimeta demk\u00ee de ku ji aliy\u00ea Desteya Tehr\u00eer \u015eam HTS ve hatiye avakirin, Hebe\u015f da zan\u00een ku eger heye ew ti\u015ft\u00ean bi ser\u00ea \u00cexwan Muslim\u00een pi\u015ft\u00ee wergirtina desthelat\u00ea hatiye, bi ser\u00ea HTS li S\u00fbriy\u00ea j\u00ee dubare bibe, \u00fb got HTS hik\u00fbmeteke tek reng\u00ee avakiriye.<\/p>\n<p style=\"text-align: left;\">Navenda Re\u015f\u00eed Hemo ya \u00e7and\u00ee be\u015fek e ji r\u00eaxistin\u00ean civaka s\u00eev\u00eel y\u00ea ku di Ber\u00ea Kurdistana S\u00fbriy\u00ea de cih digire.<\/p>\n<p>Tevahiya gotina Ferhad Hebe\u015f h\u00fbn dikarin li v\u00ea der\u00ea tema\u015fe bikin:<br \/>\n<div style=\"width: 640px;\" class=\"wp-video\"><!--[if lt IE 9]><script>document.createElement('video');<\/script><![endif]-->\n<video class=\"wp-video-shortcode\" id=\"video-1992-1\" width=\"640\" height=\"362\" preload=\"metadata\" controls=\"controls\"><source type=\"video\/mp4\" src=\"https:\/\/saknews.net\/ku\/wp-content\/uploads\/2024\/12\/VID-20241230-WA0004_1.mp4?_=1\" \/><a href=\"https:\/\/saknews.net\/ku\/wp-content\/uploads\/2024\/12\/VID-20241230-WA0004_1.mp4\">https:\/\/saknews.net\/ku\/wp-content\/uploads\/2024\/12\/VID-20241230-WA0004_1.mp4<\/a><\/video><\/div><\/p>\n","protected":false},"excerpt":{"rendered":"<p>Ferhad Hebe\u015f, Serok\u00ea Navenda Re\u015f\u00eed Hemo duh roja yek\u015fem\u00ea di 29.12.2024an de di bernameya Ligel&#8230;<\/p>\n","protected":false},"author":8,"featured_media":1993,"comment_status":"closed","ping_status":"closed","sticky":false,"template":"","format":"standard","meta":{"footnotes":""},"categories":[49],"tags":[],"class_list":["post-1992","post","type-post","status-publish","format-standard","has-post-thumbnail","hentry","category-nuce"],"yoast_head":"<!-- This site is optimized with the Yoast SEO plugin v27.5 - https:\/\/yoast.com\/product\/yoast-seo-wordpress\/ -->\n<title>Hebe\u015f: Kurdistana S\u00fbriy\u00ea ye ne bakur\u00ea rojhilat\u00ea S\u00fbriy\u00ea &#8226; \u015eAK<\/title>\n<meta name=\"robots\" content=\"index, follow, max-snippet:-1, max-image-preview:large, max-video-preview:-1\" \/>\n<link rel=\"canonical\" href=\"https:\/\/saknews.net\/ku\/?p=1992\" \/>\n<meta property=\"og:locale\" content=\"en_US\" \/>\n<meta property=\"og:type\" content=\"article\" \/>\n<meta property=\"og:title\" content=\"Hebe\u015f: Kurdistana S\u00fbriy\u00ea ye ne bakur\u00ea rojhilat\u00ea S\u00fbriy\u00ea &#8226; \u015eAK\" \/>\n<meta property=\"og:description\" content=\"Ferhad Hebe\u015f, Serok\u00ea Navenda Re\u015f\u00eed Hemo duh roja yek\u015fem\u00ea di 29.12.2024an de di bernameya Ligel...\" \/>\n<meta property=\"og:url\" content=\"https:\/\/saknews.net\/ku\/?p=1992\" \/>\n<meta property=\"og:site_name\" content=\"\u015eAK\" \/>\n<meta property=\"article:publisher\" content=\"https:\/\/www.facebook.com\/Shepel.ewropa\" \/>\n<meta property=\"article:published_time\" content=\"2024-12-30T15:38:33+00:00\" \/>\n<meta property=\"article:modified_time\" content=\"2024-12-30T16:19:48+00:00\" \/>\n<meta property=\"og:image\" content=\"https:\/\/saknews.net\/ku\/wp-content\/uploads\/2024\/12\/Screenshot_20241230_163511_Gallery.jpg\" \/>\n\t<meta property=\"og:image:width\" content=\"1893\" \/>\n\t<meta property=\"og:image:height\" content=\"1019\" \/>\n\t<meta property=\"og:image:type\" content=\"image\/jpeg\" \/>\n<meta name=\"author\" content=\"Horan Hem\" \/>\n<meta name=\"twitter:card\" content=\"summary_large_image\" \/>\n<meta name=\"twitter:label1\" content=\"Written by\" \/>\n\t<meta name=\"twitter:data1\" content=\"Horan Hem\" \/>\n\t<meta name=\"twitter:label2\" content=\"Est. reading time\" \/>\n\t<meta name=\"twitter:data2\" content=\"2 minutes\" \/>\n<script type=\"application\/ld+json\" class=\"yoast-schema-graph\">{\"@context\":\"https:\\\/\\\/schema.org\",\"@graph\":[{\"@type\":\"Article\",\"@id\":\"https:\\\/\\\/saknews.net\\\/ku\\\/?p=1992#article\",\"isPartOf\":{\"@id\":\"https:\\\/\\\/saknews.net\\\/ku\\\/?p=1992\"},\"author\":{\"name\":\"Horan Hem\",\"@id\":\"https:\\\/\\\/saknews.net\\\/ku\\\/#\\\/schema\\\/person\\\/72ae32a4041a3817e015b63d8f409058\"},\"headline\":\"Hebe\u015f: Kurdistana S\u00fbriy\u00ea ye ne bakur\u00ea rojhilat\u00ea S\u00fbriy\u00ea\",\"datePublished\":\"2024-12-30T15:38:33+00:00\",\"dateModified\":\"2024-12-30T16:19:48+00:00\",\"mainEntityOfPage\":{\"@id\":\"https:\\\/\\\/saknews.net\\\/ku\\\/?p=1992\"},\"wordCount\":233,\"publisher\":{\"@id\":\"https:\\\/\\\/saknews.net\\\/ku\\\/#organization\"},\"image\":{\"@id\":\"https:\\\/\\\/saknews.net\\\/ku\\\/?p=1992#primaryimage\"},\"thumbnailUrl\":\"https:\\\/\\\/i0.wp.com\\\/saknews.net\\\/ku\\\/wp-content\\\/uploads\\\/2024\\\/12\\\/Screenshot_20241230_163511_Gallery.jpg?fit=1893%2C1019&ssl=1\",\"articleSection\":[\"N\u00fb\u00e7e\"],\"inLanguage\":\"en-US\"},{\"@type\":\"WebPage\",\"@id\":\"https:\\\/\\\/saknews.net\\\/ku\\\/?p=1992\",\"url\":\"https:\\\/\\\/saknews.net\\\/ku\\\/?p=1992\",\"name\":\"Hebe\u015f: Kurdistana S\u00fbriy\u00ea ye ne bakur\u00ea rojhilat\u00ea S\u00fbriy\u00ea &#8226; \u015eAK\",\"isPartOf\":{\"@id\":\"https:\\\/\\\/saknews.net\\\/ku\\\/#website\"},\"primaryImageOfPage\":{\"@id\":\"https:\\\/\\\/saknews.net\\\/ku\\\/?p=1992#primaryimage\"},\"image\":{\"@id\":\"https:\\\/\\\/saknews.net\\\/ku\\\/?p=1992#primaryimage\"},\"thumbnailUrl\":\"https:\\\/\\\/i0.wp.com\\\/saknews.net\\\/ku\\\/wp-content\\\/uploads\\\/2024\\\/12\\\/Screenshot_20241230_163511_Gallery.jpg?fit=1893%2C1019&ssl=1\",\"datePublished\":\"2024-12-30T15:38:33+00:00\",\"dateModified\":\"2024-12-30T16:19:48+00:00\",\"breadcrumb\":{\"@id\":\"https:\\\/\\\/saknews.net\\\/ku\\\/?p=1992#breadcrumb\"},\"inLanguage\":\"en-US\",\"potentialAction\":[{\"@type\":\"ReadAction\",\"target\":[\"https:\\\/\\\/saknews.net\\\/ku\\\/?p=1992\"]}]},{\"@type\":\"ImageObject\",\"inLanguage\":\"en-US\",\"@id\":\"https:\\\/\\\/saknews.net\\\/ku\\\/?p=1992#primaryimage\",\"url\":\"https:\\\/\\\/i0.wp.com\\\/saknews.net\\\/ku\\\/wp-content\\\/uploads\\\/2024\\\/12\\\/Screenshot_20241230_163511_Gallery.jpg?fit=1893%2C1019&ssl=1\",\"contentUrl\":\"https:\\\/\\\/i0.wp.com\\\/saknews.net\\\/ku\\\/wp-content\\\/uploads\\\/2024\\\/12\\\/Screenshot_20241230_163511_Gallery.jpg?fit=1893%2C1019&ssl=1\",\"width\":1893,\"height\":1019},{\"@type\":\"BreadcrumbList\",\"@id\":\"https:\\\/\\\/saknews.net\\\/ku\\\/?p=1992#breadcrumb\",\"itemListElement\":[{\"@type\":\"ListItem\",\"position\":1,\"name\":\"\u0627\u0644\u0631\u0626\u064a\u0633\u064a\u0629\",\"item\":\"https:\\\/\\\/saknews.net\\\/ku\\\/\"},{\"@type\":\"ListItem\",\"position\":2,\"name\":\"N\u00fb\u00e7e\",\"item\":\"https:\\\/\\\/saknews.net\\\/ku\\\/?cat=49\"},{\"@type\":\"ListItem\",\"position\":3,\"name\":\"Hebe\u015f: Kurdistana S\u00fbriy\u00ea ye ne bakur\u00ea rojhilat\u00ea S\u00fbriy\u00ea\"}]},{\"@type\":\"WebSite\",\"@id\":\"https:\\\/\\\/saknews.net\\\/ku\\\/#website\",\"url\":\"https:\\\/\\\/saknews.net\\\/ku\\\/\",\"name\":\"S\u0327epe\u0302la Azadi\u0302 ya Kurdistani\u0302\",\"description\":\"\u062a\u064a\u0627\u0631 \u0627\u0644\u062d\u0631\u064a\u0629 \u0627\u0644\u0643\u0648\u0631\u062f\u0633\u062a\u0627\u0646\u064a \u015eep\u00eala Azad\u00ee ya Kurdistan\u00ee\",\"publisher\":{\"@id\":\"https:\\\/\\\/saknews.net\\\/ku\\\/#organization\"},\"potentialAction\":[{\"@type\":\"SearchAction\",\"target\":{\"@type\":\"EntryPoint\",\"urlTemplate\":\"https:\\\/\\\/saknews.net\\\/ku\\\/?s={search_term_string}\"},\"query-input\":{\"@type\":\"PropertyValueSpecification\",\"valueRequired\":true,\"valueName\":\"search_term_string\"}}],\"inLanguage\":\"en-US\"},{\"@type\":\"Organization\",\"@id\":\"https:\\\/\\\/saknews.net\\\/ku\\\/#organization\",\"name\":\"\u015eep\u00eala Azadiy\u00ea ya Kurdistan\u00ea - \u062a\u064a\u0627\u0631 \u0627\u0644\u062d\u0631\u064a\u0629 \u0627\u0644\u0643\u0648\u0631\u062f\u0633\u062a\u0627\u0646\u064a\",\"url\":\"https:\\\/\\\/saknews.net\\\/ku\\\/\",\"logo\":{\"@type\":\"ImageObject\",\"inLanguage\":\"en-US\",\"@id\":\"https:\\\/\\\/saknews.net\\\/ku\\\/#\\\/schema\\\/logo\\\/image\\\/\",\"url\":\"https:\\\/\\\/i0.wp.com\\\/saknews.net\\\/ku\\\/wp-content\\\/uploads\\\/2024\\\/11\\\/cropped-logo-1.png?fit=512%2C512&ssl=1\",\"contentUrl\":\"https:\\\/\\\/i0.wp.com\\\/saknews.net\\\/ku\\\/wp-content\\\/uploads\\\/2024\\\/11\\\/cropped-logo-1.png?fit=512%2C512&ssl=1\",\"width\":512,\"height\":512,\"caption\":\"\u015eep\u00eala Azadiy\u00ea ya Kurdistan\u00ea - \u062a\u064a\u0627\u0631 \u0627\u0644\u062d\u0631\u064a\u0629 \u0627\u0644\u0643\u0648\u0631\u062f\u0633\u062a\u0627\u0646\u064a\"},\"image\":{\"@id\":\"https:\\\/\\\/saknews.net\\\/ku\\\/#\\\/schema\\\/logo\\\/image\\\/\"},\"sameAs\":[\"https:\\\/\\\/www.facebook.com\\\/Shepel.ewropa\"]},{\"@type\":\"Person\",\"@id\":\"https:\\\/\\\/saknews.net\\\/ku\\\/#\\\/schema\\\/person\\\/72ae32a4041a3817e015b63d8f409058\",\"name\":\"Horan Hem\",\"url\":\"https:\\\/\\\/saknews.net\\\/ku\\\/?author=8\"}]}<\/script>\n<!-- \/ Yoast SEO plugin. -->","yoast_head_json":{"title":"Hebe\u015f: Kurdistana S\u00fbriy\u00ea ye ne bakur\u00ea rojhilat\u00ea S\u00fbriy\u00ea &#8226; \u015eAK","robots":{"index":"index","follow":"follow","max-snippet":"max-snippet:-1","max-image-preview":"max-image-preview:large","max-video-preview":"max-video-preview:-1"},"canonical":"https:\/\/saknews.net\/ku\/?p=1992","og_locale":"en_US","og_type":"article","og_title":"Hebe\u015f: Kurdistana S\u00fbriy\u00ea ye ne bakur\u00ea rojhilat\u00ea S\u00fbriy\u00ea &#8226; \u015eAK","og_description":"Ferhad Hebe\u015f, Serok\u00ea Navenda Re\u015f\u00eed Hemo duh roja yek\u015fem\u00ea di 29.12.2024an de di bernameya Ligel...","og_url":"https:\/\/saknews.net\/ku\/?p=1992","og_site_name":"\u015eAK","article_publisher":"https:\/\/www.facebook.com\/Shepel.ewropa","article_published_time":"2024-12-30T15:38:33+00:00","article_modified_time":"2024-12-30T16:19:48+00:00","og_image":[{"width":1893,"height":1019,"url":"https:\/\/saknews.net\/ku\/wp-content\/uploads\/2024\/12\/Screenshot_20241230_163511_Gallery.jpg","type":"image\/jpeg"}],"author":"Horan Hem","twitter_card":"summary_large_image","twitter_misc":{"Written by":"Horan Hem","Est. reading time":"2 minutes"},"schema":{"@context":"https:\/\/schema.org","@graph":[{"@type":"Article","@id":"https:\/\/saknews.net\/ku\/?p=1992#article","isPartOf":{"@id":"https:\/\/saknews.net\/ku\/?p=1992"},"author":{"name":"Horan Hem","@id":"https:\/\/saknews.net\/ku\/#\/schema\/person\/72ae32a4041a3817e015b63d8f409058"},"headline":"Hebe\u015f: Kurdistana S\u00fbriy\u00ea ye ne bakur\u00ea rojhilat\u00ea S\u00fbriy\u00ea","datePublished":"2024-12-30T15:38:33+00:00","dateModified":"2024-12-30T16:19:48+00:00","mainEntityOfPage":{"@id":"https:\/\/saknews.net\/ku\/?p=1992"},"wordCount":233,"publisher":{"@id":"https:\/\/saknews.net\/ku\/#organization"},"image":{"@id":"https:\/\/saknews.net\/ku\/?p=1992#primaryimage"},"thumbnailUrl":"https:\/\/i0.wp.com\/saknews.net\/ku\/wp-content\/uploads\/2024\/12\/Screenshot_20241230_163511_Gallery.jpg?fit=1893%2C1019&ssl=1","articleSection":["N\u00fb\u00e7e"],"inLanguage":"en-US"},{"@type":"WebPage","@id":"https:\/\/saknews.net\/ku\/?p=1992","url":"https:\/\/saknews.net\/ku\/?p=1992","name":"Hebe\u015f: Kurdistana S\u00fbriy\u00ea ye ne bakur\u00ea rojhilat\u00ea S\u00fbriy\u00ea &#8226; \u015eAK","isPartOf":{"@id":"https:\/\/saknews.net\/ku\/#website"},"primaryImageOfPage":{"@id":"https:\/\/saknews.net\/ku\/?p=1992#primaryimage"},"image":{"@id":"https:\/\/saknews.net\/ku\/?p=1992#primaryimage"},"thumbnailUrl":"https:\/\/i0.wp.com\/saknews.net\/ku\/wp-content\/uploads\/2024\/12\/Screenshot_20241230_163511_Gallery.jpg?fit=1893%2C1019&ssl=1","datePublished":"2024-12-30T15:38:33+00:00","dateModified":"2024-12-30T16:19:48+00:00","breadcrumb":{"@id":"https:\/\/saknews.net\/ku\/?p=1992#breadcrumb"},"inLanguage":"en-US","potentialAction":[{"@type":"ReadAction","target":["https:\/\/saknews.net\/ku\/?p=1992"]}]},{"@type":"ImageObject","inLanguage":"en-US","@id":"https:\/\/saknews.net\/ku\/?p=1992#primaryimage","url":"https:\/\/i0.wp.com\/saknews.net\/ku\/wp-content\/uploads\/2024\/12\/Screenshot_20241230_163511_Gallery.jpg?fit=1893%2C1019&ssl=1","contentUrl":"https:\/\/i0.wp.com\/saknews.net\/ku\/wp-content\/uploads\/2024\/12\/Screenshot_20241230_163511_Gallery.jpg?fit=1893%2C1019&ssl=1","width":1893,"height":1019},{"@type":"BreadcrumbList","@id":"https:\/\/saknews.net\/ku\/?p=1992#breadcrumb","itemListElement":[{"@type":"ListItem","position":1,"name":"\u0627\u0644\u0631\u0626\u064a\u0633\u064a\u0629","item":"https:\/\/saknews.net\/ku\/"},{"@type":"ListItem","position":2,"name":"N\u00fb\u00e7e","item":"https:\/\/saknews.net\/ku\/?cat=49"},{"@type":"ListItem","position":3,"name":"Hebe\u015f: Kurdistana S\u00fbriy\u00ea ye ne bakur\u00ea rojhilat\u00ea S\u00fbriy\u00ea"}]},{"@type":"WebSite","@id":"https:\/\/saknews.net\/ku\/#website","url":"https:\/\/saknews.net\/ku\/","name":"S\u0327epe\u0302la Azadi\u0302 ya Kurdistani\u0302","description":"\u062a\u064a\u0627\u0631 \u0627\u0644\u062d\u0631\u064a\u0629 \u0627\u0644\u0643\u0648\u0631\u062f\u0633\u062a\u0627\u0646\u064a \u015eep\u00eala Azad\u00ee ya Kurdistan\u00ee","publisher":{"@id":"https:\/\/saknews.net\/ku\/#organization"},"potentialAction":[{"@type":"SearchAction","target":{"@type":"EntryPoint","urlTemplate":"https:\/\/saknews.net\/ku\/?s={search_term_string}"},"query-input":{"@type":"PropertyValueSpecification","valueRequired":true,"valueName":"search_term_string"}}],"inLanguage":"en-US"},{"@type":"Organization","@id":"https:\/\/saknews.net\/ku\/#organization","name":"\u015eep\u00eala Azadiy\u00ea ya Kurdistan\u00ea - \u062a\u064a\u0627\u0631 \u0627\u0644\u062d\u0631\u064a\u0629 \u0627\u0644\u0643\u0648\u0631\u062f\u0633\u062a\u0627\u0646\u064a","url":"https:\/\/saknews.net\/ku\/","logo":{"@type":"ImageObject","inLanguage":"en-US","@id":"https:\/\/saknews.net\/ku\/#\/schema\/logo\/image\/","url":"https:\/\/i0.wp.com\/saknews.net\/ku\/wp-content\/uploads\/2024\/11\/cropped-logo-1.png?fit=512%2C512&ssl=1","contentUrl":"https:\/\/i0.wp.com\/saknews.net\/ku\/wp-content\/uploads\/2024\/11\/cropped-logo-1.png?fit=512%2C512&ssl=1","width":512,"height":512,"caption":"\u015eep\u00eala Azadiy\u00ea ya Kurdistan\u00ea - \u062a\u064a\u0627\u0631 \u0627\u0644\u062d\u0631\u064a\u0629 \u0627\u0644\u0643\u0648\u0631\u062f\u0633\u062a\u0627\u0646\u064a"},"image":{"@id":"https:\/\/saknews.net\/ku\/#\/schema\/logo\/image\/"},"sameAs":["https:\/\/www.facebook.com\/Shepel.ewropa"]},{"@type":"Person","@id":"https:\/\/saknews.net\/ku\/#\/schema\/person\/72ae32a4041a3817e015b63d8f409058","name":"Horan Hem","url":"https:\/\/saknews.net\/ku\/?author=8"}]}},"featured_image_urls":{"full":["https:\/\/i0.wp.com\/saknews.net\/ku\/wp-content\/uploads\/2024\/12\/Screenshot_20241230_163511_Gallery.jpg?fit=1893%2C1019&ssl=1",1893,1019,false],"thumbnail":["https:\/\/i0.wp.com\/saknews.net\/ku\/wp-content\/uploads\/2024\/12\/Screenshot_20241230_163511_Gallery.jpg?resize=150%2C150&ssl=1",150,150,true],"medium":["https:\/\/i0.wp.com\/saknews.net\/ku\/wp-content\/uploads\/2024\/12\/Screenshot_20241230_163511_Gallery.jpg?fit=300%2C161&ssl=1",300,161,true],"medium_large":["https:\/\/i0.wp.com\/saknews.net\/ku\/wp-content\/uploads\/2024\/12\/Screenshot_20241230_163511_Gallery.jpg?fit=640%2C344&ssl=1",640,344,true],"large":["https:\/\/i0.wp.com\/saknews.net\/ku\/wp-content\/uploads\/2024\/12\/Screenshot_20241230_163511_Gallery.jpg?fit=640%2C344&ssl=1",640,344,true],"1536x1536":["https:\/\/i0.wp.com\/saknews.net\/ku\/wp-content\/uploads\/2024\/12\/Screenshot_20241230_163511_Gallery.jpg?fit=1536%2C827&ssl=1",1536,827,true],"2048x2048":["https:\/\/i0.wp.com\/saknews.net\/ku\/wp-content\/uploads\/2024\/12\/Screenshot_20241230_163511_Gallery.jpg?fit=1893%2C1019&ssl=1",1893,1019,true],"covernews-featured":["https:\/\/i0.wp.com\/saknews.net\/ku\/wp-content\/uploads\/2024\/12\/Screenshot_20241230_163511_Gallery.jpg?fit=1024%2C551&ssl=1",1024,551,true],"covernews-medium":["https:\/\/i0.wp.com\/saknews.net\/ku\/wp-content\/uploads\/2024\/12\/Screenshot_20241230_163511_Gallery.jpg?resize=540%2C340&ssl=1",540,340,true]},"author_info":{"display_name":"Horan Hem","author_link":"https:\/\/saknews.net\/ku\/?author=8"},"category_info":"<a href=\"https:\/\/saknews.net\/ku\/?cat=49\" rel=\"category\">N\u00fb\u00e7e<\/a>","tag_info":"N\u00fb\u00e7e","comment_count":"0","_links":{"self":[{"href":"https:\/\/saknews.net\/ku\/index.php?rest_route=\/wp\/v2\/posts\/1992","targetHints":{"allow":["GET"]}}],"collection":[{"href":"https:\/\/saknews.net\/ku\/index.php?rest_route=\/wp\/v2\/posts"}],"about":[{"href":"https:\/\/saknews.net\/ku\/index.php?rest_route=\/wp\/v2\/types\/post"}],"author":[{"embeddable":true,"href":"https:\/\/saknews.net\/ku\/index.php?rest_route=\/wp\/v2\/users\/8"}],"replies":[{"embeddable":true,"href":"https:\/\/saknews.net\/ku\/index.php?rest_route=%2Fwp%2Fv2%2Fcomments&post=1992"}],"version-history":[{"count":6,"href":"https:\/\/saknews.net\/ku\/index.php?rest_route=\/wp\/v2\/posts\/1992\/revisions"}],"predecessor-version":[{"id":2000,"href":"https:\/\/saknews.net\/ku\/index.php?rest_route=\/wp\/v2\/posts\/1992\/revisions\/2000"}],"wp:featuredmedia":[{"embeddable":true,"href":"https:\/\/saknews.net\/ku\/index.php?rest_route=\/wp\/v2\/media\/1993"}],"wp:attachment":[{"href":"https:\/\/saknews.net\/ku\/index.php?rest_route=%2Fwp%2Fv2%2Fmedia&parent=1992"}],"wp:term":[{"taxonomy":"category","embeddable":true,"href":"https:\/\/saknews.net\/ku\/index.php?rest_route=%2Fwp%2Fv2%2Fcategories&post=1992"},{"taxonomy":"post_tag","embeddable":true,"href":"https:\/\/saknews.net\/ku\/index.php?rest_route=%2Fwp%2Fv2%2Ftags&post=1992"}],"curies":[{"name":"wp","href":"https:\/\/api.w.org\/{rel}","templated":true}]}}