{"id":2010,"date":"2025-01-10T19:02:26","date_gmt":"2025-01-10T19:02:26","guid":{"rendered":"https:\/\/saknews.net\/ku\/?p=2010"},"modified":"2025-01-10T19:08:33","modified_gmt":"2025-01-10T19:08:33","slug":"haco-ji-bo-pyde-u-qsde-li-xwe-vegerin-u-bila-kurd-bibin-yek","status":"publish","type":"post","link":"https:\/\/saknews.net\/ku\/?p=2010","title":{"rendered":"Haco ji bo PYD\u00ea \u00fb QSD\u00ea: Li xwe vegerin \u00fb bila kurd bibin yek"},"content":{"rendered":"<p>Serok\u00ea Of\u00eesa peywendiy\u00ean derve ya Ber\u00ea Kurdistana S\u00fbriy\u00ea \u00fb Serok\u00ea \u015eep\u00eala Azad\u00ee ya Kurdistan\u00ee, Siyamend Haco, di hevd\u00eetineke xwe de bi Kurdistan24 re behsa sedem\u00ean hatina \u015fanda Of\u00eesa peywendiy\u00ean derve ya Ber\u00ea Kurdistana S\u00fbriy\u00ea ji bo \u015eam\u00ea kir. Haco diyar kir, ku gelek\u00ee diplomat\u00ean biyan\u00ee niha li \u015eam\u00ea hene \u00fb div\u00ea kurd dan\u00fbstandinan bi wan re bikin \u00fb daxwaz\u00ean xwe bigih\u00eenin wan, \u00fb got ji ber v\u00ea heb\u00fbna Kurdan niha li \u015eam\u00ea gelek\u00ee gir\u00eeng e.<\/p>\n<p>Her di derbar\u00ea r\u00eaveberiya PYD\u00ea j\u00ee, Haco got heta niha wan ti daxwaz\u00ean xwe di derbar\u00ea gel\u00ea kurd de nean\u00eene ziman \u00fb ew ten\u00ea dib\u00eajin ku ew s\u00fbr\u00ee ne \u00fb xwe weke h\u00eazeke kurd xuya nakin \u00fb nehatine ji bo berevaniya li ber Kurdistana S\u00fbriy\u00ea \u00fb kurdan de bikin, li gor\u00ee ku berpirs\u00ean PYD\u00ea \u00ea QSD\u00ea t\u00eenin ziman.<br \/>\nHerwiha Haco bang li PYD\u00ea \u00fb QSD\u00ea kir li xwe vegerin, ji ber ku p\u00ea\u015feroja wan bi daxwaz\u00ean Kurdan ve gir\u00eaday\u00ee ye, herwiha got eger kurd nebin yek dibe ku ev desthelata n\u00fb xwe xurt bike \u00fb ber\u00ea xwe bide dever\u00ean Kurdan \u00fb \u015ferek\u00ee bike, \u00fb got ev j\u00ee gelek\u00ee metirs\u00eedar e. Haco tekez kir niha pi\u015ftgiriyeke navdewlet\u00ee ji bo Kurdan li S\u00fbriy\u00ea heye \u00fb div\u00ea kurd w\u00ea derfet\u00ea bikar b\u00eenin \u00fb bi \u015fandeke yekgirt\u00ee werin \u015eam\u00ea .<\/p>\n<p>Haco tekez kir, ku heta niha ev desthelata n\u00fb li \u015eam\u00ea ti\u015ftek\u00ee zelal derbar\u00ea kurdan de diyar nekiriye, l\u00ea bel\u00ea berevaj\u00ee w\u00ea hinek kes\u00ean n\u00eaz\u00eek\u00ee Colan\u00ee helwest\u00ean wan gelek\u00ee metirs\u00eedar in di derbar\u00ea kurdan de. Herwiha Haco got, eger di dema niha de heta van \u00e7end heyv\u00ean b\u00ea em weke kurd ti\u015ftek\u00ee nekin, dibe ku maf\u00ea ziman\u00ee j\u00ee nedin kurdan. Haco tekez kir, ku ew desthelata n\u00fb lawaz e \u00fb eger sibe xurt bibe j\u00ee, w\u00ea ji bo Kurdan h\u00een zehmetir bibe daxwaz\u00ean xwe bi cih b\u00eenin, ji ber v\u00ea j\u00ee gir\u00eeng e hem\u00fb partiy\u00ean siyas\u00ee y\u00ean kurd lihev werin \u00fb daxwaz\u00ean wan \u00ean hevbe\u015f hebin, ku karibin \u015fandeke hevbe\u015f \u00e7\u00eabikin \u00fb bi\u015f\u00eenin \u015eam\u00ea dan\u00fbstandinan bikin.<br \/>\nSerok\u00ea Of\u00eesa peywendiy\u00ean derve ya Ber\u00ea Kurdistana, tekez kir, ku eger kurd nebin yek, w\u00ea helwesta desthelata n\u00fb weke ya Be&#8217;is be, l\u00ea bi kirasek\u00ee \u00eeslam\u00ee .<\/p>\n<p>Tevahiya hevd\u00eetina Serok\u00ea Of\u00eesa peywendiy\u00ean derve ya Ber\u00ea Kurdistana S\u00fbriy\u00ea li v\u00ea der\u00ea dikarin bib\u00eenin:<\/p>\n<p><div class=\"ose-youtube ose-uid-f87a4a73092bf6466424ca2c9f05366d ose-embedpress-responsive\" style=\"width:1920px; height:1080px; max-height:1080px; max-width:100%; display:inline-block;\" data-embed-type=\"Youtube\"><iframe allowFullScreen=\"true\" title=\"\u062f\u0627\u0647\u0627\u062a\u0648\u0648\u06cc \u06a9\u0648\u0631\u062f \u0644\u06d5 \u0633\u0648\u0648\u0631\u06cc\u0627\u06cc \u0646\u0648\u06ce\u062f\u0627\" width=\"1920\" height=\"1080\" data-src=\"https:\/\/www.youtube.com\/embed\/fbVlzGwlLZc?feature=oembed&color=red&rel=0&controls=1&start=&end=&fs=0&iv_load_policy=0&autoplay=0&mute=0&modestbranding=0&cc_load_policy=1&playsinline=1\" frameborder=\"0\" allow=\"accelerometer; encrypted-media;accelerometer;autoplay;clipboard-write;gyroscope;picture-in-picture clipboard-write; encrypted-media; gyroscope; picture-in-picture; web-share\" referrerpolicy=\"strict-origin-when-cross-origin\" allowfullscreen src=\"data:image\/svg+xml;base64,PHN2ZyB3aWR0aD0iMSIgaGVpZ2h0PSIxIiB4bWxucz0iaHR0cDovL3d3dy53My5vcmcvMjAwMC9zdmciPjwvc3ZnPg==\" class=\"lazyload\" data-load-mode=\"1\"><\/iframe><\/div><\/p>\n","protected":false},"excerpt":{"rendered":"<p>Serok\u00ea Of\u00eesa peywendiy\u00ean derve ya Ber\u00ea Kurdistana S\u00fbriy\u00ea \u00fb Serok\u00ea \u015eep\u00eala Azad\u00ee ya Kurdistan\u00ee, Siyamend&#8230;<\/p>\n","protected":false},"author":8,"featured_media":2013,"comment_status":"closed","ping_status":"closed","sticky":false,"template":"","format":"standard","meta":{"footnotes":""},"categories":[42,36],"tags":[],"class_list":["post-2010","post","type-post","status-publish","format-standard","has-post-thumbnail","hentry","category-hevditin","category-video"],"yoast_head":"<!-- This site is optimized with the Yoast SEO plugin v27.5 - https:\/\/yoast.com\/product\/yoast-seo-wordpress\/ -->\n<title>Haco ji bo PYD\u00ea \u00fb QSD\u00ea: Li xwe vegerin \u00fb bila kurd bibin yek &#8226; \u015eAK<\/title>\n<meta name=\"robots\" content=\"index, follow, max-snippet:-1, max-image-preview:large, max-video-preview:-1\" \/>\n<link rel=\"canonical\" href=\"https:\/\/saknews.net\/ku\/?p=2010\" \/>\n<meta property=\"og:locale\" content=\"en_US\" \/>\n<meta property=\"og:type\" content=\"article\" \/>\n<meta property=\"og:title\" content=\"Haco ji bo PYD\u00ea \u00fb QSD\u00ea: Li xwe vegerin \u00fb bila kurd bibin yek &#8226; \u015eAK\" \/>\n<meta property=\"og:description\" content=\"Serok\u00ea Of\u00eesa peywendiy\u00ean derve ya Ber\u00ea Kurdistana S\u00fbriy\u00ea \u00fb Serok\u00ea \u015eep\u00eala Azad\u00ee ya Kurdistan\u00ee, Siyamend...\" \/>\n<meta property=\"og:url\" content=\"https:\/\/saknews.net\/ku\/?p=2010\" \/>\n<meta property=\"og:site_name\" content=\"\u015eAK\" \/>\n<meta property=\"article:publisher\" content=\"https:\/\/www.facebook.com\/Shepel.ewropa\" \/>\n<meta property=\"article:published_time\" content=\"2025-01-10T19:02:26+00:00\" \/>\n<meta property=\"article:modified_time\" content=\"2025-01-10T19:08:33+00:00\" \/>\n<meta property=\"og:image\" content=\"https:\/\/saknews.net\/ku\/wp-content\/uploads\/2025\/01\/IMG-20250110-WA01412.jpg\" \/>\n\t<meta property=\"og:image:width\" content=\"1591\" \/>\n\t<meta property=\"og:image:height\" content=\"932\" \/>\n\t<meta property=\"og:image:type\" content=\"image\/jpeg\" \/>\n<meta name=\"author\" content=\"Horan Hem\" \/>\n<meta name=\"twitter:card\" content=\"summary_large_image\" \/>\n<meta name=\"twitter:label1\" content=\"Written by\" \/>\n\t<meta name=\"twitter:data1\" content=\"Horan Hem\" \/>\n\t<meta name=\"twitter:label2\" content=\"Est. reading time\" \/>\n\t<meta name=\"twitter:data2\" content=\"2 minutes\" \/>\n<script type=\"application\/ld+json\" class=\"yoast-schema-graph\">{\"@context\":\"https:\\\/\\\/schema.org\",\"@graph\":[{\"@type\":\"Article\",\"@id\":\"https:\\\/\\\/saknews.net\\\/ku\\\/?p=2010#article\",\"isPartOf\":{\"@id\":\"https:\\\/\\\/saknews.net\\\/ku\\\/?p=2010\"},\"author\":{\"name\":\"Horan Hem\",\"@id\":\"https:\\\/\\\/saknews.net\\\/ku\\\/#\\\/schema\\\/person\\\/72ae32a4041a3817e015b63d8f409058\"},\"headline\":\"Haco ji bo PYD\u00ea \u00fb QSD\u00ea: Li xwe vegerin \u00fb bila kurd bibin yek\",\"datePublished\":\"2025-01-10T19:02:26+00:00\",\"dateModified\":\"2025-01-10T19:08:33+00:00\",\"mainEntityOfPage\":{\"@id\":\"https:\\\/\\\/saknews.net\\\/ku\\\/?p=2010\"},\"wordCount\":427,\"publisher\":{\"@id\":\"https:\\\/\\\/saknews.net\\\/ku\\\/#organization\"},\"image\":{\"@id\":\"https:\\\/\\\/saknews.net\\\/ku\\\/?p=2010#primaryimage\"},\"thumbnailUrl\":\"https:\\\/\\\/i0.wp.com\\\/saknews.net\\\/ku\\\/wp-content\\\/uploads\\\/2025\\\/01\\\/IMG-20250110-WA01412.jpg?fit=1591%2C932&ssl=1\",\"articleSection\":[\"Hevd\u00eetin\",\"Video\"],\"inLanguage\":\"en-US\"},{\"@type\":\"WebPage\",\"@id\":\"https:\\\/\\\/saknews.net\\\/ku\\\/?p=2010\",\"url\":\"https:\\\/\\\/saknews.net\\\/ku\\\/?p=2010\",\"name\":\"Haco ji bo PYD\u00ea \u00fb QSD\u00ea: Li xwe vegerin \u00fb bila kurd bibin yek &#8226; \u015eAK\",\"isPartOf\":{\"@id\":\"https:\\\/\\\/saknews.net\\\/ku\\\/#website\"},\"primaryImageOfPage\":{\"@id\":\"https:\\\/\\\/saknews.net\\\/ku\\\/?p=2010#primaryimage\"},\"image\":{\"@id\":\"https:\\\/\\\/saknews.net\\\/ku\\\/?p=2010#primaryimage\"},\"thumbnailUrl\":\"https:\\\/\\\/i0.wp.com\\\/saknews.net\\\/ku\\\/wp-content\\\/uploads\\\/2025\\\/01\\\/IMG-20250110-WA01412.jpg?fit=1591%2C932&ssl=1\",\"datePublished\":\"2025-01-10T19:02:26+00:00\",\"dateModified\":\"2025-01-10T19:08:33+00:00\",\"breadcrumb\":{\"@id\":\"https:\\\/\\\/saknews.net\\\/ku\\\/?p=2010#breadcrumb\"},\"inLanguage\":\"en-US\",\"potentialAction\":[{\"@type\":\"ReadAction\",\"target\":[\"https:\\\/\\\/saknews.net\\\/ku\\\/?p=2010\"]}]},{\"@type\":\"ImageObject\",\"inLanguage\":\"en-US\",\"@id\":\"https:\\\/\\\/saknews.net\\\/ku\\\/?p=2010#primaryimage\",\"url\":\"https:\\\/\\\/i0.wp.com\\\/saknews.net\\\/ku\\\/wp-content\\\/uploads\\\/2025\\\/01\\\/IMG-20250110-WA01412.jpg?fit=1591%2C932&ssl=1\",\"contentUrl\":\"https:\\\/\\\/i0.wp.com\\\/saknews.net\\\/ku\\\/wp-content\\\/uploads\\\/2025\\\/01\\\/IMG-20250110-WA01412.jpg?fit=1591%2C932&ssl=1\",\"width\":1591,\"height\":932},{\"@type\":\"BreadcrumbList\",\"@id\":\"https:\\\/\\\/saknews.net\\\/ku\\\/?p=2010#breadcrumb\",\"itemListElement\":[{\"@type\":\"ListItem\",\"position\":1,\"name\":\"\u0627\u0644\u0631\u0626\u064a\u0633\u064a\u0629\",\"item\":\"https:\\\/\\\/saknews.net\\\/ku\\\/\"},{\"@type\":\"ListItem\",\"position\":2,\"name\":\"N\u00fb\u00e7e\",\"item\":\"https:\\\/\\\/saknews.net\\\/ku\\\/?cat=49\"},{\"@type\":\"ListItem\",\"position\":3,\"name\":\"Daxuyan\u00ee\",\"item\":\"https:\\\/\\\/saknews.net\\\/ku\\\/?cat=34\"},{\"@type\":\"ListItem\",\"position\":4,\"name\":\"Hevd\u00eetin\",\"item\":\"https:\\\/\\\/saknews.net\\\/ku\\\/?cat=42\"},{\"@type\":\"ListItem\",\"position\":5,\"name\":\"Haco ji bo PYD\u00ea \u00fb QSD\u00ea: Li xwe vegerin \u00fb bila kurd bibin yek\"}]},{\"@type\":\"WebSite\",\"@id\":\"https:\\\/\\\/saknews.net\\\/ku\\\/#website\",\"url\":\"https:\\\/\\\/saknews.net\\\/ku\\\/\",\"name\":\"S\u0327epe\u0302la Azadi\u0302 ya Kurdistani\u0302\",\"description\":\"\u062a\u064a\u0627\u0631 \u0627\u0644\u062d\u0631\u064a\u0629 \u0627\u0644\u0643\u0648\u0631\u062f\u0633\u062a\u0627\u0646\u064a \u015eep\u00eala Azad\u00ee ya Kurdistan\u00ee\",\"publisher\":{\"@id\":\"https:\\\/\\\/saknews.net\\\/ku\\\/#organization\"},\"potentialAction\":[{\"@type\":\"SearchAction\",\"target\":{\"@type\":\"EntryPoint\",\"urlTemplate\":\"https:\\\/\\\/saknews.net\\\/ku\\\/?s={search_term_string}\"},\"query-input\":{\"@type\":\"PropertyValueSpecification\",\"valueRequired\":true,\"valueName\":\"search_term_string\"}}],\"inLanguage\":\"en-US\"},{\"@type\":\"Organization\",\"@id\":\"https:\\\/\\\/saknews.net\\\/ku\\\/#organization\",\"name\":\"\u015eep\u00eala Azadiy\u00ea ya Kurdistan\u00ea - \u062a\u064a\u0627\u0631 \u0627\u0644\u062d\u0631\u064a\u0629 \u0627\u0644\u0643\u0648\u0631\u062f\u0633\u062a\u0627\u0646\u064a\",\"url\":\"https:\\\/\\\/saknews.net\\\/ku\\\/\",\"logo\":{\"@type\":\"ImageObject\",\"inLanguage\":\"en-US\",\"@id\":\"https:\\\/\\\/saknews.net\\\/ku\\\/#\\\/schema\\\/logo\\\/image\\\/\",\"url\":\"https:\\\/\\\/i0.wp.com\\\/saknews.net\\\/ku\\\/wp-content\\\/uploads\\\/2024\\\/11\\\/cropped-logo-1.png?fit=512%2C512&ssl=1\",\"contentUrl\":\"https:\\\/\\\/i0.wp.com\\\/saknews.net\\\/ku\\\/wp-content\\\/uploads\\\/2024\\\/11\\\/cropped-logo-1.png?fit=512%2C512&ssl=1\",\"width\":512,\"height\":512,\"caption\":\"\u015eep\u00eala Azadiy\u00ea ya Kurdistan\u00ea - \u062a\u064a\u0627\u0631 \u0627\u0644\u062d\u0631\u064a\u0629 \u0627\u0644\u0643\u0648\u0631\u062f\u0633\u062a\u0627\u0646\u064a\"},\"image\":{\"@id\":\"https:\\\/\\\/saknews.net\\\/ku\\\/#\\\/schema\\\/logo\\\/image\\\/\"},\"sameAs\":[\"https:\\\/\\\/www.facebook.com\\\/Shepel.ewropa\"]},{\"@type\":\"Person\",\"@id\":\"https:\\\/\\\/saknews.net\\\/ku\\\/#\\\/schema\\\/person\\\/72ae32a4041a3817e015b63d8f409058\",\"name\":\"Horan Hem\",\"url\":\"https:\\\/\\\/saknews.net\\\/ku\\\/?author=8\"}]}<\/script>\n<!-- \/ Yoast SEO plugin. -->","yoast_head_json":{"title":"Haco ji bo PYD\u00ea \u00fb QSD\u00ea: Li xwe vegerin \u00fb bila kurd bibin yek &#8226; \u015eAK","robots":{"index":"index","follow":"follow","max-snippet":"max-snippet:-1","max-image-preview":"max-image-preview:large","max-video-preview":"max-video-preview:-1"},"canonical":"https:\/\/saknews.net\/ku\/?p=2010","og_locale":"en_US","og_type":"article","og_title":"Haco ji bo PYD\u00ea \u00fb QSD\u00ea: Li xwe vegerin \u00fb bila kurd bibin yek &#8226; \u015eAK","og_description":"Serok\u00ea Of\u00eesa peywendiy\u00ean derve ya Ber\u00ea Kurdistana S\u00fbriy\u00ea \u00fb Serok\u00ea \u015eep\u00eala Azad\u00ee ya Kurdistan\u00ee, Siyamend...","og_url":"https:\/\/saknews.net\/ku\/?p=2010","og_site_name":"\u015eAK","article_publisher":"https:\/\/www.facebook.com\/Shepel.ewropa","article_published_time":"2025-01-10T19:02:26+00:00","article_modified_time":"2025-01-10T19:08:33+00:00","og_image":[{"width":1591,"height":932,"url":"https:\/\/saknews.net\/ku\/wp-content\/uploads\/2025\/01\/IMG-20250110-WA01412.jpg","type":"image\/jpeg"}],"author":"Horan Hem","twitter_card":"summary_large_image","twitter_misc":{"Written by":"Horan Hem","Est. reading time":"2 minutes"},"schema":{"@context":"https:\/\/schema.org","@graph":[{"@type":"Article","@id":"https:\/\/saknews.net\/ku\/?p=2010#article","isPartOf":{"@id":"https:\/\/saknews.net\/ku\/?p=2010"},"author":{"name":"Horan Hem","@id":"https:\/\/saknews.net\/ku\/#\/schema\/person\/72ae32a4041a3817e015b63d8f409058"},"headline":"Haco ji bo PYD\u00ea \u00fb QSD\u00ea: Li xwe vegerin \u00fb bila kurd bibin yek","datePublished":"2025-01-10T19:02:26+00:00","dateModified":"2025-01-10T19:08:33+00:00","mainEntityOfPage":{"@id":"https:\/\/saknews.net\/ku\/?p=2010"},"wordCount":427,"publisher":{"@id":"https:\/\/saknews.net\/ku\/#organization"},"image":{"@id":"https:\/\/saknews.net\/ku\/?p=2010#primaryimage"},"thumbnailUrl":"https:\/\/i0.wp.com\/saknews.net\/ku\/wp-content\/uploads\/2025\/01\/IMG-20250110-WA01412.jpg?fit=1591%2C932&ssl=1","articleSection":["Hevd\u00eetin","Video"],"inLanguage":"en-US"},{"@type":"WebPage","@id":"https:\/\/saknews.net\/ku\/?p=2010","url":"https:\/\/saknews.net\/ku\/?p=2010","name":"Haco ji bo PYD\u00ea \u00fb QSD\u00ea: Li xwe vegerin \u00fb bila kurd bibin yek &#8226; \u015eAK","isPartOf":{"@id":"https:\/\/saknews.net\/ku\/#website"},"primaryImageOfPage":{"@id":"https:\/\/saknews.net\/ku\/?p=2010#primaryimage"},"image":{"@id":"https:\/\/saknews.net\/ku\/?p=2010#primaryimage"},"thumbnailUrl":"https:\/\/i0.wp.com\/saknews.net\/ku\/wp-content\/uploads\/2025\/01\/IMG-20250110-WA01412.jpg?fit=1591%2C932&ssl=1","datePublished":"2025-01-10T19:02:26+00:00","dateModified":"2025-01-10T19:08:33+00:00","breadcrumb":{"@id":"https:\/\/saknews.net\/ku\/?p=2010#breadcrumb"},"inLanguage":"en-US","potentialAction":[{"@type":"ReadAction","target":["https:\/\/saknews.net\/ku\/?p=2010"]}]},{"@type":"ImageObject","inLanguage":"en-US","@id":"https:\/\/saknews.net\/ku\/?p=2010#primaryimage","url":"https:\/\/i0.wp.com\/saknews.net\/ku\/wp-content\/uploads\/2025\/01\/IMG-20250110-WA01412.jpg?fit=1591%2C932&ssl=1","contentUrl":"https:\/\/i0.wp.com\/saknews.net\/ku\/wp-content\/uploads\/2025\/01\/IMG-20250110-WA01412.jpg?fit=1591%2C932&ssl=1","width":1591,"height":932},{"@type":"BreadcrumbList","@id":"https:\/\/saknews.net\/ku\/?p=2010#breadcrumb","itemListElement":[{"@type":"ListItem","position":1,"name":"\u0627\u0644\u0631\u0626\u064a\u0633\u064a\u0629","item":"https:\/\/saknews.net\/ku\/"},{"@type":"ListItem","position":2,"name":"N\u00fb\u00e7e","item":"https:\/\/saknews.net\/ku\/?cat=49"},{"@type":"ListItem","position":3,"name":"Daxuyan\u00ee","item":"https:\/\/saknews.net\/ku\/?cat=34"},{"@type":"ListItem","position":4,"name":"Hevd\u00eetin","item":"https:\/\/saknews.net\/ku\/?cat=42"},{"@type":"ListItem","position":5,"name":"Haco ji bo PYD\u00ea \u00fb QSD\u00ea: Li xwe vegerin \u00fb bila kurd bibin yek"}]},{"@type":"WebSite","@id":"https:\/\/saknews.net\/ku\/#website","url":"https:\/\/saknews.net\/ku\/","name":"S\u0327epe\u0302la Azadi\u0302 ya Kurdistani\u0302","description":"\u062a\u064a\u0627\u0631 \u0627\u0644\u062d\u0631\u064a\u0629 \u0627\u0644\u0643\u0648\u0631\u062f\u0633\u062a\u0627\u0646\u064a \u015eep\u00eala Azad\u00ee ya Kurdistan\u00ee","publisher":{"@id":"https:\/\/saknews.net\/ku\/#organization"},"potentialAction":[{"@type":"SearchAction","target":{"@type":"EntryPoint","urlTemplate":"https:\/\/saknews.net\/ku\/?s={search_term_string}"},"query-input":{"@type":"PropertyValueSpecification","valueRequired":true,"valueName":"search_term_string"}}],"inLanguage":"en-US"},{"@type":"Organization","@id":"https:\/\/saknews.net\/ku\/#organization","name":"\u015eep\u00eala Azadiy\u00ea ya Kurdistan\u00ea - \u062a\u064a\u0627\u0631 \u0627\u0644\u062d\u0631\u064a\u0629 \u0627\u0644\u0643\u0648\u0631\u062f\u0633\u062a\u0627\u0646\u064a","url":"https:\/\/saknews.net\/ku\/","logo":{"@type":"ImageObject","inLanguage":"en-US","@id":"https:\/\/saknews.net\/ku\/#\/schema\/logo\/image\/","url":"https:\/\/i0.wp.com\/saknews.net\/ku\/wp-content\/uploads\/2024\/11\/cropped-logo-1.png?fit=512%2C512&ssl=1","contentUrl":"https:\/\/i0.wp.com\/saknews.net\/ku\/wp-content\/uploads\/2024\/11\/cropped-logo-1.png?fit=512%2C512&ssl=1","width":512,"height":512,"caption":"\u015eep\u00eala Azadiy\u00ea ya Kurdistan\u00ea - \u062a\u064a\u0627\u0631 \u0627\u0644\u062d\u0631\u064a\u0629 \u0627\u0644\u0643\u0648\u0631\u062f\u0633\u062a\u0627\u0646\u064a"},"image":{"@id":"https:\/\/saknews.net\/ku\/#\/schema\/logo\/image\/"},"sameAs":["https:\/\/www.facebook.com\/Shepel.ewropa"]},{"@type":"Person","@id":"https:\/\/saknews.net\/ku\/#\/schema\/person\/72ae32a4041a3817e015b63d8f409058","name":"Horan Hem","url":"https:\/\/saknews.net\/ku\/?author=8"}]}},"featured_image_urls":{"full":["https:\/\/i0.wp.com\/saknews.net\/ku\/wp-content\/uploads\/2025\/01\/IMG-20250110-WA01412.jpg?fit=1591%2C932&ssl=1",1591,932,false],"thumbnail":["https:\/\/i0.wp.com\/saknews.net\/ku\/wp-content\/uploads\/2025\/01\/IMG-20250110-WA01412.jpg?resize=150%2C150&ssl=1",150,150,true],"medium":["https:\/\/i0.wp.com\/saknews.net\/ku\/wp-content\/uploads\/2025\/01\/IMG-20250110-WA01412.jpg?fit=300%2C176&ssl=1",300,176,true],"medium_large":["https:\/\/i0.wp.com\/saknews.net\/ku\/wp-content\/uploads\/2025\/01\/IMG-20250110-WA01412.jpg?fit=640%2C375&ssl=1",640,375,true],"large":["https:\/\/i0.wp.com\/saknews.net\/ku\/wp-content\/uploads\/2025\/01\/IMG-20250110-WA01412.jpg?fit=640%2C375&ssl=1",640,375,true],"1536x1536":["https:\/\/i0.wp.com\/saknews.net\/ku\/wp-content\/uploads\/2025\/01\/IMG-20250110-WA01412.jpg?fit=1536%2C900&ssl=1",1536,900,true],"2048x2048":["https:\/\/i0.wp.com\/saknews.net\/ku\/wp-content\/uploads\/2025\/01\/IMG-20250110-WA01412.jpg?fit=1591%2C932&ssl=1",1591,932,true],"covernews-featured":["https:\/\/i0.wp.com\/saknews.net\/ku\/wp-content\/uploads\/2025\/01\/IMG-20250110-WA01412.jpg?fit=1024%2C600&ssl=1",1024,600,true],"covernews-medium":["https:\/\/i0.wp.com\/saknews.net\/ku\/wp-content\/uploads\/2025\/01\/IMG-20250110-WA01412.jpg?resize=540%2C340&ssl=1",540,340,true]},"author_info":{"display_name":"Horan Hem","author_link":"https:\/\/saknews.net\/ku\/?author=8"},"category_info":"<a href=\"https:\/\/saknews.net\/ku\/?cat=42\" rel=\"category\">Hevd\u00eetin<\/a> <a href=\"https:\/\/saknews.net\/ku\/?cat=36\" rel=\"category\">Video<\/a>","tag_info":"Video","comment_count":"0","_links":{"self":[{"href":"https:\/\/saknews.net\/ku\/index.php?rest_route=\/wp\/v2\/posts\/2010","targetHints":{"allow":["GET"]}}],"collection":[{"href":"https:\/\/saknews.net\/ku\/index.php?rest_route=\/wp\/v2\/posts"}],"about":[{"href":"https:\/\/saknews.net\/ku\/index.php?rest_route=\/wp\/v2\/types\/post"}],"author":[{"embeddable":true,"href":"https:\/\/saknews.net\/ku\/index.php?rest_route=\/wp\/v2\/users\/8"}],"replies":[{"embeddable":true,"href":"https:\/\/saknews.net\/ku\/index.php?rest_route=%2Fwp%2Fv2%2Fcomments&post=2010"}],"version-history":[{"count":3,"href":"https:\/\/saknews.net\/ku\/index.php?rest_route=\/wp\/v2\/posts\/2010\/revisions"}],"predecessor-version":[{"id":2016,"href":"https:\/\/saknews.net\/ku\/index.php?rest_route=\/wp\/v2\/posts\/2010\/revisions\/2016"}],"wp:featuredmedia":[{"embeddable":true,"href":"https:\/\/saknews.net\/ku\/index.php?rest_route=\/wp\/v2\/media\/2013"}],"wp:attachment":[{"href":"https:\/\/saknews.net\/ku\/index.php?rest_route=%2Fwp%2Fv2%2Fmedia&parent=2010"}],"wp:term":[{"taxonomy":"category","embeddable":true,"href":"https:\/\/saknews.net\/ku\/index.php?rest_route=%2Fwp%2Fv2%2Fcategories&post=2010"},{"taxonomy":"post_tag","embeddable":true,"href":"https:\/\/saknews.net\/ku\/index.php?rest_route=%2Fwp%2Fv2%2Ftags&post=2010"}],"curies":[{"name":"wp","href":"https:\/\/api.w.org\/{rel}","templated":true}]}}