{"id":2017,"date":"2025-01-12T08:30:12","date_gmt":"2025-01-12T08:30:12","guid":{"rendered":"https:\/\/saknews.net\/ku\/?p=2017"},"modified":"2025-01-12T15:30:10","modified_gmt":"2025-01-12T15:30:10","slug":"haco-rakirina-sizayan-li-hember-mafen-kurdan","status":"publish","type":"post","link":"https:\/\/saknews.net\/ku\/?p=2017","title":{"rendered":"Haco: Rakirina sizayan li hember parastina maf\u00ean kurdan"},"content":{"rendered":"<p>Serok\u00ea \u015eep\u00eala Azad\u00ee ya Kurdistan\u00ee \u00fb Serok\u00ea Of\u00eesa peywendiy\u00ean derve ya Ber\u00ea Kurdistana S\u00fbriy\u00ea, Siyamend Haco, di hevd\u00eetinek\u00ea de bi R\u00fbdaw re behsa hatina \u015fanda wan ji bo \u015eam\u00ea kir \u00fb got metirs\u00ee hene kurd b\u00eane pi\u015ftguhkirin.<br \/>\nHaco di hevd\u00eetina xwe de diyar kir, ku \u015fanda wan ji bo hevd\u00eetina bi \u015fand\u00ean ewrop\u00ee re li \u015eam\u00ea ye \u00fb div\u00ea p\u00eawend\u00ee bi wan re b\u00ea kirin. Serok\u00ea Of\u00eesa peywendiy\u00ean derve ya Ber\u00ea Kurdistana S\u00fbriy\u00ea, Haco, got gelek welatan an\u00eene ziman, ku div\u00ea maf\u00ean kurdan li S\u00fbriy\u00ea werin parastin.<br \/>\n Haco tekez kir, ku heb\u00fbna kurdan ji bo p\u00eawendiya bi welat\u00ean biyan\u00ee re li \u015eam\u00ea gelek\u00ee gir\u00eeng e.<\/p>\n<p>Her di derbar\u00ea desthelata n\u00fb li \u015eam\u00ea, Haco got, ku div\u00ea em weke kurd ji n\u00eaz\u00eek ve v\u00ea helwest\u00ea bi\u015fop\u00eenin \u00fb bin\u00earin helwesta w\u00ea di derbar\u00ea kurdan de \u00e7i ye. Herwiha Haco tekez kir, ku div\u00ea h\u00eaz\u00ean siyas\u00ee \u00fb y\u00ean civaka s\u00eev\u00eel ber\u00ean xwe bidin \u015eam\u00ea .<\/p>\n<p>Her di derbar\u00ea p\u00eakan\u00eena \u015fandeke kurd a hevbe\u015f, Haco tekez kir ku hatina wan ne ji bo dan\u00eena p\u00eawendiya bi desthilat\u00ea re ye, hatina wan ji bo p\u00eawendiya bi welat\u00ean Ewrop\u00ee \u00fb amer\u00eek\u00ee re ye , ku daxwaz\u00ean xwe bigih\u00eenin wan .<br \/>\nHaco got, ku wan bi hevd\u00eetina bi \u015fander\u00ea Alman y\u00ea taybet ji bo S\u00fbriy\u00ea Stefan Schneck re  tekez kir, ku ji bo rakirina sizayan li ser S\u00fbriy\u00ea, div\u00ea ev desthelata n\u00fb gerentiyan ji bo parastina maf\u00ean kurdan bide. Herwiha Haco tekez kir, ku metirs\u00ee hene ev desthelata n\u00fb maf\u00ean ziman\u00ee j\u00ee nedin kurdan, ji ber v\u00ea j\u00ee pi\u015ftgiriya van welatan gir\u00eeng e.<br \/>\nSiyamend Haco, got heb\u00fbna \u015fandeke kurd ya hevbe\u015f gelek\u00ee gir\u00eeng e, l\u00ea gava mirov li helwest\u00ean berpirs\u00ean ENKS\u00ea \u00fb PYD\u00ea  guhdar dike, tu dib\u00eaj\u00ee qey li dinyayek\u00ea din dij\u00een. Herwiha Haco bersiva n\u00fbner\u00ea ENKS\u00ea di \u00cet\u00eelaf\u00ea de, \u015eelala Gedo, da ku navb\u00fbr\u00ee gotib\u00fb \u00eetlaf\u00ea ziyan negihandiye doza kurd, \u00fb got \u00cet\u00eelaf\u00ea binp\u00eakirin\u00ean maf\u00ean mirovan li dij\u00ee kurdan ancam dane \u00fb \u00e7awa zirar negihandiye kurdan.<\/p>\n<p>H\u00fbn dikarin tevahiya hevd\u00eetina Serok\u00ea Of\u00eesa peywendiy\u00ean derve ya Ber\u00ea Kurdistana S\u00fbriy\u00ea \u00fb Serok\u00ea \u015eep\u00eala Azad\u00ee ya Kurdistan\u00ee li v\u00ea der\u00ea tema\u015fe bikin:<\/p>\n<p><div class=\"ose- ose-uid-c940a155e709dba2e5d2ceed40c8eac1 ose-embedpress-responsive\" style=\"width:1920px; height:1080px; max-height:1080px; max-width:100%; display:inline-block;\" data-embed-type=\"Facebook\"><iframe allowFullScreen=\"true\" class=\"embera-facebook-iframe-c940a lazyload\" data-src=\"https:\/\/www.facebook.com\/plugins\/post.php?href=https%3A%2F%2Fwww.facebook.com%2F100068312501675%2Fposts%2F901505558803186%2F&width=1920&height=1080&show_text=true\" width=\"1920\" height=\"1080\" style=\"border:none;overflow:hidden\" scrolling=\"no\" frameborder=\"0\" allowTransparency=\"true\" src=\"data:image\/svg+xml;base64,PHN2ZyB3aWR0aD0iMSIgaGVpZ2h0PSIxIiB4bWxucz0iaHR0cDovL3d3dy53My5vcmcvMjAwMC9zdmciPjwvc3ZnPg==\" data-load-mode=\"1\"><\/iframe><\/div><\/p>\n","protected":false},"excerpt":{"rendered":"<p>Serok\u00ea \u015eep\u00eala Azad\u00ee ya Kurdistan\u00ee \u00fb Serok\u00ea Of\u00eesa peywendiy\u00ean derve ya Ber\u00ea Kurdistana S\u00fbriy\u00ea, Siyamend&#8230;<\/p>\n","protected":false},"author":8,"featured_media":2020,"comment_status":"closed","ping_status":"closed","sticky":false,"template":"","format":"standard","meta":{"footnotes":""},"categories":[42],"tags":[],"class_list":["post-2017","post","type-post","status-publish","format-standard","has-post-thumbnail","hentry","category-hevditin"],"yoast_head":"<!-- This site is optimized with the Yoast SEO plugin v27.5 - https:\/\/yoast.com\/product\/yoast-seo-wordpress\/ -->\n<title>Haco: Rakirina sizayan li hember parastina maf\u00ean kurdan &#8226; \u015eAK<\/title>\n<meta name=\"robots\" content=\"index, follow, max-snippet:-1, max-image-preview:large, max-video-preview:-1\" \/>\n<link rel=\"canonical\" href=\"https:\/\/saknews.net\/ku\/?p=2017\" \/>\n<meta property=\"og:locale\" content=\"en_US\" \/>\n<meta property=\"og:type\" content=\"article\" \/>\n<meta property=\"og:title\" content=\"Haco: Rakirina sizayan li hember parastina maf\u00ean kurdan &#8226; \u015eAK\" \/>\n<meta property=\"og:description\" content=\"Serok\u00ea \u015eep\u00eala Azad\u00ee ya Kurdistan\u00ee \u00fb Serok\u00ea Of\u00eesa peywendiy\u00ean derve ya Ber\u00ea Kurdistana S\u00fbriy\u00ea, Siyamend...\" \/>\n<meta property=\"og:url\" content=\"https:\/\/saknews.net\/ku\/?p=2017\" \/>\n<meta property=\"og:site_name\" content=\"\u015eAK\" \/>\n<meta property=\"article:publisher\" content=\"https:\/\/www.facebook.com\/Shepel.ewropa\" \/>\n<meta property=\"article:published_time\" content=\"2025-01-12T08:30:12+00:00\" \/>\n<meta property=\"article:modified_time\" content=\"2025-01-12T15:30:10+00:00\" \/>\n<meta property=\"og:image\" content=\"https:\/\/saknews.net\/ku\/wp-content\/uploads\/2025\/01\/IMG-20250112-WA00432.jpg\" \/>\n\t<meta property=\"og:image:width\" content=\"945\" \/>\n\t<meta property=\"og:image:height\" content=\"514\" \/>\n\t<meta property=\"og:image:type\" content=\"image\/jpeg\" \/>\n<meta name=\"author\" content=\"Horan Hem\" \/>\n<meta name=\"twitter:card\" content=\"summary_large_image\" \/>\n<meta name=\"twitter:label1\" content=\"Written by\" \/>\n\t<meta name=\"twitter:data1\" content=\"Horan Hem\" \/>\n\t<meta name=\"twitter:label2\" content=\"Est. reading time\" \/>\n\t<meta name=\"twitter:data2\" content=\"2 minutes\" \/>\n<script type=\"application\/ld+json\" class=\"yoast-schema-graph\">{\"@context\":\"https:\\\/\\\/schema.org\",\"@graph\":[{\"@type\":\"Article\",\"@id\":\"https:\\\/\\\/saknews.net\\\/ku\\\/?p=2017#article\",\"isPartOf\":{\"@id\":\"https:\\\/\\\/saknews.net\\\/ku\\\/?p=2017\"},\"author\":{\"name\":\"Horan Hem\",\"@id\":\"https:\\\/\\\/saknews.net\\\/ku\\\/#\\\/schema\\\/person\\\/72ae32a4041a3817e015b63d8f409058\"},\"headline\":\"Haco: Rakirina sizayan li hember parastina maf\u00ean kurdan\",\"datePublished\":\"2025-01-12T08:30:12+00:00\",\"dateModified\":\"2025-01-12T15:30:10+00:00\",\"mainEntityOfPage\":{\"@id\":\"https:\\\/\\\/saknews.net\\\/ku\\\/?p=2017\"},\"wordCount\":413,\"publisher\":{\"@id\":\"https:\\\/\\\/saknews.net\\\/ku\\\/#organization\"},\"image\":{\"@id\":\"https:\\\/\\\/saknews.net\\\/ku\\\/?p=2017#primaryimage\"},\"thumbnailUrl\":\"https:\\\/\\\/i0.wp.com\\\/saknews.net\\\/ku\\\/wp-content\\\/uploads\\\/2025\\\/01\\\/IMG-20250112-WA00432.jpg?fit=945%2C514&ssl=1\",\"articleSection\":[\"Hevd\u00eetin\"],\"inLanguage\":\"en-US\"},{\"@type\":\"WebPage\",\"@id\":\"https:\\\/\\\/saknews.net\\\/ku\\\/?p=2017\",\"url\":\"https:\\\/\\\/saknews.net\\\/ku\\\/?p=2017\",\"name\":\"Haco: Rakirina sizayan li hember parastina maf\u00ean kurdan &#8226; \u015eAK\",\"isPartOf\":{\"@id\":\"https:\\\/\\\/saknews.net\\\/ku\\\/#website\"},\"primaryImageOfPage\":{\"@id\":\"https:\\\/\\\/saknews.net\\\/ku\\\/?p=2017#primaryimage\"},\"image\":{\"@id\":\"https:\\\/\\\/saknews.net\\\/ku\\\/?p=2017#primaryimage\"},\"thumbnailUrl\":\"https:\\\/\\\/i0.wp.com\\\/saknews.net\\\/ku\\\/wp-content\\\/uploads\\\/2025\\\/01\\\/IMG-20250112-WA00432.jpg?fit=945%2C514&ssl=1\",\"datePublished\":\"2025-01-12T08:30:12+00:00\",\"dateModified\":\"2025-01-12T15:30:10+00:00\",\"breadcrumb\":{\"@id\":\"https:\\\/\\\/saknews.net\\\/ku\\\/?p=2017#breadcrumb\"},\"inLanguage\":\"en-US\",\"potentialAction\":[{\"@type\":\"ReadAction\",\"target\":[\"https:\\\/\\\/saknews.net\\\/ku\\\/?p=2017\"]}]},{\"@type\":\"ImageObject\",\"inLanguage\":\"en-US\",\"@id\":\"https:\\\/\\\/saknews.net\\\/ku\\\/?p=2017#primaryimage\",\"url\":\"https:\\\/\\\/i0.wp.com\\\/saknews.net\\\/ku\\\/wp-content\\\/uploads\\\/2025\\\/01\\\/IMG-20250112-WA00432.jpg?fit=945%2C514&ssl=1\",\"contentUrl\":\"https:\\\/\\\/i0.wp.com\\\/saknews.net\\\/ku\\\/wp-content\\\/uploads\\\/2025\\\/01\\\/IMG-20250112-WA00432.jpg?fit=945%2C514&ssl=1\",\"width\":945,\"height\":514},{\"@type\":\"BreadcrumbList\",\"@id\":\"https:\\\/\\\/saknews.net\\\/ku\\\/?p=2017#breadcrumb\",\"itemListElement\":[{\"@type\":\"ListItem\",\"position\":1,\"name\":\"\u0627\u0644\u0631\u0626\u064a\u0633\u064a\u0629\",\"item\":\"https:\\\/\\\/saknews.net\\\/ku\\\/\"},{\"@type\":\"ListItem\",\"position\":2,\"name\":\"N\u00fb\u00e7e\",\"item\":\"https:\\\/\\\/saknews.net\\\/ku\\\/?cat=49\"},{\"@type\":\"ListItem\",\"position\":3,\"name\":\"Daxuyan\u00ee\",\"item\":\"https:\\\/\\\/saknews.net\\\/ku\\\/?cat=34\"},{\"@type\":\"ListItem\",\"position\":4,\"name\":\"Hevd\u00eetin\",\"item\":\"https:\\\/\\\/saknews.net\\\/ku\\\/?cat=42\"},{\"@type\":\"ListItem\",\"position\":5,\"name\":\"Haco: Rakirina sizayan li hember parastina maf\u00ean kurdan\"}]},{\"@type\":\"WebSite\",\"@id\":\"https:\\\/\\\/saknews.net\\\/ku\\\/#website\",\"url\":\"https:\\\/\\\/saknews.net\\\/ku\\\/\",\"name\":\"S\u0327epe\u0302la Azadi\u0302 ya Kurdistani\u0302\",\"description\":\"\u062a\u064a\u0627\u0631 \u0627\u0644\u062d\u0631\u064a\u0629 \u0627\u0644\u0643\u0648\u0631\u062f\u0633\u062a\u0627\u0646\u064a \u015eep\u00eala Azad\u00ee ya Kurdistan\u00ee\",\"publisher\":{\"@id\":\"https:\\\/\\\/saknews.net\\\/ku\\\/#organization\"},\"potentialAction\":[{\"@type\":\"SearchAction\",\"target\":{\"@type\":\"EntryPoint\",\"urlTemplate\":\"https:\\\/\\\/saknews.net\\\/ku\\\/?s={search_term_string}\"},\"query-input\":{\"@type\":\"PropertyValueSpecification\",\"valueRequired\":true,\"valueName\":\"search_term_string\"}}],\"inLanguage\":\"en-US\"},{\"@type\":\"Organization\",\"@id\":\"https:\\\/\\\/saknews.net\\\/ku\\\/#organization\",\"name\":\"\u015eep\u00eala Azadiy\u00ea ya Kurdistan\u00ea - \u062a\u064a\u0627\u0631 \u0627\u0644\u062d\u0631\u064a\u0629 \u0627\u0644\u0643\u0648\u0631\u062f\u0633\u062a\u0627\u0646\u064a\",\"url\":\"https:\\\/\\\/saknews.net\\\/ku\\\/\",\"logo\":{\"@type\":\"ImageObject\",\"inLanguage\":\"en-US\",\"@id\":\"https:\\\/\\\/saknews.net\\\/ku\\\/#\\\/schema\\\/logo\\\/image\\\/\",\"url\":\"https:\\\/\\\/i0.wp.com\\\/saknews.net\\\/ku\\\/wp-content\\\/uploads\\\/2024\\\/11\\\/cropped-logo-1.png?fit=512%2C512&ssl=1\",\"contentUrl\":\"https:\\\/\\\/i0.wp.com\\\/saknews.net\\\/ku\\\/wp-content\\\/uploads\\\/2024\\\/11\\\/cropped-logo-1.png?fit=512%2C512&ssl=1\",\"width\":512,\"height\":512,\"caption\":\"\u015eep\u00eala Azadiy\u00ea ya Kurdistan\u00ea - \u062a\u064a\u0627\u0631 \u0627\u0644\u062d\u0631\u064a\u0629 \u0627\u0644\u0643\u0648\u0631\u062f\u0633\u062a\u0627\u0646\u064a\"},\"image\":{\"@id\":\"https:\\\/\\\/saknews.net\\\/ku\\\/#\\\/schema\\\/logo\\\/image\\\/\"},\"sameAs\":[\"https:\\\/\\\/www.facebook.com\\\/Shepel.ewropa\"]},{\"@type\":\"Person\",\"@id\":\"https:\\\/\\\/saknews.net\\\/ku\\\/#\\\/schema\\\/person\\\/72ae32a4041a3817e015b63d8f409058\",\"name\":\"Horan Hem\",\"url\":\"https:\\\/\\\/saknews.net\\\/ku\\\/?author=8\"}]}<\/script>\n<!-- \/ Yoast SEO plugin. -->","yoast_head_json":{"title":"Haco: Rakirina sizayan li hember parastina maf\u00ean kurdan &#8226; \u015eAK","robots":{"index":"index","follow":"follow","max-snippet":"max-snippet:-1","max-image-preview":"max-image-preview:large","max-video-preview":"max-video-preview:-1"},"canonical":"https:\/\/saknews.net\/ku\/?p=2017","og_locale":"en_US","og_type":"article","og_title":"Haco: Rakirina sizayan li hember parastina maf\u00ean kurdan &#8226; \u015eAK","og_description":"Serok\u00ea \u015eep\u00eala Azad\u00ee ya Kurdistan\u00ee \u00fb Serok\u00ea Of\u00eesa peywendiy\u00ean derve ya Ber\u00ea Kurdistana S\u00fbriy\u00ea, Siyamend...","og_url":"https:\/\/saknews.net\/ku\/?p=2017","og_site_name":"\u015eAK","article_publisher":"https:\/\/www.facebook.com\/Shepel.ewropa","article_published_time":"2025-01-12T08:30:12+00:00","article_modified_time":"2025-01-12T15:30:10+00:00","og_image":[{"width":945,"height":514,"url":"https:\/\/saknews.net\/ku\/wp-content\/uploads\/2025\/01\/IMG-20250112-WA00432.jpg","type":"image\/jpeg"}],"author":"Horan Hem","twitter_card":"summary_large_image","twitter_misc":{"Written by":"Horan Hem","Est. reading time":"2 minutes"},"schema":{"@context":"https:\/\/schema.org","@graph":[{"@type":"Article","@id":"https:\/\/saknews.net\/ku\/?p=2017#article","isPartOf":{"@id":"https:\/\/saknews.net\/ku\/?p=2017"},"author":{"name":"Horan Hem","@id":"https:\/\/saknews.net\/ku\/#\/schema\/person\/72ae32a4041a3817e015b63d8f409058"},"headline":"Haco: Rakirina sizayan li hember parastina maf\u00ean kurdan","datePublished":"2025-01-12T08:30:12+00:00","dateModified":"2025-01-12T15:30:10+00:00","mainEntityOfPage":{"@id":"https:\/\/saknews.net\/ku\/?p=2017"},"wordCount":413,"publisher":{"@id":"https:\/\/saknews.net\/ku\/#organization"},"image":{"@id":"https:\/\/saknews.net\/ku\/?p=2017#primaryimage"},"thumbnailUrl":"https:\/\/i0.wp.com\/saknews.net\/ku\/wp-content\/uploads\/2025\/01\/IMG-20250112-WA00432.jpg?fit=945%2C514&ssl=1","articleSection":["Hevd\u00eetin"],"inLanguage":"en-US"},{"@type":"WebPage","@id":"https:\/\/saknews.net\/ku\/?p=2017","url":"https:\/\/saknews.net\/ku\/?p=2017","name":"Haco: Rakirina sizayan li hember parastina maf\u00ean kurdan &#8226; \u015eAK","isPartOf":{"@id":"https:\/\/saknews.net\/ku\/#website"},"primaryImageOfPage":{"@id":"https:\/\/saknews.net\/ku\/?p=2017#primaryimage"},"image":{"@id":"https:\/\/saknews.net\/ku\/?p=2017#primaryimage"},"thumbnailUrl":"https:\/\/i0.wp.com\/saknews.net\/ku\/wp-content\/uploads\/2025\/01\/IMG-20250112-WA00432.jpg?fit=945%2C514&ssl=1","datePublished":"2025-01-12T08:30:12+00:00","dateModified":"2025-01-12T15:30:10+00:00","breadcrumb":{"@id":"https:\/\/saknews.net\/ku\/?p=2017#breadcrumb"},"inLanguage":"en-US","potentialAction":[{"@type":"ReadAction","target":["https:\/\/saknews.net\/ku\/?p=2017"]}]},{"@type":"ImageObject","inLanguage":"en-US","@id":"https:\/\/saknews.net\/ku\/?p=2017#primaryimage","url":"https:\/\/i0.wp.com\/saknews.net\/ku\/wp-content\/uploads\/2025\/01\/IMG-20250112-WA00432.jpg?fit=945%2C514&ssl=1","contentUrl":"https:\/\/i0.wp.com\/saknews.net\/ku\/wp-content\/uploads\/2025\/01\/IMG-20250112-WA00432.jpg?fit=945%2C514&ssl=1","width":945,"height":514},{"@type":"BreadcrumbList","@id":"https:\/\/saknews.net\/ku\/?p=2017#breadcrumb","itemListElement":[{"@type":"ListItem","position":1,"name":"\u0627\u0644\u0631\u0626\u064a\u0633\u064a\u0629","item":"https:\/\/saknews.net\/ku\/"},{"@type":"ListItem","position":2,"name":"N\u00fb\u00e7e","item":"https:\/\/saknews.net\/ku\/?cat=49"},{"@type":"ListItem","position":3,"name":"Daxuyan\u00ee","item":"https:\/\/saknews.net\/ku\/?cat=34"},{"@type":"ListItem","position":4,"name":"Hevd\u00eetin","item":"https:\/\/saknews.net\/ku\/?cat=42"},{"@type":"ListItem","position":5,"name":"Haco: Rakirina sizayan li hember parastina maf\u00ean kurdan"}]},{"@type":"WebSite","@id":"https:\/\/saknews.net\/ku\/#website","url":"https:\/\/saknews.net\/ku\/","name":"S\u0327epe\u0302la Azadi\u0302 ya Kurdistani\u0302","description":"\u062a\u064a\u0627\u0631 \u0627\u0644\u062d\u0631\u064a\u0629 \u0627\u0644\u0643\u0648\u0631\u062f\u0633\u062a\u0627\u0646\u064a \u015eep\u00eala Azad\u00ee ya Kurdistan\u00ee","publisher":{"@id":"https:\/\/saknews.net\/ku\/#organization"},"potentialAction":[{"@type":"SearchAction","target":{"@type":"EntryPoint","urlTemplate":"https:\/\/saknews.net\/ku\/?s={search_term_string}"},"query-input":{"@type":"PropertyValueSpecification","valueRequired":true,"valueName":"search_term_string"}}],"inLanguage":"en-US"},{"@type":"Organization","@id":"https:\/\/saknews.net\/ku\/#organization","name":"\u015eep\u00eala Azadiy\u00ea ya Kurdistan\u00ea - \u062a\u064a\u0627\u0631 \u0627\u0644\u062d\u0631\u064a\u0629 \u0627\u0644\u0643\u0648\u0631\u062f\u0633\u062a\u0627\u0646\u064a","url":"https:\/\/saknews.net\/ku\/","logo":{"@type":"ImageObject","inLanguage":"en-US","@id":"https:\/\/saknews.net\/ku\/#\/schema\/logo\/image\/","url":"https:\/\/i0.wp.com\/saknews.net\/ku\/wp-content\/uploads\/2024\/11\/cropped-logo-1.png?fit=512%2C512&ssl=1","contentUrl":"https:\/\/i0.wp.com\/saknews.net\/ku\/wp-content\/uploads\/2024\/11\/cropped-logo-1.png?fit=512%2C512&ssl=1","width":512,"height":512,"caption":"\u015eep\u00eala Azadiy\u00ea ya Kurdistan\u00ea - \u062a\u064a\u0627\u0631 \u0627\u0644\u062d\u0631\u064a\u0629 \u0627\u0644\u0643\u0648\u0631\u062f\u0633\u062a\u0627\u0646\u064a"},"image":{"@id":"https:\/\/saknews.net\/ku\/#\/schema\/logo\/image\/"},"sameAs":["https:\/\/www.facebook.com\/Shepel.ewropa"]},{"@type":"Person","@id":"https:\/\/saknews.net\/ku\/#\/schema\/person\/72ae32a4041a3817e015b63d8f409058","name":"Horan Hem","url":"https:\/\/saknews.net\/ku\/?author=8"}]}},"featured_image_urls":{"full":["https:\/\/i0.wp.com\/saknews.net\/ku\/wp-content\/uploads\/2025\/01\/IMG-20250112-WA00432.jpg?fit=945%2C514&ssl=1",945,514,false],"thumbnail":["https:\/\/i0.wp.com\/saknews.net\/ku\/wp-content\/uploads\/2025\/01\/IMG-20250112-WA00432.jpg?resize=150%2C150&ssl=1",150,150,true],"medium":["https:\/\/i0.wp.com\/saknews.net\/ku\/wp-content\/uploads\/2025\/01\/IMG-20250112-WA00432.jpg?fit=300%2C163&ssl=1",300,163,true],"medium_large":["https:\/\/i0.wp.com\/saknews.net\/ku\/wp-content\/uploads\/2025\/01\/IMG-20250112-WA00432.jpg?fit=640%2C348&ssl=1",640,348,true],"large":["https:\/\/i0.wp.com\/saknews.net\/ku\/wp-content\/uploads\/2025\/01\/IMG-20250112-WA00432.jpg?fit=640%2C348&ssl=1",640,348,true],"1536x1536":["https:\/\/i0.wp.com\/saknews.net\/ku\/wp-content\/uploads\/2025\/01\/IMG-20250112-WA00432.jpg?fit=945%2C514&ssl=1",945,514,true],"2048x2048":["https:\/\/i0.wp.com\/saknews.net\/ku\/wp-content\/uploads\/2025\/01\/IMG-20250112-WA00432.jpg?fit=945%2C514&ssl=1",945,514,true],"covernews-featured":["https:\/\/i0.wp.com\/saknews.net\/ku\/wp-content\/uploads\/2025\/01\/IMG-20250112-WA00432.jpg?fit=945%2C514&ssl=1",945,514,true],"covernews-medium":["https:\/\/i0.wp.com\/saknews.net\/ku\/wp-content\/uploads\/2025\/01\/IMG-20250112-WA00432.jpg?resize=540%2C340&ssl=1",540,340,true]},"author_info":{"display_name":"Horan Hem","author_link":"https:\/\/saknews.net\/ku\/?author=8"},"category_info":"<a href=\"https:\/\/saknews.net\/ku\/?cat=42\" rel=\"category\">Hevd\u00eetin<\/a>","tag_info":"Hevd\u00eetin","comment_count":"0","_links":{"self":[{"href":"https:\/\/saknews.net\/ku\/index.php?rest_route=\/wp\/v2\/posts\/2017","targetHints":{"allow":["GET"]}}],"collection":[{"href":"https:\/\/saknews.net\/ku\/index.php?rest_route=\/wp\/v2\/posts"}],"about":[{"href":"https:\/\/saknews.net\/ku\/index.php?rest_route=\/wp\/v2\/types\/post"}],"author":[{"embeddable":true,"href":"https:\/\/saknews.net\/ku\/index.php?rest_route=\/wp\/v2\/users\/8"}],"replies":[{"embeddable":true,"href":"https:\/\/saknews.net\/ku\/index.php?rest_route=%2Fwp%2Fv2%2Fcomments&post=2017"}],"version-history":[{"count":2,"href":"https:\/\/saknews.net\/ku\/index.php?rest_route=\/wp\/v2\/posts\/2017\/revisions"}],"predecessor-version":[{"id":2019,"href":"https:\/\/saknews.net\/ku\/index.php?rest_route=\/wp\/v2\/posts\/2017\/revisions\/2019"}],"wp:featuredmedia":[{"embeddable":true,"href":"https:\/\/saknews.net\/ku\/index.php?rest_route=\/wp\/v2\/media\/2020"}],"wp:attachment":[{"href":"https:\/\/saknews.net\/ku\/index.php?rest_route=%2Fwp%2Fv2%2Fmedia&parent=2017"}],"wp:term":[{"taxonomy":"category","embeddable":true,"href":"https:\/\/saknews.net\/ku\/index.php?rest_route=%2Fwp%2Fv2%2Fcategories&post=2017"},{"taxonomy":"post_tag","embeddable":true,"href":"https:\/\/saknews.net\/ku\/index.php?rest_route=%2Fwp%2Fv2%2Ftags&post=2017"}],"curies":[{"name":"wp","href":"https:\/\/api.w.org\/{rel}","templated":true}]}}