{"id":2021,"date":"2025-01-15T22:06:44","date_gmt":"2025-01-15T22:06:44","guid":{"rendered":"https:\/\/saknews.net\/ku\/?p=2021"},"modified":"2025-01-15T22:10:59","modified_gmt":"2025-01-15T22:10:59","slug":"xerki-dive-biryar-ji-kurdistana-suriye-be","status":"publish","type":"post","link":"https:\/\/saknews.net\/ku\/?p=2021","title":{"rendered":"X\u00eark\u00ee: Div\u00ea biryar ji Kurdistana S\u00fbriy\u00ea be"},"content":{"rendered":"<p>C\u00eegir\u00ea Serok\u00ea \u015eep\u00eala Azad\u00ee ya Kurdistan\u00ee, Dr. Tariq X\u00eark\u00ee, di hevpeyv\u00eeneke siyas\u00ee de bi bernameya St\u00fbna Kurd a li ser tor\u00ean civak\u00ee behsa rew\u015fa her\u00ee daw\u00ee ya S\u00fbriy\u00ea kir.<br \/>\nDr. X\u00eark\u00ee herwiha behsa got\u00fbb\u00eaja kurd\u00ee \u2013 kurd\u00ee kir \u00fb got div\u00ea aliy\u00ean kurd\u00ee li Kurdistana S\u00fbriy\u00ea xwed\u00ee biryara xwe bin \u00fb div\u00ea biryara Kurdistana S\u00fbriy\u00ea ji Kurdistana S\u00fbriy\u00ea be.<br \/>\nHerwiha Dr. X\u00eark\u00ee tekez kir hewl\u00ean r\u00eakeftin\u00ean ber\u00ea di navbera herdu aliy\u00ean kurd li Kurdistana S\u00fbriy\u00ea bi serketin, ji ber herdu al\u00ee gir\u00eaday\u00ee aliy\u00ean ji derve b\u00fbn.<br \/>\nHer derbar\u00ea serdana \u015fanda Of\u00eesa P\u00eawendiy\u00ean Derve ya Ber\u00ea Kurdistana S\u00fbriy\u00ea ji bo \u015eam\u00ea, Dr. X\u00eark\u00ee diyar kir, ku ew serdan ji bo hevd\u00eetina bi aliy\u00ean navdewlet\u00ee re b\u00fb \u00fb t\u00eade daxwaz\u00ean xwe gihandin wan, herwiha Dr. X\u00eark\u00ee tekez kir, ku armanca w\u00ea \u015fand\u00ea ne ji bo got\u00fbb\u00eaja bi desthelata n\u00fb li \u015eam\u00ea re b\u00fb \u00fb got div\u00ea kurd bi yek \u015fand\u00ea ber\u00ea xwe bidin\u00ea \u015eam\u00ea \u00fb daxwaza s\u00eestemeke federal ji bo S\u00fbriy\u00ea \u00fb her\u00eameke yekgirt\u00ee ji bo Kurdistana S\u00fbriy\u00ea bikin.<br \/>\nHer di derbar\u00ea p\u00ea\u015feroja S\u00fbriy\u00ea de j\u00ee, Dr. Tariq X\u00eark\u00ee got p\u00ea\u015feroja S\u00fbriy\u00ea h\u00een ne zelal e, l\u00ea w\u00ea gelek\u00ee asteng\u00ee hebin eger di qunaxa veguh\u00eaz de dadperweriya veguh\u00eaz tine be.<br \/>\nHerwiha Dr X\u00eark\u00ee di derbar\u00ea lidarxistina kongr\u00ea diwem \u00ea \u015eep\u00eala Azad\u00ee ya Kurdistan\u00ee de got, ku amadekar\u00ee ji bo w\u00ea berdewan dikin \u00fb b\u00eaguman w\u00ea guhertin\u00ean li gor\u00ee rew\u015fa n\u00fb li ber \u00e7avan werin girtin.<\/p>\n<p>C\u00eegir\u00ea Serok\u00ea \u015eep\u00eala Azad\u00ee ya Kurdistan\u00ee, Dr. Tariq X\u00eark\u00ee, di hevpeyv\u00eeneke siyas\u00ee de bi bernameya St\u00fbna Kurd a li ser tor\u00ean civak\u00ee behsa rew\u015fa her\u00ee daw\u00ee ya S\u00fbriy\u00ea kir.<br \/>\nDr. X\u00eark\u00ee herwiha behsa got\u00fbb\u00eaja kurd\u00ee \u2013 kurd\u00ee kir \u00fb got div\u00ea aliy\u00ean kurd\u00ee li Kurdistana S\u00fbriy\u00ea xwed\u00ee biryara xwe bin \u00fb div\u00ea biryara Kurdistana S\u00fbriy\u00ea ji Kurdistana S\u00fbriy\u00ea be.<br \/>\nHerwiha Dr. X\u00eark\u00ee tekez kir hewl\u00ean r\u00eakeftin\u00ean ber\u00ea di navbera herdu aliy\u00ean kurd li Kurdistana S\u00fbriy\u00ea bi serketin, ji ber herdu al\u00ee gir\u00eaday\u00ee aliy\u00ean ji derve b\u00fbn.<br \/>\nHer derbar\u00ea serdana \u015fanda Of\u00eesa P\u00eawendiy\u00ean Derve ya Ber\u00ea Kurdistana S\u00fbriy\u00ea ji bo \u015eam\u00ea, Dr. X\u00eark\u00ee diyar kir, ku ew serdan ji bo hevd\u00eetina bi aliy\u00ean navdewlet\u00ee re b\u00fb \u00fb t\u00eade daxwaz\u00ean xwe gihandin wan, herwiha Dr. X\u00eark\u00ee tekez kir, ku armanca w\u00ea \u015fand\u00ea ne ji bo got\u00fbb\u00eaja bi desthelata n\u00fb li \u015eam\u00ea re b\u00fb \u00fb got div\u00ea kurd bi yek \u015fand\u00ea ber\u00ea xwe bidin\u00ea \u015eam\u00ea \u00fb daxwaza s\u00eestemeke federal ji bo S\u00fbriy\u00ea \u00fb her\u00eameke yekgirt\u00ee ji bo Kurdistana S\u00fbriy\u00ea bikin.<br \/>\nHer di derbar\u00ea p\u00ea\u015feroja S\u00fbriy\u00ea de j\u00ee, Dr. Tariq X\u00eark\u00ee got p\u00ea\u015feroja S\u00fbriy\u00ea h\u00een ne zelal e, l\u00ea w\u00ea gelek\u00ee asteng\u00ee hebin eger di qunaxa veguh\u00eaz de dadperweriya veguh\u00eaz tine be.<br \/>\nHerwiha Dr X\u00eark\u00ee di derbar\u00ea lidarxistina kongr\u00ea diwem \u00ea \u015eep\u00eala Azad\u00ee ya Kurdistan\u00ee de got, ku amadekar\u00ee ji bo w\u00ea berdewan dikin \u00fb b\u00eaguman w\u00ea guhertin\u00ean li gor\u00ee rew\u015fa n\u00fb li ber \u00e7avan werin girtin.<br \/>\nTevahiya hevd\u00eetin\u00ea li v\u00ea der\u00ea bib\u00eenin:<\/p>\n<p><div class=\"ose- ose-uid-566fee0dde99e3dfec0f203b4e88b630 ose-embedpress-responsive\" style=\"width:1920px; height:1080px; max-height:1080px; max-width:100%; display:inline-block;\" data-embed-type=\"Facebook\"><iframe allowFullScreen=\"true\" class=\"embera-facebook-iframe-566fe lazyload\" data-src=\"https:\/\/www.facebook.com\/plugins\/post.php?href=https%3A%2F%2Fwww.facebook.com%2Fshare%2Fv%2F1DsvoCop5J%2F&width=1920&height=1080&show_text=true\" width=\"1920\" height=\"1080\" style=\"border:none;overflow:hidden\" scrolling=\"no\" frameborder=\"0\" allowTransparency=\"true\" src=\"data:image\/svg+xml;base64,PHN2ZyB3aWR0aD0iMSIgaGVpZ2h0PSIxIiB4bWxucz0iaHR0cDovL3d3dy53My5vcmcvMjAwMC9zdmciPjwvc3ZnPg==\" data-load-mode=\"1\"><\/iframe><\/div><\/p>\n","protected":false},"excerpt":{"rendered":"<p>C\u00eegir\u00ea Serok\u00ea \u015eep\u00eala Azad\u00ee ya Kurdistan\u00ee, Dr. Tariq X\u00eark\u00ee, di hevpeyv\u00eeneke siyas\u00ee de bi bernameya&#8230;<\/p>\n","protected":false},"author":8,"featured_media":2022,"comment_status":"closed","ping_status":"closed","sticky":false,"template":"","format":"standard","meta":{"footnotes":""},"categories":[42],"tags":[],"class_list":["post-2021","post","type-post","status-publish","format-standard","has-post-thumbnail","hentry","category-hevditin"],"yoast_head":"<!-- This site is optimized with the Yoast SEO plugin v27.5 - https:\/\/yoast.com\/product\/yoast-seo-wordpress\/ -->\n<title>X\u00eark\u00ee: Div\u00ea biryar ji Kurdistana S\u00fbriy\u00ea be &#8226; \u015eAK<\/title>\n<meta name=\"robots\" content=\"index, follow, max-snippet:-1, max-image-preview:large, max-video-preview:-1\" \/>\n<link rel=\"canonical\" href=\"https:\/\/saknews.net\/ku\/?p=2021\" \/>\n<meta property=\"og:locale\" content=\"en_US\" \/>\n<meta property=\"og:type\" content=\"article\" \/>\n<meta property=\"og:title\" content=\"X\u00eark\u00ee: Div\u00ea biryar ji Kurdistana S\u00fbriy\u00ea be &#8226; \u015eAK\" \/>\n<meta property=\"og:description\" content=\"C\u00eegir\u00ea Serok\u00ea \u015eep\u00eala Azad\u00ee ya Kurdistan\u00ee, Dr. Tariq X\u00eark\u00ee, di hevpeyv\u00eeneke siyas\u00ee de bi bernameya...\" \/>\n<meta property=\"og:url\" content=\"https:\/\/saknews.net\/ku\/?p=2021\" \/>\n<meta property=\"og:site_name\" content=\"\u015eAK\" \/>\n<meta property=\"article:publisher\" content=\"https:\/\/www.facebook.com\/Shepel.ewropa\" \/>\n<meta property=\"article:published_time\" content=\"2025-01-15T22:06:44+00:00\" \/>\n<meta property=\"article:modified_time\" content=\"2025-01-15T22:10:59+00:00\" \/>\n<meta property=\"og:image\" content=\"https:\/\/saknews.net\/ku\/wp-content\/uploads\/2025\/01\/Screenshot_20250115_225202_Facebook.jpg\" \/>\n\t<meta property=\"og:image:width\" content=\"1855\" \/>\n\t<meta property=\"og:image:height\" content=\"976\" \/>\n\t<meta property=\"og:image:type\" content=\"image\/jpeg\" \/>\n<meta name=\"author\" content=\"Horan Hem\" \/>\n<meta name=\"twitter:card\" content=\"summary_large_image\" \/>\n<meta name=\"twitter:label1\" content=\"Written by\" \/>\n\t<meta name=\"twitter:data1\" content=\"Horan Hem\" \/>\n\t<meta name=\"twitter:label2\" content=\"Est. reading time\" \/>\n\t<meta name=\"twitter:data2\" content=\"3 minutes\" \/>\n<script type=\"application\/ld+json\" class=\"yoast-schema-graph\">{\"@context\":\"https:\\\/\\\/schema.org\",\"@graph\":[{\"@type\":\"Article\",\"@id\":\"https:\\\/\\\/saknews.net\\\/ku\\\/?p=2021#article\",\"isPartOf\":{\"@id\":\"https:\\\/\\\/saknews.net\\\/ku\\\/?p=2021\"},\"author\":{\"name\":\"Horan Hem\",\"@id\":\"https:\\\/\\\/saknews.net\\\/ku\\\/#\\\/schema\\\/person\\\/72ae32a4041a3817e015b63d8f409058\"},\"headline\":\"X\u00eark\u00ee: Div\u00ea biryar ji Kurdistana S\u00fbriy\u00ea be\",\"datePublished\":\"2025-01-15T22:06:44+00:00\",\"dateModified\":\"2025-01-15T22:10:59+00:00\",\"mainEntityOfPage\":{\"@id\":\"https:\\\/\\\/saknews.net\\\/ku\\\/?p=2021\"},\"wordCount\":579,\"publisher\":{\"@id\":\"https:\\\/\\\/saknews.net\\\/ku\\\/#organization\"},\"image\":{\"@id\":\"https:\\\/\\\/saknews.net\\\/ku\\\/?p=2021#primaryimage\"},\"thumbnailUrl\":\"https:\\\/\\\/i0.wp.com\\\/saknews.net\\\/ku\\\/wp-content\\\/uploads\\\/2025\\\/01\\\/Screenshot_20250115_225202_Facebook.jpg?fit=1855%2C976&ssl=1\",\"articleSection\":[\"Hevd\u00eetin\"],\"inLanguage\":\"en-US\"},{\"@type\":\"WebPage\",\"@id\":\"https:\\\/\\\/saknews.net\\\/ku\\\/?p=2021\",\"url\":\"https:\\\/\\\/saknews.net\\\/ku\\\/?p=2021\",\"name\":\"X\u00eark\u00ee: Div\u00ea biryar ji Kurdistana S\u00fbriy\u00ea be &#8226; \u015eAK\",\"isPartOf\":{\"@id\":\"https:\\\/\\\/saknews.net\\\/ku\\\/#website\"},\"primaryImageOfPage\":{\"@id\":\"https:\\\/\\\/saknews.net\\\/ku\\\/?p=2021#primaryimage\"},\"image\":{\"@id\":\"https:\\\/\\\/saknews.net\\\/ku\\\/?p=2021#primaryimage\"},\"thumbnailUrl\":\"https:\\\/\\\/i0.wp.com\\\/saknews.net\\\/ku\\\/wp-content\\\/uploads\\\/2025\\\/01\\\/Screenshot_20250115_225202_Facebook.jpg?fit=1855%2C976&ssl=1\",\"datePublished\":\"2025-01-15T22:06:44+00:00\",\"dateModified\":\"2025-01-15T22:10:59+00:00\",\"breadcrumb\":{\"@id\":\"https:\\\/\\\/saknews.net\\\/ku\\\/?p=2021#breadcrumb\"},\"inLanguage\":\"en-US\",\"potentialAction\":[{\"@type\":\"ReadAction\",\"target\":[\"https:\\\/\\\/saknews.net\\\/ku\\\/?p=2021\"]}]},{\"@type\":\"ImageObject\",\"inLanguage\":\"en-US\",\"@id\":\"https:\\\/\\\/saknews.net\\\/ku\\\/?p=2021#primaryimage\",\"url\":\"https:\\\/\\\/i0.wp.com\\\/saknews.net\\\/ku\\\/wp-content\\\/uploads\\\/2025\\\/01\\\/Screenshot_20250115_225202_Facebook.jpg?fit=1855%2C976&ssl=1\",\"contentUrl\":\"https:\\\/\\\/i0.wp.com\\\/saknews.net\\\/ku\\\/wp-content\\\/uploads\\\/2025\\\/01\\\/Screenshot_20250115_225202_Facebook.jpg?fit=1855%2C976&ssl=1\",\"width\":1855,\"height\":976},{\"@type\":\"BreadcrumbList\",\"@id\":\"https:\\\/\\\/saknews.net\\\/ku\\\/?p=2021#breadcrumb\",\"itemListElement\":[{\"@type\":\"ListItem\",\"position\":1,\"name\":\"\u0627\u0644\u0631\u0626\u064a\u0633\u064a\u0629\",\"item\":\"https:\\\/\\\/saknews.net\\\/ku\\\/\"},{\"@type\":\"ListItem\",\"position\":2,\"name\":\"N\u00fb\u00e7e\",\"item\":\"https:\\\/\\\/saknews.net\\\/ku\\\/?cat=49\"},{\"@type\":\"ListItem\",\"position\":3,\"name\":\"Daxuyan\u00ee\",\"item\":\"https:\\\/\\\/saknews.net\\\/ku\\\/?cat=34\"},{\"@type\":\"ListItem\",\"position\":4,\"name\":\"Hevd\u00eetin\",\"item\":\"https:\\\/\\\/saknews.net\\\/ku\\\/?cat=42\"},{\"@type\":\"ListItem\",\"position\":5,\"name\":\"X\u00eark\u00ee: Div\u00ea biryar ji Kurdistana S\u00fbriy\u00ea be\"}]},{\"@type\":\"WebSite\",\"@id\":\"https:\\\/\\\/saknews.net\\\/ku\\\/#website\",\"url\":\"https:\\\/\\\/saknews.net\\\/ku\\\/\",\"name\":\"S\u0327epe\u0302la Azadi\u0302 ya Kurdistani\u0302\",\"description\":\"\u062a\u064a\u0627\u0631 \u0627\u0644\u062d\u0631\u064a\u0629 \u0627\u0644\u0643\u0648\u0631\u062f\u0633\u062a\u0627\u0646\u064a \u015eep\u00eala Azad\u00ee ya Kurdistan\u00ee\",\"publisher\":{\"@id\":\"https:\\\/\\\/saknews.net\\\/ku\\\/#organization\"},\"potentialAction\":[{\"@type\":\"SearchAction\",\"target\":{\"@type\":\"EntryPoint\",\"urlTemplate\":\"https:\\\/\\\/saknews.net\\\/ku\\\/?s={search_term_string}\"},\"query-input\":{\"@type\":\"PropertyValueSpecification\",\"valueRequired\":true,\"valueName\":\"search_term_string\"}}],\"inLanguage\":\"en-US\"},{\"@type\":\"Organization\",\"@id\":\"https:\\\/\\\/saknews.net\\\/ku\\\/#organization\",\"name\":\"\u015eep\u00eala Azadiy\u00ea ya Kurdistan\u00ea - \u062a\u064a\u0627\u0631 \u0627\u0644\u062d\u0631\u064a\u0629 \u0627\u0644\u0643\u0648\u0631\u062f\u0633\u062a\u0627\u0646\u064a\",\"url\":\"https:\\\/\\\/saknews.net\\\/ku\\\/\",\"logo\":{\"@type\":\"ImageObject\",\"inLanguage\":\"en-US\",\"@id\":\"https:\\\/\\\/saknews.net\\\/ku\\\/#\\\/schema\\\/logo\\\/image\\\/\",\"url\":\"https:\\\/\\\/i0.wp.com\\\/saknews.net\\\/ku\\\/wp-content\\\/uploads\\\/2024\\\/11\\\/cropped-logo-1.png?fit=512%2C512&ssl=1\",\"contentUrl\":\"https:\\\/\\\/i0.wp.com\\\/saknews.net\\\/ku\\\/wp-content\\\/uploads\\\/2024\\\/11\\\/cropped-logo-1.png?fit=512%2C512&ssl=1\",\"width\":512,\"height\":512,\"caption\":\"\u015eep\u00eala Azadiy\u00ea ya Kurdistan\u00ea - \u062a\u064a\u0627\u0631 \u0627\u0644\u062d\u0631\u064a\u0629 \u0627\u0644\u0643\u0648\u0631\u062f\u0633\u062a\u0627\u0646\u064a\"},\"image\":{\"@id\":\"https:\\\/\\\/saknews.net\\\/ku\\\/#\\\/schema\\\/logo\\\/image\\\/\"},\"sameAs\":[\"https:\\\/\\\/www.facebook.com\\\/Shepel.ewropa\"]},{\"@type\":\"Person\",\"@id\":\"https:\\\/\\\/saknews.net\\\/ku\\\/#\\\/schema\\\/person\\\/72ae32a4041a3817e015b63d8f409058\",\"name\":\"Horan Hem\",\"url\":\"https:\\\/\\\/saknews.net\\\/ku\\\/?author=8\"}]}<\/script>\n<!-- \/ Yoast SEO plugin. -->","yoast_head_json":{"title":"X\u00eark\u00ee: Div\u00ea biryar ji Kurdistana S\u00fbriy\u00ea be &#8226; \u015eAK","robots":{"index":"index","follow":"follow","max-snippet":"max-snippet:-1","max-image-preview":"max-image-preview:large","max-video-preview":"max-video-preview:-1"},"canonical":"https:\/\/saknews.net\/ku\/?p=2021","og_locale":"en_US","og_type":"article","og_title":"X\u00eark\u00ee: Div\u00ea biryar ji Kurdistana S\u00fbriy\u00ea be &#8226; \u015eAK","og_description":"C\u00eegir\u00ea Serok\u00ea \u015eep\u00eala Azad\u00ee ya Kurdistan\u00ee, Dr. Tariq X\u00eark\u00ee, di hevpeyv\u00eeneke siyas\u00ee de bi bernameya...","og_url":"https:\/\/saknews.net\/ku\/?p=2021","og_site_name":"\u015eAK","article_publisher":"https:\/\/www.facebook.com\/Shepel.ewropa","article_published_time":"2025-01-15T22:06:44+00:00","article_modified_time":"2025-01-15T22:10:59+00:00","og_image":[{"width":1855,"height":976,"url":"https:\/\/saknews.net\/ku\/wp-content\/uploads\/2025\/01\/Screenshot_20250115_225202_Facebook.jpg","type":"image\/jpeg"}],"author":"Horan Hem","twitter_card":"summary_large_image","twitter_misc":{"Written by":"Horan Hem","Est. reading time":"3 minutes"},"schema":{"@context":"https:\/\/schema.org","@graph":[{"@type":"Article","@id":"https:\/\/saknews.net\/ku\/?p=2021#article","isPartOf":{"@id":"https:\/\/saknews.net\/ku\/?p=2021"},"author":{"name":"Horan Hem","@id":"https:\/\/saknews.net\/ku\/#\/schema\/person\/72ae32a4041a3817e015b63d8f409058"},"headline":"X\u00eark\u00ee: Div\u00ea biryar ji Kurdistana S\u00fbriy\u00ea be","datePublished":"2025-01-15T22:06:44+00:00","dateModified":"2025-01-15T22:10:59+00:00","mainEntityOfPage":{"@id":"https:\/\/saknews.net\/ku\/?p=2021"},"wordCount":579,"publisher":{"@id":"https:\/\/saknews.net\/ku\/#organization"},"image":{"@id":"https:\/\/saknews.net\/ku\/?p=2021#primaryimage"},"thumbnailUrl":"https:\/\/i0.wp.com\/saknews.net\/ku\/wp-content\/uploads\/2025\/01\/Screenshot_20250115_225202_Facebook.jpg?fit=1855%2C976&ssl=1","articleSection":["Hevd\u00eetin"],"inLanguage":"en-US"},{"@type":"WebPage","@id":"https:\/\/saknews.net\/ku\/?p=2021","url":"https:\/\/saknews.net\/ku\/?p=2021","name":"X\u00eark\u00ee: Div\u00ea biryar ji Kurdistana S\u00fbriy\u00ea be &#8226; \u015eAK","isPartOf":{"@id":"https:\/\/saknews.net\/ku\/#website"},"primaryImageOfPage":{"@id":"https:\/\/saknews.net\/ku\/?p=2021#primaryimage"},"image":{"@id":"https:\/\/saknews.net\/ku\/?p=2021#primaryimage"},"thumbnailUrl":"https:\/\/i0.wp.com\/saknews.net\/ku\/wp-content\/uploads\/2025\/01\/Screenshot_20250115_225202_Facebook.jpg?fit=1855%2C976&ssl=1","datePublished":"2025-01-15T22:06:44+00:00","dateModified":"2025-01-15T22:10:59+00:00","breadcrumb":{"@id":"https:\/\/saknews.net\/ku\/?p=2021#breadcrumb"},"inLanguage":"en-US","potentialAction":[{"@type":"ReadAction","target":["https:\/\/saknews.net\/ku\/?p=2021"]}]},{"@type":"ImageObject","inLanguage":"en-US","@id":"https:\/\/saknews.net\/ku\/?p=2021#primaryimage","url":"https:\/\/i0.wp.com\/saknews.net\/ku\/wp-content\/uploads\/2025\/01\/Screenshot_20250115_225202_Facebook.jpg?fit=1855%2C976&ssl=1","contentUrl":"https:\/\/i0.wp.com\/saknews.net\/ku\/wp-content\/uploads\/2025\/01\/Screenshot_20250115_225202_Facebook.jpg?fit=1855%2C976&ssl=1","width":1855,"height":976},{"@type":"BreadcrumbList","@id":"https:\/\/saknews.net\/ku\/?p=2021#breadcrumb","itemListElement":[{"@type":"ListItem","position":1,"name":"\u0627\u0644\u0631\u0626\u064a\u0633\u064a\u0629","item":"https:\/\/saknews.net\/ku\/"},{"@type":"ListItem","position":2,"name":"N\u00fb\u00e7e","item":"https:\/\/saknews.net\/ku\/?cat=49"},{"@type":"ListItem","position":3,"name":"Daxuyan\u00ee","item":"https:\/\/saknews.net\/ku\/?cat=34"},{"@type":"ListItem","position":4,"name":"Hevd\u00eetin","item":"https:\/\/saknews.net\/ku\/?cat=42"},{"@type":"ListItem","position":5,"name":"X\u00eark\u00ee: Div\u00ea biryar ji Kurdistana S\u00fbriy\u00ea be"}]},{"@type":"WebSite","@id":"https:\/\/saknews.net\/ku\/#website","url":"https:\/\/saknews.net\/ku\/","name":"S\u0327epe\u0302la Azadi\u0302 ya Kurdistani\u0302","description":"\u062a\u064a\u0627\u0631 \u0627\u0644\u062d\u0631\u064a\u0629 \u0627\u0644\u0643\u0648\u0631\u062f\u0633\u062a\u0627\u0646\u064a \u015eep\u00eala Azad\u00ee ya Kurdistan\u00ee","publisher":{"@id":"https:\/\/saknews.net\/ku\/#organization"},"potentialAction":[{"@type":"SearchAction","target":{"@type":"EntryPoint","urlTemplate":"https:\/\/saknews.net\/ku\/?s={search_term_string}"},"query-input":{"@type":"PropertyValueSpecification","valueRequired":true,"valueName":"search_term_string"}}],"inLanguage":"en-US"},{"@type":"Organization","@id":"https:\/\/saknews.net\/ku\/#organization","name":"\u015eep\u00eala Azadiy\u00ea ya Kurdistan\u00ea - \u062a\u064a\u0627\u0631 \u0627\u0644\u062d\u0631\u064a\u0629 \u0627\u0644\u0643\u0648\u0631\u062f\u0633\u062a\u0627\u0646\u064a","url":"https:\/\/saknews.net\/ku\/","logo":{"@type":"ImageObject","inLanguage":"en-US","@id":"https:\/\/saknews.net\/ku\/#\/schema\/logo\/image\/","url":"https:\/\/i0.wp.com\/saknews.net\/ku\/wp-content\/uploads\/2024\/11\/cropped-logo-1.png?fit=512%2C512&ssl=1","contentUrl":"https:\/\/i0.wp.com\/saknews.net\/ku\/wp-content\/uploads\/2024\/11\/cropped-logo-1.png?fit=512%2C512&ssl=1","width":512,"height":512,"caption":"\u015eep\u00eala Azadiy\u00ea ya Kurdistan\u00ea - \u062a\u064a\u0627\u0631 \u0627\u0644\u062d\u0631\u064a\u0629 \u0627\u0644\u0643\u0648\u0631\u062f\u0633\u062a\u0627\u0646\u064a"},"image":{"@id":"https:\/\/saknews.net\/ku\/#\/schema\/logo\/image\/"},"sameAs":["https:\/\/www.facebook.com\/Shepel.ewropa"]},{"@type":"Person","@id":"https:\/\/saknews.net\/ku\/#\/schema\/person\/72ae32a4041a3817e015b63d8f409058","name":"Horan Hem","url":"https:\/\/saknews.net\/ku\/?author=8"}]}},"featured_image_urls":{"full":["https:\/\/i0.wp.com\/saknews.net\/ku\/wp-content\/uploads\/2025\/01\/Screenshot_20250115_225202_Facebook.jpg?fit=1855%2C976&ssl=1",1855,976,false],"thumbnail":["https:\/\/i0.wp.com\/saknews.net\/ku\/wp-content\/uploads\/2025\/01\/Screenshot_20250115_225202_Facebook.jpg?resize=150%2C150&ssl=1",150,150,true],"medium":["https:\/\/i0.wp.com\/saknews.net\/ku\/wp-content\/uploads\/2025\/01\/Screenshot_20250115_225202_Facebook.jpg?fit=300%2C158&ssl=1",300,158,true],"medium_large":["https:\/\/i0.wp.com\/saknews.net\/ku\/wp-content\/uploads\/2025\/01\/Screenshot_20250115_225202_Facebook.jpg?fit=640%2C337&ssl=1",640,337,true],"large":["https:\/\/i0.wp.com\/saknews.net\/ku\/wp-content\/uploads\/2025\/01\/Screenshot_20250115_225202_Facebook.jpg?fit=640%2C337&ssl=1",640,337,true],"1536x1536":["https:\/\/i0.wp.com\/saknews.net\/ku\/wp-content\/uploads\/2025\/01\/Screenshot_20250115_225202_Facebook.jpg?fit=1536%2C808&ssl=1",1536,808,true],"2048x2048":["https:\/\/i0.wp.com\/saknews.net\/ku\/wp-content\/uploads\/2025\/01\/Screenshot_20250115_225202_Facebook.jpg?fit=1855%2C976&ssl=1",1855,976,true],"covernews-featured":["https:\/\/i0.wp.com\/saknews.net\/ku\/wp-content\/uploads\/2025\/01\/Screenshot_20250115_225202_Facebook.jpg?fit=1024%2C539&ssl=1",1024,539,true],"covernews-medium":["https:\/\/i0.wp.com\/saknews.net\/ku\/wp-content\/uploads\/2025\/01\/Screenshot_20250115_225202_Facebook.jpg?resize=540%2C340&ssl=1",540,340,true]},"author_info":{"display_name":"Horan Hem","author_link":"https:\/\/saknews.net\/ku\/?author=8"},"category_info":"<a href=\"https:\/\/saknews.net\/ku\/?cat=42\" rel=\"category\">Hevd\u00eetin<\/a>","tag_info":"Hevd\u00eetin","comment_count":"0","_links":{"self":[{"href":"https:\/\/saknews.net\/ku\/index.php?rest_route=\/wp\/v2\/posts\/2021","targetHints":{"allow":["GET"]}}],"collection":[{"href":"https:\/\/saknews.net\/ku\/index.php?rest_route=\/wp\/v2\/posts"}],"about":[{"href":"https:\/\/saknews.net\/ku\/index.php?rest_route=\/wp\/v2\/types\/post"}],"author":[{"embeddable":true,"href":"https:\/\/saknews.net\/ku\/index.php?rest_route=\/wp\/v2\/users\/8"}],"replies":[{"embeddable":true,"href":"https:\/\/saknews.net\/ku\/index.php?rest_route=%2Fwp%2Fv2%2Fcomments&post=2021"}],"version-history":[{"count":3,"href":"https:\/\/saknews.net\/ku\/index.php?rest_route=\/wp\/v2\/posts\/2021\/revisions"}],"predecessor-version":[{"id":2025,"href":"https:\/\/saknews.net\/ku\/index.php?rest_route=\/wp\/v2\/posts\/2021\/revisions\/2025"}],"wp:featuredmedia":[{"embeddable":true,"href":"https:\/\/saknews.net\/ku\/index.php?rest_route=\/wp\/v2\/media\/2022"}],"wp:attachment":[{"href":"https:\/\/saknews.net\/ku\/index.php?rest_route=%2Fwp%2Fv2%2Fmedia&parent=2021"}],"wp:term":[{"taxonomy":"category","embeddable":true,"href":"https:\/\/saknews.net\/ku\/index.php?rest_route=%2Fwp%2Fv2%2Fcategories&post=2021"},{"taxonomy":"post_tag","embeddable":true,"href":"https:\/\/saknews.net\/ku\/index.php?rest_route=%2Fwp%2Fv2%2Ftags&post=2021"}],"curies":[{"name":"wp","href":"https:\/\/api.w.org\/{rel}","templated":true}]}}