{"id":2026,"date":"2025-01-18T22:49:17","date_gmt":"2025-01-18T22:49:17","guid":{"rendered":"https:\/\/saknews.net\/ku\/?p=2026"},"modified":"2025-01-18T22:49:17","modified_gmt":"2025-01-18T22:49:17","slug":"sam-weke-ku-min-dit","status":"publish","type":"post","link":"https:\/\/saknews.net\/ku\/?p=2026","title":{"rendered":"\u015eam weke ku min d\u00eet"},"content":{"rendered":"<p>Comerd Hemdo\u015f <\/p>\n<p>Serdana min ji bo \u015eam\u00ea pi\u015ft\u00ee derbasb\u00fbna b\u00eatir\u00ee 15 salan, gelek cuda b\u00fb, wek \u00e7awa mirov serdana bajarek\u00ee n\u00fb bike, l\u00ea her \u00e7awa be j\u00ee, hest \u00fb b\u00eeran\u00een me li pey xwe dime\u015f\u00eenin.<br \/>\nDiv\u00ea ber\u00ee her ti\u015ft\u00ee mirov xwe ji b\u00eeran\u00een\u00ean ber\u00ea rizgar bike heta karibe rew\u015fa niha ba\u015f t\u00eabigihe. Div\u00ea mirov li r\u00fby\u00ea xelk\u00ea ba\u015f tema\u015fe bike \u00fb ba\u015f guh bide wan \u00e7awa li rew\u015fa xwe din\u00earin \u00fb \u00e7i p\u00ea\u015fb\u00een\u00ee dikin.<br \/>\nLi \u015eam\u00ea dewlet tine ye, l\u00ea mirov dikare bi azad\u00ee li tevahiya \u015eam\u00ea bigere \u00fb kesek \u00ee\u015f\u00ea xwe j\u00ea n\u00eene \u00fb napirse tu k\u00ee y\u00ee \u00fb ji ku hatiy\u00ee, b\u00ea guman hestek\u00ee xwe\u015f e ku mirov b\u00ea tirs li her der\u00ea bigere. Li ser\u00ea her taxek\u00ea an diwan \u00eavar\u00ee \u00e7ekdar\u00ean ser bi desthelata HT\u015e ve ji bo parastina tax\u00ea \u00fb nehi\u015ftina diyardeya revandin\u00ea disekinin. Her \u00e7ekdarek karteke nas\u00een\u00ea j\u00ee heye ku her kes ji aliy\u00ea xwe ve bi nav\u00ea HT\u015e dernekeve.<br \/>\nNan li \u015eam\u00ea gelek e, xelk ji firin\u00ea dikire \u00fb li ser cadeyan zarok digerin \u00fb difro\u015fin, xwarin her ti\u015ft heye \u00fb ji ber\u00ea erzantir e, l\u00ea li gor\u00ee dahata xelk\u00ea h\u00een biha ye, herwiha ji bo. L\u00ea ji bo biyaniyan j\u00ee giran e \u00fb xelk wan gelek\u00ee dixap\u00eene.<br \/>\nMirov dikare b\u00eaje hema pol\u00ees\u00ean traf\u00eek\u00ea ji bin\u00ee tine ne \u00fb eger hebin j\u00ee gelek k\u00eam in \u00fb ne bi rast\u00ee pol\u00ees\u00ean traf\u00eek\u00ea ne. Wate \u00e7ekdar in \u00fb hatine bi cil\u00ean s\u00eev\u00eel \u00e7\u00fbn\u00fbhatin\u00ea serast bikin, l\u00ea weke min got gelek k\u00eam in. Herwiha li pir cihan min d\u00eet xelk\u00ea s\u00eev\u00eel weke xwebex\u015f kar\u00ea pol\u00ees\u00ean tiraf\u00eek\u00ea dikin, l\u00ea ne gelek kes j\u00ee guh dide wan. Belk\u00ee di wan roj\u00ean em li \u015eam\u00ea b\u00fbn, me ronahiyeke tiraf\u00eek\u00ea bi ten\u00ea d\u00eet ku kar dikir, y\u00ean din gi\u015ft\u00ee kar nedikirin.<br \/>\nEm di r\u00ea de b\u00fbn \u00fb vedigeriyan hot\u00eal\u00ea, deng\u00ea Ambulans\u00ea ji d\u00fbr ve hate me, em sekin\u00een \u00fb me xwest r\u00ea bidin\u00ea. Ji ber ku gelek\u00ee qerebalix b\u00fb j\u00ee kes\u00ee r\u00ea neda ku amb\u00fblans derbas bibe, \u00e7end \u015fof\u00ear ji tirimb\u00eal\u00ean xwe daketin, ku bi kar\u00ea pol\u00ees\u00ean tiraf\u00eek\u00ea rabin \u00fb bih\u00ealin r\u00ea ji amb\u00fblans\u00ea re b\u00ea vekirin, l\u00ea kes\u00ee guh nedida kes\u00ee. Ev ten\u00ea nim\u00fbneyeke bi\u00e7\u00fbk b\u00fb \u00fb n\u00ee\u015fanek b\u00fb, ku xelk dixwaze kar\u00ean wan \u00ean rojane serast bibin \u00fb her ti\u015ft bi r\u00eak \u00fb p\u00eak bibe, l\u00ea ti\u015ftin hene ji dest wan nay\u00ean der, herwiha n\u00ee\u015fana tevliheviy\u00ea j\u00ee b\u00fb.<br \/>\nRew\u015fa xizmetguzariy\u00ea j\u00ee ne ba\u015ftir e ji ya tiraf\u00eek\u00ea, \u015eam gelek\u00ee p\u00ees b\u00fbye ji p\u00eesiy\u00ea, \u015faredar\u00ee ne di ti hal\u00ee de ye. Li her der\u00ea p\u00ees\u00ee heye, karmend n\u00eenin \u00fb bi ser de j\u00ee tirimb\u00eal\u00ean komkirina p\u00eesiy\u00ea j\u00ee gelek kevin in \u00fb p\u00eadiv\u00ee bi hineke n\u00fb heye, div\u00ea karmend b\u00eane damezirandin. Xirab\u00fbna di dema ketina Esed de \u00e7\u00eab\u00fbye, h\u00een heye, der nehatine paqijkirin, tirimb\u00eal\u00ean \u015fewit\u00ee ji ser cadeyan nehatine rakirin.<br \/>\nKolan\u00ean \u015eam\u00ea b\u00fbne bazareke vekir\u00ee ji her ti\u015ft\u00ee \u00fb her kes\u00ee re, ti\u015ftek\u00ee bi r\u00eak \u00fb p\u00eak tu nab\u00een\u00ee. Her \u00e7end metreyan benz\u00een t\u00ea firotin, b\u00eahna benz\u00een\u00ea sing\u00ea mirov teng dike \u00fb ji bo xelk\u00ea j\u00ee ne tendir\u00fbst e \u00fb ziyan\u00ea digih\u00eene wan, l\u00ea eger zanibin \u00fb nizanibin j\u00ee ti\u015ftek ji bo wan nay\u00ea guhertin. Gelek hene ziyan d\u00eetine \u00fb min \u00e7end kes d\u00eetin dihatin nexwe\u015fxaney\u00ea \u00fb pirsgir\u00eak\u00ean wan \u00ean nefes\u00ea heb\u00fbn, tev\u00ee ku temen\u00ean wan ne mezin b\u00fbn j\u00ee.<br \/>\nLi nexwe\u015fxaneyan j\u00ee rew\u015f ne ba\u015ftir e. Ji ber nepaqijiya xwarin\u00ea ez nexwe\u015f ketim \u00fb \u00e7\u00fbm nexwe\u015fxaney\u00ea, li w\u00ea der\u00ea jineke genc hat ku dest\u00ea w\u00ea ji qiz\u00eaz\u00ea bir\u00een b\u00fbb\u00fb \u00fb diviyab\u00fb bihatiba dir\u00fbtin. Doktor\u00ea hawar\u00e7\u00fbn\u00ea j\u00ea re dir\u00fbt \u00fb tal\u00ee \u00e7\u00fb ew ti\u015ft\u00ean di dir\u00fbtin\u00ea de bikar aniye (weke \u015fefre \u00fb m\u00fb\u00e7ilk\u00ea) da ber av\u00ea \u00fb bi l\u00fbf\u00ea paqij kir \u00fb ti\u015ft wisa dan\u00ee ser masey\u00ea heta ziwa bibin! Ez \u015fok b\u00fbm bi rast\u00ee, ti\u015ftek\u00ee paqij li w\u00ea nexwe\u015fxaney\u00ea neb\u00fb, \u00e7awa doktor bi xwe wan ti\u015ft\u00ean bikarh\u00eanay\u00ee  bi av \u00fb l\u00fbf\u00ea paqij dike, ew ba\u015ftir dizane, ku av \u00fb l\u00fbf mikroban nakujin, div\u00ea bi madeya paqijkirin\u00ea ya taybet b\u00eane paqijkirin! Ev wisa jiyana xelk\u00ea tevde dixe metirsiy\u00ea \u00fb dibe sedem nexwe\u015f\u00ee bi xelk\u00ea bikevin heta dibe ku p\u00ea jiyana xwe ji dest bidin! W\u00ea hing\u00ea min got ba\u015f e ne bir\u00eendar im!<br \/>\n\u015eama niha ne \u015eama ber\u00ea ye, eger \u015eam jin\u00fbve b\u00ea avakirin, b\u00eatir\u00ee 20 salan bi \u015eam\u00ea gerek e heta bigihe asta paytexta Her\u00eama Kurdistan\u00ea HEWL\u00caR\u00ca.<br \/>\nPiraniya xelk\u00ea heta niha bi ketina Esed re weke serxwe\u015fan l\u00ea hatiye \u00fb h\u00een di k\u00eafxwe\u015fiy\u00ea de ne, ev j\u00ee normal \u00fb loj\u00eek e, l\u00ea ya ne normal \u00fb loj\u00eek, ew e ku xelk xwe bixap\u00eene \u00fb hi\u015fyar nebe \u00fb nefikire ka d\u00ea siberoja wan \u00e7awa be. Tev\u00ee her ti\u015ft\u00ee j\u00ee mirov xemginiyek\u00ea di dil\u00ea wan de dib\u00eene, yan\u00ee ti\u015ftek heye dil\u00ea xelk\u00ea rihet nake, nizanim h\u00een ew guhertin\u00ean \u00e7\u00eab\u00fbne bawer nekirine yan ditirsin jin\u00fbve dubare bibe? Piran\u00ee dib\u00eajin em tevde s\u00fbr\u00ee ne \u00fb cudahiya me n\u00eene! Ew weke pirens\u00eep gelek ba\u015f e, l\u00ea kes\u00ee t\u00ear nake \u00fb ji bo parastina maf\u00ean tevahiyan ne bes e, div\u00ea her ti\u015ft were binavkirin.<br \/>\nHinek ji xelk\u00ea hene, h\u00ead\u00ee h\u00ead\u00ee bi dengek\u00ee bilind dipirsin ka gelo ew hik\u00fbmeta veguh\u00eaz d\u00ea \u00e7awa be, d\u00ea yekreng be an pirreng be? Xelkin hene dib\u00eajin div\u00ea hik\u00fbmeteke veguh\u00eaz ya pirreng\u00ee were avakirin \u00fb maf\u00ean p\u00eakhateyan bipar\u00eaze \u00fb n\u00fbnertiya wan bike. L\u00ea heta niha j\u00ee \u015f\u00eaweya s\u00eestema siyas\u00ee ya n\u00fb \u00fb binavkirina maf\u00ean p\u00eakhateyan b\u00eatir bala xelk\u00ea neki\u015fandiye an j\u00ee derfeta w\u00ea neb\u00fbye ba\u015f p\u00ea bifikirin, weke gaveke ber\u00ea min got, ku h\u00een serxwe\u015f in.<br \/>\nMe gelek xwest serdana tax\u00ean kurdan li \u015eam\u00ea bikin \u00fb rew\u015fa wan ji n\u00eaz\u00eek ve binasin. Em ketine r\u00ea di nav qerebalix\u00ea derbas b\u00fbn heta em gihane cih\u00ea xwe. Me xwest mala Celadet Bedirxan bizanibin li ku b\u00fb \u00fb herwisa serdana gora w\u00ee bikin. Piraniya kurd\u00ean taxa kurdan ( niha bi Rukne D\u00een t\u00ea naskirin \u00fb li gor\u00ee wan nav\u00ea taxa wan ji serdema Ebdilnasir ve hatiye erebkirin) ziman\u00ea kurd\u00ee nizanin an j\u00ee ji b\u00eer kirine, nif\u015f\u00ea n\u00fb bi nav\u00ean kurd\u00ee ye, l\u00ea kurd\u00ee nizane. Kurd\u00ean w\u00ea tax\u00ea kurdperwer in \u00fb bi kurdb\u00fbna xwe j\u00ee serbilind in, piran\u00ee d\u00fbr\u00ee siyaseta kurd\u00ee ne, liva tevgera kurd\u00ee t\u00eade lawaz b\u00fb \u00fb h\u00een j\u00ee lawaz e. Li gor\u00ee ji me re hatiye gotin, b\u00eatir\u00ee 300  hezar kurd li w\u00ea der\u00ea hene. Ev j\u00ee hijmareke gelek mezin e ku heya niha ji aliy\u00ea tevgera kurd\u00ee ve pi\u015ftguh maye. Ew heya niha h\u00een behsa serdema Osman Sebr\u00ee \u00fb Celadet Bedirxan dikin, l\u00ea mixabin j\u00ee hin hene ne Osman Sebr\u00ee \u00fb ne j\u00ee Celadet Bedirxan nas dikin. Em di r\u00ea de b\u00fbn, min ji kurdek\u00ee pirs\u00ee gelo mala Celadet Bedirxan li ku b\u00fb, ji min pirs\u00ee \u00fb got: Ev kes \u00e7i kar\u00ee dike?<br \/>\nDi ser\u00ea \u00e7iyay\u00ee re em \u00e7\u00fbn heta em gihane meqama \u015e\u00eax Xalid\u00ea Neq\u015febend\u00ee, ku gora Celadet Bedirxan li w\u00ea der\u00ea ye. Gora w\u00ee li ser pi\u015fta \u00e7iyay\u00ee ye \u00fb hema b\u00eaje \u015eam\u00ea tevde li xwe digire, l\u00ea heyf e ku hatiye ji b\u00eer kirin.<br \/>\nGelek xirab e, kurd bigihin asta ku nema kes\u00ean weke Celadet Bedirxan nas dikin. Ketina Esed derfetek e ji tevgera kurd re xwe d\u00eesan li tax\u00ean kurdan xurt bike.<br \/>\nNi\u015fan\u00ean r\u00eaveberiya HT\u015e heta niha dane diyarkirin, ne gelek n\u00ee\u015fan\u00ean x\u00ear\u00ea ne \u00fb ten\u00ea bi hest\u00ean xelk\u00ea dil\u00eeze \u00fb dizane \u00e7i heza wan t\u00eene , ku wext\u00ea ji xwe re bikire \u00fb xwe bi h\u00eaztir bike li ser hesab\u00ea p\u00ea\u015feroja welatek\u00ee. \u00c7ima wisa dib\u00eajim?<br \/>\nHeta niha ev r\u00eaveberiya HT\u015e bi zelal\u00ee n\u00eaz\u00eek\u00ee pirs\u00ean kurd, elew\u00ee \u00fb durziyan neb\u00fbye. Heta niha fermandar\u00ea HT\u015e gotarek ji xelk\u00ea re p\u00ea\u015fk\u00ea\u015f nekiriye \u00fb negotiye ew d\u00ea \u00e7i bike \u00fb pilana w\u00ee \u00e7i ye. Heta behsa demokrasiy\u00ea nekiriye, ka d\u00ea S\u00fbriya pi\u015ft\u00ee Esed bibe S\u00fbriyak \u00eeslam\u00eest? Ez bi xwe bawer nakim kesek\u00ee ber\u00ea tam rad\u00eekal b\u00fb, karibe xwe bike demokratxwaz \u00fb s\u00eestemeke siyas\u00ee d\u00fbr\u00ee hizra \u00eeslam\u00ee \u00e7\u00eabike. Div\u00ea li S\u00fbriy\u00ea h\u00eaz\u00ean demokratxwaz li benda soz\u00ean devk\u00ee y\u00ean fermandar\u00ea HT\u015e nem\u00eenin \u00fb zanibin ew t\u00eane xapandin, mejiy\u00ean van kesan ne mejiy\u00ean bir\u00eavebirina dewletan e. Nim\u00fbneyeke din a bi\u00e7\u00fbk; Me xwest serdana girt\u00eegeha S\u00eadnaya ya binav\u00fbdeng bikin, em \u00e7\u00fbne cem avahiya R\u00eaveber\u00ea Devera El-Til, ku rizamend\u00ee ji w\u00ea der\u00ea t\u00ea standin. Pasewan gote me fermo div\u00ea h\u00fbn bi\u00e7in cem Em\u00eer! Em\u00eer k\u00ee ye? Em\u00eer berpirsek\u00ee HT\u015e ye, tev\u00ee ku gelek al\u00eekar b\u00fb \u00fb r\u00eazdar b\u00fb j\u00ee, l\u00ea hema dema xwe bi nav\u00ea Em\u00eer di nava avahiya saziyeke dewlet\u00ea de dide nas\u00een, ew xirab e. Ne ten\u00ea li wir, l\u00ea li ser s\u00eenor dema ber\u00ee pasport b\u00eane morkirin,  gotin me eger nasnamey\u00ean we ne y\u00ean s\u00fbr\u00ee bin \u00fb ni\u015ftecihb\u00fbna libnan\u00ee tine be, div\u00ea herin cem Em\u00eer, Em\u00eer j\u00ee li v\u00ea der\u00ea weke efserek\u00ee pilebilind e \u00fb ten\u00ea ji me pirs kir pasport\u00ean me \u00ean \u00e7i welat\u00ee ne \u00fb gote me derbas bin. Ev pirsgir\u00eakek e eger bi mejiya em\u00eeran dewlet\u00ea bir\u00eave bibin \u00fb metirsiyeke mezin e ji bo aram\u00ee \u00fb ewlehiya wel\u00eat bi gi\u015ft\u00ee.<br \/>\nMebesta min ew e, ku ew kes\u00ean wisa nikarin h\u00eaviy\u00ean s\u00fbriyan p\u00eak b\u00eenin, berevaj\u00ee v\u00ea j\u00ee, w\u00ea h\u00eaviyan bi\u015fk\u00eenin \u00fb tekrengiya xwe li xelk\u00ea ferz bikin, wate dewleke n\u00fb ya sitemkar ava bikin.<br \/>\nD\u00eesan tekez dikim, nabe demokratxwaz\u00ean kurd, ereb, elew\u00ee, durz\u00ee, as\u00fbr\u00ee \u00fb tevahiya p\u00eakhatey\u00ean din li S\u00fbriy\u00ea, \u015eam\u00ea ten\u00ea ji HT\u015e re bih\u00ealin. Eger niha b\u00eadeng bim\u00eenin \u00fb ji wan re bih\u00ealin, w\u00ea serdema Hafiz Esed a sitemkar bi kirasek\u00ee \u00eeslam\u00ee vegere.<\/p>\n<p>Min \u015eam wisa d\u00eet. <\/p>\n","protected":false},"excerpt":{"rendered":"<p>Comerd Hemdo\u015f Serdana min ji bo \u015eam\u00ea pi\u015ft\u00ee derbasb\u00fbna b\u00eatir\u00ee 15 salan, gelek cuda b\u00fb,&#8230;<\/p>\n","protected":false},"author":8,"featured_media":2027,"comment_status":"closed","ping_status":"closed","sticky":false,"template":"","format":"image","meta":{"footnotes":""},"categories":[51],"tags":[],"class_list":["post-2026","post","type-post","status-publish","format-image","has-post-thumbnail","hentry","category-gotar","post_format-post-format-image"],"yoast_head":"<!-- This site is optimized with the Yoast SEO plugin v27.5 - https:\/\/yoast.com\/product\/yoast-seo-wordpress\/ -->\n<title>\u015eam weke ku min d\u00eet &#8226; \u015eAK<\/title>\n<meta name=\"robots\" content=\"index, follow, max-snippet:-1, max-image-preview:large, max-video-preview:-1\" \/>\n<link rel=\"canonical\" href=\"https:\/\/saknews.net\/ku\/?p=2026\" \/>\n<meta property=\"og:locale\" content=\"en_US\" \/>\n<meta property=\"og:type\" content=\"article\" \/>\n<meta property=\"og:title\" content=\"\u015eam weke ku min d\u00eet &#8226; \u015eAK\" \/>\n<meta property=\"og:description\" content=\"Comerd Hemdo\u015f Serdana min ji bo \u015eam\u00ea pi\u015ft\u00ee derbasb\u00fbna b\u00eatir\u00ee 15 salan, gelek cuda b\u00fb,...\" \/>\n<meta property=\"og:url\" content=\"https:\/\/saknews.net\/ku\/?p=2026\" \/>\n<meta property=\"og:site_name\" content=\"\u015eAK\" \/>\n<meta property=\"article:publisher\" content=\"https:\/\/www.facebook.com\/Shepel.ewropa\" \/>\n<meta property=\"article:published_time\" content=\"2025-01-18T22:49:17+00:00\" \/>\n<meta property=\"og:image\" content=\"https:\/\/saknews.net\/ku\/wp-content\/uploads\/2025\/01\/20250118_230741_0000.png\" \/>\n\t<meta property=\"og:image:width\" content=\"635\" \/>\n\t<meta property=\"og:image:height\" content=\"934\" \/>\n\t<meta property=\"og:image:type\" content=\"image\/png\" \/>\n<meta name=\"author\" content=\"Horan Hem\" \/>\n<meta name=\"twitter:card\" content=\"summary_large_image\" \/>\n<meta name=\"twitter:label1\" content=\"Written by\" \/>\n\t<meta name=\"twitter:data1\" content=\"Horan Hem\" \/>\n\t<meta name=\"twitter:label2\" content=\"Est. reading time\" \/>\n\t<meta name=\"twitter:data2\" content=\"1 minute\" \/>\n<script type=\"application\/ld+json\" class=\"yoast-schema-graph\">{\"@context\":\"https:\\\/\\\/schema.org\",\"@graph\":[{\"@type\":\"Article\",\"@id\":\"https:\\\/\\\/saknews.net\\\/ku\\\/?p=2026#article\",\"isPartOf\":{\"@id\":\"https:\\\/\\\/saknews.net\\\/ku\\\/?p=2026\"},\"author\":{\"name\":\"Horan Hem\",\"@id\":\"https:\\\/\\\/saknews.net\\\/ku\\\/#\\\/schema\\\/person\\\/72ae32a4041a3817e015b63d8f409058\"},\"headline\":\"\u015eam weke ku min d\u00eet\",\"datePublished\":\"2025-01-18T22:49:17+00:00\",\"mainEntityOfPage\":{\"@id\":\"https:\\\/\\\/saknews.net\\\/ku\\\/?p=2026\"},\"wordCount\":1746,\"publisher\":{\"@id\":\"https:\\\/\\\/saknews.net\\\/ku\\\/#organization\"},\"image\":{\"@id\":\"https:\\\/\\\/saknews.net\\\/ku\\\/?p=2026#primaryimage\"},\"thumbnailUrl\":\"https:\\\/\\\/i0.wp.com\\\/saknews.net\\\/ku\\\/wp-content\\\/uploads\\\/2025\\\/01\\\/20250118_230741_0000.png?fit=635%2C934&ssl=1\",\"articleSection\":[\"Gotar\"],\"inLanguage\":\"en-US\"},{\"@type\":\"WebPage\",\"@id\":\"https:\\\/\\\/saknews.net\\\/ku\\\/?p=2026\",\"url\":\"https:\\\/\\\/saknews.net\\\/ku\\\/?p=2026\",\"name\":\"\u015eam weke ku min d\u00eet &#8226; \u015eAK\",\"isPartOf\":{\"@id\":\"https:\\\/\\\/saknews.net\\\/ku\\\/#website\"},\"primaryImageOfPage\":{\"@id\":\"https:\\\/\\\/saknews.net\\\/ku\\\/?p=2026#primaryimage\"},\"image\":{\"@id\":\"https:\\\/\\\/saknews.net\\\/ku\\\/?p=2026#primaryimage\"},\"thumbnailUrl\":\"https:\\\/\\\/i0.wp.com\\\/saknews.net\\\/ku\\\/wp-content\\\/uploads\\\/2025\\\/01\\\/20250118_230741_0000.png?fit=635%2C934&ssl=1\",\"datePublished\":\"2025-01-18T22:49:17+00:00\",\"breadcrumb\":{\"@id\":\"https:\\\/\\\/saknews.net\\\/ku\\\/?p=2026#breadcrumb\"},\"inLanguage\":\"en-US\",\"potentialAction\":[{\"@type\":\"ReadAction\",\"target\":[\"https:\\\/\\\/saknews.net\\\/ku\\\/?p=2026\"]}]},{\"@type\":\"ImageObject\",\"inLanguage\":\"en-US\",\"@id\":\"https:\\\/\\\/saknews.net\\\/ku\\\/?p=2026#primaryimage\",\"url\":\"https:\\\/\\\/i0.wp.com\\\/saknews.net\\\/ku\\\/wp-content\\\/uploads\\\/2025\\\/01\\\/20250118_230741_0000.png?fit=635%2C934&ssl=1\",\"contentUrl\":\"https:\\\/\\\/i0.wp.com\\\/saknews.net\\\/ku\\\/wp-content\\\/uploads\\\/2025\\\/01\\\/20250118_230741_0000.png?fit=635%2C934&ssl=1\",\"width\":635,\"height\":934},{\"@type\":\"BreadcrumbList\",\"@id\":\"https:\\\/\\\/saknews.net\\\/ku\\\/?p=2026#breadcrumb\",\"itemListElement\":[{\"@type\":\"ListItem\",\"position\":1,\"name\":\"\u0627\u0644\u0631\u0626\u064a\u0633\u064a\u0629\",\"item\":\"https:\\\/\\\/saknews.net\\\/ku\\\/\"},{\"@type\":\"ListItem\",\"position\":2,\"name\":\"Gotar\",\"item\":\"https:\\\/\\\/saknews.net\\\/ku\\\/?cat=51\"},{\"@type\":\"ListItem\",\"position\":3,\"name\":\"\u015eam weke ku min d\u00eet\"}]},{\"@type\":\"WebSite\",\"@id\":\"https:\\\/\\\/saknews.net\\\/ku\\\/#website\",\"url\":\"https:\\\/\\\/saknews.net\\\/ku\\\/\",\"name\":\"S\u0327epe\u0302la Azadi\u0302 ya Kurdistani\u0302\",\"description\":\"\u062a\u064a\u0627\u0631 \u0627\u0644\u062d\u0631\u064a\u0629 \u0627\u0644\u0643\u0648\u0631\u062f\u0633\u062a\u0627\u0646\u064a \u015eep\u00eala Azad\u00ee ya Kurdistan\u00ee\",\"publisher\":{\"@id\":\"https:\\\/\\\/saknews.net\\\/ku\\\/#organization\"},\"potentialAction\":[{\"@type\":\"SearchAction\",\"target\":{\"@type\":\"EntryPoint\",\"urlTemplate\":\"https:\\\/\\\/saknews.net\\\/ku\\\/?s={search_term_string}\"},\"query-input\":{\"@type\":\"PropertyValueSpecification\",\"valueRequired\":true,\"valueName\":\"search_term_string\"}}],\"inLanguage\":\"en-US\"},{\"@type\":\"Organization\",\"@id\":\"https:\\\/\\\/saknews.net\\\/ku\\\/#organization\",\"name\":\"\u015eep\u00eala Azadiy\u00ea ya Kurdistan\u00ea - \u062a\u064a\u0627\u0631 \u0627\u0644\u062d\u0631\u064a\u0629 \u0627\u0644\u0643\u0648\u0631\u062f\u0633\u062a\u0627\u0646\u064a\",\"url\":\"https:\\\/\\\/saknews.net\\\/ku\\\/\",\"logo\":{\"@type\":\"ImageObject\",\"inLanguage\":\"en-US\",\"@id\":\"https:\\\/\\\/saknews.net\\\/ku\\\/#\\\/schema\\\/logo\\\/image\\\/\",\"url\":\"https:\\\/\\\/i0.wp.com\\\/saknews.net\\\/ku\\\/wp-content\\\/uploads\\\/2024\\\/11\\\/cropped-logo-1.png?fit=512%2C512&ssl=1\",\"contentUrl\":\"https:\\\/\\\/i0.wp.com\\\/saknews.net\\\/ku\\\/wp-content\\\/uploads\\\/2024\\\/11\\\/cropped-logo-1.png?fit=512%2C512&ssl=1\",\"width\":512,\"height\":512,\"caption\":\"\u015eep\u00eala Azadiy\u00ea ya Kurdistan\u00ea - \u062a\u064a\u0627\u0631 \u0627\u0644\u062d\u0631\u064a\u0629 \u0627\u0644\u0643\u0648\u0631\u062f\u0633\u062a\u0627\u0646\u064a\"},\"image\":{\"@id\":\"https:\\\/\\\/saknews.net\\\/ku\\\/#\\\/schema\\\/logo\\\/image\\\/\"},\"sameAs\":[\"https:\\\/\\\/www.facebook.com\\\/Shepel.ewropa\"]},{\"@type\":\"Person\",\"@id\":\"https:\\\/\\\/saknews.net\\\/ku\\\/#\\\/schema\\\/person\\\/72ae32a4041a3817e015b63d8f409058\",\"name\":\"Horan Hem\",\"url\":\"https:\\\/\\\/saknews.net\\\/ku\\\/?author=8\"}]}<\/script>\n<!-- \/ Yoast SEO plugin. -->","yoast_head_json":{"title":"\u015eam weke ku min d\u00eet &#8226; \u015eAK","robots":{"index":"index","follow":"follow","max-snippet":"max-snippet:-1","max-image-preview":"max-image-preview:large","max-video-preview":"max-video-preview:-1"},"canonical":"https:\/\/saknews.net\/ku\/?p=2026","og_locale":"en_US","og_type":"article","og_title":"\u015eam weke ku min d\u00eet &#8226; \u015eAK","og_description":"Comerd Hemdo\u015f Serdana min ji bo \u015eam\u00ea pi\u015ft\u00ee derbasb\u00fbna b\u00eatir\u00ee 15 salan, gelek cuda b\u00fb,...","og_url":"https:\/\/saknews.net\/ku\/?p=2026","og_site_name":"\u015eAK","article_publisher":"https:\/\/www.facebook.com\/Shepel.ewropa","article_published_time":"2025-01-18T22:49:17+00:00","og_image":[{"width":635,"height":934,"url":"https:\/\/saknews.net\/ku\/wp-content\/uploads\/2025\/01\/20250118_230741_0000.png","type":"image\/png"}],"author":"Horan Hem","twitter_card":"summary_large_image","twitter_misc":{"Written by":"Horan Hem","Est. reading time":"1 minute"},"schema":{"@context":"https:\/\/schema.org","@graph":[{"@type":"Article","@id":"https:\/\/saknews.net\/ku\/?p=2026#article","isPartOf":{"@id":"https:\/\/saknews.net\/ku\/?p=2026"},"author":{"name":"Horan Hem","@id":"https:\/\/saknews.net\/ku\/#\/schema\/person\/72ae32a4041a3817e015b63d8f409058"},"headline":"\u015eam weke ku min d\u00eet","datePublished":"2025-01-18T22:49:17+00:00","mainEntityOfPage":{"@id":"https:\/\/saknews.net\/ku\/?p=2026"},"wordCount":1746,"publisher":{"@id":"https:\/\/saknews.net\/ku\/#organization"},"image":{"@id":"https:\/\/saknews.net\/ku\/?p=2026#primaryimage"},"thumbnailUrl":"https:\/\/i0.wp.com\/saknews.net\/ku\/wp-content\/uploads\/2025\/01\/20250118_230741_0000.png?fit=635%2C934&ssl=1","articleSection":["Gotar"],"inLanguage":"en-US"},{"@type":"WebPage","@id":"https:\/\/saknews.net\/ku\/?p=2026","url":"https:\/\/saknews.net\/ku\/?p=2026","name":"\u015eam weke ku min d\u00eet &#8226; \u015eAK","isPartOf":{"@id":"https:\/\/saknews.net\/ku\/#website"},"primaryImageOfPage":{"@id":"https:\/\/saknews.net\/ku\/?p=2026#primaryimage"},"image":{"@id":"https:\/\/saknews.net\/ku\/?p=2026#primaryimage"},"thumbnailUrl":"https:\/\/i0.wp.com\/saknews.net\/ku\/wp-content\/uploads\/2025\/01\/20250118_230741_0000.png?fit=635%2C934&ssl=1","datePublished":"2025-01-18T22:49:17+00:00","breadcrumb":{"@id":"https:\/\/saknews.net\/ku\/?p=2026#breadcrumb"},"inLanguage":"en-US","potentialAction":[{"@type":"ReadAction","target":["https:\/\/saknews.net\/ku\/?p=2026"]}]},{"@type":"ImageObject","inLanguage":"en-US","@id":"https:\/\/saknews.net\/ku\/?p=2026#primaryimage","url":"https:\/\/i0.wp.com\/saknews.net\/ku\/wp-content\/uploads\/2025\/01\/20250118_230741_0000.png?fit=635%2C934&ssl=1","contentUrl":"https:\/\/i0.wp.com\/saknews.net\/ku\/wp-content\/uploads\/2025\/01\/20250118_230741_0000.png?fit=635%2C934&ssl=1","width":635,"height":934},{"@type":"BreadcrumbList","@id":"https:\/\/saknews.net\/ku\/?p=2026#breadcrumb","itemListElement":[{"@type":"ListItem","position":1,"name":"\u0627\u0644\u0631\u0626\u064a\u0633\u064a\u0629","item":"https:\/\/saknews.net\/ku\/"},{"@type":"ListItem","position":2,"name":"Gotar","item":"https:\/\/saknews.net\/ku\/?cat=51"},{"@type":"ListItem","position":3,"name":"\u015eam weke ku min d\u00eet"}]},{"@type":"WebSite","@id":"https:\/\/saknews.net\/ku\/#website","url":"https:\/\/saknews.net\/ku\/","name":"S\u0327epe\u0302la Azadi\u0302 ya Kurdistani\u0302","description":"\u062a\u064a\u0627\u0631 \u0627\u0644\u062d\u0631\u064a\u0629 \u0627\u0644\u0643\u0648\u0631\u062f\u0633\u062a\u0627\u0646\u064a \u015eep\u00eala Azad\u00ee ya Kurdistan\u00ee","publisher":{"@id":"https:\/\/saknews.net\/ku\/#organization"},"potentialAction":[{"@type":"SearchAction","target":{"@type":"EntryPoint","urlTemplate":"https:\/\/saknews.net\/ku\/?s={search_term_string}"},"query-input":{"@type":"PropertyValueSpecification","valueRequired":true,"valueName":"search_term_string"}}],"inLanguage":"en-US"},{"@type":"Organization","@id":"https:\/\/saknews.net\/ku\/#organization","name":"\u015eep\u00eala Azadiy\u00ea ya Kurdistan\u00ea - \u062a\u064a\u0627\u0631 \u0627\u0644\u062d\u0631\u064a\u0629 \u0627\u0644\u0643\u0648\u0631\u062f\u0633\u062a\u0627\u0646\u064a","url":"https:\/\/saknews.net\/ku\/","logo":{"@type":"ImageObject","inLanguage":"en-US","@id":"https:\/\/saknews.net\/ku\/#\/schema\/logo\/image\/","url":"https:\/\/i0.wp.com\/saknews.net\/ku\/wp-content\/uploads\/2024\/11\/cropped-logo-1.png?fit=512%2C512&ssl=1","contentUrl":"https:\/\/i0.wp.com\/saknews.net\/ku\/wp-content\/uploads\/2024\/11\/cropped-logo-1.png?fit=512%2C512&ssl=1","width":512,"height":512,"caption":"\u015eep\u00eala Azadiy\u00ea ya Kurdistan\u00ea - \u062a\u064a\u0627\u0631 \u0627\u0644\u062d\u0631\u064a\u0629 \u0627\u0644\u0643\u0648\u0631\u062f\u0633\u062a\u0627\u0646\u064a"},"image":{"@id":"https:\/\/saknews.net\/ku\/#\/schema\/logo\/image\/"},"sameAs":["https:\/\/www.facebook.com\/Shepel.ewropa"]},{"@type":"Person","@id":"https:\/\/saknews.net\/ku\/#\/schema\/person\/72ae32a4041a3817e015b63d8f409058","name":"Horan Hem","url":"https:\/\/saknews.net\/ku\/?author=8"}]}},"featured_image_urls":{"full":["https:\/\/i0.wp.com\/saknews.net\/ku\/wp-content\/uploads\/2025\/01\/20250118_230741_0000.png?fit=635%2C934&ssl=1",635,934,false],"thumbnail":["https:\/\/i0.wp.com\/saknews.net\/ku\/wp-content\/uploads\/2025\/01\/20250118_230741_0000.png?resize=150%2C150&ssl=1",150,150,true],"medium":["https:\/\/i0.wp.com\/saknews.net\/ku\/wp-content\/uploads\/2025\/01\/20250118_230741_0000.png?fit=204%2C300&ssl=1",204,300,true],"medium_large":["https:\/\/i0.wp.com\/saknews.net\/ku\/wp-content\/uploads\/2025\/01\/20250118_230741_0000.png?fit=635%2C934&ssl=1",635,934,true],"large":["https:\/\/i0.wp.com\/saknews.net\/ku\/wp-content\/uploads\/2025\/01\/20250118_230741_0000.png?fit=635%2C934&ssl=1",635,934,true],"1536x1536":["https:\/\/i0.wp.com\/saknews.net\/ku\/wp-content\/uploads\/2025\/01\/20250118_230741_0000.png?fit=635%2C934&ssl=1",635,934,true],"2048x2048":["https:\/\/i0.wp.com\/saknews.net\/ku\/wp-content\/uploads\/2025\/01\/20250118_230741_0000.png?fit=635%2C934&ssl=1",635,934,true],"covernews-featured":["https:\/\/i0.wp.com\/saknews.net\/ku\/wp-content\/uploads\/2025\/01\/20250118_230741_0000.png?fit=635%2C934&ssl=1",635,934,true],"covernews-medium":["https:\/\/i0.wp.com\/saknews.net\/ku\/wp-content\/uploads\/2025\/01\/20250118_230741_0000.png?resize=540%2C340&ssl=1",540,340,true]},"author_info":{"display_name":"Horan Hem","author_link":"https:\/\/saknews.net\/ku\/?author=8"},"category_info":"<a href=\"https:\/\/saknews.net\/ku\/?cat=51\" rel=\"category\">Gotar<\/a>","tag_info":"Gotar","comment_count":"0","_links":{"self":[{"href":"https:\/\/saknews.net\/ku\/index.php?rest_route=\/wp\/v2\/posts\/2026","targetHints":{"allow":["GET"]}}],"collection":[{"href":"https:\/\/saknews.net\/ku\/index.php?rest_route=\/wp\/v2\/posts"}],"about":[{"href":"https:\/\/saknews.net\/ku\/index.php?rest_route=\/wp\/v2\/types\/post"}],"author":[{"embeddable":true,"href":"https:\/\/saknews.net\/ku\/index.php?rest_route=\/wp\/v2\/users\/8"}],"replies":[{"embeddable":true,"href":"https:\/\/saknews.net\/ku\/index.php?rest_route=%2Fwp%2Fv2%2Fcomments&post=2026"}],"version-history":[{"count":1,"href":"https:\/\/saknews.net\/ku\/index.php?rest_route=\/wp\/v2\/posts\/2026\/revisions"}],"predecessor-version":[{"id":2028,"href":"https:\/\/saknews.net\/ku\/index.php?rest_route=\/wp\/v2\/posts\/2026\/revisions\/2028"}],"wp:featuredmedia":[{"embeddable":true,"href":"https:\/\/saknews.net\/ku\/index.php?rest_route=\/wp\/v2\/media\/2027"}],"wp:attachment":[{"href":"https:\/\/saknews.net\/ku\/index.php?rest_route=%2Fwp%2Fv2%2Fmedia&parent=2026"}],"wp:term":[{"taxonomy":"category","embeddable":true,"href":"https:\/\/saknews.net\/ku\/index.php?rest_route=%2Fwp%2Fv2%2Fcategories&post=2026"},{"taxonomy":"post_tag","embeddable":true,"href":"https:\/\/saknews.net\/ku\/index.php?rest_route=%2Fwp%2Fv2%2Ftags&post=2026"}],"curies":[{"name":"wp","href":"https:\/\/api.w.org\/{rel}","templated":true}]}}