{"id":2029,"date":"2025-01-23T08:40:02","date_gmt":"2025-01-23T08:40:02","guid":{"rendered":"https:\/\/saknews.net\/ku\/?p=2029"},"modified":"2025-01-23T08:42:00","modified_gmt":"2025-01-23T08:42:00","slug":"sanda-bere-kurdistana-suriye-bi-partiya-cep-re-dicive","status":"publish","type":"post","link":"https:\/\/saknews.net\/ku\/?p=2029","title":{"rendered":"\u015eanda Ber\u00ea Kurdistana S\u00fbriy\u00ea bi Partiya \u00c7ep re dicive"},"content":{"rendered":"<p>\u015eandeke Ber\u00ea Kurdistana S\u00fbriy\u00ea ji bo lidarxistina hevd\u00eetina bi aliy\u00ean siyas\u00ee re bi serdanek\u00ea li bajar\u00ea Qami\u015flo ye. \u015eanda Ber\u00ea bi Serokatiya Ebdilrehman Hebe\u015f \u00fb \u00e7end endam\u00ean din \u00ean Ber\u00ea p\u00eak t\u00ea.<br \/>\nYekem civ\u00een bi Partiya \u00c7ep re hat lidarxistin, ku \u015fanda Ber\u00ea Kurdistana S\u00fbriy\u00ea ji aliy\u00ea Serok\u00ea Partiya \u00c7ep ve Mihemed\u00ea Mus\u00ea ve li bargeha partiy\u00ea hatib\u00fb p\u00ea\u015fwaz\u00eekirin.<\/p>\n<p><img data-recalc-dims=\"1\" decoding=\"async\" class=\"alignright size-medium wp-image-2031 lazyload\" data-src=\"https:\/\/i0.wp.com\/saknews.net\/ku\/wp-content\/uploads\/2025\/01\/1737577517674.jpg?resize=300%2C146&#038;ssl=1\" alt=\"\" width=\"300\" height=\"146\" data-srcset=\"https:\/\/i0.wp.com\/saknews.net\/ku\/wp-content\/uploads\/2025\/01\/1737577517674-scaled.jpg?resize=300%2C146&amp;ssl=1 300w, https:\/\/i0.wp.com\/saknews.net\/ku\/wp-content\/uploads\/2025\/01\/1737577517674-scaled.jpg?resize=1024%2C498&amp;ssl=1 1024w, https:\/\/i0.wp.com\/saknews.net\/ku\/wp-content\/uploads\/2025\/01\/1737577517674-scaled.jpg?resize=768%2C373&amp;ssl=1 768w, https:\/\/i0.wp.com\/saknews.net\/ku\/wp-content\/uploads\/2025\/01\/1737577517674-scaled.jpg?resize=1536%2C746&amp;ssl=1 1536w, https:\/\/i0.wp.com\/saknews.net\/ku\/wp-content\/uploads\/2025\/01\/1737577517674-scaled.jpg?resize=2048%2C995&amp;ssl=1 2048w, https:\/\/i0.wp.com\/saknews.net\/ku\/wp-content\/uploads\/2025\/01\/1737577517674-scaled.jpg?w=1280&amp;ssl=1 1280w, https:\/\/i0.wp.com\/saknews.net\/ku\/wp-content\/uploads\/2025\/01\/1737577517674-scaled.jpg?w=1920&amp;ssl=1 1920w\" data-sizes=\"(max-width: 300px) 100vw, 300px\" src=\"data:image\/svg+xml;base64,PHN2ZyB3aWR0aD0iMSIgaGVpZ2h0PSIxIiB4bWxucz0iaHR0cDovL3d3dy53My5vcmcvMjAwMC9zdmciPjwvc3ZnPg==\" style=\"--smush-placeholder-width: 300px; --smush-placeholder-aspect-ratio: 300\/146;\" \/><br \/>\nRagihandina Ber\u00ea Kurdistana S\u00fbriy\u00ea di derbar\u00ea hevd\u00eetina bi Partiya \u00c7ep re:<\/p>\n<p>\u015eanda Ber\u00ea Kurdistana S\u00fbriy\u00ea bi Partiya \u00c7ep re dicive<\/p>\n<p>\u015eanda Ber\u00ea Kurdistana S\u00fbriy\u00ea \u00eero ji aliy\u00ea Partiya \u00c7ep a Kurd ve li bargeha w\u00ea li Qami\u015flo hat p\u00ea\u015fwaz\u00eekirin. \u015eanda Ber\u00ea ji her yek ji serok\u00ea Ber\u00ea Ebdilrehman Hebe\u015f, Ebdilxen\u00ee Eco \u00fb Mihemed Sed\u00eeq p\u00eakhatib\u00fb. Ji aliy\u00ea Partiya \u00e7ep ve j\u00ee serok\u00ea partiy\u00ea Mihemed\u00ea M\u00fbs\u00ea \u00fb endamine serkirdatiy\u00ea p\u00eak hatib\u00fb.<\/p>\n<p>Di hevd\u00eetin\u00ea de behsa \u00e7awaniya xortkirina hevkar\u00ee \u00fb lihevkirina di navbera partiy\u00ean kurd de hate kirin, herwiha li ser lihevkirina li ser ner\u00eeneke siyas\u00ee ya yekgirt\u00ee \u00fb p\u00eakan\u00eena \u015fandeke hevbe\u015f ku n\u00fbnertiya daxwaz\u00ean gel\u00ea Kurd li S\u00fbriy\u00ea bike pi\u015ft\u00ee ketina rej\u00eem\u00ea, tekez kirin.<\/p>\n<p>Herdu aliyan tekez kirin, ku ev qunax derfetek e d\u00eerok\u00ee ye ji bo bidestxistina maf\u00ean gel\u00ea kurd.<\/p>\n<p>Of\u00eesa Ragihandin\u00ea ya Ber\u00ea Kurdistana S\u00fbriy\u00ea<br \/>\n22.01.2025<\/p>\n","protected":false},"excerpt":{"rendered":"<p>\u015eandeke Ber\u00ea Kurdistana S\u00fbriy\u00ea ji bo lidarxistina hevd\u00eetina bi aliy\u00ean siyas\u00ee re bi serdanek\u00ea li&#8230;<\/p>\n","protected":false},"author":8,"featured_media":2030,"comment_status":"closed","ping_status":"closed","sticky":false,"template":"","format":"standard","meta":{"footnotes":""},"categories":[34,42],"tags":[],"class_list":["post-2029","post","type-post","status-publish","format-standard","has-post-thumbnail","hentry","category-daxuyani","category-hevditin"],"yoast_head":"<!-- This site is optimized with the Yoast SEO plugin v27.5 - https:\/\/yoast.com\/product\/yoast-seo-wordpress\/ -->\n<title>\u015eanda Ber\u00ea Kurdistana S\u00fbriy\u00ea bi Partiya \u00c7ep re dicive &#8226; \u015eAK<\/title>\n<meta name=\"robots\" content=\"index, follow, max-snippet:-1, max-image-preview:large, max-video-preview:-1\" \/>\n<link rel=\"canonical\" href=\"https:\/\/saknews.net\/ku\/?p=2029\" \/>\n<meta property=\"og:locale\" content=\"en_US\" \/>\n<meta property=\"og:type\" content=\"article\" \/>\n<meta property=\"og:title\" content=\"\u015eanda Ber\u00ea Kurdistana S\u00fbriy\u00ea bi Partiya \u00c7ep re dicive &#8226; \u015eAK\" \/>\n<meta property=\"og:description\" content=\"\u015eandeke Ber\u00ea Kurdistana S\u00fbriy\u00ea ji bo lidarxistina hevd\u00eetina bi aliy\u00ean siyas\u00ee re bi serdanek\u00ea li...\" \/>\n<meta property=\"og:url\" content=\"https:\/\/saknews.net\/ku\/?p=2029\" \/>\n<meta property=\"og:site_name\" content=\"\u015eAK\" \/>\n<meta property=\"article:publisher\" content=\"https:\/\/www.facebook.com\/Shepel.ewropa\" \/>\n<meta property=\"article:published_time\" content=\"2025-01-23T08:40:02+00:00\" \/>\n<meta property=\"article:modified_time\" content=\"2025-01-23T08:42:00+00:00\" \/>\n<meta property=\"og:image\" content=\"https:\/\/saknews.net\/ku\/wp-content\/uploads\/2025\/01\/photogrid.photocollagemaker.photoeditor.squarepic_2025122213922366.png\" \/>\n\t<meta property=\"og:image:width\" content=\"1440\" \/>\n\t<meta property=\"og:image:height\" content=\"1080\" \/>\n\t<meta property=\"og:image:type\" content=\"image\/png\" \/>\n<meta name=\"author\" content=\"Horan Hem\" \/>\n<meta name=\"twitter:card\" content=\"summary_large_image\" \/>\n<meta name=\"twitter:label1\" content=\"Written by\" \/>\n\t<meta name=\"twitter:data1\" content=\"Horan Hem\" \/>\n\t<meta name=\"twitter:label2\" content=\"Est. reading time\" \/>\n\t<meta name=\"twitter:data2\" content=\"2 minutes\" \/>\n<script type=\"application\/ld+json\" class=\"yoast-schema-graph\">{\"@context\":\"https:\\\/\\\/schema.org\",\"@graph\":[{\"@type\":\"Article\",\"@id\":\"https:\\\/\\\/saknews.net\\\/ku\\\/?p=2029#article\",\"isPartOf\":{\"@id\":\"https:\\\/\\\/saknews.net\\\/ku\\\/?p=2029\"},\"author\":{\"name\":\"Horan Hem\",\"@id\":\"https:\\\/\\\/saknews.net\\\/ku\\\/#\\\/schema\\\/person\\\/72ae32a4041a3817e015b63d8f409058\"},\"headline\":\"\u015eanda Ber\u00ea Kurdistana S\u00fbriy\u00ea bi Partiya \u00c7ep re dicive\",\"datePublished\":\"2025-01-23T08:40:02+00:00\",\"dateModified\":\"2025-01-23T08:42:00+00:00\",\"mainEntityOfPage\":{\"@id\":\"https:\\\/\\\/saknews.net\\\/ku\\\/?p=2029\"},\"wordCount\":235,\"publisher\":{\"@id\":\"https:\\\/\\\/saknews.net\\\/ku\\\/#organization\"},\"image\":{\"@id\":\"https:\\\/\\\/saknews.net\\\/ku\\\/?p=2029#primaryimage\"},\"thumbnailUrl\":\"https:\\\/\\\/i0.wp.com\\\/saknews.net\\\/ku\\\/wp-content\\\/uploads\\\/2025\\\/01\\\/photogrid.photocollagemaker.photoeditor.squarepic_2025122213922366.png?fit=1440%2C1080&ssl=1\",\"articleSection\":[\"Daxuyan\u00ee\",\"Hevd\u00eetin\"],\"inLanguage\":\"en-US\"},{\"@type\":\"WebPage\",\"@id\":\"https:\\\/\\\/saknews.net\\\/ku\\\/?p=2029\",\"url\":\"https:\\\/\\\/saknews.net\\\/ku\\\/?p=2029\",\"name\":\"\u015eanda Ber\u00ea Kurdistana S\u00fbriy\u00ea bi Partiya \u00c7ep re dicive &#8226; \u015eAK\",\"isPartOf\":{\"@id\":\"https:\\\/\\\/saknews.net\\\/ku\\\/#website\"},\"primaryImageOfPage\":{\"@id\":\"https:\\\/\\\/saknews.net\\\/ku\\\/?p=2029#primaryimage\"},\"image\":{\"@id\":\"https:\\\/\\\/saknews.net\\\/ku\\\/?p=2029#primaryimage\"},\"thumbnailUrl\":\"https:\\\/\\\/i0.wp.com\\\/saknews.net\\\/ku\\\/wp-content\\\/uploads\\\/2025\\\/01\\\/photogrid.photocollagemaker.photoeditor.squarepic_2025122213922366.png?fit=1440%2C1080&ssl=1\",\"datePublished\":\"2025-01-23T08:40:02+00:00\",\"dateModified\":\"2025-01-23T08:42:00+00:00\",\"breadcrumb\":{\"@id\":\"https:\\\/\\\/saknews.net\\\/ku\\\/?p=2029#breadcrumb\"},\"inLanguage\":\"en-US\",\"potentialAction\":[{\"@type\":\"ReadAction\",\"target\":[\"https:\\\/\\\/saknews.net\\\/ku\\\/?p=2029\"]}]},{\"@type\":\"ImageObject\",\"inLanguage\":\"en-US\",\"@id\":\"https:\\\/\\\/saknews.net\\\/ku\\\/?p=2029#primaryimage\",\"url\":\"https:\\\/\\\/i0.wp.com\\\/saknews.net\\\/ku\\\/wp-content\\\/uploads\\\/2025\\\/01\\\/photogrid.photocollagemaker.photoeditor.squarepic_2025122213922366.png?fit=1440%2C1080&ssl=1\",\"contentUrl\":\"https:\\\/\\\/i0.wp.com\\\/saknews.net\\\/ku\\\/wp-content\\\/uploads\\\/2025\\\/01\\\/photogrid.photocollagemaker.photoeditor.squarepic_2025122213922366.png?fit=1440%2C1080&ssl=1\",\"width\":1440,\"height\":1080},{\"@type\":\"BreadcrumbList\",\"@id\":\"https:\\\/\\\/saknews.net\\\/ku\\\/?p=2029#breadcrumb\",\"itemListElement\":[{\"@type\":\"ListItem\",\"position\":1,\"name\":\"\u0627\u0644\u0631\u0626\u064a\u0633\u064a\u0629\",\"item\":\"https:\\\/\\\/saknews.net\\\/ku\\\/\"},{\"@type\":\"ListItem\",\"position\":2,\"name\":\"N\u00fb\u00e7e\",\"item\":\"https:\\\/\\\/saknews.net\\\/ku\\\/?cat=49\"},{\"@type\":\"ListItem\",\"position\":3,\"name\":\"Daxuyan\u00ee\",\"item\":\"https:\\\/\\\/saknews.net\\\/ku\\\/?cat=34\"},{\"@type\":\"ListItem\",\"position\":4,\"name\":\"Hevd\u00eetin\",\"item\":\"https:\\\/\\\/saknews.net\\\/ku\\\/?cat=42\"},{\"@type\":\"ListItem\",\"position\":5,\"name\":\"\u015eanda Ber\u00ea Kurdistana S\u00fbriy\u00ea bi Partiya \u00c7ep re dicive\"}]},{\"@type\":\"WebSite\",\"@id\":\"https:\\\/\\\/saknews.net\\\/ku\\\/#website\",\"url\":\"https:\\\/\\\/saknews.net\\\/ku\\\/\",\"name\":\"S\u0327epe\u0302la Azadi\u0302 ya Kurdistani\u0302\",\"description\":\"\u062a\u064a\u0627\u0631 \u0627\u0644\u062d\u0631\u064a\u0629 \u0627\u0644\u0643\u0648\u0631\u062f\u0633\u062a\u0627\u0646\u064a \u015eep\u00eala Azad\u00ee ya Kurdistan\u00ee\",\"publisher\":{\"@id\":\"https:\\\/\\\/saknews.net\\\/ku\\\/#organization\"},\"potentialAction\":[{\"@type\":\"SearchAction\",\"target\":{\"@type\":\"EntryPoint\",\"urlTemplate\":\"https:\\\/\\\/saknews.net\\\/ku\\\/?s={search_term_string}\"},\"query-input\":{\"@type\":\"PropertyValueSpecification\",\"valueRequired\":true,\"valueName\":\"search_term_string\"}}],\"inLanguage\":\"en-US\"},{\"@type\":\"Organization\",\"@id\":\"https:\\\/\\\/saknews.net\\\/ku\\\/#organization\",\"name\":\"\u015eep\u00eala Azadiy\u00ea ya Kurdistan\u00ea - \u062a\u064a\u0627\u0631 \u0627\u0644\u062d\u0631\u064a\u0629 \u0627\u0644\u0643\u0648\u0631\u062f\u0633\u062a\u0627\u0646\u064a\",\"url\":\"https:\\\/\\\/saknews.net\\\/ku\\\/\",\"logo\":{\"@type\":\"ImageObject\",\"inLanguage\":\"en-US\",\"@id\":\"https:\\\/\\\/saknews.net\\\/ku\\\/#\\\/schema\\\/logo\\\/image\\\/\",\"url\":\"https:\\\/\\\/i0.wp.com\\\/saknews.net\\\/ku\\\/wp-content\\\/uploads\\\/2024\\\/11\\\/cropped-logo-1.png?fit=512%2C512&ssl=1\",\"contentUrl\":\"https:\\\/\\\/i0.wp.com\\\/saknews.net\\\/ku\\\/wp-content\\\/uploads\\\/2024\\\/11\\\/cropped-logo-1.png?fit=512%2C512&ssl=1\",\"width\":512,\"height\":512,\"caption\":\"\u015eep\u00eala Azadiy\u00ea ya Kurdistan\u00ea - \u062a\u064a\u0627\u0631 \u0627\u0644\u062d\u0631\u064a\u0629 \u0627\u0644\u0643\u0648\u0631\u062f\u0633\u062a\u0627\u0646\u064a\"},\"image\":{\"@id\":\"https:\\\/\\\/saknews.net\\\/ku\\\/#\\\/schema\\\/logo\\\/image\\\/\"},\"sameAs\":[\"https:\\\/\\\/www.facebook.com\\\/Shepel.ewropa\"]},{\"@type\":\"Person\",\"@id\":\"https:\\\/\\\/saknews.net\\\/ku\\\/#\\\/schema\\\/person\\\/72ae32a4041a3817e015b63d8f409058\",\"name\":\"Horan Hem\",\"url\":\"https:\\\/\\\/saknews.net\\\/ku\\\/?author=8\"}]}<\/script>\n<!-- \/ Yoast SEO plugin. -->","yoast_head_json":{"title":"\u015eanda Ber\u00ea Kurdistana S\u00fbriy\u00ea bi Partiya \u00c7ep re dicive &#8226; \u015eAK","robots":{"index":"index","follow":"follow","max-snippet":"max-snippet:-1","max-image-preview":"max-image-preview:large","max-video-preview":"max-video-preview:-1"},"canonical":"https:\/\/saknews.net\/ku\/?p=2029","og_locale":"en_US","og_type":"article","og_title":"\u015eanda Ber\u00ea Kurdistana S\u00fbriy\u00ea bi Partiya \u00c7ep re dicive &#8226; \u015eAK","og_description":"\u015eandeke Ber\u00ea Kurdistana S\u00fbriy\u00ea ji bo lidarxistina hevd\u00eetina bi aliy\u00ean siyas\u00ee re bi serdanek\u00ea li...","og_url":"https:\/\/saknews.net\/ku\/?p=2029","og_site_name":"\u015eAK","article_publisher":"https:\/\/www.facebook.com\/Shepel.ewropa","article_published_time":"2025-01-23T08:40:02+00:00","article_modified_time":"2025-01-23T08:42:00+00:00","og_image":[{"width":1440,"height":1080,"url":"https:\/\/saknews.net\/ku\/wp-content\/uploads\/2025\/01\/photogrid.photocollagemaker.photoeditor.squarepic_2025122213922366.png","type":"image\/png"}],"author":"Horan Hem","twitter_card":"summary_large_image","twitter_misc":{"Written by":"Horan Hem","Est. reading time":"2 minutes"},"schema":{"@context":"https:\/\/schema.org","@graph":[{"@type":"Article","@id":"https:\/\/saknews.net\/ku\/?p=2029#article","isPartOf":{"@id":"https:\/\/saknews.net\/ku\/?p=2029"},"author":{"name":"Horan Hem","@id":"https:\/\/saknews.net\/ku\/#\/schema\/person\/72ae32a4041a3817e015b63d8f409058"},"headline":"\u015eanda Ber\u00ea Kurdistana S\u00fbriy\u00ea bi Partiya \u00c7ep re dicive","datePublished":"2025-01-23T08:40:02+00:00","dateModified":"2025-01-23T08:42:00+00:00","mainEntityOfPage":{"@id":"https:\/\/saknews.net\/ku\/?p=2029"},"wordCount":235,"publisher":{"@id":"https:\/\/saknews.net\/ku\/#organization"},"image":{"@id":"https:\/\/saknews.net\/ku\/?p=2029#primaryimage"},"thumbnailUrl":"https:\/\/i0.wp.com\/saknews.net\/ku\/wp-content\/uploads\/2025\/01\/photogrid.photocollagemaker.photoeditor.squarepic_2025122213922366.png?fit=1440%2C1080&ssl=1","articleSection":["Daxuyan\u00ee","Hevd\u00eetin"],"inLanguage":"en-US"},{"@type":"WebPage","@id":"https:\/\/saknews.net\/ku\/?p=2029","url":"https:\/\/saknews.net\/ku\/?p=2029","name":"\u015eanda Ber\u00ea Kurdistana S\u00fbriy\u00ea bi Partiya \u00c7ep re dicive &#8226; \u015eAK","isPartOf":{"@id":"https:\/\/saknews.net\/ku\/#website"},"primaryImageOfPage":{"@id":"https:\/\/saknews.net\/ku\/?p=2029#primaryimage"},"image":{"@id":"https:\/\/saknews.net\/ku\/?p=2029#primaryimage"},"thumbnailUrl":"https:\/\/i0.wp.com\/saknews.net\/ku\/wp-content\/uploads\/2025\/01\/photogrid.photocollagemaker.photoeditor.squarepic_2025122213922366.png?fit=1440%2C1080&ssl=1","datePublished":"2025-01-23T08:40:02+00:00","dateModified":"2025-01-23T08:42:00+00:00","breadcrumb":{"@id":"https:\/\/saknews.net\/ku\/?p=2029#breadcrumb"},"inLanguage":"en-US","potentialAction":[{"@type":"ReadAction","target":["https:\/\/saknews.net\/ku\/?p=2029"]}]},{"@type":"ImageObject","inLanguage":"en-US","@id":"https:\/\/saknews.net\/ku\/?p=2029#primaryimage","url":"https:\/\/i0.wp.com\/saknews.net\/ku\/wp-content\/uploads\/2025\/01\/photogrid.photocollagemaker.photoeditor.squarepic_2025122213922366.png?fit=1440%2C1080&ssl=1","contentUrl":"https:\/\/i0.wp.com\/saknews.net\/ku\/wp-content\/uploads\/2025\/01\/photogrid.photocollagemaker.photoeditor.squarepic_2025122213922366.png?fit=1440%2C1080&ssl=1","width":1440,"height":1080},{"@type":"BreadcrumbList","@id":"https:\/\/saknews.net\/ku\/?p=2029#breadcrumb","itemListElement":[{"@type":"ListItem","position":1,"name":"\u0627\u0644\u0631\u0626\u064a\u0633\u064a\u0629","item":"https:\/\/saknews.net\/ku\/"},{"@type":"ListItem","position":2,"name":"N\u00fb\u00e7e","item":"https:\/\/saknews.net\/ku\/?cat=49"},{"@type":"ListItem","position":3,"name":"Daxuyan\u00ee","item":"https:\/\/saknews.net\/ku\/?cat=34"},{"@type":"ListItem","position":4,"name":"Hevd\u00eetin","item":"https:\/\/saknews.net\/ku\/?cat=42"},{"@type":"ListItem","position":5,"name":"\u015eanda Ber\u00ea Kurdistana S\u00fbriy\u00ea bi Partiya \u00c7ep re dicive"}]},{"@type":"WebSite","@id":"https:\/\/saknews.net\/ku\/#website","url":"https:\/\/saknews.net\/ku\/","name":"S\u0327epe\u0302la Azadi\u0302 ya Kurdistani\u0302","description":"\u062a\u064a\u0627\u0631 \u0627\u0644\u062d\u0631\u064a\u0629 \u0627\u0644\u0643\u0648\u0631\u062f\u0633\u062a\u0627\u0646\u064a \u015eep\u00eala Azad\u00ee ya Kurdistan\u00ee","publisher":{"@id":"https:\/\/saknews.net\/ku\/#organization"},"potentialAction":[{"@type":"SearchAction","target":{"@type":"EntryPoint","urlTemplate":"https:\/\/saknews.net\/ku\/?s={search_term_string}"},"query-input":{"@type":"PropertyValueSpecification","valueRequired":true,"valueName":"search_term_string"}}],"inLanguage":"en-US"},{"@type":"Organization","@id":"https:\/\/saknews.net\/ku\/#organization","name":"\u015eep\u00eala Azadiy\u00ea ya Kurdistan\u00ea - \u062a\u064a\u0627\u0631 \u0627\u0644\u062d\u0631\u064a\u0629 \u0627\u0644\u0643\u0648\u0631\u062f\u0633\u062a\u0627\u0646\u064a","url":"https:\/\/saknews.net\/ku\/","logo":{"@type":"ImageObject","inLanguage":"en-US","@id":"https:\/\/saknews.net\/ku\/#\/schema\/logo\/image\/","url":"https:\/\/i0.wp.com\/saknews.net\/ku\/wp-content\/uploads\/2024\/11\/cropped-logo-1.png?fit=512%2C512&ssl=1","contentUrl":"https:\/\/i0.wp.com\/saknews.net\/ku\/wp-content\/uploads\/2024\/11\/cropped-logo-1.png?fit=512%2C512&ssl=1","width":512,"height":512,"caption":"\u015eep\u00eala Azadiy\u00ea ya Kurdistan\u00ea - \u062a\u064a\u0627\u0631 \u0627\u0644\u062d\u0631\u064a\u0629 \u0627\u0644\u0643\u0648\u0631\u062f\u0633\u062a\u0627\u0646\u064a"},"image":{"@id":"https:\/\/saknews.net\/ku\/#\/schema\/logo\/image\/"},"sameAs":["https:\/\/www.facebook.com\/Shepel.ewropa"]},{"@type":"Person","@id":"https:\/\/saknews.net\/ku\/#\/schema\/person\/72ae32a4041a3817e015b63d8f409058","name":"Horan Hem","url":"https:\/\/saknews.net\/ku\/?author=8"}]}},"featured_image_urls":{"full":["https:\/\/i0.wp.com\/saknews.net\/ku\/wp-content\/uploads\/2025\/01\/photogrid.photocollagemaker.photoeditor.squarepic_2025122213922366.png?fit=1440%2C1080&ssl=1",1440,1080,false],"thumbnail":["https:\/\/i0.wp.com\/saknews.net\/ku\/wp-content\/uploads\/2025\/01\/photogrid.photocollagemaker.photoeditor.squarepic_2025122213922366.png?resize=150%2C150&ssl=1",150,150,true],"medium":["https:\/\/i0.wp.com\/saknews.net\/ku\/wp-content\/uploads\/2025\/01\/photogrid.photocollagemaker.photoeditor.squarepic_2025122213922366.png?fit=300%2C225&ssl=1",300,225,true],"medium_large":["https:\/\/i0.wp.com\/saknews.net\/ku\/wp-content\/uploads\/2025\/01\/photogrid.photocollagemaker.photoeditor.squarepic_2025122213922366.png?fit=640%2C480&ssl=1",640,480,true],"large":["https:\/\/i0.wp.com\/saknews.net\/ku\/wp-content\/uploads\/2025\/01\/photogrid.photocollagemaker.photoeditor.squarepic_2025122213922366.png?fit=640%2C480&ssl=1",640,480,true],"1536x1536":["https:\/\/i0.wp.com\/saknews.net\/ku\/wp-content\/uploads\/2025\/01\/photogrid.photocollagemaker.photoeditor.squarepic_2025122213922366.png?fit=1440%2C1080&ssl=1",1440,1080,true],"2048x2048":["https:\/\/i0.wp.com\/saknews.net\/ku\/wp-content\/uploads\/2025\/01\/photogrid.photocollagemaker.photoeditor.squarepic_2025122213922366.png?fit=1440%2C1080&ssl=1",1440,1080,true],"covernews-featured":["https:\/\/i0.wp.com\/saknews.net\/ku\/wp-content\/uploads\/2025\/01\/photogrid.photocollagemaker.photoeditor.squarepic_2025122213922366.png?fit=1024%2C768&ssl=1",1024,768,true],"covernews-medium":["https:\/\/i0.wp.com\/saknews.net\/ku\/wp-content\/uploads\/2025\/01\/photogrid.photocollagemaker.photoeditor.squarepic_2025122213922366.png?resize=540%2C340&ssl=1",540,340,true]},"author_info":{"display_name":"Horan Hem","author_link":"https:\/\/saknews.net\/ku\/?author=8"},"category_info":"<a href=\"https:\/\/saknews.net\/ku\/?cat=34\" rel=\"category\">Daxuyan\u00ee<\/a> <a href=\"https:\/\/saknews.net\/ku\/?cat=42\" rel=\"category\">Hevd\u00eetin<\/a>","tag_info":"Hevd\u00eetin","comment_count":"0","_links":{"self":[{"href":"https:\/\/saknews.net\/ku\/index.php?rest_route=\/wp\/v2\/posts\/2029","targetHints":{"allow":["GET"]}}],"collection":[{"href":"https:\/\/saknews.net\/ku\/index.php?rest_route=\/wp\/v2\/posts"}],"about":[{"href":"https:\/\/saknews.net\/ku\/index.php?rest_route=\/wp\/v2\/types\/post"}],"author":[{"embeddable":true,"href":"https:\/\/saknews.net\/ku\/index.php?rest_route=\/wp\/v2\/users\/8"}],"replies":[{"embeddable":true,"href":"https:\/\/saknews.net\/ku\/index.php?rest_route=%2Fwp%2Fv2%2Fcomments&post=2029"}],"version-history":[{"count":3,"href":"https:\/\/saknews.net\/ku\/index.php?rest_route=\/wp\/v2\/posts\/2029\/revisions"}],"predecessor-version":[{"id":2034,"href":"https:\/\/saknews.net\/ku\/index.php?rest_route=\/wp\/v2\/posts\/2029\/revisions\/2034"}],"wp:featuredmedia":[{"embeddable":true,"href":"https:\/\/saknews.net\/ku\/index.php?rest_route=\/wp\/v2\/media\/2030"}],"wp:attachment":[{"href":"https:\/\/saknews.net\/ku\/index.php?rest_route=%2Fwp%2Fv2%2Fmedia&parent=2029"}],"wp:term":[{"taxonomy":"category","embeddable":true,"href":"https:\/\/saknews.net\/ku\/index.php?rest_route=%2Fwp%2Fv2%2Fcategories&post=2029"},{"taxonomy":"post_tag","embeddable":true,"href":"https:\/\/saknews.net\/ku\/index.php?rest_route=%2Fwp%2Fv2%2Ftags&post=2029"}],"curies":[{"name":"wp","href":"https:\/\/api.w.org\/{rel}","templated":true}]}}