{"id":2035,"date":"2025-01-24T10:24:29","date_gmt":"2025-01-24T10:24:29","guid":{"rendered":"https:\/\/saknews.net\/ku\/?p=2035"},"modified":"2025-01-24T12:18:18","modified_gmt":"2025-01-24T12:18:18","slug":"2035","status":"publish","type":"post","link":"https:\/\/saknews.net\/ku\/?p=2035","title":{"rendered":"\u015eanda Ber\u00ea Kurdistana S\u00fbriy\u00ea bi P\u00ea\u015fver\u00fb re dicive"},"content":{"rendered":"<p>Of\u00eesa Ragihandin\u00ea ya Ber\u00ea Kurdistana S\u00fbriy\u00ea ragihand ku \u015fanda Ber\u00ea serdana Partiya Demokrat a P\u00ea\u015fver\u00fb ya Kurd li S\u00fbriy\u00ea li bajar\u00ea Qami\u015flo kir \u00fb di w\u00ea civ\u00een\u00ea de behsa rew\u015fa siyas\u00ee ya daw\u00ee li S\u00fbriy\u00ea \u00fb Kurdistana S\u00fbriy\u00ea hate kirin, herwiha herdu aliyan li ser yekxistina yek\u00eetiya siyas\u00ee \u00fb helwesta hevbe\u015f tekez kirin. Deqeya ragihandin\u00ea:<\/p>\n<p><strong>\u015eanda Ber\u00ea Kurdistana S\u00fbriy\u00ea serdana P\u00ea\u015fver\u00fb dike<\/strong><\/p>\n<p>\u015eanda Ber\u00ea Kurdistana S\u00fbriy\u00ea hevd\u00eetin\u00ean xwe y\u00ean siyas\u00ee li Qami\u015flo berdewam dike \u00fb li gel Partiya Demokrat a P\u00ea\u015fver\u00fb ya Kurd li S\u00fbriy\u00ea civiya.<br \/>\n\u015eanda Ber\u00ea p\u00eak hat ji Ebdilrehman Hebe\u015f serok\u00ea Ber\u00ea \u00fb Sekreter\u00ea Partiya Demokrat a Kurd li S\u00fbriy\u00ea (El-Part\u00ee) li gel Ebdilxen\u00ee Eco \u00fb Mihemed Sed\u00eeq Brah\u00eem endam\u00ean \u015fand\u00ea. \u015eanda Ber\u00ea ji aliy\u00ean c\u00eegir\u00ea serok\u00ea partiya P\u00ea\u015fver\u00fb Ehmed Sil\u00eaman, Hesen Cengo \u00fb Faris Osman endam\u00ean pol\u00eetb\u00eero \u00fb Rifah\u00ee Salih endam\u00ea kom\u00eeta navend\u00ee ve hate p\u00ea\u015fwaz\u00eekirin.<br \/>\nHerdu aliyan behsa p\u00ea\u015fhatey\u00ean daw\u00ee li S\u00fbriy\u00ea \u00fb Kurdistana S\u00fbriy\u00ea kirin, herwiha herdu aliyan li ser yekxistina yek\u00eetiya siyas\u00ee \u00fb helwesta hevbe\u015f di navbera tevahiya partiy\u00ean kurd de tekez kirin ku kurd bigihin ner\u00eeneke siyas\u00ee ya hevbe\u015f, ku n\u00fbnertiya kurdan bike. Herdu aliyan li ser avakirina \u015fandeke hevbe\u015f ku li \u015eam\u00ea bi r\u00eaveberiya n\u00fb re dan\u00fbstandinan bike, tekez kirin. Herdu aliyan ba\u015f d\u00eetin ku hevd\u00eetin\u00ean wan di p\u00ea\u015feroja n\u00eaz\u00eek de berdewam bibin, ku bikevin berjewendiya doza kurd.<\/p>\n<p>Of\u00eesa Ragihandin\u00ea ya<br \/>\nBer\u00ea Kurdistana S\u00fbriy\u00ea<br \/>\n23.01.2025<\/p>\n","protected":false},"excerpt":{"rendered":"<p>Of\u00eesa Ragihandin\u00ea ya Ber\u00ea Kurdistana S\u00fbriy\u00ea ragihand ku \u015fanda Ber\u00ea serdana Partiya Demokrat a P\u00ea\u015fver\u00fb&#8230;<\/p>\n","protected":false},"author":8,"featured_media":2036,"comment_status":"closed","ping_status":"closed","sticky":false,"template":"","format":"standard","meta":{"footnotes":""},"categories":[34,42],"tags":[],"class_list":["post-2035","post","type-post","status-publish","format-standard","has-post-thumbnail","hentry","category-daxuyani","category-hevditin"],"yoast_head":"<!-- This site is optimized with the Yoast SEO plugin v27.5 - https:\/\/yoast.com\/product\/yoast-seo-wordpress\/ -->\n<title>\u015eanda Ber\u00ea Kurdistana S\u00fbriy\u00ea bi P\u00ea\u015fver\u00fb re dicive &#8226; \u015eAK<\/title>\n<meta name=\"robots\" content=\"index, follow, max-snippet:-1, max-image-preview:large, max-video-preview:-1\" \/>\n<link rel=\"canonical\" href=\"https:\/\/saknews.net\/ku\/?p=2035\" \/>\n<meta property=\"og:locale\" content=\"en_US\" \/>\n<meta property=\"og:type\" content=\"article\" \/>\n<meta property=\"og:title\" content=\"\u015eanda Ber\u00ea Kurdistana S\u00fbriy\u00ea bi P\u00ea\u015fver\u00fb re dicive &#8226; \u015eAK\" \/>\n<meta property=\"og:description\" content=\"Of\u00eesa Ragihandin\u00ea ya Ber\u00ea Kurdistana S\u00fbriy\u00ea ragihand ku \u015fanda Ber\u00ea serdana Partiya Demokrat a P\u00ea\u015fver\u00fb...\" \/>\n<meta property=\"og:url\" content=\"https:\/\/saknews.net\/ku\/?p=2035\" \/>\n<meta property=\"og:site_name\" content=\"\u015eAK\" \/>\n<meta property=\"article:publisher\" content=\"https:\/\/www.facebook.com\/Shepel.ewropa\" \/>\n<meta property=\"article:published_time\" content=\"2025-01-24T10:24:29+00:00\" \/>\n<meta property=\"article:modified_time\" content=\"2025-01-24T12:18:18+00:00\" \/>\n<meta property=\"og:image\" content=\"https:\/\/saknews.net\/ku\/wp-content\/uploads\/2025\/01\/IMG-20250123-WA0002.jpg\" \/>\n\t<meta property=\"og:image:width\" content=\"1080\" \/>\n\t<meta property=\"og:image:height\" content=\"810\" \/>\n\t<meta property=\"og:image:type\" content=\"image\/jpeg\" \/>\n<meta name=\"author\" content=\"Horan Hem\" \/>\n<meta name=\"twitter:card\" content=\"summary_large_image\" \/>\n<meta name=\"twitter:label1\" content=\"Written by\" \/>\n\t<meta name=\"twitter:data1\" content=\"Horan Hem\" \/>\n\t<meta name=\"twitter:label2\" content=\"Est. reading time\" \/>\n\t<meta name=\"twitter:data2\" content=\"2 minutes\" \/>\n<script type=\"application\/ld+json\" class=\"yoast-schema-graph\">{\"@context\":\"https:\\\/\\\/schema.org\",\"@graph\":[{\"@type\":\"Article\",\"@id\":\"https:\\\/\\\/saknews.net\\\/ku\\\/?p=2035#article\",\"isPartOf\":{\"@id\":\"https:\\\/\\\/saknews.net\\\/ku\\\/?p=2035\"},\"author\":{\"name\":\"Horan Hem\",\"@id\":\"https:\\\/\\\/saknews.net\\\/ku\\\/#\\\/schema\\\/person\\\/72ae32a4041a3817e015b63d8f409058\"},\"headline\":\"\u015eanda Ber\u00ea Kurdistana S\u00fbriy\u00ea bi P\u00ea\u015fver\u00fb re dicive\",\"datePublished\":\"2025-01-24T10:24:29+00:00\",\"dateModified\":\"2025-01-24T12:18:18+00:00\",\"mainEntityOfPage\":{\"@id\":\"https:\\\/\\\/saknews.net\\\/ku\\\/?p=2035\"},\"wordCount\":275,\"publisher\":{\"@id\":\"https:\\\/\\\/saknews.net\\\/ku\\\/#organization\"},\"image\":{\"@id\":\"https:\\\/\\\/saknews.net\\\/ku\\\/?p=2035#primaryimage\"},\"thumbnailUrl\":\"https:\\\/\\\/i0.wp.com\\\/saknews.net\\\/ku\\\/wp-content\\\/uploads\\\/2025\\\/01\\\/IMG-20250123-WA0002.jpg?fit=1080%2C810&ssl=1\",\"articleSection\":[\"Daxuyan\u00ee\",\"Hevd\u00eetin\"],\"inLanguage\":\"en-US\"},{\"@type\":\"WebPage\",\"@id\":\"https:\\\/\\\/saknews.net\\\/ku\\\/?p=2035\",\"url\":\"https:\\\/\\\/saknews.net\\\/ku\\\/?p=2035\",\"name\":\"\u015eanda Ber\u00ea Kurdistana S\u00fbriy\u00ea bi P\u00ea\u015fver\u00fb re dicive &#8226; \u015eAK\",\"isPartOf\":{\"@id\":\"https:\\\/\\\/saknews.net\\\/ku\\\/#website\"},\"primaryImageOfPage\":{\"@id\":\"https:\\\/\\\/saknews.net\\\/ku\\\/?p=2035#primaryimage\"},\"image\":{\"@id\":\"https:\\\/\\\/saknews.net\\\/ku\\\/?p=2035#primaryimage\"},\"thumbnailUrl\":\"https:\\\/\\\/i0.wp.com\\\/saknews.net\\\/ku\\\/wp-content\\\/uploads\\\/2025\\\/01\\\/IMG-20250123-WA0002.jpg?fit=1080%2C810&ssl=1\",\"datePublished\":\"2025-01-24T10:24:29+00:00\",\"dateModified\":\"2025-01-24T12:18:18+00:00\",\"breadcrumb\":{\"@id\":\"https:\\\/\\\/saknews.net\\\/ku\\\/?p=2035#breadcrumb\"},\"inLanguage\":\"en-US\",\"potentialAction\":[{\"@type\":\"ReadAction\",\"target\":[\"https:\\\/\\\/saknews.net\\\/ku\\\/?p=2035\"]}]},{\"@type\":\"ImageObject\",\"inLanguage\":\"en-US\",\"@id\":\"https:\\\/\\\/saknews.net\\\/ku\\\/?p=2035#primaryimage\",\"url\":\"https:\\\/\\\/i0.wp.com\\\/saknews.net\\\/ku\\\/wp-content\\\/uploads\\\/2025\\\/01\\\/IMG-20250123-WA0002.jpg?fit=1080%2C810&ssl=1\",\"contentUrl\":\"https:\\\/\\\/i0.wp.com\\\/saknews.net\\\/ku\\\/wp-content\\\/uploads\\\/2025\\\/01\\\/IMG-20250123-WA0002.jpg?fit=1080%2C810&ssl=1\",\"width\":1080,\"height\":810},{\"@type\":\"BreadcrumbList\",\"@id\":\"https:\\\/\\\/saknews.net\\\/ku\\\/?p=2035#breadcrumb\",\"itemListElement\":[{\"@type\":\"ListItem\",\"position\":1,\"name\":\"\u0627\u0644\u0631\u0626\u064a\u0633\u064a\u0629\",\"item\":\"https:\\\/\\\/saknews.net\\\/ku\\\/\"},{\"@type\":\"ListItem\",\"position\":2,\"name\":\"N\u00fb\u00e7e\",\"item\":\"https:\\\/\\\/saknews.net\\\/ku\\\/?cat=49\"},{\"@type\":\"ListItem\",\"position\":3,\"name\":\"Daxuyan\u00ee\",\"item\":\"https:\\\/\\\/saknews.net\\\/ku\\\/?cat=34\"},{\"@type\":\"ListItem\",\"position\":4,\"name\":\"Hevd\u00eetin\",\"item\":\"https:\\\/\\\/saknews.net\\\/ku\\\/?cat=42\"},{\"@type\":\"ListItem\",\"position\":5,\"name\":\"\u015eanda Ber\u00ea Kurdistana S\u00fbriy\u00ea bi P\u00ea\u015fver\u00fb re dicive\"}]},{\"@type\":\"WebSite\",\"@id\":\"https:\\\/\\\/saknews.net\\\/ku\\\/#website\",\"url\":\"https:\\\/\\\/saknews.net\\\/ku\\\/\",\"name\":\"S\u0327epe\u0302la Azadi\u0302 ya Kurdistani\u0302\",\"description\":\"\u062a\u064a\u0627\u0631 \u0627\u0644\u062d\u0631\u064a\u0629 \u0627\u0644\u0643\u0648\u0631\u062f\u0633\u062a\u0627\u0646\u064a \u015eep\u00eala Azad\u00ee ya Kurdistan\u00ee\",\"publisher\":{\"@id\":\"https:\\\/\\\/saknews.net\\\/ku\\\/#organization\"},\"potentialAction\":[{\"@type\":\"SearchAction\",\"target\":{\"@type\":\"EntryPoint\",\"urlTemplate\":\"https:\\\/\\\/saknews.net\\\/ku\\\/?s={search_term_string}\"},\"query-input\":{\"@type\":\"PropertyValueSpecification\",\"valueRequired\":true,\"valueName\":\"search_term_string\"}}],\"inLanguage\":\"en-US\"},{\"@type\":\"Organization\",\"@id\":\"https:\\\/\\\/saknews.net\\\/ku\\\/#organization\",\"name\":\"\u015eep\u00eala Azadiy\u00ea ya Kurdistan\u00ea - \u062a\u064a\u0627\u0631 \u0627\u0644\u062d\u0631\u064a\u0629 \u0627\u0644\u0643\u0648\u0631\u062f\u0633\u062a\u0627\u0646\u064a\",\"url\":\"https:\\\/\\\/saknews.net\\\/ku\\\/\",\"logo\":{\"@type\":\"ImageObject\",\"inLanguage\":\"en-US\",\"@id\":\"https:\\\/\\\/saknews.net\\\/ku\\\/#\\\/schema\\\/logo\\\/image\\\/\",\"url\":\"https:\\\/\\\/i0.wp.com\\\/saknews.net\\\/ku\\\/wp-content\\\/uploads\\\/2024\\\/11\\\/cropped-logo-1.png?fit=512%2C512&ssl=1\",\"contentUrl\":\"https:\\\/\\\/i0.wp.com\\\/saknews.net\\\/ku\\\/wp-content\\\/uploads\\\/2024\\\/11\\\/cropped-logo-1.png?fit=512%2C512&ssl=1\",\"width\":512,\"height\":512,\"caption\":\"\u015eep\u00eala Azadiy\u00ea ya Kurdistan\u00ea - \u062a\u064a\u0627\u0631 \u0627\u0644\u062d\u0631\u064a\u0629 \u0627\u0644\u0643\u0648\u0631\u062f\u0633\u062a\u0627\u0646\u064a\"},\"image\":{\"@id\":\"https:\\\/\\\/saknews.net\\\/ku\\\/#\\\/schema\\\/logo\\\/image\\\/\"},\"sameAs\":[\"https:\\\/\\\/www.facebook.com\\\/Shepel.ewropa\"]},{\"@type\":\"Person\",\"@id\":\"https:\\\/\\\/saknews.net\\\/ku\\\/#\\\/schema\\\/person\\\/72ae32a4041a3817e015b63d8f409058\",\"name\":\"Horan Hem\",\"url\":\"https:\\\/\\\/saknews.net\\\/ku\\\/?author=8\"}]}<\/script>\n<!-- \/ Yoast SEO plugin. -->","yoast_head_json":{"title":"\u015eanda Ber\u00ea Kurdistana S\u00fbriy\u00ea bi P\u00ea\u015fver\u00fb re dicive &#8226; \u015eAK","robots":{"index":"index","follow":"follow","max-snippet":"max-snippet:-1","max-image-preview":"max-image-preview:large","max-video-preview":"max-video-preview:-1"},"canonical":"https:\/\/saknews.net\/ku\/?p=2035","og_locale":"en_US","og_type":"article","og_title":"\u015eanda Ber\u00ea Kurdistana S\u00fbriy\u00ea bi P\u00ea\u015fver\u00fb re dicive &#8226; \u015eAK","og_description":"Of\u00eesa Ragihandin\u00ea ya Ber\u00ea Kurdistana S\u00fbriy\u00ea ragihand ku \u015fanda Ber\u00ea serdana Partiya Demokrat a P\u00ea\u015fver\u00fb...","og_url":"https:\/\/saknews.net\/ku\/?p=2035","og_site_name":"\u015eAK","article_publisher":"https:\/\/www.facebook.com\/Shepel.ewropa","article_published_time":"2025-01-24T10:24:29+00:00","article_modified_time":"2025-01-24T12:18:18+00:00","og_image":[{"width":1080,"height":810,"url":"https:\/\/saknews.net\/ku\/wp-content\/uploads\/2025\/01\/IMG-20250123-WA0002.jpg","type":"image\/jpeg"}],"author":"Horan Hem","twitter_card":"summary_large_image","twitter_misc":{"Written by":"Horan Hem","Est. reading time":"2 minutes"},"schema":{"@context":"https:\/\/schema.org","@graph":[{"@type":"Article","@id":"https:\/\/saknews.net\/ku\/?p=2035#article","isPartOf":{"@id":"https:\/\/saknews.net\/ku\/?p=2035"},"author":{"name":"Horan Hem","@id":"https:\/\/saknews.net\/ku\/#\/schema\/person\/72ae32a4041a3817e015b63d8f409058"},"headline":"\u015eanda Ber\u00ea Kurdistana S\u00fbriy\u00ea bi P\u00ea\u015fver\u00fb re dicive","datePublished":"2025-01-24T10:24:29+00:00","dateModified":"2025-01-24T12:18:18+00:00","mainEntityOfPage":{"@id":"https:\/\/saknews.net\/ku\/?p=2035"},"wordCount":275,"publisher":{"@id":"https:\/\/saknews.net\/ku\/#organization"},"image":{"@id":"https:\/\/saknews.net\/ku\/?p=2035#primaryimage"},"thumbnailUrl":"https:\/\/i0.wp.com\/saknews.net\/ku\/wp-content\/uploads\/2025\/01\/IMG-20250123-WA0002.jpg?fit=1080%2C810&ssl=1","articleSection":["Daxuyan\u00ee","Hevd\u00eetin"],"inLanguage":"en-US"},{"@type":"WebPage","@id":"https:\/\/saknews.net\/ku\/?p=2035","url":"https:\/\/saknews.net\/ku\/?p=2035","name":"\u015eanda Ber\u00ea Kurdistana S\u00fbriy\u00ea bi P\u00ea\u015fver\u00fb re dicive &#8226; \u015eAK","isPartOf":{"@id":"https:\/\/saknews.net\/ku\/#website"},"primaryImageOfPage":{"@id":"https:\/\/saknews.net\/ku\/?p=2035#primaryimage"},"image":{"@id":"https:\/\/saknews.net\/ku\/?p=2035#primaryimage"},"thumbnailUrl":"https:\/\/i0.wp.com\/saknews.net\/ku\/wp-content\/uploads\/2025\/01\/IMG-20250123-WA0002.jpg?fit=1080%2C810&ssl=1","datePublished":"2025-01-24T10:24:29+00:00","dateModified":"2025-01-24T12:18:18+00:00","breadcrumb":{"@id":"https:\/\/saknews.net\/ku\/?p=2035#breadcrumb"},"inLanguage":"en-US","potentialAction":[{"@type":"ReadAction","target":["https:\/\/saknews.net\/ku\/?p=2035"]}]},{"@type":"ImageObject","inLanguage":"en-US","@id":"https:\/\/saknews.net\/ku\/?p=2035#primaryimage","url":"https:\/\/i0.wp.com\/saknews.net\/ku\/wp-content\/uploads\/2025\/01\/IMG-20250123-WA0002.jpg?fit=1080%2C810&ssl=1","contentUrl":"https:\/\/i0.wp.com\/saknews.net\/ku\/wp-content\/uploads\/2025\/01\/IMG-20250123-WA0002.jpg?fit=1080%2C810&ssl=1","width":1080,"height":810},{"@type":"BreadcrumbList","@id":"https:\/\/saknews.net\/ku\/?p=2035#breadcrumb","itemListElement":[{"@type":"ListItem","position":1,"name":"\u0627\u0644\u0631\u0626\u064a\u0633\u064a\u0629","item":"https:\/\/saknews.net\/ku\/"},{"@type":"ListItem","position":2,"name":"N\u00fb\u00e7e","item":"https:\/\/saknews.net\/ku\/?cat=49"},{"@type":"ListItem","position":3,"name":"Daxuyan\u00ee","item":"https:\/\/saknews.net\/ku\/?cat=34"},{"@type":"ListItem","position":4,"name":"Hevd\u00eetin","item":"https:\/\/saknews.net\/ku\/?cat=42"},{"@type":"ListItem","position":5,"name":"\u015eanda Ber\u00ea Kurdistana S\u00fbriy\u00ea bi P\u00ea\u015fver\u00fb re dicive"}]},{"@type":"WebSite","@id":"https:\/\/saknews.net\/ku\/#website","url":"https:\/\/saknews.net\/ku\/","name":"S\u0327epe\u0302la Azadi\u0302 ya Kurdistani\u0302","description":"\u062a\u064a\u0627\u0631 \u0627\u0644\u062d\u0631\u064a\u0629 \u0627\u0644\u0643\u0648\u0631\u062f\u0633\u062a\u0627\u0646\u064a \u015eep\u00eala Azad\u00ee ya Kurdistan\u00ee","publisher":{"@id":"https:\/\/saknews.net\/ku\/#organization"},"potentialAction":[{"@type":"SearchAction","target":{"@type":"EntryPoint","urlTemplate":"https:\/\/saknews.net\/ku\/?s={search_term_string}"},"query-input":{"@type":"PropertyValueSpecification","valueRequired":true,"valueName":"search_term_string"}}],"inLanguage":"en-US"},{"@type":"Organization","@id":"https:\/\/saknews.net\/ku\/#organization","name":"\u015eep\u00eala Azadiy\u00ea ya Kurdistan\u00ea - \u062a\u064a\u0627\u0631 \u0627\u0644\u062d\u0631\u064a\u0629 \u0627\u0644\u0643\u0648\u0631\u062f\u0633\u062a\u0627\u0646\u064a","url":"https:\/\/saknews.net\/ku\/","logo":{"@type":"ImageObject","inLanguage":"en-US","@id":"https:\/\/saknews.net\/ku\/#\/schema\/logo\/image\/","url":"https:\/\/i0.wp.com\/saknews.net\/ku\/wp-content\/uploads\/2024\/11\/cropped-logo-1.png?fit=512%2C512&ssl=1","contentUrl":"https:\/\/i0.wp.com\/saknews.net\/ku\/wp-content\/uploads\/2024\/11\/cropped-logo-1.png?fit=512%2C512&ssl=1","width":512,"height":512,"caption":"\u015eep\u00eala Azadiy\u00ea ya Kurdistan\u00ea - \u062a\u064a\u0627\u0631 \u0627\u0644\u062d\u0631\u064a\u0629 \u0627\u0644\u0643\u0648\u0631\u062f\u0633\u062a\u0627\u0646\u064a"},"image":{"@id":"https:\/\/saknews.net\/ku\/#\/schema\/logo\/image\/"},"sameAs":["https:\/\/www.facebook.com\/Shepel.ewropa"]},{"@type":"Person","@id":"https:\/\/saknews.net\/ku\/#\/schema\/person\/72ae32a4041a3817e015b63d8f409058","name":"Horan Hem","url":"https:\/\/saknews.net\/ku\/?author=8"}]}},"featured_image_urls":{"full":["https:\/\/i0.wp.com\/saknews.net\/ku\/wp-content\/uploads\/2025\/01\/IMG-20250123-WA0002.jpg?fit=1080%2C810&ssl=1",1080,810,false],"thumbnail":["https:\/\/i0.wp.com\/saknews.net\/ku\/wp-content\/uploads\/2025\/01\/IMG-20250123-WA0002.jpg?resize=150%2C150&ssl=1",150,150,true],"medium":["https:\/\/i0.wp.com\/saknews.net\/ku\/wp-content\/uploads\/2025\/01\/IMG-20250123-WA0002.jpg?fit=300%2C225&ssl=1",300,225,true],"medium_large":["https:\/\/i0.wp.com\/saknews.net\/ku\/wp-content\/uploads\/2025\/01\/IMG-20250123-WA0002.jpg?fit=640%2C480&ssl=1",640,480,true],"large":["https:\/\/i0.wp.com\/saknews.net\/ku\/wp-content\/uploads\/2025\/01\/IMG-20250123-WA0002.jpg?fit=640%2C480&ssl=1",640,480,true],"1536x1536":["https:\/\/i0.wp.com\/saknews.net\/ku\/wp-content\/uploads\/2025\/01\/IMG-20250123-WA0002.jpg?fit=1080%2C810&ssl=1",1080,810,true],"2048x2048":["https:\/\/i0.wp.com\/saknews.net\/ku\/wp-content\/uploads\/2025\/01\/IMG-20250123-WA0002.jpg?fit=1080%2C810&ssl=1",1080,810,true],"covernews-featured":["https:\/\/i0.wp.com\/saknews.net\/ku\/wp-content\/uploads\/2025\/01\/IMG-20250123-WA0002.jpg?fit=1024%2C768&ssl=1",1024,768,true],"covernews-medium":["https:\/\/i0.wp.com\/saknews.net\/ku\/wp-content\/uploads\/2025\/01\/IMG-20250123-WA0002.jpg?resize=540%2C340&ssl=1",540,340,true]},"author_info":{"display_name":"Horan Hem","author_link":"https:\/\/saknews.net\/ku\/?author=8"},"category_info":"<a href=\"https:\/\/saknews.net\/ku\/?cat=34\" rel=\"category\">Daxuyan\u00ee<\/a> <a href=\"https:\/\/saknews.net\/ku\/?cat=42\" rel=\"category\">Hevd\u00eetin<\/a>","tag_info":"Hevd\u00eetin","comment_count":"0","_links":{"self":[{"href":"https:\/\/saknews.net\/ku\/index.php?rest_route=\/wp\/v2\/posts\/2035","targetHints":{"allow":["GET"]}}],"collection":[{"href":"https:\/\/saknews.net\/ku\/index.php?rest_route=\/wp\/v2\/posts"}],"about":[{"href":"https:\/\/saknews.net\/ku\/index.php?rest_route=\/wp\/v2\/types\/post"}],"author":[{"embeddable":true,"href":"https:\/\/saknews.net\/ku\/index.php?rest_route=\/wp\/v2\/users\/8"}],"replies":[{"embeddable":true,"href":"https:\/\/saknews.net\/ku\/index.php?rest_route=%2Fwp%2Fv2%2Fcomments&post=2035"}],"version-history":[{"count":4,"href":"https:\/\/saknews.net\/ku\/index.php?rest_route=\/wp\/v2\/posts\/2035\/revisions"}],"predecessor-version":[{"id":2040,"href":"https:\/\/saknews.net\/ku\/index.php?rest_route=\/wp\/v2\/posts\/2035\/revisions\/2040"}],"wp:featuredmedia":[{"embeddable":true,"href":"https:\/\/saknews.net\/ku\/index.php?rest_route=\/wp\/v2\/media\/2036"}],"wp:attachment":[{"href":"https:\/\/saknews.net\/ku\/index.php?rest_route=%2Fwp%2Fv2%2Fmedia&parent=2035"}],"wp:term":[{"taxonomy":"category","embeddable":true,"href":"https:\/\/saknews.net\/ku\/index.php?rest_route=%2Fwp%2Fv2%2Fcategories&post=2035"},{"taxonomy":"post_tag","embeddable":true,"href":"https:\/\/saknews.net\/ku\/index.php?rest_route=%2Fwp%2Fv2%2Ftags&post=2035"}],"curies":[{"name":"wp","href":"https:\/\/api.w.org\/{rel}","templated":true}]}}