{"id":2051,"date":"2025-01-30T10:50:36","date_gmt":"2025-01-30T10:50:36","guid":{"rendered":"https:\/\/saknews.net\/ku\/?p=2051"},"modified":"2025-01-30T10:51:11","modified_gmt":"2025-01-30T10:51:11","slug":"sepela-azadi-u-partiya-rencberen-kurdistane-dicivin","status":"publish","type":"post","link":"https:\/\/saknews.net\/ku\/?p=2051","title":{"rendered":"\u015eep\u00eala Azad\u00ee \u00fb Partiya R\u00eancber\u00ean Kurdistan\u00ea dicivin"},"content":{"rendered":"<p>\u015eandeke Enc\u00fbmena yek\u00ea ya \u015eep\u00eala Azad\u00ee ya Kurdistan\u00ee li Her\u00eama Kurdistana Iraq\u00ea serdana Partiya R\u00eancber\u00ean Kurdistan\u00ea li Hewl\u00ear\u00ea kir \u00fb di civ\u00een\u00ea de rew\u015fa siyas\u00ee li Kurdistan\u00ea b gi\u015ft\u00ee hate behskirin. Deqeya daxuyaniy\u00ea :<\/p>\n<p>\u015eep\u00eala Azad\u00ee bi Partiya R\u00eancber\u00ean Kurdistan\u00ea re dicive<\/p>\n<p>\u015eandeke Enc\u00fbmena yek\u00ea ya \u015eep\u00eala Azad\u00ee ya Kurdistan\u00ee li her\u00eama Kurdistana Iraq\u00ea li Hewl\u00ear\u00ea bi Partiya R\u00eancber\u00ean Kurdistan\u00ea re civiya. Herdu aliyan li behsa rew\u015f \u00fb p\u00ea\u015fhat\u00ean daw\u00ee li S\u00fbriy\u00ea \u00fb Kurdistana S\u00fbriy\u00ea kirin, bi taybet\u00ee pi\u015ft\u00ee ketina rej\u00eema S\u00fbriy\u00ea.<br \/>\n\u015eanda enc\u00fbmena yek\u00ea ji aliy\u00ea her yek ji : C\u00eegir\u00ea Sekreter\u00ea gi\u015ft\u00ee y\u00ea Partiya R\u00eancber\u00ean Kurdistan\u00ea Hawkar Mehm\u00fbd, Sam\u00ee Xo\u015fnaw \u00fb Mihemed Kamla endam\u00ean pol\u00eetburoy\u00ea \u00fb El\u00ee Muhemed endam\u00ea kom\u00eeta r\u00eavebir ve hate p\u00ea\u015fwaz\u00eekirin. \u015eanda enc\u00fbmena yek\u00ea j\u00ee p\u00eak hatib\u00fb ji \u015e\u00ear\u00een Y\u00fbsif, Nef\u00eese Muse \u00fb Z\u00eaneb Re\u015f\u00eed.<br \/>\n<img data-recalc-dims=\"1\" decoding=\"async\" class=\"alignright size-medium wp-image-2053 lazyload\" data-src=\"https:\/\/i0.wp.com\/saknews.net\/ku\/wp-content\/uploads\/2025\/01\/IMG-20250130-WA0024.jpg?resize=300%2C225&#038;ssl=1\" alt=\"\" width=\"300\" height=\"225\" data-srcset=\"https:\/\/i0.wp.com\/saknews.net\/ku\/wp-content\/uploads\/2025\/01\/IMG-20250130-WA0024.jpg?resize=300%2C225&amp;ssl=1 300w, https:\/\/i0.wp.com\/saknews.net\/ku\/wp-content\/uploads\/2025\/01\/IMG-20250130-WA0024.jpg?resize=1024%2C768&amp;ssl=1 1024w, https:\/\/i0.wp.com\/saknews.net\/ku\/wp-content\/uploads\/2025\/01\/IMG-20250130-WA0024.jpg?resize=768%2C576&amp;ssl=1 768w, https:\/\/i0.wp.com\/saknews.net\/ku\/wp-content\/uploads\/2025\/01\/IMG-20250130-WA0024.jpg?w=1280&amp;ssl=1 1280w\" data-sizes=\"(max-width: 300px) 100vw, 300px\" src=\"data:image\/svg+xml;base64,PHN2ZyB3aWR0aD0iMSIgaGVpZ2h0PSIxIiB4bWxucz0iaHR0cDovL3d3dy53My5vcmcvMjAwMC9zdmciPjwvc3ZnPg==\" style=\"--smush-placeholder-width: 300px; --smush-placeholder-aspect-ratio: 300\/225;\" \/><br \/>\n\u015eanda navb\u00fbr\u00ee tekez kir, ku federal\u00ee ba\u015ftir\u00een s\u00eestem e ji bo S\u00fbriya n\u00fb, herwiha \u015fand\u00ea li ser yekxistina yek\u00eetiya siyas\u00ee \u00fb got\u00fbb\u00eaja kurd\u00ee-kurd\u00ee ku di encam\u00ea de \u015fandeke hevbe\u015f b\u00ea avakirin \u00fb karibe n\u00fbnertiya berjewendiy\u00ean gel\u00ea Kurdistana S\u00fbriy\u00ea di dan\u00fbstandin\u00ean bi r\u00eaveberiya n\u00fb re li \u015eam\u00ea bike.<br \/>\nHerwiha \u015fande behsa Ber\u00ea Kurdistana S\u00fbriy\u00ea kir, ku di roj ketina rej\u00eema S\u00fbriy\u00ea de di 08.12.2024an, hate avakirin \u00fb Partiya me yek ji damezr\u00eaner\u00ean sereke ye. Li dawiy\u00ea herdu aliyan li ser berdewamiya p\u00eawendiy\u00ean dual\u00ee tekez kirin.<br \/>\nEnc\u00fbmena yek\u00ea ya \u015eep\u00eala Azad\u00ee ya Kurdistan\u00ee li Her\u00eama Kurdistana Iraq\u00ea<br \/>\n30.01.2025<\/p>\n","protected":false},"excerpt":{"rendered":"<p>\u015eandeke Enc\u00fbmena yek\u00ea ya \u015eep\u00eala Azad\u00ee ya Kurdistan\u00ee li Her\u00eama Kurdistana Iraq\u00ea serdana Partiya R\u00eancber\u00ean&#8230;<\/p>\n","protected":false},"author":8,"featured_media":2052,"comment_status":"closed","ping_status":"closed","sticky":false,"template":"","format":"standard","meta":{"footnotes":""},"categories":[1],"tags":[],"class_list":["post-2051","post","type-post","status-publish","format-standard","has-post-thumbnail","hentry","category-sak"],"yoast_head":"<!-- This site is optimized with the Yoast SEO plugin v27.5 - https:\/\/yoast.com\/product\/yoast-seo-wordpress\/ -->\n<title>\u015eep\u00eala Azad\u00ee \u00fb Partiya R\u00eancber\u00ean Kurdistan\u00ea dicivin &#8226; \u015eAK<\/title>\n<meta name=\"robots\" content=\"index, follow, max-snippet:-1, max-image-preview:large, max-video-preview:-1\" \/>\n<link rel=\"canonical\" href=\"https:\/\/saknews.net\/ku\/?p=2051\" \/>\n<meta property=\"og:locale\" content=\"en_US\" \/>\n<meta property=\"og:type\" content=\"article\" \/>\n<meta property=\"og:title\" content=\"\u015eep\u00eala Azad\u00ee \u00fb Partiya R\u00eancber\u00ean Kurdistan\u00ea dicivin &#8226; \u015eAK\" \/>\n<meta property=\"og:description\" content=\"\u015eandeke Enc\u00fbmena yek\u00ea ya \u015eep\u00eala Azad\u00ee ya Kurdistan\u00ee li Her\u00eama Kurdistana Iraq\u00ea serdana Partiya R\u00eancber\u00ean...\" \/>\n<meta property=\"og:url\" content=\"https:\/\/saknews.net\/ku\/?p=2051\" \/>\n<meta property=\"og:site_name\" content=\"\u015eAK\" \/>\n<meta property=\"article:publisher\" content=\"https:\/\/www.facebook.com\/Shepel.ewropa\" \/>\n<meta property=\"article:published_time\" content=\"2025-01-30T10:50:36+00:00\" \/>\n<meta property=\"article:modified_time\" content=\"2025-01-30T10:51:11+00:00\" \/>\n<meta property=\"og:image\" content=\"https:\/\/saknews.net\/ku\/wp-content\/uploads\/2025\/01\/IMG-20250130-WA0023.jpg\" \/>\n\t<meta property=\"og:image:width\" content=\"1280\" \/>\n\t<meta property=\"og:image:height\" content=\"960\" \/>\n\t<meta property=\"og:image:type\" content=\"image\/jpeg\" \/>\n<meta name=\"author\" content=\"Horan Hem\" \/>\n<meta name=\"twitter:card\" content=\"summary_large_image\" \/>\n<meta name=\"twitter:label1\" content=\"Written by\" \/>\n\t<meta name=\"twitter:data1\" content=\"Horan Hem\" \/>\n\t<meta name=\"twitter:label2\" content=\"Est. reading time\" \/>\n\t<meta name=\"twitter:data2\" content=\"2 minutes\" \/>\n<script type=\"application\/ld+json\" class=\"yoast-schema-graph\">{\"@context\":\"https:\\\/\\\/schema.org\",\"@graph\":[{\"@type\":\"Article\",\"@id\":\"https:\\\/\\\/saknews.net\\\/ku\\\/?p=2051#article\",\"isPartOf\":{\"@id\":\"https:\\\/\\\/saknews.net\\\/ku\\\/?p=2051\"},\"author\":{\"name\":\"Horan Hem\",\"@id\":\"https:\\\/\\\/saknews.net\\\/ku\\\/#\\\/schema\\\/person\\\/72ae32a4041a3817e015b63d8f409058\"},\"headline\":\"\u015eep\u00eala Azad\u00ee \u00fb Partiya R\u00eancber\u00ean Kurdistan\u00ea dicivin\",\"datePublished\":\"2025-01-30T10:50:36+00:00\",\"dateModified\":\"2025-01-30T10:51:11+00:00\",\"mainEntityOfPage\":{\"@id\":\"https:\\\/\\\/saknews.net\\\/ku\\\/?p=2051\"},\"wordCount\":293,\"publisher\":{\"@id\":\"https:\\\/\\\/saknews.net\\\/ku\\\/#organization\"},\"image\":{\"@id\":\"https:\\\/\\\/saknews.net\\\/ku\\\/?p=2051#primaryimage\"},\"thumbnailUrl\":\"https:\\\/\\\/i0.wp.com\\\/saknews.net\\\/ku\\\/wp-content\\\/uploads\\\/2025\\\/01\\\/IMG-20250130-WA0023.jpg?fit=1280%2C960&ssl=1\",\"articleSection\":[\"\u015eAK\"],\"inLanguage\":\"en-US\"},{\"@type\":\"WebPage\",\"@id\":\"https:\\\/\\\/saknews.net\\\/ku\\\/?p=2051\",\"url\":\"https:\\\/\\\/saknews.net\\\/ku\\\/?p=2051\",\"name\":\"\u015eep\u00eala Azad\u00ee \u00fb Partiya R\u00eancber\u00ean Kurdistan\u00ea dicivin &#8226; \u015eAK\",\"isPartOf\":{\"@id\":\"https:\\\/\\\/saknews.net\\\/ku\\\/#website\"},\"primaryImageOfPage\":{\"@id\":\"https:\\\/\\\/saknews.net\\\/ku\\\/?p=2051#primaryimage\"},\"image\":{\"@id\":\"https:\\\/\\\/saknews.net\\\/ku\\\/?p=2051#primaryimage\"},\"thumbnailUrl\":\"https:\\\/\\\/i0.wp.com\\\/saknews.net\\\/ku\\\/wp-content\\\/uploads\\\/2025\\\/01\\\/IMG-20250130-WA0023.jpg?fit=1280%2C960&ssl=1\",\"datePublished\":\"2025-01-30T10:50:36+00:00\",\"dateModified\":\"2025-01-30T10:51:11+00:00\",\"breadcrumb\":{\"@id\":\"https:\\\/\\\/saknews.net\\\/ku\\\/?p=2051#breadcrumb\"},\"inLanguage\":\"en-US\",\"potentialAction\":[{\"@type\":\"ReadAction\",\"target\":[\"https:\\\/\\\/saknews.net\\\/ku\\\/?p=2051\"]}]},{\"@type\":\"ImageObject\",\"inLanguage\":\"en-US\",\"@id\":\"https:\\\/\\\/saknews.net\\\/ku\\\/?p=2051#primaryimage\",\"url\":\"https:\\\/\\\/i0.wp.com\\\/saknews.net\\\/ku\\\/wp-content\\\/uploads\\\/2025\\\/01\\\/IMG-20250130-WA0023.jpg?fit=1280%2C960&ssl=1\",\"contentUrl\":\"https:\\\/\\\/i0.wp.com\\\/saknews.net\\\/ku\\\/wp-content\\\/uploads\\\/2025\\\/01\\\/IMG-20250130-WA0023.jpg?fit=1280%2C960&ssl=1\",\"width\":1280,\"height\":960},{\"@type\":\"BreadcrumbList\",\"@id\":\"https:\\\/\\\/saknews.net\\\/ku\\\/?p=2051#breadcrumb\",\"itemListElement\":[{\"@type\":\"ListItem\",\"position\":1,\"name\":\"\u0627\u0644\u0631\u0626\u064a\u0633\u064a\u0629\",\"item\":\"https:\\\/\\\/saknews.net\\\/ku\\\/\"},{\"@type\":\"ListItem\",\"position\":2,\"name\":\"\u015eAK\",\"item\":\"https:\\\/\\\/saknews.net\\\/ku\\\/?cat=1\"},{\"@type\":\"ListItem\",\"position\":3,\"name\":\"\u015eep\u00eala Azad\u00ee \u00fb Partiya R\u00eancber\u00ean Kurdistan\u00ea dicivin\"}]},{\"@type\":\"WebSite\",\"@id\":\"https:\\\/\\\/saknews.net\\\/ku\\\/#website\",\"url\":\"https:\\\/\\\/saknews.net\\\/ku\\\/\",\"name\":\"S\u0327epe\u0302la Azadi\u0302 ya Kurdistani\u0302\",\"description\":\"\u062a\u064a\u0627\u0631 \u0627\u0644\u062d\u0631\u064a\u0629 \u0627\u0644\u0643\u0648\u0631\u062f\u0633\u062a\u0627\u0646\u064a \u015eep\u00eala Azad\u00ee ya Kurdistan\u00ee\",\"publisher\":{\"@id\":\"https:\\\/\\\/saknews.net\\\/ku\\\/#organization\"},\"potentialAction\":[{\"@type\":\"SearchAction\",\"target\":{\"@type\":\"EntryPoint\",\"urlTemplate\":\"https:\\\/\\\/saknews.net\\\/ku\\\/?s={search_term_string}\"},\"query-input\":{\"@type\":\"PropertyValueSpecification\",\"valueRequired\":true,\"valueName\":\"search_term_string\"}}],\"inLanguage\":\"en-US\"},{\"@type\":\"Organization\",\"@id\":\"https:\\\/\\\/saknews.net\\\/ku\\\/#organization\",\"name\":\"\u015eep\u00eala Azadiy\u00ea ya Kurdistan\u00ea - \u062a\u064a\u0627\u0631 \u0627\u0644\u062d\u0631\u064a\u0629 \u0627\u0644\u0643\u0648\u0631\u062f\u0633\u062a\u0627\u0646\u064a\",\"url\":\"https:\\\/\\\/saknews.net\\\/ku\\\/\",\"logo\":{\"@type\":\"ImageObject\",\"inLanguage\":\"en-US\",\"@id\":\"https:\\\/\\\/saknews.net\\\/ku\\\/#\\\/schema\\\/logo\\\/image\\\/\",\"url\":\"https:\\\/\\\/i0.wp.com\\\/saknews.net\\\/ku\\\/wp-content\\\/uploads\\\/2024\\\/11\\\/cropped-logo-1.png?fit=512%2C512&ssl=1\",\"contentUrl\":\"https:\\\/\\\/i0.wp.com\\\/saknews.net\\\/ku\\\/wp-content\\\/uploads\\\/2024\\\/11\\\/cropped-logo-1.png?fit=512%2C512&ssl=1\",\"width\":512,\"height\":512,\"caption\":\"\u015eep\u00eala Azadiy\u00ea ya Kurdistan\u00ea - \u062a\u064a\u0627\u0631 \u0627\u0644\u062d\u0631\u064a\u0629 \u0627\u0644\u0643\u0648\u0631\u062f\u0633\u062a\u0627\u0646\u064a\"},\"image\":{\"@id\":\"https:\\\/\\\/saknews.net\\\/ku\\\/#\\\/schema\\\/logo\\\/image\\\/\"},\"sameAs\":[\"https:\\\/\\\/www.facebook.com\\\/Shepel.ewropa\"]},{\"@type\":\"Person\",\"@id\":\"https:\\\/\\\/saknews.net\\\/ku\\\/#\\\/schema\\\/person\\\/72ae32a4041a3817e015b63d8f409058\",\"name\":\"Horan Hem\",\"url\":\"https:\\\/\\\/saknews.net\\\/ku\\\/?author=8\"}]}<\/script>\n<!-- \/ Yoast SEO plugin. -->","yoast_head_json":{"title":"\u015eep\u00eala Azad\u00ee \u00fb Partiya R\u00eancber\u00ean Kurdistan\u00ea dicivin &#8226; \u015eAK","robots":{"index":"index","follow":"follow","max-snippet":"max-snippet:-1","max-image-preview":"max-image-preview:large","max-video-preview":"max-video-preview:-1"},"canonical":"https:\/\/saknews.net\/ku\/?p=2051","og_locale":"en_US","og_type":"article","og_title":"\u015eep\u00eala Azad\u00ee \u00fb Partiya R\u00eancber\u00ean Kurdistan\u00ea dicivin &#8226; \u015eAK","og_description":"\u015eandeke Enc\u00fbmena yek\u00ea ya \u015eep\u00eala Azad\u00ee ya Kurdistan\u00ee li Her\u00eama Kurdistana Iraq\u00ea serdana Partiya R\u00eancber\u00ean...","og_url":"https:\/\/saknews.net\/ku\/?p=2051","og_site_name":"\u015eAK","article_publisher":"https:\/\/www.facebook.com\/Shepel.ewropa","article_published_time":"2025-01-30T10:50:36+00:00","article_modified_time":"2025-01-30T10:51:11+00:00","og_image":[{"width":1280,"height":960,"url":"https:\/\/saknews.net\/ku\/wp-content\/uploads\/2025\/01\/IMG-20250130-WA0023.jpg","type":"image\/jpeg"}],"author":"Horan Hem","twitter_card":"summary_large_image","twitter_misc":{"Written by":"Horan Hem","Est. reading time":"2 minutes"},"schema":{"@context":"https:\/\/schema.org","@graph":[{"@type":"Article","@id":"https:\/\/saknews.net\/ku\/?p=2051#article","isPartOf":{"@id":"https:\/\/saknews.net\/ku\/?p=2051"},"author":{"name":"Horan Hem","@id":"https:\/\/saknews.net\/ku\/#\/schema\/person\/72ae32a4041a3817e015b63d8f409058"},"headline":"\u015eep\u00eala Azad\u00ee \u00fb Partiya R\u00eancber\u00ean Kurdistan\u00ea dicivin","datePublished":"2025-01-30T10:50:36+00:00","dateModified":"2025-01-30T10:51:11+00:00","mainEntityOfPage":{"@id":"https:\/\/saknews.net\/ku\/?p=2051"},"wordCount":293,"publisher":{"@id":"https:\/\/saknews.net\/ku\/#organization"},"image":{"@id":"https:\/\/saknews.net\/ku\/?p=2051#primaryimage"},"thumbnailUrl":"https:\/\/i0.wp.com\/saknews.net\/ku\/wp-content\/uploads\/2025\/01\/IMG-20250130-WA0023.jpg?fit=1280%2C960&ssl=1","articleSection":["\u015eAK"],"inLanguage":"en-US"},{"@type":"WebPage","@id":"https:\/\/saknews.net\/ku\/?p=2051","url":"https:\/\/saknews.net\/ku\/?p=2051","name":"\u015eep\u00eala Azad\u00ee \u00fb Partiya R\u00eancber\u00ean Kurdistan\u00ea dicivin &#8226; \u015eAK","isPartOf":{"@id":"https:\/\/saknews.net\/ku\/#website"},"primaryImageOfPage":{"@id":"https:\/\/saknews.net\/ku\/?p=2051#primaryimage"},"image":{"@id":"https:\/\/saknews.net\/ku\/?p=2051#primaryimage"},"thumbnailUrl":"https:\/\/i0.wp.com\/saknews.net\/ku\/wp-content\/uploads\/2025\/01\/IMG-20250130-WA0023.jpg?fit=1280%2C960&ssl=1","datePublished":"2025-01-30T10:50:36+00:00","dateModified":"2025-01-30T10:51:11+00:00","breadcrumb":{"@id":"https:\/\/saknews.net\/ku\/?p=2051#breadcrumb"},"inLanguage":"en-US","potentialAction":[{"@type":"ReadAction","target":["https:\/\/saknews.net\/ku\/?p=2051"]}]},{"@type":"ImageObject","inLanguage":"en-US","@id":"https:\/\/saknews.net\/ku\/?p=2051#primaryimage","url":"https:\/\/i0.wp.com\/saknews.net\/ku\/wp-content\/uploads\/2025\/01\/IMG-20250130-WA0023.jpg?fit=1280%2C960&ssl=1","contentUrl":"https:\/\/i0.wp.com\/saknews.net\/ku\/wp-content\/uploads\/2025\/01\/IMG-20250130-WA0023.jpg?fit=1280%2C960&ssl=1","width":1280,"height":960},{"@type":"BreadcrumbList","@id":"https:\/\/saknews.net\/ku\/?p=2051#breadcrumb","itemListElement":[{"@type":"ListItem","position":1,"name":"\u0627\u0644\u0631\u0626\u064a\u0633\u064a\u0629","item":"https:\/\/saknews.net\/ku\/"},{"@type":"ListItem","position":2,"name":"\u015eAK","item":"https:\/\/saknews.net\/ku\/?cat=1"},{"@type":"ListItem","position":3,"name":"\u015eep\u00eala Azad\u00ee \u00fb Partiya R\u00eancber\u00ean Kurdistan\u00ea dicivin"}]},{"@type":"WebSite","@id":"https:\/\/saknews.net\/ku\/#website","url":"https:\/\/saknews.net\/ku\/","name":"S\u0327epe\u0302la Azadi\u0302 ya Kurdistani\u0302","description":"\u062a\u064a\u0627\u0631 \u0627\u0644\u062d\u0631\u064a\u0629 \u0627\u0644\u0643\u0648\u0631\u062f\u0633\u062a\u0627\u0646\u064a \u015eep\u00eala Azad\u00ee ya Kurdistan\u00ee","publisher":{"@id":"https:\/\/saknews.net\/ku\/#organization"},"potentialAction":[{"@type":"SearchAction","target":{"@type":"EntryPoint","urlTemplate":"https:\/\/saknews.net\/ku\/?s={search_term_string}"},"query-input":{"@type":"PropertyValueSpecification","valueRequired":true,"valueName":"search_term_string"}}],"inLanguage":"en-US"},{"@type":"Organization","@id":"https:\/\/saknews.net\/ku\/#organization","name":"\u015eep\u00eala Azadiy\u00ea ya Kurdistan\u00ea - \u062a\u064a\u0627\u0631 \u0627\u0644\u062d\u0631\u064a\u0629 \u0627\u0644\u0643\u0648\u0631\u062f\u0633\u062a\u0627\u0646\u064a","url":"https:\/\/saknews.net\/ku\/","logo":{"@type":"ImageObject","inLanguage":"en-US","@id":"https:\/\/saknews.net\/ku\/#\/schema\/logo\/image\/","url":"https:\/\/i0.wp.com\/saknews.net\/ku\/wp-content\/uploads\/2024\/11\/cropped-logo-1.png?fit=512%2C512&ssl=1","contentUrl":"https:\/\/i0.wp.com\/saknews.net\/ku\/wp-content\/uploads\/2024\/11\/cropped-logo-1.png?fit=512%2C512&ssl=1","width":512,"height":512,"caption":"\u015eep\u00eala Azadiy\u00ea ya Kurdistan\u00ea - \u062a\u064a\u0627\u0631 \u0627\u0644\u062d\u0631\u064a\u0629 \u0627\u0644\u0643\u0648\u0631\u062f\u0633\u062a\u0627\u0646\u064a"},"image":{"@id":"https:\/\/saknews.net\/ku\/#\/schema\/logo\/image\/"},"sameAs":["https:\/\/www.facebook.com\/Shepel.ewropa"]},{"@type":"Person","@id":"https:\/\/saknews.net\/ku\/#\/schema\/person\/72ae32a4041a3817e015b63d8f409058","name":"Horan Hem","url":"https:\/\/saknews.net\/ku\/?author=8"}]}},"featured_image_urls":{"full":["https:\/\/i0.wp.com\/saknews.net\/ku\/wp-content\/uploads\/2025\/01\/IMG-20250130-WA0023.jpg?fit=1280%2C960&ssl=1",1280,960,false],"thumbnail":["https:\/\/i0.wp.com\/saknews.net\/ku\/wp-content\/uploads\/2025\/01\/IMG-20250130-WA0023.jpg?resize=150%2C150&ssl=1",150,150,true],"medium":["https:\/\/i0.wp.com\/saknews.net\/ku\/wp-content\/uploads\/2025\/01\/IMG-20250130-WA0023.jpg?fit=300%2C225&ssl=1",300,225,true],"medium_large":["https:\/\/i0.wp.com\/saknews.net\/ku\/wp-content\/uploads\/2025\/01\/IMG-20250130-WA0023.jpg?fit=640%2C480&ssl=1",640,480,true],"large":["https:\/\/i0.wp.com\/saknews.net\/ku\/wp-content\/uploads\/2025\/01\/IMG-20250130-WA0023.jpg?fit=640%2C480&ssl=1",640,480,true],"1536x1536":["https:\/\/i0.wp.com\/saknews.net\/ku\/wp-content\/uploads\/2025\/01\/IMG-20250130-WA0023.jpg?fit=1280%2C960&ssl=1",1280,960,true],"2048x2048":["https:\/\/i0.wp.com\/saknews.net\/ku\/wp-content\/uploads\/2025\/01\/IMG-20250130-WA0023.jpg?fit=1280%2C960&ssl=1",1280,960,true],"covernews-featured":["https:\/\/i0.wp.com\/saknews.net\/ku\/wp-content\/uploads\/2025\/01\/IMG-20250130-WA0023.jpg?fit=1024%2C768&ssl=1",1024,768,true],"covernews-medium":["https:\/\/i0.wp.com\/saknews.net\/ku\/wp-content\/uploads\/2025\/01\/IMG-20250130-WA0023.jpg?resize=540%2C340&ssl=1",540,340,true]},"author_info":{"display_name":"Horan Hem","author_link":"https:\/\/saknews.net\/ku\/?author=8"},"category_info":"<a href=\"https:\/\/saknews.net\/ku\/?cat=1\" rel=\"category\">\u015eAK<\/a>","tag_info":"\u015eAK","comment_count":"0","_links":{"self":[{"href":"https:\/\/saknews.net\/ku\/index.php?rest_route=\/wp\/v2\/posts\/2051","targetHints":{"allow":["GET"]}}],"collection":[{"href":"https:\/\/saknews.net\/ku\/index.php?rest_route=\/wp\/v2\/posts"}],"about":[{"href":"https:\/\/saknews.net\/ku\/index.php?rest_route=\/wp\/v2\/types\/post"}],"author":[{"embeddable":true,"href":"https:\/\/saknews.net\/ku\/index.php?rest_route=\/wp\/v2\/users\/8"}],"replies":[{"embeddable":true,"href":"https:\/\/saknews.net\/ku\/index.php?rest_route=%2Fwp%2Fv2%2Fcomments&post=2051"}],"version-history":[{"count":1,"href":"https:\/\/saknews.net\/ku\/index.php?rest_route=\/wp\/v2\/posts\/2051\/revisions"}],"predecessor-version":[{"id":2054,"href":"https:\/\/saknews.net\/ku\/index.php?rest_route=\/wp\/v2\/posts\/2051\/revisions\/2054"}],"wp:featuredmedia":[{"embeddable":true,"href":"https:\/\/saknews.net\/ku\/index.php?rest_route=\/wp\/v2\/media\/2052"}],"wp:attachment":[{"href":"https:\/\/saknews.net\/ku\/index.php?rest_route=%2Fwp%2Fv2%2Fmedia&parent=2051"}],"wp:term":[{"taxonomy":"category","embeddable":true,"href":"https:\/\/saknews.net\/ku\/index.php?rest_route=%2Fwp%2Fv2%2Fcategories&post=2051"},{"taxonomy":"post_tag","embeddable":true,"href":"https:\/\/saknews.net\/ku\/index.php?rest_route=%2Fwp%2Fv2%2Ftags&post=2051"}],"curies":[{"name":"wp","href":"https:\/\/api.w.org\/{rel}","templated":true}]}}