{"id":2055,"date":"2025-01-30T11:03:50","date_gmt":"2025-01-30T11:03:50","guid":{"rendered":"https:\/\/saknews.net\/ku\/?p=2055"},"modified":"2025-01-30T11:07:01","modified_gmt":"2025-01-30T11:07:01","slug":"2055","status":"publish","type":"post","link":"https:\/\/saknews.net\/ku\/?p=2055","title":{"rendered":"Ber\u00ea Kurdistana S\u00fbriy\u00ea derbar\u00ea El-\u015eerih daxuyan\u00ee da"},"content":{"rendered":"<p>Ber\u00ea Kurdistana S\u00fbriy\u00ea di derbar\u00ea destn\u00ee\u015fankirina El-\u015eerih weke serok\u00ea S\u00fbriy\u00ea de daxuyan\u00ee da \u00fb metirs\u00eey\u00ean xwe an\u00ee ziman \u00fb got diviyab\u00fb diyaloga s\u00fbr\u00ee ya ni\u015ftiman\u00ee destp\u00eak\u00ea destpekiriba \u00fb enc\u00fbmeneke veguh\u00eaz hatiba avakirin \u00fb pi\u015ftre serokek demk\u00ee ji bo S\u00fbriy\u00ea hatiba destn\u00ee\u015fankirin heta hilbijartin\u00ean demokrat li welat\u00ee hatibana lidarxistin. Deqeya daxuyaniy\u00ea:<\/p>\n<p><strong>Daxuyan\u00ee derbar\u00ea destn\u00ee\u015fankirina El-\u015eerih weke serok\u00ea S\u00fbriy\u00ea<\/strong><\/p>\n<p>Em van p\u00ea\u015fhat\u00ean siyas\u00ee y\u00ean daw\u00ee li S\u00fbriy\u00ea di\u015fop\u00eenin, bi taybet\u00ee \u015f\u00eaweya destn\u00ee\u015fankirina Ehmed El-\u015eerih weke serok\u00ea S\u00fbriy\u00ea ji bo qonaxa veguh\u00eaz, b\u00eay\u00ee ku ji aliy\u00ea yasay\u00ee \u00fb dest\u00fbr\u00ee ve ti bingeheke w\u00ea hebe. Be\u015fdarb\u00fbna grop\u00ean \u00e7ekdar t\u00eade, bi taybet\u00ee ew grop\u00ean ku tawan\u00ean li dij\u00ee mirovahiy\u00ea derheq\u00ea gel\u00ea kurd, li wan dever\u00ean di bin kontrola wan de encam dane, weke Sultan Sil\u00eaman \u015eah, Hemzat \u00fb Ehrar \u015eerqiy\u00ea, metirsiy\u00ean me b\u00eatir dikin ku ti\u015ft\u00ea b\u00fby\u00ee ne ji bo avakirina S\u00fbriya n\u00fb \u00fb ya demokrat e. Ti\u015ft\u00ea b\u00fbye weke civateke enc\u00fbmeneke le\u015fker\u00ee be \u00fb El-\u015eerih weke hakim\u00ea le\u015fker\u00ee destn\u00ee\u015fan kiribe.<br \/>\nDiviyab\u00fb destp\u00eak\u00ea kongrey\u00ea diyaloga s\u00fbr\u00ee ya gi\u015ft\u00ee hatiba lidarxistin \u00fb enc\u00fbmeneke hukm\u00ea ya veguh\u00eaz hatiba avakirin, pi\u015ftre kesek\u00ee s\u00eev\u00eel bi awayek\u00ee demk\u00ee weke serok\u00ea welat\u00ee hatiba destn\u00ee\u015fankirin, heta hilbijartin\u00ean demokrat b\u00eane lidarxistin. L\u00ea ev lez \u00fb bez\u00ea b\u00fbye metirsiyan b\u00eatir dikin, ku S\u00fbriy\u00ea ber bi hukma le\u015fker\u00ee ve bi\u00e7e. Wate ji zordariyek\u00ea bi\u00e7in zordariyeke d\u00ee.<br \/>\nKiryar\u00ean El-\u015eerih di war\u00ea prat\u00eek\u00ea de heya niha tekez dikin, ku ew p\u00eakhatey\u00ean d\u00ee d\u00fbr dix\u00eene \u00fb pi\u015ftguh dike, \u00e7i ji hik\u00fbmeta ku w\u00ee \u00e7\u00eakiriye \u00fb \u00e7i j\u00ee ji kongrey\u00ea diyaloga ni\u015ftiman\u00ee, ku n\u00fbner\u00ean rasteq\u00een y\u00ean p\u00eakhateyan d\u00fbr dix\u00eene. Em dib\u00eenin ev ti\u015ftek\u00ee s\u00eestemat\u00eek \u00fb gelek\u00ee metirs\u00eedar e ji qonaxa wer\u00ea re li S\u00fbriy\u00ea.<\/p>\n<p>Em di Ber\u00ea Kurdistana S\u00fbriy\u00ea de dib\u00eenin, ku her qonaxeke siyas\u00ee ya veguh\u00eaz div\u00ea gi\u015ft\u00ee be \u00fb di bin \u00e7avd\u00eariya navdewlet\u00ee be \u00fb li ser bingeha r\u00eazgirtin li maf\u00ean tevahiya p\u00eakhateyan be, ku dadmend\u00ee \u00fb demokras\u00ee cihgir bin. Li vir j\u00ee em bang li civaka navdewlet\u00ee \u00fb h\u00eaz\u00ean akt\u00eev de S\u00fbriy\u00ea dikin, ku guva\u015fan ji bo proseyeke siyas\u00ee ya rast bikin ji bo maf\u00ean tevahiya p\u00eakhateyan di S\u00fbriya n\u00fb de werin parastin.<\/p>\n<p>Ber\u00ea Kurdistana S\u00fbriy\u00ea<br \/>\n30.01.2025<\/p>\n","protected":false},"excerpt":{"rendered":"<p>Ber\u00ea Kurdistana S\u00fbriy\u00ea di derbar\u00ea destn\u00ee\u015fankirina El-\u015eerih weke serok\u00ea S\u00fbriy\u00ea de daxuyan\u00ee da \u00fb metirs\u00eey\u00ean&#8230;<\/p>\n","protected":false},"author":8,"featured_media":1905,"comment_status":"closed","ping_status":"closed","sticky":false,"template":"","format":"standard","meta":{"footnotes":""},"categories":[34],"tags":[],"class_list":["post-2055","post","type-post","status-publish","format-standard","has-post-thumbnail","hentry","category-daxuyani"],"yoast_head":"<!-- This site is optimized with the Yoast SEO plugin v27.5 - https:\/\/yoast.com\/product\/yoast-seo-wordpress\/ -->\n<title>Ber\u00ea Kurdistana S\u00fbriy\u00ea derbar\u00ea El-\u015eerih daxuyan\u00ee da &#8226; \u015eAK<\/title>\n<meta name=\"robots\" content=\"index, follow, max-snippet:-1, max-image-preview:large, max-video-preview:-1\" \/>\n<link rel=\"canonical\" href=\"https:\/\/saknews.net\/ku\/?p=2055\" \/>\n<meta property=\"og:locale\" content=\"en_US\" \/>\n<meta property=\"og:type\" content=\"article\" \/>\n<meta property=\"og:title\" content=\"Ber\u00ea Kurdistana S\u00fbriy\u00ea derbar\u00ea El-\u015eerih daxuyan\u00ee da &#8226; \u015eAK\" \/>\n<meta property=\"og:description\" content=\"Ber\u00ea Kurdistana S\u00fbriy\u00ea di derbar\u00ea destn\u00ee\u015fankirina El-\u015eerih weke serok\u00ea S\u00fbriy\u00ea de daxuyan\u00ee da \u00fb metirs\u00eey\u00ean...\" \/>\n<meta property=\"og:url\" content=\"https:\/\/saknews.net\/ku\/?p=2055\" \/>\n<meta property=\"og:site_name\" content=\"\u015eAK\" \/>\n<meta property=\"article:publisher\" content=\"https:\/\/www.facebook.com\/Shepel.ewropa\" \/>\n<meta property=\"article:published_time\" content=\"2025-01-30T11:03:50+00:00\" \/>\n<meta property=\"article:modified_time\" content=\"2025-01-30T11:07:01+00:00\" \/>\n<meta property=\"og:image\" content=\"https:\/\/saknews.net\/ku\/wp-content\/uploads\/2024\/12\/IMG-20241207-WA0028.jpg\" \/>\n\t<meta property=\"og:image:width\" content=\"597\" \/>\n\t<meta property=\"og:image:height\" content=\"574\" \/>\n\t<meta property=\"og:image:type\" content=\"image\/jpeg\" \/>\n<meta name=\"author\" content=\"Horan Hem\" \/>\n<meta name=\"twitter:card\" content=\"summary_large_image\" \/>\n<meta name=\"twitter:label1\" content=\"Written by\" \/>\n\t<meta name=\"twitter:data1\" content=\"Horan Hem\" \/>\n\t<meta name=\"twitter:label2\" content=\"Est. reading time\" \/>\n\t<meta name=\"twitter:data2\" content=\"2 minutes\" \/>\n<script type=\"application\/ld+json\" class=\"yoast-schema-graph\">{\"@context\":\"https:\\\/\\\/schema.org\",\"@graph\":[{\"@type\":\"Article\",\"@id\":\"https:\\\/\\\/saknews.net\\\/ku\\\/?p=2055#article\",\"isPartOf\":{\"@id\":\"https:\\\/\\\/saknews.net\\\/ku\\\/?p=2055\"},\"author\":{\"name\":\"Horan Hem\",\"@id\":\"https:\\\/\\\/saknews.net\\\/ku\\\/#\\\/schema\\\/person\\\/72ae32a4041a3817e015b63d8f409058\"},\"headline\":\"Ber\u00ea Kurdistana S\u00fbriy\u00ea derbar\u00ea El-\u015eerih daxuyan\u00ee da\",\"datePublished\":\"2025-01-30T11:03:50+00:00\",\"dateModified\":\"2025-01-30T11:07:01+00:00\",\"mainEntityOfPage\":{\"@id\":\"https:\\\/\\\/saknews.net\\\/ku\\\/?p=2055\"},\"wordCount\":439,\"publisher\":{\"@id\":\"https:\\\/\\\/saknews.net\\\/ku\\\/#organization\"},\"image\":{\"@id\":\"https:\\\/\\\/saknews.net\\\/ku\\\/?p=2055#primaryimage\"},\"thumbnailUrl\":\"https:\\\/\\\/i0.wp.com\\\/saknews.net\\\/ku\\\/wp-content\\\/uploads\\\/2024\\\/12\\\/IMG-20241207-WA0028.jpg?fit=597%2C574&ssl=1\",\"articleSection\":[\"Daxuyan\u00ee\"],\"inLanguage\":\"en-US\"},{\"@type\":\"WebPage\",\"@id\":\"https:\\\/\\\/saknews.net\\\/ku\\\/?p=2055\",\"url\":\"https:\\\/\\\/saknews.net\\\/ku\\\/?p=2055\",\"name\":\"Ber\u00ea Kurdistana S\u00fbriy\u00ea derbar\u00ea El-\u015eerih daxuyan\u00ee da &#8226; \u015eAK\",\"isPartOf\":{\"@id\":\"https:\\\/\\\/saknews.net\\\/ku\\\/#website\"},\"primaryImageOfPage\":{\"@id\":\"https:\\\/\\\/saknews.net\\\/ku\\\/?p=2055#primaryimage\"},\"image\":{\"@id\":\"https:\\\/\\\/saknews.net\\\/ku\\\/?p=2055#primaryimage\"},\"thumbnailUrl\":\"https:\\\/\\\/i0.wp.com\\\/saknews.net\\\/ku\\\/wp-content\\\/uploads\\\/2024\\\/12\\\/IMG-20241207-WA0028.jpg?fit=597%2C574&ssl=1\",\"datePublished\":\"2025-01-30T11:03:50+00:00\",\"dateModified\":\"2025-01-30T11:07:01+00:00\",\"breadcrumb\":{\"@id\":\"https:\\\/\\\/saknews.net\\\/ku\\\/?p=2055#breadcrumb\"},\"inLanguage\":\"en-US\",\"potentialAction\":[{\"@type\":\"ReadAction\",\"target\":[\"https:\\\/\\\/saknews.net\\\/ku\\\/?p=2055\"]}]},{\"@type\":\"ImageObject\",\"inLanguage\":\"en-US\",\"@id\":\"https:\\\/\\\/saknews.net\\\/ku\\\/?p=2055#primaryimage\",\"url\":\"https:\\\/\\\/i0.wp.com\\\/saknews.net\\\/ku\\\/wp-content\\\/uploads\\\/2024\\\/12\\\/IMG-20241207-WA0028.jpg?fit=597%2C574&ssl=1\",\"contentUrl\":\"https:\\\/\\\/i0.wp.com\\\/saknews.net\\\/ku\\\/wp-content\\\/uploads\\\/2024\\\/12\\\/IMG-20241207-WA0028.jpg?fit=597%2C574&ssl=1\",\"width\":597,\"height\":574},{\"@type\":\"BreadcrumbList\",\"@id\":\"https:\\\/\\\/saknews.net\\\/ku\\\/?p=2055#breadcrumb\",\"itemListElement\":[{\"@type\":\"ListItem\",\"position\":1,\"name\":\"\u0627\u0644\u0631\u0626\u064a\u0633\u064a\u0629\",\"item\":\"https:\\\/\\\/saknews.net\\\/ku\\\/\"},{\"@type\":\"ListItem\",\"position\":2,\"name\":\"N\u00fb\u00e7e\",\"item\":\"https:\\\/\\\/saknews.net\\\/ku\\\/?cat=49\"},{\"@type\":\"ListItem\",\"position\":3,\"name\":\"Daxuyan\u00ee\",\"item\":\"https:\\\/\\\/saknews.net\\\/ku\\\/?cat=34\"},{\"@type\":\"ListItem\",\"position\":4,\"name\":\"Ber\u00ea Kurdistana S\u00fbriy\u00ea derbar\u00ea El-\u015eerih daxuyan\u00ee da\"}]},{\"@type\":\"WebSite\",\"@id\":\"https:\\\/\\\/saknews.net\\\/ku\\\/#website\",\"url\":\"https:\\\/\\\/saknews.net\\\/ku\\\/\",\"name\":\"S\u0327epe\u0302la Azadi\u0302 ya Kurdistani\u0302\",\"description\":\"\u062a\u064a\u0627\u0631 \u0627\u0644\u062d\u0631\u064a\u0629 \u0627\u0644\u0643\u0648\u0631\u062f\u0633\u062a\u0627\u0646\u064a \u015eep\u00eala Azad\u00ee ya Kurdistan\u00ee\",\"publisher\":{\"@id\":\"https:\\\/\\\/saknews.net\\\/ku\\\/#organization\"},\"potentialAction\":[{\"@type\":\"SearchAction\",\"target\":{\"@type\":\"EntryPoint\",\"urlTemplate\":\"https:\\\/\\\/saknews.net\\\/ku\\\/?s={search_term_string}\"},\"query-input\":{\"@type\":\"PropertyValueSpecification\",\"valueRequired\":true,\"valueName\":\"search_term_string\"}}],\"inLanguage\":\"en-US\"},{\"@type\":\"Organization\",\"@id\":\"https:\\\/\\\/saknews.net\\\/ku\\\/#organization\",\"name\":\"\u015eep\u00eala Azadiy\u00ea ya Kurdistan\u00ea - \u062a\u064a\u0627\u0631 \u0627\u0644\u062d\u0631\u064a\u0629 \u0627\u0644\u0643\u0648\u0631\u062f\u0633\u062a\u0627\u0646\u064a\",\"url\":\"https:\\\/\\\/saknews.net\\\/ku\\\/\",\"logo\":{\"@type\":\"ImageObject\",\"inLanguage\":\"en-US\",\"@id\":\"https:\\\/\\\/saknews.net\\\/ku\\\/#\\\/schema\\\/logo\\\/image\\\/\",\"url\":\"https:\\\/\\\/i0.wp.com\\\/saknews.net\\\/ku\\\/wp-content\\\/uploads\\\/2024\\\/11\\\/cropped-logo-1.png?fit=512%2C512&ssl=1\",\"contentUrl\":\"https:\\\/\\\/i0.wp.com\\\/saknews.net\\\/ku\\\/wp-content\\\/uploads\\\/2024\\\/11\\\/cropped-logo-1.png?fit=512%2C512&ssl=1\",\"width\":512,\"height\":512,\"caption\":\"\u015eep\u00eala Azadiy\u00ea ya Kurdistan\u00ea - \u062a\u064a\u0627\u0631 \u0627\u0644\u062d\u0631\u064a\u0629 \u0627\u0644\u0643\u0648\u0631\u062f\u0633\u062a\u0627\u0646\u064a\"},\"image\":{\"@id\":\"https:\\\/\\\/saknews.net\\\/ku\\\/#\\\/schema\\\/logo\\\/image\\\/\"},\"sameAs\":[\"https:\\\/\\\/www.facebook.com\\\/Shepel.ewropa\"]},{\"@type\":\"Person\",\"@id\":\"https:\\\/\\\/saknews.net\\\/ku\\\/#\\\/schema\\\/person\\\/72ae32a4041a3817e015b63d8f409058\",\"name\":\"Horan Hem\",\"url\":\"https:\\\/\\\/saknews.net\\\/ku\\\/?author=8\"}]}<\/script>\n<!-- \/ Yoast SEO plugin. -->","yoast_head_json":{"title":"Ber\u00ea Kurdistana S\u00fbriy\u00ea derbar\u00ea El-\u015eerih daxuyan\u00ee da &#8226; \u015eAK","robots":{"index":"index","follow":"follow","max-snippet":"max-snippet:-1","max-image-preview":"max-image-preview:large","max-video-preview":"max-video-preview:-1"},"canonical":"https:\/\/saknews.net\/ku\/?p=2055","og_locale":"en_US","og_type":"article","og_title":"Ber\u00ea Kurdistana S\u00fbriy\u00ea derbar\u00ea El-\u015eerih daxuyan\u00ee da &#8226; \u015eAK","og_description":"Ber\u00ea Kurdistana S\u00fbriy\u00ea di derbar\u00ea destn\u00ee\u015fankirina El-\u015eerih weke serok\u00ea S\u00fbriy\u00ea de daxuyan\u00ee da \u00fb metirs\u00eey\u00ean...","og_url":"https:\/\/saknews.net\/ku\/?p=2055","og_site_name":"\u015eAK","article_publisher":"https:\/\/www.facebook.com\/Shepel.ewropa","article_published_time":"2025-01-30T11:03:50+00:00","article_modified_time":"2025-01-30T11:07:01+00:00","og_image":[{"width":597,"height":574,"url":"https:\/\/saknews.net\/ku\/wp-content\/uploads\/2024\/12\/IMG-20241207-WA0028.jpg","type":"image\/jpeg"}],"author":"Horan Hem","twitter_card":"summary_large_image","twitter_misc":{"Written by":"Horan Hem","Est. reading time":"2 minutes"},"schema":{"@context":"https:\/\/schema.org","@graph":[{"@type":"Article","@id":"https:\/\/saknews.net\/ku\/?p=2055#article","isPartOf":{"@id":"https:\/\/saknews.net\/ku\/?p=2055"},"author":{"name":"Horan Hem","@id":"https:\/\/saknews.net\/ku\/#\/schema\/person\/72ae32a4041a3817e015b63d8f409058"},"headline":"Ber\u00ea Kurdistana S\u00fbriy\u00ea derbar\u00ea El-\u015eerih daxuyan\u00ee da","datePublished":"2025-01-30T11:03:50+00:00","dateModified":"2025-01-30T11:07:01+00:00","mainEntityOfPage":{"@id":"https:\/\/saknews.net\/ku\/?p=2055"},"wordCount":439,"publisher":{"@id":"https:\/\/saknews.net\/ku\/#organization"},"image":{"@id":"https:\/\/saknews.net\/ku\/?p=2055#primaryimage"},"thumbnailUrl":"https:\/\/i0.wp.com\/saknews.net\/ku\/wp-content\/uploads\/2024\/12\/IMG-20241207-WA0028.jpg?fit=597%2C574&ssl=1","articleSection":["Daxuyan\u00ee"],"inLanguage":"en-US"},{"@type":"WebPage","@id":"https:\/\/saknews.net\/ku\/?p=2055","url":"https:\/\/saknews.net\/ku\/?p=2055","name":"Ber\u00ea Kurdistana S\u00fbriy\u00ea derbar\u00ea El-\u015eerih daxuyan\u00ee da &#8226; \u015eAK","isPartOf":{"@id":"https:\/\/saknews.net\/ku\/#website"},"primaryImageOfPage":{"@id":"https:\/\/saknews.net\/ku\/?p=2055#primaryimage"},"image":{"@id":"https:\/\/saknews.net\/ku\/?p=2055#primaryimage"},"thumbnailUrl":"https:\/\/i0.wp.com\/saknews.net\/ku\/wp-content\/uploads\/2024\/12\/IMG-20241207-WA0028.jpg?fit=597%2C574&ssl=1","datePublished":"2025-01-30T11:03:50+00:00","dateModified":"2025-01-30T11:07:01+00:00","breadcrumb":{"@id":"https:\/\/saknews.net\/ku\/?p=2055#breadcrumb"},"inLanguage":"en-US","potentialAction":[{"@type":"ReadAction","target":["https:\/\/saknews.net\/ku\/?p=2055"]}]},{"@type":"ImageObject","inLanguage":"en-US","@id":"https:\/\/saknews.net\/ku\/?p=2055#primaryimage","url":"https:\/\/i0.wp.com\/saknews.net\/ku\/wp-content\/uploads\/2024\/12\/IMG-20241207-WA0028.jpg?fit=597%2C574&ssl=1","contentUrl":"https:\/\/i0.wp.com\/saknews.net\/ku\/wp-content\/uploads\/2024\/12\/IMG-20241207-WA0028.jpg?fit=597%2C574&ssl=1","width":597,"height":574},{"@type":"BreadcrumbList","@id":"https:\/\/saknews.net\/ku\/?p=2055#breadcrumb","itemListElement":[{"@type":"ListItem","position":1,"name":"\u0627\u0644\u0631\u0626\u064a\u0633\u064a\u0629","item":"https:\/\/saknews.net\/ku\/"},{"@type":"ListItem","position":2,"name":"N\u00fb\u00e7e","item":"https:\/\/saknews.net\/ku\/?cat=49"},{"@type":"ListItem","position":3,"name":"Daxuyan\u00ee","item":"https:\/\/saknews.net\/ku\/?cat=34"},{"@type":"ListItem","position":4,"name":"Ber\u00ea Kurdistana S\u00fbriy\u00ea derbar\u00ea El-\u015eerih daxuyan\u00ee da"}]},{"@type":"WebSite","@id":"https:\/\/saknews.net\/ku\/#website","url":"https:\/\/saknews.net\/ku\/","name":"S\u0327epe\u0302la Azadi\u0302 ya Kurdistani\u0302","description":"\u062a\u064a\u0627\u0631 \u0627\u0644\u062d\u0631\u064a\u0629 \u0627\u0644\u0643\u0648\u0631\u062f\u0633\u062a\u0627\u0646\u064a \u015eep\u00eala Azad\u00ee ya Kurdistan\u00ee","publisher":{"@id":"https:\/\/saknews.net\/ku\/#organization"},"potentialAction":[{"@type":"SearchAction","target":{"@type":"EntryPoint","urlTemplate":"https:\/\/saknews.net\/ku\/?s={search_term_string}"},"query-input":{"@type":"PropertyValueSpecification","valueRequired":true,"valueName":"search_term_string"}}],"inLanguage":"en-US"},{"@type":"Organization","@id":"https:\/\/saknews.net\/ku\/#organization","name":"\u015eep\u00eala Azadiy\u00ea ya Kurdistan\u00ea - \u062a\u064a\u0627\u0631 \u0627\u0644\u062d\u0631\u064a\u0629 \u0627\u0644\u0643\u0648\u0631\u062f\u0633\u062a\u0627\u0646\u064a","url":"https:\/\/saknews.net\/ku\/","logo":{"@type":"ImageObject","inLanguage":"en-US","@id":"https:\/\/saknews.net\/ku\/#\/schema\/logo\/image\/","url":"https:\/\/i0.wp.com\/saknews.net\/ku\/wp-content\/uploads\/2024\/11\/cropped-logo-1.png?fit=512%2C512&ssl=1","contentUrl":"https:\/\/i0.wp.com\/saknews.net\/ku\/wp-content\/uploads\/2024\/11\/cropped-logo-1.png?fit=512%2C512&ssl=1","width":512,"height":512,"caption":"\u015eep\u00eala Azadiy\u00ea ya Kurdistan\u00ea - \u062a\u064a\u0627\u0631 \u0627\u0644\u062d\u0631\u064a\u0629 \u0627\u0644\u0643\u0648\u0631\u062f\u0633\u062a\u0627\u0646\u064a"},"image":{"@id":"https:\/\/saknews.net\/ku\/#\/schema\/logo\/image\/"},"sameAs":["https:\/\/www.facebook.com\/Shepel.ewropa"]},{"@type":"Person","@id":"https:\/\/saknews.net\/ku\/#\/schema\/person\/72ae32a4041a3817e015b63d8f409058","name":"Horan Hem","url":"https:\/\/saknews.net\/ku\/?author=8"}]}},"featured_image_urls":{"full":["https:\/\/i0.wp.com\/saknews.net\/ku\/wp-content\/uploads\/2024\/12\/IMG-20241207-WA0028.jpg?fit=597%2C574&ssl=1",597,574,false],"thumbnail":["https:\/\/i0.wp.com\/saknews.net\/ku\/wp-content\/uploads\/2024\/12\/IMG-20241207-WA0028.jpg?resize=150%2C150&ssl=1",150,150,true],"medium":["https:\/\/i0.wp.com\/saknews.net\/ku\/wp-content\/uploads\/2024\/12\/IMG-20241207-WA0028.jpg?fit=300%2C288&ssl=1",300,288,true],"medium_large":["https:\/\/i0.wp.com\/saknews.net\/ku\/wp-content\/uploads\/2024\/12\/IMG-20241207-WA0028.jpg?fit=597%2C574&ssl=1",597,574,true],"large":["https:\/\/i0.wp.com\/saknews.net\/ku\/wp-content\/uploads\/2024\/12\/IMG-20241207-WA0028.jpg?fit=597%2C574&ssl=1",597,574,true],"1536x1536":["https:\/\/i0.wp.com\/saknews.net\/ku\/wp-content\/uploads\/2024\/12\/IMG-20241207-WA0028.jpg?fit=597%2C574&ssl=1",597,574,true],"2048x2048":["https:\/\/i0.wp.com\/saknews.net\/ku\/wp-content\/uploads\/2024\/12\/IMG-20241207-WA0028.jpg?fit=597%2C574&ssl=1",597,574,true],"covernews-featured":["https:\/\/i0.wp.com\/saknews.net\/ku\/wp-content\/uploads\/2024\/12\/IMG-20241207-WA0028.jpg?fit=597%2C574&ssl=1",597,574,true],"covernews-medium":["https:\/\/i0.wp.com\/saknews.net\/ku\/wp-content\/uploads\/2024\/12\/IMG-20241207-WA0028.jpg?resize=540%2C340&ssl=1",540,340,true]},"author_info":{"display_name":"Horan Hem","author_link":"https:\/\/saknews.net\/ku\/?author=8"},"category_info":"<a href=\"https:\/\/saknews.net\/ku\/?cat=34\" rel=\"category\">Daxuyan\u00ee<\/a>","tag_info":"Daxuyan\u00ee","comment_count":"0","_links":{"self":[{"href":"https:\/\/saknews.net\/ku\/index.php?rest_route=\/wp\/v2\/posts\/2055","targetHints":{"allow":["GET"]}}],"collection":[{"href":"https:\/\/saknews.net\/ku\/index.php?rest_route=\/wp\/v2\/posts"}],"about":[{"href":"https:\/\/saknews.net\/ku\/index.php?rest_route=\/wp\/v2\/types\/post"}],"author":[{"embeddable":true,"href":"https:\/\/saknews.net\/ku\/index.php?rest_route=\/wp\/v2\/users\/8"}],"replies":[{"embeddable":true,"href":"https:\/\/saknews.net\/ku\/index.php?rest_route=%2Fwp%2Fv2%2Fcomments&post=2055"}],"version-history":[{"count":3,"href":"https:\/\/saknews.net\/ku\/index.php?rest_route=\/wp\/v2\/posts\/2055\/revisions"}],"predecessor-version":[{"id":2058,"href":"https:\/\/saknews.net\/ku\/index.php?rest_route=\/wp\/v2\/posts\/2055\/revisions\/2058"}],"wp:featuredmedia":[{"embeddable":true,"href":"https:\/\/saknews.net\/ku\/index.php?rest_route=\/wp\/v2\/media\/1905"}],"wp:attachment":[{"href":"https:\/\/saknews.net\/ku\/index.php?rest_route=%2Fwp%2Fv2%2Fmedia&parent=2055"}],"wp:term":[{"taxonomy":"category","embeddable":true,"href":"https:\/\/saknews.net\/ku\/index.php?rest_route=%2Fwp%2Fv2%2Fcategories&post=2055"},{"taxonomy":"post_tag","embeddable":true,"href":"https:\/\/saknews.net\/ku\/index.php?rest_route=%2Fwp%2Fv2%2Ftags&post=2055"}],"curies":[{"name":"wp","href":"https:\/\/api.w.org\/{rel}","templated":true}]}}