{"id":2059,"date":"2025-01-31T09:38:09","date_gmt":"2025-01-31T09:38:09","guid":{"rendered":"https:\/\/saknews.net\/ku\/?p=2059"},"modified":"2025-01-31T09:38:09","modified_gmt":"2025-01-31T09:38:09","slug":"bere-kurdistana-suriye-bi-sepela-peseroje-ya-kurdistane-re-dicive","status":"publish","type":"post","link":"https:\/\/saknews.net\/ku\/?p=2059","title":{"rendered":"Ber\u00ea Kurdistana S\u00fbriy\u00ea bi \u015eep\u00eala P\u00ea\u015feroj\u00ea ya Kurdistan\u00ea re dicive"},"content":{"rendered":"<p>\u015eanda Ber\u00ea Kurdistana S\u00fbriy\u00ea hevd\u00eetin\u00ean xwe y\u00ean siyas\u00ee li Qami\u015flo berdewam dike, her\u00ee daw\u00ee serdana bargeha \u015eep\u00eala P\u00ea\u015feroj\u00ea ya Kurdistan\u00ea kir \u00fb herdu aliyan behsa p\u00ea\u015fhat\u00ean daw\u00ee kirin, herwiha got\u00fbb\u00eaja kurd\u00ee-kurd\u00ee ku gir\u00eengiya be\u015fdarb\u00fbna tevahiya aliy\u00ean siyas\u00ee y\u00ean Kurd. Deqeya ragihandin\u00ea:<br \/>\nRagihandin<\/p>\n<p>\u015eanda Ber\u00ea Kurdistana S\u00fbriy\u00ea bi \u015eep\u00eala P\u00ea\u015feroj\u00ea ya Kurdistan\u00ea re dicive <\/p>\n<p>\u015eanda Ber\u00ea Kurdistana S\u00fbriy\u00ea hevd\u00eetin\u00ean xwe y\u00ean siyas\u00ee li Qami\u015flo berdewam dike, her daw\u00ee j\u00ee bi \u015eep\u00eala P\u00ea\u015feroj\u00ea ya Kurdistan\u00ea re civiya \u00fb di civ\u00een\u00ea de behsa p\u00ea\u015fhat\u00ean daw\u00ee y\u00ean di derbar\u00ea got\u00fbb\u00eaja kurd\u00ee-kurd\u00ee de \u00fb rola Amer\u00eeka \u00fb Fransa di n\u00eaz\u00eekb\u00fbna di navbera kurdan de hate kirin. <\/p>\n<p>\u015eanda Ber\u00ea Kurdistana S\u00fbriy\u00ea ji serok\u00ea w\u00ea Ebdilrehman Hebe\u015f Sekreter\u00ea Partiya Demokrat a Kurd li S\u00fbriy\u00ea (El-Part\u00ee) \u00fb herdu endam\u00ean w\u00ea Ebdilxen\u00ee Eco \u00fb Mihemed Sed\u00eeq Brah\u00eem p\u00eak dihat, herwiha \u015fanda Ber\u00ea ji aliy\u00ea Seroka \u015eep\u00eal\u00ea Nar\u00een Met\u00een\u00ee \u00fb endam\u00ea Of\u00eesa C\u00eebic\u00eekar Alan K\u00eek\u00ee ve hate p\u00ea\u015fwaz\u00eekirin.<br \/>\nSerok\u00ea Ber\u00ea behsa got\u00fbb\u00eaja kurd\u00ee-kurd\u00ee kir herwiha gir\u00eengiya be\u015fdarb\u00fbna tevahiya aliy\u00ean kurd t\u00eade heta ku bi ser bikeve \u00fb li ser ner\u00eeneke siyas\u00ee ya hevbe\u015f lihev bikin, ku n\u00fbnertiya berjewendiy\u00ean gel\u00ea Kurdistana S\u00fbriy\u00ea bike. Herwisa herdu aliyan behsa rola Her\u00eama Kurdistana Iraq\u00ea di navb\u00eankariya aliy\u00ean kurd de kir.<br \/>\nSerok\u00ea Ber\u00ea da zan\u00een, ku kurd li p\u00ea\u015f derfeteke d\u00eerok\u00ee ne ji bo yekxistina n\u00ear\u00een\u00ean wan y\u00ean siyas\u00ee \u00fb bic\u00eehan\u00eena daxwaz\u00ean wan y\u00ean netew\u00ee \u00fb rewa \u00fb avakirina S\u00fbriyak demokrat \u00fb federal, ku Kurdistana S\u00fbriy\u00ea weke her\u00eameke yekgirt\u00ee be \u00fb taybetmendiy w\u00ea hebe. <\/p>\n<p>Ber\u00ea Kurdistana S\u00fbriy\u00ea<br \/>\n31.01.2025<\/p>\n","protected":false},"excerpt":{"rendered":"<p>\u015eanda Ber\u00ea Kurdistana S\u00fbriy\u00ea hevd\u00eetin\u00ean xwe y\u00ean siyas\u00ee li Qami\u015flo berdewam dike, her\u00ee daw\u00ee serdana&#8230;<\/p>\n","protected":false},"author":8,"featured_media":2060,"comment_status":"closed","ping_status":"closed","sticky":false,"template":"","format":"standard","meta":{"footnotes":""},"categories":[34,42],"tags":[],"class_list":["post-2059","post","type-post","status-publish","format-standard","has-post-thumbnail","hentry","category-daxuyani","category-hevditin"],"yoast_head":"<!-- This site is optimized with the Yoast SEO plugin v27.5 - https:\/\/yoast.com\/product\/yoast-seo-wordpress\/ -->\n<title>Ber\u00ea Kurdistana S\u00fbriy\u00ea bi \u015eep\u00eala P\u00ea\u015feroj\u00ea ya Kurdistan\u00ea re dicive &#8226; \u015eAK<\/title>\n<meta name=\"robots\" content=\"index, follow, max-snippet:-1, max-image-preview:large, max-video-preview:-1\" \/>\n<link rel=\"canonical\" href=\"https:\/\/saknews.net\/ku\/?p=2059\" \/>\n<meta property=\"og:locale\" content=\"en_US\" \/>\n<meta property=\"og:type\" content=\"article\" \/>\n<meta property=\"og:title\" content=\"Ber\u00ea Kurdistana S\u00fbriy\u00ea bi \u015eep\u00eala P\u00ea\u015feroj\u00ea ya Kurdistan\u00ea re dicive &#8226; \u015eAK\" \/>\n<meta property=\"og:description\" content=\"\u015eanda Ber\u00ea Kurdistana S\u00fbriy\u00ea hevd\u00eetin\u00ean xwe y\u00ean siyas\u00ee li Qami\u015flo berdewam dike, her\u00ee daw\u00ee serdana...\" \/>\n<meta property=\"og:url\" content=\"https:\/\/saknews.net\/ku\/?p=2059\" \/>\n<meta property=\"og:site_name\" content=\"\u015eAK\" \/>\n<meta property=\"article:publisher\" content=\"https:\/\/www.facebook.com\/Shepel.ewropa\" \/>\n<meta property=\"article:published_time\" content=\"2025-01-31T09:38:09+00:00\" \/>\n<meta property=\"og:image\" content=\"https:\/\/saknews.net\/ku\/wp-content\/uploads\/2025\/01\/photogrid.photocollagemaker.photoeditor.squarepic_202513110249692.png\" \/>\n\t<meta property=\"og:image:width\" content=\"1920\" \/>\n\t<meta property=\"og:image:height\" content=\"1080\" \/>\n\t<meta property=\"og:image:type\" content=\"image\/png\" \/>\n<meta name=\"author\" content=\"Horan Hem\" \/>\n<meta name=\"twitter:card\" content=\"summary_large_image\" \/>\n<meta name=\"twitter:label1\" content=\"Written by\" \/>\n\t<meta name=\"twitter:data1\" content=\"Horan Hem\" \/>\n\t<meta name=\"twitter:label2\" content=\"Est. reading time\" \/>\n\t<meta name=\"twitter:data2\" content=\"1 minute\" \/>\n<script type=\"application\/ld+json\" class=\"yoast-schema-graph\">{\"@context\":\"https:\\\/\\\/schema.org\",\"@graph\":[{\"@type\":\"Article\",\"@id\":\"https:\\\/\\\/saknews.net\\\/ku\\\/?p=2059#article\",\"isPartOf\":{\"@id\":\"https:\\\/\\\/saknews.net\\\/ku\\\/?p=2059\"},\"author\":{\"name\":\"Horan Hem\",\"@id\":\"https:\\\/\\\/saknews.net\\\/ku\\\/#\\\/schema\\\/person\\\/72ae32a4041a3817e015b63d8f409058\"},\"headline\":\"Ber\u00ea Kurdistana S\u00fbriy\u00ea bi \u015eep\u00eala P\u00ea\u015feroj\u00ea ya Kurdistan\u00ea re dicive\",\"datePublished\":\"2025-01-31T09:38:09+00:00\",\"mainEntityOfPage\":{\"@id\":\"https:\\\/\\\/saknews.net\\\/ku\\\/?p=2059\"},\"wordCount\":324,\"publisher\":{\"@id\":\"https:\\\/\\\/saknews.net\\\/ku\\\/#organization\"},\"image\":{\"@id\":\"https:\\\/\\\/saknews.net\\\/ku\\\/?p=2059#primaryimage\"},\"thumbnailUrl\":\"https:\\\/\\\/i0.wp.com\\\/saknews.net\\\/ku\\\/wp-content\\\/uploads\\\/2025\\\/01\\\/photogrid.photocollagemaker.photoeditor.squarepic_202513110249692.png?fit=1920%2C1080&ssl=1\",\"articleSection\":[\"Daxuyan\u00ee\",\"Hevd\u00eetin\"],\"inLanguage\":\"en-US\"},{\"@type\":\"WebPage\",\"@id\":\"https:\\\/\\\/saknews.net\\\/ku\\\/?p=2059\",\"url\":\"https:\\\/\\\/saknews.net\\\/ku\\\/?p=2059\",\"name\":\"Ber\u00ea Kurdistana S\u00fbriy\u00ea bi \u015eep\u00eala P\u00ea\u015feroj\u00ea ya Kurdistan\u00ea re dicive &#8226; \u015eAK\",\"isPartOf\":{\"@id\":\"https:\\\/\\\/saknews.net\\\/ku\\\/#website\"},\"primaryImageOfPage\":{\"@id\":\"https:\\\/\\\/saknews.net\\\/ku\\\/?p=2059#primaryimage\"},\"image\":{\"@id\":\"https:\\\/\\\/saknews.net\\\/ku\\\/?p=2059#primaryimage\"},\"thumbnailUrl\":\"https:\\\/\\\/i0.wp.com\\\/saknews.net\\\/ku\\\/wp-content\\\/uploads\\\/2025\\\/01\\\/photogrid.photocollagemaker.photoeditor.squarepic_202513110249692.png?fit=1920%2C1080&ssl=1\",\"datePublished\":\"2025-01-31T09:38:09+00:00\",\"breadcrumb\":{\"@id\":\"https:\\\/\\\/saknews.net\\\/ku\\\/?p=2059#breadcrumb\"},\"inLanguage\":\"en-US\",\"potentialAction\":[{\"@type\":\"ReadAction\",\"target\":[\"https:\\\/\\\/saknews.net\\\/ku\\\/?p=2059\"]}]},{\"@type\":\"ImageObject\",\"inLanguage\":\"en-US\",\"@id\":\"https:\\\/\\\/saknews.net\\\/ku\\\/?p=2059#primaryimage\",\"url\":\"https:\\\/\\\/i0.wp.com\\\/saknews.net\\\/ku\\\/wp-content\\\/uploads\\\/2025\\\/01\\\/photogrid.photocollagemaker.photoeditor.squarepic_202513110249692.png?fit=1920%2C1080&ssl=1\",\"contentUrl\":\"https:\\\/\\\/i0.wp.com\\\/saknews.net\\\/ku\\\/wp-content\\\/uploads\\\/2025\\\/01\\\/photogrid.photocollagemaker.photoeditor.squarepic_202513110249692.png?fit=1920%2C1080&ssl=1\",\"width\":1920,\"height\":1080},{\"@type\":\"BreadcrumbList\",\"@id\":\"https:\\\/\\\/saknews.net\\\/ku\\\/?p=2059#breadcrumb\",\"itemListElement\":[{\"@type\":\"ListItem\",\"position\":1,\"name\":\"\u0627\u0644\u0631\u0626\u064a\u0633\u064a\u0629\",\"item\":\"https:\\\/\\\/saknews.net\\\/ku\\\/\"},{\"@type\":\"ListItem\",\"position\":2,\"name\":\"N\u00fb\u00e7e\",\"item\":\"https:\\\/\\\/saknews.net\\\/ku\\\/?cat=49\"},{\"@type\":\"ListItem\",\"position\":3,\"name\":\"Daxuyan\u00ee\",\"item\":\"https:\\\/\\\/saknews.net\\\/ku\\\/?cat=34\"},{\"@type\":\"ListItem\",\"position\":4,\"name\":\"Hevd\u00eetin\",\"item\":\"https:\\\/\\\/saknews.net\\\/ku\\\/?cat=42\"},{\"@type\":\"ListItem\",\"position\":5,\"name\":\"Ber\u00ea Kurdistana S\u00fbriy\u00ea bi \u015eep\u00eala P\u00ea\u015feroj\u00ea ya Kurdistan\u00ea re dicive\"}]},{\"@type\":\"WebSite\",\"@id\":\"https:\\\/\\\/saknews.net\\\/ku\\\/#website\",\"url\":\"https:\\\/\\\/saknews.net\\\/ku\\\/\",\"name\":\"S\u0327epe\u0302la Azadi\u0302 ya Kurdistani\u0302\",\"description\":\"\u062a\u064a\u0627\u0631 \u0627\u0644\u062d\u0631\u064a\u0629 \u0627\u0644\u0643\u0648\u0631\u062f\u0633\u062a\u0627\u0646\u064a \u015eep\u00eala Azad\u00ee ya Kurdistan\u00ee\",\"publisher\":{\"@id\":\"https:\\\/\\\/saknews.net\\\/ku\\\/#organization\"},\"potentialAction\":[{\"@type\":\"SearchAction\",\"target\":{\"@type\":\"EntryPoint\",\"urlTemplate\":\"https:\\\/\\\/saknews.net\\\/ku\\\/?s={search_term_string}\"},\"query-input\":{\"@type\":\"PropertyValueSpecification\",\"valueRequired\":true,\"valueName\":\"search_term_string\"}}],\"inLanguage\":\"en-US\"},{\"@type\":\"Organization\",\"@id\":\"https:\\\/\\\/saknews.net\\\/ku\\\/#organization\",\"name\":\"\u015eep\u00eala Azadiy\u00ea ya Kurdistan\u00ea - \u062a\u064a\u0627\u0631 \u0627\u0644\u062d\u0631\u064a\u0629 \u0627\u0644\u0643\u0648\u0631\u062f\u0633\u062a\u0627\u0646\u064a\",\"url\":\"https:\\\/\\\/saknews.net\\\/ku\\\/\",\"logo\":{\"@type\":\"ImageObject\",\"inLanguage\":\"en-US\",\"@id\":\"https:\\\/\\\/saknews.net\\\/ku\\\/#\\\/schema\\\/logo\\\/image\\\/\",\"url\":\"https:\\\/\\\/i0.wp.com\\\/saknews.net\\\/ku\\\/wp-content\\\/uploads\\\/2024\\\/11\\\/cropped-logo-1.png?fit=512%2C512&ssl=1\",\"contentUrl\":\"https:\\\/\\\/i0.wp.com\\\/saknews.net\\\/ku\\\/wp-content\\\/uploads\\\/2024\\\/11\\\/cropped-logo-1.png?fit=512%2C512&ssl=1\",\"width\":512,\"height\":512,\"caption\":\"\u015eep\u00eala Azadiy\u00ea ya Kurdistan\u00ea - \u062a\u064a\u0627\u0631 \u0627\u0644\u062d\u0631\u064a\u0629 \u0627\u0644\u0643\u0648\u0631\u062f\u0633\u062a\u0627\u0646\u064a\"},\"image\":{\"@id\":\"https:\\\/\\\/saknews.net\\\/ku\\\/#\\\/schema\\\/logo\\\/image\\\/\"},\"sameAs\":[\"https:\\\/\\\/www.facebook.com\\\/Shepel.ewropa\"]},{\"@type\":\"Person\",\"@id\":\"https:\\\/\\\/saknews.net\\\/ku\\\/#\\\/schema\\\/person\\\/72ae32a4041a3817e015b63d8f409058\",\"name\":\"Horan Hem\",\"url\":\"https:\\\/\\\/saknews.net\\\/ku\\\/?author=8\"}]}<\/script>\n<!-- \/ Yoast SEO plugin. -->","yoast_head_json":{"title":"Ber\u00ea Kurdistana S\u00fbriy\u00ea bi \u015eep\u00eala P\u00ea\u015feroj\u00ea ya Kurdistan\u00ea re dicive &#8226; \u015eAK","robots":{"index":"index","follow":"follow","max-snippet":"max-snippet:-1","max-image-preview":"max-image-preview:large","max-video-preview":"max-video-preview:-1"},"canonical":"https:\/\/saknews.net\/ku\/?p=2059","og_locale":"en_US","og_type":"article","og_title":"Ber\u00ea Kurdistana S\u00fbriy\u00ea bi \u015eep\u00eala P\u00ea\u015feroj\u00ea ya Kurdistan\u00ea re dicive &#8226; \u015eAK","og_description":"\u015eanda Ber\u00ea Kurdistana S\u00fbriy\u00ea hevd\u00eetin\u00ean xwe y\u00ean siyas\u00ee li Qami\u015flo berdewam dike, her\u00ee daw\u00ee serdana...","og_url":"https:\/\/saknews.net\/ku\/?p=2059","og_site_name":"\u015eAK","article_publisher":"https:\/\/www.facebook.com\/Shepel.ewropa","article_published_time":"2025-01-31T09:38:09+00:00","og_image":[{"width":1920,"height":1080,"url":"https:\/\/saknews.net\/ku\/wp-content\/uploads\/2025\/01\/photogrid.photocollagemaker.photoeditor.squarepic_202513110249692.png","type":"image\/png"}],"author":"Horan Hem","twitter_card":"summary_large_image","twitter_misc":{"Written by":"Horan Hem","Est. reading time":"1 minute"},"schema":{"@context":"https:\/\/schema.org","@graph":[{"@type":"Article","@id":"https:\/\/saknews.net\/ku\/?p=2059#article","isPartOf":{"@id":"https:\/\/saknews.net\/ku\/?p=2059"},"author":{"name":"Horan Hem","@id":"https:\/\/saknews.net\/ku\/#\/schema\/person\/72ae32a4041a3817e015b63d8f409058"},"headline":"Ber\u00ea Kurdistana S\u00fbriy\u00ea bi \u015eep\u00eala P\u00ea\u015feroj\u00ea ya Kurdistan\u00ea re dicive","datePublished":"2025-01-31T09:38:09+00:00","mainEntityOfPage":{"@id":"https:\/\/saknews.net\/ku\/?p=2059"},"wordCount":324,"publisher":{"@id":"https:\/\/saknews.net\/ku\/#organization"},"image":{"@id":"https:\/\/saknews.net\/ku\/?p=2059#primaryimage"},"thumbnailUrl":"https:\/\/i0.wp.com\/saknews.net\/ku\/wp-content\/uploads\/2025\/01\/photogrid.photocollagemaker.photoeditor.squarepic_202513110249692.png?fit=1920%2C1080&ssl=1","articleSection":["Daxuyan\u00ee","Hevd\u00eetin"],"inLanguage":"en-US"},{"@type":"WebPage","@id":"https:\/\/saknews.net\/ku\/?p=2059","url":"https:\/\/saknews.net\/ku\/?p=2059","name":"Ber\u00ea Kurdistana S\u00fbriy\u00ea bi \u015eep\u00eala P\u00ea\u015feroj\u00ea ya Kurdistan\u00ea re dicive &#8226; \u015eAK","isPartOf":{"@id":"https:\/\/saknews.net\/ku\/#website"},"primaryImageOfPage":{"@id":"https:\/\/saknews.net\/ku\/?p=2059#primaryimage"},"image":{"@id":"https:\/\/saknews.net\/ku\/?p=2059#primaryimage"},"thumbnailUrl":"https:\/\/i0.wp.com\/saknews.net\/ku\/wp-content\/uploads\/2025\/01\/photogrid.photocollagemaker.photoeditor.squarepic_202513110249692.png?fit=1920%2C1080&ssl=1","datePublished":"2025-01-31T09:38:09+00:00","breadcrumb":{"@id":"https:\/\/saknews.net\/ku\/?p=2059#breadcrumb"},"inLanguage":"en-US","potentialAction":[{"@type":"ReadAction","target":["https:\/\/saknews.net\/ku\/?p=2059"]}]},{"@type":"ImageObject","inLanguage":"en-US","@id":"https:\/\/saknews.net\/ku\/?p=2059#primaryimage","url":"https:\/\/i0.wp.com\/saknews.net\/ku\/wp-content\/uploads\/2025\/01\/photogrid.photocollagemaker.photoeditor.squarepic_202513110249692.png?fit=1920%2C1080&ssl=1","contentUrl":"https:\/\/i0.wp.com\/saknews.net\/ku\/wp-content\/uploads\/2025\/01\/photogrid.photocollagemaker.photoeditor.squarepic_202513110249692.png?fit=1920%2C1080&ssl=1","width":1920,"height":1080},{"@type":"BreadcrumbList","@id":"https:\/\/saknews.net\/ku\/?p=2059#breadcrumb","itemListElement":[{"@type":"ListItem","position":1,"name":"\u0627\u0644\u0631\u0626\u064a\u0633\u064a\u0629","item":"https:\/\/saknews.net\/ku\/"},{"@type":"ListItem","position":2,"name":"N\u00fb\u00e7e","item":"https:\/\/saknews.net\/ku\/?cat=49"},{"@type":"ListItem","position":3,"name":"Daxuyan\u00ee","item":"https:\/\/saknews.net\/ku\/?cat=34"},{"@type":"ListItem","position":4,"name":"Hevd\u00eetin","item":"https:\/\/saknews.net\/ku\/?cat=42"},{"@type":"ListItem","position":5,"name":"Ber\u00ea Kurdistana S\u00fbriy\u00ea bi \u015eep\u00eala P\u00ea\u015feroj\u00ea ya Kurdistan\u00ea re dicive"}]},{"@type":"WebSite","@id":"https:\/\/saknews.net\/ku\/#website","url":"https:\/\/saknews.net\/ku\/","name":"S\u0327epe\u0302la Azadi\u0302 ya Kurdistani\u0302","description":"\u062a\u064a\u0627\u0631 \u0627\u0644\u062d\u0631\u064a\u0629 \u0627\u0644\u0643\u0648\u0631\u062f\u0633\u062a\u0627\u0646\u064a \u015eep\u00eala Azad\u00ee ya Kurdistan\u00ee","publisher":{"@id":"https:\/\/saknews.net\/ku\/#organization"},"potentialAction":[{"@type":"SearchAction","target":{"@type":"EntryPoint","urlTemplate":"https:\/\/saknews.net\/ku\/?s={search_term_string}"},"query-input":{"@type":"PropertyValueSpecification","valueRequired":true,"valueName":"search_term_string"}}],"inLanguage":"en-US"},{"@type":"Organization","@id":"https:\/\/saknews.net\/ku\/#organization","name":"\u015eep\u00eala Azadiy\u00ea ya Kurdistan\u00ea - \u062a\u064a\u0627\u0631 \u0627\u0644\u062d\u0631\u064a\u0629 \u0627\u0644\u0643\u0648\u0631\u062f\u0633\u062a\u0627\u0646\u064a","url":"https:\/\/saknews.net\/ku\/","logo":{"@type":"ImageObject","inLanguage":"en-US","@id":"https:\/\/saknews.net\/ku\/#\/schema\/logo\/image\/","url":"https:\/\/i0.wp.com\/saknews.net\/ku\/wp-content\/uploads\/2024\/11\/cropped-logo-1.png?fit=512%2C512&ssl=1","contentUrl":"https:\/\/i0.wp.com\/saknews.net\/ku\/wp-content\/uploads\/2024\/11\/cropped-logo-1.png?fit=512%2C512&ssl=1","width":512,"height":512,"caption":"\u015eep\u00eala Azadiy\u00ea ya Kurdistan\u00ea - \u062a\u064a\u0627\u0631 \u0627\u0644\u062d\u0631\u064a\u0629 \u0627\u0644\u0643\u0648\u0631\u062f\u0633\u062a\u0627\u0646\u064a"},"image":{"@id":"https:\/\/saknews.net\/ku\/#\/schema\/logo\/image\/"},"sameAs":["https:\/\/www.facebook.com\/Shepel.ewropa"]},{"@type":"Person","@id":"https:\/\/saknews.net\/ku\/#\/schema\/person\/72ae32a4041a3817e015b63d8f409058","name":"Horan Hem","url":"https:\/\/saknews.net\/ku\/?author=8"}]}},"featured_image_urls":{"full":["https:\/\/i0.wp.com\/saknews.net\/ku\/wp-content\/uploads\/2025\/01\/photogrid.photocollagemaker.photoeditor.squarepic_202513110249692.png?fit=1920%2C1080&ssl=1",1920,1080,false],"thumbnail":["https:\/\/i0.wp.com\/saknews.net\/ku\/wp-content\/uploads\/2025\/01\/photogrid.photocollagemaker.photoeditor.squarepic_202513110249692.png?resize=150%2C150&ssl=1",150,150,true],"medium":["https:\/\/i0.wp.com\/saknews.net\/ku\/wp-content\/uploads\/2025\/01\/photogrid.photocollagemaker.photoeditor.squarepic_202513110249692.png?fit=300%2C169&ssl=1",300,169,true],"medium_large":["https:\/\/i0.wp.com\/saknews.net\/ku\/wp-content\/uploads\/2025\/01\/photogrid.photocollagemaker.photoeditor.squarepic_202513110249692.png?fit=640%2C360&ssl=1",640,360,true],"large":["https:\/\/i0.wp.com\/saknews.net\/ku\/wp-content\/uploads\/2025\/01\/photogrid.photocollagemaker.photoeditor.squarepic_202513110249692.png?fit=640%2C360&ssl=1",640,360,true],"1536x1536":["https:\/\/i0.wp.com\/saknews.net\/ku\/wp-content\/uploads\/2025\/01\/photogrid.photocollagemaker.photoeditor.squarepic_202513110249692.png?fit=1536%2C864&ssl=1",1536,864,true],"2048x2048":["https:\/\/i0.wp.com\/saknews.net\/ku\/wp-content\/uploads\/2025\/01\/photogrid.photocollagemaker.photoeditor.squarepic_202513110249692.png?fit=1920%2C1080&ssl=1",1920,1080,true],"covernews-featured":["https:\/\/i0.wp.com\/saknews.net\/ku\/wp-content\/uploads\/2025\/01\/photogrid.photocollagemaker.photoeditor.squarepic_202513110249692.png?fit=1024%2C576&ssl=1",1024,576,true],"covernews-medium":["https:\/\/i0.wp.com\/saknews.net\/ku\/wp-content\/uploads\/2025\/01\/photogrid.photocollagemaker.photoeditor.squarepic_202513110249692.png?resize=540%2C340&ssl=1",540,340,true]},"author_info":{"display_name":"Horan Hem","author_link":"https:\/\/saknews.net\/ku\/?author=8"},"category_info":"<a href=\"https:\/\/saknews.net\/ku\/?cat=34\" rel=\"category\">Daxuyan\u00ee<\/a> <a href=\"https:\/\/saknews.net\/ku\/?cat=42\" rel=\"category\">Hevd\u00eetin<\/a>","tag_info":"Hevd\u00eetin","comment_count":"0","_links":{"self":[{"href":"https:\/\/saknews.net\/ku\/index.php?rest_route=\/wp\/v2\/posts\/2059","targetHints":{"allow":["GET"]}}],"collection":[{"href":"https:\/\/saknews.net\/ku\/index.php?rest_route=\/wp\/v2\/posts"}],"about":[{"href":"https:\/\/saknews.net\/ku\/index.php?rest_route=\/wp\/v2\/types\/post"}],"author":[{"embeddable":true,"href":"https:\/\/saknews.net\/ku\/index.php?rest_route=\/wp\/v2\/users\/8"}],"replies":[{"embeddable":true,"href":"https:\/\/saknews.net\/ku\/index.php?rest_route=%2Fwp%2Fv2%2Fcomments&post=2059"}],"version-history":[{"count":1,"href":"https:\/\/saknews.net\/ku\/index.php?rest_route=\/wp\/v2\/posts\/2059\/revisions"}],"predecessor-version":[{"id":2061,"href":"https:\/\/saknews.net\/ku\/index.php?rest_route=\/wp\/v2\/posts\/2059\/revisions\/2061"}],"wp:featuredmedia":[{"embeddable":true,"href":"https:\/\/saknews.net\/ku\/index.php?rest_route=\/wp\/v2\/media\/2060"}],"wp:attachment":[{"href":"https:\/\/saknews.net\/ku\/index.php?rest_route=%2Fwp%2Fv2%2Fmedia&parent=2059"}],"wp:term":[{"taxonomy":"category","embeddable":true,"href":"https:\/\/saknews.net\/ku\/index.php?rest_route=%2Fwp%2Fv2%2Fcategories&post=2059"},{"taxonomy":"post_tag","embeddable":true,"href":"https:\/\/saknews.net\/ku\/index.php?rest_route=%2Fwp%2Fv2%2Ftags&post=2059"}],"curies":[{"name":"wp","href":"https:\/\/api.w.org\/{rel}","templated":true}]}}