{"id":2067,"date":"2025-02-03T17:01:50","date_gmt":"2025-02-03T17:01:50","guid":{"rendered":"https:\/\/saknews.net\/ku\/?p=2067"},"modified":"2025-02-03T17:01:50","modified_gmt":"2025-02-03T17:01:50","slug":"sanda-bere-kurdistana-suriye-serdana-tevgera-caksazi-dike","status":"publish","type":"post","link":"https:\/\/saknews.net\/ku\/?p=2067","title":{"rendered":"\u015eanda Ber\u00ea Kurdistana S\u00fbriy\u00ea serdana Tevgera \u00c7aksaz\u00ee dike"},"content":{"rendered":"<p class=\"Normal\" style=\"direction: ltr;\">\u015eanda Ber\u00ea Kurdistana S\u00fbriy\u00ea li Bajar\u00ea Qami\u015flo serdana bargeha Tevgera \u00c7aksaz\u00ee ya Kurd li S\u00fbriy\u00ea kir \u00fb herdu aliyan behsa p\u00ea\u015fhat\u00ean daw\u00ee li S\u00fbriy\u00ea \u00fb Kurdistana S\u00fbriy\u00ea kirin.<\/p>\n<p class=\"Normal\" style=\"direction: ltr;\">Deqeya Ragihandin\u00ea:<\/p>\n<p class=\"Normal\" style=\"direction: ltr;\">\n<p class=\"Normal\" style=\"direction: ltr;\"><strong>\u015eanda Ber\u00ea Kurdistana S\u00fbriy\u00ea bi Tevgera \u00c7aksaz\u00ee re dicive<\/strong><\/p>\n<p class=\"Normal\" style=\"direction: ltr;\">\n<p class=\"Normal\" style=\"direction: ltr;\">\u015eanda Ber\u00ea Kurdistana S\u00fbriy\u00ea serdana bargeha Tevgera \u00c7aksaz\u00ee ya Kurd li S\u00fbriy\u00ea li Bajar\u00ea Qami\u015flo kir. Herdu aliyan behsa rw\u015fa siyas\u00ee li S\u00fbriy\u00ea \u00fb Kurdistana S\u00fbriy\u00ea kirin, herwiha yekxistina navmala kurd li S\u00fbriy\u00ea \u00fb \u00e7\u00eakirina \u00e7andeke hevbe\u015f li ser bingeha ner\u00eeneke siyas\u00ee ya hevbe\u015f, ku n\u00fbnertiya h\u00eav\u00ee \u00fb daxwaz\u00ean gel\u00ea kurd li S\u00fbriy\u00ea bike.<\/p>\n<p class=\"Normal\" style=\"direction: ltr;\">\u015eanda Ber\u00ea p\u00eak hatib\u00fb ji her yek ji: Serok\u00ea \u015eand\u00ea \u00fb Sekreter\u00ea Partiya Demokrat a Kurd li S\u00fbriy\u00ea (El-Part\u00ee) Ebdilrehman Hebe\u015f, Ebdilxen\u00ee Eco, Mihemed Sed\u00eeq Brah\u00eem \u00fb Rizgar Silo endam\u00ean p\u00eare. Ji aliy\u00ea Tevgera \u00c7aksaz\u00ee ve, her yek ji Hevr\u00eazkar\u00ea Gi\u015ft\u00ee y\u00ea tevger\u00ea F\u00easel Y\u00fbsif \u00fb herdu endam\u00ean of\u00eesa c\u00eebic\u00eekar Kazim Xel\u00eefe \u00fb Hikmet Qer\u00ee p\u00ea\u015fwaziya \u015fanda Ber\u00ea Kurdistana S\u00fbriy\u00ea kirib\u00fbn.<\/p>\n<p class=\"Normal\" style=\"direction: ltr;\">\n<p class=\"Normal\" style=\"direction: ltr;\">Of\u00eesa Ragihandin\u00ea ya Ber\u00ea Kurdistana S\u00fbriy\u00ea<\/p>\n<p class=\"Normal\" style=\"direction: ltr;\">02:02:2025<\/p>\n","protected":false},"excerpt":{"rendered":"<p>\u015eanda Ber\u00ea Kurdistana S\u00fbriy\u00ea li Bajar\u00ea Qami\u015flo serdana bargeha Tevgera \u00c7aksaz\u00ee ya Kurd li S\u00fbriy\u00ea&#8230;<\/p>\n","protected":false},"author":8,"featured_media":2068,"comment_status":"closed","ping_status":"closed","sticky":false,"template":"","format":"standard","meta":{"footnotes":""},"categories":[34,42],"tags":[],"class_list":["post-2067","post","type-post","status-publish","format-standard","has-post-thumbnail","hentry","category-daxuyani","category-hevditin"],"yoast_head":"<!-- This site is optimized with the Yoast SEO plugin v27.5 - https:\/\/yoast.com\/product\/yoast-seo-wordpress\/ -->\n<title>\u015eanda Ber\u00ea Kurdistana S\u00fbriy\u00ea serdana Tevgera \u00c7aksaz\u00ee dike &#8226; \u015eAK<\/title>\n<meta name=\"robots\" content=\"index, follow, max-snippet:-1, max-image-preview:large, max-video-preview:-1\" \/>\n<link rel=\"canonical\" href=\"https:\/\/saknews.net\/ku\/?p=2067\" \/>\n<meta property=\"og:locale\" content=\"en_US\" \/>\n<meta property=\"og:type\" content=\"article\" \/>\n<meta property=\"og:title\" content=\"\u015eanda Ber\u00ea Kurdistana S\u00fbriy\u00ea serdana Tevgera \u00c7aksaz\u00ee dike &#8226; \u015eAK\" \/>\n<meta property=\"og:description\" content=\"\u015eanda Ber\u00ea Kurdistana S\u00fbriy\u00ea li Bajar\u00ea Qami\u015flo serdana bargeha Tevgera \u00c7aksaz\u00ee ya Kurd li S\u00fbriy\u00ea...\" \/>\n<meta property=\"og:url\" content=\"https:\/\/saknews.net\/ku\/?p=2067\" \/>\n<meta property=\"og:site_name\" content=\"\u015eAK\" \/>\n<meta property=\"article:publisher\" content=\"https:\/\/www.facebook.com\/Shepel.ewropa\" \/>\n<meta property=\"article:published_time\" content=\"2025-02-03T17:01:50+00:00\" \/>\n<meta property=\"og:image\" content=\"https:\/\/saknews.net\/ku\/wp-content\/uploads\/2025\/02\/IMG-20250202-WA0008.jpg\" \/>\n\t<meta property=\"og:image:width\" content=\"1000\" \/>\n\t<meta property=\"og:image:height\" content=\"750\" \/>\n\t<meta property=\"og:image:type\" content=\"image\/jpeg\" \/>\n<meta name=\"author\" content=\"Horan Hem\" \/>\n<meta name=\"twitter:card\" content=\"summary_large_image\" \/>\n<meta name=\"twitter:label1\" content=\"Written by\" \/>\n\t<meta name=\"twitter:data1\" content=\"Horan Hem\" \/>\n\t<meta name=\"twitter:label2\" content=\"Est. reading time\" \/>\n\t<meta name=\"twitter:data2\" content=\"1 minute\" \/>\n<script type=\"application\/ld+json\" class=\"yoast-schema-graph\">{\"@context\":\"https:\\\/\\\/schema.org\",\"@graph\":[{\"@type\":\"Article\",\"@id\":\"https:\\\/\\\/saknews.net\\\/ku\\\/?p=2067#article\",\"isPartOf\":{\"@id\":\"https:\\\/\\\/saknews.net\\\/ku\\\/?p=2067\"},\"author\":{\"name\":\"Horan Hem\",\"@id\":\"https:\\\/\\\/saknews.net\\\/ku\\\/#\\\/schema\\\/person\\\/72ae32a4041a3817e015b63d8f409058\"},\"headline\":\"\u015eanda Ber\u00ea Kurdistana S\u00fbriy\u00ea serdana Tevgera \u00c7aksaz\u00ee dike\",\"datePublished\":\"2025-02-03T17:01:50+00:00\",\"mainEntityOfPage\":{\"@id\":\"https:\\\/\\\/saknews.net\\\/ku\\\/?p=2067\"},\"wordCount\":200,\"publisher\":{\"@id\":\"https:\\\/\\\/saknews.net\\\/ku\\\/#organization\"},\"image\":{\"@id\":\"https:\\\/\\\/saknews.net\\\/ku\\\/?p=2067#primaryimage\"},\"thumbnailUrl\":\"https:\\\/\\\/i0.wp.com\\\/saknews.net\\\/ku\\\/wp-content\\\/uploads\\\/2025\\\/02\\\/IMG-20250202-WA0008.jpg?fit=1000%2C750&ssl=1\",\"articleSection\":[\"Daxuyan\u00ee\",\"Hevd\u00eetin\"],\"inLanguage\":\"en-US\"},{\"@type\":\"WebPage\",\"@id\":\"https:\\\/\\\/saknews.net\\\/ku\\\/?p=2067\",\"url\":\"https:\\\/\\\/saknews.net\\\/ku\\\/?p=2067\",\"name\":\"\u015eanda Ber\u00ea Kurdistana S\u00fbriy\u00ea serdana Tevgera \u00c7aksaz\u00ee dike &#8226; \u015eAK\",\"isPartOf\":{\"@id\":\"https:\\\/\\\/saknews.net\\\/ku\\\/#website\"},\"primaryImageOfPage\":{\"@id\":\"https:\\\/\\\/saknews.net\\\/ku\\\/?p=2067#primaryimage\"},\"image\":{\"@id\":\"https:\\\/\\\/saknews.net\\\/ku\\\/?p=2067#primaryimage\"},\"thumbnailUrl\":\"https:\\\/\\\/i0.wp.com\\\/saknews.net\\\/ku\\\/wp-content\\\/uploads\\\/2025\\\/02\\\/IMG-20250202-WA0008.jpg?fit=1000%2C750&ssl=1\",\"datePublished\":\"2025-02-03T17:01:50+00:00\",\"breadcrumb\":{\"@id\":\"https:\\\/\\\/saknews.net\\\/ku\\\/?p=2067#breadcrumb\"},\"inLanguage\":\"en-US\",\"potentialAction\":[{\"@type\":\"ReadAction\",\"target\":[\"https:\\\/\\\/saknews.net\\\/ku\\\/?p=2067\"]}]},{\"@type\":\"ImageObject\",\"inLanguage\":\"en-US\",\"@id\":\"https:\\\/\\\/saknews.net\\\/ku\\\/?p=2067#primaryimage\",\"url\":\"https:\\\/\\\/i0.wp.com\\\/saknews.net\\\/ku\\\/wp-content\\\/uploads\\\/2025\\\/02\\\/IMG-20250202-WA0008.jpg?fit=1000%2C750&ssl=1\",\"contentUrl\":\"https:\\\/\\\/i0.wp.com\\\/saknews.net\\\/ku\\\/wp-content\\\/uploads\\\/2025\\\/02\\\/IMG-20250202-WA0008.jpg?fit=1000%2C750&ssl=1\",\"width\":1000,\"height\":750},{\"@type\":\"BreadcrumbList\",\"@id\":\"https:\\\/\\\/saknews.net\\\/ku\\\/?p=2067#breadcrumb\",\"itemListElement\":[{\"@type\":\"ListItem\",\"position\":1,\"name\":\"\u0627\u0644\u0631\u0626\u064a\u0633\u064a\u0629\",\"item\":\"https:\\\/\\\/saknews.net\\\/ku\\\/\"},{\"@type\":\"ListItem\",\"position\":2,\"name\":\"N\u00fb\u00e7e\",\"item\":\"https:\\\/\\\/saknews.net\\\/ku\\\/?cat=49\"},{\"@type\":\"ListItem\",\"position\":3,\"name\":\"Daxuyan\u00ee\",\"item\":\"https:\\\/\\\/saknews.net\\\/ku\\\/?cat=34\"},{\"@type\":\"ListItem\",\"position\":4,\"name\":\"Hevd\u00eetin\",\"item\":\"https:\\\/\\\/saknews.net\\\/ku\\\/?cat=42\"},{\"@type\":\"ListItem\",\"position\":5,\"name\":\"\u015eanda Ber\u00ea Kurdistana S\u00fbriy\u00ea serdana Tevgera \u00c7aksaz\u00ee dike\"}]},{\"@type\":\"WebSite\",\"@id\":\"https:\\\/\\\/saknews.net\\\/ku\\\/#website\",\"url\":\"https:\\\/\\\/saknews.net\\\/ku\\\/\",\"name\":\"S\u0327epe\u0302la Azadi\u0302 ya Kurdistani\u0302\",\"description\":\"\u062a\u064a\u0627\u0631 \u0627\u0644\u062d\u0631\u064a\u0629 \u0627\u0644\u0643\u0648\u0631\u062f\u0633\u062a\u0627\u0646\u064a \u015eep\u00eala Azad\u00ee ya Kurdistan\u00ee\",\"publisher\":{\"@id\":\"https:\\\/\\\/saknews.net\\\/ku\\\/#organization\"},\"potentialAction\":[{\"@type\":\"SearchAction\",\"target\":{\"@type\":\"EntryPoint\",\"urlTemplate\":\"https:\\\/\\\/saknews.net\\\/ku\\\/?s={search_term_string}\"},\"query-input\":{\"@type\":\"PropertyValueSpecification\",\"valueRequired\":true,\"valueName\":\"search_term_string\"}}],\"inLanguage\":\"en-US\"},{\"@type\":\"Organization\",\"@id\":\"https:\\\/\\\/saknews.net\\\/ku\\\/#organization\",\"name\":\"\u015eep\u00eala Azadiy\u00ea ya Kurdistan\u00ea - \u062a\u064a\u0627\u0631 \u0627\u0644\u062d\u0631\u064a\u0629 \u0627\u0644\u0643\u0648\u0631\u062f\u0633\u062a\u0627\u0646\u064a\",\"url\":\"https:\\\/\\\/saknews.net\\\/ku\\\/\",\"logo\":{\"@type\":\"ImageObject\",\"inLanguage\":\"en-US\",\"@id\":\"https:\\\/\\\/saknews.net\\\/ku\\\/#\\\/schema\\\/logo\\\/image\\\/\",\"url\":\"https:\\\/\\\/i0.wp.com\\\/saknews.net\\\/ku\\\/wp-content\\\/uploads\\\/2024\\\/11\\\/cropped-logo-1.png?fit=512%2C512&ssl=1\",\"contentUrl\":\"https:\\\/\\\/i0.wp.com\\\/saknews.net\\\/ku\\\/wp-content\\\/uploads\\\/2024\\\/11\\\/cropped-logo-1.png?fit=512%2C512&ssl=1\",\"width\":512,\"height\":512,\"caption\":\"\u015eep\u00eala Azadiy\u00ea ya Kurdistan\u00ea - \u062a\u064a\u0627\u0631 \u0627\u0644\u062d\u0631\u064a\u0629 \u0627\u0644\u0643\u0648\u0631\u062f\u0633\u062a\u0627\u0646\u064a\"},\"image\":{\"@id\":\"https:\\\/\\\/saknews.net\\\/ku\\\/#\\\/schema\\\/logo\\\/image\\\/\"},\"sameAs\":[\"https:\\\/\\\/www.facebook.com\\\/Shepel.ewropa\"]},{\"@type\":\"Person\",\"@id\":\"https:\\\/\\\/saknews.net\\\/ku\\\/#\\\/schema\\\/person\\\/72ae32a4041a3817e015b63d8f409058\",\"name\":\"Horan Hem\",\"url\":\"https:\\\/\\\/saknews.net\\\/ku\\\/?author=8\"}]}<\/script>\n<!-- \/ Yoast SEO plugin. -->","yoast_head_json":{"title":"\u015eanda Ber\u00ea Kurdistana S\u00fbriy\u00ea serdana Tevgera \u00c7aksaz\u00ee dike &#8226; \u015eAK","robots":{"index":"index","follow":"follow","max-snippet":"max-snippet:-1","max-image-preview":"max-image-preview:large","max-video-preview":"max-video-preview:-1"},"canonical":"https:\/\/saknews.net\/ku\/?p=2067","og_locale":"en_US","og_type":"article","og_title":"\u015eanda Ber\u00ea Kurdistana S\u00fbriy\u00ea serdana Tevgera \u00c7aksaz\u00ee dike &#8226; \u015eAK","og_description":"\u015eanda Ber\u00ea Kurdistana S\u00fbriy\u00ea li Bajar\u00ea Qami\u015flo serdana bargeha Tevgera \u00c7aksaz\u00ee ya Kurd li S\u00fbriy\u00ea...","og_url":"https:\/\/saknews.net\/ku\/?p=2067","og_site_name":"\u015eAK","article_publisher":"https:\/\/www.facebook.com\/Shepel.ewropa","article_published_time":"2025-02-03T17:01:50+00:00","og_image":[{"width":1000,"height":750,"url":"https:\/\/saknews.net\/ku\/wp-content\/uploads\/2025\/02\/IMG-20250202-WA0008.jpg","type":"image\/jpeg"}],"author":"Horan Hem","twitter_card":"summary_large_image","twitter_misc":{"Written by":"Horan Hem","Est. reading time":"1 minute"},"schema":{"@context":"https:\/\/schema.org","@graph":[{"@type":"Article","@id":"https:\/\/saknews.net\/ku\/?p=2067#article","isPartOf":{"@id":"https:\/\/saknews.net\/ku\/?p=2067"},"author":{"name":"Horan Hem","@id":"https:\/\/saknews.net\/ku\/#\/schema\/person\/72ae32a4041a3817e015b63d8f409058"},"headline":"\u015eanda Ber\u00ea Kurdistana S\u00fbriy\u00ea serdana Tevgera \u00c7aksaz\u00ee dike","datePublished":"2025-02-03T17:01:50+00:00","mainEntityOfPage":{"@id":"https:\/\/saknews.net\/ku\/?p=2067"},"wordCount":200,"publisher":{"@id":"https:\/\/saknews.net\/ku\/#organization"},"image":{"@id":"https:\/\/saknews.net\/ku\/?p=2067#primaryimage"},"thumbnailUrl":"https:\/\/i0.wp.com\/saknews.net\/ku\/wp-content\/uploads\/2025\/02\/IMG-20250202-WA0008.jpg?fit=1000%2C750&ssl=1","articleSection":["Daxuyan\u00ee","Hevd\u00eetin"],"inLanguage":"en-US"},{"@type":"WebPage","@id":"https:\/\/saknews.net\/ku\/?p=2067","url":"https:\/\/saknews.net\/ku\/?p=2067","name":"\u015eanda Ber\u00ea Kurdistana S\u00fbriy\u00ea serdana Tevgera \u00c7aksaz\u00ee dike &#8226; \u015eAK","isPartOf":{"@id":"https:\/\/saknews.net\/ku\/#website"},"primaryImageOfPage":{"@id":"https:\/\/saknews.net\/ku\/?p=2067#primaryimage"},"image":{"@id":"https:\/\/saknews.net\/ku\/?p=2067#primaryimage"},"thumbnailUrl":"https:\/\/i0.wp.com\/saknews.net\/ku\/wp-content\/uploads\/2025\/02\/IMG-20250202-WA0008.jpg?fit=1000%2C750&ssl=1","datePublished":"2025-02-03T17:01:50+00:00","breadcrumb":{"@id":"https:\/\/saknews.net\/ku\/?p=2067#breadcrumb"},"inLanguage":"en-US","potentialAction":[{"@type":"ReadAction","target":["https:\/\/saknews.net\/ku\/?p=2067"]}]},{"@type":"ImageObject","inLanguage":"en-US","@id":"https:\/\/saknews.net\/ku\/?p=2067#primaryimage","url":"https:\/\/i0.wp.com\/saknews.net\/ku\/wp-content\/uploads\/2025\/02\/IMG-20250202-WA0008.jpg?fit=1000%2C750&ssl=1","contentUrl":"https:\/\/i0.wp.com\/saknews.net\/ku\/wp-content\/uploads\/2025\/02\/IMG-20250202-WA0008.jpg?fit=1000%2C750&ssl=1","width":1000,"height":750},{"@type":"BreadcrumbList","@id":"https:\/\/saknews.net\/ku\/?p=2067#breadcrumb","itemListElement":[{"@type":"ListItem","position":1,"name":"\u0627\u0644\u0631\u0626\u064a\u0633\u064a\u0629","item":"https:\/\/saknews.net\/ku\/"},{"@type":"ListItem","position":2,"name":"N\u00fb\u00e7e","item":"https:\/\/saknews.net\/ku\/?cat=49"},{"@type":"ListItem","position":3,"name":"Daxuyan\u00ee","item":"https:\/\/saknews.net\/ku\/?cat=34"},{"@type":"ListItem","position":4,"name":"Hevd\u00eetin","item":"https:\/\/saknews.net\/ku\/?cat=42"},{"@type":"ListItem","position":5,"name":"\u015eanda Ber\u00ea Kurdistana S\u00fbriy\u00ea serdana Tevgera \u00c7aksaz\u00ee dike"}]},{"@type":"WebSite","@id":"https:\/\/saknews.net\/ku\/#website","url":"https:\/\/saknews.net\/ku\/","name":"S\u0327epe\u0302la Azadi\u0302 ya Kurdistani\u0302","description":"\u062a\u064a\u0627\u0631 \u0627\u0644\u062d\u0631\u064a\u0629 \u0627\u0644\u0643\u0648\u0631\u062f\u0633\u062a\u0627\u0646\u064a \u015eep\u00eala Azad\u00ee ya Kurdistan\u00ee","publisher":{"@id":"https:\/\/saknews.net\/ku\/#organization"},"potentialAction":[{"@type":"SearchAction","target":{"@type":"EntryPoint","urlTemplate":"https:\/\/saknews.net\/ku\/?s={search_term_string}"},"query-input":{"@type":"PropertyValueSpecification","valueRequired":true,"valueName":"search_term_string"}}],"inLanguage":"en-US"},{"@type":"Organization","@id":"https:\/\/saknews.net\/ku\/#organization","name":"\u015eep\u00eala Azadiy\u00ea ya Kurdistan\u00ea - \u062a\u064a\u0627\u0631 \u0627\u0644\u062d\u0631\u064a\u0629 \u0627\u0644\u0643\u0648\u0631\u062f\u0633\u062a\u0627\u0646\u064a","url":"https:\/\/saknews.net\/ku\/","logo":{"@type":"ImageObject","inLanguage":"en-US","@id":"https:\/\/saknews.net\/ku\/#\/schema\/logo\/image\/","url":"https:\/\/i0.wp.com\/saknews.net\/ku\/wp-content\/uploads\/2024\/11\/cropped-logo-1.png?fit=512%2C512&ssl=1","contentUrl":"https:\/\/i0.wp.com\/saknews.net\/ku\/wp-content\/uploads\/2024\/11\/cropped-logo-1.png?fit=512%2C512&ssl=1","width":512,"height":512,"caption":"\u015eep\u00eala Azadiy\u00ea ya Kurdistan\u00ea - \u062a\u064a\u0627\u0631 \u0627\u0644\u062d\u0631\u064a\u0629 \u0627\u0644\u0643\u0648\u0631\u062f\u0633\u062a\u0627\u0646\u064a"},"image":{"@id":"https:\/\/saknews.net\/ku\/#\/schema\/logo\/image\/"},"sameAs":["https:\/\/www.facebook.com\/Shepel.ewropa"]},{"@type":"Person","@id":"https:\/\/saknews.net\/ku\/#\/schema\/person\/72ae32a4041a3817e015b63d8f409058","name":"Horan Hem","url":"https:\/\/saknews.net\/ku\/?author=8"}]}},"featured_image_urls":{"full":["https:\/\/i0.wp.com\/saknews.net\/ku\/wp-content\/uploads\/2025\/02\/IMG-20250202-WA0008.jpg?fit=1000%2C750&ssl=1",1000,750,false],"thumbnail":["https:\/\/i0.wp.com\/saknews.net\/ku\/wp-content\/uploads\/2025\/02\/IMG-20250202-WA0008.jpg?resize=150%2C150&ssl=1",150,150,true],"medium":["https:\/\/i0.wp.com\/saknews.net\/ku\/wp-content\/uploads\/2025\/02\/IMG-20250202-WA0008.jpg?fit=300%2C225&ssl=1",300,225,true],"medium_large":["https:\/\/i0.wp.com\/saknews.net\/ku\/wp-content\/uploads\/2025\/02\/IMG-20250202-WA0008.jpg?fit=640%2C480&ssl=1",640,480,true],"large":["https:\/\/i0.wp.com\/saknews.net\/ku\/wp-content\/uploads\/2025\/02\/IMG-20250202-WA0008.jpg?fit=640%2C480&ssl=1",640,480,true],"1536x1536":["https:\/\/i0.wp.com\/saknews.net\/ku\/wp-content\/uploads\/2025\/02\/IMG-20250202-WA0008.jpg?fit=1000%2C750&ssl=1",1000,750,true],"2048x2048":["https:\/\/i0.wp.com\/saknews.net\/ku\/wp-content\/uploads\/2025\/02\/IMG-20250202-WA0008.jpg?fit=1000%2C750&ssl=1",1000,750,true],"covernews-featured":["https:\/\/i0.wp.com\/saknews.net\/ku\/wp-content\/uploads\/2025\/02\/IMG-20250202-WA0008.jpg?fit=1000%2C750&ssl=1",1000,750,true],"covernews-medium":["https:\/\/i0.wp.com\/saknews.net\/ku\/wp-content\/uploads\/2025\/02\/IMG-20250202-WA0008.jpg?resize=540%2C340&ssl=1",540,340,true]},"author_info":{"display_name":"Horan Hem","author_link":"https:\/\/saknews.net\/ku\/?author=8"},"category_info":"<a href=\"https:\/\/saknews.net\/ku\/?cat=34\" rel=\"category\">Daxuyan\u00ee<\/a> <a href=\"https:\/\/saknews.net\/ku\/?cat=42\" rel=\"category\">Hevd\u00eetin<\/a>","tag_info":"Hevd\u00eetin","comment_count":"0","_links":{"self":[{"href":"https:\/\/saknews.net\/ku\/index.php?rest_route=\/wp\/v2\/posts\/2067","targetHints":{"allow":["GET"]}}],"collection":[{"href":"https:\/\/saknews.net\/ku\/index.php?rest_route=\/wp\/v2\/posts"}],"about":[{"href":"https:\/\/saknews.net\/ku\/index.php?rest_route=\/wp\/v2\/types\/post"}],"author":[{"embeddable":true,"href":"https:\/\/saknews.net\/ku\/index.php?rest_route=\/wp\/v2\/users\/8"}],"replies":[{"embeddable":true,"href":"https:\/\/saknews.net\/ku\/index.php?rest_route=%2Fwp%2Fv2%2Fcomments&post=2067"}],"version-history":[{"count":1,"href":"https:\/\/saknews.net\/ku\/index.php?rest_route=\/wp\/v2\/posts\/2067\/revisions"}],"predecessor-version":[{"id":2069,"href":"https:\/\/saknews.net\/ku\/index.php?rest_route=\/wp\/v2\/posts\/2067\/revisions\/2069"}],"wp:featuredmedia":[{"embeddable":true,"href":"https:\/\/saknews.net\/ku\/index.php?rest_route=\/wp\/v2\/media\/2068"}],"wp:attachment":[{"href":"https:\/\/saknews.net\/ku\/index.php?rest_route=%2Fwp%2Fv2%2Fmedia&parent=2067"}],"wp:term":[{"taxonomy":"category","embeddable":true,"href":"https:\/\/saknews.net\/ku\/index.php?rest_route=%2Fwp%2Fv2%2Fcategories&post=2067"},{"taxonomy":"post_tag","embeddable":true,"href":"https:\/\/saknews.net\/ku\/index.php?rest_route=%2Fwp%2Fv2%2Ftags&post=2067"}],"curies":[{"name":"wp","href":"https:\/\/api.w.org\/{rel}","templated":true}]}}