{"id":2070,"date":"2025-02-03T17:18:38","date_gmt":"2025-02-03T17:18:38","guid":{"rendered":"https:\/\/saknews.net\/ku\/?p=2070"},"modified":"2025-02-03T17:18:38","modified_gmt":"2025-02-03T17:18:38","slug":"sandeke-sepela-azadi-serdana-partiya-zehmetkesan-a-kurdistane-dike","status":"publish","type":"post","link":"https:\/\/saknews.net\/ku\/?p=2070","title":{"rendered":"\u015eandeke \u015eep\u00eala Azad\u00ee serdana Partiya Zehmetk\u00ea\u015fan a Kurdistan\u00ea dike"},"content":{"rendered":"<p class=\"Normal\" style=\"direction: ltr;\"><span class=\"tm5\">\u00a0<\/span><\/p>\n<p class=\"Normal\" style=\"direction: ltr;\"><span class=\"tm5\">\u015eandeke Enc\u00fbmena Yek\u00ea ya \u015eep\u00eala Azad\u00ee ya Kurdistan\u00ee li Bajar\u00ea Hewl\u00ear\u00ea serdana bargeha Partiya Zehmetk\u00ea\u015fan a Kurdistan\u00ea kir \u00fb herdu aliyan behsa rew\u015fa kurdan bi gi\u015ft\u00ee kirin. Deqeya Ragihandin\u00ea:<\/span><\/p>\n<p class=\"Normal\" style=\"direction: ltr;\"><span class=\"tm5\">\u00a0<\/span><span class=\"tm5\">\u00a0<\/span><\/p>\n<p class=\"Normal\" style=\"direction: ltr;\"><strong><span class=\"tm6\">\u015eandeke \u015eep\u00eala Azad\u00ee serdana Partiya Zehmetk\u00ea\u015fan a Kurdistan\u00ea dike<\/span><\/strong><\/p>\n<p class=\"Normal\" style=\"direction: ltr;\"><span class=\"tm5\">\u00a0<\/span><\/p>\n<p class=\"Normal\" style=\"direction: ltr;\"><span class=\"tm5\">\u00a0<\/span><\/p>\n<p class=\"Normal\" style=\"direction: ltr;\"><span class=\"tm5\">\u015eandeke Enc\u00fbmena Yek\u00ea ya \u015eep\u00eala Azad\u00ee ya Kurdistan\u00ee li Her\u00eama Kurdistana serdana bargeha Partiya Zehmetk\u00ea\u015fan a Kurdistan\u00ea li Bajar\u00ea hewl\u00ear\u00ea kir. Herdu aliyan behsa p\u00ea\u015fhat\u00ean daw\u00ee li S\u00fbriy\u00ea \u00fb Kurdistana S\u00fbriy\u00ea kirin, herwiha \u015fanda me behsa kar \u00fb \u00e7alakiy\u00ean Ber\u00ea Kurdistana S\u00fbriy\u00ea li kurdistan \u00fb Ewropa kir. Herdu partiyan li ser berdewamkirina p\u00eawendiy\u00ean du-al\u00ee tekez kirin ku li gor\u00ee berjewendiy\u00ean gel\u00ea me bin.<\/span><\/p>\n<p class=\"Normal\" style=\"direction: ltr;\"><span class=\"tm5\">\u015eanda \u015eep\u00eala Azad\u00ee p\u00eak hatib\u00fb ji her yek ji \u015e\u00ear\u00een Y\u00fbsif, Nef\u00eese M\u00fbse \u00fb Z\u00eaneb Re\u015f\u00eed, herwiha ji aliy\u00ea partiya p\u00ea\u015fwaz\u00eeker ve her yek ji: Ni\u015ftiman Kemal endama pol\u00eetb\u00eero \u00fb berpirsa p\u00eawendiyan, B\u00eakes Qadir endam\u00ean pol\u00eetb\u00eero \u00fb Hel\u00eeme Xan berpirsa Jin\u00ea li Hewl\u00ear\u00ea.<\/span><\/p>\n<p class=\"Normal\" style=\"direction: ltr;\"><span class=\"tm5\">\u00a0<\/span><\/p>\n<p class=\"Normal\" style=\"direction: ltr;\"><span class=\"tm5\">Enc\u00fbmena Yek\u00ea ya \u015eep\u00eala Azad\u00ee ya Kurdistan\u00ee li Her\u00eama Kurdistan\u00ea <\/span><\/p>\n<p class=\"Normal\" style=\"direction: ltr;\"><span class=\"tm5\">03.02.2025<\/span><\/p>\n","protected":false},"excerpt":{"rendered":"<p>\u00a0 \u015eandeke Enc\u00fbmena Yek\u00ea ya \u015eep\u00eala Azad\u00ee ya Kurdistan\u00ee li Bajar\u00ea Hewl\u00ear\u00ea serdana bargeha Partiya&#8230;<\/p>\n","protected":false},"author":8,"featured_media":2071,"comment_status":"closed","ping_status":"closed","sticky":false,"template":"","format":"standard","meta":{"footnotes":""},"categories":[34,42],"tags":[],"class_list":["post-2070","post","type-post","status-publish","format-standard","has-post-thumbnail","hentry","category-daxuyani","category-hevditin"],"yoast_head":"<!-- This site is optimized with the Yoast SEO plugin v27.5 - https:\/\/yoast.com\/product\/yoast-seo-wordpress\/ -->\n<title>\u015eandeke \u015eep\u00eala Azad\u00ee serdana Partiya Zehmetk\u00ea\u015fan a Kurdistan\u00ea dike &#8226; \u015eAK<\/title>\n<meta name=\"robots\" content=\"index, follow, max-snippet:-1, max-image-preview:large, max-video-preview:-1\" \/>\n<link rel=\"canonical\" href=\"https:\/\/saknews.net\/ku\/?p=2070\" \/>\n<meta property=\"og:locale\" content=\"en_US\" \/>\n<meta property=\"og:type\" content=\"article\" \/>\n<meta property=\"og:title\" content=\"\u015eandeke \u015eep\u00eala Azad\u00ee serdana Partiya Zehmetk\u00ea\u015fan a Kurdistan\u00ea dike &#8226; \u015eAK\" \/>\n<meta property=\"og:description\" content=\"\u00a0 \u015eandeke Enc\u00fbmena Yek\u00ea ya \u015eep\u00eala Azad\u00ee ya Kurdistan\u00ee li Bajar\u00ea Hewl\u00ear\u00ea serdana bargeha Partiya...\" \/>\n<meta property=\"og:url\" content=\"https:\/\/saknews.net\/ku\/?p=2070\" \/>\n<meta property=\"og:site_name\" content=\"\u015eAK\" \/>\n<meta property=\"article:publisher\" content=\"https:\/\/www.facebook.com\/Shepel.ewropa\" \/>\n<meta property=\"article:published_time\" content=\"2025-02-03T17:18:38+00:00\" \/>\n<meta property=\"og:image\" content=\"https:\/\/saknews.net\/ku\/wp-content\/uploads\/2025\/02\/Sak-ZehmetkesanHewler.jpg\" \/>\n\t<meta property=\"og:image:width\" content=\"1280\" \/>\n\t<meta property=\"og:image:height\" content=\"853\" \/>\n\t<meta property=\"og:image:type\" content=\"image\/jpeg\" \/>\n<meta name=\"author\" content=\"Horan Hem\" \/>\n<meta name=\"twitter:card\" content=\"summary_large_image\" \/>\n<meta name=\"twitter:label1\" content=\"Written by\" \/>\n\t<meta name=\"twitter:data1\" content=\"Horan Hem\" \/>\n\t<meta name=\"twitter:label2\" content=\"Est. reading time\" \/>\n\t<meta name=\"twitter:data2\" content=\"1 minute\" \/>\n<script type=\"application\/ld+json\" class=\"yoast-schema-graph\">{\"@context\":\"https:\\\/\\\/schema.org\",\"@graph\":[{\"@type\":\"Article\",\"@id\":\"https:\\\/\\\/saknews.net\\\/ku\\\/?p=2070#article\",\"isPartOf\":{\"@id\":\"https:\\\/\\\/saknews.net\\\/ku\\\/?p=2070\"},\"author\":{\"name\":\"Horan Hem\",\"@id\":\"https:\\\/\\\/saknews.net\\\/ku\\\/#\\\/schema\\\/person\\\/72ae32a4041a3817e015b63d8f409058\"},\"headline\":\"\u015eandeke \u015eep\u00eala Azad\u00ee serdana Partiya Zehmetk\u00ea\u015fan a Kurdistan\u00ea dike\",\"datePublished\":\"2025-02-03T17:18:38+00:00\",\"mainEntityOfPage\":{\"@id\":\"https:\\\/\\\/saknews.net\\\/ku\\\/?p=2070\"},\"wordCount\":203,\"publisher\":{\"@id\":\"https:\\\/\\\/saknews.net\\\/ku\\\/#organization\"},\"image\":{\"@id\":\"https:\\\/\\\/saknews.net\\\/ku\\\/?p=2070#primaryimage\"},\"thumbnailUrl\":\"https:\\\/\\\/i0.wp.com\\\/saknews.net\\\/ku\\\/wp-content\\\/uploads\\\/2025\\\/02\\\/Sak-ZehmetkesanHewler.jpg?fit=1280%2C853&ssl=1\",\"articleSection\":[\"Daxuyan\u00ee\",\"Hevd\u00eetin\"],\"inLanguage\":\"en-US\"},{\"@type\":\"WebPage\",\"@id\":\"https:\\\/\\\/saknews.net\\\/ku\\\/?p=2070\",\"url\":\"https:\\\/\\\/saknews.net\\\/ku\\\/?p=2070\",\"name\":\"\u015eandeke \u015eep\u00eala Azad\u00ee serdana Partiya Zehmetk\u00ea\u015fan a Kurdistan\u00ea dike &#8226; \u015eAK\",\"isPartOf\":{\"@id\":\"https:\\\/\\\/saknews.net\\\/ku\\\/#website\"},\"primaryImageOfPage\":{\"@id\":\"https:\\\/\\\/saknews.net\\\/ku\\\/?p=2070#primaryimage\"},\"image\":{\"@id\":\"https:\\\/\\\/saknews.net\\\/ku\\\/?p=2070#primaryimage\"},\"thumbnailUrl\":\"https:\\\/\\\/i0.wp.com\\\/saknews.net\\\/ku\\\/wp-content\\\/uploads\\\/2025\\\/02\\\/Sak-ZehmetkesanHewler.jpg?fit=1280%2C853&ssl=1\",\"datePublished\":\"2025-02-03T17:18:38+00:00\",\"breadcrumb\":{\"@id\":\"https:\\\/\\\/saknews.net\\\/ku\\\/?p=2070#breadcrumb\"},\"inLanguage\":\"en-US\",\"potentialAction\":[{\"@type\":\"ReadAction\",\"target\":[\"https:\\\/\\\/saknews.net\\\/ku\\\/?p=2070\"]}]},{\"@type\":\"ImageObject\",\"inLanguage\":\"en-US\",\"@id\":\"https:\\\/\\\/saknews.net\\\/ku\\\/?p=2070#primaryimage\",\"url\":\"https:\\\/\\\/i0.wp.com\\\/saknews.net\\\/ku\\\/wp-content\\\/uploads\\\/2025\\\/02\\\/Sak-ZehmetkesanHewler.jpg?fit=1280%2C853&ssl=1\",\"contentUrl\":\"https:\\\/\\\/i0.wp.com\\\/saknews.net\\\/ku\\\/wp-content\\\/uploads\\\/2025\\\/02\\\/Sak-ZehmetkesanHewler.jpg?fit=1280%2C853&ssl=1\",\"width\":1280,\"height\":853},{\"@type\":\"BreadcrumbList\",\"@id\":\"https:\\\/\\\/saknews.net\\\/ku\\\/?p=2070#breadcrumb\",\"itemListElement\":[{\"@type\":\"ListItem\",\"position\":1,\"name\":\"\u0627\u0644\u0631\u0626\u064a\u0633\u064a\u0629\",\"item\":\"https:\\\/\\\/saknews.net\\\/ku\\\/\"},{\"@type\":\"ListItem\",\"position\":2,\"name\":\"N\u00fb\u00e7e\",\"item\":\"https:\\\/\\\/saknews.net\\\/ku\\\/?cat=49\"},{\"@type\":\"ListItem\",\"position\":3,\"name\":\"Daxuyan\u00ee\",\"item\":\"https:\\\/\\\/saknews.net\\\/ku\\\/?cat=34\"},{\"@type\":\"ListItem\",\"position\":4,\"name\":\"Hevd\u00eetin\",\"item\":\"https:\\\/\\\/saknews.net\\\/ku\\\/?cat=42\"},{\"@type\":\"ListItem\",\"position\":5,\"name\":\"\u015eandeke \u015eep\u00eala Azad\u00ee serdana Partiya Zehmetk\u00ea\u015fan a Kurdistan\u00ea dike\"}]},{\"@type\":\"WebSite\",\"@id\":\"https:\\\/\\\/saknews.net\\\/ku\\\/#website\",\"url\":\"https:\\\/\\\/saknews.net\\\/ku\\\/\",\"name\":\"S\u0327epe\u0302la Azadi\u0302 ya Kurdistani\u0302\",\"description\":\"\u062a\u064a\u0627\u0631 \u0627\u0644\u062d\u0631\u064a\u0629 \u0627\u0644\u0643\u0648\u0631\u062f\u0633\u062a\u0627\u0646\u064a \u015eep\u00eala Azad\u00ee ya Kurdistan\u00ee\",\"publisher\":{\"@id\":\"https:\\\/\\\/saknews.net\\\/ku\\\/#organization\"},\"potentialAction\":[{\"@type\":\"SearchAction\",\"target\":{\"@type\":\"EntryPoint\",\"urlTemplate\":\"https:\\\/\\\/saknews.net\\\/ku\\\/?s={search_term_string}\"},\"query-input\":{\"@type\":\"PropertyValueSpecification\",\"valueRequired\":true,\"valueName\":\"search_term_string\"}}],\"inLanguage\":\"en-US\"},{\"@type\":\"Organization\",\"@id\":\"https:\\\/\\\/saknews.net\\\/ku\\\/#organization\",\"name\":\"\u015eep\u00eala Azadiy\u00ea ya Kurdistan\u00ea - \u062a\u064a\u0627\u0631 \u0627\u0644\u062d\u0631\u064a\u0629 \u0627\u0644\u0643\u0648\u0631\u062f\u0633\u062a\u0627\u0646\u064a\",\"url\":\"https:\\\/\\\/saknews.net\\\/ku\\\/\",\"logo\":{\"@type\":\"ImageObject\",\"inLanguage\":\"en-US\",\"@id\":\"https:\\\/\\\/saknews.net\\\/ku\\\/#\\\/schema\\\/logo\\\/image\\\/\",\"url\":\"https:\\\/\\\/i0.wp.com\\\/saknews.net\\\/ku\\\/wp-content\\\/uploads\\\/2024\\\/11\\\/cropped-logo-1.png?fit=512%2C512&ssl=1\",\"contentUrl\":\"https:\\\/\\\/i0.wp.com\\\/saknews.net\\\/ku\\\/wp-content\\\/uploads\\\/2024\\\/11\\\/cropped-logo-1.png?fit=512%2C512&ssl=1\",\"width\":512,\"height\":512,\"caption\":\"\u015eep\u00eala Azadiy\u00ea ya Kurdistan\u00ea - \u062a\u064a\u0627\u0631 \u0627\u0644\u062d\u0631\u064a\u0629 \u0627\u0644\u0643\u0648\u0631\u062f\u0633\u062a\u0627\u0646\u064a\"},\"image\":{\"@id\":\"https:\\\/\\\/saknews.net\\\/ku\\\/#\\\/schema\\\/logo\\\/image\\\/\"},\"sameAs\":[\"https:\\\/\\\/www.facebook.com\\\/Shepel.ewropa\"]},{\"@type\":\"Person\",\"@id\":\"https:\\\/\\\/saknews.net\\\/ku\\\/#\\\/schema\\\/person\\\/72ae32a4041a3817e015b63d8f409058\",\"name\":\"Horan Hem\",\"url\":\"https:\\\/\\\/saknews.net\\\/ku\\\/?author=8\"}]}<\/script>\n<!-- \/ Yoast SEO plugin. -->","yoast_head_json":{"title":"\u015eandeke \u015eep\u00eala Azad\u00ee serdana Partiya Zehmetk\u00ea\u015fan a Kurdistan\u00ea dike &#8226; \u015eAK","robots":{"index":"index","follow":"follow","max-snippet":"max-snippet:-1","max-image-preview":"max-image-preview:large","max-video-preview":"max-video-preview:-1"},"canonical":"https:\/\/saknews.net\/ku\/?p=2070","og_locale":"en_US","og_type":"article","og_title":"\u015eandeke \u015eep\u00eala Azad\u00ee serdana Partiya Zehmetk\u00ea\u015fan a Kurdistan\u00ea dike &#8226; \u015eAK","og_description":"\u00a0 \u015eandeke Enc\u00fbmena Yek\u00ea ya \u015eep\u00eala Azad\u00ee ya Kurdistan\u00ee li Bajar\u00ea Hewl\u00ear\u00ea serdana bargeha Partiya...","og_url":"https:\/\/saknews.net\/ku\/?p=2070","og_site_name":"\u015eAK","article_publisher":"https:\/\/www.facebook.com\/Shepel.ewropa","article_published_time":"2025-02-03T17:18:38+00:00","og_image":[{"width":1280,"height":853,"url":"https:\/\/saknews.net\/ku\/wp-content\/uploads\/2025\/02\/Sak-ZehmetkesanHewler.jpg","type":"image\/jpeg"}],"author":"Horan Hem","twitter_card":"summary_large_image","twitter_misc":{"Written by":"Horan Hem","Est. reading time":"1 minute"},"schema":{"@context":"https:\/\/schema.org","@graph":[{"@type":"Article","@id":"https:\/\/saknews.net\/ku\/?p=2070#article","isPartOf":{"@id":"https:\/\/saknews.net\/ku\/?p=2070"},"author":{"name":"Horan Hem","@id":"https:\/\/saknews.net\/ku\/#\/schema\/person\/72ae32a4041a3817e015b63d8f409058"},"headline":"\u015eandeke \u015eep\u00eala Azad\u00ee serdana Partiya Zehmetk\u00ea\u015fan a Kurdistan\u00ea dike","datePublished":"2025-02-03T17:18:38+00:00","mainEntityOfPage":{"@id":"https:\/\/saknews.net\/ku\/?p=2070"},"wordCount":203,"publisher":{"@id":"https:\/\/saknews.net\/ku\/#organization"},"image":{"@id":"https:\/\/saknews.net\/ku\/?p=2070#primaryimage"},"thumbnailUrl":"https:\/\/i0.wp.com\/saknews.net\/ku\/wp-content\/uploads\/2025\/02\/Sak-ZehmetkesanHewler.jpg?fit=1280%2C853&ssl=1","articleSection":["Daxuyan\u00ee","Hevd\u00eetin"],"inLanguage":"en-US"},{"@type":"WebPage","@id":"https:\/\/saknews.net\/ku\/?p=2070","url":"https:\/\/saknews.net\/ku\/?p=2070","name":"\u015eandeke \u015eep\u00eala Azad\u00ee serdana Partiya Zehmetk\u00ea\u015fan a Kurdistan\u00ea dike &#8226; \u015eAK","isPartOf":{"@id":"https:\/\/saknews.net\/ku\/#website"},"primaryImageOfPage":{"@id":"https:\/\/saknews.net\/ku\/?p=2070#primaryimage"},"image":{"@id":"https:\/\/saknews.net\/ku\/?p=2070#primaryimage"},"thumbnailUrl":"https:\/\/i0.wp.com\/saknews.net\/ku\/wp-content\/uploads\/2025\/02\/Sak-ZehmetkesanHewler.jpg?fit=1280%2C853&ssl=1","datePublished":"2025-02-03T17:18:38+00:00","breadcrumb":{"@id":"https:\/\/saknews.net\/ku\/?p=2070#breadcrumb"},"inLanguage":"en-US","potentialAction":[{"@type":"ReadAction","target":["https:\/\/saknews.net\/ku\/?p=2070"]}]},{"@type":"ImageObject","inLanguage":"en-US","@id":"https:\/\/saknews.net\/ku\/?p=2070#primaryimage","url":"https:\/\/i0.wp.com\/saknews.net\/ku\/wp-content\/uploads\/2025\/02\/Sak-ZehmetkesanHewler.jpg?fit=1280%2C853&ssl=1","contentUrl":"https:\/\/i0.wp.com\/saknews.net\/ku\/wp-content\/uploads\/2025\/02\/Sak-ZehmetkesanHewler.jpg?fit=1280%2C853&ssl=1","width":1280,"height":853},{"@type":"BreadcrumbList","@id":"https:\/\/saknews.net\/ku\/?p=2070#breadcrumb","itemListElement":[{"@type":"ListItem","position":1,"name":"\u0627\u0644\u0631\u0626\u064a\u0633\u064a\u0629","item":"https:\/\/saknews.net\/ku\/"},{"@type":"ListItem","position":2,"name":"N\u00fb\u00e7e","item":"https:\/\/saknews.net\/ku\/?cat=49"},{"@type":"ListItem","position":3,"name":"Daxuyan\u00ee","item":"https:\/\/saknews.net\/ku\/?cat=34"},{"@type":"ListItem","position":4,"name":"Hevd\u00eetin","item":"https:\/\/saknews.net\/ku\/?cat=42"},{"@type":"ListItem","position":5,"name":"\u015eandeke \u015eep\u00eala Azad\u00ee serdana Partiya Zehmetk\u00ea\u015fan a Kurdistan\u00ea dike"}]},{"@type":"WebSite","@id":"https:\/\/saknews.net\/ku\/#website","url":"https:\/\/saknews.net\/ku\/","name":"S\u0327epe\u0302la Azadi\u0302 ya Kurdistani\u0302","description":"\u062a\u064a\u0627\u0631 \u0627\u0644\u062d\u0631\u064a\u0629 \u0627\u0644\u0643\u0648\u0631\u062f\u0633\u062a\u0627\u0646\u064a \u015eep\u00eala Azad\u00ee ya Kurdistan\u00ee","publisher":{"@id":"https:\/\/saknews.net\/ku\/#organization"},"potentialAction":[{"@type":"SearchAction","target":{"@type":"EntryPoint","urlTemplate":"https:\/\/saknews.net\/ku\/?s={search_term_string}"},"query-input":{"@type":"PropertyValueSpecification","valueRequired":true,"valueName":"search_term_string"}}],"inLanguage":"en-US"},{"@type":"Organization","@id":"https:\/\/saknews.net\/ku\/#organization","name":"\u015eep\u00eala Azadiy\u00ea ya Kurdistan\u00ea - \u062a\u064a\u0627\u0631 \u0627\u0644\u062d\u0631\u064a\u0629 \u0627\u0644\u0643\u0648\u0631\u062f\u0633\u062a\u0627\u0646\u064a","url":"https:\/\/saknews.net\/ku\/","logo":{"@type":"ImageObject","inLanguage":"en-US","@id":"https:\/\/saknews.net\/ku\/#\/schema\/logo\/image\/","url":"https:\/\/i0.wp.com\/saknews.net\/ku\/wp-content\/uploads\/2024\/11\/cropped-logo-1.png?fit=512%2C512&ssl=1","contentUrl":"https:\/\/i0.wp.com\/saknews.net\/ku\/wp-content\/uploads\/2024\/11\/cropped-logo-1.png?fit=512%2C512&ssl=1","width":512,"height":512,"caption":"\u015eep\u00eala Azadiy\u00ea ya Kurdistan\u00ea - \u062a\u064a\u0627\u0631 \u0627\u0644\u062d\u0631\u064a\u0629 \u0627\u0644\u0643\u0648\u0631\u062f\u0633\u062a\u0627\u0646\u064a"},"image":{"@id":"https:\/\/saknews.net\/ku\/#\/schema\/logo\/image\/"},"sameAs":["https:\/\/www.facebook.com\/Shepel.ewropa"]},{"@type":"Person","@id":"https:\/\/saknews.net\/ku\/#\/schema\/person\/72ae32a4041a3817e015b63d8f409058","name":"Horan Hem","url":"https:\/\/saknews.net\/ku\/?author=8"}]}},"featured_image_urls":{"full":["https:\/\/i0.wp.com\/saknews.net\/ku\/wp-content\/uploads\/2025\/02\/Sak-ZehmetkesanHewler.jpg?fit=1280%2C853&ssl=1",1280,853,false],"thumbnail":["https:\/\/i0.wp.com\/saknews.net\/ku\/wp-content\/uploads\/2025\/02\/Sak-ZehmetkesanHewler.jpg?resize=150%2C150&ssl=1",150,150,true],"medium":["https:\/\/i0.wp.com\/saknews.net\/ku\/wp-content\/uploads\/2025\/02\/Sak-ZehmetkesanHewler.jpg?fit=300%2C200&ssl=1",300,200,true],"medium_large":["https:\/\/i0.wp.com\/saknews.net\/ku\/wp-content\/uploads\/2025\/02\/Sak-ZehmetkesanHewler.jpg?fit=640%2C427&ssl=1",640,427,true],"large":["https:\/\/i0.wp.com\/saknews.net\/ku\/wp-content\/uploads\/2025\/02\/Sak-ZehmetkesanHewler.jpg?fit=640%2C426&ssl=1",640,426,true],"1536x1536":["https:\/\/i0.wp.com\/saknews.net\/ku\/wp-content\/uploads\/2025\/02\/Sak-ZehmetkesanHewler.jpg?fit=1280%2C853&ssl=1",1280,853,true],"2048x2048":["https:\/\/i0.wp.com\/saknews.net\/ku\/wp-content\/uploads\/2025\/02\/Sak-ZehmetkesanHewler.jpg?fit=1280%2C853&ssl=1",1280,853,true],"covernews-featured":["https:\/\/i0.wp.com\/saknews.net\/ku\/wp-content\/uploads\/2025\/02\/Sak-ZehmetkesanHewler.jpg?fit=1024%2C682&ssl=1",1024,682,true],"covernews-medium":["https:\/\/i0.wp.com\/saknews.net\/ku\/wp-content\/uploads\/2025\/02\/Sak-ZehmetkesanHewler.jpg?resize=540%2C340&ssl=1",540,340,true]},"author_info":{"display_name":"Horan Hem","author_link":"https:\/\/saknews.net\/ku\/?author=8"},"category_info":"<a href=\"https:\/\/saknews.net\/ku\/?cat=34\" rel=\"category\">Daxuyan\u00ee<\/a> <a href=\"https:\/\/saknews.net\/ku\/?cat=42\" rel=\"category\">Hevd\u00eetin<\/a>","tag_info":"Hevd\u00eetin","comment_count":"0","_links":{"self":[{"href":"https:\/\/saknews.net\/ku\/index.php?rest_route=\/wp\/v2\/posts\/2070","targetHints":{"allow":["GET"]}}],"collection":[{"href":"https:\/\/saknews.net\/ku\/index.php?rest_route=\/wp\/v2\/posts"}],"about":[{"href":"https:\/\/saknews.net\/ku\/index.php?rest_route=\/wp\/v2\/types\/post"}],"author":[{"embeddable":true,"href":"https:\/\/saknews.net\/ku\/index.php?rest_route=\/wp\/v2\/users\/8"}],"replies":[{"embeddable":true,"href":"https:\/\/saknews.net\/ku\/index.php?rest_route=%2Fwp%2Fv2%2Fcomments&post=2070"}],"version-history":[{"count":1,"href":"https:\/\/saknews.net\/ku\/index.php?rest_route=\/wp\/v2\/posts\/2070\/revisions"}],"predecessor-version":[{"id":2072,"href":"https:\/\/saknews.net\/ku\/index.php?rest_route=\/wp\/v2\/posts\/2070\/revisions\/2072"}],"wp:featuredmedia":[{"embeddable":true,"href":"https:\/\/saknews.net\/ku\/index.php?rest_route=\/wp\/v2\/media\/2071"}],"wp:attachment":[{"href":"https:\/\/saknews.net\/ku\/index.php?rest_route=%2Fwp%2Fv2%2Fmedia&parent=2070"}],"wp:term":[{"taxonomy":"category","embeddable":true,"href":"https:\/\/saknews.net\/ku\/index.php?rest_route=%2Fwp%2Fv2%2Fcategories&post=2070"},{"taxonomy":"post_tag","embeddable":true,"href":"https:\/\/saknews.net\/ku\/index.php?rest_route=%2Fwp%2Fv2%2Ftags&post=2070"}],"curies":[{"name":"wp","href":"https:\/\/api.w.org\/{rel}","templated":true}]}}