{"id":2076,"date":"2025-02-04T18:21:55","date_gmt":"2025-02-04T18:21:55","guid":{"rendered":"https:\/\/saknews.net\/ku\/?p=2076"},"modified":"2025-02-04T18:21:55","modified_gmt":"2025-02-04T18:21:55","slug":"bere-kurdistana-suriye-bi-pdk-s-re-dicive","status":"publish","type":"post","link":"https:\/\/saknews.net\/ku\/?p=2076","title":{"rendered":"Ber\u00ea Kurdistana S\u00fbriy\u00ea bi PDK-S re dicive"},"content":{"rendered":"<p class=\"tm6\" style=\"direction: ltr;\"><span class=\"tm7\">\u015eanda Ber\u00ea Kurdistana S\u00fbriy\u00ea hevd\u00eetin\u00ean xwe y\u00ean siyas\u00ee li Bajar\u00ea Qami\u015flo berdewam dike. Her\u00ee daw\u00ee \u015fanda Ber\u00ea bi berpirs\u00ean Partiya Demokra a Kurdistan\u00ea- S\u00fbriye PDK-S re civiya \u00fb behsa got\u00fbb\u00eaj\u00ean kurd\u00ee-kurd\u00ee bi be\u015fdariya tevahiya aliyan kirin. Deqeya Daxuyaniy\u00ea:<\/span><\/p>\n<p class=\"tm6\" style=\"direction: ltr;\"><span class=\"tm7\">\u00a0<\/span><\/p>\n<p class=\"tm6\" style=\"direction: ltr;\"><strong><span class=\"tm8\">Ber\u00ea Kurdistana S\u00fbriy\u00ea bi PDK-S re dicive<\/span><\/strong><\/p>\n<p class=\"tm6\" style=\"direction: ltr;\"><span class=\"tm7\">\u00a0<\/span><\/p>\n<p class=\"tm6\" style=\"direction: ltr;\"><span class=\"tm7\">\u015eanda Ber\u00ea Kurdistana S\u00fbriy\u00ea li Bajar\u00ea Qami\u015flo serdana bargeha Partiya Demokrat a Kurdistan\u00ea-S\u00fbriye PDK-S kir \u00fb ligel berpirs\u00ean w\u00ea civiya. <\/span><\/p>\n<p class=\"tm6\" style=\"direction: ltr;\"><span class=\"tm7\">\u015eanda Ber\u00ea p\u00eak hatib\u00fb ji her yek ji Serok\u00ea Ber\u00ea \u00fb Sekreter\u00ea Partiya Demokrat a Kurd li S\u00fbriy\u00ea (El-Part\u00ee) \u00fb endam\u00ean p\u00eare Ebdilxen\u00ee Eco, Mihemed Sed\u00eeq Brah\u00eem \u00fb Rizgar Silo. Ji aliy\u00ea din j\u00ee her yek ji Sekreter\u00ea PDK-S \u00fb Serok\u00ea ENKS Mihemed Isma\u00eel \u00fb Endam\u00ea Pol\u00eetb\u00eero Dr. Lezg\u00een Fexr\u00ee \u00fb herdu Endam\u00ean Kom\u00eeta Navend\u00ee Nafih Ebdela \u00fb Hesen Remz\u00ee.<\/span><\/p>\n<p class=\"tm6\" style=\"direction: ltr;\"><span class=\"tm7\">\u00a0<\/span><\/p>\n<p class=\"tm6\" style=\"direction: ltr;\"><span class=\"tm7\">Herdu aliyan behsa rew\u015fa siyas\u00ee li S\u00fbriy\u00ea bi gi\u015ft\u00ee \u00fb Kurdistana S\u00fbriy\u00ea bi taybet\u00ee kirin \u00fb li ser xurtkirina got\u00fbb\u00eaj\u00ean kurd\u00ee-kurd\u00ee bi be\u015fdarb\u00fbna tevahiya aliyan tekez kirin. Herwiha herduyan behsa rola Serok Mes\u00fbd Barzan\u00ee \u00fb hewl\u00ean frans\u00ee \u00fb emr\u00eek\u00ee di pi\u015ftgiriya got\u00fbb\u00eaj\u00ean kurd\u00ee-kurd\u00ee de kirin, ku div\u00ea b\u00eane bikar an\u00een ji bo xurtkirina rola tevgera kurd \u00fb ner\u00eena w\u00ea di derbar\u00ea S\u00fbriya n\u00fb de.<\/span><\/p>\n<p class=\"tm6\" style=\"direction: ltr;\"><span class=\"tm7\">\u00a0<\/span><\/p>\n<p class=\"tm6\" style=\"direction: ltr;\"><span class=\"tm7\">Ber\u00ea Kurdistana S\u00fbriy\u00ea \u00fb PDK-S tekez kirin, ku div\u00ea \u015fandeke kurd\u00ee ya hevbe\u015f li ser bingeha ner\u00eeneke siyas\u00ee ya hevbe\u015f \u00fb li gor\u00ee berjewendiy\u00ean gel\u00ea kurd li S\u00fbriy\u00ea, b\u00ea avakirin \u00fb d\u00fbr\u00ee gotara bid\u00fbrxistin\u00ea \u00fb neheziy\u00ea, ku ev derfeta d\u00eerok\u00ee ji bo xurtkirina doza kurd b\u00ea bikar an\u00een.<\/span><\/p>\n<p class=\"tm6\" style=\"direction: ltr;\"><span class=\"tm7\">\u00a0<\/span><\/p>\n<p class=\"tm6\" style=\"direction: ltr;\"><span class=\"tm7\">Of\u00eesa Ragihandin\u00ea ya Ber\u00ea Kurdistana S\u00fbriy\u00ea<\/span><\/p>\n<p class=\"tm6\" style=\"direction: ltr;\"><span class=\"tm7\">02.02.2025<\/span><\/p>\n<p class=\"tm6\" style=\"direction: ltr;\"><span class=\"tm7\">\u00a0<\/span><\/p>\n","protected":false},"excerpt":{"rendered":"<p>\u015eanda Ber\u00ea Kurdistana S\u00fbriy\u00ea hevd\u00eetin\u00ean xwe y\u00ean siyas\u00ee li Bajar\u00ea Qami\u015flo berdewam dike. Her\u00ee daw\u00ee&#8230;<\/p>\n","protected":false},"author":8,"featured_media":2077,"comment_status":"closed","ping_status":"closed","sticky":false,"template":"","format":"standard","meta":{"footnotes":""},"categories":[34,42],"tags":[],"class_list":["post-2076","post","type-post","status-publish","format-standard","has-post-thumbnail","hentry","category-daxuyani","category-hevditin"],"yoast_head":"<!-- This site is optimized with the Yoast SEO plugin v27.5 - https:\/\/yoast.com\/product\/yoast-seo-wordpress\/ -->\n<title>Ber\u00ea Kurdistana S\u00fbriy\u00ea bi PDK-S re dicive &#8226; \u015eAK<\/title>\n<meta name=\"robots\" content=\"index, follow, max-snippet:-1, max-image-preview:large, max-video-preview:-1\" \/>\n<link rel=\"canonical\" href=\"https:\/\/saknews.net\/ku\/?p=2076\" \/>\n<meta property=\"og:locale\" content=\"en_US\" \/>\n<meta property=\"og:type\" content=\"article\" \/>\n<meta property=\"og:title\" content=\"Ber\u00ea Kurdistana S\u00fbriy\u00ea bi PDK-S re dicive &#8226; \u015eAK\" \/>\n<meta property=\"og:description\" content=\"\u015eanda Ber\u00ea Kurdistana S\u00fbriy\u00ea hevd\u00eetin\u00ean xwe y\u00ean siyas\u00ee li Bajar\u00ea Qami\u015flo berdewam dike. Her\u00ee daw\u00ee...\" \/>\n<meta property=\"og:url\" content=\"https:\/\/saknews.net\/ku\/?p=2076\" \/>\n<meta property=\"og:site_name\" content=\"\u015eAK\" \/>\n<meta property=\"article:publisher\" content=\"https:\/\/www.facebook.com\/Shepel.ewropa\" \/>\n<meta property=\"article:published_time\" content=\"2025-02-04T18:21:55+00:00\" \/>\n<meta property=\"og:image\" content=\"https:\/\/saknews.net\/ku\/wp-content\/uploads\/2025\/02\/Bere-Kurdistana-Suriye-bi-PDK-S-re-dicive.jpg\" \/>\n\t<meta property=\"og:image:width\" content=\"1600\" \/>\n\t<meta property=\"og:image:height\" content=\"876\" \/>\n\t<meta property=\"og:image:type\" content=\"image\/jpeg\" \/>\n<meta name=\"author\" content=\"Horan Hem\" \/>\n<meta name=\"twitter:card\" content=\"summary_large_image\" \/>\n<meta name=\"twitter:label1\" content=\"Written by\" \/>\n\t<meta name=\"twitter:data1\" content=\"Horan Hem\" \/>\n\t<meta name=\"twitter:label2\" content=\"Est. reading time\" \/>\n\t<meta name=\"twitter:data2\" content=\"2 minutes\" \/>\n<script type=\"application\/ld+json\" class=\"yoast-schema-graph\">{\"@context\":\"https:\\\/\\\/schema.org\",\"@graph\":[{\"@type\":\"Article\",\"@id\":\"https:\\\/\\\/saknews.net\\\/ku\\\/?p=2076#article\",\"isPartOf\":{\"@id\":\"https:\\\/\\\/saknews.net\\\/ku\\\/?p=2076\"},\"author\":{\"name\":\"Horan Hem\",\"@id\":\"https:\\\/\\\/saknews.net\\\/ku\\\/#\\\/schema\\\/person\\\/72ae32a4041a3817e015b63d8f409058\"},\"headline\":\"Ber\u00ea Kurdistana S\u00fbriy\u00ea bi PDK-S re dicive\",\"datePublished\":\"2025-02-04T18:21:55+00:00\",\"mainEntityOfPage\":{\"@id\":\"https:\\\/\\\/saknews.net\\\/ku\\\/?p=2076\"},\"wordCount\":296,\"publisher\":{\"@id\":\"https:\\\/\\\/saknews.net\\\/ku\\\/#organization\"},\"image\":{\"@id\":\"https:\\\/\\\/saknews.net\\\/ku\\\/?p=2076#primaryimage\"},\"thumbnailUrl\":\"https:\\\/\\\/i0.wp.com\\\/saknews.net\\\/ku\\\/wp-content\\\/uploads\\\/2025\\\/02\\\/Bere-Kurdistana-Suriye-bi-PDK-S-re-dicive.jpg?fit=1600%2C876&ssl=1\",\"articleSection\":[\"Daxuyan\u00ee\",\"Hevd\u00eetin\"],\"inLanguage\":\"en-US\"},{\"@type\":\"WebPage\",\"@id\":\"https:\\\/\\\/saknews.net\\\/ku\\\/?p=2076\",\"url\":\"https:\\\/\\\/saknews.net\\\/ku\\\/?p=2076\",\"name\":\"Ber\u00ea Kurdistana S\u00fbriy\u00ea bi PDK-S re dicive &#8226; \u015eAK\",\"isPartOf\":{\"@id\":\"https:\\\/\\\/saknews.net\\\/ku\\\/#website\"},\"primaryImageOfPage\":{\"@id\":\"https:\\\/\\\/saknews.net\\\/ku\\\/?p=2076#primaryimage\"},\"image\":{\"@id\":\"https:\\\/\\\/saknews.net\\\/ku\\\/?p=2076#primaryimage\"},\"thumbnailUrl\":\"https:\\\/\\\/i0.wp.com\\\/saknews.net\\\/ku\\\/wp-content\\\/uploads\\\/2025\\\/02\\\/Bere-Kurdistana-Suriye-bi-PDK-S-re-dicive.jpg?fit=1600%2C876&ssl=1\",\"datePublished\":\"2025-02-04T18:21:55+00:00\",\"breadcrumb\":{\"@id\":\"https:\\\/\\\/saknews.net\\\/ku\\\/?p=2076#breadcrumb\"},\"inLanguage\":\"en-US\",\"potentialAction\":[{\"@type\":\"ReadAction\",\"target\":[\"https:\\\/\\\/saknews.net\\\/ku\\\/?p=2076\"]}]},{\"@type\":\"ImageObject\",\"inLanguage\":\"en-US\",\"@id\":\"https:\\\/\\\/saknews.net\\\/ku\\\/?p=2076#primaryimage\",\"url\":\"https:\\\/\\\/i0.wp.com\\\/saknews.net\\\/ku\\\/wp-content\\\/uploads\\\/2025\\\/02\\\/Bere-Kurdistana-Suriye-bi-PDK-S-re-dicive.jpg?fit=1600%2C876&ssl=1\",\"contentUrl\":\"https:\\\/\\\/i0.wp.com\\\/saknews.net\\\/ku\\\/wp-content\\\/uploads\\\/2025\\\/02\\\/Bere-Kurdistana-Suriye-bi-PDK-S-re-dicive.jpg?fit=1600%2C876&ssl=1\",\"width\":1600,\"height\":876},{\"@type\":\"BreadcrumbList\",\"@id\":\"https:\\\/\\\/saknews.net\\\/ku\\\/?p=2076#breadcrumb\",\"itemListElement\":[{\"@type\":\"ListItem\",\"position\":1,\"name\":\"\u0627\u0644\u0631\u0626\u064a\u0633\u064a\u0629\",\"item\":\"https:\\\/\\\/saknews.net\\\/ku\\\/\"},{\"@type\":\"ListItem\",\"position\":2,\"name\":\"N\u00fb\u00e7e\",\"item\":\"https:\\\/\\\/saknews.net\\\/ku\\\/?cat=49\"},{\"@type\":\"ListItem\",\"position\":3,\"name\":\"Daxuyan\u00ee\",\"item\":\"https:\\\/\\\/saknews.net\\\/ku\\\/?cat=34\"},{\"@type\":\"ListItem\",\"position\":4,\"name\":\"Hevd\u00eetin\",\"item\":\"https:\\\/\\\/saknews.net\\\/ku\\\/?cat=42\"},{\"@type\":\"ListItem\",\"position\":5,\"name\":\"Ber\u00ea Kurdistana S\u00fbriy\u00ea bi PDK-S re dicive\"}]},{\"@type\":\"WebSite\",\"@id\":\"https:\\\/\\\/saknews.net\\\/ku\\\/#website\",\"url\":\"https:\\\/\\\/saknews.net\\\/ku\\\/\",\"name\":\"S\u0327epe\u0302la Azadi\u0302 ya Kurdistani\u0302\",\"description\":\"\u062a\u064a\u0627\u0631 \u0627\u0644\u062d\u0631\u064a\u0629 \u0627\u0644\u0643\u0648\u0631\u062f\u0633\u062a\u0627\u0646\u064a \u015eep\u00eala Azad\u00ee ya Kurdistan\u00ee\",\"publisher\":{\"@id\":\"https:\\\/\\\/saknews.net\\\/ku\\\/#organization\"},\"potentialAction\":[{\"@type\":\"SearchAction\",\"target\":{\"@type\":\"EntryPoint\",\"urlTemplate\":\"https:\\\/\\\/saknews.net\\\/ku\\\/?s={search_term_string}\"},\"query-input\":{\"@type\":\"PropertyValueSpecification\",\"valueRequired\":true,\"valueName\":\"search_term_string\"}}],\"inLanguage\":\"en-US\"},{\"@type\":\"Organization\",\"@id\":\"https:\\\/\\\/saknews.net\\\/ku\\\/#organization\",\"name\":\"\u015eep\u00eala Azadiy\u00ea ya Kurdistan\u00ea - \u062a\u064a\u0627\u0631 \u0627\u0644\u062d\u0631\u064a\u0629 \u0627\u0644\u0643\u0648\u0631\u062f\u0633\u062a\u0627\u0646\u064a\",\"url\":\"https:\\\/\\\/saknews.net\\\/ku\\\/\",\"logo\":{\"@type\":\"ImageObject\",\"inLanguage\":\"en-US\",\"@id\":\"https:\\\/\\\/saknews.net\\\/ku\\\/#\\\/schema\\\/logo\\\/image\\\/\",\"url\":\"https:\\\/\\\/i0.wp.com\\\/saknews.net\\\/ku\\\/wp-content\\\/uploads\\\/2024\\\/11\\\/cropped-logo-1.png?fit=512%2C512&ssl=1\",\"contentUrl\":\"https:\\\/\\\/i0.wp.com\\\/saknews.net\\\/ku\\\/wp-content\\\/uploads\\\/2024\\\/11\\\/cropped-logo-1.png?fit=512%2C512&ssl=1\",\"width\":512,\"height\":512,\"caption\":\"\u015eep\u00eala Azadiy\u00ea ya Kurdistan\u00ea - \u062a\u064a\u0627\u0631 \u0627\u0644\u062d\u0631\u064a\u0629 \u0627\u0644\u0643\u0648\u0631\u062f\u0633\u062a\u0627\u0646\u064a\"},\"image\":{\"@id\":\"https:\\\/\\\/saknews.net\\\/ku\\\/#\\\/schema\\\/logo\\\/image\\\/\"},\"sameAs\":[\"https:\\\/\\\/www.facebook.com\\\/Shepel.ewropa\"]},{\"@type\":\"Person\",\"@id\":\"https:\\\/\\\/saknews.net\\\/ku\\\/#\\\/schema\\\/person\\\/72ae32a4041a3817e015b63d8f409058\",\"name\":\"Horan Hem\",\"url\":\"https:\\\/\\\/saknews.net\\\/ku\\\/?author=8\"}]}<\/script>\n<!-- \/ Yoast SEO plugin. -->","yoast_head_json":{"title":"Ber\u00ea Kurdistana S\u00fbriy\u00ea bi PDK-S re dicive &#8226; \u015eAK","robots":{"index":"index","follow":"follow","max-snippet":"max-snippet:-1","max-image-preview":"max-image-preview:large","max-video-preview":"max-video-preview:-1"},"canonical":"https:\/\/saknews.net\/ku\/?p=2076","og_locale":"en_US","og_type":"article","og_title":"Ber\u00ea Kurdistana S\u00fbriy\u00ea bi PDK-S re dicive &#8226; \u015eAK","og_description":"\u015eanda Ber\u00ea Kurdistana S\u00fbriy\u00ea hevd\u00eetin\u00ean xwe y\u00ean siyas\u00ee li Bajar\u00ea Qami\u015flo berdewam dike. Her\u00ee daw\u00ee...","og_url":"https:\/\/saknews.net\/ku\/?p=2076","og_site_name":"\u015eAK","article_publisher":"https:\/\/www.facebook.com\/Shepel.ewropa","article_published_time":"2025-02-04T18:21:55+00:00","og_image":[{"width":1600,"height":876,"url":"https:\/\/saknews.net\/ku\/wp-content\/uploads\/2025\/02\/Bere-Kurdistana-Suriye-bi-PDK-S-re-dicive.jpg","type":"image\/jpeg"}],"author":"Horan Hem","twitter_card":"summary_large_image","twitter_misc":{"Written by":"Horan Hem","Est. reading time":"2 minutes"},"schema":{"@context":"https:\/\/schema.org","@graph":[{"@type":"Article","@id":"https:\/\/saknews.net\/ku\/?p=2076#article","isPartOf":{"@id":"https:\/\/saknews.net\/ku\/?p=2076"},"author":{"name":"Horan Hem","@id":"https:\/\/saknews.net\/ku\/#\/schema\/person\/72ae32a4041a3817e015b63d8f409058"},"headline":"Ber\u00ea Kurdistana S\u00fbriy\u00ea bi PDK-S re dicive","datePublished":"2025-02-04T18:21:55+00:00","mainEntityOfPage":{"@id":"https:\/\/saknews.net\/ku\/?p=2076"},"wordCount":296,"publisher":{"@id":"https:\/\/saknews.net\/ku\/#organization"},"image":{"@id":"https:\/\/saknews.net\/ku\/?p=2076#primaryimage"},"thumbnailUrl":"https:\/\/i0.wp.com\/saknews.net\/ku\/wp-content\/uploads\/2025\/02\/Bere-Kurdistana-Suriye-bi-PDK-S-re-dicive.jpg?fit=1600%2C876&ssl=1","articleSection":["Daxuyan\u00ee","Hevd\u00eetin"],"inLanguage":"en-US"},{"@type":"WebPage","@id":"https:\/\/saknews.net\/ku\/?p=2076","url":"https:\/\/saknews.net\/ku\/?p=2076","name":"Ber\u00ea Kurdistana S\u00fbriy\u00ea bi PDK-S re dicive &#8226; \u015eAK","isPartOf":{"@id":"https:\/\/saknews.net\/ku\/#website"},"primaryImageOfPage":{"@id":"https:\/\/saknews.net\/ku\/?p=2076#primaryimage"},"image":{"@id":"https:\/\/saknews.net\/ku\/?p=2076#primaryimage"},"thumbnailUrl":"https:\/\/i0.wp.com\/saknews.net\/ku\/wp-content\/uploads\/2025\/02\/Bere-Kurdistana-Suriye-bi-PDK-S-re-dicive.jpg?fit=1600%2C876&ssl=1","datePublished":"2025-02-04T18:21:55+00:00","breadcrumb":{"@id":"https:\/\/saknews.net\/ku\/?p=2076#breadcrumb"},"inLanguage":"en-US","potentialAction":[{"@type":"ReadAction","target":["https:\/\/saknews.net\/ku\/?p=2076"]}]},{"@type":"ImageObject","inLanguage":"en-US","@id":"https:\/\/saknews.net\/ku\/?p=2076#primaryimage","url":"https:\/\/i0.wp.com\/saknews.net\/ku\/wp-content\/uploads\/2025\/02\/Bere-Kurdistana-Suriye-bi-PDK-S-re-dicive.jpg?fit=1600%2C876&ssl=1","contentUrl":"https:\/\/i0.wp.com\/saknews.net\/ku\/wp-content\/uploads\/2025\/02\/Bere-Kurdistana-Suriye-bi-PDK-S-re-dicive.jpg?fit=1600%2C876&ssl=1","width":1600,"height":876},{"@type":"BreadcrumbList","@id":"https:\/\/saknews.net\/ku\/?p=2076#breadcrumb","itemListElement":[{"@type":"ListItem","position":1,"name":"\u0627\u0644\u0631\u0626\u064a\u0633\u064a\u0629","item":"https:\/\/saknews.net\/ku\/"},{"@type":"ListItem","position":2,"name":"N\u00fb\u00e7e","item":"https:\/\/saknews.net\/ku\/?cat=49"},{"@type":"ListItem","position":3,"name":"Daxuyan\u00ee","item":"https:\/\/saknews.net\/ku\/?cat=34"},{"@type":"ListItem","position":4,"name":"Hevd\u00eetin","item":"https:\/\/saknews.net\/ku\/?cat=42"},{"@type":"ListItem","position":5,"name":"Ber\u00ea Kurdistana S\u00fbriy\u00ea bi PDK-S re dicive"}]},{"@type":"WebSite","@id":"https:\/\/saknews.net\/ku\/#website","url":"https:\/\/saknews.net\/ku\/","name":"S\u0327epe\u0302la Azadi\u0302 ya Kurdistani\u0302","description":"\u062a\u064a\u0627\u0631 \u0627\u0644\u062d\u0631\u064a\u0629 \u0627\u0644\u0643\u0648\u0631\u062f\u0633\u062a\u0627\u0646\u064a \u015eep\u00eala Azad\u00ee ya Kurdistan\u00ee","publisher":{"@id":"https:\/\/saknews.net\/ku\/#organization"},"potentialAction":[{"@type":"SearchAction","target":{"@type":"EntryPoint","urlTemplate":"https:\/\/saknews.net\/ku\/?s={search_term_string}"},"query-input":{"@type":"PropertyValueSpecification","valueRequired":true,"valueName":"search_term_string"}}],"inLanguage":"en-US"},{"@type":"Organization","@id":"https:\/\/saknews.net\/ku\/#organization","name":"\u015eep\u00eala Azadiy\u00ea ya Kurdistan\u00ea - \u062a\u064a\u0627\u0631 \u0627\u0644\u062d\u0631\u064a\u0629 \u0627\u0644\u0643\u0648\u0631\u062f\u0633\u062a\u0627\u0646\u064a","url":"https:\/\/saknews.net\/ku\/","logo":{"@type":"ImageObject","inLanguage":"en-US","@id":"https:\/\/saknews.net\/ku\/#\/schema\/logo\/image\/","url":"https:\/\/i0.wp.com\/saknews.net\/ku\/wp-content\/uploads\/2024\/11\/cropped-logo-1.png?fit=512%2C512&ssl=1","contentUrl":"https:\/\/i0.wp.com\/saknews.net\/ku\/wp-content\/uploads\/2024\/11\/cropped-logo-1.png?fit=512%2C512&ssl=1","width":512,"height":512,"caption":"\u015eep\u00eala Azadiy\u00ea ya Kurdistan\u00ea - \u062a\u064a\u0627\u0631 \u0627\u0644\u062d\u0631\u064a\u0629 \u0627\u0644\u0643\u0648\u0631\u062f\u0633\u062a\u0627\u0646\u064a"},"image":{"@id":"https:\/\/saknews.net\/ku\/#\/schema\/logo\/image\/"},"sameAs":["https:\/\/www.facebook.com\/Shepel.ewropa"]},{"@type":"Person","@id":"https:\/\/saknews.net\/ku\/#\/schema\/person\/72ae32a4041a3817e015b63d8f409058","name":"Horan Hem","url":"https:\/\/saknews.net\/ku\/?author=8"}]}},"featured_image_urls":{"full":["https:\/\/i0.wp.com\/saknews.net\/ku\/wp-content\/uploads\/2025\/02\/Bere-Kurdistana-Suriye-bi-PDK-S-re-dicive.jpg?fit=1600%2C876&ssl=1",1600,876,false],"thumbnail":["https:\/\/i0.wp.com\/saknews.net\/ku\/wp-content\/uploads\/2025\/02\/Bere-Kurdistana-Suriye-bi-PDK-S-re-dicive.jpg?resize=150%2C150&ssl=1",150,150,true],"medium":["https:\/\/i0.wp.com\/saknews.net\/ku\/wp-content\/uploads\/2025\/02\/Bere-Kurdistana-Suriye-bi-PDK-S-re-dicive.jpg?fit=300%2C164&ssl=1",300,164,true],"medium_large":["https:\/\/i0.wp.com\/saknews.net\/ku\/wp-content\/uploads\/2025\/02\/Bere-Kurdistana-Suriye-bi-PDK-S-re-dicive.jpg?fit=640%2C350&ssl=1",640,350,true],"large":["https:\/\/i0.wp.com\/saknews.net\/ku\/wp-content\/uploads\/2025\/02\/Bere-Kurdistana-Suriye-bi-PDK-S-re-dicive.jpg?fit=640%2C351&ssl=1",640,351,true],"1536x1536":["https:\/\/i0.wp.com\/saknews.net\/ku\/wp-content\/uploads\/2025\/02\/Bere-Kurdistana-Suriye-bi-PDK-S-re-dicive.jpg?fit=1536%2C841&ssl=1",1536,841,true],"2048x2048":["https:\/\/i0.wp.com\/saknews.net\/ku\/wp-content\/uploads\/2025\/02\/Bere-Kurdistana-Suriye-bi-PDK-S-re-dicive.jpg?fit=1600%2C876&ssl=1",1600,876,true],"covernews-featured":["https:\/\/i0.wp.com\/saknews.net\/ku\/wp-content\/uploads\/2025\/02\/Bere-Kurdistana-Suriye-bi-PDK-S-re-dicive.jpg?fit=1024%2C561&ssl=1",1024,561,true],"covernews-medium":["https:\/\/i0.wp.com\/saknews.net\/ku\/wp-content\/uploads\/2025\/02\/Bere-Kurdistana-Suriye-bi-PDK-S-re-dicive.jpg?resize=540%2C340&ssl=1",540,340,true]},"author_info":{"display_name":"Horan Hem","author_link":"https:\/\/saknews.net\/ku\/?author=8"},"category_info":"<a href=\"https:\/\/saknews.net\/ku\/?cat=34\" rel=\"category\">Daxuyan\u00ee<\/a> <a href=\"https:\/\/saknews.net\/ku\/?cat=42\" rel=\"category\">Hevd\u00eetin<\/a>","tag_info":"Hevd\u00eetin","comment_count":"0","_links":{"self":[{"href":"https:\/\/saknews.net\/ku\/index.php?rest_route=\/wp\/v2\/posts\/2076","targetHints":{"allow":["GET"]}}],"collection":[{"href":"https:\/\/saknews.net\/ku\/index.php?rest_route=\/wp\/v2\/posts"}],"about":[{"href":"https:\/\/saknews.net\/ku\/index.php?rest_route=\/wp\/v2\/types\/post"}],"author":[{"embeddable":true,"href":"https:\/\/saknews.net\/ku\/index.php?rest_route=\/wp\/v2\/users\/8"}],"replies":[{"embeddable":true,"href":"https:\/\/saknews.net\/ku\/index.php?rest_route=%2Fwp%2Fv2%2Fcomments&post=2076"}],"version-history":[{"count":1,"href":"https:\/\/saknews.net\/ku\/index.php?rest_route=\/wp\/v2\/posts\/2076\/revisions"}],"predecessor-version":[{"id":2078,"href":"https:\/\/saknews.net\/ku\/index.php?rest_route=\/wp\/v2\/posts\/2076\/revisions\/2078"}],"wp:featuredmedia":[{"embeddable":true,"href":"https:\/\/saknews.net\/ku\/index.php?rest_route=\/wp\/v2\/media\/2077"}],"wp:attachment":[{"href":"https:\/\/saknews.net\/ku\/index.php?rest_route=%2Fwp%2Fv2%2Fmedia&parent=2076"}],"wp:term":[{"taxonomy":"category","embeddable":true,"href":"https:\/\/saknews.net\/ku\/index.php?rest_route=%2Fwp%2Fv2%2Fcategories&post=2076"},{"taxonomy":"post_tag","embeddable":true,"href":"https:\/\/saknews.net\/ku\/index.php?rest_route=%2Fwp%2Fv2%2Ftags&post=2076"}],"curies":[{"name":"wp","href":"https:\/\/api.w.org\/{rel}","templated":true}]}}