{"id":2079,"date":"2025-02-05T09:07:08","date_gmt":"2025-02-05T09:07:08","guid":{"rendered":"https:\/\/saknews.net\/ku\/?p=2079"},"modified":"2025-02-05T09:07:08","modified_gmt":"2025-02-05T09:07:08","slug":"bere-kurdistana-suriye-bi-rekeftin-u-hezen-civaka-sivil-re-dicive","status":"publish","type":"post","link":"https:\/\/saknews.net\/ku\/?p=2079","title":{"rendered":"Ber\u00ea Kurdistana S\u00fbriy\u00ea bi R\u00eakeftin \u00fb H\u00eaz\u00ean Civaka S\u00eev\u00eel re dicive"},"content":{"rendered":"<p>\u015eanda Ber\u00ea Kurdistana S\u00fbriy\u00ea hevd\u00eetin\u00ean xwe y\u00ean siyas\u00ee li Qami\u015flo berdewam dike \u00fb her\u00ee daw\u00ee bi Partiya R\u00eakeftin a Kurd li S\u00fbriy\u00ea \u00fb H\u00eaz\u00ean Civaka S\u00eev\u00eel a Kurdistan\u00ea re cih\u00ea civiya. Di civ\u00een\u00ea de behsa rew\u015fa siyas\u00ee \u00fb got\u00fbb\u00eaj\u00ean kurd\u00ee-kurd\u00ee hate kirin \u00fb tekez kirin ku tevahiya aliy\u00ean kurd t\u00eade be\u015fdar bin. Deqeya Ragihandin\u00ea:<\/p>\n<p>\u015eanda Ber\u00ea Kurdistana S\u00fbriy\u00ea bi Partiya R\u00eakeftin \u00fb h\u00eaz\u00ean civaka s\u00eev\u00eel re dicive<\/p>\n<p>\u015eanda Ber\u00ea Kurdistana S\u00fbriy\u00ea hevd\u00eetin\u00ean xwe y\u00ean siyas\u00ee li Qami\u015flo berdewam dike \u00fb di derbar\u00ea got\u00fbb\u00eaj\u00ean kurd\u00ee-kurd\u00ee \u00fb rew\u015fa siyas\u00ee de, hevd\u00eetin bi Partiya R\u00eakeftin a Kurd li S\u00fbriy\u00ea re p\u00eak an\u00ee.<br \/>\n\u015eanda Ber\u00ea Kurdistana S\u00fbriy\u00ea ji her yek ji Serok\u00ea \u015fand\u00ea \u00fb Sekreter\u00ea Partiya Demokrat a Kurd li S\u00fbriy\u00ea (El-Part\u00ee) Ebdilrehman Hebe\u015f \u00fb herdu endam\u00ean p\u00eare: Ebdilxen\u00ee Eco \u00fb Mihemed Sed\u00eeq Brah\u00eem, herwiha aliy\u00ea din j\u00ee ji: Sekreter\u00ea R\u00eakeftin Fewz\u00ee \u015eingal\u00ee, herdu endam\u00ean pol\u00eetb\u00eeroy\u00ea \u00cesma\u00eel Umer \u00fb Canda Y\u00fbsif \u00fb herdu endam\u00ean Kom\u00eeta navend\u00ee Y\u00fbsif Ebd\u00ee \u00fb Brah\u00eem Berekat.<br \/>\n<img data-recalc-dims=\"1\" decoding=\"async\" class=\"alignright size-medium wp-image-2080 lazyload\" data-src=\"https:\/\/i0.wp.com\/saknews.net\/ku\/wp-content\/uploads\/2025\/02\/IMG-20250204-WA0014.jpg?resize=300%2C225&#038;ssl=1\" alt=\"\" width=\"300\" height=\"225\" data-srcset=\"https:\/\/i0.wp.com\/saknews.net\/ku\/wp-content\/uploads\/2025\/02\/IMG-20250204-WA0014.jpg?resize=300%2C225&amp;ssl=1 300w, https:\/\/i0.wp.com\/saknews.net\/ku\/wp-content\/uploads\/2025\/02\/IMG-20250204-WA0014.jpg?resize=1024%2C768&amp;ssl=1 1024w, https:\/\/i0.wp.com\/saknews.net\/ku\/wp-content\/uploads\/2025\/02\/IMG-20250204-WA0014.jpg?resize=768%2C576&amp;ssl=1 768w, https:\/\/i0.wp.com\/saknews.net\/ku\/wp-content\/uploads\/2025\/02\/IMG-20250204-WA0014.jpg?w=1080&amp;ssl=1 1080w\" data-sizes=\"(max-width: 300px) 100vw, 300px\" src=\"data:image\/svg+xml;base64,PHN2ZyB3aWR0aD0iMSIgaGVpZ2h0PSIxIiB4bWxucz0iaHR0cDovL3d3dy53My5vcmcvMjAwMC9zdmciPjwvc3ZnPg==\" style=\"--smush-placeholder-width: 300px; --smush-placeholder-aspect-ratio: 300\/225;\" \/><br \/>\nLi aliyek\u00ee din j\u00ee, \u015fanda Ber\u00ea hevd\u00eetinek bi h\u00eaz\u00ean civaka s\u00eev\u00eel a Kurdistan\u00ea re li Qami\u015flo p\u00eak an\u00ee, ku ji aliy\u00ea her yek Ala Hebo, Ebdilbaq\u00ee \u015e\u00eax\u00ee \u00fb Nayif \u015e\u00eax\u00ee ve hatib\u00fb p\u00ea\u015fwaz\u00eekirin.<br \/>\nDi herdu civ\u00eenan de \u015fanda Ber\u00ea Kurdistana S\u00fbriy\u00ea bi behsa yekxistina helwest \u00fb ner\u00een\u00ean aliy\u00ean siyas\u00ee y\u00ean Kurd \u00fb gir\u00eengiya got\u00fbb\u00eaj\u00ean kurd\u00ee-kurd\u00ee bi taybet\u00ee di v\u00ea dema ku S\u00fbriy\u00ea \u00fb Kurdistana S\u00fbriy\u00ea t\u00ear\u00ea derbas dibin de. Herwiha \u015fanda Ber\u00ea tekez kir, ku tevahiya aliy\u00ean kurd di got\u00fbb\u00eaj\u00ean kurd\u00ee-kurd\u00ee de be\u015fdar bin heta karibin n\u00fbnertiyeke rasteq\u00een a Kurdistana S\u00fbriy\u00ea n\u00ee\u015fan bidin.<\/p>\n<p>Of\u00eesa Ragihandin\u00ea ya Ber\u00ea Kurdistana S\u00fbriy\u00ea<br \/>\n04.02.2025<\/p>\n","protected":false},"excerpt":{"rendered":"<p>\u015eanda Ber\u00ea Kurdistana S\u00fbriy\u00ea hevd\u00eetin\u00ean xwe y\u00ean siyas\u00ee li Qami\u015flo berdewam dike \u00fb her\u00ee daw\u00ee&#8230;<\/p>\n","protected":false},"author":8,"featured_media":2081,"comment_status":"closed","ping_status":"closed","sticky":false,"template":"","format":"standard","meta":{"footnotes":""},"categories":[34,42],"tags":[],"class_list":["post-2079","post","type-post","status-publish","format-standard","has-post-thumbnail","hentry","category-daxuyani","category-hevditin"],"yoast_head":"<!-- This site is optimized with the Yoast SEO plugin v27.5 - https:\/\/yoast.com\/product\/yoast-seo-wordpress\/ -->\n<title>Ber\u00ea Kurdistana S\u00fbriy\u00ea bi R\u00eakeftin \u00fb H\u00eaz\u00ean Civaka S\u00eev\u00eel re dicive &#8226; \u015eAK<\/title>\n<meta name=\"robots\" content=\"index, follow, max-snippet:-1, max-image-preview:large, max-video-preview:-1\" \/>\n<link rel=\"canonical\" href=\"https:\/\/saknews.net\/ku\/?p=2079\" \/>\n<meta property=\"og:locale\" content=\"en_US\" \/>\n<meta property=\"og:type\" content=\"article\" \/>\n<meta property=\"og:title\" content=\"Ber\u00ea Kurdistana S\u00fbriy\u00ea bi R\u00eakeftin \u00fb H\u00eaz\u00ean Civaka S\u00eev\u00eel re dicive &#8226; \u015eAK\" \/>\n<meta property=\"og:description\" content=\"\u015eanda Ber\u00ea Kurdistana S\u00fbriy\u00ea hevd\u00eetin\u00ean xwe y\u00ean siyas\u00ee li Qami\u015flo berdewam dike \u00fb her\u00ee daw\u00ee...\" \/>\n<meta property=\"og:url\" content=\"https:\/\/saknews.net\/ku\/?p=2079\" \/>\n<meta property=\"og:site_name\" content=\"\u015eAK\" \/>\n<meta property=\"article:publisher\" content=\"https:\/\/www.facebook.com\/Shepel.ewropa\" \/>\n<meta property=\"article:published_time\" content=\"2025-02-05T09:07:08+00:00\" \/>\n<meta property=\"og:image\" content=\"https:\/\/saknews.net\/ku\/wp-content\/uploads\/2025\/02\/IMG-20250204-WA0012.jpg\" \/>\n\t<meta property=\"og:image:width\" content=\"1040\" \/>\n\t<meta property=\"og:image:height\" content=\"780\" \/>\n\t<meta property=\"og:image:type\" content=\"image\/jpeg\" \/>\n<meta name=\"author\" content=\"Horan Hem\" \/>\n<meta name=\"twitter:card\" content=\"summary_large_image\" \/>\n<meta name=\"twitter:label1\" content=\"Written by\" \/>\n\t<meta name=\"twitter:data1\" content=\"Horan Hem\" \/>\n\t<meta name=\"twitter:label2\" content=\"Est. reading time\" \/>\n\t<meta name=\"twitter:data2\" content=\"2 minutes\" \/>\n<script type=\"application\/ld+json\" class=\"yoast-schema-graph\">{\"@context\":\"https:\\\/\\\/schema.org\",\"@graph\":[{\"@type\":\"Article\",\"@id\":\"https:\\\/\\\/saknews.net\\\/ku\\\/?p=2079#article\",\"isPartOf\":{\"@id\":\"https:\\\/\\\/saknews.net\\\/ku\\\/?p=2079\"},\"author\":{\"name\":\"Horan Hem\",\"@id\":\"https:\\\/\\\/saknews.net\\\/ku\\\/#\\\/schema\\\/person\\\/72ae32a4041a3817e015b63d8f409058\"},\"headline\":\"Ber\u00ea Kurdistana S\u00fbriy\u00ea bi R\u00eakeftin \u00fb H\u00eaz\u00ean Civaka S\u00eev\u00eel re dicive\",\"datePublished\":\"2025-02-05T09:07:08+00:00\",\"mainEntityOfPage\":{\"@id\":\"https:\\\/\\\/saknews.net\\\/ku\\\/?p=2079\"},\"wordCount\":346,\"publisher\":{\"@id\":\"https:\\\/\\\/saknews.net\\\/ku\\\/#organization\"},\"image\":{\"@id\":\"https:\\\/\\\/saknews.net\\\/ku\\\/?p=2079#primaryimage\"},\"thumbnailUrl\":\"https:\\\/\\\/i0.wp.com\\\/saknews.net\\\/ku\\\/wp-content\\\/uploads\\\/2025\\\/02\\\/IMG-20250204-WA0012.jpg?fit=1040%2C780&ssl=1\",\"articleSection\":[\"Daxuyan\u00ee\",\"Hevd\u00eetin\"],\"inLanguage\":\"en-US\"},{\"@type\":\"WebPage\",\"@id\":\"https:\\\/\\\/saknews.net\\\/ku\\\/?p=2079\",\"url\":\"https:\\\/\\\/saknews.net\\\/ku\\\/?p=2079\",\"name\":\"Ber\u00ea Kurdistana S\u00fbriy\u00ea bi R\u00eakeftin \u00fb H\u00eaz\u00ean Civaka S\u00eev\u00eel re dicive &#8226; \u015eAK\",\"isPartOf\":{\"@id\":\"https:\\\/\\\/saknews.net\\\/ku\\\/#website\"},\"primaryImageOfPage\":{\"@id\":\"https:\\\/\\\/saknews.net\\\/ku\\\/?p=2079#primaryimage\"},\"image\":{\"@id\":\"https:\\\/\\\/saknews.net\\\/ku\\\/?p=2079#primaryimage\"},\"thumbnailUrl\":\"https:\\\/\\\/i0.wp.com\\\/saknews.net\\\/ku\\\/wp-content\\\/uploads\\\/2025\\\/02\\\/IMG-20250204-WA0012.jpg?fit=1040%2C780&ssl=1\",\"datePublished\":\"2025-02-05T09:07:08+00:00\",\"breadcrumb\":{\"@id\":\"https:\\\/\\\/saknews.net\\\/ku\\\/?p=2079#breadcrumb\"},\"inLanguage\":\"en-US\",\"potentialAction\":[{\"@type\":\"ReadAction\",\"target\":[\"https:\\\/\\\/saknews.net\\\/ku\\\/?p=2079\"]}]},{\"@type\":\"ImageObject\",\"inLanguage\":\"en-US\",\"@id\":\"https:\\\/\\\/saknews.net\\\/ku\\\/?p=2079#primaryimage\",\"url\":\"https:\\\/\\\/i0.wp.com\\\/saknews.net\\\/ku\\\/wp-content\\\/uploads\\\/2025\\\/02\\\/IMG-20250204-WA0012.jpg?fit=1040%2C780&ssl=1\",\"contentUrl\":\"https:\\\/\\\/i0.wp.com\\\/saknews.net\\\/ku\\\/wp-content\\\/uploads\\\/2025\\\/02\\\/IMG-20250204-WA0012.jpg?fit=1040%2C780&ssl=1\",\"width\":1040,\"height\":780},{\"@type\":\"BreadcrumbList\",\"@id\":\"https:\\\/\\\/saknews.net\\\/ku\\\/?p=2079#breadcrumb\",\"itemListElement\":[{\"@type\":\"ListItem\",\"position\":1,\"name\":\"\u0627\u0644\u0631\u0626\u064a\u0633\u064a\u0629\",\"item\":\"https:\\\/\\\/saknews.net\\\/ku\\\/\"},{\"@type\":\"ListItem\",\"position\":2,\"name\":\"N\u00fb\u00e7e\",\"item\":\"https:\\\/\\\/saknews.net\\\/ku\\\/?cat=49\"},{\"@type\":\"ListItem\",\"position\":3,\"name\":\"Daxuyan\u00ee\",\"item\":\"https:\\\/\\\/saknews.net\\\/ku\\\/?cat=34\"},{\"@type\":\"ListItem\",\"position\":4,\"name\":\"Hevd\u00eetin\",\"item\":\"https:\\\/\\\/saknews.net\\\/ku\\\/?cat=42\"},{\"@type\":\"ListItem\",\"position\":5,\"name\":\"Ber\u00ea Kurdistana S\u00fbriy\u00ea bi R\u00eakeftin \u00fb H\u00eaz\u00ean Civaka S\u00eev\u00eel re dicive\"}]},{\"@type\":\"WebSite\",\"@id\":\"https:\\\/\\\/saknews.net\\\/ku\\\/#website\",\"url\":\"https:\\\/\\\/saknews.net\\\/ku\\\/\",\"name\":\"S\u0327epe\u0302la Azadi\u0302 ya Kurdistani\u0302\",\"description\":\"\u062a\u064a\u0627\u0631 \u0627\u0644\u062d\u0631\u064a\u0629 \u0627\u0644\u0643\u0648\u0631\u062f\u0633\u062a\u0627\u0646\u064a \u015eep\u00eala Azad\u00ee ya Kurdistan\u00ee\",\"publisher\":{\"@id\":\"https:\\\/\\\/saknews.net\\\/ku\\\/#organization\"},\"potentialAction\":[{\"@type\":\"SearchAction\",\"target\":{\"@type\":\"EntryPoint\",\"urlTemplate\":\"https:\\\/\\\/saknews.net\\\/ku\\\/?s={search_term_string}\"},\"query-input\":{\"@type\":\"PropertyValueSpecification\",\"valueRequired\":true,\"valueName\":\"search_term_string\"}}],\"inLanguage\":\"en-US\"},{\"@type\":\"Organization\",\"@id\":\"https:\\\/\\\/saknews.net\\\/ku\\\/#organization\",\"name\":\"\u015eep\u00eala Azadiy\u00ea ya Kurdistan\u00ea - \u062a\u064a\u0627\u0631 \u0627\u0644\u062d\u0631\u064a\u0629 \u0627\u0644\u0643\u0648\u0631\u062f\u0633\u062a\u0627\u0646\u064a\",\"url\":\"https:\\\/\\\/saknews.net\\\/ku\\\/\",\"logo\":{\"@type\":\"ImageObject\",\"inLanguage\":\"en-US\",\"@id\":\"https:\\\/\\\/saknews.net\\\/ku\\\/#\\\/schema\\\/logo\\\/image\\\/\",\"url\":\"https:\\\/\\\/i0.wp.com\\\/saknews.net\\\/ku\\\/wp-content\\\/uploads\\\/2024\\\/11\\\/cropped-logo-1.png?fit=512%2C512&ssl=1\",\"contentUrl\":\"https:\\\/\\\/i0.wp.com\\\/saknews.net\\\/ku\\\/wp-content\\\/uploads\\\/2024\\\/11\\\/cropped-logo-1.png?fit=512%2C512&ssl=1\",\"width\":512,\"height\":512,\"caption\":\"\u015eep\u00eala Azadiy\u00ea ya Kurdistan\u00ea - \u062a\u064a\u0627\u0631 \u0627\u0644\u062d\u0631\u064a\u0629 \u0627\u0644\u0643\u0648\u0631\u062f\u0633\u062a\u0627\u0646\u064a\"},\"image\":{\"@id\":\"https:\\\/\\\/saknews.net\\\/ku\\\/#\\\/schema\\\/logo\\\/image\\\/\"},\"sameAs\":[\"https:\\\/\\\/www.facebook.com\\\/Shepel.ewropa\"]},{\"@type\":\"Person\",\"@id\":\"https:\\\/\\\/saknews.net\\\/ku\\\/#\\\/schema\\\/person\\\/72ae32a4041a3817e015b63d8f409058\",\"name\":\"Horan Hem\",\"url\":\"https:\\\/\\\/saknews.net\\\/ku\\\/?author=8\"}]}<\/script>\n<!-- \/ Yoast SEO plugin. -->","yoast_head_json":{"title":"Ber\u00ea Kurdistana S\u00fbriy\u00ea bi R\u00eakeftin \u00fb H\u00eaz\u00ean Civaka S\u00eev\u00eel re dicive &#8226; \u015eAK","robots":{"index":"index","follow":"follow","max-snippet":"max-snippet:-1","max-image-preview":"max-image-preview:large","max-video-preview":"max-video-preview:-1"},"canonical":"https:\/\/saknews.net\/ku\/?p=2079","og_locale":"en_US","og_type":"article","og_title":"Ber\u00ea Kurdistana S\u00fbriy\u00ea bi R\u00eakeftin \u00fb H\u00eaz\u00ean Civaka S\u00eev\u00eel re dicive &#8226; \u015eAK","og_description":"\u015eanda Ber\u00ea Kurdistana S\u00fbriy\u00ea hevd\u00eetin\u00ean xwe y\u00ean siyas\u00ee li Qami\u015flo berdewam dike \u00fb her\u00ee daw\u00ee...","og_url":"https:\/\/saknews.net\/ku\/?p=2079","og_site_name":"\u015eAK","article_publisher":"https:\/\/www.facebook.com\/Shepel.ewropa","article_published_time":"2025-02-05T09:07:08+00:00","og_image":[{"width":1040,"height":780,"url":"https:\/\/saknews.net\/ku\/wp-content\/uploads\/2025\/02\/IMG-20250204-WA0012.jpg","type":"image\/jpeg"}],"author":"Horan Hem","twitter_card":"summary_large_image","twitter_misc":{"Written by":"Horan Hem","Est. reading time":"2 minutes"},"schema":{"@context":"https:\/\/schema.org","@graph":[{"@type":"Article","@id":"https:\/\/saknews.net\/ku\/?p=2079#article","isPartOf":{"@id":"https:\/\/saknews.net\/ku\/?p=2079"},"author":{"name":"Horan Hem","@id":"https:\/\/saknews.net\/ku\/#\/schema\/person\/72ae32a4041a3817e015b63d8f409058"},"headline":"Ber\u00ea Kurdistana S\u00fbriy\u00ea bi R\u00eakeftin \u00fb H\u00eaz\u00ean Civaka S\u00eev\u00eel re dicive","datePublished":"2025-02-05T09:07:08+00:00","mainEntityOfPage":{"@id":"https:\/\/saknews.net\/ku\/?p=2079"},"wordCount":346,"publisher":{"@id":"https:\/\/saknews.net\/ku\/#organization"},"image":{"@id":"https:\/\/saknews.net\/ku\/?p=2079#primaryimage"},"thumbnailUrl":"https:\/\/i0.wp.com\/saknews.net\/ku\/wp-content\/uploads\/2025\/02\/IMG-20250204-WA0012.jpg?fit=1040%2C780&ssl=1","articleSection":["Daxuyan\u00ee","Hevd\u00eetin"],"inLanguage":"en-US"},{"@type":"WebPage","@id":"https:\/\/saknews.net\/ku\/?p=2079","url":"https:\/\/saknews.net\/ku\/?p=2079","name":"Ber\u00ea Kurdistana S\u00fbriy\u00ea bi R\u00eakeftin \u00fb H\u00eaz\u00ean Civaka S\u00eev\u00eel re dicive &#8226; \u015eAK","isPartOf":{"@id":"https:\/\/saknews.net\/ku\/#website"},"primaryImageOfPage":{"@id":"https:\/\/saknews.net\/ku\/?p=2079#primaryimage"},"image":{"@id":"https:\/\/saknews.net\/ku\/?p=2079#primaryimage"},"thumbnailUrl":"https:\/\/i0.wp.com\/saknews.net\/ku\/wp-content\/uploads\/2025\/02\/IMG-20250204-WA0012.jpg?fit=1040%2C780&ssl=1","datePublished":"2025-02-05T09:07:08+00:00","breadcrumb":{"@id":"https:\/\/saknews.net\/ku\/?p=2079#breadcrumb"},"inLanguage":"en-US","potentialAction":[{"@type":"ReadAction","target":["https:\/\/saknews.net\/ku\/?p=2079"]}]},{"@type":"ImageObject","inLanguage":"en-US","@id":"https:\/\/saknews.net\/ku\/?p=2079#primaryimage","url":"https:\/\/i0.wp.com\/saknews.net\/ku\/wp-content\/uploads\/2025\/02\/IMG-20250204-WA0012.jpg?fit=1040%2C780&ssl=1","contentUrl":"https:\/\/i0.wp.com\/saknews.net\/ku\/wp-content\/uploads\/2025\/02\/IMG-20250204-WA0012.jpg?fit=1040%2C780&ssl=1","width":1040,"height":780},{"@type":"BreadcrumbList","@id":"https:\/\/saknews.net\/ku\/?p=2079#breadcrumb","itemListElement":[{"@type":"ListItem","position":1,"name":"\u0627\u0644\u0631\u0626\u064a\u0633\u064a\u0629","item":"https:\/\/saknews.net\/ku\/"},{"@type":"ListItem","position":2,"name":"N\u00fb\u00e7e","item":"https:\/\/saknews.net\/ku\/?cat=49"},{"@type":"ListItem","position":3,"name":"Daxuyan\u00ee","item":"https:\/\/saknews.net\/ku\/?cat=34"},{"@type":"ListItem","position":4,"name":"Hevd\u00eetin","item":"https:\/\/saknews.net\/ku\/?cat=42"},{"@type":"ListItem","position":5,"name":"Ber\u00ea Kurdistana S\u00fbriy\u00ea bi R\u00eakeftin \u00fb H\u00eaz\u00ean Civaka S\u00eev\u00eel re dicive"}]},{"@type":"WebSite","@id":"https:\/\/saknews.net\/ku\/#website","url":"https:\/\/saknews.net\/ku\/","name":"S\u0327epe\u0302la Azadi\u0302 ya Kurdistani\u0302","description":"\u062a\u064a\u0627\u0631 \u0627\u0644\u062d\u0631\u064a\u0629 \u0627\u0644\u0643\u0648\u0631\u062f\u0633\u062a\u0627\u0646\u064a \u015eep\u00eala Azad\u00ee ya Kurdistan\u00ee","publisher":{"@id":"https:\/\/saknews.net\/ku\/#organization"},"potentialAction":[{"@type":"SearchAction","target":{"@type":"EntryPoint","urlTemplate":"https:\/\/saknews.net\/ku\/?s={search_term_string}"},"query-input":{"@type":"PropertyValueSpecification","valueRequired":true,"valueName":"search_term_string"}}],"inLanguage":"en-US"},{"@type":"Organization","@id":"https:\/\/saknews.net\/ku\/#organization","name":"\u015eep\u00eala Azadiy\u00ea ya Kurdistan\u00ea - \u062a\u064a\u0627\u0631 \u0627\u0644\u062d\u0631\u064a\u0629 \u0627\u0644\u0643\u0648\u0631\u062f\u0633\u062a\u0627\u0646\u064a","url":"https:\/\/saknews.net\/ku\/","logo":{"@type":"ImageObject","inLanguage":"en-US","@id":"https:\/\/saknews.net\/ku\/#\/schema\/logo\/image\/","url":"https:\/\/i0.wp.com\/saknews.net\/ku\/wp-content\/uploads\/2024\/11\/cropped-logo-1.png?fit=512%2C512&ssl=1","contentUrl":"https:\/\/i0.wp.com\/saknews.net\/ku\/wp-content\/uploads\/2024\/11\/cropped-logo-1.png?fit=512%2C512&ssl=1","width":512,"height":512,"caption":"\u015eep\u00eala Azadiy\u00ea ya Kurdistan\u00ea - \u062a\u064a\u0627\u0631 \u0627\u0644\u062d\u0631\u064a\u0629 \u0627\u0644\u0643\u0648\u0631\u062f\u0633\u062a\u0627\u0646\u064a"},"image":{"@id":"https:\/\/saknews.net\/ku\/#\/schema\/logo\/image\/"},"sameAs":["https:\/\/www.facebook.com\/Shepel.ewropa"]},{"@type":"Person","@id":"https:\/\/saknews.net\/ku\/#\/schema\/person\/72ae32a4041a3817e015b63d8f409058","name":"Horan Hem","url":"https:\/\/saknews.net\/ku\/?author=8"}]}},"featured_image_urls":{"full":["https:\/\/i0.wp.com\/saknews.net\/ku\/wp-content\/uploads\/2025\/02\/IMG-20250204-WA0012.jpg?fit=1040%2C780&ssl=1",1040,780,false],"thumbnail":["https:\/\/i0.wp.com\/saknews.net\/ku\/wp-content\/uploads\/2025\/02\/IMG-20250204-WA0012.jpg?resize=150%2C150&ssl=1",150,150,true],"medium":["https:\/\/i0.wp.com\/saknews.net\/ku\/wp-content\/uploads\/2025\/02\/IMG-20250204-WA0012.jpg?fit=300%2C225&ssl=1",300,225,true],"medium_large":["https:\/\/i0.wp.com\/saknews.net\/ku\/wp-content\/uploads\/2025\/02\/IMG-20250204-WA0012.jpg?fit=640%2C480&ssl=1",640,480,true],"large":["https:\/\/i0.wp.com\/saknews.net\/ku\/wp-content\/uploads\/2025\/02\/IMG-20250204-WA0012.jpg?fit=640%2C480&ssl=1",640,480,true],"1536x1536":["https:\/\/i0.wp.com\/saknews.net\/ku\/wp-content\/uploads\/2025\/02\/IMG-20250204-WA0012.jpg?fit=1040%2C780&ssl=1",1040,780,true],"2048x2048":["https:\/\/i0.wp.com\/saknews.net\/ku\/wp-content\/uploads\/2025\/02\/IMG-20250204-WA0012.jpg?fit=1040%2C780&ssl=1",1040,780,true],"covernews-featured":["https:\/\/i0.wp.com\/saknews.net\/ku\/wp-content\/uploads\/2025\/02\/IMG-20250204-WA0012.jpg?fit=1024%2C768&ssl=1",1024,768,true],"covernews-medium":["https:\/\/i0.wp.com\/saknews.net\/ku\/wp-content\/uploads\/2025\/02\/IMG-20250204-WA0012.jpg?resize=540%2C340&ssl=1",540,340,true]},"author_info":{"display_name":"Horan Hem","author_link":"https:\/\/saknews.net\/ku\/?author=8"},"category_info":"<a href=\"https:\/\/saknews.net\/ku\/?cat=34\" rel=\"category\">Daxuyan\u00ee<\/a> <a href=\"https:\/\/saknews.net\/ku\/?cat=42\" rel=\"category\">Hevd\u00eetin<\/a>","tag_info":"Hevd\u00eetin","comment_count":"0","_links":{"self":[{"href":"https:\/\/saknews.net\/ku\/index.php?rest_route=\/wp\/v2\/posts\/2079","targetHints":{"allow":["GET"]}}],"collection":[{"href":"https:\/\/saknews.net\/ku\/index.php?rest_route=\/wp\/v2\/posts"}],"about":[{"href":"https:\/\/saknews.net\/ku\/index.php?rest_route=\/wp\/v2\/types\/post"}],"author":[{"embeddable":true,"href":"https:\/\/saknews.net\/ku\/index.php?rest_route=\/wp\/v2\/users\/8"}],"replies":[{"embeddable":true,"href":"https:\/\/saknews.net\/ku\/index.php?rest_route=%2Fwp%2Fv2%2Fcomments&post=2079"}],"version-history":[{"count":1,"href":"https:\/\/saknews.net\/ku\/index.php?rest_route=\/wp\/v2\/posts\/2079\/revisions"}],"predecessor-version":[{"id":2082,"href":"https:\/\/saknews.net\/ku\/index.php?rest_route=\/wp\/v2\/posts\/2079\/revisions\/2082"}],"wp:featuredmedia":[{"embeddable":true,"href":"https:\/\/saknews.net\/ku\/index.php?rest_route=\/wp\/v2\/media\/2081"}],"wp:attachment":[{"href":"https:\/\/saknews.net\/ku\/index.php?rest_route=%2Fwp%2Fv2%2Fmedia&parent=2079"}],"wp:term":[{"taxonomy":"category","embeddable":true,"href":"https:\/\/saknews.net\/ku\/index.php?rest_route=%2Fwp%2Fv2%2Fcategories&post=2079"},{"taxonomy":"post_tag","embeddable":true,"href":"https:\/\/saknews.net\/ku\/index.php?rest_route=%2Fwp%2Fv2%2Ftags&post=2079"}],"curies":[{"name":"wp","href":"https:\/\/api.w.org\/{rel}","templated":true}]}}