{"id":2083,"date":"2025-02-07T07:19:39","date_gmt":"2025-02-07T07:19:39","guid":{"rendered":"https:\/\/saknews.net\/ku\/?p=2083"},"modified":"2025-02-07T07:19:39","modified_gmt":"2025-02-07T07:19:39","slug":"bere-kurdistana-suriye-ji-bo-efrine-bang-li-partiyen-kurd-dike","status":"publish","type":"post","link":"https:\/\/saknews.net\/ku\/?p=2083","title":{"rendered":"Ber\u00ea Kurdistana S\u00fbriy\u00ea ji bo Efr\u00een\u00ea bang li partiy\u00ean kurd dike"},"content":{"rendered":"<p>Ber\u00ea Kurdistana S\u00fbriy\u00ea di derbar\u00ea p\u00ea\u015fhat\u00ean daw\u00ee de li Efr\u00een\u00ea, ku karwaneke le\u015fker\u00ee ya r\u00eaveberiya n\u00fb derbas\u00ee her\u00eam\u00ea b\u00fb ji bo bidestxistina r\u00eavebirina w\u00ea, daxuyaniyek belav kir \u00fb t\u00eade bang li partiy\u00ean kurd kir demildest lihev bicivin. Deqeya daxuyaniy\u00ea:<\/p>\n<p>Daxuyan\u00ee derbar\u00ea Efr\u00een\u00ea<br \/>\nBi derbasb\u00fbna karwaneke ewlehiya gi\u015ft\u00ee ya r\u00eaveberiya n\u00fb li S\u00fbriy\u00ea ji bo Efr\u00een\u00ea ji bo bidestan\u00eena bir\u00eavebirina w\u00ea, Efr\u00een dikeve qonaxene n\u00fb. Em h\u00eav\u00ee dikin ev gav bibe dawiya serdema re\u015f, ku grop\u00ean \u00e7ekdar li Her\u00eama Efr\u00een\u00ea tawan\u00ean s\u00eestemat\u00eek encam dab\u00fbn \u00fb heya niha j\u00ee, \u00e7i revandin \u00fb girtina ne yasay\u00ee \u00fb \u00e7i e\u015fkencekirina ji bo wergirtina pereyan ligel ku\u015ftin \u00fb derxistina bi zor\u00ea \u00fb desteserkirina milk\u00ean s\u00eev\u00eelan \u00fb guhertina demograf\u00ee \u00fb guhertina li ser k\u00eawey\u00ea li ser hisab\u00ea heb\u00fbna kurdan li Efr\u00een\u00ea.<br \/>\nDem niha dema derxistina wan girop\u00ean \u00e7ekdar e ji tevahiya Efr\u00een\u00ea \u00fb vegerandina tevahiya ko\u00e7beran \u00fb ewleh\u00ee \u00fb aramiy\u00ea ye. Dem dema w\u00ea ye xelk\u00ea Efr\u00een\u00ea bi xwe xwe bir\u00eave bibe, ewleh\u00ee \u00fb parastina xelk\u00ea w\u00ea b\u00ea kirin \u00fb bidaw\u00eekirina serdema sitemkar \u00fb destdir\u00eajiya li ser maf\u00ean kurdan.<br \/>\nJi ber erk\u00ea me y\u00ea ni\u015ftiman\u00ee, em weke Ber\u00ea Kurdistana S\u00fbriy\u00ea bang li tevahiya partiy\u00ean kurd dikin bi lez lihev kom bibin \u00fb rew\u015fa Efr\u00een\u00ea got\u00fbb\u00eaj bikin. Herwiha dan\u00eena nex\u015fer\u00eayeke zelal ji bo radestkirina baj\u00ear ji bo xelk\u00ea w\u00ea, bi r\u00eaya damezrandina enc\u00fbmen\u00ean xwecih\u00ee ku awayek\u00ee demokrat b\u00eane hilbijartin \u00fb karibin dever\u00ea bir\u00eave bibin \u00fb xizmetguzariy\u00ean sereke p\u00ea\u015fk\u00ea\u015f bikin, ligel \u00e7\u00eakirina pol\u00ees\u00ean xwecih\u00ee \u00fb ten\u00ea ji xelk\u00ea w\u00ea, da ku karibin ewleh\u00ee \u00fb aramiy\u00ea bidest bixin. <\/p>\n<p>Em di w\u00ea baweriy\u00ea de ne, ku \u00e7areya rast ji bo Efr\u00een\u00ea ten\u00ea bi yekr\u00eaziya kurd \u00fb kar\u00ea bi hev re p\u00eak t\u00ea. Ti p\u00ea\u015ferojeke ewle \u00fb aram li Efr\u00een\u00ea peyda nabe eger bir\u00eavebirina Efr\u00een\u00ea nekeve dest\u00ea xelk\u00ea w\u00ea.<\/p>\n<p>Ber\u00ea Kurdistana S\u00fbriy\u00ea<br \/>\n07.02.2025<\/p>\n","protected":false},"excerpt":{"rendered":"<p>Ber\u00ea Kurdistana S\u00fbriy\u00ea di derbar\u00ea p\u00ea\u015fhat\u00ean daw\u00ee de li Efr\u00een\u00ea, ku karwaneke le\u015fker\u00ee ya r\u00eaveberiya&#8230;<\/p>\n","protected":false},"author":8,"featured_media":1905,"comment_status":"closed","ping_status":"closed","sticky":false,"template":"","format":"standard","meta":{"footnotes":""},"categories":[34],"tags":[],"class_list":["post-2083","post","type-post","status-publish","format-standard","has-post-thumbnail","hentry","category-daxuyani"],"yoast_head":"<!-- This site is optimized with the Yoast SEO plugin v27.5 - https:\/\/yoast.com\/product\/yoast-seo-wordpress\/ -->\n<title>Ber\u00ea Kurdistana S\u00fbriy\u00ea ji bo Efr\u00een\u00ea bang li partiy\u00ean kurd dike &#8226; \u015eAK<\/title>\n<meta name=\"robots\" content=\"index, follow, max-snippet:-1, max-image-preview:large, max-video-preview:-1\" \/>\n<link rel=\"canonical\" href=\"https:\/\/saknews.net\/ku\/?p=2083\" \/>\n<meta property=\"og:locale\" content=\"en_US\" \/>\n<meta property=\"og:type\" content=\"article\" \/>\n<meta property=\"og:title\" content=\"Ber\u00ea Kurdistana S\u00fbriy\u00ea ji bo Efr\u00een\u00ea bang li partiy\u00ean kurd dike &#8226; \u015eAK\" \/>\n<meta property=\"og:description\" content=\"Ber\u00ea Kurdistana S\u00fbriy\u00ea di derbar\u00ea p\u00ea\u015fhat\u00ean daw\u00ee de li Efr\u00een\u00ea, ku karwaneke le\u015fker\u00ee ya r\u00eaveberiya...\" \/>\n<meta property=\"og:url\" content=\"https:\/\/saknews.net\/ku\/?p=2083\" \/>\n<meta property=\"og:site_name\" content=\"\u015eAK\" \/>\n<meta property=\"article:publisher\" content=\"https:\/\/www.facebook.com\/Shepel.ewropa\" \/>\n<meta property=\"article:published_time\" content=\"2025-02-07T07:19:39+00:00\" \/>\n<meta property=\"og:image\" content=\"https:\/\/saknews.net\/ku\/wp-content\/uploads\/2024\/12\/IMG-20241207-WA0028.jpg\" \/>\n\t<meta property=\"og:image:width\" content=\"597\" \/>\n\t<meta property=\"og:image:height\" content=\"574\" \/>\n\t<meta property=\"og:image:type\" content=\"image\/jpeg\" \/>\n<meta name=\"author\" content=\"Horan Hem\" \/>\n<meta name=\"twitter:card\" content=\"summary_large_image\" \/>\n<meta name=\"twitter:label1\" content=\"Written by\" \/>\n\t<meta name=\"twitter:data1\" content=\"Horan Hem\" \/>\n\t<meta name=\"twitter:label2\" content=\"Est. reading time\" \/>\n\t<meta name=\"twitter:data2\" content=\"1 minute\" \/>\n<script type=\"application\/ld+json\" class=\"yoast-schema-graph\">{\"@context\":\"https:\\\/\\\/schema.org\",\"@graph\":[{\"@type\":\"Article\",\"@id\":\"https:\\\/\\\/saknews.net\\\/ku\\\/?p=2083#article\",\"isPartOf\":{\"@id\":\"https:\\\/\\\/saknews.net\\\/ku\\\/?p=2083\"},\"author\":{\"name\":\"Horan Hem\",\"@id\":\"https:\\\/\\\/saknews.net\\\/ku\\\/#\\\/schema\\\/person\\\/72ae32a4041a3817e015b63d8f409058\"},\"headline\":\"Ber\u00ea Kurdistana S\u00fbriy\u00ea ji bo Efr\u00een\u00ea bang li partiy\u00ean kurd dike\",\"datePublished\":\"2025-02-07T07:19:39+00:00\",\"mainEntityOfPage\":{\"@id\":\"https:\\\/\\\/saknews.net\\\/ku\\\/?p=2083\"},\"wordCount\":355,\"publisher\":{\"@id\":\"https:\\\/\\\/saknews.net\\\/ku\\\/#organization\"},\"image\":{\"@id\":\"https:\\\/\\\/saknews.net\\\/ku\\\/?p=2083#primaryimage\"},\"thumbnailUrl\":\"https:\\\/\\\/i0.wp.com\\\/saknews.net\\\/ku\\\/wp-content\\\/uploads\\\/2024\\\/12\\\/IMG-20241207-WA0028.jpg?fit=597%2C574&ssl=1\",\"articleSection\":[\"Daxuyan\u00ee\"],\"inLanguage\":\"en-US\"},{\"@type\":\"WebPage\",\"@id\":\"https:\\\/\\\/saknews.net\\\/ku\\\/?p=2083\",\"url\":\"https:\\\/\\\/saknews.net\\\/ku\\\/?p=2083\",\"name\":\"Ber\u00ea Kurdistana S\u00fbriy\u00ea ji bo Efr\u00een\u00ea bang li partiy\u00ean kurd dike &#8226; \u015eAK\",\"isPartOf\":{\"@id\":\"https:\\\/\\\/saknews.net\\\/ku\\\/#website\"},\"primaryImageOfPage\":{\"@id\":\"https:\\\/\\\/saknews.net\\\/ku\\\/?p=2083#primaryimage\"},\"image\":{\"@id\":\"https:\\\/\\\/saknews.net\\\/ku\\\/?p=2083#primaryimage\"},\"thumbnailUrl\":\"https:\\\/\\\/i0.wp.com\\\/saknews.net\\\/ku\\\/wp-content\\\/uploads\\\/2024\\\/12\\\/IMG-20241207-WA0028.jpg?fit=597%2C574&ssl=1\",\"datePublished\":\"2025-02-07T07:19:39+00:00\",\"breadcrumb\":{\"@id\":\"https:\\\/\\\/saknews.net\\\/ku\\\/?p=2083#breadcrumb\"},\"inLanguage\":\"en-US\",\"potentialAction\":[{\"@type\":\"ReadAction\",\"target\":[\"https:\\\/\\\/saknews.net\\\/ku\\\/?p=2083\"]}]},{\"@type\":\"ImageObject\",\"inLanguage\":\"en-US\",\"@id\":\"https:\\\/\\\/saknews.net\\\/ku\\\/?p=2083#primaryimage\",\"url\":\"https:\\\/\\\/i0.wp.com\\\/saknews.net\\\/ku\\\/wp-content\\\/uploads\\\/2024\\\/12\\\/IMG-20241207-WA0028.jpg?fit=597%2C574&ssl=1\",\"contentUrl\":\"https:\\\/\\\/i0.wp.com\\\/saknews.net\\\/ku\\\/wp-content\\\/uploads\\\/2024\\\/12\\\/IMG-20241207-WA0028.jpg?fit=597%2C574&ssl=1\",\"width\":597,\"height\":574},{\"@type\":\"BreadcrumbList\",\"@id\":\"https:\\\/\\\/saknews.net\\\/ku\\\/?p=2083#breadcrumb\",\"itemListElement\":[{\"@type\":\"ListItem\",\"position\":1,\"name\":\"\u0627\u0644\u0631\u0626\u064a\u0633\u064a\u0629\",\"item\":\"https:\\\/\\\/saknews.net\\\/ku\\\/\"},{\"@type\":\"ListItem\",\"position\":2,\"name\":\"N\u00fb\u00e7e\",\"item\":\"https:\\\/\\\/saknews.net\\\/ku\\\/?cat=49\"},{\"@type\":\"ListItem\",\"position\":3,\"name\":\"Daxuyan\u00ee\",\"item\":\"https:\\\/\\\/saknews.net\\\/ku\\\/?cat=34\"},{\"@type\":\"ListItem\",\"position\":4,\"name\":\"Ber\u00ea Kurdistana S\u00fbriy\u00ea ji bo Efr\u00een\u00ea bang li partiy\u00ean kurd dike\"}]},{\"@type\":\"WebSite\",\"@id\":\"https:\\\/\\\/saknews.net\\\/ku\\\/#website\",\"url\":\"https:\\\/\\\/saknews.net\\\/ku\\\/\",\"name\":\"S\u0327epe\u0302la Azadi\u0302 ya Kurdistani\u0302\",\"description\":\"\u062a\u064a\u0627\u0631 \u0627\u0644\u062d\u0631\u064a\u0629 \u0627\u0644\u0643\u0648\u0631\u062f\u0633\u062a\u0627\u0646\u064a \u015eep\u00eala Azad\u00ee ya Kurdistan\u00ee\",\"publisher\":{\"@id\":\"https:\\\/\\\/saknews.net\\\/ku\\\/#organization\"},\"potentialAction\":[{\"@type\":\"SearchAction\",\"target\":{\"@type\":\"EntryPoint\",\"urlTemplate\":\"https:\\\/\\\/saknews.net\\\/ku\\\/?s={search_term_string}\"},\"query-input\":{\"@type\":\"PropertyValueSpecification\",\"valueRequired\":true,\"valueName\":\"search_term_string\"}}],\"inLanguage\":\"en-US\"},{\"@type\":\"Organization\",\"@id\":\"https:\\\/\\\/saknews.net\\\/ku\\\/#organization\",\"name\":\"\u015eep\u00eala Azadiy\u00ea ya Kurdistan\u00ea - \u062a\u064a\u0627\u0631 \u0627\u0644\u062d\u0631\u064a\u0629 \u0627\u0644\u0643\u0648\u0631\u062f\u0633\u062a\u0627\u0646\u064a\",\"url\":\"https:\\\/\\\/saknews.net\\\/ku\\\/\",\"logo\":{\"@type\":\"ImageObject\",\"inLanguage\":\"en-US\",\"@id\":\"https:\\\/\\\/saknews.net\\\/ku\\\/#\\\/schema\\\/logo\\\/image\\\/\",\"url\":\"https:\\\/\\\/i0.wp.com\\\/saknews.net\\\/ku\\\/wp-content\\\/uploads\\\/2024\\\/11\\\/cropped-logo-1.png?fit=512%2C512&ssl=1\",\"contentUrl\":\"https:\\\/\\\/i0.wp.com\\\/saknews.net\\\/ku\\\/wp-content\\\/uploads\\\/2024\\\/11\\\/cropped-logo-1.png?fit=512%2C512&ssl=1\",\"width\":512,\"height\":512,\"caption\":\"\u015eep\u00eala Azadiy\u00ea ya Kurdistan\u00ea - \u062a\u064a\u0627\u0631 \u0627\u0644\u062d\u0631\u064a\u0629 \u0627\u0644\u0643\u0648\u0631\u062f\u0633\u062a\u0627\u0646\u064a\"},\"image\":{\"@id\":\"https:\\\/\\\/saknews.net\\\/ku\\\/#\\\/schema\\\/logo\\\/image\\\/\"},\"sameAs\":[\"https:\\\/\\\/www.facebook.com\\\/Shepel.ewropa\"]},{\"@type\":\"Person\",\"@id\":\"https:\\\/\\\/saknews.net\\\/ku\\\/#\\\/schema\\\/person\\\/72ae32a4041a3817e015b63d8f409058\",\"name\":\"Horan Hem\",\"url\":\"https:\\\/\\\/saknews.net\\\/ku\\\/?author=8\"}]}<\/script>\n<!-- \/ Yoast SEO plugin. -->","yoast_head_json":{"title":"Ber\u00ea Kurdistana S\u00fbriy\u00ea ji bo Efr\u00een\u00ea bang li partiy\u00ean kurd dike &#8226; \u015eAK","robots":{"index":"index","follow":"follow","max-snippet":"max-snippet:-1","max-image-preview":"max-image-preview:large","max-video-preview":"max-video-preview:-1"},"canonical":"https:\/\/saknews.net\/ku\/?p=2083","og_locale":"en_US","og_type":"article","og_title":"Ber\u00ea Kurdistana S\u00fbriy\u00ea ji bo Efr\u00een\u00ea bang li partiy\u00ean kurd dike &#8226; \u015eAK","og_description":"Ber\u00ea Kurdistana S\u00fbriy\u00ea di derbar\u00ea p\u00ea\u015fhat\u00ean daw\u00ee de li Efr\u00een\u00ea, ku karwaneke le\u015fker\u00ee ya r\u00eaveberiya...","og_url":"https:\/\/saknews.net\/ku\/?p=2083","og_site_name":"\u015eAK","article_publisher":"https:\/\/www.facebook.com\/Shepel.ewropa","article_published_time":"2025-02-07T07:19:39+00:00","og_image":[{"width":597,"height":574,"url":"https:\/\/saknews.net\/ku\/wp-content\/uploads\/2024\/12\/IMG-20241207-WA0028.jpg","type":"image\/jpeg"}],"author":"Horan Hem","twitter_card":"summary_large_image","twitter_misc":{"Written by":"Horan Hem","Est. reading time":"1 minute"},"schema":{"@context":"https:\/\/schema.org","@graph":[{"@type":"Article","@id":"https:\/\/saknews.net\/ku\/?p=2083#article","isPartOf":{"@id":"https:\/\/saknews.net\/ku\/?p=2083"},"author":{"name":"Horan Hem","@id":"https:\/\/saknews.net\/ku\/#\/schema\/person\/72ae32a4041a3817e015b63d8f409058"},"headline":"Ber\u00ea Kurdistana S\u00fbriy\u00ea ji bo Efr\u00een\u00ea bang li partiy\u00ean kurd dike","datePublished":"2025-02-07T07:19:39+00:00","mainEntityOfPage":{"@id":"https:\/\/saknews.net\/ku\/?p=2083"},"wordCount":355,"publisher":{"@id":"https:\/\/saknews.net\/ku\/#organization"},"image":{"@id":"https:\/\/saknews.net\/ku\/?p=2083#primaryimage"},"thumbnailUrl":"https:\/\/i0.wp.com\/saknews.net\/ku\/wp-content\/uploads\/2024\/12\/IMG-20241207-WA0028.jpg?fit=597%2C574&ssl=1","articleSection":["Daxuyan\u00ee"],"inLanguage":"en-US"},{"@type":"WebPage","@id":"https:\/\/saknews.net\/ku\/?p=2083","url":"https:\/\/saknews.net\/ku\/?p=2083","name":"Ber\u00ea Kurdistana S\u00fbriy\u00ea ji bo Efr\u00een\u00ea bang li partiy\u00ean kurd dike &#8226; \u015eAK","isPartOf":{"@id":"https:\/\/saknews.net\/ku\/#website"},"primaryImageOfPage":{"@id":"https:\/\/saknews.net\/ku\/?p=2083#primaryimage"},"image":{"@id":"https:\/\/saknews.net\/ku\/?p=2083#primaryimage"},"thumbnailUrl":"https:\/\/i0.wp.com\/saknews.net\/ku\/wp-content\/uploads\/2024\/12\/IMG-20241207-WA0028.jpg?fit=597%2C574&ssl=1","datePublished":"2025-02-07T07:19:39+00:00","breadcrumb":{"@id":"https:\/\/saknews.net\/ku\/?p=2083#breadcrumb"},"inLanguage":"en-US","potentialAction":[{"@type":"ReadAction","target":["https:\/\/saknews.net\/ku\/?p=2083"]}]},{"@type":"ImageObject","inLanguage":"en-US","@id":"https:\/\/saknews.net\/ku\/?p=2083#primaryimage","url":"https:\/\/i0.wp.com\/saknews.net\/ku\/wp-content\/uploads\/2024\/12\/IMG-20241207-WA0028.jpg?fit=597%2C574&ssl=1","contentUrl":"https:\/\/i0.wp.com\/saknews.net\/ku\/wp-content\/uploads\/2024\/12\/IMG-20241207-WA0028.jpg?fit=597%2C574&ssl=1","width":597,"height":574},{"@type":"BreadcrumbList","@id":"https:\/\/saknews.net\/ku\/?p=2083#breadcrumb","itemListElement":[{"@type":"ListItem","position":1,"name":"\u0627\u0644\u0631\u0626\u064a\u0633\u064a\u0629","item":"https:\/\/saknews.net\/ku\/"},{"@type":"ListItem","position":2,"name":"N\u00fb\u00e7e","item":"https:\/\/saknews.net\/ku\/?cat=49"},{"@type":"ListItem","position":3,"name":"Daxuyan\u00ee","item":"https:\/\/saknews.net\/ku\/?cat=34"},{"@type":"ListItem","position":4,"name":"Ber\u00ea Kurdistana S\u00fbriy\u00ea ji bo Efr\u00een\u00ea bang li partiy\u00ean kurd dike"}]},{"@type":"WebSite","@id":"https:\/\/saknews.net\/ku\/#website","url":"https:\/\/saknews.net\/ku\/","name":"S\u0327epe\u0302la Azadi\u0302 ya Kurdistani\u0302","description":"\u062a\u064a\u0627\u0631 \u0627\u0644\u062d\u0631\u064a\u0629 \u0627\u0644\u0643\u0648\u0631\u062f\u0633\u062a\u0627\u0646\u064a \u015eep\u00eala Azad\u00ee ya Kurdistan\u00ee","publisher":{"@id":"https:\/\/saknews.net\/ku\/#organization"},"potentialAction":[{"@type":"SearchAction","target":{"@type":"EntryPoint","urlTemplate":"https:\/\/saknews.net\/ku\/?s={search_term_string}"},"query-input":{"@type":"PropertyValueSpecification","valueRequired":true,"valueName":"search_term_string"}}],"inLanguage":"en-US"},{"@type":"Organization","@id":"https:\/\/saknews.net\/ku\/#organization","name":"\u015eep\u00eala Azadiy\u00ea ya Kurdistan\u00ea - \u062a\u064a\u0627\u0631 \u0627\u0644\u062d\u0631\u064a\u0629 \u0627\u0644\u0643\u0648\u0631\u062f\u0633\u062a\u0627\u0646\u064a","url":"https:\/\/saknews.net\/ku\/","logo":{"@type":"ImageObject","inLanguage":"en-US","@id":"https:\/\/saknews.net\/ku\/#\/schema\/logo\/image\/","url":"https:\/\/i0.wp.com\/saknews.net\/ku\/wp-content\/uploads\/2024\/11\/cropped-logo-1.png?fit=512%2C512&ssl=1","contentUrl":"https:\/\/i0.wp.com\/saknews.net\/ku\/wp-content\/uploads\/2024\/11\/cropped-logo-1.png?fit=512%2C512&ssl=1","width":512,"height":512,"caption":"\u015eep\u00eala Azadiy\u00ea ya Kurdistan\u00ea - \u062a\u064a\u0627\u0631 \u0627\u0644\u062d\u0631\u064a\u0629 \u0627\u0644\u0643\u0648\u0631\u062f\u0633\u062a\u0627\u0646\u064a"},"image":{"@id":"https:\/\/saknews.net\/ku\/#\/schema\/logo\/image\/"},"sameAs":["https:\/\/www.facebook.com\/Shepel.ewropa"]},{"@type":"Person","@id":"https:\/\/saknews.net\/ku\/#\/schema\/person\/72ae32a4041a3817e015b63d8f409058","name":"Horan Hem","url":"https:\/\/saknews.net\/ku\/?author=8"}]}},"featured_image_urls":{"full":["https:\/\/i0.wp.com\/saknews.net\/ku\/wp-content\/uploads\/2024\/12\/IMG-20241207-WA0028.jpg?fit=597%2C574&ssl=1",597,574,false],"thumbnail":["https:\/\/i0.wp.com\/saknews.net\/ku\/wp-content\/uploads\/2024\/12\/IMG-20241207-WA0028.jpg?resize=150%2C150&ssl=1",150,150,true],"medium":["https:\/\/i0.wp.com\/saknews.net\/ku\/wp-content\/uploads\/2024\/12\/IMG-20241207-WA0028.jpg?fit=300%2C288&ssl=1",300,288,true],"medium_large":["https:\/\/i0.wp.com\/saknews.net\/ku\/wp-content\/uploads\/2024\/12\/IMG-20241207-WA0028.jpg?fit=597%2C574&ssl=1",597,574,true],"large":["https:\/\/i0.wp.com\/saknews.net\/ku\/wp-content\/uploads\/2024\/12\/IMG-20241207-WA0028.jpg?fit=597%2C574&ssl=1",597,574,true],"1536x1536":["https:\/\/i0.wp.com\/saknews.net\/ku\/wp-content\/uploads\/2024\/12\/IMG-20241207-WA0028.jpg?fit=597%2C574&ssl=1",597,574,true],"2048x2048":["https:\/\/i0.wp.com\/saknews.net\/ku\/wp-content\/uploads\/2024\/12\/IMG-20241207-WA0028.jpg?fit=597%2C574&ssl=1",597,574,true],"covernews-featured":["https:\/\/i0.wp.com\/saknews.net\/ku\/wp-content\/uploads\/2024\/12\/IMG-20241207-WA0028.jpg?fit=597%2C574&ssl=1",597,574,true],"covernews-medium":["https:\/\/i0.wp.com\/saknews.net\/ku\/wp-content\/uploads\/2024\/12\/IMG-20241207-WA0028.jpg?resize=540%2C340&ssl=1",540,340,true]},"author_info":{"display_name":"Horan Hem","author_link":"https:\/\/saknews.net\/ku\/?author=8"},"category_info":"<a href=\"https:\/\/saknews.net\/ku\/?cat=34\" rel=\"category\">Daxuyan\u00ee<\/a>","tag_info":"Daxuyan\u00ee","comment_count":"0","_links":{"self":[{"href":"https:\/\/saknews.net\/ku\/index.php?rest_route=\/wp\/v2\/posts\/2083","targetHints":{"allow":["GET"]}}],"collection":[{"href":"https:\/\/saknews.net\/ku\/index.php?rest_route=\/wp\/v2\/posts"}],"about":[{"href":"https:\/\/saknews.net\/ku\/index.php?rest_route=\/wp\/v2\/types\/post"}],"author":[{"embeddable":true,"href":"https:\/\/saknews.net\/ku\/index.php?rest_route=\/wp\/v2\/users\/8"}],"replies":[{"embeddable":true,"href":"https:\/\/saknews.net\/ku\/index.php?rest_route=%2Fwp%2Fv2%2Fcomments&post=2083"}],"version-history":[{"count":1,"href":"https:\/\/saknews.net\/ku\/index.php?rest_route=\/wp\/v2\/posts\/2083\/revisions"}],"predecessor-version":[{"id":2084,"href":"https:\/\/saknews.net\/ku\/index.php?rest_route=\/wp\/v2\/posts\/2083\/revisions\/2084"}],"wp:featuredmedia":[{"embeddable":true,"href":"https:\/\/saknews.net\/ku\/index.php?rest_route=\/wp\/v2\/media\/1905"}],"wp:attachment":[{"href":"https:\/\/saknews.net\/ku\/index.php?rest_route=%2Fwp%2Fv2%2Fmedia&parent=2083"}],"wp:term":[{"taxonomy":"category","embeddable":true,"href":"https:\/\/saknews.net\/ku\/index.php?rest_route=%2Fwp%2Fv2%2Fcategories&post=2083"},{"taxonomy":"post_tag","embeddable":true,"href":"https:\/\/saknews.net\/ku\/index.php?rest_route=%2Fwp%2Fv2%2Ftags&post=2083"}],"curies":[{"name":"wp","href":"https:\/\/api.w.org\/{rel}","templated":true}]}}