{"id":2085,"date":"2025-02-12T14:35:59","date_gmt":"2025-02-12T14:35:59","guid":{"rendered":"https:\/\/saknews.net\/ku\/?p=2085"},"modified":"2025-02-12T14:39:41","modified_gmt":"2025-02-12T14:39:41","slug":"bere-kurdistana-suriye-rexne-li-komiteya-amadekar-a-kongreye-gotubeja-nistimani-dike","status":"publish","type":"post","link":"https:\/\/saknews.net\/ku\/?p=2085","title":{"rendered":"Ber\u00ea Kurdistana S\u00fbriy\u00ea rexne li Kom\u00eeteya Amadekar a Kongrey\u00ea Got\u00fbb\u00eaja Ni\u015ftiman\u00ee dike"},"content":{"rendered":"<p>Ber\u00ea Kurdistana S\u00fbriy\u00ea di derbar\u00ea p\u00eakan\u00eena kom\u00eeteya Amadekar a Kongrey\u00ea Got\u00fbb\u00eaja Ni\u015ftiman\u00ee ya S\u00fbr\u00ee de ragihandinek belav kir \u00fb t\u00eade rexne li neb\u00fbna kurdan di w\u00ea kom\u00eetey\u00ea kir. Deqeya ragihandin\u00ea:<\/p>\n<p><strong>Ragihandinek derbar\u00ea p\u00eakan\u00eena kom\u00eeteya amadekar a Kongrey\u00ea Got\u00fbb\u00eaja Ni\u015ftiman\u00ee ya S\u00fbr\u00ee<\/strong><\/p>\n<p>Ber\u00ea Kurdistana S\u00fbriy\u00ea p\u00ea\u015fwaziya p\u00eakan\u00eena Kom\u00eeteya Amadekar a Kongrey\u00ea Ni\u015ftiman\u00ee ya S\u00fbr\u00ee dike \u00fb heb\u00fbna jinan t\u00eade weke gaveke er\u00ean\u00ee l\u00ea din\u00eare, ku ev gav bibe dergehek ji bo n\u00fbnert\u00eekirineke dadperwer \u00fb gi\u015ft\u00ee ji bo tevahiya p\u00eakhateyan li S\u00fbriy\u00ea. Cih\u00ea mixabiniy\u00ea ye ku n\u00fbnertiya kurdan di v\u00ea kom\u00eetey\u00ea de tine ye, tev\u00ee ku r\u00eajeya kurdan li S\u00fbriy\u00ea ne k\u00eamtir e ji 15%<br \/>\nNeb\u00fbna kurdan di v\u00ea kom\u00eetey\u00ea de berdewamiya pi\u015ftguhkirin \u00fb d\u00fbrxistina wan ji be\u015fdarb\u00fbna \u00e7alak di avakirina s\u00eestema siyas\u00ee ya n\u00fb de li S\u00fbriy\u00ea e\u015fkere dike. Ev yek j\u00ee berevaj\u00ee bingeh\u00ean sereke y\u00ean dadperwer\u00ee \u00fb wekheviya ku div\u00ea her piroseyeke siyas\u00ee ya gi\u015ft\u00ee li xwe bigire.<br \/>\nCih\u00ea dax\u00ea ye j\u00ee, ku heta niha aliy\u00ean siyas\u00ee y\u00ean kurd nikar\u00eeb\u00fbn bigihin lihevkirineke siyas\u00ee ya hevbe\u015f. Ev yek j\u00ee lawaziya wan di n\u00fbnert\u00eekirina berjewendiy\u00ean gel\u00ea kurd de li S\u00fbriy\u00ea bi awayek\u00ee ber\u00e7av n\u00ee\u015fan dide.<br \/>\nBerdewamb\u00fbna nakokiy\u00ean di navbera Enc\u00fbmena Ni\u015ftiman\u00ee ya Kurd li S\u00fbriy\u00ea ENKS \u00fb PYD\u00ea de ast\u00ea astengiy\u00ean mezin li p\u00ea\u015f yekxistina navmala kurd diyar dike. Div\u00ea her lihevkirineke siyas\u00ee di derbar\u00ea p\u00ea\u015feroja gel\u00ea Kurd li S\u00fbriy\u00ea gi\u015ft\u00ee be \u00fb tevahiya aliyan li xwe bigire, bi taybet\u00ee aliy\u00ean dervey\u00ee ENKS \u00fb PYD\u00ea j\u00ee heta karibe n\u00fbnertiyeke rasteq\u00een a berjewendiy\u00ean gel\u00ea kurd bike.<br \/>\nEm h\u00eav\u00ee dikin ev pi\u015ftguhkirin di p\u00ea\u015feroj\u00ea de b\u00ea rastkirin \u00fb n\u00fbnert\u00eekirina kurdan bi awayek\u00ee dadperwer di tevahiya qonax\u00ean got\u00fbb\u00eaja ni\u015ftiman\u00ee de \u00e7\u00eabibe, ji bo garantiya S\u00fbriye bibe demokrat \u00fb pirreng \u00fb r\u00eaz\u00ea li maf\u00ean tevahiya p\u00eakhateyan bigire.<br \/>\nEm p\u00ea\u015fwaziya v\u00ea gava yek\u00ea ya ber bi got\u00fbb\u00eaja ni\u015ftiman\u00ee dikin \u00fb h\u00eav\u00ee dikin bibe destp\u00eaka be\u015fdarb\u00fbna rasteq\u00een \u00fb gi\u015ft\u00ee ya tevahiya s\u00fbriyan di avakirina p\u00ea\u015feroja welat\u00ee de.<br \/>\nBer\u00ea Kurdistana S\u00fbriy\u00ea<br \/>\n12.02.2025<\/p>\n","protected":false},"excerpt":{"rendered":"<p>Ber\u00ea Kurdistana S\u00fbriy\u00ea di derbar\u00ea p\u00eakan\u00eena kom\u00eeteya Amadekar a Kongrey\u00ea Got\u00fbb\u00eaja Ni\u015ftiman\u00ee ya S\u00fbr\u00ee de&#8230;<\/p>\n","protected":false},"author":8,"featured_media":1905,"comment_status":"closed","ping_status":"closed","sticky":false,"template":"","format":"standard","meta":{"footnotes":""},"categories":[34],"tags":[],"class_list":["post-2085","post","type-post","status-publish","format-standard","has-post-thumbnail","hentry","category-daxuyani"],"yoast_head":"<!-- This site is optimized with the Yoast SEO plugin v27.5 - https:\/\/yoast.com\/product\/yoast-seo-wordpress\/ -->\n<title>Ber\u00ea Kurdistana S\u00fbriy\u00ea rexne li Kom\u00eeteya Amadekar a Kongrey\u00ea Got\u00fbb\u00eaja Ni\u015ftiman\u00ee dike &#8226; \u015eAK<\/title>\n<meta name=\"robots\" content=\"index, follow, max-snippet:-1, max-image-preview:large, max-video-preview:-1\" \/>\n<link rel=\"canonical\" href=\"https:\/\/saknews.net\/ku\/?p=2085\" \/>\n<meta property=\"og:locale\" content=\"en_US\" \/>\n<meta property=\"og:type\" content=\"article\" \/>\n<meta property=\"og:title\" content=\"Ber\u00ea Kurdistana S\u00fbriy\u00ea rexne li Kom\u00eeteya Amadekar a Kongrey\u00ea Got\u00fbb\u00eaja Ni\u015ftiman\u00ee dike &#8226; \u015eAK\" \/>\n<meta property=\"og:description\" content=\"Ber\u00ea Kurdistana S\u00fbriy\u00ea di derbar\u00ea p\u00eakan\u00eena kom\u00eeteya Amadekar a Kongrey\u00ea Got\u00fbb\u00eaja Ni\u015ftiman\u00ee ya S\u00fbr\u00ee de...\" \/>\n<meta property=\"og:url\" content=\"https:\/\/saknews.net\/ku\/?p=2085\" \/>\n<meta property=\"og:site_name\" content=\"\u015eAK\" \/>\n<meta property=\"article:publisher\" content=\"https:\/\/www.facebook.com\/Shepel.ewropa\" \/>\n<meta property=\"article:published_time\" content=\"2025-02-12T14:35:59+00:00\" \/>\n<meta property=\"article:modified_time\" content=\"2025-02-12T14:39:41+00:00\" \/>\n<meta property=\"og:image\" content=\"https:\/\/saknews.net\/ku\/wp-content\/uploads\/2024\/12\/IMG-20241207-WA0028.jpg\" \/>\n\t<meta property=\"og:image:width\" content=\"597\" \/>\n\t<meta property=\"og:image:height\" content=\"574\" \/>\n\t<meta property=\"og:image:type\" content=\"image\/jpeg\" \/>\n<meta name=\"author\" content=\"Horan Hem\" \/>\n<meta name=\"twitter:card\" content=\"summary_large_image\" \/>\n<meta name=\"twitter:label1\" content=\"Written by\" \/>\n\t<meta name=\"twitter:data1\" content=\"Horan Hem\" \/>\n\t<meta name=\"twitter:label2\" content=\"Est. reading time\" \/>\n\t<meta name=\"twitter:data2\" content=\"2 minutes\" \/>\n<script type=\"application\/ld+json\" class=\"yoast-schema-graph\">{\"@context\":\"https:\\\/\\\/schema.org\",\"@graph\":[{\"@type\":\"Article\",\"@id\":\"https:\\\/\\\/saknews.net\\\/ku\\\/?p=2085#article\",\"isPartOf\":{\"@id\":\"https:\\\/\\\/saknews.net\\\/ku\\\/?p=2085\"},\"author\":{\"name\":\"Horan Hem\",\"@id\":\"https:\\\/\\\/saknews.net\\\/ku\\\/#\\\/schema\\\/person\\\/72ae32a4041a3817e015b63d8f409058\"},\"headline\":\"Ber\u00ea Kurdistana S\u00fbriy\u00ea rexne li Kom\u00eeteya Amadekar a Kongrey\u00ea Got\u00fbb\u00eaja Ni\u015ftiman\u00ee dike\",\"datePublished\":\"2025-02-12T14:35:59+00:00\",\"dateModified\":\"2025-02-12T14:39:41+00:00\",\"mainEntityOfPage\":{\"@id\":\"https:\\\/\\\/saknews.net\\\/ku\\\/?p=2085\"},\"wordCount\":415,\"publisher\":{\"@id\":\"https:\\\/\\\/saknews.net\\\/ku\\\/#organization\"},\"image\":{\"@id\":\"https:\\\/\\\/saknews.net\\\/ku\\\/?p=2085#primaryimage\"},\"thumbnailUrl\":\"https:\\\/\\\/i0.wp.com\\\/saknews.net\\\/ku\\\/wp-content\\\/uploads\\\/2024\\\/12\\\/IMG-20241207-WA0028.jpg?fit=597%2C574&ssl=1\",\"articleSection\":[\"Daxuyan\u00ee\"],\"inLanguage\":\"en-US\"},{\"@type\":\"WebPage\",\"@id\":\"https:\\\/\\\/saknews.net\\\/ku\\\/?p=2085\",\"url\":\"https:\\\/\\\/saknews.net\\\/ku\\\/?p=2085\",\"name\":\"Ber\u00ea Kurdistana S\u00fbriy\u00ea rexne li Kom\u00eeteya Amadekar a Kongrey\u00ea Got\u00fbb\u00eaja Ni\u015ftiman\u00ee dike &#8226; \u015eAK\",\"isPartOf\":{\"@id\":\"https:\\\/\\\/saknews.net\\\/ku\\\/#website\"},\"primaryImageOfPage\":{\"@id\":\"https:\\\/\\\/saknews.net\\\/ku\\\/?p=2085#primaryimage\"},\"image\":{\"@id\":\"https:\\\/\\\/saknews.net\\\/ku\\\/?p=2085#primaryimage\"},\"thumbnailUrl\":\"https:\\\/\\\/i0.wp.com\\\/saknews.net\\\/ku\\\/wp-content\\\/uploads\\\/2024\\\/12\\\/IMG-20241207-WA0028.jpg?fit=597%2C574&ssl=1\",\"datePublished\":\"2025-02-12T14:35:59+00:00\",\"dateModified\":\"2025-02-12T14:39:41+00:00\",\"breadcrumb\":{\"@id\":\"https:\\\/\\\/saknews.net\\\/ku\\\/?p=2085#breadcrumb\"},\"inLanguage\":\"en-US\",\"potentialAction\":[{\"@type\":\"ReadAction\",\"target\":[\"https:\\\/\\\/saknews.net\\\/ku\\\/?p=2085\"]}]},{\"@type\":\"ImageObject\",\"inLanguage\":\"en-US\",\"@id\":\"https:\\\/\\\/saknews.net\\\/ku\\\/?p=2085#primaryimage\",\"url\":\"https:\\\/\\\/i0.wp.com\\\/saknews.net\\\/ku\\\/wp-content\\\/uploads\\\/2024\\\/12\\\/IMG-20241207-WA0028.jpg?fit=597%2C574&ssl=1\",\"contentUrl\":\"https:\\\/\\\/i0.wp.com\\\/saknews.net\\\/ku\\\/wp-content\\\/uploads\\\/2024\\\/12\\\/IMG-20241207-WA0028.jpg?fit=597%2C574&ssl=1\",\"width\":597,\"height\":574},{\"@type\":\"BreadcrumbList\",\"@id\":\"https:\\\/\\\/saknews.net\\\/ku\\\/?p=2085#breadcrumb\",\"itemListElement\":[{\"@type\":\"ListItem\",\"position\":1,\"name\":\"\u0627\u0644\u0631\u0626\u064a\u0633\u064a\u0629\",\"item\":\"https:\\\/\\\/saknews.net\\\/ku\\\/\"},{\"@type\":\"ListItem\",\"position\":2,\"name\":\"N\u00fb\u00e7e\",\"item\":\"https:\\\/\\\/saknews.net\\\/ku\\\/?cat=49\"},{\"@type\":\"ListItem\",\"position\":3,\"name\":\"Daxuyan\u00ee\",\"item\":\"https:\\\/\\\/saknews.net\\\/ku\\\/?cat=34\"},{\"@type\":\"ListItem\",\"position\":4,\"name\":\"Ber\u00ea Kurdistana S\u00fbriy\u00ea rexne li Kom\u00eeteya Amadekar a Kongrey\u00ea Got\u00fbb\u00eaja Ni\u015ftiman\u00ee dike\"}]},{\"@type\":\"WebSite\",\"@id\":\"https:\\\/\\\/saknews.net\\\/ku\\\/#website\",\"url\":\"https:\\\/\\\/saknews.net\\\/ku\\\/\",\"name\":\"S\u0327epe\u0302la Azadi\u0302 ya Kurdistani\u0302\",\"description\":\"\u062a\u064a\u0627\u0631 \u0627\u0644\u062d\u0631\u064a\u0629 \u0627\u0644\u0643\u0648\u0631\u062f\u0633\u062a\u0627\u0646\u064a \u015eep\u00eala Azad\u00ee ya Kurdistan\u00ee\",\"publisher\":{\"@id\":\"https:\\\/\\\/saknews.net\\\/ku\\\/#organization\"},\"potentialAction\":[{\"@type\":\"SearchAction\",\"target\":{\"@type\":\"EntryPoint\",\"urlTemplate\":\"https:\\\/\\\/saknews.net\\\/ku\\\/?s={search_term_string}\"},\"query-input\":{\"@type\":\"PropertyValueSpecification\",\"valueRequired\":true,\"valueName\":\"search_term_string\"}}],\"inLanguage\":\"en-US\"},{\"@type\":\"Organization\",\"@id\":\"https:\\\/\\\/saknews.net\\\/ku\\\/#organization\",\"name\":\"\u015eep\u00eala Azadiy\u00ea ya Kurdistan\u00ea - \u062a\u064a\u0627\u0631 \u0627\u0644\u062d\u0631\u064a\u0629 \u0627\u0644\u0643\u0648\u0631\u062f\u0633\u062a\u0627\u0646\u064a\",\"url\":\"https:\\\/\\\/saknews.net\\\/ku\\\/\",\"logo\":{\"@type\":\"ImageObject\",\"inLanguage\":\"en-US\",\"@id\":\"https:\\\/\\\/saknews.net\\\/ku\\\/#\\\/schema\\\/logo\\\/image\\\/\",\"url\":\"https:\\\/\\\/i0.wp.com\\\/saknews.net\\\/ku\\\/wp-content\\\/uploads\\\/2024\\\/11\\\/cropped-logo-1.png?fit=512%2C512&ssl=1\",\"contentUrl\":\"https:\\\/\\\/i0.wp.com\\\/saknews.net\\\/ku\\\/wp-content\\\/uploads\\\/2024\\\/11\\\/cropped-logo-1.png?fit=512%2C512&ssl=1\",\"width\":512,\"height\":512,\"caption\":\"\u015eep\u00eala Azadiy\u00ea ya Kurdistan\u00ea - \u062a\u064a\u0627\u0631 \u0627\u0644\u062d\u0631\u064a\u0629 \u0627\u0644\u0643\u0648\u0631\u062f\u0633\u062a\u0627\u0646\u064a\"},\"image\":{\"@id\":\"https:\\\/\\\/saknews.net\\\/ku\\\/#\\\/schema\\\/logo\\\/image\\\/\"},\"sameAs\":[\"https:\\\/\\\/www.facebook.com\\\/Shepel.ewropa\"]},{\"@type\":\"Person\",\"@id\":\"https:\\\/\\\/saknews.net\\\/ku\\\/#\\\/schema\\\/person\\\/72ae32a4041a3817e015b63d8f409058\",\"name\":\"Horan Hem\",\"url\":\"https:\\\/\\\/saknews.net\\\/ku\\\/?author=8\"}]}<\/script>\n<!-- \/ Yoast SEO plugin. -->","yoast_head_json":{"title":"Ber\u00ea Kurdistana S\u00fbriy\u00ea rexne li Kom\u00eeteya Amadekar a Kongrey\u00ea Got\u00fbb\u00eaja Ni\u015ftiman\u00ee dike &#8226; \u015eAK","robots":{"index":"index","follow":"follow","max-snippet":"max-snippet:-1","max-image-preview":"max-image-preview:large","max-video-preview":"max-video-preview:-1"},"canonical":"https:\/\/saknews.net\/ku\/?p=2085","og_locale":"en_US","og_type":"article","og_title":"Ber\u00ea Kurdistana S\u00fbriy\u00ea rexne li Kom\u00eeteya Amadekar a Kongrey\u00ea Got\u00fbb\u00eaja Ni\u015ftiman\u00ee dike &#8226; \u015eAK","og_description":"Ber\u00ea Kurdistana S\u00fbriy\u00ea di derbar\u00ea p\u00eakan\u00eena kom\u00eeteya Amadekar a Kongrey\u00ea Got\u00fbb\u00eaja Ni\u015ftiman\u00ee ya S\u00fbr\u00ee de...","og_url":"https:\/\/saknews.net\/ku\/?p=2085","og_site_name":"\u015eAK","article_publisher":"https:\/\/www.facebook.com\/Shepel.ewropa","article_published_time":"2025-02-12T14:35:59+00:00","article_modified_time":"2025-02-12T14:39:41+00:00","og_image":[{"width":597,"height":574,"url":"https:\/\/saknews.net\/ku\/wp-content\/uploads\/2024\/12\/IMG-20241207-WA0028.jpg","type":"image\/jpeg"}],"author":"Horan Hem","twitter_card":"summary_large_image","twitter_misc":{"Written by":"Horan Hem","Est. reading time":"2 minutes"},"schema":{"@context":"https:\/\/schema.org","@graph":[{"@type":"Article","@id":"https:\/\/saknews.net\/ku\/?p=2085#article","isPartOf":{"@id":"https:\/\/saknews.net\/ku\/?p=2085"},"author":{"name":"Horan Hem","@id":"https:\/\/saknews.net\/ku\/#\/schema\/person\/72ae32a4041a3817e015b63d8f409058"},"headline":"Ber\u00ea Kurdistana S\u00fbriy\u00ea rexne li Kom\u00eeteya Amadekar a Kongrey\u00ea Got\u00fbb\u00eaja Ni\u015ftiman\u00ee dike","datePublished":"2025-02-12T14:35:59+00:00","dateModified":"2025-02-12T14:39:41+00:00","mainEntityOfPage":{"@id":"https:\/\/saknews.net\/ku\/?p=2085"},"wordCount":415,"publisher":{"@id":"https:\/\/saknews.net\/ku\/#organization"},"image":{"@id":"https:\/\/saknews.net\/ku\/?p=2085#primaryimage"},"thumbnailUrl":"https:\/\/i0.wp.com\/saknews.net\/ku\/wp-content\/uploads\/2024\/12\/IMG-20241207-WA0028.jpg?fit=597%2C574&ssl=1","articleSection":["Daxuyan\u00ee"],"inLanguage":"en-US"},{"@type":"WebPage","@id":"https:\/\/saknews.net\/ku\/?p=2085","url":"https:\/\/saknews.net\/ku\/?p=2085","name":"Ber\u00ea Kurdistana S\u00fbriy\u00ea rexne li Kom\u00eeteya Amadekar a Kongrey\u00ea Got\u00fbb\u00eaja Ni\u015ftiman\u00ee dike &#8226; \u015eAK","isPartOf":{"@id":"https:\/\/saknews.net\/ku\/#website"},"primaryImageOfPage":{"@id":"https:\/\/saknews.net\/ku\/?p=2085#primaryimage"},"image":{"@id":"https:\/\/saknews.net\/ku\/?p=2085#primaryimage"},"thumbnailUrl":"https:\/\/i0.wp.com\/saknews.net\/ku\/wp-content\/uploads\/2024\/12\/IMG-20241207-WA0028.jpg?fit=597%2C574&ssl=1","datePublished":"2025-02-12T14:35:59+00:00","dateModified":"2025-02-12T14:39:41+00:00","breadcrumb":{"@id":"https:\/\/saknews.net\/ku\/?p=2085#breadcrumb"},"inLanguage":"en-US","potentialAction":[{"@type":"ReadAction","target":["https:\/\/saknews.net\/ku\/?p=2085"]}]},{"@type":"ImageObject","inLanguage":"en-US","@id":"https:\/\/saknews.net\/ku\/?p=2085#primaryimage","url":"https:\/\/i0.wp.com\/saknews.net\/ku\/wp-content\/uploads\/2024\/12\/IMG-20241207-WA0028.jpg?fit=597%2C574&ssl=1","contentUrl":"https:\/\/i0.wp.com\/saknews.net\/ku\/wp-content\/uploads\/2024\/12\/IMG-20241207-WA0028.jpg?fit=597%2C574&ssl=1","width":597,"height":574},{"@type":"BreadcrumbList","@id":"https:\/\/saknews.net\/ku\/?p=2085#breadcrumb","itemListElement":[{"@type":"ListItem","position":1,"name":"\u0627\u0644\u0631\u0626\u064a\u0633\u064a\u0629","item":"https:\/\/saknews.net\/ku\/"},{"@type":"ListItem","position":2,"name":"N\u00fb\u00e7e","item":"https:\/\/saknews.net\/ku\/?cat=49"},{"@type":"ListItem","position":3,"name":"Daxuyan\u00ee","item":"https:\/\/saknews.net\/ku\/?cat=34"},{"@type":"ListItem","position":4,"name":"Ber\u00ea Kurdistana S\u00fbriy\u00ea rexne li Kom\u00eeteya Amadekar a Kongrey\u00ea Got\u00fbb\u00eaja Ni\u015ftiman\u00ee dike"}]},{"@type":"WebSite","@id":"https:\/\/saknews.net\/ku\/#website","url":"https:\/\/saknews.net\/ku\/","name":"S\u0327epe\u0302la Azadi\u0302 ya Kurdistani\u0302","description":"\u062a\u064a\u0627\u0631 \u0627\u0644\u062d\u0631\u064a\u0629 \u0627\u0644\u0643\u0648\u0631\u062f\u0633\u062a\u0627\u0646\u064a \u015eep\u00eala Azad\u00ee ya Kurdistan\u00ee","publisher":{"@id":"https:\/\/saknews.net\/ku\/#organization"},"potentialAction":[{"@type":"SearchAction","target":{"@type":"EntryPoint","urlTemplate":"https:\/\/saknews.net\/ku\/?s={search_term_string}"},"query-input":{"@type":"PropertyValueSpecification","valueRequired":true,"valueName":"search_term_string"}}],"inLanguage":"en-US"},{"@type":"Organization","@id":"https:\/\/saknews.net\/ku\/#organization","name":"\u015eep\u00eala Azadiy\u00ea ya Kurdistan\u00ea - \u062a\u064a\u0627\u0631 \u0627\u0644\u062d\u0631\u064a\u0629 \u0627\u0644\u0643\u0648\u0631\u062f\u0633\u062a\u0627\u0646\u064a","url":"https:\/\/saknews.net\/ku\/","logo":{"@type":"ImageObject","inLanguage":"en-US","@id":"https:\/\/saknews.net\/ku\/#\/schema\/logo\/image\/","url":"https:\/\/i0.wp.com\/saknews.net\/ku\/wp-content\/uploads\/2024\/11\/cropped-logo-1.png?fit=512%2C512&ssl=1","contentUrl":"https:\/\/i0.wp.com\/saknews.net\/ku\/wp-content\/uploads\/2024\/11\/cropped-logo-1.png?fit=512%2C512&ssl=1","width":512,"height":512,"caption":"\u015eep\u00eala Azadiy\u00ea ya Kurdistan\u00ea - \u062a\u064a\u0627\u0631 \u0627\u0644\u062d\u0631\u064a\u0629 \u0627\u0644\u0643\u0648\u0631\u062f\u0633\u062a\u0627\u0646\u064a"},"image":{"@id":"https:\/\/saknews.net\/ku\/#\/schema\/logo\/image\/"},"sameAs":["https:\/\/www.facebook.com\/Shepel.ewropa"]},{"@type":"Person","@id":"https:\/\/saknews.net\/ku\/#\/schema\/person\/72ae32a4041a3817e015b63d8f409058","name":"Horan Hem","url":"https:\/\/saknews.net\/ku\/?author=8"}]}},"featured_image_urls":{"full":["https:\/\/i0.wp.com\/saknews.net\/ku\/wp-content\/uploads\/2024\/12\/IMG-20241207-WA0028.jpg?fit=597%2C574&ssl=1",597,574,false],"thumbnail":["https:\/\/i0.wp.com\/saknews.net\/ku\/wp-content\/uploads\/2024\/12\/IMG-20241207-WA0028.jpg?resize=150%2C150&ssl=1",150,150,true],"medium":["https:\/\/i0.wp.com\/saknews.net\/ku\/wp-content\/uploads\/2024\/12\/IMG-20241207-WA0028.jpg?fit=300%2C288&ssl=1",300,288,true],"medium_large":["https:\/\/i0.wp.com\/saknews.net\/ku\/wp-content\/uploads\/2024\/12\/IMG-20241207-WA0028.jpg?fit=597%2C574&ssl=1",597,574,true],"large":["https:\/\/i0.wp.com\/saknews.net\/ku\/wp-content\/uploads\/2024\/12\/IMG-20241207-WA0028.jpg?fit=597%2C574&ssl=1",597,574,true],"1536x1536":["https:\/\/i0.wp.com\/saknews.net\/ku\/wp-content\/uploads\/2024\/12\/IMG-20241207-WA0028.jpg?fit=597%2C574&ssl=1",597,574,true],"2048x2048":["https:\/\/i0.wp.com\/saknews.net\/ku\/wp-content\/uploads\/2024\/12\/IMG-20241207-WA0028.jpg?fit=597%2C574&ssl=1",597,574,true],"covernews-featured":["https:\/\/i0.wp.com\/saknews.net\/ku\/wp-content\/uploads\/2024\/12\/IMG-20241207-WA0028.jpg?fit=597%2C574&ssl=1",597,574,true],"covernews-medium":["https:\/\/i0.wp.com\/saknews.net\/ku\/wp-content\/uploads\/2024\/12\/IMG-20241207-WA0028.jpg?resize=540%2C340&ssl=1",540,340,true]},"author_info":{"display_name":"Horan Hem","author_link":"https:\/\/saknews.net\/ku\/?author=8"},"category_info":"<a href=\"https:\/\/saknews.net\/ku\/?cat=34\" rel=\"category\">Daxuyan\u00ee<\/a>","tag_info":"Daxuyan\u00ee","comment_count":"0","_links":{"self":[{"href":"https:\/\/saknews.net\/ku\/index.php?rest_route=\/wp\/v2\/posts\/2085","targetHints":{"allow":["GET"]}}],"collection":[{"href":"https:\/\/saknews.net\/ku\/index.php?rest_route=\/wp\/v2\/posts"}],"about":[{"href":"https:\/\/saknews.net\/ku\/index.php?rest_route=\/wp\/v2\/types\/post"}],"author":[{"embeddable":true,"href":"https:\/\/saknews.net\/ku\/index.php?rest_route=\/wp\/v2\/users\/8"}],"replies":[{"embeddable":true,"href":"https:\/\/saknews.net\/ku\/index.php?rest_route=%2Fwp%2Fv2%2Fcomments&post=2085"}],"version-history":[{"count":3,"href":"https:\/\/saknews.net\/ku\/index.php?rest_route=\/wp\/v2\/posts\/2085\/revisions"}],"predecessor-version":[{"id":2088,"href":"https:\/\/saknews.net\/ku\/index.php?rest_route=\/wp\/v2\/posts\/2085\/revisions\/2088"}],"wp:featuredmedia":[{"embeddable":true,"href":"https:\/\/saknews.net\/ku\/index.php?rest_route=\/wp\/v2\/media\/1905"}],"wp:attachment":[{"href":"https:\/\/saknews.net\/ku\/index.php?rest_route=%2Fwp%2Fv2%2Fmedia&parent=2085"}],"wp:term":[{"taxonomy":"category","embeddable":true,"href":"https:\/\/saknews.net\/ku\/index.php?rest_route=%2Fwp%2Fv2%2Fcategories&post=2085"},{"taxonomy":"post_tag","embeddable":true,"href":"https:\/\/saknews.net\/ku\/index.php?rest_route=%2Fwp%2Fv2%2Ftags&post=2085"}],"curies":[{"name":"wp","href":"https:\/\/api.w.org\/{rel}","templated":true}]}}