{"id":2089,"date":"2025-02-18T13:10:34","date_gmt":"2025-02-18T13:10:34","guid":{"rendered":"https:\/\/saknews.net\/ku\/?p=2089"},"modified":"2025-02-18T14:55:14","modified_gmt":"2025-02-18T14:55:14","slug":"bere-kurdistana-suriye-lihevhatina-seali-ya-qsd-msd-u-reveberiya-pyd-weke-destberdana-ji-mafen-rewa-yen-gele-kurd-bi-nav-dike","status":"publish","type":"post","link":"https:\/\/saknews.net\/ku\/?p=2089","title":{"rendered":"Ber\u00ea Kurdistana S\u00fbriy\u00ea lihevhatina s\u00eaal\u00ee ya QSD, MSD \u00fb r\u00eaveberiya PYD weke destberdana ji maf\u00ean rewa y\u00ean gel\u00ea kurd bi nav dike"},"content":{"rendered":"<p>Ber\u00ea Kurdistana S\u00fbriy\u00ea daxuyaniyek di derbar\u00ea lihevhatina s\u00eaal\u00ee ya QSD, MSD \u00fb r\u00eaveberiya PYD de belav \u00fb ew lihevkirin weke destberdana ji maf\u00ean rewa y\u00ean gel\u00ea kurd li S\u00fbriy\u00ea ni nav kir. Deqeya daxuyaniy\u00ea:<\/p>\n<p><strong>Daxuyan\u00ee derbar\u00ea lihevkirina HSD, MSD \u00fb r\u00eaveberiya PYD<\/strong><\/p>\n<p>Ber\u00ea Kurdistana S\u00fbriy\u00ea ji ber lihevkirina H\u00eaza S\u00fbriya Demokrat(HSD), Enc\u00fbmena S\u00fbriya Demokrat(MSD) \u00fb r\u00eaveberiya PYD bi fikar e \u00fb dib\u00eene, ku ew ji maf\u00ean netew\u00ee y\u00ean gel\u00ea kurd hatine xwar. Beriya niha j\u00ee me weke Ber\u00ea Kurdistana S\u00fbriy\u00ea rexne li konferansa MSD ya li Bruksel\u00ea di Oktobra 2024an de lidar xistib\u00fb, kirib\u00fb, ku bi temam\u00ee doza kurd pi\u015ftguh kirib\u00fb. \u00cero j\u00ee heman ti\u015ft pi\u015ftrast dike ku ew ji ber daxwaz\u00ean bingeh\u00een \u00ean gel\u00ea kurd t\u00eane xwar, ten\u00ea ji bo lihevkirin\u00ean ku dikevin berjewendiy\u00ean ne kurd.<br \/>\nDihate xwestin ber\u00ee her r\u00eakeftinek\u00ea bi aliyeke din re, p\u00ea\u015f\u00ee lihevkirineke kurd\u00ee-kurd\u00ee di derbar\u00ea daxwaz\u00ean gel\u00ea Kurd de \u00e7\u00eabiba, pi\u015ft re bi p\u00eakhatey\u00ean din \u00ean Kurdistana S\u00fbriy\u00ea \u00fb bi hukimeta demk\u00ee re li \u015eam\u00ea lihevkirin hatiba kirin. Ti\u015ft\u00ea b\u00fbye tekez dike, ku ti car\u00ee got\u00fbb\u00eaja kurd\u00ee-kurd\u00ee ne xwestekeke cid\u00ee b\u00fb ji wan aliyan re, \u00e7i MSD, \u00e7i HSD \u00fb \u00e7i j\u00ee ENKS, ji ber her aliyek bi tena ser\u00ea xwe \u00fb b\u00ea hevkar\u00ee bi aliy\u00ean kurd \u00ean din re dixebite. \u00cad\u00ee ti wateya heb\u00fbna lihevkirineke kurd\u00ee-kurd\u00ee di p\u00ea\u015feroj\u00ea de nam\u00eene, heya \u00e7\u00eakirina \u015fandeke hevbe\u015f ji bo dan\u00fbstandin\u00ean hundir \u00fb derve.<br \/>\nHelwesteke me ya neguh\u00ear di derbar\u00ea lixwegirtina pirens\u00eep\u00ean bingeh\u00een ji bo \u00e7areseriya siyas\u00ee ya p\u00ea\u015feroj\u00ea heye, ew j\u00ee ev xal in:<br \/>\n1- S\u00eestema federal\u00ee weke bingeha hukm\u00ea li S\u00fbriy\u00ea, ku desthilat \u00fb dahat\u00ean wel\u00eat dadperwerane b\u00eane belavkirin.<br \/>\n2- \u00c7espandina heb\u00fbna Her\u00eama Kurdistana S\u00fbriy\u00ea ya yekgirt\u00ee, herwiha jin\u00fbve \u00e7\u00eakirina nex\u015feya w\u00ea ya r\u00eaveber\u00ee li gor\u00ee rew\u015fa demograf\u00ee.<br \/>\n3- Danp\u00eadana dest\u00fbr\u00ee bi gel\u00ea kurd wek neteweke sereke li S\u00fbriy\u00ea li rex netewa ereb\u00ee, herwiha danp\u00eadana bi kurd\u00ee weke ziman\u00ea ferm\u00ee li rex ereb\u00ee li tevahiya S\u00fbriy\u00ea.<br \/>\n4- Nehi\u015ftina siyaset\u00ean erebkirin\u00ea, rakirina encam\u00ean kembera ereb\u00ee \u00fb tevahiya yasay\u00ean awarte \u00fb wergerandina maf\u00ean xelk\u00ea derbider.<br \/>\n5- Vegerandina regeznamey\u00ea ji kurd\u00ean j\u00ea b\u00eapar b\u00fbne re \u00fb \u00e7areserkirina pirsa kes\u00ean b\u00ea qeyd.<br \/>\nEm bang li tevahiya h\u00eaz\u00ean ni\u015ftiman\u00ee y\u00ean kurd dikin helwesteke yekgirt\u00ee ji bo maf\u00ean me y\u00ean netew\u00ee bigirin, ku ti al\u00ee j\u00ea ney\u00ea xwar. Herwiha em dib\u00eajin her r\u00eakeftinek behsa misogerkirina maf\u00ean kurdan di dest\u00fbra S\u00fbriy\u00ea de neke, destberdana ji pirens\u00eep\u00ean bingeh\u00een e ji bo berjewendiy\u00ean kesayet\u00ee \u00fb part\u00eet\u00ee y\u00ean teng.<\/p>\n<p>Ber\u00ea Kurdistana S\u00fbriy\u00ea<br \/>\n18.02.2025<\/p>\n","protected":false},"excerpt":{"rendered":"<p>Ber\u00ea Kurdistana S\u00fbriy\u00ea daxuyaniyek di derbar\u00ea lihevhatina s\u00eaal\u00ee ya QSD, MSD \u00fb r\u00eaveberiya PYD de&#8230;<\/p>\n","protected":false},"author":8,"featured_media":2090,"comment_status":"closed","ping_status":"closed","sticky":false,"template":"","format":"standard","meta":{"footnotes":""},"categories":[34],"tags":[],"class_list":["post-2089","post","type-post","status-publish","format-standard","has-post-thumbnail","hentry","category-daxuyani"],"yoast_head":"<!-- This site is optimized with the Yoast SEO plugin v27.5 - https:\/\/yoast.com\/product\/yoast-seo-wordpress\/ -->\n<title>Ber\u00ea Kurdistana S\u00fbriy\u00ea lihevhatina s\u00eaal\u00ee ya QSD, MSD \u00fb r\u00eaveberiya PYD weke destberdana ji maf\u00ean rewa y\u00ean gel\u00ea kurd bi nav dike &#8226; \u015eAK<\/title>\n<meta name=\"robots\" content=\"index, follow, max-snippet:-1, max-image-preview:large, max-video-preview:-1\" \/>\n<link rel=\"canonical\" href=\"https:\/\/saknews.net\/ku\/?p=2089\" \/>\n<meta property=\"og:locale\" content=\"en_US\" \/>\n<meta property=\"og:type\" content=\"article\" \/>\n<meta property=\"og:title\" content=\"Ber\u00ea Kurdistana S\u00fbriy\u00ea lihevhatina s\u00eaal\u00ee ya QSD, MSD \u00fb r\u00eaveberiya PYD weke destberdana ji maf\u00ean rewa y\u00ean gel\u00ea kurd bi nav dike &#8226; \u015eAK\" \/>\n<meta property=\"og:description\" content=\"Ber\u00ea Kurdistana S\u00fbriy\u00ea daxuyaniyek di derbar\u00ea lihevhatina s\u00eaal\u00ee ya QSD, MSD \u00fb r\u00eaveberiya PYD de...\" \/>\n<meta property=\"og:url\" content=\"https:\/\/saknews.net\/ku\/?p=2089\" \/>\n<meta property=\"og:site_name\" content=\"\u015eAK\" \/>\n<meta property=\"article:publisher\" content=\"https:\/\/www.facebook.com\/Shepel.ewropa\" \/>\n<meta property=\"article:published_time\" content=\"2025-02-18T13:10:34+00:00\" \/>\n<meta property=\"article:modified_time\" content=\"2025-02-18T14:55:14+00:00\" \/>\n<meta property=\"og:image\" content=\"https:\/\/saknews.net\/ku\/wp-content\/uploads\/2025\/02\/20250218_131245.jpg\" \/>\n\t<meta property=\"og:image:width\" content=\"1280\" \/>\n\t<meta property=\"og:image:height\" content=\"854\" \/>\n\t<meta property=\"og:image:type\" content=\"image\/jpeg\" \/>\n<meta name=\"author\" content=\"Horan Hem\" \/>\n<meta name=\"twitter:card\" content=\"summary_large_image\" \/>\n<meta name=\"twitter:label1\" content=\"Written by\" \/>\n\t<meta name=\"twitter:data1\" content=\"Horan Hem\" \/>\n\t<meta name=\"twitter:label2\" content=\"Est. reading time\" \/>\n\t<meta name=\"twitter:data2\" content=\"2 minutes\" \/>\n<script type=\"application\/ld+json\" class=\"yoast-schema-graph\">{\"@context\":\"https:\\\/\\\/schema.org\",\"@graph\":[{\"@type\":\"Article\",\"@id\":\"https:\\\/\\\/saknews.net\\\/ku\\\/?p=2089#article\",\"isPartOf\":{\"@id\":\"https:\\\/\\\/saknews.net\\\/ku\\\/?p=2089\"},\"author\":{\"name\":\"Horan Hem\",\"@id\":\"https:\\\/\\\/saknews.net\\\/ku\\\/#\\\/schema\\\/person\\\/72ae32a4041a3817e015b63d8f409058\"},\"headline\":\"Ber\u00ea Kurdistana S\u00fbriy\u00ea lihevhatina s\u00eaal\u00ee ya QSD, MSD \u00fb r\u00eaveberiya PYD weke destberdana ji maf\u00ean rewa y\u00ean gel\u00ea kurd bi nav dike\",\"datePublished\":\"2025-02-18T13:10:34+00:00\",\"dateModified\":\"2025-02-18T14:55:14+00:00\",\"mainEntityOfPage\":{\"@id\":\"https:\\\/\\\/saknews.net\\\/ku\\\/?p=2089\"},\"wordCount\":504,\"publisher\":{\"@id\":\"https:\\\/\\\/saknews.net\\\/ku\\\/#organization\"},\"image\":{\"@id\":\"https:\\\/\\\/saknews.net\\\/ku\\\/?p=2089#primaryimage\"},\"thumbnailUrl\":\"https:\\\/\\\/i0.wp.com\\\/saknews.net\\\/ku\\\/wp-content\\\/uploads\\\/2025\\\/02\\\/20250218_131245.jpg?fit=1280%2C854&ssl=1\",\"articleSection\":[\"Daxuyan\u00ee\"],\"inLanguage\":\"en-US\"},{\"@type\":\"WebPage\",\"@id\":\"https:\\\/\\\/saknews.net\\\/ku\\\/?p=2089\",\"url\":\"https:\\\/\\\/saknews.net\\\/ku\\\/?p=2089\",\"name\":\"Ber\u00ea Kurdistana S\u00fbriy\u00ea lihevhatina s\u00eaal\u00ee ya QSD, MSD \u00fb r\u00eaveberiya PYD weke destberdana ji maf\u00ean rewa y\u00ean gel\u00ea kurd bi nav dike &#8226; \u015eAK\",\"isPartOf\":{\"@id\":\"https:\\\/\\\/saknews.net\\\/ku\\\/#website\"},\"primaryImageOfPage\":{\"@id\":\"https:\\\/\\\/saknews.net\\\/ku\\\/?p=2089#primaryimage\"},\"image\":{\"@id\":\"https:\\\/\\\/saknews.net\\\/ku\\\/?p=2089#primaryimage\"},\"thumbnailUrl\":\"https:\\\/\\\/i0.wp.com\\\/saknews.net\\\/ku\\\/wp-content\\\/uploads\\\/2025\\\/02\\\/20250218_131245.jpg?fit=1280%2C854&ssl=1\",\"datePublished\":\"2025-02-18T13:10:34+00:00\",\"dateModified\":\"2025-02-18T14:55:14+00:00\",\"breadcrumb\":{\"@id\":\"https:\\\/\\\/saknews.net\\\/ku\\\/?p=2089#breadcrumb\"},\"inLanguage\":\"en-US\",\"potentialAction\":[{\"@type\":\"ReadAction\",\"target\":[\"https:\\\/\\\/saknews.net\\\/ku\\\/?p=2089\"]}]},{\"@type\":\"ImageObject\",\"inLanguage\":\"en-US\",\"@id\":\"https:\\\/\\\/saknews.net\\\/ku\\\/?p=2089#primaryimage\",\"url\":\"https:\\\/\\\/i0.wp.com\\\/saknews.net\\\/ku\\\/wp-content\\\/uploads\\\/2025\\\/02\\\/20250218_131245.jpg?fit=1280%2C854&ssl=1\",\"contentUrl\":\"https:\\\/\\\/i0.wp.com\\\/saknews.net\\\/ku\\\/wp-content\\\/uploads\\\/2025\\\/02\\\/20250218_131245.jpg?fit=1280%2C854&ssl=1\",\"width\":1280,\"height\":854},{\"@type\":\"BreadcrumbList\",\"@id\":\"https:\\\/\\\/saknews.net\\\/ku\\\/?p=2089#breadcrumb\",\"itemListElement\":[{\"@type\":\"ListItem\",\"position\":1,\"name\":\"\u0627\u0644\u0631\u0626\u064a\u0633\u064a\u0629\",\"item\":\"https:\\\/\\\/saknews.net\\\/ku\\\/\"},{\"@type\":\"ListItem\",\"position\":2,\"name\":\"N\u00fb\u00e7e\",\"item\":\"https:\\\/\\\/saknews.net\\\/ku\\\/?cat=49\"},{\"@type\":\"ListItem\",\"position\":3,\"name\":\"Daxuyan\u00ee\",\"item\":\"https:\\\/\\\/saknews.net\\\/ku\\\/?cat=34\"},{\"@type\":\"ListItem\",\"position\":4,\"name\":\"Ber\u00ea Kurdistana S\u00fbriy\u00ea lihevhatina s\u00eaal\u00ee ya QSD, MSD \u00fb r\u00eaveberiya PYD weke destberdana ji maf\u00ean rewa y\u00ean gel\u00ea kurd bi nav dike\"}]},{\"@type\":\"WebSite\",\"@id\":\"https:\\\/\\\/saknews.net\\\/ku\\\/#website\",\"url\":\"https:\\\/\\\/saknews.net\\\/ku\\\/\",\"name\":\"S\u0327epe\u0302la Azadi\u0302 ya Kurdistani\u0302\",\"description\":\"\u062a\u064a\u0627\u0631 \u0627\u0644\u062d\u0631\u064a\u0629 \u0627\u0644\u0643\u0648\u0631\u062f\u0633\u062a\u0627\u0646\u064a \u015eep\u00eala Azad\u00ee ya Kurdistan\u00ee\",\"publisher\":{\"@id\":\"https:\\\/\\\/saknews.net\\\/ku\\\/#organization\"},\"potentialAction\":[{\"@type\":\"SearchAction\",\"target\":{\"@type\":\"EntryPoint\",\"urlTemplate\":\"https:\\\/\\\/saknews.net\\\/ku\\\/?s={search_term_string}\"},\"query-input\":{\"@type\":\"PropertyValueSpecification\",\"valueRequired\":true,\"valueName\":\"search_term_string\"}}],\"inLanguage\":\"en-US\"},{\"@type\":\"Organization\",\"@id\":\"https:\\\/\\\/saknews.net\\\/ku\\\/#organization\",\"name\":\"\u015eep\u00eala Azadiy\u00ea ya Kurdistan\u00ea - \u062a\u064a\u0627\u0631 \u0627\u0644\u062d\u0631\u064a\u0629 \u0627\u0644\u0643\u0648\u0631\u062f\u0633\u062a\u0627\u0646\u064a\",\"url\":\"https:\\\/\\\/saknews.net\\\/ku\\\/\",\"logo\":{\"@type\":\"ImageObject\",\"inLanguage\":\"en-US\",\"@id\":\"https:\\\/\\\/saknews.net\\\/ku\\\/#\\\/schema\\\/logo\\\/image\\\/\",\"url\":\"https:\\\/\\\/i0.wp.com\\\/saknews.net\\\/ku\\\/wp-content\\\/uploads\\\/2024\\\/11\\\/cropped-logo-1.png?fit=512%2C512&ssl=1\",\"contentUrl\":\"https:\\\/\\\/i0.wp.com\\\/saknews.net\\\/ku\\\/wp-content\\\/uploads\\\/2024\\\/11\\\/cropped-logo-1.png?fit=512%2C512&ssl=1\",\"width\":512,\"height\":512,\"caption\":\"\u015eep\u00eala Azadiy\u00ea ya Kurdistan\u00ea - \u062a\u064a\u0627\u0631 \u0627\u0644\u062d\u0631\u064a\u0629 \u0627\u0644\u0643\u0648\u0631\u062f\u0633\u062a\u0627\u0646\u064a\"},\"image\":{\"@id\":\"https:\\\/\\\/saknews.net\\\/ku\\\/#\\\/schema\\\/logo\\\/image\\\/\"},\"sameAs\":[\"https:\\\/\\\/www.facebook.com\\\/Shepel.ewropa\"]},{\"@type\":\"Person\",\"@id\":\"https:\\\/\\\/saknews.net\\\/ku\\\/#\\\/schema\\\/person\\\/72ae32a4041a3817e015b63d8f409058\",\"name\":\"Horan Hem\",\"url\":\"https:\\\/\\\/saknews.net\\\/ku\\\/?author=8\"}]}<\/script>\n<!-- \/ Yoast SEO plugin. -->","yoast_head_json":{"title":"Ber\u00ea Kurdistana S\u00fbriy\u00ea lihevhatina s\u00eaal\u00ee ya QSD, MSD \u00fb r\u00eaveberiya PYD weke destberdana ji maf\u00ean rewa y\u00ean gel\u00ea kurd bi nav dike &#8226; \u015eAK","robots":{"index":"index","follow":"follow","max-snippet":"max-snippet:-1","max-image-preview":"max-image-preview:large","max-video-preview":"max-video-preview:-1"},"canonical":"https:\/\/saknews.net\/ku\/?p=2089","og_locale":"en_US","og_type":"article","og_title":"Ber\u00ea Kurdistana S\u00fbriy\u00ea lihevhatina s\u00eaal\u00ee ya QSD, MSD \u00fb r\u00eaveberiya PYD weke destberdana ji maf\u00ean rewa y\u00ean gel\u00ea kurd bi nav dike &#8226; \u015eAK","og_description":"Ber\u00ea Kurdistana S\u00fbriy\u00ea daxuyaniyek di derbar\u00ea lihevhatina s\u00eaal\u00ee ya QSD, MSD \u00fb r\u00eaveberiya PYD de...","og_url":"https:\/\/saknews.net\/ku\/?p=2089","og_site_name":"\u015eAK","article_publisher":"https:\/\/www.facebook.com\/Shepel.ewropa","article_published_time":"2025-02-18T13:10:34+00:00","article_modified_time":"2025-02-18T14:55:14+00:00","og_image":[{"width":1280,"height":854,"url":"https:\/\/saknews.net\/ku\/wp-content\/uploads\/2025\/02\/20250218_131245.jpg","type":"image\/jpeg"}],"author":"Horan Hem","twitter_card":"summary_large_image","twitter_misc":{"Written by":"Horan Hem","Est. reading time":"2 minutes"},"schema":{"@context":"https:\/\/schema.org","@graph":[{"@type":"Article","@id":"https:\/\/saknews.net\/ku\/?p=2089#article","isPartOf":{"@id":"https:\/\/saknews.net\/ku\/?p=2089"},"author":{"name":"Horan Hem","@id":"https:\/\/saknews.net\/ku\/#\/schema\/person\/72ae32a4041a3817e015b63d8f409058"},"headline":"Ber\u00ea Kurdistana S\u00fbriy\u00ea lihevhatina s\u00eaal\u00ee ya QSD, MSD \u00fb r\u00eaveberiya PYD weke destberdana ji maf\u00ean rewa y\u00ean gel\u00ea kurd bi nav dike","datePublished":"2025-02-18T13:10:34+00:00","dateModified":"2025-02-18T14:55:14+00:00","mainEntityOfPage":{"@id":"https:\/\/saknews.net\/ku\/?p=2089"},"wordCount":504,"publisher":{"@id":"https:\/\/saknews.net\/ku\/#organization"},"image":{"@id":"https:\/\/saknews.net\/ku\/?p=2089#primaryimage"},"thumbnailUrl":"https:\/\/i0.wp.com\/saknews.net\/ku\/wp-content\/uploads\/2025\/02\/20250218_131245.jpg?fit=1280%2C854&ssl=1","articleSection":["Daxuyan\u00ee"],"inLanguage":"en-US"},{"@type":"WebPage","@id":"https:\/\/saknews.net\/ku\/?p=2089","url":"https:\/\/saknews.net\/ku\/?p=2089","name":"Ber\u00ea Kurdistana S\u00fbriy\u00ea lihevhatina s\u00eaal\u00ee ya QSD, MSD \u00fb r\u00eaveberiya PYD weke destberdana ji maf\u00ean rewa y\u00ean gel\u00ea kurd bi nav dike &#8226; \u015eAK","isPartOf":{"@id":"https:\/\/saknews.net\/ku\/#website"},"primaryImageOfPage":{"@id":"https:\/\/saknews.net\/ku\/?p=2089#primaryimage"},"image":{"@id":"https:\/\/saknews.net\/ku\/?p=2089#primaryimage"},"thumbnailUrl":"https:\/\/i0.wp.com\/saknews.net\/ku\/wp-content\/uploads\/2025\/02\/20250218_131245.jpg?fit=1280%2C854&ssl=1","datePublished":"2025-02-18T13:10:34+00:00","dateModified":"2025-02-18T14:55:14+00:00","breadcrumb":{"@id":"https:\/\/saknews.net\/ku\/?p=2089#breadcrumb"},"inLanguage":"en-US","potentialAction":[{"@type":"ReadAction","target":["https:\/\/saknews.net\/ku\/?p=2089"]}]},{"@type":"ImageObject","inLanguage":"en-US","@id":"https:\/\/saknews.net\/ku\/?p=2089#primaryimage","url":"https:\/\/i0.wp.com\/saknews.net\/ku\/wp-content\/uploads\/2025\/02\/20250218_131245.jpg?fit=1280%2C854&ssl=1","contentUrl":"https:\/\/i0.wp.com\/saknews.net\/ku\/wp-content\/uploads\/2025\/02\/20250218_131245.jpg?fit=1280%2C854&ssl=1","width":1280,"height":854},{"@type":"BreadcrumbList","@id":"https:\/\/saknews.net\/ku\/?p=2089#breadcrumb","itemListElement":[{"@type":"ListItem","position":1,"name":"\u0627\u0644\u0631\u0626\u064a\u0633\u064a\u0629","item":"https:\/\/saknews.net\/ku\/"},{"@type":"ListItem","position":2,"name":"N\u00fb\u00e7e","item":"https:\/\/saknews.net\/ku\/?cat=49"},{"@type":"ListItem","position":3,"name":"Daxuyan\u00ee","item":"https:\/\/saknews.net\/ku\/?cat=34"},{"@type":"ListItem","position":4,"name":"Ber\u00ea Kurdistana S\u00fbriy\u00ea lihevhatina s\u00eaal\u00ee ya QSD, MSD \u00fb r\u00eaveberiya PYD weke destberdana ji maf\u00ean rewa y\u00ean gel\u00ea kurd bi nav dike"}]},{"@type":"WebSite","@id":"https:\/\/saknews.net\/ku\/#website","url":"https:\/\/saknews.net\/ku\/","name":"S\u0327epe\u0302la Azadi\u0302 ya Kurdistani\u0302","description":"\u062a\u064a\u0627\u0631 \u0627\u0644\u062d\u0631\u064a\u0629 \u0627\u0644\u0643\u0648\u0631\u062f\u0633\u062a\u0627\u0646\u064a \u015eep\u00eala Azad\u00ee ya Kurdistan\u00ee","publisher":{"@id":"https:\/\/saknews.net\/ku\/#organization"},"potentialAction":[{"@type":"SearchAction","target":{"@type":"EntryPoint","urlTemplate":"https:\/\/saknews.net\/ku\/?s={search_term_string}"},"query-input":{"@type":"PropertyValueSpecification","valueRequired":true,"valueName":"search_term_string"}}],"inLanguage":"en-US"},{"@type":"Organization","@id":"https:\/\/saknews.net\/ku\/#organization","name":"\u015eep\u00eala Azadiy\u00ea ya Kurdistan\u00ea - \u062a\u064a\u0627\u0631 \u0627\u0644\u062d\u0631\u064a\u0629 \u0627\u0644\u0643\u0648\u0631\u062f\u0633\u062a\u0627\u0646\u064a","url":"https:\/\/saknews.net\/ku\/","logo":{"@type":"ImageObject","inLanguage":"en-US","@id":"https:\/\/saknews.net\/ku\/#\/schema\/logo\/image\/","url":"https:\/\/i0.wp.com\/saknews.net\/ku\/wp-content\/uploads\/2024\/11\/cropped-logo-1.png?fit=512%2C512&ssl=1","contentUrl":"https:\/\/i0.wp.com\/saknews.net\/ku\/wp-content\/uploads\/2024\/11\/cropped-logo-1.png?fit=512%2C512&ssl=1","width":512,"height":512,"caption":"\u015eep\u00eala Azadiy\u00ea ya Kurdistan\u00ea - \u062a\u064a\u0627\u0631 \u0627\u0644\u062d\u0631\u064a\u0629 \u0627\u0644\u0643\u0648\u0631\u062f\u0633\u062a\u0627\u0646\u064a"},"image":{"@id":"https:\/\/saknews.net\/ku\/#\/schema\/logo\/image\/"},"sameAs":["https:\/\/www.facebook.com\/Shepel.ewropa"]},{"@type":"Person","@id":"https:\/\/saknews.net\/ku\/#\/schema\/person\/72ae32a4041a3817e015b63d8f409058","name":"Horan Hem","url":"https:\/\/saknews.net\/ku\/?author=8"}]}},"featured_image_urls":{"full":["https:\/\/i0.wp.com\/saknews.net\/ku\/wp-content\/uploads\/2025\/02\/20250218_131245.jpg?fit=1280%2C854&ssl=1",1280,854,false],"thumbnail":["https:\/\/i0.wp.com\/saknews.net\/ku\/wp-content\/uploads\/2025\/02\/20250218_131245.jpg?resize=150%2C150&ssl=1",150,150,true],"medium":["https:\/\/i0.wp.com\/saknews.net\/ku\/wp-content\/uploads\/2025\/02\/20250218_131245.jpg?fit=300%2C200&ssl=1",300,200,true],"medium_large":["https:\/\/i0.wp.com\/saknews.net\/ku\/wp-content\/uploads\/2025\/02\/20250218_131245.jpg?fit=640%2C427&ssl=1",640,427,true],"large":["https:\/\/i0.wp.com\/saknews.net\/ku\/wp-content\/uploads\/2025\/02\/20250218_131245.jpg?fit=640%2C427&ssl=1",640,427,true],"1536x1536":["https:\/\/i0.wp.com\/saknews.net\/ku\/wp-content\/uploads\/2025\/02\/20250218_131245.jpg?fit=1280%2C854&ssl=1",1280,854,true],"2048x2048":["https:\/\/i0.wp.com\/saknews.net\/ku\/wp-content\/uploads\/2025\/02\/20250218_131245.jpg?fit=1280%2C854&ssl=1",1280,854,true],"covernews-featured":["https:\/\/i0.wp.com\/saknews.net\/ku\/wp-content\/uploads\/2025\/02\/20250218_131245.jpg?fit=1024%2C683&ssl=1",1024,683,true],"covernews-medium":["https:\/\/i0.wp.com\/saknews.net\/ku\/wp-content\/uploads\/2025\/02\/20250218_131245.jpg?resize=540%2C340&ssl=1",540,340,true]},"author_info":{"display_name":"Horan Hem","author_link":"https:\/\/saknews.net\/ku\/?author=8"},"category_info":"<a href=\"https:\/\/saknews.net\/ku\/?cat=34\" rel=\"category\">Daxuyan\u00ee<\/a>","tag_info":"Daxuyan\u00ee","comment_count":"0","_links":{"self":[{"href":"https:\/\/saknews.net\/ku\/index.php?rest_route=\/wp\/v2\/posts\/2089","targetHints":{"allow":["GET"]}}],"collection":[{"href":"https:\/\/saknews.net\/ku\/index.php?rest_route=\/wp\/v2\/posts"}],"about":[{"href":"https:\/\/saknews.net\/ku\/index.php?rest_route=\/wp\/v2\/types\/post"}],"author":[{"embeddable":true,"href":"https:\/\/saknews.net\/ku\/index.php?rest_route=\/wp\/v2\/users\/8"}],"replies":[{"embeddable":true,"href":"https:\/\/saknews.net\/ku\/index.php?rest_route=%2Fwp%2Fv2%2Fcomments&post=2089"}],"version-history":[{"count":2,"href":"https:\/\/saknews.net\/ku\/index.php?rest_route=\/wp\/v2\/posts\/2089\/revisions"}],"predecessor-version":[{"id":2092,"href":"https:\/\/saknews.net\/ku\/index.php?rest_route=\/wp\/v2\/posts\/2089\/revisions\/2092"}],"wp:featuredmedia":[{"embeddable":true,"href":"https:\/\/saknews.net\/ku\/index.php?rest_route=\/wp\/v2\/media\/2090"}],"wp:attachment":[{"href":"https:\/\/saknews.net\/ku\/index.php?rest_route=%2Fwp%2Fv2%2Fmedia&parent=2089"}],"wp:term":[{"taxonomy":"category","embeddable":true,"href":"https:\/\/saknews.net\/ku\/index.php?rest_route=%2Fwp%2Fv2%2Fcategories&post=2089"},{"taxonomy":"post_tag","embeddable":true,"href":"https:\/\/saknews.net\/ku\/index.php?rest_route=%2Fwp%2Fv2%2Ftags&post=2089"}],"curies":[{"name":"wp","href":"https:\/\/api.w.org\/{rel}","templated":true}]}}