{"id":2093,"date":"2025-02-20T12:36:44","date_gmt":"2025-02-20T12:36:44","guid":{"rendered":"https:\/\/saknews.net\/ku\/?p=2093"},"modified":"2025-02-20T12:44:25","modified_gmt":"2025-02-20T12:44:25","slug":"2093","status":"publish","type":"post","link":"https:\/\/saknews.net\/ku\/?p=2093","title":{"rendered":"Ber\u00ea Kurdistana S\u00fbriy\u00ea hewl\u00ean d\u00fbrxistina tevgera kurd ji piroseya siyas\u00ee red dike"},"content":{"rendered":"<p>Ber\u00ea Kurdistana S\u00fbriy\u00ea di derbar\u00ea hewl\u00ean d\u00fbrxistina tevgera kurd ji piroseya siyas\u00ee li S\u00fbriy\u00ea daxuyaniyek belav kir \u00fb t\u00eade ew yek red kir \u00fb got her biryara berjewendiya gel\u00ea kurd li ber \u00e7avan negire, qeb\u00fbl nakin. Herwiha Ber\u00ea Kurdistana S\u00fbriy\u00ea helwest\u00ean ENKS \u00fb PYD\u00ea red kir \u00fb got herdu al\u00ee weke r\u00eaveber\u00eeya n\u00fb li \u015eam\u00ea, aliy\u00ean din ji got\u00fbb\u00eaja kurd\u00ee-kurd\u00ee d\u00fbr dix\u00eenin \u00fb qeb\u00fbl nakin. Deqeya daxuyaniy\u00ea:<\/p>\n<p><strong>Daxuyan\u00ee derbar\u00ea hewl\u00ean d\u00fbrxistina tevgera kurd ji piroseya siyas\u00ee<\/strong><\/p>\n<p>Di dema kir\u00eeza S\u00fbriy\u00ea k\u00fbrtir dibe \u00fb hewl\u00ean lidarxistina kongrey\u00ea got\u00fbb\u00eaja ni\u015ftiman\u00ee ya S\u00fbr\u00ee b\u00eatir dibin, em dib\u00eenin \u00e7awe kom\u00eeteya Amadekar ya Kongrey\u00ea Got\u00fbb\u00eaja Ni\u015ftiman\u00ee ya S\u00fbr\u00ee li ser mejiya d\u00fbrxistin \u00fb veqetandin\u00ea kar\u00ea xwe berdewam dike \u00fb p\u00eakhatey\u00ean din weke gel\u00ea kurd li ber \u00e7avan nagire.<br \/>\nD\u00fbrxistina tevgera kurd, weke n\u00fbnera rewa ya gel\u00ea kurd, ji her piroseyeke siyas\u00ee di derbar\u00ea S\u00fbriy\u00ea de, ten\u00ea berdewamiya r\u00eabaza d\u00fbrxistin\u00ea ye ku herdem gel\u00ea kurd ji ber dinale, herwiha hewlek e ji bo bi\u00e7\u00fbkirina doza kurd \u00fb rola w\u00ea di \u00e7\u00eakirina p\u00ea\u015feroja wel\u00eat de.<br \/>\nWeke Ber\u00ea Kurdistana S\u00fbriy\u00ea, em dib\u00eenin ku her biryarek ji kongreyek\u00ea an ji cihek\u00ee din derkeve \u00fb tevgera kurd d\u00fbr bixe \u00fb berjewendiy\u00ean gel\u00ea kurd li S\u00fbriy\u00ea li ber \u00e7avan negire, ne rewa ye. Berdewamiya v\u00ea r\u00eabaz\u00ea ten\u00ea berdewamiya stem\u00ea \u00fb jin\u00fbve \u00e7\u00eakirina siyaset\u00ean nijadperest\u00ee \u00fb \u015fov\u00een\u00ee ye, ku sedem\u00ean sereke b\u00fbn ji \u00ea\u015fa gel\u00ea me heya niha.<br \/>\nHer di v\u00ea derbar\u00ea de j\u00ee, em dib\u00eenin ku ne ten\u00ea ev d\u00fbrxistin ji aliy\u00ea Kom\u00eeteya Amadekar ya Got\u00fbb\u00eaja Ni\u015ftiman\u00ee ya S\u00fbr\u00ee ye, l\u00ea ji aliy\u00ean din \u00ean kurd e j\u00ee, weke Enc\u00fbmena Ni\u015ftiman\u00ee ya Kurd li S\u00fbriy\u00ea ENKS \u00fb Partiya Yek\u00eet\u00ee ya Demomrat PYD, herdu al\u00ee pirsa got\u00fbb\u00eaja kurd\u00ee-kurd\u00ee ten\u00ea bi xwe ve gir\u00eadane \u00fb aliy\u00ean din d\u00fbr dix\u00eenin \u00fb qeb\u00fbl nakin. Ew helwest heman helwesta d\u00fbrxistin\u00ea ya r\u00eaveberiya n\u00fb ye li \u015eam\u00ea. \u00c7awe ENKS \u00fb PYD daxwaz dikin tevahiya aliyan di piroseya siyas\u00ee de cih bigirin di dema ew bi xwe heman siyaset\u00ea p\u00eak t\u00eenin \u00fb hevkatiya rast bi aliy\u00ean siyas\u00ee re red dikin.<\/p>\n<p>Ber\u00ea Kurdistana S\u00fbriy\u00ea tekez dike, ku d\u00fbrxistina tevgera kurd \u00fb hewl\u00ean pi\u015ftguhkirina w\u00ea, \u00e7i ji aliy\u00ean s\u00fbr\u00ee \u00fb \u00e7i j\u00ee ji aliy\u00ea hin h\u00eaz\u00ean kurd ve, berdewamiya r\u00eabaza veqetandin \u00fb lawazkirina deng\u00ea kurda ye di v\u00ea qonaxa \u00e7aren\u00fbser a ku S\u00fbriy\u00ea t\u00ear\u00ea derbas dibe de.<br \/>\nHer piroseyeke siyas\u00ee rola kurdan \u00fb tevgera w\u00ea d\u00fbr bixe \u00fb berjewendiy\u00ean gel\u00ea me li ber \u00e7avan negire, qeb\u00fbl nakin \u00fb raz\u00ee nabin siyaset\u00ean pi\u015ftguhkirin \u00fb tinekirin\u00ea careke din dubare bibin.<\/p>\n<p>P\u00ea\u015feroja S\u00fbriy\u00ea bi viyan\u00ean veqetandin\u00ea nabe, l\u00ea bel\u00ea bi r\u00eaya hevkariyeke rast ku dan bi tevahiya p\u00eakhateyan bike, di ser\u00ee de j\u00ee gel\u00ea kurd.<\/p>\n<p>Ber\u00ea Kurdistana S\u00fbriy\u00ea<br \/>\n20.02.2025<\/p>\n","protected":false},"excerpt":{"rendered":"<p>Ber\u00ea Kurdistana S\u00fbriy\u00ea di derbar\u00ea hewl\u00ean d\u00fbrxistina tevgera kurd ji piroseya siyas\u00ee li S\u00fbriy\u00ea daxuyaniyek&#8230;<\/p>\n","protected":false},"author":8,"featured_media":1905,"comment_status":"closed","ping_status":"closed","sticky":false,"template":"","format":"standard","meta":{"footnotes":""},"categories":[34],"tags":[],"class_list":["post-2093","post","type-post","status-publish","format-standard","has-post-thumbnail","hentry","category-daxuyani"],"yoast_head":"<!-- This site is optimized with the Yoast SEO plugin v27.5 - https:\/\/yoast.com\/product\/yoast-seo-wordpress\/ -->\n<title>Ber\u00ea Kurdistana S\u00fbriy\u00ea hewl\u00ean d\u00fbrxistina tevgera kurd ji piroseya siyas\u00ee red dike &#8226; \u015eAK<\/title>\n<meta name=\"robots\" content=\"index, follow, max-snippet:-1, max-image-preview:large, max-video-preview:-1\" \/>\n<link rel=\"canonical\" href=\"https:\/\/saknews.net\/ku\/?p=2093\" \/>\n<meta property=\"og:locale\" content=\"en_US\" \/>\n<meta property=\"og:type\" content=\"article\" \/>\n<meta property=\"og:title\" content=\"Ber\u00ea Kurdistana S\u00fbriy\u00ea hewl\u00ean d\u00fbrxistina tevgera kurd ji piroseya siyas\u00ee red dike &#8226; \u015eAK\" \/>\n<meta property=\"og:description\" content=\"Ber\u00ea Kurdistana S\u00fbriy\u00ea di derbar\u00ea hewl\u00ean d\u00fbrxistina tevgera kurd ji piroseya siyas\u00ee li S\u00fbriy\u00ea daxuyaniyek...\" \/>\n<meta property=\"og:url\" content=\"https:\/\/saknews.net\/ku\/?p=2093\" \/>\n<meta property=\"og:site_name\" content=\"\u015eAK\" \/>\n<meta property=\"article:publisher\" content=\"https:\/\/www.facebook.com\/Shepel.ewropa\" \/>\n<meta property=\"article:published_time\" content=\"2025-02-20T12:36:44+00:00\" \/>\n<meta property=\"article:modified_time\" content=\"2025-02-20T12:44:25+00:00\" \/>\n<meta property=\"og:image\" content=\"https:\/\/saknews.net\/ku\/wp-content\/uploads\/2024\/12\/IMG-20241207-WA0028.jpg\" \/>\n\t<meta property=\"og:image:width\" content=\"597\" \/>\n\t<meta property=\"og:image:height\" content=\"574\" \/>\n\t<meta property=\"og:image:type\" content=\"image\/jpeg\" \/>\n<meta name=\"author\" content=\"Horan Hem\" \/>\n<meta name=\"twitter:card\" content=\"summary_large_image\" \/>\n<meta name=\"twitter:label1\" content=\"Written by\" \/>\n\t<meta name=\"twitter:data1\" content=\"Horan Hem\" \/>\n\t<meta name=\"twitter:label2\" content=\"Est. reading time\" \/>\n\t<meta name=\"twitter:data2\" content=\"3 minutes\" \/>\n<script type=\"application\/ld+json\" class=\"yoast-schema-graph\">{\"@context\":\"https:\\\/\\\/schema.org\",\"@graph\":[{\"@type\":\"Article\",\"@id\":\"https:\\\/\\\/saknews.net\\\/ku\\\/?p=2093#article\",\"isPartOf\":{\"@id\":\"https:\\\/\\\/saknews.net\\\/ku\\\/?p=2093\"},\"author\":{\"name\":\"Horan Hem\",\"@id\":\"https:\\\/\\\/saknews.net\\\/ku\\\/#\\\/schema\\\/person\\\/72ae32a4041a3817e015b63d8f409058\"},\"headline\":\"Ber\u00ea Kurdistana S\u00fbriy\u00ea hewl\u00ean d\u00fbrxistina tevgera kurd ji piroseya siyas\u00ee red dike\",\"datePublished\":\"2025-02-20T12:36:44+00:00\",\"dateModified\":\"2025-02-20T12:44:25+00:00\",\"mainEntityOfPage\":{\"@id\":\"https:\\\/\\\/saknews.net\\\/ku\\\/?p=2093\"},\"wordCount\":529,\"publisher\":{\"@id\":\"https:\\\/\\\/saknews.net\\\/ku\\\/#organization\"},\"image\":{\"@id\":\"https:\\\/\\\/saknews.net\\\/ku\\\/?p=2093#primaryimage\"},\"thumbnailUrl\":\"https:\\\/\\\/i0.wp.com\\\/saknews.net\\\/ku\\\/wp-content\\\/uploads\\\/2024\\\/12\\\/IMG-20241207-WA0028.jpg?fit=597%2C574&ssl=1\",\"articleSection\":[\"Daxuyan\u00ee\"],\"inLanguage\":\"en-US\"},{\"@type\":\"WebPage\",\"@id\":\"https:\\\/\\\/saknews.net\\\/ku\\\/?p=2093\",\"url\":\"https:\\\/\\\/saknews.net\\\/ku\\\/?p=2093\",\"name\":\"Ber\u00ea Kurdistana S\u00fbriy\u00ea hewl\u00ean d\u00fbrxistina tevgera kurd ji piroseya siyas\u00ee red dike &#8226; \u015eAK\",\"isPartOf\":{\"@id\":\"https:\\\/\\\/saknews.net\\\/ku\\\/#website\"},\"primaryImageOfPage\":{\"@id\":\"https:\\\/\\\/saknews.net\\\/ku\\\/?p=2093#primaryimage\"},\"image\":{\"@id\":\"https:\\\/\\\/saknews.net\\\/ku\\\/?p=2093#primaryimage\"},\"thumbnailUrl\":\"https:\\\/\\\/i0.wp.com\\\/saknews.net\\\/ku\\\/wp-content\\\/uploads\\\/2024\\\/12\\\/IMG-20241207-WA0028.jpg?fit=597%2C574&ssl=1\",\"datePublished\":\"2025-02-20T12:36:44+00:00\",\"dateModified\":\"2025-02-20T12:44:25+00:00\",\"breadcrumb\":{\"@id\":\"https:\\\/\\\/saknews.net\\\/ku\\\/?p=2093#breadcrumb\"},\"inLanguage\":\"en-US\",\"potentialAction\":[{\"@type\":\"ReadAction\",\"target\":[\"https:\\\/\\\/saknews.net\\\/ku\\\/?p=2093\"]}]},{\"@type\":\"ImageObject\",\"inLanguage\":\"en-US\",\"@id\":\"https:\\\/\\\/saknews.net\\\/ku\\\/?p=2093#primaryimage\",\"url\":\"https:\\\/\\\/i0.wp.com\\\/saknews.net\\\/ku\\\/wp-content\\\/uploads\\\/2024\\\/12\\\/IMG-20241207-WA0028.jpg?fit=597%2C574&ssl=1\",\"contentUrl\":\"https:\\\/\\\/i0.wp.com\\\/saknews.net\\\/ku\\\/wp-content\\\/uploads\\\/2024\\\/12\\\/IMG-20241207-WA0028.jpg?fit=597%2C574&ssl=1\",\"width\":597,\"height\":574},{\"@type\":\"BreadcrumbList\",\"@id\":\"https:\\\/\\\/saknews.net\\\/ku\\\/?p=2093#breadcrumb\",\"itemListElement\":[{\"@type\":\"ListItem\",\"position\":1,\"name\":\"\u0627\u0644\u0631\u0626\u064a\u0633\u064a\u0629\",\"item\":\"https:\\\/\\\/saknews.net\\\/ku\\\/\"},{\"@type\":\"ListItem\",\"position\":2,\"name\":\"N\u00fb\u00e7e\",\"item\":\"https:\\\/\\\/saknews.net\\\/ku\\\/?cat=49\"},{\"@type\":\"ListItem\",\"position\":3,\"name\":\"Daxuyan\u00ee\",\"item\":\"https:\\\/\\\/saknews.net\\\/ku\\\/?cat=34\"},{\"@type\":\"ListItem\",\"position\":4,\"name\":\"Ber\u00ea Kurdistana S\u00fbriy\u00ea hewl\u00ean d\u00fbrxistina tevgera kurd ji piroseya siyas\u00ee red dike\"}]},{\"@type\":\"WebSite\",\"@id\":\"https:\\\/\\\/saknews.net\\\/ku\\\/#website\",\"url\":\"https:\\\/\\\/saknews.net\\\/ku\\\/\",\"name\":\"S\u0327epe\u0302la Azadi\u0302 ya Kurdistani\u0302\",\"description\":\"\u062a\u064a\u0627\u0631 \u0627\u0644\u062d\u0631\u064a\u0629 \u0627\u0644\u0643\u0648\u0631\u062f\u0633\u062a\u0627\u0646\u064a \u015eep\u00eala Azad\u00ee ya Kurdistan\u00ee\",\"publisher\":{\"@id\":\"https:\\\/\\\/saknews.net\\\/ku\\\/#organization\"},\"potentialAction\":[{\"@type\":\"SearchAction\",\"target\":{\"@type\":\"EntryPoint\",\"urlTemplate\":\"https:\\\/\\\/saknews.net\\\/ku\\\/?s={search_term_string}\"},\"query-input\":{\"@type\":\"PropertyValueSpecification\",\"valueRequired\":true,\"valueName\":\"search_term_string\"}}],\"inLanguage\":\"en-US\"},{\"@type\":\"Organization\",\"@id\":\"https:\\\/\\\/saknews.net\\\/ku\\\/#organization\",\"name\":\"\u015eep\u00eala Azadiy\u00ea ya Kurdistan\u00ea - \u062a\u064a\u0627\u0631 \u0627\u0644\u062d\u0631\u064a\u0629 \u0627\u0644\u0643\u0648\u0631\u062f\u0633\u062a\u0627\u0646\u064a\",\"url\":\"https:\\\/\\\/saknews.net\\\/ku\\\/\",\"logo\":{\"@type\":\"ImageObject\",\"inLanguage\":\"en-US\",\"@id\":\"https:\\\/\\\/saknews.net\\\/ku\\\/#\\\/schema\\\/logo\\\/image\\\/\",\"url\":\"https:\\\/\\\/i0.wp.com\\\/saknews.net\\\/ku\\\/wp-content\\\/uploads\\\/2024\\\/11\\\/cropped-logo-1.png?fit=512%2C512&ssl=1\",\"contentUrl\":\"https:\\\/\\\/i0.wp.com\\\/saknews.net\\\/ku\\\/wp-content\\\/uploads\\\/2024\\\/11\\\/cropped-logo-1.png?fit=512%2C512&ssl=1\",\"width\":512,\"height\":512,\"caption\":\"\u015eep\u00eala Azadiy\u00ea ya Kurdistan\u00ea - \u062a\u064a\u0627\u0631 \u0627\u0644\u062d\u0631\u064a\u0629 \u0627\u0644\u0643\u0648\u0631\u062f\u0633\u062a\u0627\u0646\u064a\"},\"image\":{\"@id\":\"https:\\\/\\\/saknews.net\\\/ku\\\/#\\\/schema\\\/logo\\\/image\\\/\"},\"sameAs\":[\"https:\\\/\\\/www.facebook.com\\\/Shepel.ewropa\"]},{\"@type\":\"Person\",\"@id\":\"https:\\\/\\\/saknews.net\\\/ku\\\/#\\\/schema\\\/person\\\/72ae32a4041a3817e015b63d8f409058\",\"name\":\"Horan Hem\",\"url\":\"https:\\\/\\\/saknews.net\\\/ku\\\/?author=8\"}]}<\/script>\n<!-- \/ Yoast SEO plugin. -->","yoast_head_json":{"title":"Ber\u00ea Kurdistana S\u00fbriy\u00ea hewl\u00ean d\u00fbrxistina tevgera kurd ji piroseya siyas\u00ee red dike &#8226; \u015eAK","robots":{"index":"index","follow":"follow","max-snippet":"max-snippet:-1","max-image-preview":"max-image-preview:large","max-video-preview":"max-video-preview:-1"},"canonical":"https:\/\/saknews.net\/ku\/?p=2093","og_locale":"en_US","og_type":"article","og_title":"Ber\u00ea Kurdistana S\u00fbriy\u00ea hewl\u00ean d\u00fbrxistina tevgera kurd ji piroseya siyas\u00ee red dike &#8226; \u015eAK","og_description":"Ber\u00ea Kurdistana S\u00fbriy\u00ea di derbar\u00ea hewl\u00ean d\u00fbrxistina tevgera kurd ji piroseya siyas\u00ee li S\u00fbriy\u00ea daxuyaniyek...","og_url":"https:\/\/saknews.net\/ku\/?p=2093","og_site_name":"\u015eAK","article_publisher":"https:\/\/www.facebook.com\/Shepel.ewropa","article_published_time":"2025-02-20T12:36:44+00:00","article_modified_time":"2025-02-20T12:44:25+00:00","og_image":[{"width":597,"height":574,"url":"https:\/\/saknews.net\/ku\/wp-content\/uploads\/2024\/12\/IMG-20241207-WA0028.jpg","type":"image\/jpeg"}],"author":"Horan Hem","twitter_card":"summary_large_image","twitter_misc":{"Written by":"Horan Hem","Est. reading time":"3 minutes"},"schema":{"@context":"https:\/\/schema.org","@graph":[{"@type":"Article","@id":"https:\/\/saknews.net\/ku\/?p=2093#article","isPartOf":{"@id":"https:\/\/saknews.net\/ku\/?p=2093"},"author":{"name":"Horan Hem","@id":"https:\/\/saknews.net\/ku\/#\/schema\/person\/72ae32a4041a3817e015b63d8f409058"},"headline":"Ber\u00ea Kurdistana S\u00fbriy\u00ea hewl\u00ean d\u00fbrxistina tevgera kurd ji piroseya siyas\u00ee red dike","datePublished":"2025-02-20T12:36:44+00:00","dateModified":"2025-02-20T12:44:25+00:00","mainEntityOfPage":{"@id":"https:\/\/saknews.net\/ku\/?p=2093"},"wordCount":529,"publisher":{"@id":"https:\/\/saknews.net\/ku\/#organization"},"image":{"@id":"https:\/\/saknews.net\/ku\/?p=2093#primaryimage"},"thumbnailUrl":"https:\/\/i0.wp.com\/saknews.net\/ku\/wp-content\/uploads\/2024\/12\/IMG-20241207-WA0028.jpg?fit=597%2C574&ssl=1","articleSection":["Daxuyan\u00ee"],"inLanguage":"en-US"},{"@type":"WebPage","@id":"https:\/\/saknews.net\/ku\/?p=2093","url":"https:\/\/saknews.net\/ku\/?p=2093","name":"Ber\u00ea Kurdistana S\u00fbriy\u00ea hewl\u00ean d\u00fbrxistina tevgera kurd ji piroseya siyas\u00ee red dike &#8226; \u015eAK","isPartOf":{"@id":"https:\/\/saknews.net\/ku\/#website"},"primaryImageOfPage":{"@id":"https:\/\/saknews.net\/ku\/?p=2093#primaryimage"},"image":{"@id":"https:\/\/saknews.net\/ku\/?p=2093#primaryimage"},"thumbnailUrl":"https:\/\/i0.wp.com\/saknews.net\/ku\/wp-content\/uploads\/2024\/12\/IMG-20241207-WA0028.jpg?fit=597%2C574&ssl=1","datePublished":"2025-02-20T12:36:44+00:00","dateModified":"2025-02-20T12:44:25+00:00","breadcrumb":{"@id":"https:\/\/saknews.net\/ku\/?p=2093#breadcrumb"},"inLanguage":"en-US","potentialAction":[{"@type":"ReadAction","target":["https:\/\/saknews.net\/ku\/?p=2093"]}]},{"@type":"ImageObject","inLanguage":"en-US","@id":"https:\/\/saknews.net\/ku\/?p=2093#primaryimage","url":"https:\/\/i0.wp.com\/saknews.net\/ku\/wp-content\/uploads\/2024\/12\/IMG-20241207-WA0028.jpg?fit=597%2C574&ssl=1","contentUrl":"https:\/\/i0.wp.com\/saknews.net\/ku\/wp-content\/uploads\/2024\/12\/IMG-20241207-WA0028.jpg?fit=597%2C574&ssl=1","width":597,"height":574},{"@type":"BreadcrumbList","@id":"https:\/\/saknews.net\/ku\/?p=2093#breadcrumb","itemListElement":[{"@type":"ListItem","position":1,"name":"\u0627\u0644\u0631\u0626\u064a\u0633\u064a\u0629","item":"https:\/\/saknews.net\/ku\/"},{"@type":"ListItem","position":2,"name":"N\u00fb\u00e7e","item":"https:\/\/saknews.net\/ku\/?cat=49"},{"@type":"ListItem","position":3,"name":"Daxuyan\u00ee","item":"https:\/\/saknews.net\/ku\/?cat=34"},{"@type":"ListItem","position":4,"name":"Ber\u00ea Kurdistana S\u00fbriy\u00ea hewl\u00ean d\u00fbrxistina tevgera kurd ji piroseya siyas\u00ee red dike"}]},{"@type":"WebSite","@id":"https:\/\/saknews.net\/ku\/#website","url":"https:\/\/saknews.net\/ku\/","name":"S\u0327epe\u0302la Azadi\u0302 ya Kurdistani\u0302","description":"\u062a\u064a\u0627\u0631 \u0627\u0644\u062d\u0631\u064a\u0629 \u0627\u0644\u0643\u0648\u0631\u062f\u0633\u062a\u0627\u0646\u064a \u015eep\u00eala Azad\u00ee ya Kurdistan\u00ee","publisher":{"@id":"https:\/\/saknews.net\/ku\/#organization"},"potentialAction":[{"@type":"SearchAction","target":{"@type":"EntryPoint","urlTemplate":"https:\/\/saknews.net\/ku\/?s={search_term_string}"},"query-input":{"@type":"PropertyValueSpecification","valueRequired":true,"valueName":"search_term_string"}}],"inLanguage":"en-US"},{"@type":"Organization","@id":"https:\/\/saknews.net\/ku\/#organization","name":"\u015eep\u00eala Azadiy\u00ea ya Kurdistan\u00ea - \u062a\u064a\u0627\u0631 \u0627\u0644\u062d\u0631\u064a\u0629 \u0627\u0644\u0643\u0648\u0631\u062f\u0633\u062a\u0627\u0646\u064a","url":"https:\/\/saknews.net\/ku\/","logo":{"@type":"ImageObject","inLanguage":"en-US","@id":"https:\/\/saknews.net\/ku\/#\/schema\/logo\/image\/","url":"https:\/\/i0.wp.com\/saknews.net\/ku\/wp-content\/uploads\/2024\/11\/cropped-logo-1.png?fit=512%2C512&ssl=1","contentUrl":"https:\/\/i0.wp.com\/saknews.net\/ku\/wp-content\/uploads\/2024\/11\/cropped-logo-1.png?fit=512%2C512&ssl=1","width":512,"height":512,"caption":"\u015eep\u00eala Azadiy\u00ea ya Kurdistan\u00ea - \u062a\u064a\u0627\u0631 \u0627\u0644\u062d\u0631\u064a\u0629 \u0627\u0644\u0643\u0648\u0631\u062f\u0633\u062a\u0627\u0646\u064a"},"image":{"@id":"https:\/\/saknews.net\/ku\/#\/schema\/logo\/image\/"},"sameAs":["https:\/\/www.facebook.com\/Shepel.ewropa"]},{"@type":"Person","@id":"https:\/\/saknews.net\/ku\/#\/schema\/person\/72ae32a4041a3817e015b63d8f409058","name":"Horan Hem","url":"https:\/\/saknews.net\/ku\/?author=8"}]}},"featured_image_urls":{"full":["https:\/\/i0.wp.com\/saknews.net\/ku\/wp-content\/uploads\/2024\/12\/IMG-20241207-WA0028.jpg?fit=597%2C574&ssl=1",597,574,false],"thumbnail":["https:\/\/i0.wp.com\/saknews.net\/ku\/wp-content\/uploads\/2024\/12\/IMG-20241207-WA0028.jpg?resize=150%2C150&ssl=1",150,150,true],"medium":["https:\/\/i0.wp.com\/saknews.net\/ku\/wp-content\/uploads\/2024\/12\/IMG-20241207-WA0028.jpg?fit=300%2C288&ssl=1",300,288,true],"medium_large":["https:\/\/i0.wp.com\/saknews.net\/ku\/wp-content\/uploads\/2024\/12\/IMG-20241207-WA0028.jpg?fit=597%2C574&ssl=1",597,574,true],"large":["https:\/\/i0.wp.com\/saknews.net\/ku\/wp-content\/uploads\/2024\/12\/IMG-20241207-WA0028.jpg?fit=597%2C574&ssl=1",597,574,true],"1536x1536":["https:\/\/i0.wp.com\/saknews.net\/ku\/wp-content\/uploads\/2024\/12\/IMG-20241207-WA0028.jpg?fit=597%2C574&ssl=1",597,574,true],"2048x2048":["https:\/\/i0.wp.com\/saknews.net\/ku\/wp-content\/uploads\/2024\/12\/IMG-20241207-WA0028.jpg?fit=597%2C574&ssl=1",597,574,true],"covernews-featured":["https:\/\/i0.wp.com\/saknews.net\/ku\/wp-content\/uploads\/2024\/12\/IMG-20241207-WA0028.jpg?fit=597%2C574&ssl=1",597,574,true],"covernews-medium":["https:\/\/i0.wp.com\/saknews.net\/ku\/wp-content\/uploads\/2024\/12\/IMG-20241207-WA0028.jpg?resize=540%2C340&ssl=1",540,340,true]},"author_info":{"display_name":"Horan Hem","author_link":"https:\/\/saknews.net\/ku\/?author=8"},"category_info":"<a href=\"https:\/\/saknews.net\/ku\/?cat=34\" rel=\"category\">Daxuyan\u00ee<\/a>","tag_info":"Daxuyan\u00ee","comment_count":"0","_links":{"self":[{"href":"https:\/\/saknews.net\/ku\/index.php?rest_route=\/wp\/v2\/posts\/2093","targetHints":{"allow":["GET"]}}],"collection":[{"href":"https:\/\/saknews.net\/ku\/index.php?rest_route=\/wp\/v2\/posts"}],"about":[{"href":"https:\/\/saknews.net\/ku\/index.php?rest_route=\/wp\/v2\/types\/post"}],"author":[{"embeddable":true,"href":"https:\/\/saknews.net\/ku\/index.php?rest_route=\/wp\/v2\/users\/8"}],"replies":[{"embeddable":true,"href":"https:\/\/saknews.net\/ku\/index.php?rest_route=%2Fwp%2Fv2%2Fcomments&post=2093"}],"version-history":[{"count":5,"href":"https:\/\/saknews.net\/ku\/index.php?rest_route=\/wp\/v2\/posts\/2093\/revisions"}],"predecessor-version":[{"id":2098,"href":"https:\/\/saknews.net\/ku\/index.php?rest_route=\/wp\/v2\/posts\/2093\/revisions\/2098"}],"wp:featuredmedia":[{"embeddable":true,"href":"https:\/\/saknews.net\/ku\/index.php?rest_route=\/wp\/v2\/media\/1905"}],"wp:attachment":[{"href":"https:\/\/saknews.net\/ku\/index.php?rest_route=%2Fwp%2Fv2%2Fmedia&parent=2093"}],"wp:term":[{"taxonomy":"category","embeddable":true,"href":"https:\/\/saknews.net\/ku\/index.php?rest_route=%2Fwp%2Fv2%2Fcategories&post=2093"},{"taxonomy":"post_tag","embeddable":true,"href":"https:\/\/saknews.net\/ku\/index.php?rest_route=%2Fwp%2Fv2%2Ftags&post=2093"}],"curies":[{"name":"wp","href":"https:\/\/api.w.org\/{rel}","templated":true}]}}