{"id":2099,"date":"2025-02-21T19:00:26","date_gmt":"2025-02-21T19:00:26","guid":{"rendered":"https:\/\/saknews.net\/ku\/?p=2099"},"modified":"2025-02-21T19:01:08","modified_gmt":"2025-02-21T19:01:08","slug":"pirozbahiya-roja-cihani-ya-zimane-dayike","status":"publish","type":"post","link":"https:\/\/saknews.net\/ku\/?p=2099","title":{"rendered":"P\u00eerozbahiya Roja C\u00eehan\u00ee ya Ziman\u00ea Day\u00eek\u00ea"},"content":{"rendered":"<p>Enc\u00fbmena yek\u00ea ya \u015eep\u00eala Azad\u00ee ya Kurdistan\u00ee li Ewropa nameyeke p\u00eerozbahiy\u00ea bi hilkefta Roja C\u00eehan\u00ee ya Ziman\u00ea Day\u00eek\u00ea, belav kir \u00fb t\u00eade got div\u00ea kurd\u00ee j\u00ee weke ereb\u00ee bibe ziman\u00ea ferm\u00ee li S\u00fbriy\u00ea. Deqeya nameya p\u00eerozbahiy\u00ea:<\/p>\n<p>P\u00eerozbah\u00ee bi hilkefta Roja Ziman\u00ea Day\u00eek\u00ea ya C\u00eehan\u00ee<\/p>\n<p>Bi hilkefta Roja C\u00eehan\u00ee ya Ziman\u00ea Day\u00eek\u00ea, Enc\u00fbmena Xwecih\u00ee ya Yek\u00ea ya \u015eep\u00eala Azad\u00ee ya Kurdistan\u00ee li Ewropa v\u00ea roj\u00ea li tevahiya gel\u00ea Kurd \u00fb milet\u00ean din p\u00eeroz dike, ku ji bo parastina ziman\u00ea xwe \u00fb \u00e7anda xwe xebat dikin.<br \/>\nParastina ziman\u00ea me be\u015fek\u00ee sereke ye jj nasnameya me ya netew\u00ee, herwiha parastin \u00fb p\u00ea\u015fxistina w\u00ee erkek\u00ee gi\u015ft\u00ee ye, ji ber v\u00ea j\u00ee em bang li civaka navdewlet\u00ee \u00fb UNESCO dikin gav\u00ean ber bi p\u00ea\u015f ve di p\u00ea\u015fxistin \u00fb parastin, f\u00earkirina kurd\u00ee de ji bo nif\u015f\u00ean b\u00ea re, bav\u00eaje.<br \/>\nDiv\u00ea ziman\u00ea kurd\u00ee weke ereb\u00ee li S\u00fbriy\u00ea bibe zimanek\u00ee ferm\u00ee, ku pirengiya ziman\u00ee li wel\u00eat xurtir bike. Parastina zim\u00ean, parastina heb\u00fbna me ye.<br \/>\nEm \u00ea kar\u00ea di v\u00ee war\u00ee de j\u00ee berdewam bikin.<\/p>\n<p>Enc\u00fbmena Xwecih\u00ee ya Yek\u00ea ya \u015eep\u00eala Azad\u00ee ya Kurdistan\u00ee li Ewropa<\/p>\n<p>21.02.2025<\/p>\n","protected":false},"excerpt":{"rendered":"<p>Enc\u00fbmena yek\u00ea ya \u015eep\u00eala Azad\u00ee ya Kurdistan\u00ee li Ewropa nameyeke p\u00eerozbahiy\u00ea bi hilkefta Roja C\u00eehan\u00ee&#8230;<\/p>\n","protected":false},"author":8,"featured_media":2100,"comment_status":"closed","ping_status":"closed","sticky":false,"template":"","format":"standard","meta":{"footnotes":""},"categories":[34],"tags":[],"class_list":["post-2099","post","type-post","status-publish","format-standard","has-post-thumbnail","hentry","category-daxuyani"],"yoast_head":"<!-- This site is optimized with the Yoast SEO plugin v27.5 - https:\/\/yoast.com\/product\/yoast-seo-wordpress\/ -->\n<title>P\u00eerozbahiya Roja C\u00eehan\u00ee ya Ziman\u00ea Day\u00eek\u00ea &#8226; \u015eAK<\/title>\n<meta name=\"robots\" content=\"index, follow, max-snippet:-1, max-image-preview:large, max-video-preview:-1\" \/>\n<link rel=\"canonical\" href=\"https:\/\/saknews.net\/ku\/?p=2099\" \/>\n<meta property=\"og:locale\" content=\"en_US\" \/>\n<meta property=\"og:type\" content=\"article\" \/>\n<meta property=\"og:title\" content=\"P\u00eerozbahiya Roja C\u00eehan\u00ee ya Ziman\u00ea Day\u00eek\u00ea &#8226; \u015eAK\" \/>\n<meta property=\"og:description\" content=\"Enc\u00fbmena yek\u00ea ya \u015eep\u00eala Azad\u00ee ya Kurdistan\u00ee li Ewropa nameyeke p\u00eerozbahiy\u00ea bi hilkefta Roja C\u00eehan\u00ee...\" \/>\n<meta property=\"og:url\" content=\"https:\/\/saknews.net\/ku\/?p=2099\" \/>\n<meta property=\"og:site_name\" content=\"\u015eAK\" \/>\n<meta property=\"article:publisher\" content=\"https:\/\/www.facebook.com\/Shepel.ewropa\" \/>\n<meta property=\"article:published_time\" content=\"2025-02-21T19:00:26+00:00\" \/>\n<meta property=\"article:modified_time\" content=\"2025-02-21T19:01:08+00:00\" \/>\n<meta property=\"og:image\" content=\"https:\/\/saknews.net\/ku\/wp-content\/uploads\/2025\/02\/FB_IMG_1740164062246.jpg\" \/>\n\t<meta property=\"og:image:width\" content=\"750\" \/>\n\t<meta property=\"og:image:height\" content=\"750\" \/>\n\t<meta property=\"og:image:type\" content=\"image\/jpeg\" \/>\n<meta name=\"author\" content=\"Horan Hem\" \/>\n<meta name=\"twitter:card\" content=\"summary_large_image\" \/>\n<meta name=\"twitter:label1\" content=\"Written by\" \/>\n\t<meta name=\"twitter:data1\" content=\"Horan Hem\" \/>\n\t<meta name=\"twitter:label2\" content=\"Est. reading time\" \/>\n\t<meta name=\"twitter:data2\" content=\"1 minute\" \/>\n<script type=\"application\/ld+json\" class=\"yoast-schema-graph\">{\"@context\":\"https:\\\/\\\/schema.org\",\"@graph\":[{\"@type\":\"Article\",\"@id\":\"https:\\\/\\\/saknews.net\\\/ku\\\/?p=2099#article\",\"isPartOf\":{\"@id\":\"https:\\\/\\\/saknews.net\\\/ku\\\/?p=2099\"},\"author\":{\"name\":\"Horan Hem\",\"@id\":\"https:\\\/\\\/saknews.net\\\/ku\\\/#\\\/schema\\\/person\\\/72ae32a4041a3817e015b63d8f409058\"},\"headline\":\"P\u00eerozbahiya Roja C\u00eehan\u00ee ya Ziman\u00ea Day\u00eek\u00ea\",\"datePublished\":\"2025-02-21T19:00:26+00:00\",\"dateModified\":\"2025-02-21T19:01:08+00:00\",\"mainEntityOfPage\":{\"@id\":\"https:\\\/\\\/saknews.net\\\/ku\\\/?p=2099\"},\"wordCount\":210,\"publisher\":{\"@id\":\"https:\\\/\\\/saknews.net\\\/ku\\\/#organization\"},\"image\":{\"@id\":\"https:\\\/\\\/saknews.net\\\/ku\\\/?p=2099#primaryimage\"},\"thumbnailUrl\":\"https:\\\/\\\/i0.wp.com\\\/saknews.net\\\/ku\\\/wp-content\\\/uploads\\\/2025\\\/02\\\/FB_IMG_1740164062246.jpg?fit=750%2C750&ssl=1\",\"articleSection\":[\"Daxuyan\u00ee\"],\"inLanguage\":\"en-US\"},{\"@type\":\"WebPage\",\"@id\":\"https:\\\/\\\/saknews.net\\\/ku\\\/?p=2099\",\"url\":\"https:\\\/\\\/saknews.net\\\/ku\\\/?p=2099\",\"name\":\"P\u00eerozbahiya Roja C\u00eehan\u00ee ya Ziman\u00ea Day\u00eek\u00ea &#8226; \u015eAK\",\"isPartOf\":{\"@id\":\"https:\\\/\\\/saknews.net\\\/ku\\\/#website\"},\"primaryImageOfPage\":{\"@id\":\"https:\\\/\\\/saknews.net\\\/ku\\\/?p=2099#primaryimage\"},\"image\":{\"@id\":\"https:\\\/\\\/saknews.net\\\/ku\\\/?p=2099#primaryimage\"},\"thumbnailUrl\":\"https:\\\/\\\/i0.wp.com\\\/saknews.net\\\/ku\\\/wp-content\\\/uploads\\\/2025\\\/02\\\/FB_IMG_1740164062246.jpg?fit=750%2C750&ssl=1\",\"datePublished\":\"2025-02-21T19:00:26+00:00\",\"dateModified\":\"2025-02-21T19:01:08+00:00\",\"breadcrumb\":{\"@id\":\"https:\\\/\\\/saknews.net\\\/ku\\\/?p=2099#breadcrumb\"},\"inLanguage\":\"en-US\",\"potentialAction\":[{\"@type\":\"ReadAction\",\"target\":[\"https:\\\/\\\/saknews.net\\\/ku\\\/?p=2099\"]}]},{\"@type\":\"ImageObject\",\"inLanguage\":\"en-US\",\"@id\":\"https:\\\/\\\/saknews.net\\\/ku\\\/?p=2099#primaryimage\",\"url\":\"https:\\\/\\\/i0.wp.com\\\/saknews.net\\\/ku\\\/wp-content\\\/uploads\\\/2025\\\/02\\\/FB_IMG_1740164062246.jpg?fit=750%2C750&ssl=1\",\"contentUrl\":\"https:\\\/\\\/i0.wp.com\\\/saknews.net\\\/ku\\\/wp-content\\\/uploads\\\/2025\\\/02\\\/FB_IMG_1740164062246.jpg?fit=750%2C750&ssl=1\",\"width\":750,\"height\":750},{\"@type\":\"BreadcrumbList\",\"@id\":\"https:\\\/\\\/saknews.net\\\/ku\\\/?p=2099#breadcrumb\",\"itemListElement\":[{\"@type\":\"ListItem\",\"position\":1,\"name\":\"\u0627\u0644\u0631\u0626\u064a\u0633\u064a\u0629\",\"item\":\"https:\\\/\\\/saknews.net\\\/ku\\\/\"},{\"@type\":\"ListItem\",\"position\":2,\"name\":\"N\u00fb\u00e7e\",\"item\":\"https:\\\/\\\/saknews.net\\\/ku\\\/?cat=49\"},{\"@type\":\"ListItem\",\"position\":3,\"name\":\"Daxuyan\u00ee\",\"item\":\"https:\\\/\\\/saknews.net\\\/ku\\\/?cat=34\"},{\"@type\":\"ListItem\",\"position\":4,\"name\":\"P\u00eerozbahiya Roja C\u00eehan\u00ee ya Ziman\u00ea Day\u00eek\u00ea\"}]},{\"@type\":\"WebSite\",\"@id\":\"https:\\\/\\\/saknews.net\\\/ku\\\/#website\",\"url\":\"https:\\\/\\\/saknews.net\\\/ku\\\/\",\"name\":\"S\u0327epe\u0302la Azadi\u0302 ya Kurdistani\u0302\",\"description\":\"\u062a\u064a\u0627\u0631 \u0627\u0644\u062d\u0631\u064a\u0629 \u0627\u0644\u0643\u0648\u0631\u062f\u0633\u062a\u0627\u0646\u064a \u015eep\u00eala Azad\u00ee ya Kurdistan\u00ee\",\"publisher\":{\"@id\":\"https:\\\/\\\/saknews.net\\\/ku\\\/#organization\"},\"potentialAction\":[{\"@type\":\"SearchAction\",\"target\":{\"@type\":\"EntryPoint\",\"urlTemplate\":\"https:\\\/\\\/saknews.net\\\/ku\\\/?s={search_term_string}\"},\"query-input\":{\"@type\":\"PropertyValueSpecification\",\"valueRequired\":true,\"valueName\":\"search_term_string\"}}],\"inLanguage\":\"en-US\"},{\"@type\":\"Organization\",\"@id\":\"https:\\\/\\\/saknews.net\\\/ku\\\/#organization\",\"name\":\"\u015eep\u00eala Azadiy\u00ea ya Kurdistan\u00ea - \u062a\u064a\u0627\u0631 \u0627\u0644\u062d\u0631\u064a\u0629 \u0627\u0644\u0643\u0648\u0631\u062f\u0633\u062a\u0627\u0646\u064a\",\"url\":\"https:\\\/\\\/saknews.net\\\/ku\\\/\",\"logo\":{\"@type\":\"ImageObject\",\"inLanguage\":\"en-US\",\"@id\":\"https:\\\/\\\/saknews.net\\\/ku\\\/#\\\/schema\\\/logo\\\/image\\\/\",\"url\":\"https:\\\/\\\/i0.wp.com\\\/saknews.net\\\/ku\\\/wp-content\\\/uploads\\\/2024\\\/11\\\/cropped-logo-1.png?fit=512%2C512&ssl=1\",\"contentUrl\":\"https:\\\/\\\/i0.wp.com\\\/saknews.net\\\/ku\\\/wp-content\\\/uploads\\\/2024\\\/11\\\/cropped-logo-1.png?fit=512%2C512&ssl=1\",\"width\":512,\"height\":512,\"caption\":\"\u015eep\u00eala Azadiy\u00ea ya Kurdistan\u00ea - \u062a\u064a\u0627\u0631 \u0627\u0644\u062d\u0631\u064a\u0629 \u0627\u0644\u0643\u0648\u0631\u062f\u0633\u062a\u0627\u0646\u064a\"},\"image\":{\"@id\":\"https:\\\/\\\/saknews.net\\\/ku\\\/#\\\/schema\\\/logo\\\/image\\\/\"},\"sameAs\":[\"https:\\\/\\\/www.facebook.com\\\/Shepel.ewropa\"]},{\"@type\":\"Person\",\"@id\":\"https:\\\/\\\/saknews.net\\\/ku\\\/#\\\/schema\\\/person\\\/72ae32a4041a3817e015b63d8f409058\",\"name\":\"Horan Hem\",\"url\":\"https:\\\/\\\/saknews.net\\\/ku\\\/?author=8\"}]}<\/script>\n<!-- \/ Yoast SEO plugin. -->","yoast_head_json":{"title":"P\u00eerozbahiya Roja C\u00eehan\u00ee ya Ziman\u00ea Day\u00eek\u00ea &#8226; \u015eAK","robots":{"index":"index","follow":"follow","max-snippet":"max-snippet:-1","max-image-preview":"max-image-preview:large","max-video-preview":"max-video-preview:-1"},"canonical":"https:\/\/saknews.net\/ku\/?p=2099","og_locale":"en_US","og_type":"article","og_title":"P\u00eerozbahiya Roja C\u00eehan\u00ee ya Ziman\u00ea Day\u00eek\u00ea &#8226; \u015eAK","og_description":"Enc\u00fbmena yek\u00ea ya \u015eep\u00eala Azad\u00ee ya Kurdistan\u00ee li Ewropa nameyeke p\u00eerozbahiy\u00ea bi hilkefta Roja C\u00eehan\u00ee...","og_url":"https:\/\/saknews.net\/ku\/?p=2099","og_site_name":"\u015eAK","article_publisher":"https:\/\/www.facebook.com\/Shepel.ewropa","article_published_time":"2025-02-21T19:00:26+00:00","article_modified_time":"2025-02-21T19:01:08+00:00","og_image":[{"width":750,"height":750,"url":"https:\/\/saknews.net\/ku\/wp-content\/uploads\/2025\/02\/FB_IMG_1740164062246.jpg","type":"image\/jpeg"}],"author":"Horan Hem","twitter_card":"summary_large_image","twitter_misc":{"Written by":"Horan Hem","Est. reading time":"1 minute"},"schema":{"@context":"https:\/\/schema.org","@graph":[{"@type":"Article","@id":"https:\/\/saknews.net\/ku\/?p=2099#article","isPartOf":{"@id":"https:\/\/saknews.net\/ku\/?p=2099"},"author":{"name":"Horan Hem","@id":"https:\/\/saknews.net\/ku\/#\/schema\/person\/72ae32a4041a3817e015b63d8f409058"},"headline":"P\u00eerozbahiya Roja C\u00eehan\u00ee ya Ziman\u00ea Day\u00eek\u00ea","datePublished":"2025-02-21T19:00:26+00:00","dateModified":"2025-02-21T19:01:08+00:00","mainEntityOfPage":{"@id":"https:\/\/saknews.net\/ku\/?p=2099"},"wordCount":210,"publisher":{"@id":"https:\/\/saknews.net\/ku\/#organization"},"image":{"@id":"https:\/\/saknews.net\/ku\/?p=2099#primaryimage"},"thumbnailUrl":"https:\/\/i0.wp.com\/saknews.net\/ku\/wp-content\/uploads\/2025\/02\/FB_IMG_1740164062246.jpg?fit=750%2C750&ssl=1","articleSection":["Daxuyan\u00ee"],"inLanguage":"en-US"},{"@type":"WebPage","@id":"https:\/\/saknews.net\/ku\/?p=2099","url":"https:\/\/saknews.net\/ku\/?p=2099","name":"P\u00eerozbahiya Roja C\u00eehan\u00ee ya Ziman\u00ea Day\u00eek\u00ea &#8226; \u015eAK","isPartOf":{"@id":"https:\/\/saknews.net\/ku\/#website"},"primaryImageOfPage":{"@id":"https:\/\/saknews.net\/ku\/?p=2099#primaryimage"},"image":{"@id":"https:\/\/saknews.net\/ku\/?p=2099#primaryimage"},"thumbnailUrl":"https:\/\/i0.wp.com\/saknews.net\/ku\/wp-content\/uploads\/2025\/02\/FB_IMG_1740164062246.jpg?fit=750%2C750&ssl=1","datePublished":"2025-02-21T19:00:26+00:00","dateModified":"2025-02-21T19:01:08+00:00","breadcrumb":{"@id":"https:\/\/saknews.net\/ku\/?p=2099#breadcrumb"},"inLanguage":"en-US","potentialAction":[{"@type":"ReadAction","target":["https:\/\/saknews.net\/ku\/?p=2099"]}]},{"@type":"ImageObject","inLanguage":"en-US","@id":"https:\/\/saknews.net\/ku\/?p=2099#primaryimage","url":"https:\/\/i0.wp.com\/saknews.net\/ku\/wp-content\/uploads\/2025\/02\/FB_IMG_1740164062246.jpg?fit=750%2C750&ssl=1","contentUrl":"https:\/\/i0.wp.com\/saknews.net\/ku\/wp-content\/uploads\/2025\/02\/FB_IMG_1740164062246.jpg?fit=750%2C750&ssl=1","width":750,"height":750},{"@type":"BreadcrumbList","@id":"https:\/\/saknews.net\/ku\/?p=2099#breadcrumb","itemListElement":[{"@type":"ListItem","position":1,"name":"\u0627\u0644\u0631\u0626\u064a\u0633\u064a\u0629","item":"https:\/\/saknews.net\/ku\/"},{"@type":"ListItem","position":2,"name":"N\u00fb\u00e7e","item":"https:\/\/saknews.net\/ku\/?cat=49"},{"@type":"ListItem","position":3,"name":"Daxuyan\u00ee","item":"https:\/\/saknews.net\/ku\/?cat=34"},{"@type":"ListItem","position":4,"name":"P\u00eerozbahiya Roja C\u00eehan\u00ee ya Ziman\u00ea Day\u00eek\u00ea"}]},{"@type":"WebSite","@id":"https:\/\/saknews.net\/ku\/#website","url":"https:\/\/saknews.net\/ku\/","name":"S\u0327epe\u0302la Azadi\u0302 ya Kurdistani\u0302","description":"\u062a\u064a\u0627\u0631 \u0627\u0644\u062d\u0631\u064a\u0629 \u0627\u0644\u0643\u0648\u0631\u062f\u0633\u062a\u0627\u0646\u064a \u015eep\u00eala Azad\u00ee ya Kurdistan\u00ee","publisher":{"@id":"https:\/\/saknews.net\/ku\/#organization"},"potentialAction":[{"@type":"SearchAction","target":{"@type":"EntryPoint","urlTemplate":"https:\/\/saknews.net\/ku\/?s={search_term_string}"},"query-input":{"@type":"PropertyValueSpecification","valueRequired":true,"valueName":"search_term_string"}}],"inLanguage":"en-US"},{"@type":"Organization","@id":"https:\/\/saknews.net\/ku\/#organization","name":"\u015eep\u00eala Azadiy\u00ea ya Kurdistan\u00ea - \u062a\u064a\u0627\u0631 \u0627\u0644\u062d\u0631\u064a\u0629 \u0627\u0644\u0643\u0648\u0631\u062f\u0633\u062a\u0627\u0646\u064a","url":"https:\/\/saknews.net\/ku\/","logo":{"@type":"ImageObject","inLanguage":"en-US","@id":"https:\/\/saknews.net\/ku\/#\/schema\/logo\/image\/","url":"https:\/\/i0.wp.com\/saknews.net\/ku\/wp-content\/uploads\/2024\/11\/cropped-logo-1.png?fit=512%2C512&ssl=1","contentUrl":"https:\/\/i0.wp.com\/saknews.net\/ku\/wp-content\/uploads\/2024\/11\/cropped-logo-1.png?fit=512%2C512&ssl=1","width":512,"height":512,"caption":"\u015eep\u00eala Azadiy\u00ea ya Kurdistan\u00ea - \u062a\u064a\u0627\u0631 \u0627\u0644\u062d\u0631\u064a\u0629 \u0627\u0644\u0643\u0648\u0631\u062f\u0633\u062a\u0627\u0646\u064a"},"image":{"@id":"https:\/\/saknews.net\/ku\/#\/schema\/logo\/image\/"},"sameAs":["https:\/\/www.facebook.com\/Shepel.ewropa"]},{"@type":"Person","@id":"https:\/\/saknews.net\/ku\/#\/schema\/person\/72ae32a4041a3817e015b63d8f409058","name":"Horan Hem","url":"https:\/\/saknews.net\/ku\/?author=8"}]}},"featured_image_urls":{"full":["https:\/\/i0.wp.com\/saknews.net\/ku\/wp-content\/uploads\/2025\/02\/FB_IMG_1740164062246.jpg?fit=750%2C750&ssl=1",750,750,false],"thumbnail":["https:\/\/i0.wp.com\/saknews.net\/ku\/wp-content\/uploads\/2025\/02\/FB_IMG_1740164062246.jpg?resize=150%2C150&ssl=1",150,150,true],"medium":["https:\/\/i0.wp.com\/saknews.net\/ku\/wp-content\/uploads\/2025\/02\/FB_IMG_1740164062246.jpg?fit=300%2C300&ssl=1",300,300,true],"medium_large":["https:\/\/i0.wp.com\/saknews.net\/ku\/wp-content\/uploads\/2025\/02\/FB_IMG_1740164062246.jpg?fit=640%2C640&ssl=1",640,640,true],"large":["https:\/\/i0.wp.com\/saknews.net\/ku\/wp-content\/uploads\/2025\/02\/FB_IMG_1740164062246.jpg?fit=640%2C640&ssl=1",640,640,true],"1536x1536":["https:\/\/i0.wp.com\/saknews.net\/ku\/wp-content\/uploads\/2025\/02\/FB_IMG_1740164062246.jpg?fit=750%2C750&ssl=1",750,750,true],"2048x2048":["https:\/\/i0.wp.com\/saknews.net\/ku\/wp-content\/uploads\/2025\/02\/FB_IMG_1740164062246.jpg?fit=750%2C750&ssl=1",750,750,true],"covernews-featured":["https:\/\/i0.wp.com\/saknews.net\/ku\/wp-content\/uploads\/2025\/02\/FB_IMG_1740164062246.jpg?fit=750%2C750&ssl=1",750,750,true],"covernews-medium":["https:\/\/i0.wp.com\/saknews.net\/ku\/wp-content\/uploads\/2025\/02\/FB_IMG_1740164062246.jpg?resize=540%2C340&ssl=1",540,340,true]},"author_info":{"display_name":"Horan Hem","author_link":"https:\/\/saknews.net\/ku\/?author=8"},"category_info":"<a href=\"https:\/\/saknews.net\/ku\/?cat=34\" rel=\"category\">Daxuyan\u00ee<\/a>","tag_info":"Daxuyan\u00ee","comment_count":"0","_links":{"self":[{"href":"https:\/\/saknews.net\/ku\/index.php?rest_route=\/wp\/v2\/posts\/2099","targetHints":{"allow":["GET"]}}],"collection":[{"href":"https:\/\/saknews.net\/ku\/index.php?rest_route=\/wp\/v2\/posts"}],"about":[{"href":"https:\/\/saknews.net\/ku\/index.php?rest_route=\/wp\/v2\/types\/post"}],"author":[{"embeddable":true,"href":"https:\/\/saknews.net\/ku\/index.php?rest_route=\/wp\/v2\/users\/8"}],"replies":[{"embeddable":true,"href":"https:\/\/saknews.net\/ku\/index.php?rest_route=%2Fwp%2Fv2%2Fcomments&post=2099"}],"version-history":[{"count":2,"href":"https:\/\/saknews.net\/ku\/index.php?rest_route=\/wp\/v2\/posts\/2099\/revisions"}],"predecessor-version":[{"id":2102,"href":"https:\/\/saknews.net\/ku\/index.php?rest_route=\/wp\/v2\/posts\/2099\/revisions\/2102"}],"wp:featuredmedia":[{"embeddable":true,"href":"https:\/\/saknews.net\/ku\/index.php?rest_route=\/wp\/v2\/media\/2100"}],"wp:attachment":[{"href":"https:\/\/saknews.net\/ku\/index.php?rest_route=%2Fwp%2Fv2%2Fmedia&parent=2099"}],"wp:term":[{"taxonomy":"category","embeddable":true,"href":"https:\/\/saknews.net\/ku\/index.php?rest_route=%2Fwp%2Fv2%2Fcategories&post=2099"},{"taxonomy":"post_tag","embeddable":true,"href":"https:\/\/saknews.net\/ku\/index.php?rest_route=%2Fwp%2Fv2%2Ftags&post=2099"}],"curies":[{"name":"wp","href":"https:\/\/api.w.org\/{rel}","templated":true}]}}