{"id":2103,"date":"2025-02-24T23:39:18","date_gmt":"2025-02-24T23:39:18","guid":{"rendered":"https:\/\/saknews.net\/ku\/?p=2103"},"modified":"2025-02-24T23:51:39","modified_gmt":"2025-02-24T23:51:39","slug":"siyamend-haco-besdari-foruma-hewlere-dibe","status":"publish","type":"post","link":"https:\/\/saknews.net\/ku\/?p=2103","title":{"rendered":"Siyamend Haco be\u015fdar\u00ee For\u00fbma Hewl\u00ear\u00ea dibe"},"content":{"rendered":"<p>Serok\u00ea Of\u00eesa P\u00eawendiy\u00ean Derve ya Ber\u00ea Kurdistana S\u00fbriy\u00ea \u00fb Serok\u00ea \u015eep\u00eala Azad\u00ee ya Kurdistan\u00ee, Siyamend Haco, di for\u00fbma Hewl\u00ear\u00ea ya salane de ji bo got\u00fbb\u00eaja li ser p\u00ea\u015feroja Rojhilata Nav\u00een \u00fb maf\u00ean kem\u00eeneyan li S\u00fbriy\u00ea be\u015fdar dibe.<br \/>\nNavenda R\u00fbdaw\u00ea ya L\u00eakol\u00eenan li Hewl\u00ear\u00ea v\u00ee kar\u00ee bir\u00eave dibe, ku t\u00eade kesayetiy\u00ean siyas\u00ee \u00fb d\u00eeplomas\u00ee y\u00ean naskir\u00ee ji her\u00eam\u00ea \u00fb c\u00eehan\u00ea bi gi\u015ft\u00ee be\u015fdar bibin.<br \/>\nEv For\u00fbma han, Roja \u00c7ar\u015fem\u00ea di 26.02.2025an de destp\u00ea dike \u00fb s\u00ea rojan j\u00ee didome. Gelek berpirs\u00ean bilind j\u00ee di v\u00ea For\u00fbma \u00eesal de amade dibin, weke Serok\u00ea Her\u00eama Kurdistan\u00ea N\u00ea\u00e7\u00eervan Barzan\u00ee, Serokomar\u00ea \u00ceraq\u00ea Dr. Ebdilet\u00eef Re\u015f\u00eed, Serokwez\u00eer\u00ea \u00ceraq\u00ea Mihemed \u015eiyah S\u00fbdan\u00ee \u00fb \u00e7end akadem\u00eesyen \u00fb pispor\u00ean kar\u00fbbar\u00ean navdewlet\u00ee. <\/p>\n<p><img data-recalc-dims=\"1\" decoding=\"async\" data-src=\"https:\/\/i0.wp.com\/saknews.net\/ku\/wp-content\/uploads\/2025\/02\/Screenshot_20250224_233517_Chrome.jpg?resize=300%2C203&#038;ssl=1\" alt=\"\" width=\"300\" height=\"203\" class=\"alignright size-medium wp-image-2104 lazyload\" data-srcset=\"https:\/\/i0.wp.com\/saknews.net\/ku\/wp-content\/uploads\/2025\/02\/Screenshot_20250224_233517_Chrome.jpg?resize=300%2C203&amp;ssl=1 300w, https:\/\/i0.wp.com\/saknews.net\/ku\/wp-content\/uploads\/2025\/02\/Screenshot_20250224_233517_Chrome.jpg?resize=768%2C520&amp;ssl=1 768w, https:\/\/i0.wp.com\/saknews.net\/ku\/wp-content\/uploads\/2025\/02\/Screenshot_20250224_233517_Chrome.jpg?w=1004&amp;ssl=1 1004w\" data-sizes=\"(max-width: 300px) 100vw, 300px\" src=\"data:image\/svg+xml;base64,PHN2ZyB3aWR0aD0iMSIgaGVpZ2h0PSIxIiB4bWxucz0iaHR0cDovL3d3dy53My5vcmcvMjAwMC9zdmciPjwvc3ZnPg==\" style=\"--smush-placeholder-width: 300px; --smush-placeholder-aspect-ratio: 300\/203;\" \/><br \/>\nSerok\u00ea Of\u00eesa P\u00eawendiy\u00ean Derve ya Ber\u00ea Kurdistana S\u00fbriy\u00ea, Siyamend Haco, di roja diw\u00ea de be\u015fdar\u00ee pan\u00eala bi nav\u00ea \u201e Pi\u015ft\u00ee Rej\u00eema Esed: \u00c7awe hik\u00fbmet\u00ean welat\u00ean rojava d\u00ea karibin maf\u00ean kem\u00eeney\u00ean S\u00fbriy\u00ea bipar\u00eazin? \u201e be\u015fdar dibe.<br \/>\nHerwiha di v\u00ea pan\u00eala diw\u00ea de balyoza Almanya li \u00ceraq\u00ea, Christiane Hohmann j\u00ee be\u015fdar dibe ku B\u00eajer \u00fb Rojnamevan Dilbixw\u00een Dara w\u00ea panel\u00ea bir\u00eave dibe.<br \/>\nDi v\u00ea pan\u00eal\u00ea de, d\u00ea behsa astengiy\u00ean li p\u00ea\u015f p\u00eakhatey\u00ean S\u00fbriy\u00ea b\u00ea kirin, herwiha \u00e7awaniya pi\u015ftgir\u00eekirina aramiy\u00ea \u00fb misogerkirina maf\u00ean k\u00eam\u00eeneyan \u00fb maf\u00ean gel\u00ea Kurd li S\u00fbriy\u00ea b\u00ea kirin, di nava van guhertin\u00ean siyas\u00ee, ku S\u00fbriy\u00ea t\u00eare derbas b\u00fb \u00fb dibe j\u00ee.<br \/>\nEv for\u00fbm platformeke stratej\u00ee ji bo got\u00fbb\u00eaja derbar\u00ea p\u00ea\u015feroja Rojhilata Nav\u00een e, ku be\u015fdar behsa pirs\u00ean ewlehiya her\u00eam\u00ee, siyaset\u00ean navdewlet\u00ee li her\u00eam\u00ea \u00fb p\u00ea\u015feroja \u00ceraq \u00fb S\u00fbriy\u00ea, herwiha p\u00eawendiy\u00ean welat\u00ean zilh\u00eaz \u00fb bandor\u00ean wan li ser Rojhilata Nav\u00een.<br \/>\nD\u00ea hevd\u00eetin \u00fb got\u00fbb\u00eaj\u00ean k\u00fbr di navbera berpirs\u00ean hik\u00fbm\u00ee \u00fb pispor\u00ean stratej\u00ee de di derbar\u00ea pirs\u00ean her\u00ee germ de li her\u00eam\u00ea, di v\u00ea for\u00fbm\u00ea de b\u00eane encam dan. <\/p>\n","protected":false},"excerpt":{"rendered":"<p>Serok\u00ea Of\u00eesa P\u00eawendiy\u00ean Derve ya Ber\u00ea Kurdistana S\u00fbriy\u00ea \u00fb Serok\u00ea \u015eep\u00eala Azad\u00ee ya Kurdistan\u00ee, Siyamend&#8230;<\/p>\n","protected":false},"author":8,"featured_media":2105,"comment_status":"closed","ping_status":"closed","sticky":false,"template":"","format":"standard","meta":{"footnotes":""},"categories":[49],"tags":[],"class_list":["post-2103","post","type-post","status-publish","format-standard","has-post-thumbnail","hentry","category-nuce"],"yoast_head":"<!-- This site is optimized with the Yoast SEO plugin v27.5 - https:\/\/yoast.com\/product\/yoast-seo-wordpress\/ -->\n<title>Siyamend Haco be\u015fdar\u00ee For\u00fbma Hewl\u00ear\u00ea dibe &#8226; \u015eAK<\/title>\n<meta name=\"robots\" content=\"index, follow, max-snippet:-1, max-image-preview:large, max-video-preview:-1\" \/>\n<link rel=\"canonical\" href=\"https:\/\/saknews.net\/ku\/?p=2103\" \/>\n<meta property=\"og:locale\" content=\"en_US\" \/>\n<meta property=\"og:type\" content=\"article\" \/>\n<meta property=\"og:title\" content=\"Siyamend Haco be\u015fdar\u00ee For\u00fbma Hewl\u00ear\u00ea dibe &#8226; \u015eAK\" \/>\n<meta property=\"og:description\" content=\"Serok\u00ea Of\u00eesa P\u00eawendiy\u00ean Derve ya Ber\u00ea Kurdistana S\u00fbriy\u00ea \u00fb Serok\u00ea \u015eep\u00eala Azad\u00ee ya Kurdistan\u00ee, Siyamend...\" \/>\n<meta property=\"og:url\" content=\"https:\/\/saknews.net\/ku\/?p=2103\" \/>\n<meta property=\"og:site_name\" content=\"\u015eAK\" \/>\n<meta property=\"article:publisher\" content=\"https:\/\/www.facebook.com\/Shepel.ewropa\" \/>\n<meta property=\"article:published_time\" content=\"2025-02-24T23:39:18+00:00\" \/>\n<meta property=\"article:modified_time\" content=\"2025-02-24T23:51:39+00:00\" \/>\n<meta property=\"og:image\" content=\"https:\/\/saknews.net\/ku\/wp-content\/uploads\/2025\/02\/Screenshot_20250224_233749_Chrome.jpg\" \/>\n\t<meta property=\"og:image:width\" content=\"1849\" \/>\n\t<meta property=\"og:image:height\" content=\"1080\" \/>\n\t<meta property=\"og:image:type\" content=\"image\/jpeg\" \/>\n<meta name=\"author\" content=\"Horan Hem\" \/>\n<meta name=\"twitter:card\" content=\"summary_large_image\" \/>\n<meta name=\"twitter:label1\" content=\"Written by\" \/>\n\t<meta name=\"twitter:data1\" content=\"Horan Hem\" \/>\n\t<meta name=\"twitter:label2\" content=\"Est. reading time\" \/>\n\t<meta name=\"twitter:data2\" content=\"2 minutes\" \/>\n<script type=\"application\/ld+json\" class=\"yoast-schema-graph\">{\"@context\":\"https:\\\/\\\/schema.org\",\"@graph\":[{\"@type\":\"Article\",\"@id\":\"https:\\\/\\\/saknews.net\\\/ku\\\/?p=2103#article\",\"isPartOf\":{\"@id\":\"https:\\\/\\\/saknews.net\\\/ku\\\/?p=2103\"},\"author\":{\"name\":\"Horan Hem\",\"@id\":\"https:\\\/\\\/saknews.net\\\/ku\\\/#\\\/schema\\\/person\\\/72ae32a4041a3817e015b63d8f409058\"},\"headline\":\"Siyamend Haco be\u015fdar\u00ee For\u00fbma Hewl\u00ear\u00ea dibe\",\"datePublished\":\"2025-02-24T23:39:18+00:00\",\"dateModified\":\"2025-02-24T23:51:39+00:00\",\"mainEntityOfPage\":{\"@id\":\"https:\\\/\\\/saknews.net\\\/ku\\\/?p=2103\"},\"wordCount\":380,\"publisher\":{\"@id\":\"https:\\\/\\\/saknews.net\\\/ku\\\/#organization\"},\"image\":{\"@id\":\"https:\\\/\\\/saknews.net\\\/ku\\\/?p=2103#primaryimage\"},\"thumbnailUrl\":\"https:\\\/\\\/i0.wp.com\\\/saknews.net\\\/ku\\\/wp-content\\\/uploads\\\/2025\\\/02\\\/Screenshot_20250224_233749_Chrome.jpg?fit=1849%2C1080&ssl=1\",\"articleSection\":[\"N\u00fb\u00e7e\"],\"inLanguage\":\"en-US\"},{\"@type\":\"WebPage\",\"@id\":\"https:\\\/\\\/saknews.net\\\/ku\\\/?p=2103\",\"url\":\"https:\\\/\\\/saknews.net\\\/ku\\\/?p=2103\",\"name\":\"Siyamend Haco be\u015fdar\u00ee For\u00fbma Hewl\u00ear\u00ea dibe &#8226; \u015eAK\",\"isPartOf\":{\"@id\":\"https:\\\/\\\/saknews.net\\\/ku\\\/#website\"},\"primaryImageOfPage\":{\"@id\":\"https:\\\/\\\/saknews.net\\\/ku\\\/?p=2103#primaryimage\"},\"image\":{\"@id\":\"https:\\\/\\\/saknews.net\\\/ku\\\/?p=2103#primaryimage\"},\"thumbnailUrl\":\"https:\\\/\\\/i0.wp.com\\\/saknews.net\\\/ku\\\/wp-content\\\/uploads\\\/2025\\\/02\\\/Screenshot_20250224_233749_Chrome.jpg?fit=1849%2C1080&ssl=1\",\"datePublished\":\"2025-02-24T23:39:18+00:00\",\"dateModified\":\"2025-02-24T23:51:39+00:00\",\"breadcrumb\":{\"@id\":\"https:\\\/\\\/saknews.net\\\/ku\\\/?p=2103#breadcrumb\"},\"inLanguage\":\"en-US\",\"potentialAction\":[{\"@type\":\"ReadAction\",\"target\":[\"https:\\\/\\\/saknews.net\\\/ku\\\/?p=2103\"]}]},{\"@type\":\"ImageObject\",\"inLanguage\":\"en-US\",\"@id\":\"https:\\\/\\\/saknews.net\\\/ku\\\/?p=2103#primaryimage\",\"url\":\"https:\\\/\\\/i0.wp.com\\\/saknews.net\\\/ku\\\/wp-content\\\/uploads\\\/2025\\\/02\\\/Screenshot_20250224_233749_Chrome.jpg?fit=1849%2C1080&ssl=1\",\"contentUrl\":\"https:\\\/\\\/i0.wp.com\\\/saknews.net\\\/ku\\\/wp-content\\\/uploads\\\/2025\\\/02\\\/Screenshot_20250224_233749_Chrome.jpg?fit=1849%2C1080&ssl=1\",\"width\":1849,\"height\":1080},{\"@type\":\"BreadcrumbList\",\"@id\":\"https:\\\/\\\/saknews.net\\\/ku\\\/?p=2103#breadcrumb\",\"itemListElement\":[{\"@type\":\"ListItem\",\"position\":1,\"name\":\"\u0627\u0644\u0631\u0626\u064a\u0633\u064a\u0629\",\"item\":\"https:\\\/\\\/saknews.net\\\/ku\\\/\"},{\"@type\":\"ListItem\",\"position\":2,\"name\":\"N\u00fb\u00e7e\",\"item\":\"https:\\\/\\\/saknews.net\\\/ku\\\/?cat=49\"},{\"@type\":\"ListItem\",\"position\":3,\"name\":\"Siyamend Haco be\u015fdar\u00ee For\u00fbma Hewl\u00ear\u00ea dibe\"}]},{\"@type\":\"WebSite\",\"@id\":\"https:\\\/\\\/saknews.net\\\/ku\\\/#website\",\"url\":\"https:\\\/\\\/saknews.net\\\/ku\\\/\",\"name\":\"S\u0327epe\u0302la Azadi\u0302 ya Kurdistani\u0302\",\"description\":\"\u062a\u064a\u0627\u0631 \u0627\u0644\u062d\u0631\u064a\u0629 \u0627\u0644\u0643\u0648\u0631\u062f\u0633\u062a\u0627\u0646\u064a \u015eep\u00eala Azad\u00ee ya Kurdistan\u00ee\",\"publisher\":{\"@id\":\"https:\\\/\\\/saknews.net\\\/ku\\\/#organization\"},\"potentialAction\":[{\"@type\":\"SearchAction\",\"target\":{\"@type\":\"EntryPoint\",\"urlTemplate\":\"https:\\\/\\\/saknews.net\\\/ku\\\/?s={search_term_string}\"},\"query-input\":{\"@type\":\"PropertyValueSpecification\",\"valueRequired\":true,\"valueName\":\"search_term_string\"}}],\"inLanguage\":\"en-US\"},{\"@type\":\"Organization\",\"@id\":\"https:\\\/\\\/saknews.net\\\/ku\\\/#organization\",\"name\":\"\u015eep\u00eala Azadiy\u00ea ya Kurdistan\u00ea - \u062a\u064a\u0627\u0631 \u0627\u0644\u062d\u0631\u064a\u0629 \u0627\u0644\u0643\u0648\u0631\u062f\u0633\u062a\u0627\u0646\u064a\",\"url\":\"https:\\\/\\\/saknews.net\\\/ku\\\/\",\"logo\":{\"@type\":\"ImageObject\",\"inLanguage\":\"en-US\",\"@id\":\"https:\\\/\\\/saknews.net\\\/ku\\\/#\\\/schema\\\/logo\\\/image\\\/\",\"url\":\"https:\\\/\\\/i0.wp.com\\\/saknews.net\\\/ku\\\/wp-content\\\/uploads\\\/2024\\\/11\\\/cropped-logo-1.png?fit=512%2C512&ssl=1\",\"contentUrl\":\"https:\\\/\\\/i0.wp.com\\\/saknews.net\\\/ku\\\/wp-content\\\/uploads\\\/2024\\\/11\\\/cropped-logo-1.png?fit=512%2C512&ssl=1\",\"width\":512,\"height\":512,\"caption\":\"\u015eep\u00eala Azadiy\u00ea ya Kurdistan\u00ea - \u062a\u064a\u0627\u0631 \u0627\u0644\u062d\u0631\u064a\u0629 \u0627\u0644\u0643\u0648\u0631\u062f\u0633\u062a\u0627\u0646\u064a\"},\"image\":{\"@id\":\"https:\\\/\\\/saknews.net\\\/ku\\\/#\\\/schema\\\/logo\\\/image\\\/\"},\"sameAs\":[\"https:\\\/\\\/www.facebook.com\\\/Shepel.ewropa\"]},{\"@type\":\"Person\",\"@id\":\"https:\\\/\\\/saknews.net\\\/ku\\\/#\\\/schema\\\/person\\\/72ae32a4041a3817e015b63d8f409058\",\"name\":\"Horan Hem\",\"url\":\"https:\\\/\\\/saknews.net\\\/ku\\\/?author=8\"}]}<\/script>\n<!-- \/ Yoast SEO plugin. -->","yoast_head_json":{"title":"Siyamend Haco be\u015fdar\u00ee For\u00fbma Hewl\u00ear\u00ea dibe &#8226; \u015eAK","robots":{"index":"index","follow":"follow","max-snippet":"max-snippet:-1","max-image-preview":"max-image-preview:large","max-video-preview":"max-video-preview:-1"},"canonical":"https:\/\/saknews.net\/ku\/?p=2103","og_locale":"en_US","og_type":"article","og_title":"Siyamend Haco be\u015fdar\u00ee For\u00fbma Hewl\u00ear\u00ea dibe &#8226; \u015eAK","og_description":"Serok\u00ea Of\u00eesa P\u00eawendiy\u00ean Derve ya Ber\u00ea Kurdistana S\u00fbriy\u00ea \u00fb Serok\u00ea \u015eep\u00eala Azad\u00ee ya Kurdistan\u00ee, Siyamend...","og_url":"https:\/\/saknews.net\/ku\/?p=2103","og_site_name":"\u015eAK","article_publisher":"https:\/\/www.facebook.com\/Shepel.ewropa","article_published_time":"2025-02-24T23:39:18+00:00","article_modified_time":"2025-02-24T23:51:39+00:00","og_image":[{"width":1849,"height":1080,"url":"https:\/\/saknews.net\/ku\/wp-content\/uploads\/2025\/02\/Screenshot_20250224_233749_Chrome.jpg","type":"image\/jpeg"}],"author":"Horan Hem","twitter_card":"summary_large_image","twitter_misc":{"Written by":"Horan Hem","Est. reading time":"2 minutes"},"schema":{"@context":"https:\/\/schema.org","@graph":[{"@type":"Article","@id":"https:\/\/saknews.net\/ku\/?p=2103#article","isPartOf":{"@id":"https:\/\/saknews.net\/ku\/?p=2103"},"author":{"name":"Horan Hem","@id":"https:\/\/saknews.net\/ku\/#\/schema\/person\/72ae32a4041a3817e015b63d8f409058"},"headline":"Siyamend Haco be\u015fdar\u00ee For\u00fbma Hewl\u00ear\u00ea dibe","datePublished":"2025-02-24T23:39:18+00:00","dateModified":"2025-02-24T23:51:39+00:00","mainEntityOfPage":{"@id":"https:\/\/saknews.net\/ku\/?p=2103"},"wordCount":380,"publisher":{"@id":"https:\/\/saknews.net\/ku\/#organization"},"image":{"@id":"https:\/\/saknews.net\/ku\/?p=2103#primaryimage"},"thumbnailUrl":"https:\/\/i0.wp.com\/saknews.net\/ku\/wp-content\/uploads\/2025\/02\/Screenshot_20250224_233749_Chrome.jpg?fit=1849%2C1080&ssl=1","articleSection":["N\u00fb\u00e7e"],"inLanguage":"en-US"},{"@type":"WebPage","@id":"https:\/\/saknews.net\/ku\/?p=2103","url":"https:\/\/saknews.net\/ku\/?p=2103","name":"Siyamend Haco be\u015fdar\u00ee For\u00fbma Hewl\u00ear\u00ea dibe &#8226; \u015eAK","isPartOf":{"@id":"https:\/\/saknews.net\/ku\/#website"},"primaryImageOfPage":{"@id":"https:\/\/saknews.net\/ku\/?p=2103#primaryimage"},"image":{"@id":"https:\/\/saknews.net\/ku\/?p=2103#primaryimage"},"thumbnailUrl":"https:\/\/i0.wp.com\/saknews.net\/ku\/wp-content\/uploads\/2025\/02\/Screenshot_20250224_233749_Chrome.jpg?fit=1849%2C1080&ssl=1","datePublished":"2025-02-24T23:39:18+00:00","dateModified":"2025-02-24T23:51:39+00:00","breadcrumb":{"@id":"https:\/\/saknews.net\/ku\/?p=2103#breadcrumb"},"inLanguage":"en-US","potentialAction":[{"@type":"ReadAction","target":["https:\/\/saknews.net\/ku\/?p=2103"]}]},{"@type":"ImageObject","inLanguage":"en-US","@id":"https:\/\/saknews.net\/ku\/?p=2103#primaryimage","url":"https:\/\/i0.wp.com\/saknews.net\/ku\/wp-content\/uploads\/2025\/02\/Screenshot_20250224_233749_Chrome.jpg?fit=1849%2C1080&ssl=1","contentUrl":"https:\/\/i0.wp.com\/saknews.net\/ku\/wp-content\/uploads\/2025\/02\/Screenshot_20250224_233749_Chrome.jpg?fit=1849%2C1080&ssl=1","width":1849,"height":1080},{"@type":"BreadcrumbList","@id":"https:\/\/saknews.net\/ku\/?p=2103#breadcrumb","itemListElement":[{"@type":"ListItem","position":1,"name":"\u0627\u0644\u0631\u0626\u064a\u0633\u064a\u0629","item":"https:\/\/saknews.net\/ku\/"},{"@type":"ListItem","position":2,"name":"N\u00fb\u00e7e","item":"https:\/\/saknews.net\/ku\/?cat=49"},{"@type":"ListItem","position":3,"name":"Siyamend Haco be\u015fdar\u00ee For\u00fbma Hewl\u00ear\u00ea dibe"}]},{"@type":"WebSite","@id":"https:\/\/saknews.net\/ku\/#website","url":"https:\/\/saknews.net\/ku\/","name":"S\u0327epe\u0302la Azadi\u0302 ya Kurdistani\u0302","description":"\u062a\u064a\u0627\u0631 \u0627\u0644\u062d\u0631\u064a\u0629 \u0627\u0644\u0643\u0648\u0631\u062f\u0633\u062a\u0627\u0646\u064a \u015eep\u00eala Azad\u00ee ya Kurdistan\u00ee","publisher":{"@id":"https:\/\/saknews.net\/ku\/#organization"},"potentialAction":[{"@type":"SearchAction","target":{"@type":"EntryPoint","urlTemplate":"https:\/\/saknews.net\/ku\/?s={search_term_string}"},"query-input":{"@type":"PropertyValueSpecification","valueRequired":true,"valueName":"search_term_string"}}],"inLanguage":"en-US"},{"@type":"Organization","@id":"https:\/\/saknews.net\/ku\/#organization","name":"\u015eep\u00eala Azadiy\u00ea ya Kurdistan\u00ea - \u062a\u064a\u0627\u0631 \u0627\u0644\u062d\u0631\u064a\u0629 \u0627\u0644\u0643\u0648\u0631\u062f\u0633\u062a\u0627\u0646\u064a","url":"https:\/\/saknews.net\/ku\/","logo":{"@type":"ImageObject","inLanguage":"en-US","@id":"https:\/\/saknews.net\/ku\/#\/schema\/logo\/image\/","url":"https:\/\/i0.wp.com\/saknews.net\/ku\/wp-content\/uploads\/2024\/11\/cropped-logo-1.png?fit=512%2C512&ssl=1","contentUrl":"https:\/\/i0.wp.com\/saknews.net\/ku\/wp-content\/uploads\/2024\/11\/cropped-logo-1.png?fit=512%2C512&ssl=1","width":512,"height":512,"caption":"\u015eep\u00eala Azadiy\u00ea ya Kurdistan\u00ea - \u062a\u064a\u0627\u0631 \u0627\u0644\u062d\u0631\u064a\u0629 \u0627\u0644\u0643\u0648\u0631\u062f\u0633\u062a\u0627\u0646\u064a"},"image":{"@id":"https:\/\/saknews.net\/ku\/#\/schema\/logo\/image\/"},"sameAs":["https:\/\/www.facebook.com\/Shepel.ewropa"]},{"@type":"Person","@id":"https:\/\/saknews.net\/ku\/#\/schema\/person\/72ae32a4041a3817e015b63d8f409058","name":"Horan Hem","url":"https:\/\/saknews.net\/ku\/?author=8"}]}},"featured_image_urls":{"full":["https:\/\/i0.wp.com\/saknews.net\/ku\/wp-content\/uploads\/2025\/02\/Screenshot_20250224_233749_Chrome.jpg?fit=1849%2C1080&ssl=1",1849,1080,false],"thumbnail":["https:\/\/i0.wp.com\/saknews.net\/ku\/wp-content\/uploads\/2025\/02\/Screenshot_20250224_233749_Chrome.jpg?resize=150%2C150&ssl=1",150,150,true],"medium":["https:\/\/i0.wp.com\/saknews.net\/ku\/wp-content\/uploads\/2025\/02\/Screenshot_20250224_233749_Chrome.jpg?fit=300%2C175&ssl=1",300,175,true],"medium_large":["https:\/\/i0.wp.com\/saknews.net\/ku\/wp-content\/uploads\/2025\/02\/Screenshot_20250224_233749_Chrome.jpg?fit=640%2C374&ssl=1",640,374,true],"large":["https:\/\/i0.wp.com\/saknews.net\/ku\/wp-content\/uploads\/2025\/02\/Screenshot_20250224_233749_Chrome.jpg?fit=640%2C374&ssl=1",640,374,true],"1536x1536":["https:\/\/i0.wp.com\/saknews.net\/ku\/wp-content\/uploads\/2025\/02\/Screenshot_20250224_233749_Chrome.jpg?fit=1536%2C897&ssl=1",1536,897,true],"2048x2048":["https:\/\/i0.wp.com\/saknews.net\/ku\/wp-content\/uploads\/2025\/02\/Screenshot_20250224_233749_Chrome.jpg?fit=1849%2C1080&ssl=1",1849,1080,true],"covernews-featured":["https:\/\/i0.wp.com\/saknews.net\/ku\/wp-content\/uploads\/2025\/02\/Screenshot_20250224_233749_Chrome.jpg?fit=1024%2C598&ssl=1",1024,598,true],"covernews-medium":["https:\/\/i0.wp.com\/saknews.net\/ku\/wp-content\/uploads\/2025\/02\/Screenshot_20250224_233749_Chrome.jpg?resize=540%2C340&ssl=1",540,340,true]},"author_info":{"display_name":"Horan Hem","author_link":"https:\/\/saknews.net\/ku\/?author=8"},"category_info":"<a href=\"https:\/\/saknews.net\/ku\/?cat=49\" rel=\"category\">N\u00fb\u00e7e<\/a>","tag_info":"N\u00fb\u00e7e","comment_count":"0","_links":{"self":[{"href":"https:\/\/saknews.net\/ku\/index.php?rest_route=\/wp\/v2\/posts\/2103","targetHints":{"allow":["GET"]}}],"collection":[{"href":"https:\/\/saknews.net\/ku\/index.php?rest_route=\/wp\/v2\/posts"}],"about":[{"href":"https:\/\/saknews.net\/ku\/index.php?rest_route=\/wp\/v2\/types\/post"}],"author":[{"embeddable":true,"href":"https:\/\/saknews.net\/ku\/index.php?rest_route=\/wp\/v2\/users\/8"}],"replies":[{"embeddable":true,"href":"https:\/\/saknews.net\/ku\/index.php?rest_route=%2Fwp%2Fv2%2Fcomments&post=2103"}],"version-history":[{"count":7,"href":"https:\/\/saknews.net\/ku\/index.php?rest_route=\/wp\/v2\/posts\/2103\/revisions"}],"predecessor-version":[{"id":2112,"href":"https:\/\/saknews.net\/ku\/index.php?rest_route=\/wp\/v2\/posts\/2103\/revisions\/2112"}],"wp:featuredmedia":[{"embeddable":true,"href":"https:\/\/saknews.net\/ku\/index.php?rest_route=\/wp\/v2\/media\/2105"}],"wp:attachment":[{"href":"https:\/\/saknews.net\/ku\/index.php?rest_route=%2Fwp%2Fv2%2Fmedia&parent=2103"}],"wp:term":[{"taxonomy":"category","embeddable":true,"href":"https:\/\/saknews.net\/ku\/index.php?rest_route=%2Fwp%2Fv2%2Fcategories&post=2103"},{"taxonomy":"post_tag","embeddable":true,"href":"https:\/\/saknews.net\/ku\/index.php?rest_route=%2Fwp%2Fv2%2Ftags&post=2103"}],"curies":[{"name":"wp","href":"https:\/\/api.w.org\/{rel}","templated":true}]}}