{"id":2113,"date":"2025-02-26T08:04:53","date_gmt":"2025-02-26T08:04:53","guid":{"rendered":"https:\/\/saknews.net\/ku\/?p=2113"},"modified":"2025-02-26T08:05:57","modified_gmt":"2025-02-26T08:05:57","slug":"bere-kurdistana-suriye-ise-me-ne-dur-u-ne-ji-nezik-ji-encamen-kongreye-gotubeje-tine-ye","status":"publish","type":"post","link":"https:\/\/saknews.net\/ku\/?p=2113","title":{"rendered":"Ber\u00ea Kurdistana S\u00fbriy\u00ea: \u00ce\u015f\u00ea me ne d\u00fbr \u00fb ne j\u00ee n\u00eaz\u00eek ji encam\u00ean kongrey\u00ea got\u00fbb\u00eaj\u00ea tine ye"},"content":{"rendered":"<p>Ber\u00ea Kurdistana S\u00fbriy\u00ea derbar\u00ea encam\u00ean Kongrey\u00ea Got\u00fbb\u00eaja Ni\u015ftiman\u00ee ya S\u00fbr\u00ee daxuyaniyek belav kir \u00fb got ew p\u00ea ne pabend in \u00fb \u00ee\u015f\u00ea wan ne d\u00fbr \u00fb ne j\u00ee n\u00eaz\u00eek j\u00ea n\u00eene, ji ber ku maf\u00ean gel\u00ea Kurd li ber \u00e7avan negirtine \u00fb kurd weke p\u00eakhate hatine pi\u015ftguhkirin \u00fb ti\u015ft\u00ea b\u00fbye jin\u00fbve avakirina s\u00eestema navend\u00ee ye ku ti car\u00ee qeb\u00fbl nakin. Deqeya daxuyaniy\u00ea:<\/p>\n<p><strong>Daxuyan\u00ee derbar\u00ea encam\u00ean Kongrey\u00ea Got\u00fbb\u00eaja Ni\u015ftiman\u00ee ya S\u00fbr\u00ee<\/strong><\/p>\n<p>Ber\u00ea Kurdistana S\u00fbriy\u00ea agahdar\u00ee encam\u00ean Kongrey\u00ea Got\u00fbb\u00eaja Ni\u015ftiman\u00ee ya S\u00fbr\u00ee b\u00fb \u00fb dib\u00eene ew ti car\u00ee h\u00eaviy\u00ean gel\u00ea Kurd n\u00ee\u015fan nade, l\u00ea bel\u00ea jin\u00fbve \u00e7\u00eakirina s\u00eestema navend\u00ee ye l\u00ea bi rengek\u00ee n\u00fb, b\u00eay\u00ee pabendb\u00fbneke rasteq\u00eene bi pirens\u00eep\u00ean dadperweriy\u00ea \u00fb danas\u00eena bi maf\u00ean rewa y\u00ean tevahiya p\u00eakhateyan li S\u00fbriy\u00ea.<br \/>\nYa balk\u00ea\u015f j\u00ee, di benda yek\u00ea de behsa \u201e parastina yekb\u00fbna Komara Ereb\u00ee ya S\u00fbr\u00ee \u00fb qeb\u00fblnekirina her reng\u00ea dabe\u015fkirin \u00fb per\u00e7eb\u00fbn\u00ea \u201e dike \u00fb rijdb\u00fbna li ser binavkirina S\u00fbriy\u00ea bi ereb\u00ee, ku j\u00ea t\u00ea f\u00eamkirin ku mebesta wan kurd in. Her dema kurd daxwaza maf\u00ean xwe bikin bi bihaney\u00ean per\u00e7ekirina wel\u00eat t\u00eane tohmetbarkirin. Wate Tinekirin \u00fb pi\u015ftguhkirina heb\u00fbn \u00fb maf\u00ean gel\u00ea Kurd weke diwem mestir\u00een netew li S\u00fbriy\u00ea, tev\u00ee ku ew berdewam daxwaza avakirina S\u00fbriyak demokrat \u00fb pirreng dikin ku r\u00eaz\u00ea li maf\u00ean tevahiya p\u00eakhateyan bigire.<br \/>\nEv h\u00een ji bil\u00ee bid\u00fbrxistina n\u00fbner\u00ean rasteq\u00eene ji be\u015fdarb\u00fbna di kongrey\u00ea de \u00fb amadekirina w\u00ee weke hevpar\u00ean rasteq\u00eene li welat\u00ee.<br \/>\nLi aliyek\u00ee din j\u00ee, ti pabendb\u00fbneke zelal bi pirens\u00eep\u00ean naskir\u00ee y\u00ean navdewlet\u00ee ji bo \u00e7areserkirina kir\u00eezan \u00fb dadperweriya veguh\u00eaz neb\u00fbye. Dadweriya veguh\u00eaz ten\u00ea bi tawan\u00ean rej\u00eem\u00ea ve gir\u00eadidin b\u00eay\u00ee behsa tawan\u00ean ku grop\u00ean \u00e7ekdar \u00ean gir\u00eaday\u00ee Tirkiy\u00ea li Efr\u00een, Ser\u00ea Kaniy\u00ea \u00fb Gir\u00ea Sp\u00ee encam dane, bikin.<br \/>\nEm weke Ber\u00ea Kurdistana S\u00fbriy\u00ea, encam\u00ean v\u00ee kongrey\u00ee qeb\u00fbl nakin \u00fb ti \u00ee\u015f\u00ea me j\u00ee, ne d\u00fbr \u00fb ne j\u00ee n\u00eaz\u00eek, p\u00eave n\u00eene. Herwiha em her hewleke jin\u00fbve avakirina s\u00eestema navend\u00ee ku kurdan \u00fb p\u00eakhatey\u00ean din d\u00fbr bixe \u00fb danas\u00een\u00ea bi maf\u00ean kurdan neke, qeb\u00fbl nakin. Ti \u00e7are li S\u00fbriy\u00ea bi r\u00eaya jin\u00fbve avakirina s\u00eestema navend\u00ee nay\u00ea d\u00eetin, l\u00ea bel\u00ea ten\u00ea bi r\u00eaya s\u00eestemeke demokrat \u00fb federal, ku maf\u00ean tevahiya p\u00eakhateyan b\u00eay\u00ee cudah\u00ee bipar\u00eaze.<br \/>\nCareke din, em bang li part\u00ee \u00fb aliy\u00ean kurd ( di nav de j\u00ee ENKS \u00fb PYD) dikin dersan ji encam\u00ean v\u00ee kongrey\u00ee bigrin, ku bi ti away\u00ee behsa kurdan \u00fb maf\u00ean wan nekir \u00fb ew pi\u015ftguh kirin. Ji ber v\u00ea j\u00ee, div\u00ea di z\u00fbtir\u00een dem de aliy\u00ean kurd li hev bicivin \u00fb ner\u00eeneke siyas\u00ee ya hevbe\u015f derkeve, ku daxwaz\u00ean rewa y\u00ean gel\u00ea kurd li S\u00fbriy\u00ea li ber \u00e7avan bigire \u00fb be\u015fdariya wan di her piroseyeke siyas\u00ee di p\u00ea\u015feroj\u00ea de misoger bike.<\/p>\n<p>Ber\u00ea Kurdistana S\u00fbriy\u00ea<br \/>\n25.05.2025<\/p>\n","protected":false},"excerpt":{"rendered":"<p>Ber\u00ea Kurdistana S\u00fbriy\u00ea derbar\u00ea encam\u00ean Kongrey\u00ea Got\u00fbb\u00eaja Ni\u015ftiman\u00ee ya S\u00fbr\u00ee daxuyaniyek belav kir \u00fb got&#8230;<\/p>\n","protected":false},"author":8,"featured_media":2114,"comment_status":"closed","ping_status":"closed","sticky":false,"template":"","format":"standard","meta":{"footnotes":""},"categories":[34],"tags":[],"class_list":["post-2113","post","type-post","status-publish","format-standard","has-post-thumbnail","hentry","category-daxuyani"],"yoast_head":"<!-- This site is optimized with the Yoast SEO plugin v27.5 - https:\/\/yoast.com\/product\/yoast-seo-wordpress\/ -->\n<title>Ber\u00ea Kurdistana S\u00fbriy\u00ea: \u00ce\u015f\u00ea me ne d\u00fbr \u00fb ne j\u00ee n\u00eaz\u00eek ji encam\u00ean kongrey\u00ea got\u00fbb\u00eaj\u00ea tine ye &#8226; \u015eAK<\/title>\n<meta name=\"robots\" content=\"index, follow, max-snippet:-1, max-image-preview:large, max-video-preview:-1\" \/>\n<link rel=\"canonical\" href=\"https:\/\/saknews.net\/ku\/?p=2113\" \/>\n<meta property=\"og:locale\" content=\"en_US\" \/>\n<meta property=\"og:type\" content=\"article\" \/>\n<meta property=\"og:title\" content=\"Ber\u00ea Kurdistana S\u00fbriy\u00ea: \u00ce\u015f\u00ea me ne d\u00fbr \u00fb ne j\u00ee n\u00eaz\u00eek ji encam\u00ean kongrey\u00ea got\u00fbb\u00eaj\u00ea tine ye &#8226; \u015eAK\" \/>\n<meta property=\"og:description\" content=\"Ber\u00ea Kurdistana S\u00fbriy\u00ea derbar\u00ea encam\u00ean Kongrey\u00ea Got\u00fbb\u00eaja Ni\u015ftiman\u00ee ya S\u00fbr\u00ee daxuyaniyek belav kir \u00fb got...\" \/>\n<meta property=\"og:url\" content=\"https:\/\/saknews.net\/ku\/?p=2113\" \/>\n<meta property=\"og:site_name\" content=\"\u015eAK\" \/>\n<meta property=\"article:publisher\" content=\"https:\/\/www.facebook.com\/Shepel.ewropa\" \/>\n<meta property=\"article:published_time\" content=\"2025-02-26T08:04:53+00:00\" \/>\n<meta property=\"article:modified_time\" content=\"2025-02-26T08:05:57+00:00\" \/>\n<meta property=\"og:image\" content=\"https:\/\/saknews.net\/ku\/wp-content\/uploads\/2025\/02\/\u0644\u0644\u0645\u0648\u0642\u0639_20250225_210053_0000.jpg\" \/>\n\t<meta property=\"og:image:width\" content=\"1920\" \/>\n\t<meta property=\"og:image:height\" content=\"1080\" \/>\n\t<meta property=\"og:image:type\" content=\"image\/jpeg\" \/>\n<meta name=\"author\" content=\"Horan Hem\" \/>\n<meta name=\"twitter:card\" content=\"summary_large_image\" \/>\n<meta name=\"twitter:label1\" content=\"Written by\" \/>\n\t<meta name=\"twitter:data1\" content=\"Horan Hem\" \/>\n\t<meta name=\"twitter:label2\" content=\"Est. reading time\" \/>\n\t<meta name=\"twitter:data2\" content=\"3 minutes\" \/>\n<script type=\"application\/ld+json\" class=\"yoast-schema-graph\">{\"@context\":\"https:\\\/\\\/schema.org\",\"@graph\":[{\"@type\":\"Article\",\"@id\":\"https:\\\/\\\/saknews.net\\\/ku\\\/?p=2113#article\",\"isPartOf\":{\"@id\":\"https:\\\/\\\/saknews.net\\\/ku\\\/?p=2113\"},\"author\":{\"name\":\"Horan Hem\",\"@id\":\"https:\\\/\\\/saknews.net\\\/ku\\\/#\\\/schema\\\/person\\\/72ae32a4041a3817e015b63d8f409058\"},\"headline\":\"Ber\u00ea Kurdistana S\u00fbriy\u00ea: \u00ce\u015f\u00ea me ne d\u00fbr \u00fb ne j\u00ee n\u00eaz\u00eek ji encam\u00ean kongrey\u00ea got\u00fbb\u00eaj\u00ea tine ye\",\"datePublished\":\"2025-02-26T08:04:53+00:00\",\"dateModified\":\"2025-02-26T08:05:57+00:00\",\"mainEntityOfPage\":{\"@id\":\"https:\\\/\\\/saknews.net\\\/ku\\\/?p=2113\"},\"wordCount\":555,\"publisher\":{\"@id\":\"https:\\\/\\\/saknews.net\\\/ku\\\/#organization\"},\"image\":{\"@id\":\"https:\\\/\\\/saknews.net\\\/ku\\\/?p=2113#primaryimage\"},\"thumbnailUrl\":\"https:\\\/\\\/i0.wp.com\\\/saknews.net\\\/ku\\\/wp-content\\\/uploads\\\/2025\\\/02\\\/%D9%84%D9%84%D9%85%D9%88%D9%82%D8%B9_20250225_210053_0000.jpg?fit=1920%2C1080&ssl=1\",\"articleSection\":[\"Daxuyan\u00ee\"],\"inLanguage\":\"en-US\"},{\"@type\":\"WebPage\",\"@id\":\"https:\\\/\\\/saknews.net\\\/ku\\\/?p=2113\",\"url\":\"https:\\\/\\\/saknews.net\\\/ku\\\/?p=2113\",\"name\":\"Ber\u00ea Kurdistana S\u00fbriy\u00ea: \u00ce\u015f\u00ea me ne d\u00fbr \u00fb ne j\u00ee n\u00eaz\u00eek ji encam\u00ean kongrey\u00ea got\u00fbb\u00eaj\u00ea tine ye &#8226; \u015eAK\",\"isPartOf\":{\"@id\":\"https:\\\/\\\/saknews.net\\\/ku\\\/#website\"},\"primaryImageOfPage\":{\"@id\":\"https:\\\/\\\/saknews.net\\\/ku\\\/?p=2113#primaryimage\"},\"image\":{\"@id\":\"https:\\\/\\\/saknews.net\\\/ku\\\/?p=2113#primaryimage\"},\"thumbnailUrl\":\"https:\\\/\\\/i0.wp.com\\\/saknews.net\\\/ku\\\/wp-content\\\/uploads\\\/2025\\\/02\\\/%D9%84%D9%84%D9%85%D9%88%D9%82%D8%B9_20250225_210053_0000.jpg?fit=1920%2C1080&ssl=1\",\"datePublished\":\"2025-02-26T08:04:53+00:00\",\"dateModified\":\"2025-02-26T08:05:57+00:00\",\"breadcrumb\":{\"@id\":\"https:\\\/\\\/saknews.net\\\/ku\\\/?p=2113#breadcrumb\"},\"inLanguage\":\"en-US\",\"potentialAction\":[{\"@type\":\"ReadAction\",\"target\":[\"https:\\\/\\\/saknews.net\\\/ku\\\/?p=2113\"]}]},{\"@type\":\"ImageObject\",\"inLanguage\":\"en-US\",\"@id\":\"https:\\\/\\\/saknews.net\\\/ku\\\/?p=2113#primaryimage\",\"url\":\"https:\\\/\\\/i0.wp.com\\\/saknews.net\\\/ku\\\/wp-content\\\/uploads\\\/2025\\\/02\\\/%D9%84%D9%84%D9%85%D9%88%D9%82%D8%B9_20250225_210053_0000.jpg?fit=1920%2C1080&ssl=1\",\"contentUrl\":\"https:\\\/\\\/i0.wp.com\\\/saknews.net\\\/ku\\\/wp-content\\\/uploads\\\/2025\\\/02\\\/%D9%84%D9%84%D9%85%D9%88%D9%82%D8%B9_20250225_210053_0000.jpg?fit=1920%2C1080&ssl=1\",\"width\":1920,\"height\":1080},{\"@type\":\"BreadcrumbList\",\"@id\":\"https:\\\/\\\/saknews.net\\\/ku\\\/?p=2113#breadcrumb\",\"itemListElement\":[{\"@type\":\"ListItem\",\"position\":1,\"name\":\"\u0627\u0644\u0631\u0626\u064a\u0633\u064a\u0629\",\"item\":\"https:\\\/\\\/saknews.net\\\/ku\\\/\"},{\"@type\":\"ListItem\",\"position\":2,\"name\":\"N\u00fb\u00e7e\",\"item\":\"https:\\\/\\\/saknews.net\\\/ku\\\/?cat=49\"},{\"@type\":\"ListItem\",\"position\":3,\"name\":\"Daxuyan\u00ee\",\"item\":\"https:\\\/\\\/saknews.net\\\/ku\\\/?cat=34\"},{\"@type\":\"ListItem\",\"position\":4,\"name\":\"Ber\u00ea Kurdistana S\u00fbriy\u00ea: \u00ce\u015f\u00ea me ne d\u00fbr \u00fb ne j\u00ee n\u00eaz\u00eek ji encam\u00ean kongrey\u00ea got\u00fbb\u00eaj\u00ea tine ye\"}]},{\"@type\":\"WebSite\",\"@id\":\"https:\\\/\\\/saknews.net\\\/ku\\\/#website\",\"url\":\"https:\\\/\\\/saknews.net\\\/ku\\\/\",\"name\":\"S\u0327epe\u0302la Azadi\u0302 ya Kurdistani\u0302\",\"description\":\"\u062a\u064a\u0627\u0631 \u0627\u0644\u062d\u0631\u064a\u0629 \u0627\u0644\u0643\u0648\u0631\u062f\u0633\u062a\u0627\u0646\u064a \u015eep\u00eala Azad\u00ee ya Kurdistan\u00ee\",\"publisher\":{\"@id\":\"https:\\\/\\\/saknews.net\\\/ku\\\/#organization\"},\"potentialAction\":[{\"@type\":\"SearchAction\",\"target\":{\"@type\":\"EntryPoint\",\"urlTemplate\":\"https:\\\/\\\/saknews.net\\\/ku\\\/?s={search_term_string}\"},\"query-input\":{\"@type\":\"PropertyValueSpecification\",\"valueRequired\":true,\"valueName\":\"search_term_string\"}}],\"inLanguage\":\"en-US\"},{\"@type\":\"Organization\",\"@id\":\"https:\\\/\\\/saknews.net\\\/ku\\\/#organization\",\"name\":\"\u015eep\u00eala Azadiy\u00ea ya Kurdistan\u00ea - \u062a\u064a\u0627\u0631 \u0627\u0644\u062d\u0631\u064a\u0629 \u0627\u0644\u0643\u0648\u0631\u062f\u0633\u062a\u0627\u0646\u064a\",\"url\":\"https:\\\/\\\/saknews.net\\\/ku\\\/\",\"logo\":{\"@type\":\"ImageObject\",\"inLanguage\":\"en-US\",\"@id\":\"https:\\\/\\\/saknews.net\\\/ku\\\/#\\\/schema\\\/logo\\\/image\\\/\",\"url\":\"https:\\\/\\\/i0.wp.com\\\/saknews.net\\\/ku\\\/wp-content\\\/uploads\\\/2024\\\/11\\\/cropped-logo-1.png?fit=512%2C512&ssl=1\",\"contentUrl\":\"https:\\\/\\\/i0.wp.com\\\/saknews.net\\\/ku\\\/wp-content\\\/uploads\\\/2024\\\/11\\\/cropped-logo-1.png?fit=512%2C512&ssl=1\",\"width\":512,\"height\":512,\"caption\":\"\u015eep\u00eala Azadiy\u00ea ya Kurdistan\u00ea - \u062a\u064a\u0627\u0631 \u0627\u0644\u062d\u0631\u064a\u0629 \u0627\u0644\u0643\u0648\u0631\u062f\u0633\u062a\u0627\u0646\u064a\"},\"image\":{\"@id\":\"https:\\\/\\\/saknews.net\\\/ku\\\/#\\\/schema\\\/logo\\\/image\\\/\"},\"sameAs\":[\"https:\\\/\\\/www.facebook.com\\\/Shepel.ewropa\"]},{\"@type\":\"Person\",\"@id\":\"https:\\\/\\\/saknews.net\\\/ku\\\/#\\\/schema\\\/person\\\/72ae32a4041a3817e015b63d8f409058\",\"name\":\"Horan Hem\",\"url\":\"https:\\\/\\\/saknews.net\\\/ku\\\/?author=8\"}]}<\/script>\n<!-- \/ Yoast SEO plugin. -->","yoast_head_json":{"title":"Ber\u00ea Kurdistana S\u00fbriy\u00ea: \u00ce\u015f\u00ea me ne d\u00fbr \u00fb ne j\u00ee n\u00eaz\u00eek ji encam\u00ean kongrey\u00ea got\u00fbb\u00eaj\u00ea tine ye &#8226; \u015eAK","robots":{"index":"index","follow":"follow","max-snippet":"max-snippet:-1","max-image-preview":"max-image-preview:large","max-video-preview":"max-video-preview:-1"},"canonical":"https:\/\/saknews.net\/ku\/?p=2113","og_locale":"en_US","og_type":"article","og_title":"Ber\u00ea Kurdistana S\u00fbriy\u00ea: \u00ce\u015f\u00ea me ne d\u00fbr \u00fb ne j\u00ee n\u00eaz\u00eek ji encam\u00ean kongrey\u00ea got\u00fbb\u00eaj\u00ea tine ye &#8226; \u015eAK","og_description":"Ber\u00ea Kurdistana S\u00fbriy\u00ea derbar\u00ea encam\u00ean Kongrey\u00ea Got\u00fbb\u00eaja Ni\u015ftiman\u00ee ya S\u00fbr\u00ee daxuyaniyek belav kir \u00fb got...","og_url":"https:\/\/saknews.net\/ku\/?p=2113","og_site_name":"\u015eAK","article_publisher":"https:\/\/www.facebook.com\/Shepel.ewropa","article_published_time":"2025-02-26T08:04:53+00:00","article_modified_time":"2025-02-26T08:05:57+00:00","og_image":[{"width":1920,"height":1080,"url":"https:\/\/saknews.net\/ku\/wp-content\/uploads\/2025\/02\/\u0644\u0644\u0645\u0648\u0642\u0639_20250225_210053_0000.jpg","type":"image\/jpeg"}],"author":"Horan Hem","twitter_card":"summary_large_image","twitter_misc":{"Written by":"Horan Hem","Est. reading time":"3 minutes"},"schema":{"@context":"https:\/\/schema.org","@graph":[{"@type":"Article","@id":"https:\/\/saknews.net\/ku\/?p=2113#article","isPartOf":{"@id":"https:\/\/saknews.net\/ku\/?p=2113"},"author":{"name":"Horan Hem","@id":"https:\/\/saknews.net\/ku\/#\/schema\/person\/72ae32a4041a3817e015b63d8f409058"},"headline":"Ber\u00ea Kurdistana S\u00fbriy\u00ea: \u00ce\u015f\u00ea me ne d\u00fbr \u00fb ne j\u00ee n\u00eaz\u00eek ji encam\u00ean kongrey\u00ea got\u00fbb\u00eaj\u00ea tine ye","datePublished":"2025-02-26T08:04:53+00:00","dateModified":"2025-02-26T08:05:57+00:00","mainEntityOfPage":{"@id":"https:\/\/saknews.net\/ku\/?p=2113"},"wordCount":555,"publisher":{"@id":"https:\/\/saknews.net\/ku\/#organization"},"image":{"@id":"https:\/\/saknews.net\/ku\/?p=2113#primaryimage"},"thumbnailUrl":"https:\/\/i0.wp.com\/saknews.net\/ku\/wp-content\/uploads\/2025\/02\/%D9%84%D9%84%D9%85%D9%88%D9%82%D8%B9_20250225_210053_0000.jpg?fit=1920%2C1080&ssl=1","articleSection":["Daxuyan\u00ee"],"inLanguage":"en-US"},{"@type":"WebPage","@id":"https:\/\/saknews.net\/ku\/?p=2113","url":"https:\/\/saknews.net\/ku\/?p=2113","name":"Ber\u00ea Kurdistana S\u00fbriy\u00ea: \u00ce\u015f\u00ea me ne d\u00fbr \u00fb ne j\u00ee n\u00eaz\u00eek ji encam\u00ean kongrey\u00ea got\u00fbb\u00eaj\u00ea tine ye &#8226; \u015eAK","isPartOf":{"@id":"https:\/\/saknews.net\/ku\/#website"},"primaryImageOfPage":{"@id":"https:\/\/saknews.net\/ku\/?p=2113#primaryimage"},"image":{"@id":"https:\/\/saknews.net\/ku\/?p=2113#primaryimage"},"thumbnailUrl":"https:\/\/i0.wp.com\/saknews.net\/ku\/wp-content\/uploads\/2025\/02\/%D9%84%D9%84%D9%85%D9%88%D9%82%D8%B9_20250225_210053_0000.jpg?fit=1920%2C1080&ssl=1","datePublished":"2025-02-26T08:04:53+00:00","dateModified":"2025-02-26T08:05:57+00:00","breadcrumb":{"@id":"https:\/\/saknews.net\/ku\/?p=2113#breadcrumb"},"inLanguage":"en-US","potentialAction":[{"@type":"ReadAction","target":["https:\/\/saknews.net\/ku\/?p=2113"]}]},{"@type":"ImageObject","inLanguage":"en-US","@id":"https:\/\/saknews.net\/ku\/?p=2113#primaryimage","url":"https:\/\/i0.wp.com\/saknews.net\/ku\/wp-content\/uploads\/2025\/02\/%D9%84%D9%84%D9%85%D9%88%D9%82%D8%B9_20250225_210053_0000.jpg?fit=1920%2C1080&ssl=1","contentUrl":"https:\/\/i0.wp.com\/saknews.net\/ku\/wp-content\/uploads\/2025\/02\/%D9%84%D9%84%D9%85%D9%88%D9%82%D8%B9_20250225_210053_0000.jpg?fit=1920%2C1080&ssl=1","width":1920,"height":1080},{"@type":"BreadcrumbList","@id":"https:\/\/saknews.net\/ku\/?p=2113#breadcrumb","itemListElement":[{"@type":"ListItem","position":1,"name":"\u0627\u0644\u0631\u0626\u064a\u0633\u064a\u0629","item":"https:\/\/saknews.net\/ku\/"},{"@type":"ListItem","position":2,"name":"N\u00fb\u00e7e","item":"https:\/\/saknews.net\/ku\/?cat=49"},{"@type":"ListItem","position":3,"name":"Daxuyan\u00ee","item":"https:\/\/saknews.net\/ku\/?cat=34"},{"@type":"ListItem","position":4,"name":"Ber\u00ea Kurdistana S\u00fbriy\u00ea: \u00ce\u015f\u00ea me ne d\u00fbr \u00fb ne j\u00ee n\u00eaz\u00eek ji encam\u00ean kongrey\u00ea got\u00fbb\u00eaj\u00ea tine ye"}]},{"@type":"WebSite","@id":"https:\/\/saknews.net\/ku\/#website","url":"https:\/\/saknews.net\/ku\/","name":"S\u0327epe\u0302la Azadi\u0302 ya Kurdistani\u0302","description":"\u062a\u064a\u0627\u0631 \u0627\u0644\u062d\u0631\u064a\u0629 \u0627\u0644\u0643\u0648\u0631\u062f\u0633\u062a\u0627\u0646\u064a \u015eep\u00eala Azad\u00ee ya Kurdistan\u00ee","publisher":{"@id":"https:\/\/saknews.net\/ku\/#organization"},"potentialAction":[{"@type":"SearchAction","target":{"@type":"EntryPoint","urlTemplate":"https:\/\/saknews.net\/ku\/?s={search_term_string}"},"query-input":{"@type":"PropertyValueSpecification","valueRequired":true,"valueName":"search_term_string"}}],"inLanguage":"en-US"},{"@type":"Organization","@id":"https:\/\/saknews.net\/ku\/#organization","name":"\u015eep\u00eala Azadiy\u00ea ya Kurdistan\u00ea - \u062a\u064a\u0627\u0631 \u0627\u0644\u062d\u0631\u064a\u0629 \u0627\u0644\u0643\u0648\u0631\u062f\u0633\u062a\u0627\u0646\u064a","url":"https:\/\/saknews.net\/ku\/","logo":{"@type":"ImageObject","inLanguage":"en-US","@id":"https:\/\/saknews.net\/ku\/#\/schema\/logo\/image\/","url":"https:\/\/i0.wp.com\/saknews.net\/ku\/wp-content\/uploads\/2024\/11\/cropped-logo-1.png?fit=512%2C512&ssl=1","contentUrl":"https:\/\/i0.wp.com\/saknews.net\/ku\/wp-content\/uploads\/2024\/11\/cropped-logo-1.png?fit=512%2C512&ssl=1","width":512,"height":512,"caption":"\u015eep\u00eala Azadiy\u00ea ya Kurdistan\u00ea - \u062a\u064a\u0627\u0631 \u0627\u0644\u062d\u0631\u064a\u0629 \u0627\u0644\u0643\u0648\u0631\u062f\u0633\u062a\u0627\u0646\u064a"},"image":{"@id":"https:\/\/saknews.net\/ku\/#\/schema\/logo\/image\/"},"sameAs":["https:\/\/www.facebook.com\/Shepel.ewropa"]},{"@type":"Person","@id":"https:\/\/saknews.net\/ku\/#\/schema\/person\/72ae32a4041a3817e015b63d8f409058","name":"Horan Hem","url":"https:\/\/saknews.net\/ku\/?author=8"}]}},"featured_image_urls":{"full":["https:\/\/i0.wp.com\/saknews.net\/ku\/wp-content\/uploads\/2025\/02\/%D9%84%D9%84%D9%85%D9%88%D9%82%D8%B9_20250225_210053_0000.jpg?fit=1920%2C1080&ssl=1",1920,1080,false],"thumbnail":["https:\/\/i0.wp.com\/saknews.net\/ku\/wp-content\/uploads\/2025\/02\/%D9%84%D9%84%D9%85%D9%88%D9%82%D8%B9_20250225_210053_0000.jpg?resize=150%2C150&ssl=1",150,150,true],"medium":["https:\/\/i0.wp.com\/saknews.net\/ku\/wp-content\/uploads\/2025\/02\/%D9%84%D9%84%D9%85%D9%88%D9%82%D8%B9_20250225_210053_0000.jpg?fit=300%2C169&ssl=1",300,169,true],"medium_large":["https:\/\/i0.wp.com\/saknews.net\/ku\/wp-content\/uploads\/2025\/02\/%D9%84%D9%84%D9%85%D9%88%D9%82%D8%B9_20250225_210053_0000.jpg?fit=640%2C360&ssl=1",640,360,true],"large":["https:\/\/i0.wp.com\/saknews.net\/ku\/wp-content\/uploads\/2025\/02\/%D9%84%D9%84%D9%85%D9%88%D9%82%D8%B9_20250225_210053_0000.jpg?fit=640%2C360&ssl=1",640,360,true],"1536x1536":["https:\/\/i0.wp.com\/saknews.net\/ku\/wp-content\/uploads\/2025\/02\/%D9%84%D9%84%D9%85%D9%88%D9%82%D8%B9_20250225_210053_0000.jpg?fit=1536%2C864&ssl=1",1536,864,true],"2048x2048":["https:\/\/i0.wp.com\/saknews.net\/ku\/wp-content\/uploads\/2025\/02\/%D9%84%D9%84%D9%85%D9%88%D9%82%D8%B9_20250225_210053_0000.jpg?fit=1920%2C1080&ssl=1",1920,1080,true],"covernews-featured":["https:\/\/i0.wp.com\/saknews.net\/ku\/wp-content\/uploads\/2025\/02\/%D9%84%D9%84%D9%85%D9%88%D9%82%D8%B9_20250225_210053_0000.jpg?fit=1024%2C576&ssl=1",1024,576,true],"covernews-medium":["https:\/\/i0.wp.com\/saknews.net\/ku\/wp-content\/uploads\/2025\/02\/%D9%84%D9%84%D9%85%D9%88%D9%82%D8%B9_20250225_210053_0000.jpg?resize=540%2C340&ssl=1",540,340,true]},"author_info":{"display_name":"Horan Hem","author_link":"https:\/\/saknews.net\/ku\/?author=8"},"category_info":"<a href=\"https:\/\/saknews.net\/ku\/?cat=34\" rel=\"category\">Daxuyan\u00ee<\/a>","tag_info":"Daxuyan\u00ee","comment_count":"0","_links":{"self":[{"href":"https:\/\/saknews.net\/ku\/index.php?rest_route=\/wp\/v2\/posts\/2113","targetHints":{"allow":["GET"]}}],"collection":[{"href":"https:\/\/saknews.net\/ku\/index.php?rest_route=\/wp\/v2\/posts"}],"about":[{"href":"https:\/\/saknews.net\/ku\/index.php?rest_route=\/wp\/v2\/types\/post"}],"author":[{"embeddable":true,"href":"https:\/\/saknews.net\/ku\/index.php?rest_route=\/wp\/v2\/users\/8"}],"replies":[{"embeddable":true,"href":"https:\/\/saknews.net\/ku\/index.php?rest_route=%2Fwp%2Fv2%2Fcomments&post=2113"}],"version-history":[{"count":2,"href":"https:\/\/saknews.net\/ku\/index.php?rest_route=\/wp\/v2\/posts\/2113\/revisions"}],"predecessor-version":[{"id":2116,"href":"https:\/\/saknews.net\/ku\/index.php?rest_route=\/wp\/v2\/posts\/2113\/revisions\/2116"}],"wp:featuredmedia":[{"embeddable":true,"href":"https:\/\/saknews.net\/ku\/index.php?rest_route=\/wp\/v2\/media\/2114"}],"wp:attachment":[{"href":"https:\/\/saknews.net\/ku\/index.php?rest_route=%2Fwp%2Fv2%2Fmedia&parent=2113"}],"wp:term":[{"taxonomy":"category","embeddable":true,"href":"https:\/\/saknews.net\/ku\/index.php?rest_route=%2Fwp%2Fv2%2Fcategories&post=2113"},{"taxonomy":"post_tag","embeddable":true,"href":"https:\/\/saknews.net\/ku\/index.php?rest_route=%2Fwp%2Fv2%2Ftags&post=2113"}],"curies":[{"name":"wp","href":"https:\/\/api.w.org\/{rel}","templated":true}]}}