{"id":2124,"date":"2025-02-27T11:03:43","date_gmt":"2025-02-27T11:03:43","guid":{"rendered":"https:\/\/saknews.net\/ku\/?p=2124"},"modified":"2025-02-27T11:03:43","modified_gmt":"2025-02-27T11:03:43","slug":"siyamend-haco-bang-li-aliyen-kurd-dike-li-qamislo-bicivin","status":"publish","type":"post","link":"https:\/\/saknews.net\/ku\/?p=2124","title":{"rendered":"Siyamend Haco bang li aliy\u00ean kurd dike li Qami\u015flo bicivin"},"content":{"rendered":"<p>Serok\u00ea Of\u00eesa P\u00eawendiy\u00ean Derve ya Ber\u00ea Kurdistana S\u00fbriy\u00ea, Siyamend Haco, di hevd\u00eetinek\u00ea de bi Kurdistan24 re behsa encam\u00ean Kongrey\u00ea Got\u00fbb\u00eaja Ni\u015ftiman\u00ee ya S\u00fbr\u00ee kir \u00fb helwesta Ber\u00ea Kurdistan\u00ea li ser w\u00ee kongrey\u00ee.<br \/>\nHaco tekez kir ku desthelata n\u00fb li \u015eam\u00ea siyaset\u00ean Beis berdewam dikin, l\u00ea rengek\u00ee \u00eeslam\u00ee l\u00ea z\u00eade b\u00fbye.<br \/>\nHer di w\u00ea hevd\u00eetin\u00ea de Haco dib\u00eaje : &#8221; Herdu aliy\u00ean ENKS \u00fb PYD di w\u00ea baweriy\u00ea de ne ku ew bi ten\u00ea n\u00fbnertiya gel\u00ea Kurd dike. Ev j\u00ee \u015fa\u015f e, aliy\u00ean dervey\u00ee wan hene \u00fb kes\u00ean serbixwe \u00fb civaka s\u00eev\u00eel j\u00ee heye. Div\u00ea bi hev re bicivin \u00fb biryar\u00ea li ser ner\u00eeneke siyas\u00ee ya hevbe\u015f bidin \u00fb pi\u015ft\u00ee w\u00ea ber\u00ea xwe bidin \u015eam\u00ea&#8221;.<br \/>\nHerwiha Serok\u00ea Of\u00eesa P\u00eawendiy\u00ean Derve ya Ber\u00ea Kurdistana S\u00fbriy\u00ea tekez kir ku herdu aliy\u00ean ENKS \u00fb PYD berpirs in ku heya niha p\u00eak nehatiye.<br \/>\nHaco bang li aliy\u00ean siyas\u00ee y\u00ean Kurd kir, ku z\u00fb li Qami\u015flo lihev bicivin \u00fb bi hev re di derbar\u00ea p\u00ea\u015feroja kurdan \u00fb S\u00fbriy\u00ea bifikirin.<br \/>\nDi derbar\u00ea s\u00eestema nenavend\u00ee li S\u00fbriy\u00ea, Haco got kurd \u00fb p\u00eakhatey\u00ean din li S\u00fbriy\u00ea weke Durziyan daxwaza w\u00ea yek\u00ea dikin \u00fb div\u00ea s\u00fbr\u00ee b\u00eane raz\u00eekirin. Di derbar\u00ea kurdan de j\u00ee, Siyamend Haco, got piraniya wan daxwaza s\u00eestema federal li S\u00fbriy\u00ea dikin weke ENKS \u00fb Ber\u00ea Kurdistana S\u00fbriy\u00ea, \u00fb ten\u00ea li cem PYD ev yek ne zelal e \u00fb her car\u00ea ti\u015ftek\u00ee dib\u00eaje.<br \/>\nHaco berdewam kir \u00fb got: &#8221; ji ber v\u00ea j\u00ee gir\u00eeng e em kurd lihev bicivin \u00fb biryar\u00ea bidin ka em ji bo p\u00ea\u015feroja kurd\u00ean S\u00fbriy\u00ea \u00e7i dixwazin&#8230;. Pirsgir\u00eak ew e ku biryara PYD ji PKK&#8217;\u00ea ye \u00fb ya ENKS j\u00ee PDK\u00ea ye, wate biryara kurd\u00ean S\u00fbriy\u00ea ne serbixwe ye&#8221;.<br \/>\nSiyamend Haco diyar kir \u015fa\u015f b\u00fb wisa bilez QSD \u00fb r\u00eaveberiya PYD dan bi El-\u015eerih dan weke serokek\u00ee ferm\u00ee, diviyab\u00fb maf\u00ean kurdan hatibana misogerkirin, \u00fb got ku xuyaye PKK dixwaze bi \u015eam\u00ea re lihev werin l\u00ea naxwaze navmala kurd bibe yek \u00fb lihev bikin. Haco got eger rew\u015f wisa bidome, kurd ti\u015ftek\u00ee bidest nax\u00eenin.<\/p>\n<p>Tevahiya hevd\u00eetin\u00ea li ser v\u00ea l\u00eenk\u00ea:<br \/>\nhttps:\/\/youtu.be\/uSo2w_cowxA?feature=shared<\/p>\n","protected":false},"excerpt":{"rendered":"<p>Serok\u00ea Of\u00eesa P\u00eawendiy\u00ean Derve ya Ber\u00ea Kurdistana S\u00fbriy\u00ea, Siyamend Haco, di hevd\u00eetinek\u00ea de bi Kurdistan24&#8230;<\/p>\n","protected":false},"author":8,"featured_media":2125,"comment_status":"closed","ping_status":"closed","sticky":false,"template":"","format":"standard","meta":{"footnotes":""},"categories":[42],"tags":[],"class_list":["post-2124","post","type-post","status-publish","format-standard","has-post-thumbnail","hentry","category-hevditin"],"yoast_head":"<!-- This site is optimized with the Yoast SEO plugin v27.5 - https:\/\/yoast.com\/product\/yoast-seo-wordpress\/ -->\n<title>Siyamend Haco bang li aliy\u00ean kurd dike li Qami\u015flo bicivin &#8226; \u015eAK<\/title>\n<meta name=\"robots\" content=\"index, follow, max-snippet:-1, max-image-preview:large, max-video-preview:-1\" \/>\n<link rel=\"canonical\" href=\"https:\/\/saknews.net\/ku\/?p=2124\" \/>\n<meta property=\"og:locale\" content=\"en_US\" \/>\n<meta property=\"og:type\" content=\"article\" \/>\n<meta property=\"og:title\" content=\"Siyamend Haco bang li aliy\u00ean kurd dike li Qami\u015flo bicivin &#8226; \u015eAK\" \/>\n<meta property=\"og:description\" content=\"Serok\u00ea Of\u00eesa P\u00eawendiy\u00ean Derve ya Ber\u00ea Kurdistana S\u00fbriy\u00ea, Siyamend Haco, di hevd\u00eetinek\u00ea de bi Kurdistan24...\" \/>\n<meta property=\"og:url\" content=\"https:\/\/saknews.net\/ku\/?p=2124\" \/>\n<meta property=\"og:site_name\" content=\"\u015eAK\" \/>\n<meta property=\"article:publisher\" content=\"https:\/\/www.facebook.com\/Shepel.ewropa\" \/>\n<meta property=\"article:published_time\" content=\"2025-02-27T11:03:43+00:00\" \/>\n<meta property=\"og:image\" content=\"https:\/\/saknews.net\/ku\/wp-content\/uploads\/2025\/02\/Screenshot_20250227_100738_YouTube.jpg\" \/>\n\t<meta property=\"og:image:width\" content=\"1917\" \/>\n\t<meta property=\"og:image:height\" content=\"1080\" \/>\n\t<meta property=\"og:image:type\" content=\"image\/jpeg\" \/>\n<meta name=\"author\" content=\"Horan Hem\" \/>\n<meta name=\"twitter:card\" content=\"summary_large_image\" \/>\n<meta name=\"twitter:label1\" content=\"Written by\" \/>\n\t<meta name=\"twitter:data1\" content=\"Horan Hem\" \/>\n\t<meta name=\"twitter:label2\" content=\"Est. reading time\" \/>\n\t<meta name=\"twitter:data2\" content=\"1 minute\" \/>\n<script type=\"application\/ld+json\" class=\"yoast-schema-graph\">{\"@context\":\"https:\\\/\\\/schema.org\",\"@graph\":[{\"@type\":\"Article\",\"@id\":\"https:\\\/\\\/saknews.net\\\/ku\\\/?p=2124#article\",\"isPartOf\":{\"@id\":\"https:\\\/\\\/saknews.net\\\/ku\\\/?p=2124\"},\"author\":{\"name\":\"Horan Hem\",\"@id\":\"https:\\\/\\\/saknews.net\\\/ku\\\/#\\\/schema\\\/person\\\/72ae32a4041a3817e015b63d8f409058\"},\"headline\":\"Siyamend Haco bang li aliy\u00ean kurd dike li Qami\u015flo bicivin\",\"datePublished\":\"2025-02-27T11:03:43+00:00\",\"mainEntityOfPage\":{\"@id\":\"https:\\\/\\\/saknews.net\\\/ku\\\/?p=2124\"},\"wordCount\":393,\"publisher\":{\"@id\":\"https:\\\/\\\/saknews.net\\\/ku\\\/#organization\"},\"image\":{\"@id\":\"https:\\\/\\\/saknews.net\\\/ku\\\/?p=2124#primaryimage\"},\"thumbnailUrl\":\"https:\\\/\\\/i0.wp.com\\\/saknews.net\\\/ku\\\/wp-content\\\/uploads\\\/2025\\\/02\\\/Screenshot_20250227_100738_YouTube.jpg?fit=1917%2C1080&ssl=1\",\"articleSection\":[\"Hevd\u00eetin\"],\"inLanguage\":\"en-US\"},{\"@type\":\"WebPage\",\"@id\":\"https:\\\/\\\/saknews.net\\\/ku\\\/?p=2124\",\"url\":\"https:\\\/\\\/saknews.net\\\/ku\\\/?p=2124\",\"name\":\"Siyamend Haco bang li aliy\u00ean kurd dike li Qami\u015flo bicivin &#8226; \u015eAK\",\"isPartOf\":{\"@id\":\"https:\\\/\\\/saknews.net\\\/ku\\\/#website\"},\"primaryImageOfPage\":{\"@id\":\"https:\\\/\\\/saknews.net\\\/ku\\\/?p=2124#primaryimage\"},\"image\":{\"@id\":\"https:\\\/\\\/saknews.net\\\/ku\\\/?p=2124#primaryimage\"},\"thumbnailUrl\":\"https:\\\/\\\/i0.wp.com\\\/saknews.net\\\/ku\\\/wp-content\\\/uploads\\\/2025\\\/02\\\/Screenshot_20250227_100738_YouTube.jpg?fit=1917%2C1080&ssl=1\",\"datePublished\":\"2025-02-27T11:03:43+00:00\",\"breadcrumb\":{\"@id\":\"https:\\\/\\\/saknews.net\\\/ku\\\/?p=2124#breadcrumb\"},\"inLanguage\":\"en-US\",\"potentialAction\":[{\"@type\":\"ReadAction\",\"target\":[\"https:\\\/\\\/saknews.net\\\/ku\\\/?p=2124\"]}]},{\"@type\":\"ImageObject\",\"inLanguage\":\"en-US\",\"@id\":\"https:\\\/\\\/saknews.net\\\/ku\\\/?p=2124#primaryimage\",\"url\":\"https:\\\/\\\/i0.wp.com\\\/saknews.net\\\/ku\\\/wp-content\\\/uploads\\\/2025\\\/02\\\/Screenshot_20250227_100738_YouTube.jpg?fit=1917%2C1080&ssl=1\",\"contentUrl\":\"https:\\\/\\\/i0.wp.com\\\/saknews.net\\\/ku\\\/wp-content\\\/uploads\\\/2025\\\/02\\\/Screenshot_20250227_100738_YouTube.jpg?fit=1917%2C1080&ssl=1\",\"width\":1917,\"height\":1080},{\"@type\":\"BreadcrumbList\",\"@id\":\"https:\\\/\\\/saknews.net\\\/ku\\\/?p=2124#breadcrumb\",\"itemListElement\":[{\"@type\":\"ListItem\",\"position\":1,\"name\":\"\u0627\u0644\u0631\u0626\u064a\u0633\u064a\u0629\",\"item\":\"https:\\\/\\\/saknews.net\\\/ku\\\/\"},{\"@type\":\"ListItem\",\"position\":2,\"name\":\"N\u00fb\u00e7e\",\"item\":\"https:\\\/\\\/saknews.net\\\/ku\\\/?cat=49\"},{\"@type\":\"ListItem\",\"position\":3,\"name\":\"Daxuyan\u00ee\",\"item\":\"https:\\\/\\\/saknews.net\\\/ku\\\/?cat=34\"},{\"@type\":\"ListItem\",\"position\":4,\"name\":\"Hevd\u00eetin\",\"item\":\"https:\\\/\\\/saknews.net\\\/ku\\\/?cat=42\"},{\"@type\":\"ListItem\",\"position\":5,\"name\":\"Siyamend Haco bang li aliy\u00ean kurd dike li Qami\u015flo bicivin\"}]},{\"@type\":\"WebSite\",\"@id\":\"https:\\\/\\\/saknews.net\\\/ku\\\/#website\",\"url\":\"https:\\\/\\\/saknews.net\\\/ku\\\/\",\"name\":\"S\u0327epe\u0302la Azadi\u0302 ya Kurdistani\u0302\",\"description\":\"\u062a\u064a\u0627\u0631 \u0627\u0644\u062d\u0631\u064a\u0629 \u0627\u0644\u0643\u0648\u0631\u062f\u0633\u062a\u0627\u0646\u064a \u015eep\u00eala Azad\u00ee ya Kurdistan\u00ee\",\"publisher\":{\"@id\":\"https:\\\/\\\/saknews.net\\\/ku\\\/#organization\"},\"potentialAction\":[{\"@type\":\"SearchAction\",\"target\":{\"@type\":\"EntryPoint\",\"urlTemplate\":\"https:\\\/\\\/saknews.net\\\/ku\\\/?s={search_term_string}\"},\"query-input\":{\"@type\":\"PropertyValueSpecification\",\"valueRequired\":true,\"valueName\":\"search_term_string\"}}],\"inLanguage\":\"en-US\"},{\"@type\":\"Organization\",\"@id\":\"https:\\\/\\\/saknews.net\\\/ku\\\/#organization\",\"name\":\"\u015eep\u00eala Azadiy\u00ea ya Kurdistan\u00ea - \u062a\u064a\u0627\u0631 \u0627\u0644\u062d\u0631\u064a\u0629 \u0627\u0644\u0643\u0648\u0631\u062f\u0633\u062a\u0627\u0646\u064a\",\"url\":\"https:\\\/\\\/saknews.net\\\/ku\\\/\",\"logo\":{\"@type\":\"ImageObject\",\"inLanguage\":\"en-US\",\"@id\":\"https:\\\/\\\/saknews.net\\\/ku\\\/#\\\/schema\\\/logo\\\/image\\\/\",\"url\":\"https:\\\/\\\/i0.wp.com\\\/saknews.net\\\/ku\\\/wp-content\\\/uploads\\\/2024\\\/11\\\/cropped-logo-1.png?fit=512%2C512&ssl=1\",\"contentUrl\":\"https:\\\/\\\/i0.wp.com\\\/saknews.net\\\/ku\\\/wp-content\\\/uploads\\\/2024\\\/11\\\/cropped-logo-1.png?fit=512%2C512&ssl=1\",\"width\":512,\"height\":512,\"caption\":\"\u015eep\u00eala Azadiy\u00ea ya Kurdistan\u00ea - \u062a\u064a\u0627\u0631 \u0627\u0644\u062d\u0631\u064a\u0629 \u0627\u0644\u0643\u0648\u0631\u062f\u0633\u062a\u0627\u0646\u064a\"},\"image\":{\"@id\":\"https:\\\/\\\/saknews.net\\\/ku\\\/#\\\/schema\\\/logo\\\/image\\\/\"},\"sameAs\":[\"https:\\\/\\\/www.facebook.com\\\/Shepel.ewropa\"]},{\"@type\":\"Person\",\"@id\":\"https:\\\/\\\/saknews.net\\\/ku\\\/#\\\/schema\\\/person\\\/72ae32a4041a3817e015b63d8f409058\",\"name\":\"Horan Hem\",\"url\":\"https:\\\/\\\/saknews.net\\\/ku\\\/?author=8\"}]}<\/script>\n<!-- \/ Yoast SEO plugin. -->","yoast_head_json":{"title":"Siyamend Haco bang li aliy\u00ean kurd dike li Qami\u015flo bicivin &#8226; \u015eAK","robots":{"index":"index","follow":"follow","max-snippet":"max-snippet:-1","max-image-preview":"max-image-preview:large","max-video-preview":"max-video-preview:-1"},"canonical":"https:\/\/saknews.net\/ku\/?p=2124","og_locale":"en_US","og_type":"article","og_title":"Siyamend Haco bang li aliy\u00ean kurd dike li Qami\u015flo bicivin &#8226; \u015eAK","og_description":"Serok\u00ea Of\u00eesa P\u00eawendiy\u00ean Derve ya Ber\u00ea Kurdistana S\u00fbriy\u00ea, Siyamend Haco, di hevd\u00eetinek\u00ea de bi Kurdistan24...","og_url":"https:\/\/saknews.net\/ku\/?p=2124","og_site_name":"\u015eAK","article_publisher":"https:\/\/www.facebook.com\/Shepel.ewropa","article_published_time":"2025-02-27T11:03:43+00:00","og_image":[{"width":1917,"height":1080,"url":"https:\/\/saknews.net\/ku\/wp-content\/uploads\/2025\/02\/Screenshot_20250227_100738_YouTube.jpg","type":"image\/jpeg"}],"author":"Horan Hem","twitter_card":"summary_large_image","twitter_misc":{"Written by":"Horan Hem","Est. reading time":"1 minute"},"schema":{"@context":"https:\/\/schema.org","@graph":[{"@type":"Article","@id":"https:\/\/saknews.net\/ku\/?p=2124#article","isPartOf":{"@id":"https:\/\/saknews.net\/ku\/?p=2124"},"author":{"name":"Horan Hem","@id":"https:\/\/saknews.net\/ku\/#\/schema\/person\/72ae32a4041a3817e015b63d8f409058"},"headline":"Siyamend Haco bang li aliy\u00ean kurd dike li Qami\u015flo bicivin","datePublished":"2025-02-27T11:03:43+00:00","mainEntityOfPage":{"@id":"https:\/\/saknews.net\/ku\/?p=2124"},"wordCount":393,"publisher":{"@id":"https:\/\/saknews.net\/ku\/#organization"},"image":{"@id":"https:\/\/saknews.net\/ku\/?p=2124#primaryimage"},"thumbnailUrl":"https:\/\/i0.wp.com\/saknews.net\/ku\/wp-content\/uploads\/2025\/02\/Screenshot_20250227_100738_YouTube.jpg?fit=1917%2C1080&ssl=1","articleSection":["Hevd\u00eetin"],"inLanguage":"en-US"},{"@type":"WebPage","@id":"https:\/\/saknews.net\/ku\/?p=2124","url":"https:\/\/saknews.net\/ku\/?p=2124","name":"Siyamend Haco bang li aliy\u00ean kurd dike li Qami\u015flo bicivin &#8226; \u015eAK","isPartOf":{"@id":"https:\/\/saknews.net\/ku\/#website"},"primaryImageOfPage":{"@id":"https:\/\/saknews.net\/ku\/?p=2124#primaryimage"},"image":{"@id":"https:\/\/saknews.net\/ku\/?p=2124#primaryimage"},"thumbnailUrl":"https:\/\/i0.wp.com\/saknews.net\/ku\/wp-content\/uploads\/2025\/02\/Screenshot_20250227_100738_YouTube.jpg?fit=1917%2C1080&ssl=1","datePublished":"2025-02-27T11:03:43+00:00","breadcrumb":{"@id":"https:\/\/saknews.net\/ku\/?p=2124#breadcrumb"},"inLanguage":"en-US","potentialAction":[{"@type":"ReadAction","target":["https:\/\/saknews.net\/ku\/?p=2124"]}]},{"@type":"ImageObject","inLanguage":"en-US","@id":"https:\/\/saknews.net\/ku\/?p=2124#primaryimage","url":"https:\/\/i0.wp.com\/saknews.net\/ku\/wp-content\/uploads\/2025\/02\/Screenshot_20250227_100738_YouTube.jpg?fit=1917%2C1080&ssl=1","contentUrl":"https:\/\/i0.wp.com\/saknews.net\/ku\/wp-content\/uploads\/2025\/02\/Screenshot_20250227_100738_YouTube.jpg?fit=1917%2C1080&ssl=1","width":1917,"height":1080},{"@type":"BreadcrumbList","@id":"https:\/\/saknews.net\/ku\/?p=2124#breadcrumb","itemListElement":[{"@type":"ListItem","position":1,"name":"\u0627\u0644\u0631\u0626\u064a\u0633\u064a\u0629","item":"https:\/\/saknews.net\/ku\/"},{"@type":"ListItem","position":2,"name":"N\u00fb\u00e7e","item":"https:\/\/saknews.net\/ku\/?cat=49"},{"@type":"ListItem","position":3,"name":"Daxuyan\u00ee","item":"https:\/\/saknews.net\/ku\/?cat=34"},{"@type":"ListItem","position":4,"name":"Hevd\u00eetin","item":"https:\/\/saknews.net\/ku\/?cat=42"},{"@type":"ListItem","position":5,"name":"Siyamend Haco bang li aliy\u00ean kurd dike li Qami\u015flo bicivin"}]},{"@type":"WebSite","@id":"https:\/\/saknews.net\/ku\/#website","url":"https:\/\/saknews.net\/ku\/","name":"S\u0327epe\u0302la Azadi\u0302 ya Kurdistani\u0302","description":"\u062a\u064a\u0627\u0631 \u0627\u0644\u062d\u0631\u064a\u0629 \u0627\u0644\u0643\u0648\u0631\u062f\u0633\u062a\u0627\u0646\u064a \u015eep\u00eala Azad\u00ee ya Kurdistan\u00ee","publisher":{"@id":"https:\/\/saknews.net\/ku\/#organization"},"potentialAction":[{"@type":"SearchAction","target":{"@type":"EntryPoint","urlTemplate":"https:\/\/saknews.net\/ku\/?s={search_term_string}"},"query-input":{"@type":"PropertyValueSpecification","valueRequired":true,"valueName":"search_term_string"}}],"inLanguage":"en-US"},{"@type":"Organization","@id":"https:\/\/saknews.net\/ku\/#organization","name":"\u015eep\u00eala Azadiy\u00ea ya Kurdistan\u00ea - \u062a\u064a\u0627\u0631 \u0627\u0644\u062d\u0631\u064a\u0629 \u0627\u0644\u0643\u0648\u0631\u062f\u0633\u062a\u0627\u0646\u064a","url":"https:\/\/saknews.net\/ku\/","logo":{"@type":"ImageObject","inLanguage":"en-US","@id":"https:\/\/saknews.net\/ku\/#\/schema\/logo\/image\/","url":"https:\/\/i0.wp.com\/saknews.net\/ku\/wp-content\/uploads\/2024\/11\/cropped-logo-1.png?fit=512%2C512&ssl=1","contentUrl":"https:\/\/i0.wp.com\/saknews.net\/ku\/wp-content\/uploads\/2024\/11\/cropped-logo-1.png?fit=512%2C512&ssl=1","width":512,"height":512,"caption":"\u015eep\u00eala Azadiy\u00ea ya Kurdistan\u00ea - \u062a\u064a\u0627\u0631 \u0627\u0644\u062d\u0631\u064a\u0629 \u0627\u0644\u0643\u0648\u0631\u062f\u0633\u062a\u0627\u0646\u064a"},"image":{"@id":"https:\/\/saknews.net\/ku\/#\/schema\/logo\/image\/"},"sameAs":["https:\/\/www.facebook.com\/Shepel.ewropa"]},{"@type":"Person","@id":"https:\/\/saknews.net\/ku\/#\/schema\/person\/72ae32a4041a3817e015b63d8f409058","name":"Horan Hem","url":"https:\/\/saknews.net\/ku\/?author=8"}]}},"featured_image_urls":{"full":["https:\/\/i0.wp.com\/saknews.net\/ku\/wp-content\/uploads\/2025\/02\/Screenshot_20250227_100738_YouTube.jpg?fit=1917%2C1080&ssl=1",1917,1080,false],"thumbnail":["https:\/\/i0.wp.com\/saknews.net\/ku\/wp-content\/uploads\/2025\/02\/Screenshot_20250227_100738_YouTube.jpg?resize=150%2C150&ssl=1",150,150,true],"medium":["https:\/\/i0.wp.com\/saknews.net\/ku\/wp-content\/uploads\/2025\/02\/Screenshot_20250227_100738_YouTube.jpg?fit=300%2C169&ssl=1",300,169,true],"medium_large":["https:\/\/i0.wp.com\/saknews.net\/ku\/wp-content\/uploads\/2025\/02\/Screenshot_20250227_100738_YouTube.jpg?fit=640%2C361&ssl=1",640,361,true],"large":["https:\/\/i0.wp.com\/saknews.net\/ku\/wp-content\/uploads\/2025\/02\/Screenshot_20250227_100738_YouTube.jpg?fit=640%2C361&ssl=1",640,361,true],"1536x1536":["https:\/\/i0.wp.com\/saknews.net\/ku\/wp-content\/uploads\/2025\/02\/Screenshot_20250227_100738_YouTube.jpg?fit=1536%2C865&ssl=1",1536,865,true],"2048x2048":["https:\/\/i0.wp.com\/saknews.net\/ku\/wp-content\/uploads\/2025\/02\/Screenshot_20250227_100738_YouTube.jpg?fit=1917%2C1080&ssl=1",1917,1080,true],"covernews-featured":["https:\/\/i0.wp.com\/saknews.net\/ku\/wp-content\/uploads\/2025\/02\/Screenshot_20250227_100738_YouTube.jpg?fit=1024%2C577&ssl=1",1024,577,true],"covernews-medium":["https:\/\/i0.wp.com\/saknews.net\/ku\/wp-content\/uploads\/2025\/02\/Screenshot_20250227_100738_YouTube.jpg?resize=540%2C340&ssl=1",540,340,true]},"author_info":{"display_name":"Horan Hem","author_link":"https:\/\/saknews.net\/ku\/?author=8"},"category_info":"<a href=\"https:\/\/saknews.net\/ku\/?cat=42\" rel=\"category\">Hevd\u00eetin<\/a>","tag_info":"Hevd\u00eetin","comment_count":"0","_links":{"self":[{"href":"https:\/\/saknews.net\/ku\/index.php?rest_route=\/wp\/v2\/posts\/2124","targetHints":{"allow":["GET"]}}],"collection":[{"href":"https:\/\/saknews.net\/ku\/index.php?rest_route=\/wp\/v2\/posts"}],"about":[{"href":"https:\/\/saknews.net\/ku\/index.php?rest_route=\/wp\/v2\/types\/post"}],"author":[{"embeddable":true,"href":"https:\/\/saknews.net\/ku\/index.php?rest_route=\/wp\/v2\/users\/8"}],"replies":[{"embeddable":true,"href":"https:\/\/saknews.net\/ku\/index.php?rest_route=%2Fwp%2Fv2%2Fcomments&post=2124"}],"version-history":[{"count":1,"href":"https:\/\/saknews.net\/ku\/index.php?rest_route=\/wp\/v2\/posts\/2124\/revisions"}],"predecessor-version":[{"id":2126,"href":"https:\/\/saknews.net\/ku\/index.php?rest_route=\/wp\/v2\/posts\/2124\/revisions\/2126"}],"wp:featuredmedia":[{"embeddable":true,"href":"https:\/\/saknews.net\/ku\/index.php?rest_route=\/wp\/v2\/media\/2125"}],"wp:attachment":[{"href":"https:\/\/saknews.net\/ku\/index.php?rest_route=%2Fwp%2Fv2%2Fmedia&parent=2124"}],"wp:term":[{"taxonomy":"category","embeddable":true,"href":"https:\/\/saknews.net\/ku\/index.php?rest_route=%2Fwp%2Fv2%2Fcategories&post=2124"},{"taxonomy":"post_tag","embeddable":true,"href":"https:\/\/saknews.net\/ku\/index.php?rest_route=%2Fwp%2Fv2%2Ftags&post=2124"}],"curies":[{"name":"wp","href":"https:\/\/api.w.org\/{rel}","templated":true}]}}