{"id":2139,"date":"2025-03-02T10:14:39","date_gmt":"2025-03-02T10:14:39","guid":{"rendered":"https:\/\/saknews.net\/ku\/?p=2139"},"modified":"2025-03-02T10:14:39","modified_gmt":"2025-03-02T10:14:39","slug":"haco-xalen-qedexekiri-di-kongreye-gotubeja-nistimani-de-eskere-dike","status":"publish","type":"post","link":"https:\/\/saknews.net\/ku\/?p=2139","title":{"rendered":"Haco xal\u00ean qedexekir\u00ee di Kongrey\u00ea Got\u00fbb\u00eaja Ni\u015ftiman\u00ee de e\u015fkere dike"},"content":{"rendered":"<p>Serok\u00ea Of\u00eesa P\u00eawendiy\u00ean Derve ya Ber\u00ea Kurdistana S\u00fbriy\u00ea \u00fb Serok\u00ea \u015eep\u00eala Azad\u00ee ya Kurdistan\u00ee, Siyamend Haco, di hevd\u00eetineke xwe de bi Channel8 re derbar\u00ea pirsa kurdan li S\u00fbriy\u00ea \u00fb p\u00ea\u015feroja wan axiv\u00ee.<br \/>\nHaco di destp\u00eaka gotina xwe de, diyar ku El-\u015eerih xwe bi ten\u00ea n\u00fbner\u00ea s\u00fbriyan dide nas\u00een \u00fb w\u00ee ne ten\u00ea n\u00fbner\u00ean kurdan ji Kongrey\u00ea Got\u00fbb\u00eaja Ni\u015ftiman\u00ee ya S\u00fbr\u00ee bi d\u00fbr xist, l\u00ea bel\u00ea y\u00ean p\u00eakhatey\u00ean din j\u00ee. Wate ew kongre n\u00fbnertiya suniyan b\u00eatir dikir.<\/p>\n<p>Haco e\u015fkere kir, ku 3 xal\u00ean qedexekir\u00ee di kongrey\u00ea heb\u00fbn \u00fb nedib\u00fb behsa wan bihata kirin, ew xal j\u00ee ev in: 1-Demoksras\u00ee. 2- Pirsa pirrengiya S\u00fbriy\u00ea. 3- Pirs\u00ean netew\u00ee. Haco da zan\u00een ev t\u00ea wateya ku desthelata n\u00fb danas\u00een\u00ea bi pirrengiya S\u00fbriy\u00ea nake, bi taybet\u00ee ku nav\u00ea ereb\u00ee li komar\u00ea kirin.<br \/>\nHerwiha Haco diyar kir, ku div\u00ea p\u00ea\u015f\u00ee kurd xwe bi xwe li ser daxwaz\u00ean xwe lihev bikin \u00fb ner\u00eeneke hevbe\u015f b\u00ea \u00e7\u00eakirin, pi\u015ft re bi p\u00eakhatey\u00ean din re lihev bikin ka \u00e7i ji v\u00ea desthelat\u00ea dixwazin \u00fb qeb\u00fbl nakin desthelata n\u00fb weke Beis be, l\u00ea bi kirasek\u00ee \u00eeslam\u00ee.<\/p>\n<p>Haco berdewam kir \u00fb got eger wisa berdewam bike \u00fb desthelat kurdan d\u00fbr bixe \u00fb kurd j\u00ee lihev nekin, b\u00ea guman kurd d\u00ea di p\u00eaeroja S\u00fbriy\u00ea de, ne di dest\u00fbr \u00fb ne di hikumet\u00ea de, cih\u00ea xwe negirin.<\/p>\n<p>Haco tekez kir, ku \u015fa\u015ftiyeke gelek\u00ee mezin e eger QSD niha \u00e7ek\u00ean xwe deyne ber\u00ee ku maf\u00ean kurdan li S\u00fbriy\u00ea werin misogerkirin, \u00fb got ne ji berjewendiy\u00ean kurd\u00ean S\u00fbriy\u00ea ye QSD \u00e7ek\u00ean xwe niha deyne.<br \/>\nHer di derbar\u00ea got\u00fbb\u00eaja kurd\u00ee-kurd\u00ee de li Kurdistana S\u00fbriy\u00ea, Haco da zan\u00een, ku heta pirsgir\u00eak di navbera PKK \u00fb PDK hebin, ENKS \u00fb PYD nikarin lihev bikin. Haco diyar kir, ku dibe Banga Ocalan bandoreke w\u00ea hebe \u00fb dijmantiya navbera herdu aliy\u00ean ENKS \u00fb PYD de k\u00eam bike \u00fb bih\u00eale n\u00eaz\u00eek\u00ee\u00a0hev\u00a0bibin.<\/p>\n","protected":false},"excerpt":{"rendered":"<p>Serok\u00ea Of\u00eesa P\u00eawendiy\u00ean Derve ya Ber\u00ea Kurdistana S\u00fbriy\u00ea \u00fb Serok\u00ea \u015eep\u00eala Azad\u00ee ya Kurdistan\u00ee, Siyamend&#8230;<\/p>\n","protected":false},"author":8,"featured_media":2140,"comment_status":"closed","ping_status":"closed","sticky":false,"template":"","format":"standard","meta":{"footnotes":""},"categories":[42],"tags":[],"class_list":["post-2139","post","type-post","status-publish","format-standard","has-post-thumbnail","hentry","category-hevditin"],"yoast_head":"<!-- This site is optimized with the Yoast SEO plugin v27.5 - https:\/\/yoast.com\/product\/yoast-seo-wordpress\/ -->\n<title>Haco xal\u00ean qedexekir\u00ee di Kongrey\u00ea Got\u00fbb\u00eaja Ni\u015ftiman\u00ee de e\u015fkere dike &#8226; \u015eAK<\/title>\n<meta name=\"robots\" content=\"index, follow, max-snippet:-1, max-image-preview:large, max-video-preview:-1\" \/>\n<link rel=\"canonical\" href=\"https:\/\/saknews.net\/ku\/?p=2139\" \/>\n<meta property=\"og:locale\" content=\"en_US\" \/>\n<meta property=\"og:type\" content=\"article\" \/>\n<meta property=\"og:title\" content=\"Haco xal\u00ean qedexekir\u00ee di Kongrey\u00ea Got\u00fbb\u00eaja Ni\u015ftiman\u00ee de e\u015fkere dike &#8226; \u015eAK\" \/>\n<meta property=\"og:description\" content=\"Serok\u00ea Of\u00eesa P\u00eawendiy\u00ean Derve ya Ber\u00ea Kurdistana S\u00fbriy\u00ea \u00fb Serok\u00ea \u015eep\u00eala Azad\u00ee ya Kurdistan\u00ee, Siyamend...\" \/>\n<meta property=\"og:url\" content=\"https:\/\/saknews.net\/ku\/?p=2139\" \/>\n<meta property=\"og:site_name\" content=\"\u015eAK\" \/>\n<meta property=\"article:publisher\" content=\"https:\/\/www.facebook.com\/Shepel.ewropa\" \/>\n<meta property=\"article:published_time\" content=\"2025-03-02T10:14:39+00:00\" \/>\n<meta property=\"og:image\" content=\"https:\/\/saknews.net\/ku\/wp-content\/uploads\/2025\/03\/Siyamend-Haco-Channel8-Silemani.jpg\" \/>\n\t<meta property=\"og:image:width\" content=\"1600\" \/>\n\t<meta property=\"og:image:height\" content=\"896\" \/>\n\t<meta property=\"og:image:type\" content=\"image\/jpeg\" \/>\n<meta name=\"author\" content=\"Horan Hem\" \/>\n<meta name=\"twitter:card\" content=\"summary_large_image\" \/>\n<meta name=\"twitter:label1\" content=\"Written by\" \/>\n\t<meta name=\"twitter:data1\" content=\"Horan Hem\" \/>\n\t<meta name=\"twitter:label2\" content=\"Est. reading time\" \/>\n\t<meta name=\"twitter:data2\" content=\"1 minute\" \/>\n<script type=\"application\/ld+json\" class=\"yoast-schema-graph\">{\"@context\":\"https:\\\/\\\/schema.org\",\"@graph\":[{\"@type\":\"Article\",\"@id\":\"https:\\\/\\\/saknews.net\\\/ku\\\/?p=2139#article\",\"isPartOf\":{\"@id\":\"https:\\\/\\\/saknews.net\\\/ku\\\/?p=2139\"},\"author\":{\"name\":\"Horan Hem\",\"@id\":\"https:\\\/\\\/saknews.net\\\/ku\\\/#\\\/schema\\\/person\\\/72ae32a4041a3817e015b63d8f409058\"},\"headline\":\"Haco xal\u00ean qedexekir\u00ee di Kongrey\u00ea Got\u00fbb\u00eaja Ni\u015ftiman\u00ee de e\u015fkere dike\",\"datePublished\":\"2025-03-02T10:14:39+00:00\",\"mainEntityOfPage\":{\"@id\":\"https:\\\/\\\/saknews.net\\\/ku\\\/?p=2139\"},\"wordCount\":361,\"publisher\":{\"@id\":\"https:\\\/\\\/saknews.net\\\/ku\\\/#organization\"},\"image\":{\"@id\":\"https:\\\/\\\/saknews.net\\\/ku\\\/?p=2139#primaryimage\"},\"thumbnailUrl\":\"https:\\\/\\\/i0.wp.com\\\/saknews.net\\\/ku\\\/wp-content\\\/uploads\\\/2025\\\/03\\\/Siyamend-Haco-Channel8-Silemani.jpg?fit=1600%2C896&ssl=1\",\"articleSection\":[\"Hevd\u00eetin\"],\"inLanguage\":\"en-US\"},{\"@type\":\"WebPage\",\"@id\":\"https:\\\/\\\/saknews.net\\\/ku\\\/?p=2139\",\"url\":\"https:\\\/\\\/saknews.net\\\/ku\\\/?p=2139\",\"name\":\"Haco xal\u00ean qedexekir\u00ee di Kongrey\u00ea Got\u00fbb\u00eaja Ni\u015ftiman\u00ee de e\u015fkere dike &#8226; \u015eAK\",\"isPartOf\":{\"@id\":\"https:\\\/\\\/saknews.net\\\/ku\\\/#website\"},\"primaryImageOfPage\":{\"@id\":\"https:\\\/\\\/saknews.net\\\/ku\\\/?p=2139#primaryimage\"},\"image\":{\"@id\":\"https:\\\/\\\/saknews.net\\\/ku\\\/?p=2139#primaryimage\"},\"thumbnailUrl\":\"https:\\\/\\\/i0.wp.com\\\/saknews.net\\\/ku\\\/wp-content\\\/uploads\\\/2025\\\/03\\\/Siyamend-Haco-Channel8-Silemani.jpg?fit=1600%2C896&ssl=1\",\"datePublished\":\"2025-03-02T10:14:39+00:00\",\"breadcrumb\":{\"@id\":\"https:\\\/\\\/saknews.net\\\/ku\\\/?p=2139#breadcrumb\"},\"inLanguage\":\"en-US\",\"potentialAction\":[{\"@type\":\"ReadAction\",\"target\":[\"https:\\\/\\\/saknews.net\\\/ku\\\/?p=2139\"]}]},{\"@type\":\"ImageObject\",\"inLanguage\":\"en-US\",\"@id\":\"https:\\\/\\\/saknews.net\\\/ku\\\/?p=2139#primaryimage\",\"url\":\"https:\\\/\\\/i0.wp.com\\\/saknews.net\\\/ku\\\/wp-content\\\/uploads\\\/2025\\\/03\\\/Siyamend-Haco-Channel8-Silemani.jpg?fit=1600%2C896&ssl=1\",\"contentUrl\":\"https:\\\/\\\/i0.wp.com\\\/saknews.net\\\/ku\\\/wp-content\\\/uploads\\\/2025\\\/03\\\/Siyamend-Haco-Channel8-Silemani.jpg?fit=1600%2C896&ssl=1\",\"width\":1600,\"height\":896},{\"@type\":\"BreadcrumbList\",\"@id\":\"https:\\\/\\\/saknews.net\\\/ku\\\/?p=2139#breadcrumb\",\"itemListElement\":[{\"@type\":\"ListItem\",\"position\":1,\"name\":\"\u0627\u0644\u0631\u0626\u064a\u0633\u064a\u0629\",\"item\":\"https:\\\/\\\/saknews.net\\\/ku\\\/\"},{\"@type\":\"ListItem\",\"position\":2,\"name\":\"N\u00fb\u00e7e\",\"item\":\"https:\\\/\\\/saknews.net\\\/ku\\\/?cat=49\"},{\"@type\":\"ListItem\",\"position\":3,\"name\":\"Daxuyan\u00ee\",\"item\":\"https:\\\/\\\/saknews.net\\\/ku\\\/?cat=34\"},{\"@type\":\"ListItem\",\"position\":4,\"name\":\"Hevd\u00eetin\",\"item\":\"https:\\\/\\\/saknews.net\\\/ku\\\/?cat=42\"},{\"@type\":\"ListItem\",\"position\":5,\"name\":\"Haco xal\u00ean qedexekir\u00ee di Kongrey\u00ea Got\u00fbb\u00eaja Ni\u015ftiman\u00ee de e\u015fkere dike\"}]},{\"@type\":\"WebSite\",\"@id\":\"https:\\\/\\\/saknews.net\\\/ku\\\/#website\",\"url\":\"https:\\\/\\\/saknews.net\\\/ku\\\/\",\"name\":\"S\u0327epe\u0302la Azadi\u0302 ya Kurdistani\u0302\",\"description\":\"\u062a\u064a\u0627\u0631 \u0627\u0644\u062d\u0631\u064a\u0629 \u0627\u0644\u0643\u0648\u0631\u062f\u0633\u062a\u0627\u0646\u064a \u015eep\u00eala Azad\u00ee ya Kurdistan\u00ee\",\"publisher\":{\"@id\":\"https:\\\/\\\/saknews.net\\\/ku\\\/#organization\"},\"potentialAction\":[{\"@type\":\"SearchAction\",\"target\":{\"@type\":\"EntryPoint\",\"urlTemplate\":\"https:\\\/\\\/saknews.net\\\/ku\\\/?s={search_term_string}\"},\"query-input\":{\"@type\":\"PropertyValueSpecification\",\"valueRequired\":true,\"valueName\":\"search_term_string\"}}],\"inLanguage\":\"en-US\"},{\"@type\":\"Organization\",\"@id\":\"https:\\\/\\\/saknews.net\\\/ku\\\/#organization\",\"name\":\"\u015eep\u00eala Azadiy\u00ea ya Kurdistan\u00ea - \u062a\u064a\u0627\u0631 \u0627\u0644\u062d\u0631\u064a\u0629 \u0627\u0644\u0643\u0648\u0631\u062f\u0633\u062a\u0627\u0646\u064a\",\"url\":\"https:\\\/\\\/saknews.net\\\/ku\\\/\",\"logo\":{\"@type\":\"ImageObject\",\"inLanguage\":\"en-US\",\"@id\":\"https:\\\/\\\/saknews.net\\\/ku\\\/#\\\/schema\\\/logo\\\/image\\\/\",\"url\":\"https:\\\/\\\/i0.wp.com\\\/saknews.net\\\/ku\\\/wp-content\\\/uploads\\\/2024\\\/11\\\/cropped-logo-1.png?fit=512%2C512&ssl=1\",\"contentUrl\":\"https:\\\/\\\/i0.wp.com\\\/saknews.net\\\/ku\\\/wp-content\\\/uploads\\\/2024\\\/11\\\/cropped-logo-1.png?fit=512%2C512&ssl=1\",\"width\":512,\"height\":512,\"caption\":\"\u015eep\u00eala Azadiy\u00ea ya Kurdistan\u00ea - \u062a\u064a\u0627\u0631 \u0627\u0644\u062d\u0631\u064a\u0629 \u0627\u0644\u0643\u0648\u0631\u062f\u0633\u062a\u0627\u0646\u064a\"},\"image\":{\"@id\":\"https:\\\/\\\/saknews.net\\\/ku\\\/#\\\/schema\\\/logo\\\/image\\\/\"},\"sameAs\":[\"https:\\\/\\\/www.facebook.com\\\/Shepel.ewropa\"]},{\"@type\":\"Person\",\"@id\":\"https:\\\/\\\/saknews.net\\\/ku\\\/#\\\/schema\\\/person\\\/72ae32a4041a3817e015b63d8f409058\",\"name\":\"Horan Hem\",\"url\":\"https:\\\/\\\/saknews.net\\\/ku\\\/?author=8\"}]}<\/script>\n<!-- \/ Yoast SEO plugin. -->","yoast_head_json":{"title":"Haco xal\u00ean qedexekir\u00ee di Kongrey\u00ea Got\u00fbb\u00eaja Ni\u015ftiman\u00ee de e\u015fkere dike &#8226; \u015eAK","robots":{"index":"index","follow":"follow","max-snippet":"max-snippet:-1","max-image-preview":"max-image-preview:large","max-video-preview":"max-video-preview:-1"},"canonical":"https:\/\/saknews.net\/ku\/?p=2139","og_locale":"en_US","og_type":"article","og_title":"Haco xal\u00ean qedexekir\u00ee di Kongrey\u00ea Got\u00fbb\u00eaja Ni\u015ftiman\u00ee de e\u015fkere dike &#8226; \u015eAK","og_description":"Serok\u00ea Of\u00eesa P\u00eawendiy\u00ean Derve ya Ber\u00ea Kurdistana S\u00fbriy\u00ea \u00fb Serok\u00ea \u015eep\u00eala Azad\u00ee ya Kurdistan\u00ee, Siyamend...","og_url":"https:\/\/saknews.net\/ku\/?p=2139","og_site_name":"\u015eAK","article_publisher":"https:\/\/www.facebook.com\/Shepel.ewropa","article_published_time":"2025-03-02T10:14:39+00:00","og_image":[{"width":1600,"height":896,"url":"https:\/\/saknews.net\/ku\/wp-content\/uploads\/2025\/03\/Siyamend-Haco-Channel8-Silemani.jpg","type":"image\/jpeg"}],"author":"Horan Hem","twitter_card":"summary_large_image","twitter_misc":{"Written by":"Horan Hem","Est. reading time":"1 minute"},"schema":{"@context":"https:\/\/schema.org","@graph":[{"@type":"Article","@id":"https:\/\/saknews.net\/ku\/?p=2139#article","isPartOf":{"@id":"https:\/\/saknews.net\/ku\/?p=2139"},"author":{"name":"Horan Hem","@id":"https:\/\/saknews.net\/ku\/#\/schema\/person\/72ae32a4041a3817e015b63d8f409058"},"headline":"Haco xal\u00ean qedexekir\u00ee di Kongrey\u00ea Got\u00fbb\u00eaja Ni\u015ftiman\u00ee de e\u015fkere dike","datePublished":"2025-03-02T10:14:39+00:00","mainEntityOfPage":{"@id":"https:\/\/saknews.net\/ku\/?p=2139"},"wordCount":361,"publisher":{"@id":"https:\/\/saknews.net\/ku\/#organization"},"image":{"@id":"https:\/\/saknews.net\/ku\/?p=2139#primaryimage"},"thumbnailUrl":"https:\/\/i0.wp.com\/saknews.net\/ku\/wp-content\/uploads\/2025\/03\/Siyamend-Haco-Channel8-Silemani.jpg?fit=1600%2C896&ssl=1","articleSection":["Hevd\u00eetin"],"inLanguage":"en-US"},{"@type":"WebPage","@id":"https:\/\/saknews.net\/ku\/?p=2139","url":"https:\/\/saknews.net\/ku\/?p=2139","name":"Haco xal\u00ean qedexekir\u00ee di Kongrey\u00ea Got\u00fbb\u00eaja Ni\u015ftiman\u00ee de e\u015fkere dike &#8226; \u015eAK","isPartOf":{"@id":"https:\/\/saknews.net\/ku\/#website"},"primaryImageOfPage":{"@id":"https:\/\/saknews.net\/ku\/?p=2139#primaryimage"},"image":{"@id":"https:\/\/saknews.net\/ku\/?p=2139#primaryimage"},"thumbnailUrl":"https:\/\/i0.wp.com\/saknews.net\/ku\/wp-content\/uploads\/2025\/03\/Siyamend-Haco-Channel8-Silemani.jpg?fit=1600%2C896&ssl=1","datePublished":"2025-03-02T10:14:39+00:00","breadcrumb":{"@id":"https:\/\/saknews.net\/ku\/?p=2139#breadcrumb"},"inLanguage":"en-US","potentialAction":[{"@type":"ReadAction","target":["https:\/\/saknews.net\/ku\/?p=2139"]}]},{"@type":"ImageObject","inLanguage":"en-US","@id":"https:\/\/saknews.net\/ku\/?p=2139#primaryimage","url":"https:\/\/i0.wp.com\/saknews.net\/ku\/wp-content\/uploads\/2025\/03\/Siyamend-Haco-Channel8-Silemani.jpg?fit=1600%2C896&ssl=1","contentUrl":"https:\/\/i0.wp.com\/saknews.net\/ku\/wp-content\/uploads\/2025\/03\/Siyamend-Haco-Channel8-Silemani.jpg?fit=1600%2C896&ssl=1","width":1600,"height":896},{"@type":"BreadcrumbList","@id":"https:\/\/saknews.net\/ku\/?p=2139#breadcrumb","itemListElement":[{"@type":"ListItem","position":1,"name":"\u0627\u0644\u0631\u0626\u064a\u0633\u064a\u0629","item":"https:\/\/saknews.net\/ku\/"},{"@type":"ListItem","position":2,"name":"N\u00fb\u00e7e","item":"https:\/\/saknews.net\/ku\/?cat=49"},{"@type":"ListItem","position":3,"name":"Daxuyan\u00ee","item":"https:\/\/saknews.net\/ku\/?cat=34"},{"@type":"ListItem","position":4,"name":"Hevd\u00eetin","item":"https:\/\/saknews.net\/ku\/?cat=42"},{"@type":"ListItem","position":5,"name":"Haco xal\u00ean qedexekir\u00ee di Kongrey\u00ea Got\u00fbb\u00eaja Ni\u015ftiman\u00ee de e\u015fkere dike"}]},{"@type":"WebSite","@id":"https:\/\/saknews.net\/ku\/#website","url":"https:\/\/saknews.net\/ku\/","name":"S\u0327epe\u0302la Azadi\u0302 ya Kurdistani\u0302","description":"\u062a\u064a\u0627\u0631 \u0627\u0644\u062d\u0631\u064a\u0629 \u0627\u0644\u0643\u0648\u0631\u062f\u0633\u062a\u0627\u0646\u064a \u015eep\u00eala Azad\u00ee ya Kurdistan\u00ee","publisher":{"@id":"https:\/\/saknews.net\/ku\/#organization"},"potentialAction":[{"@type":"SearchAction","target":{"@type":"EntryPoint","urlTemplate":"https:\/\/saknews.net\/ku\/?s={search_term_string}"},"query-input":{"@type":"PropertyValueSpecification","valueRequired":true,"valueName":"search_term_string"}}],"inLanguage":"en-US"},{"@type":"Organization","@id":"https:\/\/saknews.net\/ku\/#organization","name":"\u015eep\u00eala Azadiy\u00ea ya Kurdistan\u00ea - \u062a\u064a\u0627\u0631 \u0627\u0644\u062d\u0631\u064a\u0629 \u0627\u0644\u0643\u0648\u0631\u062f\u0633\u062a\u0627\u0646\u064a","url":"https:\/\/saknews.net\/ku\/","logo":{"@type":"ImageObject","inLanguage":"en-US","@id":"https:\/\/saknews.net\/ku\/#\/schema\/logo\/image\/","url":"https:\/\/i0.wp.com\/saknews.net\/ku\/wp-content\/uploads\/2024\/11\/cropped-logo-1.png?fit=512%2C512&ssl=1","contentUrl":"https:\/\/i0.wp.com\/saknews.net\/ku\/wp-content\/uploads\/2024\/11\/cropped-logo-1.png?fit=512%2C512&ssl=1","width":512,"height":512,"caption":"\u015eep\u00eala Azadiy\u00ea ya Kurdistan\u00ea - \u062a\u064a\u0627\u0631 \u0627\u0644\u062d\u0631\u064a\u0629 \u0627\u0644\u0643\u0648\u0631\u062f\u0633\u062a\u0627\u0646\u064a"},"image":{"@id":"https:\/\/saknews.net\/ku\/#\/schema\/logo\/image\/"},"sameAs":["https:\/\/www.facebook.com\/Shepel.ewropa"]},{"@type":"Person","@id":"https:\/\/saknews.net\/ku\/#\/schema\/person\/72ae32a4041a3817e015b63d8f409058","name":"Horan Hem","url":"https:\/\/saknews.net\/ku\/?author=8"}]}},"featured_image_urls":{"full":["https:\/\/i0.wp.com\/saknews.net\/ku\/wp-content\/uploads\/2025\/03\/Siyamend-Haco-Channel8-Silemani.jpg?fit=1600%2C896&ssl=1",1600,896,false],"thumbnail":["https:\/\/i0.wp.com\/saknews.net\/ku\/wp-content\/uploads\/2025\/03\/Siyamend-Haco-Channel8-Silemani.jpg?resize=150%2C150&ssl=1",150,150,true],"medium":["https:\/\/i0.wp.com\/saknews.net\/ku\/wp-content\/uploads\/2025\/03\/Siyamend-Haco-Channel8-Silemani.jpg?fit=300%2C168&ssl=1",300,168,true],"medium_large":["https:\/\/i0.wp.com\/saknews.net\/ku\/wp-content\/uploads\/2025\/03\/Siyamend-Haco-Channel8-Silemani.jpg?fit=640%2C358&ssl=1",640,358,true],"large":["https:\/\/i0.wp.com\/saknews.net\/ku\/wp-content\/uploads\/2025\/03\/Siyamend-Haco-Channel8-Silemani.jpg?fit=640%2C358&ssl=1",640,358,true],"1536x1536":["https:\/\/i0.wp.com\/saknews.net\/ku\/wp-content\/uploads\/2025\/03\/Siyamend-Haco-Channel8-Silemani.jpg?fit=1536%2C860&ssl=1",1536,860,true],"2048x2048":["https:\/\/i0.wp.com\/saknews.net\/ku\/wp-content\/uploads\/2025\/03\/Siyamend-Haco-Channel8-Silemani.jpg?fit=1600%2C896&ssl=1",1600,896,true],"covernews-featured":["https:\/\/i0.wp.com\/saknews.net\/ku\/wp-content\/uploads\/2025\/03\/Siyamend-Haco-Channel8-Silemani.jpg?fit=1024%2C573&ssl=1",1024,573,true],"covernews-medium":["https:\/\/i0.wp.com\/saknews.net\/ku\/wp-content\/uploads\/2025\/03\/Siyamend-Haco-Channel8-Silemani.jpg?resize=540%2C340&ssl=1",540,340,true]},"author_info":{"display_name":"Horan Hem","author_link":"https:\/\/saknews.net\/ku\/?author=8"},"category_info":"<a href=\"https:\/\/saknews.net\/ku\/?cat=42\" rel=\"category\">Hevd\u00eetin<\/a>","tag_info":"Hevd\u00eetin","comment_count":"0","_links":{"self":[{"href":"https:\/\/saknews.net\/ku\/index.php?rest_route=\/wp\/v2\/posts\/2139","targetHints":{"allow":["GET"]}}],"collection":[{"href":"https:\/\/saknews.net\/ku\/index.php?rest_route=\/wp\/v2\/posts"}],"about":[{"href":"https:\/\/saknews.net\/ku\/index.php?rest_route=\/wp\/v2\/types\/post"}],"author":[{"embeddable":true,"href":"https:\/\/saknews.net\/ku\/index.php?rest_route=\/wp\/v2\/users\/8"}],"replies":[{"embeddable":true,"href":"https:\/\/saknews.net\/ku\/index.php?rest_route=%2Fwp%2Fv2%2Fcomments&post=2139"}],"version-history":[{"count":1,"href":"https:\/\/saknews.net\/ku\/index.php?rest_route=\/wp\/v2\/posts\/2139\/revisions"}],"predecessor-version":[{"id":2141,"href":"https:\/\/saknews.net\/ku\/index.php?rest_route=\/wp\/v2\/posts\/2139\/revisions\/2141"}],"wp:featuredmedia":[{"embeddable":true,"href":"https:\/\/saknews.net\/ku\/index.php?rest_route=\/wp\/v2\/media\/2140"}],"wp:attachment":[{"href":"https:\/\/saknews.net\/ku\/index.php?rest_route=%2Fwp%2Fv2%2Fmedia&parent=2139"}],"wp:term":[{"taxonomy":"category","embeddable":true,"href":"https:\/\/saknews.net\/ku\/index.php?rest_route=%2Fwp%2Fv2%2Fcategories&post=2139"},{"taxonomy":"post_tag","embeddable":true,"href":"https:\/\/saknews.net\/ku\/index.php?rest_route=%2Fwp%2Fv2%2Ftags&post=2139"}],"curies":[{"name":"wp","href":"https:\/\/api.w.org\/{rel}","templated":true}]}}