{"id":2150,"date":"2025-03-04T08:38:15","date_gmt":"2025-03-04T08:38:15","guid":{"rendered":"https:\/\/saknews.net\/ku\/?p=2150"},"modified":"2025-03-04T08:39:51","modified_gmt":"2025-03-04T08:39:51","slug":"bere-kurdistana-suriye-durxistina-pekhateyan-ji-cekirina-peseroja-suriye-red-dike","status":"publish","type":"post","link":"https:\/\/saknews.net\/ku\/?p=2150","title":{"rendered":"Ber\u00ea Kurdistana S\u00fbriy\u00ea d\u00fbrxistina p\u00eakhateyan ji \u00e7\u00eakirina p\u00ea\u015feroja S\u00fbriy\u00ea red dike"},"content":{"rendered":"<p>Ber\u00ea Kurdistana S\u00fbriy\u00ea derbar\u00ea p\u00eakan\u00eena Kom\u00eeteya niv\u00eesandina re\u015fpelika ragihandina dest\u00fbr\u00ee daxuyaniyek belav kir \u00fb t\u00eade d\u00fbrxistina rola p\u00eakhateyan ji be\u015fdarb\u00fbna \u00e7\u00eakirina p\u00ea\u015feroja S\u00fbriy\u00ea de red kir, deqeya daxuyaniy\u00ea:<\/p>\n<p><strong>Daxuyan\u00ee derbar\u00ea p\u00eakan\u00eena kom\u00eeta niv\u00eesandina<\/strong> <strong>\u00a0ragihandina dest\u00fbr\u00ee<\/strong><\/p>\n<p>Desthelata n\u00fb li \u015eam\u00ea berdewam e di d\u00fbrxistina p\u00eakhatey\u00ean S\u00fbriy\u00ea de di \u00e7\u00eakirina p\u00ea\u015feroja w\u00ee welat\u00ee de. Her\u00ee daw\u00ee j\u00ee p\u00eakan\u00eena Kom\u00eeteya niv\u00eesandina re\u015fpeilka ragihandina dest\u00fbr\u00ee ji aliy\u00ean serok\u00ea desthelata n\u00fb ve li \u015eam\u00ea, b\u00eay\u00ee ku ti r\u00eakeftin \u00fb lihevkirineke siyas\u00ee bi aliy\u00ean siyas\u00ee y\u00ean p\u00eakhateyan re were kirin. Ev gav siyaset\u00ean d\u00fbrxistin \u00fb girtina tekane ya destelat\u00ea jin\u00fbve ava dike \u00fb tecrubeya El-Beis dubare dike, l\u00ea bi rengek\u00ee \u00eeslam\u00ee.<br \/>\nJi ber v\u00ea kom\u00eetey\u00ea pirrengiya li S\u00fbriy\u00ea li ber \u00e7avan negirtiye, w\u00ea encam\u00ean w\u00ea j\u00ee ne rewa bin \u00fb ji aliy\u00ea xelk\u00ea ve ney\u00eane qeb\u00fblkirin.<br \/>\nXistina tevahiya desthilat\u00ea di dest\u00ean serok\u00ea desthelata n\u00fb de, n\u00ee\u015faneke zelal e ji bo jin\u00fbve \u00e7\u00eakirina s\u00eetemkariy\u00ea li bi rengek\u00ee \u00eeslam\u00ee. \u00c7i ji destn\u00ee\u015fankirina parlemantoy\u00ea \u00fb \u00e7i j\u00ee ji destdan\u00eena gi\u015ft\u00ee li ser \u00e7ar\u00e7oveya yasay\u00ee ya qonaxa veguh\u00eaz. Neb\u00fbna balans\u00ea di parvekirina desthelat\u00ea de, derfet\u00ean avakirina s\u00eestemeke demokrat li ser bingeha hevkariy\u00ea t\u00eak dide.<br \/>\nHerwiha gotegot\u00ean derbar\u00ea merc\u00ean serokatiya komar\u00ea, ku div\u00ea misliman be, binp\u00eakirineke ji maf\u00ean mirovan re \u00fb li dij\u00ee pirens\u00eepa hemwelat\u00eeb\u00fbn\u00ea ye ku ew desthelat bi xwe \u00eed\u00eea dike \u00fb be\u015fek\u00ee ji s\u00fbriyan ji w\u00ee maf\u00ee b\u00eapar dike, ew j\u00ee nay\u00ea qeb\u00fblkirin di dewletek\u00ea be r\u00eaz\u00ea li maf\u00ean tevahiya p\u00eakhateyan bigire. Div\u00ea Posta serokkomariy\u00ea li gor\u00ee kar\u00een \u00fb \u015farezay\u00eena bir\u00eavebirin\u00ea be, ne li gor\u00ee p\u00eevan\u00ean d\u00een\u00ee \u00fb netew\u00ee be.<br \/>\nTi\u015ft\u00ean \u00eero t\u00eane kirin, siyaseteke bi r\u00eak \u00fb p\u00eak e ji bo d\u00fbrxistina p\u00eakhateyan, herwiha \u00e7espandina ner\u00eena tekane ti aramiyek\u00ea di p\u00ea\u015feroj\u00ea de \u00e7\u00eanake. Ji ber v\u00ea j\u00ee, em bang li h\u00eaz\u00ean navdewlet\u00ee \u00fb civaka navdewlet\u00ee dikin, ku guva\u015fan li ser v\u00ea desthelata n\u00fb li \u015eam\u00ea bikin \u00fb van siyasetan rawest\u00eenin, ji bo misogerkirina piroseya dest\u00fbr\u00ee ya gi\u015ftg\u00eer \u00fb li ser bingeha lihevkirina ni\u015ftiman\u00ee \u00fb maf\u00ean hemwelat\u00eeb\u00fbn\u00ea ya wek hev \u00fb r\u00eazgirtina li tevahiya maf\u00ean p\u00eakhateyan.<\/p>\n<p>Ber\u00ea Kurdistana S\u00fbriy\u00ea<br \/>\n04.03.2025<\/p>\n","protected":false},"excerpt":{"rendered":"<p>Ber\u00ea Kurdistana S\u00fbriy\u00ea derbar\u00ea p\u00eakan\u00eena Kom\u00eeteya niv\u00eesandina re\u015fpelika ragihandina dest\u00fbr\u00ee daxuyaniyek belav kir \u00fb t\u00eade&#8230;<\/p>\n","protected":false},"author":8,"featured_media":1905,"comment_status":"closed","ping_status":"closed","sticky":false,"template":"","format":"standard","meta":{"footnotes":""},"categories":[34],"tags":[],"class_list":["post-2150","post","type-post","status-publish","format-standard","has-post-thumbnail","hentry","category-daxuyani"],"yoast_head":"<!-- This site is optimized with the Yoast SEO plugin v27.5 - https:\/\/yoast.com\/product\/yoast-seo-wordpress\/ -->\n<title>Ber\u00ea Kurdistana S\u00fbriy\u00ea d\u00fbrxistina p\u00eakhateyan ji \u00e7\u00eakirina p\u00ea\u015feroja S\u00fbriy\u00ea red dike &#8226; \u015eAK<\/title>\n<meta name=\"robots\" content=\"index, follow, max-snippet:-1, max-image-preview:large, max-video-preview:-1\" \/>\n<link rel=\"canonical\" href=\"https:\/\/saknews.net\/ku\/?p=2150\" \/>\n<meta property=\"og:locale\" content=\"en_US\" \/>\n<meta property=\"og:type\" content=\"article\" \/>\n<meta property=\"og:title\" content=\"Ber\u00ea Kurdistana S\u00fbriy\u00ea d\u00fbrxistina p\u00eakhateyan ji \u00e7\u00eakirina p\u00ea\u015feroja S\u00fbriy\u00ea red dike &#8226; \u015eAK\" \/>\n<meta property=\"og:description\" content=\"Ber\u00ea Kurdistana S\u00fbriy\u00ea derbar\u00ea p\u00eakan\u00eena Kom\u00eeteya niv\u00eesandina re\u015fpelika ragihandina dest\u00fbr\u00ee daxuyaniyek belav kir \u00fb t\u00eade...\" \/>\n<meta property=\"og:url\" content=\"https:\/\/saknews.net\/ku\/?p=2150\" \/>\n<meta property=\"og:site_name\" content=\"\u015eAK\" \/>\n<meta property=\"article:publisher\" content=\"https:\/\/www.facebook.com\/Shepel.ewropa\" \/>\n<meta property=\"article:published_time\" content=\"2025-03-04T08:38:15+00:00\" \/>\n<meta property=\"article:modified_time\" content=\"2025-03-04T08:39:51+00:00\" \/>\n<meta property=\"og:image\" content=\"https:\/\/saknews.net\/ku\/wp-content\/uploads\/2024\/12\/IMG-20241207-WA0028.jpg\" \/>\n\t<meta property=\"og:image:width\" content=\"597\" \/>\n\t<meta property=\"og:image:height\" content=\"574\" \/>\n\t<meta property=\"og:image:type\" content=\"image\/jpeg\" \/>\n<meta name=\"author\" content=\"Horan Hem\" \/>\n<meta name=\"twitter:card\" content=\"summary_large_image\" \/>\n<meta name=\"twitter:label1\" content=\"Written by\" \/>\n\t<meta name=\"twitter:data1\" content=\"Horan Hem\" \/>\n\t<meta name=\"twitter:label2\" content=\"Est. reading time\" \/>\n\t<meta name=\"twitter:data2\" content=\"2 minutes\" \/>\n<script type=\"application\/ld+json\" class=\"yoast-schema-graph\">{\"@context\":\"https:\\\/\\\/schema.org\",\"@graph\":[{\"@type\":\"Article\",\"@id\":\"https:\\\/\\\/saknews.net\\\/ku\\\/?p=2150#article\",\"isPartOf\":{\"@id\":\"https:\\\/\\\/saknews.net\\\/ku\\\/?p=2150\"},\"author\":{\"name\":\"Horan Hem\",\"@id\":\"https:\\\/\\\/saknews.net\\\/ku\\\/#\\\/schema\\\/person\\\/72ae32a4041a3817e015b63d8f409058\"},\"headline\":\"Ber\u00ea Kurdistana S\u00fbriy\u00ea d\u00fbrxistina p\u00eakhateyan ji \u00e7\u00eakirina p\u00ea\u015feroja S\u00fbriy\u00ea red dike\",\"datePublished\":\"2025-03-04T08:38:15+00:00\",\"dateModified\":\"2025-03-04T08:39:51+00:00\",\"mainEntityOfPage\":{\"@id\":\"https:\\\/\\\/saknews.net\\\/ku\\\/?p=2150\"},\"wordCount\":433,\"publisher\":{\"@id\":\"https:\\\/\\\/saknews.net\\\/ku\\\/#organization\"},\"image\":{\"@id\":\"https:\\\/\\\/saknews.net\\\/ku\\\/?p=2150#primaryimage\"},\"thumbnailUrl\":\"https:\\\/\\\/i0.wp.com\\\/saknews.net\\\/ku\\\/wp-content\\\/uploads\\\/2024\\\/12\\\/IMG-20241207-WA0028.jpg?fit=597%2C574&ssl=1\",\"articleSection\":[\"Daxuyan\u00ee\"],\"inLanguage\":\"en-US\"},{\"@type\":\"WebPage\",\"@id\":\"https:\\\/\\\/saknews.net\\\/ku\\\/?p=2150\",\"url\":\"https:\\\/\\\/saknews.net\\\/ku\\\/?p=2150\",\"name\":\"Ber\u00ea Kurdistana S\u00fbriy\u00ea d\u00fbrxistina p\u00eakhateyan ji \u00e7\u00eakirina p\u00ea\u015feroja S\u00fbriy\u00ea red dike &#8226; \u015eAK\",\"isPartOf\":{\"@id\":\"https:\\\/\\\/saknews.net\\\/ku\\\/#website\"},\"primaryImageOfPage\":{\"@id\":\"https:\\\/\\\/saknews.net\\\/ku\\\/?p=2150#primaryimage\"},\"image\":{\"@id\":\"https:\\\/\\\/saknews.net\\\/ku\\\/?p=2150#primaryimage\"},\"thumbnailUrl\":\"https:\\\/\\\/i0.wp.com\\\/saknews.net\\\/ku\\\/wp-content\\\/uploads\\\/2024\\\/12\\\/IMG-20241207-WA0028.jpg?fit=597%2C574&ssl=1\",\"datePublished\":\"2025-03-04T08:38:15+00:00\",\"dateModified\":\"2025-03-04T08:39:51+00:00\",\"breadcrumb\":{\"@id\":\"https:\\\/\\\/saknews.net\\\/ku\\\/?p=2150#breadcrumb\"},\"inLanguage\":\"en-US\",\"potentialAction\":[{\"@type\":\"ReadAction\",\"target\":[\"https:\\\/\\\/saknews.net\\\/ku\\\/?p=2150\"]}]},{\"@type\":\"ImageObject\",\"inLanguage\":\"en-US\",\"@id\":\"https:\\\/\\\/saknews.net\\\/ku\\\/?p=2150#primaryimage\",\"url\":\"https:\\\/\\\/i0.wp.com\\\/saknews.net\\\/ku\\\/wp-content\\\/uploads\\\/2024\\\/12\\\/IMG-20241207-WA0028.jpg?fit=597%2C574&ssl=1\",\"contentUrl\":\"https:\\\/\\\/i0.wp.com\\\/saknews.net\\\/ku\\\/wp-content\\\/uploads\\\/2024\\\/12\\\/IMG-20241207-WA0028.jpg?fit=597%2C574&ssl=1\",\"width\":597,\"height\":574},{\"@type\":\"BreadcrumbList\",\"@id\":\"https:\\\/\\\/saknews.net\\\/ku\\\/?p=2150#breadcrumb\",\"itemListElement\":[{\"@type\":\"ListItem\",\"position\":1,\"name\":\"\u0627\u0644\u0631\u0626\u064a\u0633\u064a\u0629\",\"item\":\"https:\\\/\\\/saknews.net\\\/ku\\\/\"},{\"@type\":\"ListItem\",\"position\":2,\"name\":\"N\u00fb\u00e7e\",\"item\":\"https:\\\/\\\/saknews.net\\\/ku\\\/?cat=49\"},{\"@type\":\"ListItem\",\"position\":3,\"name\":\"Daxuyan\u00ee\",\"item\":\"https:\\\/\\\/saknews.net\\\/ku\\\/?cat=34\"},{\"@type\":\"ListItem\",\"position\":4,\"name\":\"Ber\u00ea Kurdistana S\u00fbriy\u00ea d\u00fbrxistina p\u00eakhateyan ji \u00e7\u00eakirina p\u00ea\u015feroja S\u00fbriy\u00ea red dike\"}]},{\"@type\":\"WebSite\",\"@id\":\"https:\\\/\\\/saknews.net\\\/ku\\\/#website\",\"url\":\"https:\\\/\\\/saknews.net\\\/ku\\\/\",\"name\":\"S\u0327epe\u0302la Azadi\u0302 ya Kurdistani\u0302\",\"description\":\"\u062a\u064a\u0627\u0631 \u0627\u0644\u062d\u0631\u064a\u0629 \u0627\u0644\u0643\u0648\u0631\u062f\u0633\u062a\u0627\u0646\u064a \u015eep\u00eala Azad\u00ee ya Kurdistan\u00ee\",\"publisher\":{\"@id\":\"https:\\\/\\\/saknews.net\\\/ku\\\/#organization\"},\"potentialAction\":[{\"@type\":\"SearchAction\",\"target\":{\"@type\":\"EntryPoint\",\"urlTemplate\":\"https:\\\/\\\/saknews.net\\\/ku\\\/?s={search_term_string}\"},\"query-input\":{\"@type\":\"PropertyValueSpecification\",\"valueRequired\":true,\"valueName\":\"search_term_string\"}}],\"inLanguage\":\"en-US\"},{\"@type\":\"Organization\",\"@id\":\"https:\\\/\\\/saknews.net\\\/ku\\\/#organization\",\"name\":\"\u015eep\u00eala Azadiy\u00ea ya Kurdistan\u00ea - \u062a\u064a\u0627\u0631 \u0627\u0644\u062d\u0631\u064a\u0629 \u0627\u0644\u0643\u0648\u0631\u062f\u0633\u062a\u0627\u0646\u064a\",\"url\":\"https:\\\/\\\/saknews.net\\\/ku\\\/\",\"logo\":{\"@type\":\"ImageObject\",\"inLanguage\":\"en-US\",\"@id\":\"https:\\\/\\\/saknews.net\\\/ku\\\/#\\\/schema\\\/logo\\\/image\\\/\",\"url\":\"https:\\\/\\\/i0.wp.com\\\/saknews.net\\\/ku\\\/wp-content\\\/uploads\\\/2024\\\/11\\\/cropped-logo-1.png?fit=512%2C512&ssl=1\",\"contentUrl\":\"https:\\\/\\\/i0.wp.com\\\/saknews.net\\\/ku\\\/wp-content\\\/uploads\\\/2024\\\/11\\\/cropped-logo-1.png?fit=512%2C512&ssl=1\",\"width\":512,\"height\":512,\"caption\":\"\u015eep\u00eala Azadiy\u00ea ya Kurdistan\u00ea - \u062a\u064a\u0627\u0631 \u0627\u0644\u062d\u0631\u064a\u0629 \u0627\u0644\u0643\u0648\u0631\u062f\u0633\u062a\u0627\u0646\u064a\"},\"image\":{\"@id\":\"https:\\\/\\\/saknews.net\\\/ku\\\/#\\\/schema\\\/logo\\\/image\\\/\"},\"sameAs\":[\"https:\\\/\\\/www.facebook.com\\\/Shepel.ewropa\"]},{\"@type\":\"Person\",\"@id\":\"https:\\\/\\\/saknews.net\\\/ku\\\/#\\\/schema\\\/person\\\/72ae32a4041a3817e015b63d8f409058\",\"name\":\"Horan Hem\",\"url\":\"https:\\\/\\\/saknews.net\\\/ku\\\/?author=8\"}]}<\/script>\n<!-- \/ Yoast SEO plugin. -->","yoast_head_json":{"title":"Ber\u00ea Kurdistana S\u00fbriy\u00ea d\u00fbrxistina p\u00eakhateyan ji \u00e7\u00eakirina p\u00ea\u015feroja S\u00fbriy\u00ea red dike &#8226; \u015eAK","robots":{"index":"index","follow":"follow","max-snippet":"max-snippet:-1","max-image-preview":"max-image-preview:large","max-video-preview":"max-video-preview:-1"},"canonical":"https:\/\/saknews.net\/ku\/?p=2150","og_locale":"en_US","og_type":"article","og_title":"Ber\u00ea Kurdistana S\u00fbriy\u00ea d\u00fbrxistina p\u00eakhateyan ji \u00e7\u00eakirina p\u00ea\u015feroja S\u00fbriy\u00ea red dike &#8226; \u015eAK","og_description":"Ber\u00ea Kurdistana S\u00fbriy\u00ea derbar\u00ea p\u00eakan\u00eena Kom\u00eeteya niv\u00eesandina re\u015fpelika ragihandina dest\u00fbr\u00ee daxuyaniyek belav kir \u00fb t\u00eade...","og_url":"https:\/\/saknews.net\/ku\/?p=2150","og_site_name":"\u015eAK","article_publisher":"https:\/\/www.facebook.com\/Shepel.ewropa","article_published_time":"2025-03-04T08:38:15+00:00","article_modified_time":"2025-03-04T08:39:51+00:00","og_image":[{"width":597,"height":574,"url":"https:\/\/saknews.net\/ku\/wp-content\/uploads\/2024\/12\/IMG-20241207-WA0028.jpg","type":"image\/jpeg"}],"author":"Horan Hem","twitter_card":"summary_large_image","twitter_misc":{"Written by":"Horan Hem","Est. reading time":"2 minutes"},"schema":{"@context":"https:\/\/schema.org","@graph":[{"@type":"Article","@id":"https:\/\/saknews.net\/ku\/?p=2150#article","isPartOf":{"@id":"https:\/\/saknews.net\/ku\/?p=2150"},"author":{"name":"Horan Hem","@id":"https:\/\/saknews.net\/ku\/#\/schema\/person\/72ae32a4041a3817e015b63d8f409058"},"headline":"Ber\u00ea Kurdistana S\u00fbriy\u00ea d\u00fbrxistina p\u00eakhateyan ji \u00e7\u00eakirina p\u00ea\u015feroja S\u00fbriy\u00ea red dike","datePublished":"2025-03-04T08:38:15+00:00","dateModified":"2025-03-04T08:39:51+00:00","mainEntityOfPage":{"@id":"https:\/\/saknews.net\/ku\/?p=2150"},"wordCount":433,"publisher":{"@id":"https:\/\/saknews.net\/ku\/#organization"},"image":{"@id":"https:\/\/saknews.net\/ku\/?p=2150#primaryimage"},"thumbnailUrl":"https:\/\/i0.wp.com\/saknews.net\/ku\/wp-content\/uploads\/2024\/12\/IMG-20241207-WA0028.jpg?fit=597%2C574&ssl=1","articleSection":["Daxuyan\u00ee"],"inLanguage":"en-US"},{"@type":"WebPage","@id":"https:\/\/saknews.net\/ku\/?p=2150","url":"https:\/\/saknews.net\/ku\/?p=2150","name":"Ber\u00ea Kurdistana S\u00fbriy\u00ea d\u00fbrxistina p\u00eakhateyan ji \u00e7\u00eakirina p\u00ea\u015feroja S\u00fbriy\u00ea red dike &#8226; \u015eAK","isPartOf":{"@id":"https:\/\/saknews.net\/ku\/#website"},"primaryImageOfPage":{"@id":"https:\/\/saknews.net\/ku\/?p=2150#primaryimage"},"image":{"@id":"https:\/\/saknews.net\/ku\/?p=2150#primaryimage"},"thumbnailUrl":"https:\/\/i0.wp.com\/saknews.net\/ku\/wp-content\/uploads\/2024\/12\/IMG-20241207-WA0028.jpg?fit=597%2C574&ssl=1","datePublished":"2025-03-04T08:38:15+00:00","dateModified":"2025-03-04T08:39:51+00:00","breadcrumb":{"@id":"https:\/\/saknews.net\/ku\/?p=2150#breadcrumb"},"inLanguage":"en-US","potentialAction":[{"@type":"ReadAction","target":["https:\/\/saknews.net\/ku\/?p=2150"]}]},{"@type":"ImageObject","inLanguage":"en-US","@id":"https:\/\/saknews.net\/ku\/?p=2150#primaryimage","url":"https:\/\/i0.wp.com\/saknews.net\/ku\/wp-content\/uploads\/2024\/12\/IMG-20241207-WA0028.jpg?fit=597%2C574&ssl=1","contentUrl":"https:\/\/i0.wp.com\/saknews.net\/ku\/wp-content\/uploads\/2024\/12\/IMG-20241207-WA0028.jpg?fit=597%2C574&ssl=1","width":597,"height":574},{"@type":"BreadcrumbList","@id":"https:\/\/saknews.net\/ku\/?p=2150#breadcrumb","itemListElement":[{"@type":"ListItem","position":1,"name":"\u0627\u0644\u0631\u0626\u064a\u0633\u064a\u0629","item":"https:\/\/saknews.net\/ku\/"},{"@type":"ListItem","position":2,"name":"N\u00fb\u00e7e","item":"https:\/\/saknews.net\/ku\/?cat=49"},{"@type":"ListItem","position":3,"name":"Daxuyan\u00ee","item":"https:\/\/saknews.net\/ku\/?cat=34"},{"@type":"ListItem","position":4,"name":"Ber\u00ea Kurdistana S\u00fbriy\u00ea d\u00fbrxistina p\u00eakhateyan ji \u00e7\u00eakirina p\u00ea\u015feroja S\u00fbriy\u00ea red dike"}]},{"@type":"WebSite","@id":"https:\/\/saknews.net\/ku\/#website","url":"https:\/\/saknews.net\/ku\/","name":"S\u0327epe\u0302la Azadi\u0302 ya Kurdistani\u0302","description":"\u062a\u064a\u0627\u0631 \u0627\u0644\u062d\u0631\u064a\u0629 \u0627\u0644\u0643\u0648\u0631\u062f\u0633\u062a\u0627\u0646\u064a \u015eep\u00eala Azad\u00ee ya Kurdistan\u00ee","publisher":{"@id":"https:\/\/saknews.net\/ku\/#organization"},"potentialAction":[{"@type":"SearchAction","target":{"@type":"EntryPoint","urlTemplate":"https:\/\/saknews.net\/ku\/?s={search_term_string}"},"query-input":{"@type":"PropertyValueSpecification","valueRequired":true,"valueName":"search_term_string"}}],"inLanguage":"en-US"},{"@type":"Organization","@id":"https:\/\/saknews.net\/ku\/#organization","name":"\u015eep\u00eala Azadiy\u00ea ya Kurdistan\u00ea - \u062a\u064a\u0627\u0631 \u0627\u0644\u062d\u0631\u064a\u0629 \u0627\u0644\u0643\u0648\u0631\u062f\u0633\u062a\u0627\u0646\u064a","url":"https:\/\/saknews.net\/ku\/","logo":{"@type":"ImageObject","inLanguage":"en-US","@id":"https:\/\/saknews.net\/ku\/#\/schema\/logo\/image\/","url":"https:\/\/i0.wp.com\/saknews.net\/ku\/wp-content\/uploads\/2024\/11\/cropped-logo-1.png?fit=512%2C512&ssl=1","contentUrl":"https:\/\/i0.wp.com\/saknews.net\/ku\/wp-content\/uploads\/2024\/11\/cropped-logo-1.png?fit=512%2C512&ssl=1","width":512,"height":512,"caption":"\u015eep\u00eala Azadiy\u00ea ya Kurdistan\u00ea - \u062a\u064a\u0627\u0631 \u0627\u0644\u062d\u0631\u064a\u0629 \u0627\u0644\u0643\u0648\u0631\u062f\u0633\u062a\u0627\u0646\u064a"},"image":{"@id":"https:\/\/saknews.net\/ku\/#\/schema\/logo\/image\/"},"sameAs":["https:\/\/www.facebook.com\/Shepel.ewropa"]},{"@type":"Person","@id":"https:\/\/saknews.net\/ku\/#\/schema\/person\/72ae32a4041a3817e015b63d8f409058","name":"Horan Hem","url":"https:\/\/saknews.net\/ku\/?author=8"}]}},"featured_image_urls":{"full":["https:\/\/i0.wp.com\/saknews.net\/ku\/wp-content\/uploads\/2024\/12\/IMG-20241207-WA0028.jpg?fit=597%2C574&ssl=1",597,574,false],"thumbnail":["https:\/\/i0.wp.com\/saknews.net\/ku\/wp-content\/uploads\/2024\/12\/IMG-20241207-WA0028.jpg?resize=150%2C150&ssl=1",150,150,true],"medium":["https:\/\/i0.wp.com\/saknews.net\/ku\/wp-content\/uploads\/2024\/12\/IMG-20241207-WA0028.jpg?fit=300%2C288&ssl=1",300,288,true],"medium_large":["https:\/\/i0.wp.com\/saknews.net\/ku\/wp-content\/uploads\/2024\/12\/IMG-20241207-WA0028.jpg?fit=597%2C574&ssl=1",597,574,true],"large":["https:\/\/i0.wp.com\/saknews.net\/ku\/wp-content\/uploads\/2024\/12\/IMG-20241207-WA0028.jpg?fit=597%2C574&ssl=1",597,574,true],"1536x1536":["https:\/\/i0.wp.com\/saknews.net\/ku\/wp-content\/uploads\/2024\/12\/IMG-20241207-WA0028.jpg?fit=597%2C574&ssl=1",597,574,true],"2048x2048":["https:\/\/i0.wp.com\/saknews.net\/ku\/wp-content\/uploads\/2024\/12\/IMG-20241207-WA0028.jpg?fit=597%2C574&ssl=1",597,574,true],"covernews-featured":["https:\/\/i0.wp.com\/saknews.net\/ku\/wp-content\/uploads\/2024\/12\/IMG-20241207-WA0028.jpg?fit=597%2C574&ssl=1",597,574,true],"covernews-medium":["https:\/\/i0.wp.com\/saknews.net\/ku\/wp-content\/uploads\/2024\/12\/IMG-20241207-WA0028.jpg?resize=540%2C340&ssl=1",540,340,true]},"author_info":{"display_name":"Horan Hem","author_link":"https:\/\/saknews.net\/ku\/?author=8"},"category_info":"<a href=\"https:\/\/saknews.net\/ku\/?cat=34\" rel=\"category\">Daxuyan\u00ee<\/a>","tag_info":"Daxuyan\u00ee","comment_count":"0","_links":{"self":[{"href":"https:\/\/saknews.net\/ku\/index.php?rest_route=\/wp\/v2\/posts\/2150","targetHints":{"allow":["GET"]}}],"collection":[{"href":"https:\/\/saknews.net\/ku\/index.php?rest_route=\/wp\/v2\/posts"}],"about":[{"href":"https:\/\/saknews.net\/ku\/index.php?rest_route=\/wp\/v2\/types\/post"}],"author":[{"embeddable":true,"href":"https:\/\/saknews.net\/ku\/index.php?rest_route=\/wp\/v2\/users\/8"}],"replies":[{"embeddable":true,"href":"https:\/\/saknews.net\/ku\/index.php?rest_route=%2Fwp%2Fv2%2Fcomments&post=2150"}],"version-history":[{"count":3,"href":"https:\/\/saknews.net\/ku\/index.php?rest_route=\/wp\/v2\/posts\/2150\/revisions"}],"predecessor-version":[{"id":2153,"href":"https:\/\/saknews.net\/ku\/index.php?rest_route=\/wp\/v2\/posts\/2150\/revisions\/2153"}],"wp:featuredmedia":[{"embeddable":true,"href":"https:\/\/saknews.net\/ku\/index.php?rest_route=\/wp\/v2\/media\/1905"}],"wp:attachment":[{"href":"https:\/\/saknews.net\/ku\/index.php?rest_route=%2Fwp%2Fv2%2Fmedia&parent=2150"}],"wp:term":[{"taxonomy":"category","embeddable":true,"href":"https:\/\/saknews.net\/ku\/index.php?rest_route=%2Fwp%2Fv2%2Fcategories&post=2150"},{"taxonomy":"post_tag","embeddable":true,"href":"https:\/\/saknews.net\/ku\/index.php?rest_route=%2Fwp%2Fv2%2Ftags&post=2150"}],"curies":[{"name":"wp","href":"https:\/\/api.w.org\/{rel}","templated":true}]}}