{"id":2159,"date":"2025-03-08T18:26:20","date_gmt":"2025-03-08T18:26:20","guid":{"rendered":"https:\/\/saknews.net\/ku\/?p=2159"},"modified":"2025-03-08T18:26:20","modified_gmt":"2025-03-08T18:26:20","slug":"encumena-xwecihi-ya-yeke-ya-sepela-azadi-besdari-calakiyeke-roja-jine-dibe","status":"publish","type":"post","link":"https:\/\/saknews.net\/ku\/?p=2159","title":{"rendered":"Enc\u00fbmena Xwecih\u00ee ya Yek\u00ea ya \u015eep\u00eala Azad\u00ee be\u015fdar\u00ee \u00e7alakiyeke roja Jin\u00ea dibe"},"content":{"rendered":"<p>Li Hewl\u00ear\u00ea \u015fandeke \u015eep\u00eala Azad\u00ee be\u015fdar\u00ee \u00e7alakiya roja Jin\u00ea dibe<br \/>\n\u015eandeke Enc\u00fbmena Xwecih\u00ee ya Yek\u00ea ya \u015eep\u00eala Azad\u00ee ya Kurdistan\u00ee li Hewl\u00ear\u00ea be\u015fdar\u00ee calakiyeke Roja Jin\u00ea ya C\u00eehan\u00ee b\u00fb, ku ji aliy\u00ea Partiya Zehmetk\u00ea\u015fan a Kurdistan\u00ea ve hatib\u00fb lidarxistin.<br \/>\nDi \u00e7alakiy\u00ea de, sem\u00eenarek li ser rola jina kurd \u00fb pi\u015ftgiriya p\u00ea\u015fxistina rola w\u00ea di civak\u00ea de hate lidarxistin, ku ji aliy\u00ea s\u00ea \u00e7alakvan\u00ean jin \u00ean partiya navb\u00fbr\u00ee ve hate bir\u00eavebirin.<br \/>\nHer di \u00e7alakiy\u00ea de, \u015fanda Enc\u00fbmena Xwecih\u00ee ya \u015eep\u00eala Azad\u00ee nameyek\u00ea p\u00eerozbahiy\u00ea xwend \u00fb li ser gir\u00eengiya hewl\u00ean xurtkirina rola jin\u00ea di jiyana siyas\u00ee \u00fb civak\u00ee de tekez kir. \u015eanda enc\u00fbmena xwecih\u00ee ji her yek ji \u015e\u00ear\u00een Y\u00fbsif, Nef\u00eese Teter \u00fb Z\u00eaneb Re\u015f\u00eed p\u00eak hatib\u00fb. <\/p>\n","protected":false},"excerpt":{"rendered":"<p>Li Hewl\u00ear\u00ea \u015fandeke \u015eep\u00eala Azad\u00ee be\u015fdar\u00ee \u00e7alakiya roja Jin\u00ea dibe \u015eandeke Enc\u00fbmena Xwecih\u00ee ya Yek\u00ea&#8230;<\/p>\n","protected":false},"author":8,"featured_media":2160,"comment_status":"closed","ping_status":"closed","sticky":false,"template":"","format":"standard","meta":{"footnotes":""},"categories":[49],"tags":[],"class_list":["post-2159","post","type-post","status-publish","format-standard","has-post-thumbnail","hentry","category-nuce"],"yoast_head":"<!-- This site is optimized with the Yoast SEO plugin v27.5 - https:\/\/yoast.com\/product\/yoast-seo-wordpress\/ -->\n<title>Enc\u00fbmena Xwecih\u00ee ya Yek\u00ea ya \u015eep\u00eala Azad\u00ee be\u015fdar\u00ee \u00e7alakiyeke roja Jin\u00ea dibe &#8226; \u015eAK<\/title>\n<meta name=\"robots\" content=\"index, follow, max-snippet:-1, max-image-preview:large, max-video-preview:-1\" \/>\n<link rel=\"canonical\" href=\"https:\/\/saknews.net\/ku\/?p=2159\" \/>\n<meta property=\"og:locale\" content=\"en_US\" \/>\n<meta property=\"og:type\" content=\"article\" \/>\n<meta property=\"og:title\" content=\"Enc\u00fbmena Xwecih\u00ee ya Yek\u00ea ya \u015eep\u00eala Azad\u00ee be\u015fdar\u00ee \u00e7alakiyeke roja Jin\u00ea dibe &#8226; \u015eAK\" \/>\n<meta property=\"og:description\" content=\"Li Hewl\u00ear\u00ea \u015fandeke \u015eep\u00eala Azad\u00ee be\u015fdar\u00ee \u00e7alakiya roja Jin\u00ea dibe \u015eandeke Enc\u00fbmena Xwecih\u00ee ya Yek\u00ea...\" \/>\n<meta property=\"og:url\" content=\"https:\/\/saknews.net\/ku\/?p=2159\" \/>\n<meta property=\"og:site_name\" content=\"\u015eAK\" \/>\n<meta property=\"article:publisher\" content=\"https:\/\/www.facebook.com\/Shepel.ewropa\" \/>\n<meta property=\"article:published_time\" content=\"2025-03-08T18:26:20+00:00\" \/>\n<meta property=\"og:image\" content=\"https:\/\/saknews.net\/ku\/wp-content\/uploads\/2025\/03\/IMG-20250308-WA0025.jpg\" \/>\n\t<meta property=\"og:image:width\" content=\"738\" \/>\n\t<meta property=\"og:image:height\" content=\"488\" \/>\n\t<meta property=\"og:image:type\" content=\"image\/jpeg\" \/>\n<meta name=\"author\" content=\"Horan Hem\" \/>\n<meta name=\"twitter:card\" content=\"summary_large_image\" \/>\n<meta name=\"twitter:label1\" content=\"Written by\" \/>\n\t<meta name=\"twitter:data1\" content=\"Horan Hem\" \/>\n\t<meta name=\"twitter:label2\" content=\"Est. reading time\" \/>\n\t<meta name=\"twitter:data2\" content=\"1 minute\" \/>\n<script type=\"application\/ld+json\" class=\"yoast-schema-graph\">{\"@context\":\"https:\\\/\\\/schema.org\",\"@graph\":[{\"@type\":\"Article\",\"@id\":\"https:\\\/\\\/saknews.net\\\/ku\\\/?p=2159#article\",\"isPartOf\":{\"@id\":\"https:\\\/\\\/saknews.net\\\/ku\\\/?p=2159\"},\"author\":{\"name\":\"Horan Hem\",\"@id\":\"https:\\\/\\\/saknews.net\\\/ku\\\/#\\\/schema\\\/person\\\/72ae32a4041a3817e015b63d8f409058\"},\"headline\":\"Enc\u00fbmena Xwecih\u00ee ya Yek\u00ea ya \u015eep\u00eala Azad\u00ee be\u015fdar\u00ee \u00e7alakiyeke roja Jin\u00ea dibe\",\"datePublished\":\"2025-03-08T18:26:20+00:00\",\"mainEntityOfPage\":{\"@id\":\"https:\\\/\\\/saknews.net\\\/ku\\\/?p=2159\"},\"wordCount\":153,\"publisher\":{\"@id\":\"https:\\\/\\\/saknews.net\\\/ku\\\/#organization\"},\"image\":{\"@id\":\"https:\\\/\\\/saknews.net\\\/ku\\\/?p=2159#primaryimage\"},\"thumbnailUrl\":\"https:\\\/\\\/i0.wp.com\\\/saknews.net\\\/ku\\\/wp-content\\\/uploads\\\/2025\\\/03\\\/IMG-20250308-WA0025.jpg?fit=738%2C488&ssl=1\",\"articleSection\":[\"N\u00fb\u00e7e\"],\"inLanguage\":\"en-US\"},{\"@type\":\"WebPage\",\"@id\":\"https:\\\/\\\/saknews.net\\\/ku\\\/?p=2159\",\"url\":\"https:\\\/\\\/saknews.net\\\/ku\\\/?p=2159\",\"name\":\"Enc\u00fbmena Xwecih\u00ee ya Yek\u00ea ya \u015eep\u00eala Azad\u00ee be\u015fdar\u00ee \u00e7alakiyeke roja Jin\u00ea dibe &#8226; \u015eAK\",\"isPartOf\":{\"@id\":\"https:\\\/\\\/saknews.net\\\/ku\\\/#website\"},\"primaryImageOfPage\":{\"@id\":\"https:\\\/\\\/saknews.net\\\/ku\\\/?p=2159#primaryimage\"},\"image\":{\"@id\":\"https:\\\/\\\/saknews.net\\\/ku\\\/?p=2159#primaryimage\"},\"thumbnailUrl\":\"https:\\\/\\\/i0.wp.com\\\/saknews.net\\\/ku\\\/wp-content\\\/uploads\\\/2025\\\/03\\\/IMG-20250308-WA0025.jpg?fit=738%2C488&ssl=1\",\"datePublished\":\"2025-03-08T18:26:20+00:00\",\"breadcrumb\":{\"@id\":\"https:\\\/\\\/saknews.net\\\/ku\\\/?p=2159#breadcrumb\"},\"inLanguage\":\"en-US\",\"potentialAction\":[{\"@type\":\"ReadAction\",\"target\":[\"https:\\\/\\\/saknews.net\\\/ku\\\/?p=2159\"]}]},{\"@type\":\"ImageObject\",\"inLanguage\":\"en-US\",\"@id\":\"https:\\\/\\\/saknews.net\\\/ku\\\/?p=2159#primaryimage\",\"url\":\"https:\\\/\\\/i0.wp.com\\\/saknews.net\\\/ku\\\/wp-content\\\/uploads\\\/2025\\\/03\\\/IMG-20250308-WA0025.jpg?fit=738%2C488&ssl=1\",\"contentUrl\":\"https:\\\/\\\/i0.wp.com\\\/saknews.net\\\/ku\\\/wp-content\\\/uploads\\\/2025\\\/03\\\/IMG-20250308-WA0025.jpg?fit=738%2C488&ssl=1\",\"width\":738,\"height\":488},{\"@type\":\"BreadcrumbList\",\"@id\":\"https:\\\/\\\/saknews.net\\\/ku\\\/?p=2159#breadcrumb\",\"itemListElement\":[{\"@type\":\"ListItem\",\"position\":1,\"name\":\"\u0627\u0644\u0631\u0626\u064a\u0633\u064a\u0629\",\"item\":\"https:\\\/\\\/saknews.net\\\/ku\\\/\"},{\"@type\":\"ListItem\",\"position\":2,\"name\":\"N\u00fb\u00e7e\",\"item\":\"https:\\\/\\\/saknews.net\\\/ku\\\/?cat=49\"},{\"@type\":\"ListItem\",\"position\":3,\"name\":\"Enc\u00fbmena Xwecih\u00ee ya Yek\u00ea ya \u015eep\u00eala Azad\u00ee be\u015fdar\u00ee \u00e7alakiyeke roja Jin\u00ea dibe\"}]},{\"@type\":\"WebSite\",\"@id\":\"https:\\\/\\\/saknews.net\\\/ku\\\/#website\",\"url\":\"https:\\\/\\\/saknews.net\\\/ku\\\/\",\"name\":\"S\u0327epe\u0302la Azadi\u0302 ya Kurdistani\u0302\",\"description\":\"\u062a\u064a\u0627\u0631 \u0627\u0644\u062d\u0631\u064a\u0629 \u0627\u0644\u0643\u0648\u0631\u062f\u0633\u062a\u0627\u0646\u064a \u015eep\u00eala Azad\u00ee ya Kurdistan\u00ee\",\"publisher\":{\"@id\":\"https:\\\/\\\/saknews.net\\\/ku\\\/#organization\"},\"potentialAction\":[{\"@type\":\"SearchAction\",\"target\":{\"@type\":\"EntryPoint\",\"urlTemplate\":\"https:\\\/\\\/saknews.net\\\/ku\\\/?s={search_term_string}\"},\"query-input\":{\"@type\":\"PropertyValueSpecification\",\"valueRequired\":true,\"valueName\":\"search_term_string\"}}],\"inLanguage\":\"en-US\"},{\"@type\":\"Organization\",\"@id\":\"https:\\\/\\\/saknews.net\\\/ku\\\/#organization\",\"name\":\"\u015eep\u00eala Azadiy\u00ea ya Kurdistan\u00ea - \u062a\u064a\u0627\u0631 \u0627\u0644\u062d\u0631\u064a\u0629 \u0627\u0644\u0643\u0648\u0631\u062f\u0633\u062a\u0627\u0646\u064a\",\"url\":\"https:\\\/\\\/saknews.net\\\/ku\\\/\",\"logo\":{\"@type\":\"ImageObject\",\"inLanguage\":\"en-US\",\"@id\":\"https:\\\/\\\/saknews.net\\\/ku\\\/#\\\/schema\\\/logo\\\/image\\\/\",\"url\":\"https:\\\/\\\/i0.wp.com\\\/saknews.net\\\/ku\\\/wp-content\\\/uploads\\\/2024\\\/11\\\/cropped-logo-1.png?fit=512%2C512&ssl=1\",\"contentUrl\":\"https:\\\/\\\/i0.wp.com\\\/saknews.net\\\/ku\\\/wp-content\\\/uploads\\\/2024\\\/11\\\/cropped-logo-1.png?fit=512%2C512&ssl=1\",\"width\":512,\"height\":512,\"caption\":\"\u015eep\u00eala Azadiy\u00ea ya Kurdistan\u00ea - \u062a\u064a\u0627\u0631 \u0627\u0644\u062d\u0631\u064a\u0629 \u0627\u0644\u0643\u0648\u0631\u062f\u0633\u062a\u0627\u0646\u064a\"},\"image\":{\"@id\":\"https:\\\/\\\/saknews.net\\\/ku\\\/#\\\/schema\\\/logo\\\/image\\\/\"},\"sameAs\":[\"https:\\\/\\\/www.facebook.com\\\/Shepel.ewropa\"]},{\"@type\":\"Person\",\"@id\":\"https:\\\/\\\/saknews.net\\\/ku\\\/#\\\/schema\\\/person\\\/72ae32a4041a3817e015b63d8f409058\",\"name\":\"Horan Hem\",\"url\":\"https:\\\/\\\/saknews.net\\\/ku\\\/?author=8\"}]}<\/script>\n<!-- \/ Yoast SEO plugin. -->","yoast_head_json":{"title":"Enc\u00fbmena Xwecih\u00ee ya Yek\u00ea ya \u015eep\u00eala Azad\u00ee be\u015fdar\u00ee \u00e7alakiyeke roja Jin\u00ea dibe &#8226; \u015eAK","robots":{"index":"index","follow":"follow","max-snippet":"max-snippet:-1","max-image-preview":"max-image-preview:large","max-video-preview":"max-video-preview:-1"},"canonical":"https:\/\/saknews.net\/ku\/?p=2159","og_locale":"en_US","og_type":"article","og_title":"Enc\u00fbmena Xwecih\u00ee ya Yek\u00ea ya \u015eep\u00eala Azad\u00ee be\u015fdar\u00ee \u00e7alakiyeke roja Jin\u00ea dibe &#8226; \u015eAK","og_description":"Li Hewl\u00ear\u00ea \u015fandeke \u015eep\u00eala Azad\u00ee be\u015fdar\u00ee \u00e7alakiya roja Jin\u00ea dibe \u015eandeke Enc\u00fbmena Xwecih\u00ee ya Yek\u00ea...","og_url":"https:\/\/saknews.net\/ku\/?p=2159","og_site_name":"\u015eAK","article_publisher":"https:\/\/www.facebook.com\/Shepel.ewropa","article_published_time":"2025-03-08T18:26:20+00:00","og_image":[{"width":738,"height":488,"url":"https:\/\/saknews.net\/ku\/wp-content\/uploads\/2025\/03\/IMG-20250308-WA0025.jpg","type":"image\/jpeg"}],"author":"Horan Hem","twitter_card":"summary_large_image","twitter_misc":{"Written by":"Horan Hem","Est. reading time":"1 minute"},"schema":{"@context":"https:\/\/schema.org","@graph":[{"@type":"Article","@id":"https:\/\/saknews.net\/ku\/?p=2159#article","isPartOf":{"@id":"https:\/\/saknews.net\/ku\/?p=2159"},"author":{"name":"Horan Hem","@id":"https:\/\/saknews.net\/ku\/#\/schema\/person\/72ae32a4041a3817e015b63d8f409058"},"headline":"Enc\u00fbmena Xwecih\u00ee ya Yek\u00ea ya \u015eep\u00eala Azad\u00ee be\u015fdar\u00ee \u00e7alakiyeke roja Jin\u00ea dibe","datePublished":"2025-03-08T18:26:20+00:00","mainEntityOfPage":{"@id":"https:\/\/saknews.net\/ku\/?p=2159"},"wordCount":153,"publisher":{"@id":"https:\/\/saknews.net\/ku\/#organization"},"image":{"@id":"https:\/\/saknews.net\/ku\/?p=2159#primaryimage"},"thumbnailUrl":"https:\/\/i0.wp.com\/saknews.net\/ku\/wp-content\/uploads\/2025\/03\/IMG-20250308-WA0025.jpg?fit=738%2C488&ssl=1","articleSection":["N\u00fb\u00e7e"],"inLanguage":"en-US"},{"@type":"WebPage","@id":"https:\/\/saknews.net\/ku\/?p=2159","url":"https:\/\/saknews.net\/ku\/?p=2159","name":"Enc\u00fbmena Xwecih\u00ee ya Yek\u00ea ya \u015eep\u00eala Azad\u00ee be\u015fdar\u00ee \u00e7alakiyeke roja Jin\u00ea dibe &#8226; \u015eAK","isPartOf":{"@id":"https:\/\/saknews.net\/ku\/#website"},"primaryImageOfPage":{"@id":"https:\/\/saknews.net\/ku\/?p=2159#primaryimage"},"image":{"@id":"https:\/\/saknews.net\/ku\/?p=2159#primaryimage"},"thumbnailUrl":"https:\/\/i0.wp.com\/saknews.net\/ku\/wp-content\/uploads\/2025\/03\/IMG-20250308-WA0025.jpg?fit=738%2C488&ssl=1","datePublished":"2025-03-08T18:26:20+00:00","breadcrumb":{"@id":"https:\/\/saknews.net\/ku\/?p=2159#breadcrumb"},"inLanguage":"en-US","potentialAction":[{"@type":"ReadAction","target":["https:\/\/saknews.net\/ku\/?p=2159"]}]},{"@type":"ImageObject","inLanguage":"en-US","@id":"https:\/\/saknews.net\/ku\/?p=2159#primaryimage","url":"https:\/\/i0.wp.com\/saknews.net\/ku\/wp-content\/uploads\/2025\/03\/IMG-20250308-WA0025.jpg?fit=738%2C488&ssl=1","contentUrl":"https:\/\/i0.wp.com\/saknews.net\/ku\/wp-content\/uploads\/2025\/03\/IMG-20250308-WA0025.jpg?fit=738%2C488&ssl=1","width":738,"height":488},{"@type":"BreadcrumbList","@id":"https:\/\/saknews.net\/ku\/?p=2159#breadcrumb","itemListElement":[{"@type":"ListItem","position":1,"name":"\u0627\u0644\u0631\u0626\u064a\u0633\u064a\u0629","item":"https:\/\/saknews.net\/ku\/"},{"@type":"ListItem","position":2,"name":"N\u00fb\u00e7e","item":"https:\/\/saknews.net\/ku\/?cat=49"},{"@type":"ListItem","position":3,"name":"Enc\u00fbmena Xwecih\u00ee ya Yek\u00ea ya \u015eep\u00eala Azad\u00ee be\u015fdar\u00ee \u00e7alakiyeke roja Jin\u00ea dibe"}]},{"@type":"WebSite","@id":"https:\/\/saknews.net\/ku\/#website","url":"https:\/\/saknews.net\/ku\/","name":"S\u0327epe\u0302la Azadi\u0302 ya Kurdistani\u0302","description":"\u062a\u064a\u0627\u0631 \u0627\u0644\u062d\u0631\u064a\u0629 \u0627\u0644\u0643\u0648\u0631\u062f\u0633\u062a\u0627\u0646\u064a \u015eep\u00eala Azad\u00ee ya Kurdistan\u00ee","publisher":{"@id":"https:\/\/saknews.net\/ku\/#organization"},"potentialAction":[{"@type":"SearchAction","target":{"@type":"EntryPoint","urlTemplate":"https:\/\/saknews.net\/ku\/?s={search_term_string}"},"query-input":{"@type":"PropertyValueSpecification","valueRequired":true,"valueName":"search_term_string"}}],"inLanguage":"en-US"},{"@type":"Organization","@id":"https:\/\/saknews.net\/ku\/#organization","name":"\u015eep\u00eala Azadiy\u00ea ya Kurdistan\u00ea - \u062a\u064a\u0627\u0631 \u0627\u0644\u062d\u0631\u064a\u0629 \u0627\u0644\u0643\u0648\u0631\u062f\u0633\u062a\u0627\u0646\u064a","url":"https:\/\/saknews.net\/ku\/","logo":{"@type":"ImageObject","inLanguage":"en-US","@id":"https:\/\/saknews.net\/ku\/#\/schema\/logo\/image\/","url":"https:\/\/i0.wp.com\/saknews.net\/ku\/wp-content\/uploads\/2024\/11\/cropped-logo-1.png?fit=512%2C512&ssl=1","contentUrl":"https:\/\/i0.wp.com\/saknews.net\/ku\/wp-content\/uploads\/2024\/11\/cropped-logo-1.png?fit=512%2C512&ssl=1","width":512,"height":512,"caption":"\u015eep\u00eala Azadiy\u00ea ya Kurdistan\u00ea - \u062a\u064a\u0627\u0631 \u0627\u0644\u062d\u0631\u064a\u0629 \u0627\u0644\u0643\u0648\u0631\u062f\u0633\u062a\u0627\u0646\u064a"},"image":{"@id":"https:\/\/saknews.net\/ku\/#\/schema\/logo\/image\/"},"sameAs":["https:\/\/www.facebook.com\/Shepel.ewropa"]},{"@type":"Person","@id":"https:\/\/saknews.net\/ku\/#\/schema\/person\/72ae32a4041a3817e015b63d8f409058","name":"Horan Hem","url":"https:\/\/saknews.net\/ku\/?author=8"}]}},"featured_image_urls":{"full":["https:\/\/i0.wp.com\/saknews.net\/ku\/wp-content\/uploads\/2025\/03\/IMG-20250308-WA0025.jpg?fit=738%2C488&ssl=1",738,488,false],"thumbnail":["https:\/\/i0.wp.com\/saknews.net\/ku\/wp-content\/uploads\/2025\/03\/IMG-20250308-WA0025.jpg?resize=150%2C150&ssl=1",150,150,true],"medium":["https:\/\/i0.wp.com\/saknews.net\/ku\/wp-content\/uploads\/2025\/03\/IMG-20250308-WA0025.jpg?fit=300%2C198&ssl=1",300,198,true],"medium_large":["https:\/\/i0.wp.com\/saknews.net\/ku\/wp-content\/uploads\/2025\/03\/IMG-20250308-WA0025.jpg?fit=640%2C423&ssl=1",640,423,true],"large":["https:\/\/i0.wp.com\/saknews.net\/ku\/wp-content\/uploads\/2025\/03\/IMG-20250308-WA0025.jpg?fit=640%2C423&ssl=1",640,423,true],"1536x1536":["https:\/\/i0.wp.com\/saknews.net\/ku\/wp-content\/uploads\/2025\/03\/IMG-20250308-WA0025.jpg?fit=738%2C488&ssl=1",738,488,true],"2048x2048":["https:\/\/i0.wp.com\/saknews.net\/ku\/wp-content\/uploads\/2025\/03\/IMG-20250308-WA0025.jpg?fit=738%2C488&ssl=1",738,488,true],"covernews-featured":["https:\/\/i0.wp.com\/saknews.net\/ku\/wp-content\/uploads\/2025\/03\/IMG-20250308-WA0025.jpg?fit=738%2C488&ssl=1",738,488,true],"covernews-medium":["https:\/\/i0.wp.com\/saknews.net\/ku\/wp-content\/uploads\/2025\/03\/IMG-20250308-WA0025.jpg?resize=540%2C340&ssl=1",540,340,true]},"author_info":{"display_name":"Horan Hem","author_link":"https:\/\/saknews.net\/ku\/?author=8"},"category_info":"<a href=\"https:\/\/saknews.net\/ku\/?cat=49\" rel=\"category\">N\u00fb\u00e7e<\/a>","tag_info":"N\u00fb\u00e7e","comment_count":"0","_links":{"self":[{"href":"https:\/\/saknews.net\/ku\/index.php?rest_route=\/wp\/v2\/posts\/2159","targetHints":{"allow":["GET"]}}],"collection":[{"href":"https:\/\/saknews.net\/ku\/index.php?rest_route=\/wp\/v2\/posts"}],"about":[{"href":"https:\/\/saknews.net\/ku\/index.php?rest_route=\/wp\/v2\/types\/post"}],"author":[{"embeddable":true,"href":"https:\/\/saknews.net\/ku\/index.php?rest_route=\/wp\/v2\/users\/8"}],"replies":[{"embeddable":true,"href":"https:\/\/saknews.net\/ku\/index.php?rest_route=%2Fwp%2Fv2%2Fcomments&post=2159"}],"version-history":[{"count":1,"href":"https:\/\/saknews.net\/ku\/index.php?rest_route=\/wp\/v2\/posts\/2159\/revisions"}],"predecessor-version":[{"id":2161,"href":"https:\/\/saknews.net\/ku\/index.php?rest_route=\/wp\/v2\/posts\/2159\/revisions\/2161"}],"wp:featuredmedia":[{"embeddable":true,"href":"https:\/\/saknews.net\/ku\/index.php?rest_route=\/wp\/v2\/media\/2160"}],"wp:attachment":[{"href":"https:\/\/saknews.net\/ku\/index.php?rest_route=%2Fwp%2Fv2%2Fmedia&parent=2159"}],"wp:term":[{"taxonomy":"category","embeddable":true,"href":"https:\/\/saknews.net\/ku\/index.php?rest_route=%2Fwp%2Fv2%2Fcategories&post=2159"},{"taxonomy":"post_tag","embeddable":true,"href":"https:\/\/saknews.net\/ku\/index.php?rest_route=%2Fwp%2Fv2%2Ftags&post=2159"}],"curies":[{"name":"wp","href":"https:\/\/api.w.org\/{rel}","templated":true}]}}