{"id":2163,"date":"2025-03-10T10:00:54","date_gmt":"2025-03-10T10:00:54","guid":{"rendered":"https:\/\/saknews.net\/ku\/?p=2163"},"modified":"2025-03-11T08:23:55","modified_gmt":"2025-03-11T08:23:55","slug":"daxuyani-derbare-rekeftina-el-serih-ebdi","status":"publish","type":"post","link":"https:\/\/saknews.net\/ku\/?p=2163","title":{"rendered":"Daxuyan\u00ee derbar\u00ea R\u00eakeftina El-\u015eerih-Ebd\u00ee"},"content":{"rendered":"<p>Ber\u00ea Kurdistana S\u00fbriy\u00ea derbar\u00ea R\u00eakeftina di navbera Serok\u00ea R\u00eaveberiya N\u00fb li S\u00fbriy\u00ea Ehmed El-\u015eerih \u00fb Fermandar\u00ea QSD Mezl\u00fbm Ebd\u00ee de daxuyaniyek belav kir \u00fb t\u00eade got ew r\u00eakeftin desp\u00eakeke ji bo \u00e7\u00eakirina aramiy\u00ea li tevahiya S\u00fbriy\u00ea, l\u00ea ne li gor\u00ee daxwaz\u00ean gel\u00ea kurd e \u00fb r\u00ea li ber vegerandina desthelata navend\u00ee li Kurdistana S\u00fbriy\u00ea xwe\u015f dike<br \/>\nDeqeya daxuyaniy\u00ea:<\/p>\n<p>Daxuyan\u00ee derbar\u00ea R\u00eakeftina El-\u015eerih-Ebd\u00ee<br \/>\nEm di Ber\u00ea Kurdistana S\u00fbriy\u00ea de r\u00eakeftina di navbera Serok\u00ea R\u00eaveberiya N\u00fb Ehmed El-\u015eerih \u00fb Fermandar\u00ea QSD Mezl\u00fbm Ebd\u00ee li \u015eam\u00ea roja 10.03.2025an de hatiye \u00eemzekirin, desp\u00eaka \u00e7\u00eakirina aramiy\u00ea li tevahiya S\u00fbriy\u00ea dib\u00eenin. Di heman dem\u00ea de j\u00ee daxwaz\u00ean gel\u00ea Kurd bi cih nay\u00eene \u00fb ten\u00ea ji bo xurtkirina desthelata r\u00eaveberiya n\u00fb li \u015eam\u00ea li ser hisab\u00ea maf\u00ean gel\u00ea me ye, b\u00eay\u00ee ku pabendb\u00fbneke rasteq\u00eene bi misogerkirina maf\u00ean gel\u00ea kurd di dest\u00fbra wel\u00eat de hebe.<br \/>\n\u00cemzekirina r\u00eakeftin\u00ea ji aliy\u00ea Mezl\u00fbm Ebd\u00ee ve, ku fermandarek\u00ee le\u015fker\u00ee ye \u00fb ne n\u00fbnerek\u00ee siyas\u00ee ye, nay\u00ea qeb\u00fblkirin \u00fb nabe bi tena ser\u00ea xwe li ser r\u00eakeftin\u00ean derbar\u00ea \u00e7areniv\u00eesa gel\u00ea kurd li S\u00fbriy\u00ea \u00eemze bike. Em dib\u00eenin ev r\u00eakeftin r\u00ea li ber vegerandina desthelatdariya navend\u00ee li Kurdistana S\u00fbriy\u00ea xwe\u015f dike \u00fb her desthelateke kurd\u00ee tune dike.<br \/>\nYa her\u00ee metirs\u00eedar ew e, ku ev r\u00eakeftin tevahiya hewl\u00ean n\u00eaz\u00eekb\u00fbna kurd\u00ee t\u00eak dide \u00fb astengiyan li ber \u00e7\u00eakirina \u015fandeke kurd\u00ee ya hevbe\u015f ku n\u00fbnertiya berjewendiy\u00ean netew\u00ee y\u00ean gel\u00ea me di dan\u00fbstandin\u00ean b\u00ea de li \u015eam\u00ea, derdixe. Ev r\u00eakeftin xuya dike ku QSD biryar\u00ean \u00e7aren\u00fbser dixe dest\u00ea xwe bi ten\u00ea \u00fb h\u00eaz\u00ean ni\u015ftiman\u00ee y\u00ean kurd d\u00fbr dixe, herwiha helwesta kurdan di her p\u00eavajoyeke dan\u00fbstandinan de lawaz dike.<br \/>\nEv r\u00eakeftin ten\u00ea di \u00e7ar\u00e7oveya maf\u00ean hemwelat\u00eeb\u00fbn\u00ea de bi kurdan re dan\u00fbstandin\u00ea dike, \u00fb pi\u015ftguh dike ku ew neteweke sereke ne li S\u00fbriy\u00ea. Ev yek di d\u00fbrxistina kurdan ji p\u00eakan\u00eena hik\u00fbmeta demk\u00ee, Kongrey\u00ea Got\u00fbb\u00eaja Ni\u015ftiman\u00ee ya S\u00fbr\u00ee \u00fb Kom\u00eeteya \u00c7\u00eakirina Re\u015fpilika Ragihandina Dest\u00fbr\u00ee diyar dibe. Gir\u00eadana maf\u00ean kurdan ten\u00ea di \u00e7ar\u00e7oveya maf\u00ean hemwelat\u00eeb\u00fbn\u00ea de, maf\u00ean wan y\u00ean netew\u00ee misoger nake. Diviyab\u00fb aliyeke navdewlet\u00ee ya garantor heb\u00fbya, ku tevahiya aliyan derbar\u00ea maf\u00ean gel\u00ea kurd pabend bikira, da ku ev r\u00eakeftin nebe ten\u00ea gaveke tekt\u00eek\u00ee \u00fb sibe j\u00ea pa\u015f ve vegerin.<br \/>\nEm, weke Ber\u00ea Kurdistana S\u00fbriy\u00ea, dib\u00eenin her r\u00eakeftinek desp\u00eakeke ba\u015f e ji bo got\u00fbb\u00eajan \u00fb r\u00eayeke ji bo \u00e7\u00eakirina aramiy\u00ea \u00fb d\u00fbrxistina eger\u00ean her \u015ferek\u00ee li p\u00ea\u015f S\u00fbriy\u00ea. Di heman dem\u00ea de em tekez dikin, ku nabe dest ji maf\u00ean netew\u00ee y\u00ean rewa y\u00ean gel\u00ea me b\u00ea berdan \u00fb div\u00ea di dest\u00fbr\u00ea de b\u00eane garant\u00eekirin. <\/p>\n<p>Ber\u00ea Kurdistana S\u00fbriy\u00ea <\/p>\n<p>11.03.2025<\/p>\n","protected":false},"excerpt":{"rendered":"<p>Ber\u00ea Kurdistana S\u00fbriy\u00ea derbar\u00ea R\u00eakeftina di navbera Serok\u00ea R\u00eaveberiya N\u00fb li S\u00fbriy\u00ea Ehmed El-\u015eerih \u00fb&#8230;<\/p>\n","protected":false},"author":8,"featured_media":2164,"comment_status":"closed","ping_status":"closed","sticky":false,"template":"","format":"standard","meta":{"footnotes":""},"categories":[34],"tags":[],"class_list":["post-2163","post","type-post","status-publish","format-standard","has-post-thumbnail","hentry","category-daxuyani"],"yoast_head":"<!-- This site is optimized with the Yoast SEO plugin v27.5 - https:\/\/yoast.com\/product\/yoast-seo-wordpress\/ -->\n<title>Daxuyan\u00ee derbar\u00ea R\u00eakeftina El-\u015eerih-Ebd\u00ee &#8226; \u015eAK<\/title>\n<meta name=\"robots\" content=\"index, follow, max-snippet:-1, max-image-preview:large, max-video-preview:-1\" \/>\n<link rel=\"canonical\" href=\"https:\/\/saknews.net\/ku\/?p=2163\" \/>\n<meta property=\"og:locale\" content=\"en_US\" \/>\n<meta property=\"og:type\" content=\"article\" \/>\n<meta property=\"og:title\" content=\"Daxuyan\u00ee derbar\u00ea R\u00eakeftina El-\u015eerih-Ebd\u00ee &#8226; \u015eAK\" \/>\n<meta property=\"og:description\" content=\"Ber\u00ea Kurdistana S\u00fbriy\u00ea derbar\u00ea R\u00eakeftina di navbera Serok\u00ea R\u00eaveberiya N\u00fb li S\u00fbriy\u00ea Ehmed El-\u015eerih \u00fb...\" \/>\n<meta property=\"og:url\" content=\"https:\/\/saknews.net\/ku\/?p=2163\" \/>\n<meta property=\"og:site_name\" content=\"\u015eAK\" \/>\n<meta property=\"article:publisher\" content=\"https:\/\/www.facebook.com\/Shepel.ewropa\" \/>\n<meta property=\"article:published_time\" content=\"2025-03-10T10:00:54+00:00\" \/>\n<meta property=\"article:modified_time\" content=\"2025-03-11T08:23:55+00:00\" \/>\n<meta property=\"og:image\" content=\"https:\/\/saknews.net\/ku\/wp-content\/uploads\/2025\/03\/FB_IMG_1741644965176.jpg\" \/>\n\t<meta property=\"og:image:width\" content=\"1080\" \/>\n\t<meta property=\"og:image:height\" content=\"606\" \/>\n\t<meta property=\"og:image:type\" content=\"image\/jpeg\" \/>\n<meta name=\"author\" content=\"Horan Hem\" \/>\n<meta name=\"twitter:card\" content=\"summary_large_image\" \/>\n<meta name=\"twitter:label1\" content=\"Written by\" \/>\n\t<meta name=\"twitter:data1\" content=\"Horan Hem\" \/>\n\t<meta name=\"twitter:label2\" content=\"Est. reading time\" \/>\n\t<meta name=\"twitter:data2\" content=\"2 minutes\" \/>\n<script type=\"application\/ld+json\" class=\"yoast-schema-graph\">{\"@context\":\"https:\\\/\\\/schema.org\",\"@graph\":[{\"@type\":\"Article\",\"@id\":\"https:\\\/\\\/saknews.net\\\/ku\\\/?p=2163#article\",\"isPartOf\":{\"@id\":\"https:\\\/\\\/saknews.net\\\/ku\\\/?p=2163\"},\"author\":{\"name\":\"Horan Hem\",\"@id\":\"https:\\\/\\\/saknews.net\\\/ku\\\/#\\\/schema\\\/person\\\/72ae32a4041a3817e015b63d8f409058\"},\"headline\":\"Daxuyan\u00ee derbar\u00ea R\u00eakeftina El-\u015eerih-Ebd\u00ee\",\"datePublished\":\"2025-03-10T10:00:54+00:00\",\"dateModified\":\"2025-03-11T08:23:55+00:00\",\"mainEntityOfPage\":{\"@id\":\"https:\\\/\\\/saknews.net\\\/ku\\\/?p=2163\"},\"wordCount\":511,\"publisher\":{\"@id\":\"https:\\\/\\\/saknews.net\\\/ku\\\/#organization\"},\"image\":{\"@id\":\"https:\\\/\\\/saknews.net\\\/ku\\\/?p=2163#primaryimage\"},\"thumbnailUrl\":\"https:\\\/\\\/i0.wp.com\\\/saknews.net\\\/ku\\\/wp-content\\\/uploads\\\/2025\\\/03\\\/FB_IMG_1741644965176.jpg?fit=1080%2C606&ssl=1\",\"articleSection\":[\"Daxuyan\u00ee\"],\"inLanguage\":\"en-US\"},{\"@type\":\"WebPage\",\"@id\":\"https:\\\/\\\/saknews.net\\\/ku\\\/?p=2163\",\"url\":\"https:\\\/\\\/saknews.net\\\/ku\\\/?p=2163\",\"name\":\"Daxuyan\u00ee derbar\u00ea R\u00eakeftina El-\u015eerih-Ebd\u00ee &#8226; \u015eAK\",\"isPartOf\":{\"@id\":\"https:\\\/\\\/saknews.net\\\/ku\\\/#website\"},\"primaryImageOfPage\":{\"@id\":\"https:\\\/\\\/saknews.net\\\/ku\\\/?p=2163#primaryimage\"},\"image\":{\"@id\":\"https:\\\/\\\/saknews.net\\\/ku\\\/?p=2163#primaryimage\"},\"thumbnailUrl\":\"https:\\\/\\\/i0.wp.com\\\/saknews.net\\\/ku\\\/wp-content\\\/uploads\\\/2025\\\/03\\\/FB_IMG_1741644965176.jpg?fit=1080%2C606&ssl=1\",\"datePublished\":\"2025-03-10T10:00:54+00:00\",\"dateModified\":\"2025-03-11T08:23:55+00:00\",\"breadcrumb\":{\"@id\":\"https:\\\/\\\/saknews.net\\\/ku\\\/?p=2163#breadcrumb\"},\"inLanguage\":\"en-US\",\"potentialAction\":[{\"@type\":\"ReadAction\",\"target\":[\"https:\\\/\\\/saknews.net\\\/ku\\\/?p=2163\"]}]},{\"@type\":\"ImageObject\",\"inLanguage\":\"en-US\",\"@id\":\"https:\\\/\\\/saknews.net\\\/ku\\\/?p=2163#primaryimage\",\"url\":\"https:\\\/\\\/i0.wp.com\\\/saknews.net\\\/ku\\\/wp-content\\\/uploads\\\/2025\\\/03\\\/FB_IMG_1741644965176.jpg?fit=1080%2C606&ssl=1\",\"contentUrl\":\"https:\\\/\\\/i0.wp.com\\\/saknews.net\\\/ku\\\/wp-content\\\/uploads\\\/2025\\\/03\\\/FB_IMG_1741644965176.jpg?fit=1080%2C606&ssl=1\",\"width\":1080,\"height\":606},{\"@type\":\"BreadcrumbList\",\"@id\":\"https:\\\/\\\/saknews.net\\\/ku\\\/?p=2163#breadcrumb\",\"itemListElement\":[{\"@type\":\"ListItem\",\"position\":1,\"name\":\"\u0627\u0644\u0631\u0626\u064a\u0633\u064a\u0629\",\"item\":\"https:\\\/\\\/saknews.net\\\/ku\\\/\"},{\"@type\":\"ListItem\",\"position\":2,\"name\":\"N\u00fb\u00e7e\",\"item\":\"https:\\\/\\\/saknews.net\\\/ku\\\/?cat=49\"},{\"@type\":\"ListItem\",\"position\":3,\"name\":\"Daxuyan\u00ee\",\"item\":\"https:\\\/\\\/saknews.net\\\/ku\\\/?cat=34\"},{\"@type\":\"ListItem\",\"position\":4,\"name\":\"Daxuyan\u00ee derbar\u00ea R\u00eakeftina El-\u015eerih-Ebd\u00ee\"}]},{\"@type\":\"WebSite\",\"@id\":\"https:\\\/\\\/saknews.net\\\/ku\\\/#website\",\"url\":\"https:\\\/\\\/saknews.net\\\/ku\\\/\",\"name\":\"S\u0327epe\u0302la Azadi\u0302 ya Kurdistani\u0302\",\"description\":\"\u062a\u064a\u0627\u0631 \u0627\u0644\u062d\u0631\u064a\u0629 \u0627\u0644\u0643\u0648\u0631\u062f\u0633\u062a\u0627\u0646\u064a \u015eep\u00eala Azad\u00ee ya Kurdistan\u00ee\",\"publisher\":{\"@id\":\"https:\\\/\\\/saknews.net\\\/ku\\\/#organization\"},\"potentialAction\":[{\"@type\":\"SearchAction\",\"target\":{\"@type\":\"EntryPoint\",\"urlTemplate\":\"https:\\\/\\\/saknews.net\\\/ku\\\/?s={search_term_string}\"},\"query-input\":{\"@type\":\"PropertyValueSpecification\",\"valueRequired\":true,\"valueName\":\"search_term_string\"}}],\"inLanguage\":\"en-US\"},{\"@type\":\"Organization\",\"@id\":\"https:\\\/\\\/saknews.net\\\/ku\\\/#organization\",\"name\":\"\u015eep\u00eala Azadiy\u00ea ya Kurdistan\u00ea - \u062a\u064a\u0627\u0631 \u0627\u0644\u062d\u0631\u064a\u0629 \u0627\u0644\u0643\u0648\u0631\u062f\u0633\u062a\u0627\u0646\u064a\",\"url\":\"https:\\\/\\\/saknews.net\\\/ku\\\/\",\"logo\":{\"@type\":\"ImageObject\",\"inLanguage\":\"en-US\",\"@id\":\"https:\\\/\\\/saknews.net\\\/ku\\\/#\\\/schema\\\/logo\\\/image\\\/\",\"url\":\"https:\\\/\\\/i0.wp.com\\\/saknews.net\\\/ku\\\/wp-content\\\/uploads\\\/2024\\\/11\\\/cropped-logo-1.png?fit=512%2C512&ssl=1\",\"contentUrl\":\"https:\\\/\\\/i0.wp.com\\\/saknews.net\\\/ku\\\/wp-content\\\/uploads\\\/2024\\\/11\\\/cropped-logo-1.png?fit=512%2C512&ssl=1\",\"width\":512,\"height\":512,\"caption\":\"\u015eep\u00eala Azadiy\u00ea ya Kurdistan\u00ea - \u062a\u064a\u0627\u0631 \u0627\u0644\u062d\u0631\u064a\u0629 \u0627\u0644\u0643\u0648\u0631\u062f\u0633\u062a\u0627\u0646\u064a\"},\"image\":{\"@id\":\"https:\\\/\\\/saknews.net\\\/ku\\\/#\\\/schema\\\/logo\\\/image\\\/\"},\"sameAs\":[\"https:\\\/\\\/www.facebook.com\\\/Shepel.ewropa\"]},{\"@type\":\"Person\",\"@id\":\"https:\\\/\\\/saknews.net\\\/ku\\\/#\\\/schema\\\/person\\\/72ae32a4041a3817e015b63d8f409058\",\"name\":\"Horan Hem\",\"url\":\"https:\\\/\\\/saknews.net\\\/ku\\\/?author=8\"}]}<\/script>\n<!-- \/ Yoast SEO plugin. -->","yoast_head_json":{"title":"Daxuyan\u00ee derbar\u00ea R\u00eakeftina El-\u015eerih-Ebd\u00ee &#8226; \u015eAK","robots":{"index":"index","follow":"follow","max-snippet":"max-snippet:-1","max-image-preview":"max-image-preview:large","max-video-preview":"max-video-preview:-1"},"canonical":"https:\/\/saknews.net\/ku\/?p=2163","og_locale":"en_US","og_type":"article","og_title":"Daxuyan\u00ee derbar\u00ea R\u00eakeftina El-\u015eerih-Ebd\u00ee &#8226; \u015eAK","og_description":"Ber\u00ea Kurdistana S\u00fbriy\u00ea derbar\u00ea R\u00eakeftina di navbera Serok\u00ea R\u00eaveberiya N\u00fb li S\u00fbriy\u00ea Ehmed El-\u015eerih \u00fb...","og_url":"https:\/\/saknews.net\/ku\/?p=2163","og_site_name":"\u015eAK","article_publisher":"https:\/\/www.facebook.com\/Shepel.ewropa","article_published_time":"2025-03-10T10:00:54+00:00","article_modified_time":"2025-03-11T08:23:55+00:00","og_image":[{"width":1080,"height":606,"url":"https:\/\/saknews.net\/ku\/wp-content\/uploads\/2025\/03\/FB_IMG_1741644965176.jpg","type":"image\/jpeg"}],"author":"Horan Hem","twitter_card":"summary_large_image","twitter_misc":{"Written by":"Horan Hem","Est. reading time":"2 minutes"},"schema":{"@context":"https:\/\/schema.org","@graph":[{"@type":"Article","@id":"https:\/\/saknews.net\/ku\/?p=2163#article","isPartOf":{"@id":"https:\/\/saknews.net\/ku\/?p=2163"},"author":{"name":"Horan Hem","@id":"https:\/\/saknews.net\/ku\/#\/schema\/person\/72ae32a4041a3817e015b63d8f409058"},"headline":"Daxuyan\u00ee derbar\u00ea R\u00eakeftina El-\u015eerih-Ebd\u00ee","datePublished":"2025-03-10T10:00:54+00:00","dateModified":"2025-03-11T08:23:55+00:00","mainEntityOfPage":{"@id":"https:\/\/saknews.net\/ku\/?p=2163"},"wordCount":511,"publisher":{"@id":"https:\/\/saknews.net\/ku\/#organization"},"image":{"@id":"https:\/\/saknews.net\/ku\/?p=2163#primaryimage"},"thumbnailUrl":"https:\/\/i0.wp.com\/saknews.net\/ku\/wp-content\/uploads\/2025\/03\/FB_IMG_1741644965176.jpg?fit=1080%2C606&ssl=1","articleSection":["Daxuyan\u00ee"],"inLanguage":"en-US"},{"@type":"WebPage","@id":"https:\/\/saknews.net\/ku\/?p=2163","url":"https:\/\/saknews.net\/ku\/?p=2163","name":"Daxuyan\u00ee derbar\u00ea R\u00eakeftina El-\u015eerih-Ebd\u00ee &#8226; \u015eAK","isPartOf":{"@id":"https:\/\/saknews.net\/ku\/#website"},"primaryImageOfPage":{"@id":"https:\/\/saknews.net\/ku\/?p=2163#primaryimage"},"image":{"@id":"https:\/\/saknews.net\/ku\/?p=2163#primaryimage"},"thumbnailUrl":"https:\/\/i0.wp.com\/saknews.net\/ku\/wp-content\/uploads\/2025\/03\/FB_IMG_1741644965176.jpg?fit=1080%2C606&ssl=1","datePublished":"2025-03-10T10:00:54+00:00","dateModified":"2025-03-11T08:23:55+00:00","breadcrumb":{"@id":"https:\/\/saknews.net\/ku\/?p=2163#breadcrumb"},"inLanguage":"en-US","potentialAction":[{"@type":"ReadAction","target":["https:\/\/saknews.net\/ku\/?p=2163"]}]},{"@type":"ImageObject","inLanguage":"en-US","@id":"https:\/\/saknews.net\/ku\/?p=2163#primaryimage","url":"https:\/\/i0.wp.com\/saknews.net\/ku\/wp-content\/uploads\/2025\/03\/FB_IMG_1741644965176.jpg?fit=1080%2C606&ssl=1","contentUrl":"https:\/\/i0.wp.com\/saknews.net\/ku\/wp-content\/uploads\/2025\/03\/FB_IMG_1741644965176.jpg?fit=1080%2C606&ssl=1","width":1080,"height":606},{"@type":"BreadcrumbList","@id":"https:\/\/saknews.net\/ku\/?p=2163#breadcrumb","itemListElement":[{"@type":"ListItem","position":1,"name":"\u0627\u0644\u0631\u0626\u064a\u0633\u064a\u0629","item":"https:\/\/saknews.net\/ku\/"},{"@type":"ListItem","position":2,"name":"N\u00fb\u00e7e","item":"https:\/\/saknews.net\/ku\/?cat=49"},{"@type":"ListItem","position":3,"name":"Daxuyan\u00ee","item":"https:\/\/saknews.net\/ku\/?cat=34"},{"@type":"ListItem","position":4,"name":"Daxuyan\u00ee derbar\u00ea R\u00eakeftina El-\u015eerih-Ebd\u00ee"}]},{"@type":"WebSite","@id":"https:\/\/saknews.net\/ku\/#website","url":"https:\/\/saknews.net\/ku\/","name":"S\u0327epe\u0302la Azadi\u0302 ya Kurdistani\u0302","description":"\u062a\u064a\u0627\u0631 \u0627\u0644\u062d\u0631\u064a\u0629 \u0627\u0644\u0643\u0648\u0631\u062f\u0633\u062a\u0627\u0646\u064a \u015eep\u00eala Azad\u00ee ya Kurdistan\u00ee","publisher":{"@id":"https:\/\/saknews.net\/ku\/#organization"},"potentialAction":[{"@type":"SearchAction","target":{"@type":"EntryPoint","urlTemplate":"https:\/\/saknews.net\/ku\/?s={search_term_string}"},"query-input":{"@type":"PropertyValueSpecification","valueRequired":true,"valueName":"search_term_string"}}],"inLanguage":"en-US"},{"@type":"Organization","@id":"https:\/\/saknews.net\/ku\/#organization","name":"\u015eep\u00eala Azadiy\u00ea ya Kurdistan\u00ea - \u062a\u064a\u0627\u0631 \u0627\u0644\u062d\u0631\u064a\u0629 \u0627\u0644\u0643\u0648\u0631\u062f\u0633\u062a\u0627\u0646\u064a","url":"https:\/\/saknews.net\/ku\/","logo":{"@type":"ImageObject","inLanguage":"en-US","@id":"https:\/\/saknews.net\/ku\/#\/schema\/logo\/image\/","url":"https:\/\/i0.wp.com\/saknews.net\/ku\/wp-content\/uploads\/2024\/11\/cropped-logo-1.png?fit=512%2C512&ssl=1","contentUrl":"https:\/\/i0.wp.com\/saknews.net\/ku\/wp-content\/uploads\/2024\/11\/cropped-logo-1.png?fit=512%2C512&ssl=1","width":512,"height":512,"caption":"\u015eep\u00eala Azadiy\u00ea ya Kurdistan\u00ea - \u062a\u064a\u0627\u0631 \u0627\u0644\u062d\u0631\u064a\u0629 \u0627\u0644\u0643\u0648\u0631\u062f\u0633\u062a\u0627\u0646\u064a"},"image":{"@id":"https:\/\/saknews.net\/ku\/#\/schema\/logo\/image\/"},"sameAs":["https:\/\/www.facebook.com\/Shepel.ewropa"]},{"@type":"Person","@id":"https:\/\/saknews.net\/ku\/#\/schema\/person\/72ae32a4041a3817e015b63d8f409058","name":"Horan Hem","url":"https:\/\/saknews.net\/ku\/?author=8"}]}},"featured_image_urls":{"full":["https:\/\/i0.wp.com\/saknews.net\/ku\/wp-content\/uploads\/2025\/03\/FB_IMG_1741644965176.jpg?fit=1080%2C606&ssl=1",1080,606,false],"thumbnail":["https:\/\/i0.wp.com\/saknews.net\/ku\/wp-content\/uploads\/2025\/03\/FB_IMG_1741644965176.jpg?resize=150%2C150&ssl=1",150,150,true],"medium":["https:\/\/i0.wp.com\/saknews.net\/ku\/wp-content\/uploads\/2025\/03\/FB_IMG_1741644965176.jpg?fit=300%2C168&ssl=1",300,168,true],"medium_large":["https:\/\/i0.wp.com\/saknews.net\/ku\/wp-content\/uploads\/2025\/03\/FB_IMG_1741644965176.jpg?fit=640%2C359&ssl=1",640,359,true],"large":["https:\/\/i0.wp.com\/saknews.net\/ku\/wp-content\/uploads\/2025\/03\/FB_IMG_1741644965176.jpg?fit=640%2C359&ssl=1",640,359,true],"1536x1536":["https:\/\/i0.wp.com\/saknews.net\/ku\/wp-content\/uploads\/2025\/03\/FB_IMG_1741644965176.jpg?fit=1080%2C606&ssl=1",1080,606,true],"2048x2048":["https:\/\/i0.wp.com\/saknews.net\/ku\/wp-content\/uploads\/2025\/03\/FB_IMG_1741644965176.jpg?fit=1080%2C606&ssl=1",1080,606,true],"covernews-featured":["https:\/\/i0.wp.com\/saknews.net\/ku\/wp-content\/uploads\/2025\/03\/FB_IMG_1741644965176.jpg?fit=1024%2C575&ssl=1",1024,575,true],"covernews-medium":["https:\/\/i0.wp.com\/saknews.net\/ku\/wp-content\/uploads\/2025\/03\/FB_IMG_1741644965176.jpg?resize=540%2C340&ssl=1",540,340,true]},"author_info":{"display_name":"Horan Hem","author_link":"https:\/\/saknews.net\/ku\/?author=8"},"category_info":"<a href=\"https:\/\/saknews.net\/ku\/?cat=34\" rel=\"category\">Daxuyan\u00ee<\/a>","tag_info":"Daxuyan\u00ee","comment_count":"0","_links":{"self":[{"href":"https:\/\/saknews.net\/ku\/index.php?rest_route=\/wp\/v2\/posts\/2163","targetHints":{"allow":["GET"]}}],"collection":[{"href":"https:\/\/saknews.net\/ku\/index.php?rest_route=\/wp\/v2\/posts"}],"about":[{"href":"https:\/\/saknews.net\/ku\/index.php?rest_route=\/wp\/v2\/types\/post"}],"author":[{"embeddable":true,"href":"https:\/\/saknews.net\/ku\/index.php?rest_route=\/wp\/v2\/users\/8"}],"replies":[{"embeddable":true,"href":"https:\/\/saknews.net\/ku\/index.php?rest_route=%2Fwp%2Fv2%2Fcomments&post=2163"}],"version-history":[{"count":1,"href":"https:\/\/saknews.net\/ku\/index.php?rest_route=\/wp\/v2\/posts\/2163\/revisions"}],"predecessor-version":[{"id":2165,"href":"https:\/\/saknews.net\/ku\/index.php?rest_route=\/wp\/v2\/posts\/2163\/revisions\/2165"}],"wp:featuredmedia":[{"embeddable":true,"href":"https:\/\/saknews.net\/ku\/index.php?rest_route=\/wp\/v2\/media\/2164"}],"wp:attachment":[{"href":"https:\/\/saknews.net\/ku\/index.php?rest_route=%2Fwp%2Fv2%2Fmedia&parent=2163"}],"wp:term":[{"taxonomy":"category","embeddable":true,"href":"https:\/\/saknews.net\/ku\/index.php?rest_route=%2Fwp%2Fv2%2Fcategories&post=2163"},{"taxonomy":"post_tag","embeddable":true,"href":"https:\/\/saknews.net\/ku\/index.php?rest_route=%2Fwp%2Fv2%2Ftags&post=2163"}],"curies":[{"name":"wp","href":"https:\/\/api.w.org\/{rel}","templated":true}]}}