{"id":2177,"date":"2025-03-13T22:03:23","date_gmt":"2025-03-13T22:03:23","guid":{"rendered":"https:\/\/saknews.net\/ku\/?p=2177"},"modified":"2025-03-13T22:03:23","modified_gmt":"2025-03-13T22:03:23","slug":"bere-kurdistana-suriye-ragihandina-desturi-jinuve-avakirina-sistema-navendi-u-sitemkariye-ye","status":"publish","type":"post","link":"https:\/\/saknews.net\/ku\/?p=2177","title":{"rendered":"Ber\u00ea Kurdistana S\u00fbriy\u00ea: Ragihandina Dest\u00fbr\u00ee jin\u00fbve avakirina s\u00eestema navend\u00ee \u00fb sitemkariy\u00ea ye"},"content":{"rendered":"<p style=\"direction: ltr;\">Ber\u00ea Kurdistana S\u00fbriy\u00ea di derbar\u00ea ragihandina Dest\u00fbr\u00ee de daxuyaniyek belav kir, \u00fb t\u00eade daxwaz ji h\u00eaz\u00ean demkorat li tevahiya S\u00fbriy\u00ea kir deng\u00ean xwe li hember\u00ea w\u00ea ragihandin\u00ea hildin. Deqeya Ragihandina Ber\u00ea Kurdistana S\u00fbriy\u00ea:<\/p>\n<p style=\"direction: ltr;\"><strong>Daxuyan\u00ee derbar\u00ea Ragihandina Dest\u00fbr\u00ee<\/strong><\/p>\n<p style=\"direction: ltr;\">Ragihandina Dest\u00fbr\u00ee ya ku \u00eero li \u015eam\u00ea hatiye ragihandin, ti destp\u00eakeke rasteq\u00eene ji bo avakirina dewleteke demokrat \u00fb nenavend\u00ee n\u00eene, ten\u00ea s\u00eestema navend\u00ee ya d\u00fbrxistin\u00ea \u00e7\u00eadike, ku ew s\u00eestem bib\u00fb sedema kir\u00eezan li S\u00fbriy\u00ea. Tev\u00ee ku ragihandin hewl dide pirens\u00eepa hemwelat\u00eeb\u00fbn\u00ea diyar bike, l\u00ea di hundir\u00ea w\u00ea de cudaperestiya s\u00eestemat\u00eek e\u015fkere dike, ku rijd e li ser ereb-b\u00fbna dewleta s\u00fbr\u00ee \u00fb pirengiya netew\u00ee \u00fb ol\u00ee pi\u015ftguh dike. Wate, berdewamb\u00fbna siyaset\u00ean tinekirina maf\u00ean kurdan \u00fb p\u00eakhatey\u00ean din.<\/p>\n<p style=\"direction: ltr;\">Ev ragihandina Dest\u00fbr\u00ee, desthelat\u00ean serokomar\u00ee fireh \u00fb b\u00ea s\u00eenor dike \u00fb giraniya h\u00eaza siyas\u00ee dixe dest\u00ean w\u00ee. Ev yek j\u00ee li dij\u00ee pirens\u00eep\u00ean demokras\u00ee \u00fb cudakirina rasteq\u00eene ya desthelat\u00ea ye. Herwiha binavkirina ol\u00ea serokomar\u00ee binp\u00eakirinek e ji pirens\u00eepa hemwelat\u00eeb\u00fbn\u00ea \u00fb r\u00ea li ber tinekirin \u00fb cudaperetiy\u00ea li dij\u00ee ne mislimanan vedike.<\/p>\n<p style=\"direction: ltr;\">Herwiha, bi ti away\u00ee behsa maf\u00ean netew\u00ee y\u00ean kurdan \u00fb p\u00eakhatey\u00ean din nehatiye kirin, ku ew j\u00ee berdewamb\u00fbna s\u00eestema d\u00fbrxistin\u00ea ye dema danas\u00een\u00ea bi maf\u00ean civak\u00ee \u00fb ziman\u00ee y\u00ean p\u00eakhateyan nake. Heman ti\u015ft j\u00ee di derbar\u00ea wekheviya gi\u015ft\u00ee di navbera jin \u00fb m\u00earan de di maf \u00fb erkan de, ku nehatyie kirin.<\/p>\n<p style=\"direction: ltr;\">Em bang li h\u00eaz\u00ean demokrat li S\u00fbriy\u00ea dikin, deng\u00ean xwe hildin \u00fb li dij\u00ee v\u00ea ragihandin\u00ea derkevin, bi taybet\u00ee H\u00eaz\u00ean S\u00fbriya Demokrat (QSD) ku beriya \u00e7end rojan bi serok\u00ea r\u00eaveberiya n\u00fb re li \u015eam\u00ea r\u00eakeftin \u00eemze kirib\u00fb, \u00fb div\u00ea helwesta xwe n\u00ee\u015fan bide ku d\u00ea bi w\u00ea r\u00eakeftin\u00ea pabend be pi\u015ft\u00ee ragihandina Ragihandina Dest\u00fbr\u00ee yan na.<\/p>\n<p style=\"direction: ltr;\">Her piroseyeke dest\u00fbr\u00ee pirengiya netew\u00ee \u00fb ol\u00ee \u00fb s\u00eestemeke demkorat \u00fb nenavend\u00ee li S\u00fbriy\u00ea li ber \u00e7avan negire, d\u00ea ten\u00ea jin\u00fbve avakirina s\u00eestema navend\u00ee ya zordar be. S\u00fbriya n\u00fb nabe li ser tinekirin \u00fb sitemkariy\u00ea ava bibe, l\u00ea bel\u00ea div\u00ea li ser bingeha gir\u00eabesteke civak\u00ee, ku maf\u00ean tevahiya p\u00eakhateyan bipar\u00eaze \u00fb ner\u00een\u00ean wan ji bo azad\u00ee, dadperwer\u00ee \u00fb hevkariya rasteq\u00eene n\u00ee\u015fan bide.<\/p>\n<p style=\"direction: ltr;\">Ber\u00ea Kurdistana S\u00fbriy\u00ea<\/p>\n<p style=\"direction: ltr;\">13.03.2025<\/p>\n","protected":false},"excerpt":{"rendered":"<p>Ber\u00ea Kurdistana S\u00fbriy\u00ea di derbar\u00ea ragihandina Dest\u00fbr\u00ee de daxuyaniyek belav kir, \u00fb t\u00eade daxwaz ji&#8230;<\/p>\n","protected":false},"author":8,"featured_media":1905,"comment_status":"closed","ping_status":"closed","sticky":false,"template":"","format":"standard","meta":{"footnotes":""},"categories":[1],"tags":[],"class_list":["post-2177","post","type-post","status-publish","format-standard","has-post-thumbnail","hentry","category-sak"],"yoast_head":"<!-- This site is optimized with the Yoast SEO plugin v27.5 - https:\/\/yoast.com\/product\/yoast-seo-wordpress\/ -->\n<title>Ber\u00ea Kurdistana S\u00fbriy\u00ea: Ragihandina Dest\u00fbr\u00ee jin\u00fbve avakirina s\u00eestema navend\u00ee \u00fb sitemkariy\u00ea ye &#8226; \u015eAK<\/title>\n<meta name=\"robots\" content=\"index, follow, max-snippet:-1, max-image-preview:large, max-video-preview:-1\" \/>\n<link rel=\"canonical\" href=\"https:\/\/saknews.net\/ku\/?p=2177\" \/>\n<meta property=\"og:locale\" content=\"en_US\" \/>\n<meta property=\"og:type\" content=\"article\" \/>\n<meta property=\"og:title\" content=\"Ber\u00ea Kurdistana S\u00fbriy\u00ea: Ragihandina Dest\u00fbr\u00ee jin\u00fbve avakirina s\u00eestema navend\u00ee \u00fb sitemkariy\u00ea ye &#8226; \u015eAK\" \/>\n<meta property=\"og:description\" content=\"Ber\u00ea Kurdistana S\u00fbriy\u00ea di derbar\u00ea ragihandina Dest\u00fbr\u00ee de daxuyaniyek belav kir, \u00fb t\u00eade daxwaz ji...\" \/>\n<meta property=\"og:url\" content=\"https:\/\/saknews.net\/ku\/?p=2177\" \/>\n<meta property=\"og:site_name\" content=\"\u015eAK\" \/>\n<meta property=\"article:publisher\" content=\"https:\/\/www.facebook.com\/Shepel.ewropa\" \/>\n<meta property=\"article:published_time\" content=\"2025-03-13T22:03:23+00:00\" \/>\n<meta property=\"og:image\" content=\"https:\/\/saknews.net\/ku\/wp-content\/uploads\/2024\/12\/IMG-20241207-WA0028.jpg\" \/>\n\t<meta property=\"og:image:width\" content=\"597\" \/>\n\t<meta property=\"og:image:height\" content=\"574\" \/>\n\t<meta property=\"og:image:type\" content=\"image\/jpeg\" \/>\n<meta name=\"author\" content=\"Horan Hem\" \/>\n<meta name=\"twitter:card\" content=\"summary_large_image\" \/>\n<meta name=\"twitter:label1\" content=\"Written by\" \/>\n\t<meta name=\"twitter:data1\" content=\"Horan Hem\" \/>\n\t<meta name=\"twitter:label2\" content=\"Est. reading time\" \/>\n\t<meta name=\"twitter:data2\" content=\"2 minutes\" \/>\n<script type=\"application\/ld+json\" class=\"yoast-schema-graph\">{\"@context\":\"https:\\\/\\\/schema.org\",\"@graph\":[{\"@type\":\"Article\",\"@id\":\"https:\\\/\\\/saknews.net\\\/ku\\\/?p=2177#article\",\"isPartOf\":{\"@id\":\"https:\\\/\\\/saknews.net\\\/ku\\\/?p=2177\"},\"author\":{\"name\":\"Horan Hem\",\"@id\":\"https:\\\/\\\/saknews.net\\\/ku\\\/#\\\/schema\\\/person\\\/72ae32a4041a3817e015b63d8f409058\"},\"headline\":\"Ber\u00ea Kurdistana S\u00fbriy\u00ea: Ragihandina Dest\u00fbr\u00ee jin\u00fbve avakirina s\u00eestema navend\u00ee \u00fb sitemkariy\u00ea ye\",\"datePublished\":\"2025-03-13T22:03:23+00:00\",\"mainEntityOfPage\":{\"@id\":\"https:\\\/\\\/saknews.net\\\/ku\\\/?p=2177\"},\"wordCount\":416,\"publisher\":{\"@id\":\"https:\\\/\\\/saknews.net\\\/ku\\\/#organization\"},\"image\":{\"@id\":\"https:\\\/\\\/saknews.net\\\/ku\\\/?p=2177#primaryimage\"},\"thumbnailUrl\":\"https:\\\/\\\/i0.wp.com\\\/saknews.net\\\/ku\\\/wp-content\\\/uploads\\\/2024\\\/12\\\/IMG-20241207-WA0028.jpg?fit=597%2C574&ssl=1\",\"articleSection\":[\"\u015eAK\"],\"inLanguage\":\"en-US\"},{\"@type\":\"WebPage\",\"@id\":\"https:\\\/\\\/saknews.net\\\/ku\\\/?p=2177\",\"url\":\"https:\\\/\\\/saknews.net\\\/ku\\\/?p=2177\",\"name\":\"Ber\u00ea Kurdistana S\u00fbriy\u00ea: Ragihandina Dest\u00fbr\u00ee jin\u00fbve avakirina s\u00eestema navend\u00ee \u00fb sitemkariy\u00ea ye &#8226; \u015eAK\",\"isPartOf\":{\"@id\":\"https:\\\/\\\/saknews.net\\\/ku\\\/#website\"},\"primaryImageOfPage\":{\"@id\":\"https:\\\/\\\/saknews.net\\\/ku\\\/?p=2177#primaryimage\"},\"image\":{\"@id\":\"https:\\\/\\\/saknews.net\\\/ku\\\/?p=2177#primaryimage\"},\"thumbnailUrl\":\"https:\\\/\\\/i0.wp.com\\\/saknews.net\\\/ku\\\/wp-content\\\/uploads\\\/2024\\\/12\\\/IMG-20241207-WA0028.jpg?fit=597%2C574&ssl=1\",\"datePublished\":\"2025-03-13T22:03:23+00:00\",\"breadcrumb\":{\"@id\":\"https:\\\/\\\/saknews.net\\\/ku\\\/?p=2177#breadcrumb\"},\"inLanguage\":\"en-US\",\"potentialAction\":[{\"@type\":\"ReadAction\",\"target\":[\"https:\\\/\\\/saknews.net\\\/ku\\\/?p=2177\"]}]},{\"@type\":\"ImageObject\",\"inLanguage\":\"en-US\",\"@id\":\"https:\\\/\\\/saknews.net\\\/ku\\\/?p=2177#primaryimage\",\"url\":\"https:\\\/\\\/i0.wp.com\\\/saknews.net\\\/ku\\\/wp-content\\\/uploads\\\/2024\\\/12\\\/IMG-20241207-WA0028.jpg?fit=597%2C574&ssl=1\",\"contentUrl\":\"https:\\\/\\\/i0.wp.com\\\/saknews.net\\\/ku\\\/wp-content\\\/uploads\\\/2024\\\/12\\\/IMG-20241207-WA0028.jpg?fit=597%2C574&ssl=1\",\"width\":597,\"height\":574},{\"@type\":\"BreadcrumbList\",\"@id\":\"https:\\\/\\\/saknews.net\\\/ku\\\/?p=2177#breadcrumb\",\"itemListElement\":[{\"@type\":\"ListItem\",\"position\":1,\"name\":\"\u0627\u0644\u0631\u0626\u064a\u0633\u064a\u0629\",\"item\":\"https:\\\/\\\/saknews.net\\\/ku\\\/\"},{\"@type\":\"ListItem\",\"position\":2,\"name\":\"\u015eAK\",\"item\":\"https:\\\/\\\/saknews.net\\\/ku\\\/?cat=1\"},{\"@type\":\"ListItem\",\"position\":3,\"name\":\"Ber\u00ea Kurdistana S\u00fbriy\u00ea: Ragihandina Dest\u00fbr\u00ee jin\u00fbve avakirina s\u00eestema navend\u00ee \u00fb sitemkariy\u00ea ye\"}]},{\"@type\":\"WebSite\",\"@id\":\"https:\\\/\\\/saknews.net\\\/ku\\\/#website\",\"url\":\"https:\\\/\\\/saknews.net\\\/ku\\\/\",\"name\":\"S\u0327epe\u0302la Azadi\u0302 ya Kurdistani\u0302\",\"description\":\"\u062a\u064a\u0627\u0631 \u0627\u0644\u062d\u0631\u064a\u0629 \u0627\u0644\u0643\u0648\u0631\u062f\u0633\u062a\u0627\u0646\u064a \u015eep\u00eala Azad\u00ee ya Kurdistan\u00ee\",\"publisher\":{\"@id\":\"https:\\\/\\\/saknews.net\\\/ku\\\/#organization\"},\"potentialAction\":[{\"@type\":\"SearchAction\",\"target\":{\"@type\":\"EntryPoint\",\"urlTemplate\":\"https:\\\/\\\/saknews.net\\\/ku\\\/?s={search_term_string}\"},\"query-input\":{\"@type\":\"PropertyValueSpecification\",\"valueRequired\":true,\"valueName\":\"search_term_string\"}}],\"inLanguage\":\"en-US\"},{\"@type\":\"Organization\",\"@id\":\"https:\\\/\\\/saknews.net\\\/ku\\\/#organization\",\"name\":\"\u015eep\u00eala Azadiy\u00ea ya Kurdistan\u00ea - \u062a\u064a\u0627\u0631 \u0627\u0644\u062d\u0631\u064a\u0629 \u0627\u0644\u0643\u0648\u0631\u062f\u0633\u062a\u0627\u0646\u064a\",\"url\":\"https:\\\/\\\/saknews.net\\\/ku\\\/\",\"logo\":{\"@type\":\"ImageObject\",\"inLanguage\":\"en-US\",\"@id\":\"https:\\\/\\\/saknews.net\\\/ku\\\/#\\\/schema\\\/logo\\\/image\\\/\",\"url\":\"https:\\\/\\\/i0.wp.com\\\/saknews.net\\\/ku\\\/wp-content\\\/uploads\\\/2024\\\/11\\\/cropped-logo-1.png?fit=512%2C512&ssl=1\",\"contentUrl\":\"https:\\\/\\\/i0.wp.com\\\/saknews.net\\\/ku\\\/wp-content\\\/uploads\\\/2024\\\/11\\\/cropped-logo-1.png?fit=512%2C512&ssl=1\",\"width\":512,\"height\":512,\"caption\":\"\u015eep\u00eala Azadiy\u00ea ya Kurdistan\u00ea - \u062a\u064a\u0627\u0631 \u0627\u0644\u062d\u0631\u064a\u0629 \u0627\u0644\u0643\u0648\u0631\u062f\u0633\u062a\u0627\u0646\u064a\"},\"image\":{\"@id\":\"https:\\\/\\\/saknews.net\\\/ku\\\/#\\\/schema\\\/logo\\\/image\\\/\"},\"sameAs\":[\"https:\\\/\\\/www.facebook.com\\\/Shepel.ewropa\"]},{\"@type\":\"Person\",\"@id\":\"https:\\\/\\\/saknews.net\\\/ku\\\/#\\\/schema\\\/person\\\/72ae32a4041a3817e015b63d8f409058\",\"name\":\"Horan Hem\",\"url\":\"https:\\\/\\\/saknews.net\\\/ku\\\/?author=8\"}]}<\/script>\n<!-- \/ Yoast SEO plugin. -->","yoast_head_json":{"title":"Ber\u00ea Kurdistana S\u00fbriy\u00ea: Ragihandina Dest\u00fbr\u00ee jin\u00fbve avakirina s\u00eestema navend\u00ee \u00fb sitemkariy\u00ea ye &#8226; \u015eAK","robots":{"index":"index","follow":"follow","max-snippet":"max-snippet:-1","max-image-preview":"max-image-preview:large","max-video-preview":"max-video-preview:-1"},"canonical":"https:\/\/saknews.net\/ku\/?p=2177","og_locale":"en_US","og_type":"article","og_title":"Ber\u00ea Kurdistana S\u00fbriy\u00ea: Ragihandina Dest\u00fbr\u00ee jin\u00fbve avakirina s\u00eestema navend\u00ee \u00fb sitemkariy\u00ea ye &#8226; \u015eAK","og_description":"Ber\u00ea Kurdistana S\u00fbriy\u00ea di derbar\u00ea ragihandina Dest\u00fbr\u00ee de daxuyaniyek belav kir, \u00fb t\u00eade daxwaz ji...","og_url":"https:\/\/saknews.net\/ku\/?p=2177","og_site_name":"\u015eAK","article_publisher":"https:\/\/www.facebook.com\/Shepel.ewropa","article_published_time":"2025-03-13T22:03:23+00:00","og_image":[{"width":597,"height":574,"url":"https:\/\/saknews.net\/ku\/wp-content\/uploads\/2024\/12\/IMG-20241207-WA0028.jpg","type":"image\/jpeg"}],"author":"Horan Hem","twitter_card":"summary_large_image","twitter_misc":{"Written by":"Horan Hem","Est. reading time":"2 minutes"},"schema":{"@context":"https:\/\/schema.org","@graph":[{"@type":"Article","@id":"https:\/\/saknews.net\/ku\/?p=2177#article","isPartOf":{"@id":"https:\/\/saknews.net\/ku\/?p=2177"},"author":{"name":"Horan Hem","@id":"https:\/\/saknews.net\/ku\/#\/schema\/person\/72ae32a4041a3817e015b63d8f409058"},"headline":"Ber\u00ea Kurdistana S\u00fbriy\u00ea: Ragihandina Dest\u00fbr\u00ee jin\u00fbve avakirina s\u00eestema navend\u00ee \u00fb sitemkariy\u00ea ye","datePublished":"2025-03-13T22:03:23+00:00","mainEntityOfPage":{"@id":"https:\/\/saknews.net\/ku\/?p=2177"},"wordCount":416,"publisher":{"@id":"https:\/\/saknews.net\/ku\/#organization"},"image":{"@id":"https:\/\/saknews.net\/ku\/?p=2177#primaryimage"},"thumbnailUrl":"https:\/\/i0.wp.com\/saknews.net\/ku\/wp-content\/uploads\/2024\/12\/IMG-20241207-WA0028.jpg?fit=597%2C574&ssl=1","articleSection":["\u015eAK"],"inLanguage":"en-US"},{"@type":"WebPage","@id":"https:\/\/saknews.net\/ku\/?p=2177","url":"https:\/\/saknews.net\/ku\/?p=2177","name":"Ber\u00ea Kurdistana S\u00fbriy\u00ea: Ragihandina Dest\u00fbr\u00ee jin\u00fbve avakirina s\u00eestema navend\u00ee \u00fb sitemkariy\u00ea ye &#8226; \u015eAK","isPartOf":{"@id":"https:\/\/saknews.net\/ku\/#website"},"primaryImageOfPage":{"@id":"https:\/\/saknews.net\/ku\/?p=2177#primaryimage"},"image":{"@id":"https:\/\/saknews.net\/ku\/?p=2177#primaryimage"},"thumbnailUrl":"https:\/\/i0.wp.com\/saknews.net\/ku\/wp-content\/uploads\/2024\/12\/IMG-20241207-WA0028.jpg?fit=597%2C574&ssl=1","datePublished":"2025-03-13T22:03:23+00:00","breadcrumb":{"@id":"https:\/\/saknews.net\/ku\/?p=2177#breadcrumb"},"inLanguage":"en-US","potentialAction":[{"@type":"ReadAction","target":["https:\/\/saknews.net\/ku\/?p=2177"]}]},{"@type":"ImageObject","inLanguage":"en-US","@id":"https:\/\/saknews.net\/ku\/?p=2177#primaryimage","url":"https:\/\/i0.wp.com\/saknews.net\/ku\/wp-content\/uploads\/2024\/12\/IMG-20241207-WA0028.jpg?fit=597%2C574&ssl=1","contentUrl":"https:\/\/i0.wp.com\/saknews.net\/ku\/wp-content\/uploads\/2024\/12\/IMG-20241207-WA0028.jpg?fit=597%2C574&ssl=1","width":597,"height":574},{"@type":"BreadcrumbList","@id":"https:\/\/saknews.net\/ku\/?p=2177#breadcrumb","itemListElement":[{"@type":"ListItem","position":1,"name":"\u0627\u0644\u0631\u0626\u064a\u0633\u064a\u0629","item":"https:\/\/saknews.net\/ku\/"},{"@type":"ListItem","position":2,"name":"\u015eAK","item":"https:\/\/saknews.net\/ku\/?cat=1"},{"@type":"ListItem","position":3,"name":"Ber\u00ea Kurdistana S\u00fbriy\u00ea: Ragihandina Dest\u00fbr\u00ee jin\u00fbve avakirina s\u00eestema navend\u00ee \u00fb sitemkariy\u00ea ye"}]},{"@type":"WebSite","@id":"https:\/\/saknews.net\/ku\/#website","url":"https:\/\/saknews.net\/ku\/","name":"S\u0327epe\u0302la Azadi\u0302 ya Kurdistani\u0302","description":"\u062a\u064a\u0627\u0631 \u0627\u0644\u062d\u0631\u064a\u0629 \u0627\u0644\u0643\u0648\u0631\u062f\u0633\u062a\u0627\u0646\u064a \u015eep\u00eala Azad\u00ee ya Kurdistan\u00ee","publisher":{"@id":"https:\/\/saknews.net\/ku\/#organization"},"potentialAction":[{"@type":"SearchAction","target":{"@type":"EntryPoint","urlTemplate":"https:\/\/saknews.net\/ku\/?s={search_term_string}"},"query-input":{"@type":"PropertyValueSpecification","valueRequired":true,"valueName":"search_term_string"}}],"inLanguage":"en-US"},{"@type":"Organization","@id":"https:\/\/saknews.net\/ku\/#organization","name":"\u015eep\u00eala Azadiy\u00ea ya Kurdistan\u00ea - \u062a\u064a\u0627\u0631 \u0627\u0644\u062d\u0631\u064a\u0629 \u0627\u0644\u0643\u0648\u0631\u062f\u0633\u062a\u0627\u0646\u064a","url":"https:\/\/saknews.net\/ku\/","logo":{"@type":"ImageObject","inLanguage":"en-US","@id":"https:\/\/saknews.net\/ku\/#\/schema\/logo\/image\/","url":"https:\/\/i0.wp.com\/saknews.net\/ku\/wp-content\/uploads\/2024\/11\/cropped-logo-1.png?fit=512%2C512&ssl=1","contentUrl":"https:\/\/i0.wp.com\/saknews.net\/ku\/wp-content\/uploads\/2024\/11\/cropped-logo-1.png?fit=512%2C512&ssl=1","width":512,"height":512,"caption":"\u015eep\u00eala Azadiy\u00ea ya Kurdistan\u00ea - \u062a\u064a\u0627\u0631 \u0627\u0644\u062d\u0631\u064a\u0629 \u0627\u0644\u0643\u0648\u0631\u062f\u0633\u062a\u0627\u0646\u064a"},"image":{"@id":"https:\/\/saknews.net\/ku\/#\/schema\/logo\/image\/"},"sameAs":["https:\/\/www.facebook.com\/Shepel.ewropa"]},{"@type":"Person","@id":"https:\/\/saknews.net\/ku\/#\/schema\/person\/72ae32a4041a3817e015b63d8f409058","name":"Horan Hem","url":"https:\/\/saknews.net\/ku\/?author=8"}]}},"featured_image_urls":{"full":["https:\/\/i0.wp.com\/saknews.net\/ku\/wp-content\/uploads\/2024\/12\/IMG-20241207-WA0028.jpg?fit=597%2C574&ssl=1",597,574,false],"thumbnail":["https:\/\/i0.wp.com\/saknews.net\/ku\/wp-content\/uploads\/2024\/12\/IMG-20241207-WA0028.jpg?resize=150%2C150&ssl=1",150,150,true],"medium":["https:\/\/i0.wp.com\/saknews.net\/ku\/wp-content\/uploads\/2024\/12\/IMG-20241207-WA0028.jpg?fit=300%2C288&ssl=1",300,288,true],"medium_large":["https:\/\/i0.wp.com\/saknews.net\/ku\/wp-content\/uploads\/2024\/12\/IMG-20241207-WA0028.jpg?fit=597%2C574&ssl=1",597,574,true],"large":["https:\/\/i0.wp.com\/saknews.net\/ku\/wp-content\/uploads\/2024\/12\/IMG-20241207-WA0028.jpg?fit=597%2C574&ssl=1",597,574,true],"1536x1536":["https:\/\/i0.wp.com\/saknews.net\/ku\/wp-content\/uploads\/2024\/12\/IMG-20241207-WA0028.jpg?fit=597%2C574&ssl=1",597,574,true],"2048x2048":["https:\/\/i0.wp.com\/saknews.net\/ku\/wp-content\/uploads\/2024\/12\/IMG-20241207-WA0028.jpg?fit=597%2C574&ssl=1",597,574,true],"covernews-featured":["https:\/\/i0.wp.com\/saknews.net\/ku\/wp-content\/uploads\/2024\/12\/IMG-20241207-WA0028.jpg?fit=597%2C574&ssl=1",597,574,true],"covernews-medium":["https:\/\/i0.wp.com\/saknews.net\/ku\/wp-content\/uploads\/2024\/12\/IMG-20241207-WA0028.jpg?resize=540%2C340&ssl=1",540,340,true]},"author_info":{"display_name":"Horan Hem","author_link":"https:\/\/saknews.net\/ku\/?author=8"},"category_info":"<a href=\"https:\/\/saknews.net\/ku\/?cat=1\" rel=\"category\">\u015eAK<\/a>","tag_info":"\u015eAK","comment_count":"0","_links":{"self":[{"href":"https:\/\/saknews.net\/ku\/index.php?rest_route=\/wp\/v2\/posts\/2177","targetHints":{"allow":["GET"]}}],"collection":[{"href":"https:\/\/saknews.net\/ku\/index.php?rest_route=\/wp\/v2\/posts"}],"about":[{"href":"https:\/\/saknews.net\/ku\/index.php?rest_route=\/wp\/v2\/types\/post"}],"author":[{"embeddable":true,"href":"https:\/\/saknews.net\/ku\/index.php?rest_route=\/wp\/v2\/users\/8"}],"replies":[{"embeddable":true,"href":"https:\/\/saknews.net\/ku\/index.php?rest_route=%2Fwp%2Fv2%2Fcomments&post=2177"}],"version-history":[{"count":1,"href":"https:\/\/saknews.net\/ku\/index.php?rest_route=\/wp\/v2\/posts\/2177\/revisions"}],"predecessor-version":[{"id":2178,"href":"https:\/\/saknews.net\/ku\/index.php?rest_route=\/wp\/v2\/posts\/2177\/revisions\/2178"}],"wp:featuredmedia":[{"embeddable":true,"href":"https:\/\/saknews.net\/ku\/index.php?rest_route=\/wp\/v2\/media\/1905"}],"wp:attachment":[{"href":"https:\/\/saknews.net\/ku\/index.php?rest_route=%2Fwp%2Fv2%2Fmedia&parent=2177"}],"wp:term":[{"taxonomy":"category","embeddable":true,"href":"https:\/\/saknews.net\/ku\/index.php?rest_route=%2Fwp%2Fv2%2Fcategories&post=2177"},{"taxonomy":"post_tag","embeddable":true,"href":"https:\/\/saknews.net\/ku\/index.php?rest_route=%2Fwp%2Fv2%2Ftags&post=2177"}],"curies":[{"name":"wp","href":"https:\/\/api.w.org\/{rel}","templated":true}]}}