{"id":2179,"date":"2025-03-15T12:22:15","date_gmt":"2025-03-15T12:22:15","guid":{"rendered":"https:\/\/saknews.net\/ku\/?p=2179"},"modified":"2025-03-15T12:22:15","modified_gmt":"2025-03-15T12:22:15","slug":"zelalkirinek-di-debare-rekeftina-el-serih-ebdi-de","status":"publish","type":"post","link":"https:\/\/saknews.net\/ku\/?p=2179","title":{"rendered":"Zelalkirinek di debar\u00ea R\u00eakeftina El-\u015eerih-Ebd\u00ee de"},"content":{"rendered":"<p>Ber\u00ea Kurdistana S\u00fbriy\u00ea bi tirs li r\u00eakeftina El-\u015eerih-Ebd\u00ee din\u00eare, ku roja 10\u00ea avdar\u00ea di navbera Serok\u00ea R\u00eaveberiya N\u00fb li \u015eam\u00ea Ehmed El-\u015eerih \u00fb Fermandar\u00ea H\u00eaz\u00ean S\u00fbriya Demokrat Mezl\u00fbm Ebd\u00ee de hatib\u00fb \u00eemzekirin. Ji ber v\u00ea j\u00ee, me xwest wan xal\u00ean em p\u00eare ne \u00fb li dij in zelal bikin.<\/p>\n<p>B\u00ea guman, jinavbirina bermayiy\u00ean rej\u00eema ber\u00ea em p\u00eare ne, ku di benda 6an a r\u00eakeftin\u00ea de hatiye,l\u00ea bi her away\u00ee armanckirina elewiyan red dikin. Herwiha li gel benda 3an in ku behsa agirbest\u00ea li ser tevahiya axa S\u00fbriy\u00ea dike \u00fb benda 5an ku behsa misogerkirina vegera derbideran ji cih \u00fb war\u00ean xwe \u00fb misogerkirina jiyana wan ji aliy\u00ea dewlet\u00ea ve. Benda 2an j\u00ee p\u00eare ne ku weke gaveke destp\u00eak\u00ea ji bo wekheviy\u00ea dib\u00eenin, bi taybet\u00ee di derbar\u00ea maf\u00ean dest\u00fbr\u00ee y\u00ean kurdan.<\/p>\n<p>Ew xal\u00ean ku em p\u00eare ne b\u00fbn, l\u00ea xal\u00ean din j\u00ee hene ku em ne p\u00eare ne \u00fb metirs\u00ee dib\u00eenin. Ev r\u00eakeftin li dij\u00ee daxwaz\u00ean me, weke Ber\u00ea Kurdistana S\u00fbriy\u00ea, ye, bi taybet\u00ee di derbar\u00ea parvekirina desthelat\u00ea \u00fb nenavend\u00eeb\u00fbn\u00ea de.<br \/>\nR\u00eakeftin hewl dide desthelat\u00ea gi\u015ft\u00ee t\u00eaxe dest\u00ea \u015eam\u00ea. Benda 4an r\u00ea li ber her r\u00eavebirineke kurd\u00ee digire, \u00e7i li ser asta r\u00eavebirin\u00ea be \u00fb \u00e7i j\u00ee li ser asta siyas\u00ee be, ku ew bend behsa tevl\u00eeb\u00fbna dezgeh\u00ean s\u00eev\u00eel \u00fb le\u015fker\u00ee di nav dewleta s\u00fbriy\u00ea de dike, di nava wan de j\u00ee dergeh\u00ean s\u00eenor\u00ee, balafirxane \u00fb b\u00eer\u00ean petrol \u00fb gaz\u00ea.<\/p>\n<p>Xaleke din a gir\u00eeng heye, ew e ku li gor\u00ee v\u00ea r\u00eakeftin\u00ea ti danas\u00een bi maf\u00ean kurdan weke netew nay\u00ea day\u00een \u00fb negotiye ziman\u00ea kurd\u00ee w\u00ea bibe ferm\u00ee li S\u00fbriy\u00ea an j\u00ee d\u00ea bibe ziman\u00ea kar\u00fbbar\u00ean r\u00eavebirin\u00ea li dever\u00ean kurd\u00ee. Herwiha di r\u00eakeftin\u00ea de nehatyie ku d\u00ea pabend be bi \u00e7\u00eakirina s\u00eestemeke perwerdey\u00ea ya dadperwer, ku kurd f\u00ear\u00ee ziman\u00ea xwe \u00fb ereb\u00ee bibin.<\/p>\n<p>Di benda yek\u00ea de, mirov dikare destp\u00eak\u00ea b\u00eaje ew behsa wekheviy\u00ea dike, l\u00ea ya rast em dib\u00eenin ew d\u00fbrxistineke s\u00eestemat\u00eek e ji kurdan re, ku ew bend behsa misogerkirina tevahiya s\u00fbriyan di n\u00fbnert\u00eekirin \u00fb be\u015fdarb\u00fbna di piroseya siyas\u00ee \u00fb tevahiya dezgeh\u00ean dewlet\u00ea de li gor\u00ee kar\u00eenan \u00fb  ne li ser bingeheke ol\u00ee an j\u00ee netew\u00ee, dike<br \/>\nEm ba\u015f dizanin ku di serdema desthelata Partiya El-Beis de, devder\u00ean kurdan rast\u00ee siyaset\u00ean tinekirin\u00ea hatib\u00fbn, ku j\u00earzem\u00een \u00fb xwendina li dever\u00ean kurdan dihatin pi\u015ftguhkirin \u00fb bib\u00fb sedem asta xwendin\u00ea k\u00eamtir bibe, bi taybet\u00ee di pirsa standina nasnameya hemwelat\u00eeb\u00fbna s\u00fbr\u00ee de ji be\u015fek ji kurdan \u00fb wan nedikar\u00ee xwendina xwe temam bikin \u00fb di dezgeh\u00ean dewlet\u00ea de j\u00ee kar bikin. Ev sedem dih\u00ealin em b\u00eajin ew xal ne dadpwerane ye.<\/p>\n<p>Ti\u015ftek\u00ee din j\u00ee, nasnekirina nasnameya kurd\u00ee, d\u00ea sibe r\u00ea li ber qedexekirina partiy\u00ean kurd\u00ee veke, bi awayek\u00ee ku kurd nikaribin derbas\u00ee parlemanto \u00fb hikumeta b\u00ea bibin. Ev metirs\u00ee ji w\u00ea yek\u00ea t\u00ean, ku ber\u00ee niha gavinw wisa hatine av\u00eatin weke nevexwendina n\u00fbner\u00ean kurdan ji kongrey\u00ea bi nav j\u00eare hate gotin Kongrey\u00ea Got\u00fbb\u00eaja Ni\u015ftiman\u00ee ya S\u00fbr\u00ee, ku kurdine serbixwe vexwendib\u00fbn, herwiha di dema avakirina hikumeta demk\u00ee de j\u00ee.<\/p>\n<p>Benda 7an ku behsa redkirina hewl\u00ean per\u00e7ekirina S\u00fbriy\u00ea \u00fb belavkirina fitney\u00ea di navbera p\u00eakhateyan de dike, em p\u00eare ne, l\u00ea nabe ew yek bibe bihaneyek ji bi r\u00eagirtina li ber azadiya derbir\u00een\u00ea \u00fb got\u00fbb\u00eaj\u00ean siyas\u00ee. Herwiha div\u00ea em zanibin li gor\u00ee wan danas\u00eena HEWL\u00caN PER\u00c7EKIRIN\u00ca \u00e7i ye, gelo mebesta wan ku S\u00fbriye bibe nenavend\u00ee an federal? Ma gelo berevaniya ji ber ve weke hewl\u00ean belavkirina fitney\u00ea d\u00ea b\u00eane binavkirin?<\/p>\n<p>Ji bil\u00ee pirsa maf\u00ean p\u00eakhateyan li S\u00fbriy\u00ea, v\u00ea r\u00eakeftin\u00ea ti pabendb\u00fbnek di derbar\u00ea wekheviya di navbera herdu regezan de n\u00ee\u015fan nedaye, ne j\u00ee kar\u00ean ji bo pi\u015ftgiriya jin\u00ea \u00fb tinekirina cudaperestiy\u00ea li dij\u00ee wan.<\/p>\n<p>D\u00eesan em tekez dikin, ku \u00eemzekirina Mezl\u00fbm Ebd\u00fb weke fermandarek\u00ee li ser v\u00ea r\u00eakeftin\u00ea nay\u00ea qeb\u00fblkirin, ji ber ku biryar\u00ean siyas\u00ee ten\u00ea ji aliy\u00ea siyasetmedaran ve t\u00eane standin ne fermandaran, herwiha ev r\u00eakeftin d\u00ea hewl\u00ean yekxistina navmala kurd t\u00eak bide ku karibin lihev bikin \u00fb \u015fandeke hevbe\u015f r\u00eakin \u015eam\u00ea dan\u00fbstandinan bike.<\/p>\n<p>R\u00eakeftina hatiye \u00eemzekirin, desthelata navend\u00ee xurt dike \u00fb siyaset\u00ean tinekirin \u00fb cudaperestiy\u00ea jin\u00fbve ava dike \u00fb ti car\u00ee nakeve berjewendiya S\u00fbriy\u00ea bo welatek\u00ee yekgirt\u00ee, demokrat \u00fb pireng, ku wekheviyeke rasteq\u00eene di navbera p\u00eakhateyan de \u00e7\u00eabibe.<\/p>\n<p>Ber\u00ea Kurdistana S\u00fbriy\u00ea<br \/>\n15:03:202<\/p>\n","protected":false},"excerpt":{"rendered":"<p>Ber\u00ea Kurdistana S\u00fbriy\u00ea bi tirs li r\u00eakeftina El-\u015eerih-Ebd\u00ee din\u00eare, ku roja 10\u00ea avdar\u00ea di navbera&#8230;<\/p>\n","protected":false},"author":8,"featured_media":1905,"comment_status":"closed","ping_status":"closed","sticky":false,"template":"","format":"standard","meta":{"footnotes":""},"categories":[1],"tags":[],"class_list":["post-2179","post","type-post","status-publish","format-standard","has-post-thumbnail","hentry","category-sak"],"yoast_head":"<!-- This site is optimized with the Yoast SEO plugin v27.5 - https:\/\/yoast.com\/product\/yoast-seo-wordpress\/ -->\n<title>Zelalkirinek di debar\u00ea R\u00eakeftina El-\u015eerih-Ebd\u00ee de &#8226; \u015eAK<\/title>\n<meta name=\"robots\" content=\"index, follow, max-snippet:-1, max-image-preview:large, max-video-preview:-1\" \/>\n<link rel=\"canonical\" href=\"https:\/\/saknews.net\/ku\/?p=2179\" \/>\n<meta property=\"og:locale\" content=\"en_US\" \/>\n<meta property=\"og:type\" content=\"article\" \/>\n<meta property=\"og:title\" content=\"Zelalkirinek di debar\u00ea R\u00eakeftina El-\u015eerih-Ebd\u00ee de &#8226; \u015eAK\" \/>\n<meta property=\"og:description\" content=\"Ber\u00ea Kurdistana S\u00fbriy\u00ea bi tirs li r\u00eakeftina El-\u015eerih-Ebd\u00ee din\u00eare, ku roja 10\u00ea avdar\u00ea di navbera...\" \/>\n<meta property=\"og:url\" content=\"https:\/\/saknews.net\/ku\/?p=2179\" \/>\n<meta property=\"og:site_name\" content=\"\u015eAK\" \/>\n<meta property=\"article:publisher\" content=\"https:\/\/www.facebook.com\/Shepel.ewropa\" \/>\n<meta property=\"article:published_time\" content=\"2025-03-15T12:22:15+00:00\" \/>\n<meta property=\"og:image\" content=\"https:\/\/saknews.net\/ku\/wp-content\/uploads\/2024\/12\/IMG-20241207-WA0028.jpg\" \/>\n\t<meta property=\"og:image:width\" content=\"597\" \/>\n\t<meta property=\"og:image:height\" content=\"574\" \/>\n\t<meta property=\"og:image:type\" content=\"image\/jpeg\" \/>\n<meta name=\"author\" content=\"Horan Hem\" \/>\n<meta name=\"twitter:card\" content=\"summary_large_image\" \/>\n<meta name=\"twitter:label1\" content=\"Written by\" \/>\n\t<meta name=\"twitter:data1\" content=\"Horan Hem\" \/>\n\t<meta name=\"twitter:label2\" content=\"Est. reading time\" \/>\n\t<meta name=\"twitter:data2\" content=\"1 minute\" \/>\n<script type=\"application\/ld+json\" class=\"yoast-schema-graph\">{\"@context\":\"https:\\\/\\\/schema.org\",\"@graph\":[{\"@type\":\"Article\",\"@id\":\"https:\\\/\\\/saknews.net\\\/ku\\\/?p=2179#article\",\"isPartOf\":{\"@id\":\"https:\\\/\\\/saknews.net\\\/ku\\\/?p=2179\"},\"author\":{\"name\":\"Horan Hem\",\"@id\":\"https:\\\/\\\/saknews.net\\\/ku\\\/#\\\/schema\\\/person\\\/72ae32a4041a3817e015b63d8f409058\"},\"headline\":\"Zelalkirinek di debar\u00ea R\u00eakeftina El-\u015eerih-Ebd\u00ee de\",\"datePublished\":\"2025-03-15T12:22:15+00:00\",\"mainEntityOfPage\":{\"@id\":\"https:\\\/\\\/saknews.net\\\/ku\\\/?p=2179\"},\"wordCount\":802,\"publisher\":{\"@id\":\"https:\\\/\\\/saknews.net\\\/ku\\\/#organization\"},\"image\":{\"@id\":\"https:\\\/\\\/saknews.net\\\/ku\\\/?p=2179#primaryimage\"},\"thumbnailUrl\":\"https:\\\/\\\/i0.wp.com\\\/saknews.net\\\/ku\\\/wp-content\\\/uploads\\\/2024\\\/12\\\/IMG-20241207-WA0028.jpg?fit=597%2C574&ssl=1\",\"articleSection\":[\"\u015eAK\"],\"inLanguage\":\"en-US\"},{\"@type\":\"WebPage\",\"@id\":\"https:\\\/\\\/saknews.net\\\/ku\\\/?p=2179\",\"url\":\"https:\\\/\\\/saknews.net\\\/ku\\\/?p=2179\",\"name\":\"Zelalkirinek di debar\u00ea R\u00eakeftina El-\u015eerih-Ebd\u00ee de &#8226; \u015eAK\",\"isPartOf\":{\"@id\":\"https:\\\/\\\/saknews.net\\\/ku\\\/#website\"},\"primaryImageOfPage\":{\"@id\":\"https:\\\/\\\/saknews.net\\\/ku\\\/?p=2179#primaryimage\"},\"image\":{\"@id\":\"https:\\\/\\\/saknews.net\\\/ku\\\/?p=2179#primaryimage\"},\"thumbnailUrl\":\"https:\\\/\\\/i0.wp.com\\\/saknews.net\\\/ku\\\/wp-content\\\/uploads\\\/2024\\\/12\\\/IMG-20241207-WA0028.jpg?fit=597%2C574&ssl=1\",\"datePublished\":\"2025-03-15T12:22:15+00:00\",\"breadcrumb\":{\"@id\":\"https:\\\/\\\/saknews.net\\\/ku\\\/?p=2179#breadcrumb\"},\"inLanguage\":\"en-US\",\"potentialAction\":[{\"@type\":\"ReadAction\",\"target\":[\"https:\\\/\\\/saknews.net\\\/ku\\\/?p=2179\"]}]},{\"@type\":\"ImageObject\",\"inLanguage\":\"en-US\",\"@id\":\"https:\\\/\\\/saknews.net\\\/ku\\\/?p=2179#primaryimage\",\"url\":\"https:\\\/\\\/i0.wp.com\\\/saknews.net\\\/ku\\\/wp-content\\\/uploads\\\/2024\\\/12\\\/IMG-20241207-WA0028.jpg?fit=597%2C574&ssl=1\",\"contentUrl\":\"https:\\\/\\\/i0.wp.com\\\/saknews.net\\\/ku\\\/wp-content\\\/uploads\\\/2024\\\/12\\\/IMG-20241207-WA0028.jpg?fit=597%2C574&ssl=1\",\"width\":597,\"height\":574},{\"@type\":\"BreadcrumbList\",\"@id\":\"https:\\\/\\\/saknews.net\\\/ku\\\/?p=2179#breadcrumb\",\"itemListElement\":[{\"@type\":\"ListItem\",\"position\":1,\"name\":\"\u0627\u0644\u0631\u0626\u064a\u0633\u064a\u0629\",\"item\":\"https:\\\/\\\/saknews.net\\\/ku\\\/\"},{\"@type\":\"ListItem\",\"position\":2,\"name\":\"\u015eAK\",\"item\":\"https:\\\/\\\/saknews.net\\\/ku\\\/?cat=1\"},{\"@type\":\"ListItem\",\"position\":3,\"name\":\"Zelalkirinek di debar\u00ea R\u00eakeftina El-\u015eerih-Ebd\u00ee de\"}]},{\"@type\":\"WebSite\",\"@id\":\"https:\\\/\\\/saknews.net\\\/ku\\\/#website\",\"url\":\"https:\\\/\\\/saknews.net\\\/ku\\\/\",\"name\":\"S\u0327epe\u0302la Azadi\u0302 ya Kurdistani\u0302\",\"description\":\"\u062a\u064a\u0627\u0631 \u0627\u0644\u062d\u0631\u064a\u0629 \u0627\u0644\u0643\u0648\u0631\u062f\u0633\u062a\u0627\u0646\u064a \u015eep\u00eala Azad\u00ee ya Kurdistan\u00ee\",\"publisher\":{\"@id\":\"https:\\\/\\\/saknews.net\\\/ku\\\/#organization\"},\"potentialAction\":[{\"@type\":\"SearchAction\",\"target\":{\"@type\":\"EntryPoint\",\"urlTemplate\":\"https:\\\/\\\/saknews.net\\\/ku\\\/?s={search_term_string}\"},\"query-input\":{\"@type\":\"PropertyValueSpecification\",\"valueRequired\":true,\"valueName\":\"search_term_string\"}}],\"inLanguage\":\"en-US\"},{\"@type\":\"Organization\",\"@id\":\"https:\\\/\\\/saknews.net\\\/ku\\\/#organization\",\"name\":\"\u015eep\u00eala Azadiy\u00ea ya Kurdistan\u00ea - \u062a\u064a\u0627\u0631 \u0627\u0644\u062d\u0631\u064a\u0629 \u0627\u0644\u0643\u0648\u0631\u062f\u0633\u062a\u0627\u0646\u064a\",\"url\":\"https:\\\/\\\/saknews.net\\\/ku\\\/\",\"logo\":{\"@type\":\"ImageObject\",\"inLanguage\":\"en-US\",\"@id\":\"https:\\\/\\\/saknews.net\\\/ku\\\/#\\\/schema\\\/logo\\\/image\\\/\",\"url\":\"https:\\\/\\\/i0.wp.com\\\/saknews.net\\\/ku\\\/wp-content\\\/uploads\\\/2024\\\/11\\\/cropped-logo-1.png?fit=512%2C512&ssl=1\",\"contentUrl\":\"https:\\\/\\\/i0.wp.com\\\/saknews.net\\\/ku\\\/wp-content\\\/uploads\\\/2024\\\/11\\\/cropped-logo-1.png?fit=512%2C512&ssl=1\",\"width\":512,\"height\":512,\"caption\":\"\u015eep\u00eala Azadiy\u00ea ya Kurdistan\u00ea - \u062a\u064a\u0627\u0631 \u0627\u0644\u062d\u0631\u064a\u0629 \u0627\u0644\u0643\u0648\u0631\u062f\u0633\u062a\u0627\u0646\u064a\"},\"image\":{\"@id\":\"https:\\\/\\\/saknews.net\\\/ku\\\/#\\\/schema\\\/logo\\\/image\\\/\"},\"sameAs\":[\"https:\\\/\\\/www.facebook.com\\\/Shepel.ewropa\"]},{\"@type\":\"Person\",\"@id\":\"https:\\\/\\\/saknews.net\\\/ku\\\/#\\\/schema\\\/person\\\/72ae32a4041a3817e015b63d8f409058\",\"name\":\"Horan Hem\",\"url\":\"https:\\\/\\\/saknews.net\\\/ku\\\/?author=8\"}]}<\/script>\n<!-- \/ Yoast SEO plugin. -->","yoast_head_json":{"title":"Zelalkirinek di debar\u00ea R\u00eakeftina El-\u015eerih-Ebd\u00ee de &#8226; \u015eAK","robots":{"index":"index","follow":"follow","max-snippet":"max-snippet:-1","max-image-preview":"max-image-preview:large","max-video-preview":"max-video-preview:-1"},"canonical":"https:\/\/saknews.net\/ku\/?p=2179","og_locale":"en_US","og_type":"article","og_title":"Zelalkirinek di debar\u00ea R\u00eakeftina El-\u015eerih-Ebd\u00ee de &#8226; \u015eAK","og_description":"Ber\u00ea Kurdistana S\u00fbriy\u00ea bi tirs li r\u00eakeftina El-\u015eerih-Ebd\u00ee din\u00eare, ku roja 10\u00ea avdar\u00ea di navbera...","og_url":"https:\/\/saknews.net\/ku\/?p=2179","og_site_name":"\u015eAK","article_publisher":"https:\/\/www.facebook.com\/Shepel.ewropa","article_published_time":"2025-03-15T12:22:15+00:00","og_image":[{"width":597,"height":574,"url":"https:\/\/saknews.net\/ku\/wp-content\/uploads\/2024\/12\/IMG-20241207-WA0028.jpg","type":"image\/jpeg"}],"author":"Horan Hem","twitter_card":"summary_large_image","twitter_misc":{"Written by":"Horan Hem","Est. reading time":"1 minute"},"schema":{"@context":"https:\/\/schema.org","@graph":[{"@type":"Article","@id":"https:\/\/saknews.net\/ku\/?p=2179#article","isPartOf":{"@id":"https:\/\/saknews.net\/ku\/?p=2179"},"author":{"name":"Horan Hem","@id":"https:\/\/saknews.net\/ku\/#\/schema\/person\/72ae32a4041a3817e015b63d8f409058"},"headline":"Zelalkirinek di debar\u00ea R\u00eakeftina El-\u015eerih-Ebd\u00ee de","datePublished":"2025-03-15T12:22:15+00:00","mainEntityOfPage":{"@id":"https:\/\/saknews.net\/ku\/?p=2179"},"wordCount":802,"publisher":{"@id":"https:\/\/saknews.net\/ku\/#organization"},"image":{"@id":"https:\/\/saknews.net\/ku\/?p=2179#primaryimage"},"thumbnailUrl":"https:\/\/i0.wp.com\/saknews.net\/ku\/wp-content\/uploads\/2024\/12\/IMG-20241207-WA0028.jpg?fit=597%2C574&ssl=1","articleSection":["\u015eAK"],"inLanguage":"en-US"},{"@type":"WebPage","@id":"https:\/\/saknews.net\/ku\/?p=2179","url":"https:\/\/saknews.net\/ku\/?p=2179","name":"Zelalkirinek di debar\u00ea R\u00eakeftina El-\u015eerih-Ebd\u00ee de &#8226; \u015eAK","isPartOf":{"@id":"https:\/\/saknews.net\/ku\/#website"},"primaryImageOfPage":{"@id":"https:\/\/saknews.net\/ku\/?p=2179#primaryimage"},"image":{"@id":"https:\/\/saknews.net\/ku\/?p=2179#primaryimage"},"thumbnailUrl":"https:\/\/i0.wp.com\/saknews.net\/ku\/wp-content\/uploads\/2024\/12\/IMG-20241207-WA0028.jpg?fit=597%2C574&ssl=1","datePublished":"2025-03-15T12:22:15+00:00","breadcrumb":{"@id":"https:\/\/saknews.net\/ku\/?p=2179#breadcrumb"},"inLanguage":"en-US","potentialAction":[{"@type":"ReadAction","target":["https:\/\/saknews.net\/ku\/?p=2179"]}]},{"@type":"ImageObject","inLanguage":"en-US","@id":"https:\/\/saknews.net\/ku\/?p=2179#primaryimage","url":"https:\/\/i0.wp.com\/saknews.net\/ku\/wp-content\/uploads\/2024\/12\/IMG-20241207-WA0028.jpg?fit=597%2C574&ssl=1","contentUrl":"https:\/\/i0.wp.com\/saknews.net\/ku\/wp-content\/uploads\/2024\/12\/IMG-20241207-WA0028.jpg?fit=597%2C574&ssl=1","width":597,"height":574},{"@type":"BreadcrumbList","@id":"https:\/\/saknews.net\/ku\/?p=2179#breadcrumb","itemListElement":[{"@type":"ListItem","position":1,"name":"\u0627\u0644\u0631\u0626\u064a\u0633\u064a\u0629","item":"https:\/\/saknews.net\/ku\/"},{"@type":"ListItem","position":2,"name":"\u015eAK","item":"https:\/\/saknews.net\/ku\/?cat=1"},{"@type":"ListItem","position":3,"name":"Zelalkirinek di debar\u00ea R\u00eakeftina El-\u015eerih-Ebd\u00ee de"}]},{"@type":"WebSite","@id":"https:\/\/saknews.net\/ku\/#website","url":"https:\/\/saknews.net\/ku\/","name":"S\u0327epe\u0302la Azadi\u0302 ya Kurdistani\u0302","description":"\u062a\u064a\u0627\u0631 \u0627\u0644\u062d\u0631\u064a\u0629 \u0627\u0644\u0643\u0648\u0631\u062f\u0633\u062a\u0627\u0646\u064a \u015eep\u00eala Azad\u00ee ya Kurdistan\u00ee","publisher":{"@id":"https:\/\/saknews.net\/ku\/#organization"},"potentialAction":[{"@type":"SearchAction","target":{"@type":"EntryPoint","urlTemplate":"https:\/\/saknews.net\/ku\/?s={search_term_string}"},"query-input":{"@type":"PropertyValueSpecification","valueRequired":true,"valueName":"search_term_string"}}],"inLanguage":"en-US"},{"@type":"Organization","@id":"https:\/\/saknews.net\/ku\/#organization","name":"\u015eep\u00eala Azadiy\u00ea ya Kurdistan\u00ea - \u062a\u064a\u0627\u0631 \u0627\u0644\u062d\u0631\u064a\u0629 \u0627\u0644\u0643\u0648\u0631\u062f\u0633\u062a\u0627\u0646\u064a","url":"https:\/\/saknews.net\/ku\/","logo":{"@type":"ImageObject","inLanguage":"en-US","@id":"https:\/\/saknews.net\/ku\/#\/schema\/logo\/image\/","url":"https:\/\/i0.wp.com\/saknews.net\/ku\/wp-content\/uploads\/2024\/11\/cropped-logo-1.png?fit=512%2C512&ssl=1","contentUrl":"https:\/\/i0.wp.com\/saknews.net\/ku\/wp-content\/uploads\/2024\/11\/cropped-logo-1.png?fit=512%2C512&ssl=1","width":512,"height":512,"caption":"\u015eep\u00eala Azadiy\u00ea ya Kurdistan\u00ea - \u062a\u064a\u0627\u0631 \u0627\u0644\u062d\u0631\u064a\u0629 \u0627\u0644\u0643\u0648\u0631\u062f\u0633\u062a\u0627\u0646\u064a"},"image":{"@id":"https:\/\/saknews.net\/ku\/#\/schema\/logo\/image\/"},"sameAs":["https:\/\/www.facebook.com\/Shepel.ewropa"]},{"@type":"Person","@id":"https:\/\/saknews.net\/ku\/#\/schema\/person\/72ae32a4041a3817e015b63d8f409058","name":"Horan Hem","url":"https:\/\/saknews.net\/ku\/?author=8"}]}},"featured_image_urls":{"full":["https:\/\/i0.wp.com\/saknews.net\/ku\/wp-content\/uploads\/2024\/12\/IMG-20241207-WA0028.jpg?fit=597%2C574&ssl=1",597,574,false],"thumbnail":["https:\/\/i0.wp.com\/saknews.net\/ku\/wp-content\/uploads\/2024\/12\/IMG-20241207-WA0028.jpg?resize=150%2C150&ssl=1",150,150,true],"medium":["https:\/\/i0.wp.com\/saknews.net\/ku\/wp-content\/uploads\/2024\/12\/IMG-20241207-WA0028.jpg?fit=300%2C288&ssl=1",300,288,true],"medium_large":["https:\/\/i0.wp.com\/saknews.net\/ku\/wp-content\/uploads\/2024\/12\/IMG-20241207-WA0028.jpg?fit=597%2C574&ssl=1",597,574,true],"large":["https:\/\/i0.wp.com\/saknews.net\/ku\/wp-content\/uploads\/2024\/12\/IMG-20241207-WA0028.jpg?fit=597%2C574&ssl=1",597,574,true],"1536x1536":["https:\/\/i0.wp.com\/saknews.net\/ku\/wp-content\/uploads\/2024\/12\/IMG-20241207-WA0028.jpg?fit=597%2C574&ssl=1",597,574,true],"2048x2048":["https:\/\/i0.wp.com\/saknews.net\/ku\/wp-content\/uploads\/2024\/12\/IMG-20241207-WA0028.jpg?fit=597%2C574&ssl=1",597,574,true],"covernews-featured":["https:\/\/i0.wp.com\/saknews.net\/ku\/wp-content\/uploads\/2024\/12\/IMG-20241207-WA0028.jpg?fit=597%2C574&ssl=1",597,574,true],"covernews-medium":["https:\/\/i0.wp.com\/saknews.net\/ku\/wp-content\/uploads\/2024\/12\/IMG-20241207-WA0028.jpg?resize=540%2C340&ssl=1",540,340,true]},"author_info":{"display_name":"Horan Hem","author_link":"https:\/\/saknews.net\/ku\/?author=8"},"category_info":"<a href=\"https:\/\/saknews.net\/ku\/?cat=1\" rel=\"category\">\u015eAK<\/a>","tag_info":"\u015eAK","comment_count":"0","_links":{"self":[{"href":"https:\/\/saknews.net\/ku\/index.php?rest_route=\/wp\/v2\/posts\/2179","targetHints":{"allow":["GET"]}}],"collection":[{"href":"https:\/\/saknews.net\/ku\/index.php?rest_route=\/wp\/v2\/posts"}],"about":[{"href":"https:\/\/saknews.net\/ku\/index.php?rest_route=\/wp\/v2\/types\/post"}],"author":[{"embeddable":true,"href":"https:\/\/saknews.net\/ku\/index.php?rest_route=\/wp\/v2\/users\/8"}],"replies":[{"embeddable":true,"href":"https:\/\/saknews.net\/ku\/index.php?rest_route=%2Fwp%2Fv2%2Fcomments&post=2179"}],"version-history":[{"count":1,"href":"https:\/\/saknews.net\/ku\/index.php?rest_route=\/wp\/v2\/posts\/2179\/revisions"}],"predecessor-version":[{"id":2180,"href":"https:\/\/saknews.net\/ku\/index.php?rest_route=\/wp\/v2\/posts\/2179\/revisions\/2180"}],"wp:featuredmedia":[{"embeddable":true,"href":"https:\/\/saknews.net\/ku\/index.php?rest_route=\/wp\/v2\/media\/1905"}],"wp:attachment":[{"href":"https:\/\/saknews.net\/ku\/index.php?rest_route=%2Fwp%2Fv2%2Fmedia&parent=2179"}],"wp:term":[{"taxonomy":"category","embeddable":true,"href":"https:\/\/saknews.net\/ku\/index.php?rest_route=%2Fwp%2Fv2%2Fcategories&post=2179"},{"taxonomy":"post_tag","embeddable":true,"href":"https:\/\/saknews.net\/ku\/index.php?rest_route=%2Fwp%2Fv2%2Ftags&post=2179"}],"curies":[{"name":"wp","href":"https:\/\/api.w.org\/{rel}","templated":true}]}}