{"id":2184,"date":"2025-03-17T09:11:18","date_gmt":"2025-03-17T09:11:18","guid":{"rendered":"https:\/\/saknews.net\/ku\/?p=2184"},"modified":"2025-03-17T09:11:18","modified_gmt":"2025-03-17T09:11:18","slug":"salvegera-heftan-a-dagirkirina-efrine","status":"publish","type":"post","link":"https:\/\/saknews.net\/ku\/?p=2184","title":{"rendered":"Salvegera heftan a dagirkirina Efr\u00een\u00ea"},"content":{"rendered":"<p>Ber\u00ea Kurdistana S\u00fbriy\u00ea derbar\u00ea salvegera 7an a dagirkirina Her\u00eama Efr\u00een\u00ea de daxuyaniyek belav kir \u00fb got dem hatiye art\u00ea\u015fa Tirkiy\u00ea derkeve \u00fb xelk bi xwe, xwe bir\u00eave bibe. Deqeya daxuyaniy\u00ea:<\/p>\n<p><strong>Daxuyan\u00ee derbar\u00ea salvegera 7an a dagirkirina Efr\u00een\u00ea<\/strong><\/p>\n<p>Roja 18\u00ea Adara 2025an 7 sal li ser dagirkirina tirka \u00fb grop\u00ean bi ser ve ji Her\u00eama Efr\u00een\u00ea re derbas dibin. Gelek guhertin\u00ean demograf\u00ee, binp\u00eakirin \u00fb tawan\u00ean berdewam bi ser\u00ea xelek\u00ea resen \u00ea dever\u00ea hatin encamdan. Pi\u015ft\u00ee derbasb\u00fbna 7 salan, h\u00een \u00ea\u015fa xelk\u00ea Efr\u00een\u00ea, ji ber wan siyaset\u00ean bi ser de hatine \u00e7espandin, berdewam e \u00fb ji maf\u00ean xwebir\u00eavebirin\u00ea \u00fb jiyana ewle b\u00eapar mane.<br \/>\nHerwiha pi\u015ft\u00ee ketina rej\u00eema Esed \u00fb nemana wan h\u00eaz\u00ean ku tirka dikir bihane, \u00ead\u00ee div\u00ea tirk ji nav axa S\u00fbriy\u00ea derkevin. Di v\u00ea qonaxa n\u00fb de t\u00ea xwestin, \u00ea\u015f\u00ean xelk\u00ea Efr\u00een\u00ea bidaw\u00ee werin \u00fb bir\u00eavebirina v\u00ea dever\u00ea ji aliy\u00ea xelk\u00ea w\u00ea ve were misogerkirin \u00fb grop\u00ean \u00e7ekdar \u00ean h\u00een may\u00ee, ku rojane binp\u00eakirinan dikin, derkevin.<br \/>\nLi aliyek\u00ee din j\u00ee, droneke art\u00ea\u015fa Tirkiy\u00ea n\u00eeva \u015fev\u00ea li gund\u00ea Berx Botan a gundewar\u00ea Koban\u00ea malbatek armanc kir \u00fb heft endam\u00ean malbat\u00ea bi temam\u00ee hatin ku\u015ftin. Em serxwesiy\u00ea li malbata qurban\u00ee dikin \u00fb daxwaz ji Tirkiy\u00ea dikin r\u00eaz\u00ea li R\u00eakeftina El-\u015eerih-Ebd\u00ee bigire ku t\u00eade li ser agirbesta li ser tevahiya axa S\u00fbriy\u00ea lihev kirib\u00fbn. Berdewamb\u00fbna van \u00ear\u00ee\u015fan binp\u00eakirineke ji w\u00ea r\u00eakeftin\u00ea re \u00fb rew\u015f\u00ea aloztir dike \u00fb ewlehiya dever\u00ea dixe metirsiyan. Div\u00ea r\u00eaveberiya n\u00fb li \u015eam\u00ea bi erk\u00ean xwe y\u00ean d\u00eerok\u00ee di v\u00ea derbar\u00ea rabe.<br \/>\nEm tekez dikin, ku kir\u00eeza S\u00fbriy\u00ea nay\u00ea \u00e7areserkirin b\u00eay\u00ee jin\u00fbve niv\u00eesandina dest\u00fbreke n\u00fb maf\u00ean tevahiya p\u00eakhateyan misoger bike \u00fb dan bi maf\u00ean gel\u00ea kurd li S\u00fbriy\u00ea bide, herwiha s\u00eestemeke demokrat \u00fb federal ava bike ku dadperwer\u00ee \u00fb wekheviy\u00ea li xwe bigire \u00fb wan siyaset\u00ean d\u00fbrxistin\u00ea bidaw\u00ee b\u00eene ku sedem\u00ean \u00ea\u015fa xelk\u00ea b\u00fb di sal\u00ean bor\u00ee de.<\/p>\n<p>Ber\u00ea Kurdistana S\u00fbriy\u00ea<br \/>\n17.03.2025<\/p>\n","protected":false},"excerpt":{"rendered":"<p>Ber\u00ea Kurdistana S\u00fbriy\u00ea derbar\u00ea salvegera 7an a dagirkirina Her\u00eama Efr\u00een\u00ea de daxuyaniyek belav kir \u00fb&#8230;<\/p>\n","protected":false},"author":8,"featured_media":1905,"comment_status":"closed","ping_status":"closed","sticky":false,"template":"","format":"standard","meta":{"footnotes":""},"categories":[34],"tags":[],"class_list":["post-2184","post","type-post","status-publish","format-standard","has-post-thumbnail","hentry","category-daxuyani"],"yoast_head":"<!-- This site is optimized with the Yoast SEO plugin v27.5 - https:\/\/yoast.com\/product\/yoast-seo-wordpress\/ -->\n<title>Salvegera heftan a dagirkirina Efr\u00een\u00ea &#8226; \u015eAK<\/title>\n<meta name=\"robots\" content=\"index, follow, max-snippet:-1, max-image-preview:large, max-video-preview:-1\" \/>\n<link rel=\"canonical\" href=\"https:\/\/saknews.net\/ku\/?p=2184\" \/>\n<meta property=\"og:locale\" content=\"en_US\" \/>\n<meta property=\"og:type\" content=\"article\" \/>\n<meta property=\"og:title\" content=\"Salvegera heftan a dagirkirina Efr\u00een\u00ea &#8226; \u015eAK\" \/>\n<meta property=\"og:description\" content=\"Ber\u00ea Kurdistana S\u00fbriy\u00ea derbar\u00ea salvegera 7an a dagirkirina Her\u00eama Efr\u00een\u00ea de daxuyaniyek belav kir \u00fb...\" \/>\n<meta property=\"og:url\" content=\"https:\/\/saknews.net\/ku\/?p=2184\" \/>\n<meta property=\"og:site_name\" content=\"\u015eAK\" \/>\n<meta property=\"article:publisher\" content=\"https:\/\/www.facebook.com\/Shepel.ewropa\" \/>\n<meta property=\"article:published_time\" content=\"2025-03-17T09:11:18+00:00\" \/>\n<meta property=\"og:image\" content=\"https:\/\/saknews.net\/ku\/wp-content\/uploads\/2024\/12\/IMG-20241207-WA0028.jpg\" \/>\n\t<meta property=\"og:image:width\" content=\"597\" \/>\n\t<meta property=\"og:image:height\" content=\"574\" \/>\n\t<meta property=\"og:image:type\" content=\"image\/jpeg\" \/>\n<meta name=\"author\" content=\"Horan Hem\" \/>\n<meta name=\"twitter:card\" content=\"summary_large_image\" \/>\n<meta name=\"twitter:label1\" content=\"Written by\" \/>\n\t<meta name=\"twitter:data1\" content=\"Horan Hem\" \/>\n\t<meta name=\"twitter:label2\" content=\"Est. reading time\" \/>\n\t<meta name=\"twitter:data2\" content=\"2 minutes\" \/>\n<script type=\"application\/ld+json\" class=\"yoast-schema-graph\">{\"@context\":\"https:\\\/\\\/schema.org\",\"@graph\":[{\"@type\":\"Article\",\"@id\":\"https:\\\/\\\/saknews.net\\\/ku\\\/?p=2184#article\",\"isPartOf\":{\"@id\":\"https:\\\/\\\/saknews.net\\\/ku\\\/?p=2184\"},\"author\":{\"name\":\"Horan Hem\",\"@id\":\"https:\\\/\\\/saknews.net\\\/ku\\\/#\\\/schema\\\/person\\\/72ae32a4041a3817e015b63d8f409058\"},\"headline\":\"Salvegera heftan a dagirkirina Efr\u00een\u00ea\",\"datePublished\":\"2025-03-17T09:11:18+00:00\",\"mainEntityOfPage\":{\"@id\":\"https:\\\/\\\/saknews.net\\\/ku\\\/?p=2184\"},\"wordCount\":351,\"publisher\":{\"@id\":\"https:\\\/\\\/saknews.net\\\/ku\\\/#organization\"},\"image\":{\"@id\":\"https:\\\/\\\/saknews.net\\\/ku\\\/?p=2184#primaryimage\"},\"thumbnailUrl\":\"https:\\\/\\\/i0.wp.com\\\/saknews.net\\\/ku\\\/wp-content\\\/uploads\\\/2024\\\/12\\\/IMG-20241207-WA0028.jpg?fit=597%2C574&ssl=1\",\"articleSection\":[\"Daxuyan\u00ee\"],\"inLanguage\":\"en-US\"},{\"@type\":\"WebPage\",\"@id\":\"https:\\\/\\\/saknews.net\\\/ku\\\/?p=2184\",\"url\":\"https:\\\/\\\/saknews.net\\\/ku\\\/?p=2184\",\"name\":\"Salvegera heftan a dagirkirina Efr\u00een\u00ea &#8226; \u015eAK\",\"isPartOf\":{\"@id\":\"https:\\\/\\\/saknews.net\\\/ku\\\/#website\"},\"primaryImageOfPage\":{\"@id\":\"https:\\\/\\\/saknews.net\\\/ku\\\/?p=2184#primaryimage\"},\"image\":{\"@id\":\"https:\\\/\\\/saknews.net\\\/ku\\\/?p=2184#primaryimage\"},\"thumbnailUrl\":\"https:\\\/\\\/i0.wp.com\\\/saknews.net\\\/ku\\\/wp-content\\\/uploads\\\/2024\\\/12\\\/IMG-20241207-WA0028.jpg?fit=597%2C574&ssl=1\",\"datePublished\":\"2025-03-17T09:11:18+00:00\",\"breadcrumb\":{\"@id\":\"https:\\\/\\\/saknews.net\\\/ku\\\/?p=2184#breadcrumb\"},\"inLanguage\":\"en-US\",\"potentialAction\":[{\"@type\":\"ReadAction\",\"target\":[\"https:\\\/\\\/saknews.net\\\/ku\\\/?p=2184\"]}]},{\"@type\":\"ImageObject\",\"inLanguage\":\"en-US\",\"@id\":\"https:\\\/\\\/saknews.net\\\/ku\\\/?p=2184#primaryimage\",\"url\":\"https:\\\/\\\/i0.wp.com\\\/saknews.net\\\/ku\\\/wp-content\\\/uploads\\\/2024\\\/12\\\/IMG-20241207-WA0028.jpg?fit=597%2C574&ssl=1\",\"contentUrl\":\"https:\\\/\\\/i0.wp.com\\\/saknews.net\\\/ku\\\/wp-content\\\/uploads\\\/2024\\\/12\\\/IMG-20241207-WA0028.jpg?fit=597%2C574&ssl=1\",\"width\":597,\"height\":574},{\"@type\":\"BreadcrumbList\",\"@id\":\"https:\\\/\\\/saknews.net\\\/ku\\\/?p=2184#breadcrumb\",\"itemListElement\":[{\"@type\":\"ListItem\",\"position\":1,\"name\":\"\u0627\u0644\u0631\u0626\u064a\u0633\u064a\u0629\",\"item\":\"https:\\\/\\\/saknews.net\\\/ku\\\/\"},{\"@type\":\"ListItem\",\"position\":2,\"name\":\"N\u00fb\u00e7e\",\"item\":\"https:\\\/\\\/saknews.net\\\/ku\\\/?cat=49\"},{\"@type\":\"ListItem\",\"position\":3,\"name\":\"Daxuyan\u00ee\",\"item\":\"https:\\\/\\\/saknews.net\\\/ku\\\/?cat=34\"},{\"@type\":\"ListItem\",\"position\":4,\"name\":\"Salvegera heftan a dagirkirina Efr\u00een\u00ea\"}]},{\"@type\":\"WebSite\",\"@id\":\"https:\\\/\\\/saknews.net\\\/ku\\\/#website\",\"url\":\"https:\\\/\\\/saknews.net\\\/ku\\\/\",\"name\":\"S\u0327epe\u0302la Azadi\u0302 ya Kurdistani\u0302\",\"description\":\"\u062a\u064a\u0627\u0631 \u0627\u0644\u062d\u0631\u064a\u0629 \u0627\u0644\u0643\u0648\u0631\u062f\u0633\u062a\u0627\u0646\u064a \u015eep\u00eala Azad\u00ee ya Kurdistan\u00ee\",\"publisher\":{\"@id\":\"https:\\\/\\\/saknews.net\\\/ku\\\/#organization\"},\"potentialAction\":[{\"@type\":\"SearchAction\",\"target\":{\"@type\":\"EntryPoint\",\"urlTemplate\":\"https:\\\/\\\/saknews.net\\\/ku\\\/?s={search_term_string}\"},\"query-input\":{\"@type\":\"PropertyValueSpecification\",\"valueRequired\":true,\"valueName\":\"search_term_string\"}}],\"inLanguage\":\"en-US\"},{\"@type\":\"Organization\",\"@id\":\"https:\\\/\\\/saknews.net\\\/ku\\\/#organization\",\"name\":\"\u015eep\u00eala Azadiy\u00ea ya Kurdistan\u00ea - \u062a\u064a\u0627\u0631 \u0627\u0644\u062d\u0631\u064a\u0629 \u0627\u0644\u0643\u0648\u0631\u062f\u0633\u062a\u0627\u0646\u064a\",\"url\":\"https:\\\/\\\/saknews.net\\\/ku\\\/\",\"logo\":{\"@type\":\"ImageObject\",\"inLanguage\":\"en-US\",\"@id\":\"https:\\\/\\\/saknews.net\\\/ku\\\/#\\\/schema\\\/logo\\\/image\\\/\",\"url\":\"https:\\\/\\\/i0.wp.com\\\/saknews.net\\\/ku\\\/wp-content\\\/uploads\\\/2024\\\/11\\\/cropped-logo-1.png?fit=512%2C512&ssl=1\",\"contentUrl\":\"https:\\\/\\\/i0.wp.com\\\/saknews.net\\\/ku\\\/wp-content\\\/uploads\\\/2024\\\/11\\\/cropped-logo-1.png?fit=512%2C512&ssl=1\",\"width\":512,\"height\":512,\"caption\":\"\u015eep\u00eala Azadiy\u00ea ya Kurdistan\u00ea - \u062a\u064a\u0627\u0631 \u0627\u0644\u062d\u0631\u064a\u0629 \u0627\u0644\u0643\u0648\u0631\u062f\u0633\u062a\u0627\u0646\u064a\"},\"image\":{\"@id\":\"https:\\\/\\\/saknews.net\\\/ku\\\/#\\\/schema\\\/logo\\\/image\\\/\"},\"sameAs\":[\"https:\\\/\\\/www.facebook.com\\\/Shepel.ewropa\"]},{\"@type\":\"Person\",\"@id\":\"https:\\\/\\\/saknews.net\\\/ku\\\/#\\\/schema\\\/person\\\/72ae32a4041a3817e015b63d8f409058\",\"name\":\"Horan Hem\",\"url\":\"https:\\\/\\\/saknews.net\\\/ku\\\/?author=8\"}]}<\/script>\n<!-- \/ Yoast SEO plugin. -->","yoast_head_json":{"title":"Salvegera heftan a dagirkirina Efr\u00een\u00ea &#8226; \u015eAK","robots":{"index":"index","follow":"follow","max-snippet":"max-snippet:-1","max-image-preview":"max-image-preview:large","max-video-preview":"max-video-preview:-1"},"canonical":"https:\/\/saknews.net\/ku\/?p=2184","og_locale":"en_US","og_type":"article","og_title":"Salvegera heftan a dagirkirina Efr\u00een\u00ea &#8226; \u015eAK","og_description":"Ber\u00ea Kurdistana S\u00fbriy\u00ea derbar\u00ea salvegera 7an a dagirkirina Her\u00eama Efr\u00een\u00ea de daxuyaniyek belav kir \u00fb...","og_url":"https:\/\/saknews.net\/ku\/?p=2184","og_site_name":"\u015eAK","article_publisher":"https:\/\/www.facebook.com\/Shepel.ewropa","article_published_time":"2025-03-17T09:11:18+00:00","og_image":[{"width":597,"height":574,"url":"https:\/\/saknews.net\/ku\/wp-content\/uploads\/2024\/12\/IMG-20241207-WA0028.jpg","type":"image\/jpeg"}],"author":"Horan Hem","twitter_card":"summary_large_image","twitter_misc":{"Written by":"Horan Hem","Est. reading time":"2 minutes"},"schema":{"@context":"https:\/\/schema.org","@graph":[{"@type":"Article","@id":"https:\/\/saknews.net\/ku\/?p=2184#article","isPartOf":{"@id":"https:\/\/saknews.net\/ku\/?p=2184"},"author":{"name":"Horan Hem","@id":"https:\/\/saknews.net\/ku\/#\/schema\/person\/72ae32a4041a3817e015b63d8f409058"},"headline":"Salvegera heftan a dagirkirina Efr\u00een\u00ea","datePublished":"2025-03-17T09:11:18+00:00","mainEntityOfPage":{"@id":"https:\/\/saknews.net\/ku\/?p=2184"},"wordCount":351,"publisher":{"@id":"https:\/\/saknews.net\/ku\/#organization"},"image":{"@id":"https:\/\/saknews.net\/ku\/?p=2184#primaryimage"},"thumbnailUrl":"https:\/\/i0.wp.com\/saknews.net\/ku\/wp-content\/uploads\/2024\/12\/IMG-20241207-WA0028.jpg?fit=597%2C574&ssl=1","articleSection":["Daxuyan\u00ee"],"inLanguage":"en-US"},{"@type":"WebPage","@id":"https:\/\/saknews.net\/ku\/?p=2184","url":"https:\/\/saknews.net\/ku\/?p=2184","name":"Salvegera heftan a dagirkirina Efr\u00een\u00ea &#8226; \u015eAK","isPartOf":{"@id":"https:\/\/saknews.net\/ku\/#website"},"primaryImageOfPage":{"@id":"https:\/\/saknews.net\/ku\/?p=2184#primaryimage"},"image":{"@id":"https:\/\/saknews.net\/ku\/?p=2184#primaryimage"},"thumbnailUrl":"https:\/\/i0.wp.com\/saknews.net\/ku\/wp-content\/uploads\/2024\/12\/IMG-20241207-WA0028.jpg?fit=597%2C574&ssl=1","datePublished":"2025-03-17T09:11:18+00:00","breadcrumb":{"@id":"https:\/\/saknews.net\/ku\/?p=2184#breadcrumb"},"inLanguage":"en-US","potentialAction":[{"@type":"ReadAction","target":["https:\/\/saknews.net\/ku\/?p=2184"]}]},{"@type":"ImageObject","inLanguage":"en-US","@id":"https:\/\/saknews.net\/ku\/?p=2184#primaryimage","url":"https:\/\/i0.wp.com\/saknews.net\/ku\/wp-content\/uploads\/2024\/12\/IMG-20241207-WA0028.jpg?fit=597%2C574&ssl=1","contentUrl":"https:\/\/i0.wp.com\/saknews.net\/ku\/wp-content\/uploads\/2024\/12\/IMG-20241207-WA0028.jpg?fit=597%2C574&ssl=1","width":597,"height":574},{"@type":"BreadcrumbList","@id":"https:\/\/saknews.net\/ku\/?p=2184#breadcrumb","itemListElement":[{"@type":"ListItem","position":1,"name":"\u0627\u0644\u0631\u0626\u064a\u0633\u064a\u0629","item":"https:\/\/saknews.net\/ku\/"},{"@type":"ListItem","position":2,"name":"N\u00fb\u00e7e","item":"https:\/\/saknews.net\/ku\/?cat=49"},{"@type":"ListItem","position":3,"name":"Daxuyan\u00ee","item":"https:\/\/saknews.net\/ku\/?cat=34"},{"@type":"ListItem","position":4,"name":"Salvegera heftan a dagirkirina Efr\u00een\u00ea"}]},{"@type":"WebSite","@id":"https:\/\/saknews.net\/ku\/#website","url":"https:\/\/saknews.net\/ku\/","name":"S\u0327epe\u0302la Azadi\u0302 ya Kurdistani\u0302","description":"\u062a\u064a\u0627\u0631 \u0627\u0644\u062d\u0631\u064a\u0629 \u0627\u0644\u0643\u0648\u0631\u062f\u0633\u062a\u0627\u0646\u064a \u015eep\u00eala Azad\u00ee ya Kurdistan\u00ee","publisher":{"@id":"https:\/\/saknews.net\/ku\/#organization"},"potentialAction":[{"@type":"SearchAction","target":{"@type":"EntryPoint","urlTemplate":"https:\/\/saknews.net\/ku\/?s={search_term_string}"},"query-input":{"@type":"PropertyValueSpecification","valueRequired":true,"valueName":"search_term_string"}}],"inLanguage":"en-US"},{"@type":"Organization","@id":"https:\/\/saknews.net\/ku\/#organization","name":"\u015eep\u00eala Azadiy\u00ea ya Kurdistan\u00ea - \u062a\u064a\u0627\u0631 \u0627\u0644\u062d\u0631\u064a\u0629 \u0627\u0644\u0643\u0648\u0631\u062f\u0633\u062a\u0627\u0646\u064a","url":"https:\/\/saknews.net\/ku\/","logo":{"@type":"ImageObject","inLanguage":"en-US","@id":"https:\/\/saknews.net\/ku\/#\/schema\/logo\/image\/","url":"https:\/\/i0.wp.com\/saknews.net\/ku\/wp-content\/uploads\/2024\/11\/cropped-logo-1.png?fit=512%2C512&ssl=1","contentUrl":"https:\/\/i0.wp.com\/saknews.net\/ku\/wp-content\/uploads\/2024\/11\/cropped-logo-1.png?fit=512%2C512&ssl=1","width":512,"height":512,"caption":"\u015eep\u00eala Azadiy\u00ea ya Kurdistan\u00ea - \u062a\u064a\u0627\u0631 \u0627\u0644\u062d\u0631\u064a\u0629 \u0627\u0644\u0643\u0648\u0631\u062f\u0633\u062a\u0627\u0646\u064a"},"image":{"@id":"https:\/\/saknews.net\/ku\/#\/schema\/logo\/image\/"},"sameAs":["https:\/\/www.facebook.com\/Shepel.ewropa"]},{"@type":"Person","@id":"https:\/\/saknews.net\/ku\/#\/schema\/person\/72ae32a4041a3817e015b63d8f409058","name":"Horan Hem","url":"https:\/\/saknews.net\/ku\/?author=8"}]}},"featured_image_urls":{"full":["https:\/\/i0.wp.com\/saknews.net\/ku\/wp-content\/uploads\/2024\/12\/IMG-20241207-WA0028.jpg?fit=597%2C574&ssl=1",597,574,false],"thumbnail":["https:\/\/i0.wp.com\/saknews.net\/ku\/wp-content\/uploads\/2024\/12\/IMG-20241207-WA0028.jpg?resize=150%2C150&ssl=1",150,150,true],"medium":["https:\/\/i0.wp.com\/saknews.net\/ku\/wp-content\/uploads\/2024\/12\/IMG-20241207-WA0028.jpg?fit=300%2C288&ssl=1",300,288,true],"medium_large":["https:\/\/i0.wp.com\/saknews.net\/ku\/wp-content\/uploads\/2024\/12\/IMG-20241207-WA0028.jpg?fit=597%2C574&ssl=1",597,574,true],"large":["https:\/\/i0.wp.com\/saknews.net\/ku\/wp-content\/uploads\/2024\/12\/IMG-20241207-WA0028.jpg?fit=597%2C574&ssl=1",597,574,true],"1536x1536":["https:\/\/i0.wp.com\/saknews.net\/ku\/wp-content\/uploads\/2024\/12\/IMG-20241207-WA0028.jpg?fit=597%2C574&ssl=1",597,574,true],"2048x2048":["https:\/\/i0.wp.com\/saknews.net\/ku\/wp-content\/uploads\/2024\/12\/IMG-20241207-WA0028.jpg?fit=597%2C574&ssl=1",597,574,true],"covernews-featured":["https:\/\/i0.wp.com\/saknews.net\/ku\/wp-content\/uploads\/2024\/12\/IMG-20241207-WA0028.jpg?fit=597%2C574&ssl=1",597,574,true],"covernews-medium":["https:\/\/i0.wp.com\/saknews.net\/ku\/wp-content\/uploads\/2024\/12\/IMG-20241207-WA0028.jpg?resize=540%2C340&ssl=1",540,340,true]},"author_info":{"display_name":"Horan Hem","author_link":"https:\/\/saknews.net\/ku\/?author=8"},"category_info":"<a href=\"https:\/\/saknews.net\/ku\/?cat=34\" rel=\"category\">Daxuyan\u00ee<\/a>","tag_info":"Daxuyan\u00ee","comment_count":"0","_links":{"self":[{"href":"https:\/\/saknews.net\/ku\/index.php?rest_route=\/wp\/v2\/posts\/2184","targetHints":{"allow":["GET"]}}],"collection":[{"href":"https:\/\/saknews.net\/ku\/index.php?rest_route=\/wp\/v2\/posts"}],"about":[{"href":"https:\/\/saknews.net\/ku\/index.php?rest_route=\/wp\/v2\/types\/post"}],"author":[{"embeddable":true,"href":"https:\/\/saknews.net\/ku\/index.php?rest_route=\/wp\/v2\/users\/8"}],"replies":[{"embeddable":true,"href":"https:\/\/saknews.net\/ku\/index.php?rest_route=%2Fwp%2Fv2%2Fcomments&post=2184"}],"version-history":[{"count":1,"href":"https:\/\/saknews.net\/ku\/index.php?rest_route=\/wp\/v2\/posts\/2184\/revisions"}],"predecessor-version":[{"id":2185,"href":"https:\/\/saknews.net\/ku\/index.php?rest_route=\/wp\/v2\/posts\/2184\/revisions\/2185"}],"wp:featuredmedia":[{"embeddable":true,"href":"https:\/\/saknews.net\/ku\/index.php?rest_route=\/wp\/v2\/media\/1905"}],"wp:attachment":[{"href":"https:\/\/saknews.net\/ku\/index.php?rest_route=%2Fwp%2Fv2%2Fmedia&parent=2184"}],"wp:term":[{"taxonomy":"category","embeddable":true,"href":"https:\/\/saknews.net\/ku\/index.php?rest_route=%2Fwp%2Fv2%2Fcategories&post=2184"},{"taxonomy":"post_tag","embeddable":true,"href":"https:\/\/saknews.net\/ku\/index.php?rest_route=%2Fwp%2Fv2%2Ftags&post=2184"}],"curies":[{"name":"wp","href":"https:\/\/api.w.org\/{rel}","templated":true}]}}