{"id":2191,"date":"2025-03-23T21:40:18","date_gmt":"2025-03-23T21:40:18","guid":{"rendered":"https:\/\/saknews.net\/ku\/?p=2191"},"modified":"2025-03-23T21:40:54","modified_gmt":"2025-03-23T21:40:54","slug":"nameya-spasiye-ji-organizatoren-newroza-koln-u-cemawere-gele-kurdistane","status":"publish","type":"post","link":"https:\/\/saknews.net\/ku\/?p=2191","title":{"rendered":"Nameya spasiy\u00ea ji organ\u00eezator\u00ean Newroza K\u00f6ln\u00ea \u00fb cemawer\u00ea gel\u00ea Kurdistan\u00ea"},"content":{"rendered":"<p>Enc\u00fbmena Yek\u00ea ya \u015eep\u00eala Azad\u00ee ya Kurdistan\u00ee li Ewropa, nameyeke spasiy\u00ea ji organ\u00eezator\u00ean Newroza K\u00f6ln\u00ea \u00fb cemawer\u00ea gel\u00ea Kurdistan\u00ea re belav kir, ku di v\u00ea Newroz\u00ea de b\u00eatir\u00ee 50 hezar kes be\u015fdar bib\u00fb, ev j\u00ee deqeya namey\u00ea ye:<br \/>\nNameya spas\u00ee \u00fb p\u00eazanin\u00ea<br \/>\nJi organ\u00eezator\u00ean p\u00eerozbahiya Newroz\u00ea ya li Bajar\u00ea Koln\u00ea a Almanya \u00fb hem\u00fb be\u015fdar\u00ean w\u00ea re.<br \/>\nBi nav\u00ea Enc\u00fbmena Xwecih\u00ee ya Yek\u00ea ya \u015eep\u00eala Azad\u00ee ya Kurdistan\u00ee li Ewropa, spasiya we dikin li ser kar\u00ean we ji bo amadekirina Cejna Newroz\u00ea. Ev bone ne ten\u00ea ji bo ahenga Newroz\u00ea b\u00fb, l\u00ea bel\u00ea b\u00fb dergehek ku helwest\u00ean xwe y\u00ean netew\u00ee tekez bikin. <\/p>\n<p>Be\u015fdarb\u00fbna we ya girsey\u00ee \u00fb helwesta zelal a redkirina ragihanda dest\u00fbr\u00ee ku r\u00eaveberiya El-\u015eerih derxistiye, herwiha hi\u015fyarb\u00fbna we bi maf\u00ean gel\u00ea me n\u00ee\u015fan dide \u00fb v\u00eeyana w\u00ee ya azad di \u00e7areniv\u00eesa w\u00ee de. Pi\u015ftgiriya we ji Kurdistana S\u00fbriy\u00ea re \u00fb sekinandina we li k\u00ealek maf\u00ean gel\u00ea me di dest\u00fbra n\u00fb ya S\u00fbriy\u00ea de, nameyeke bih\u00eaz e \u00fb yek\u00eetiya \u00e7areniv\u00eeser di navbera per\u00e7ey\u00ean Kurdistan\u00ea de tekez dike.<br \/>\nHerwiha em spasiyeke b\u00ea hempa \u00fb r\u00eazgirtineke mezin ji bo gel\u00ea me ku ji her \u00e7ar per\u00e7ey\u00ean Kurdistan\u00ea \u00fb welat\u00ean diyaspora hatib\u00fbn K\u00f6ln\u00ea, dikin. Hejmara be\u015fdaran 50 hezar derbas kir \u00fb xwestin careke din yek\u00eetiya gel\u00ea me, tev\u00ee s\u00eenor \u00fb d\u00fbrb\u00fbn\u00ea, n\u00ee\u015fan bidin. Ev be\u015fdarb\u00fbna mezin nameyeke zelal b\u00fb, ku kurd yek deng in \u00fb v\u00eena me ji her hewleke tinekirin\u00ea bih\u00eaztir e. <\/p>\n<p>Newroz ne ten\u00ea cejnek e, l\u00ea bel\u00ea n\u00ee\u015fana berxwedan \u00fb azadiy\u00ea ye. We j\u00ee ev nirx\u00ean giran di helwest \u00fb be\u015fdarb\u00fbna girsey\u00ee tekez kir.<br \/>\nSpas ji bo pi\u015ftgiriya we \u00fb em tekez dikin, ku em d\u00ea bi hev re ji bo p\u00ea\u015ferojeke tij\u00ee dadperwer\u00ee \u00fb azad\u00ee ji bo gel\u00ea me, kar bikin. <\/p>\n<p>Newroz we p\u00eeroz be <\/p>\n<p>Enc\u00fbmena Xwecih\u00ee ya Yek\u00ea ya \u015eep\u00eala Azad\u00ee ya Kurdistan\u00ee li Ewropa<br \/>\n23.03.2025<br \/>\n<img data-recalc-dims=\"1\" decoding=\"async\" data-src=\"https:\/\/i0.wp.com\/saknews.net\/ku\/wp-content\/uploads\/2025\/03\/Screenshot_20250323_223930_M365-Copilot.jpg?resize=222%2C300&#038;ssl=1\" alt=\"\" width=\"222\" height=\"300\" class=\"alignright size-medium wp-image-2192 lazyload\" data-srcset=\"https:\/\/i0.wp.com\/saknews.net\/ku\/wp-content\/uploads\/2025\/03\/Screenshot_20250323_223930_M365-Copilot.jpg?resize=222%2C300&amp;ssl=1 222w, https:\/\/i0.wp.com\/saknews.net\/ku\/wp-content\/uploads\/2025\/03\/Screenshot_20250323_223930_M365-Copilot.jpg?resize=757%2C1024&amp;ssl=1 757w, https:\/\/i0.wp.com\/saknews.net\/ku\/wp-content\/uploads\/2025\/03\/Screenshot_20250323_223930_M365-Copilot.jpg?resize=768%2C1038&amp;ssl=1 768w, https:\/\/i0.wp.com\/saknews.net\/ku\/wp-content\/uploads\/2025\/03\/Screenshot_20250323_223930_M365-Copilot.jpg?resize=1024%2C1384&amp;ssl=1 1024w, https:\/\/i0.wp.com\/saknews.net\/ku\/wp-content\/uploads\/2025\/03\/Screenshot_20250323_223930_M365-Copilot.jpg?w=1080&amp;ssl=1 1080w\" data-sizes=\"(max-width: 222px) 100vw, 222px\" src=\"data:image\/svg+xml;base64,PHN2ZyB3aWR0aD0iMSIgaGVpZ2h0PSIxIiB4bWxucz0iaHR0cDovL3d3dy53My5vcmcvMjAwMC9zdmciPjwvc3ZnPg==\" style=\"--smush-placeholder-width: 222px; --smush-placeholder-aspect-ratio: 222\/300;\" \/><\/p>\n","protected":false},"excerpt":{"rendered":"<p>Enc\u00fbmena Yek\u00ea ya \u015eep\u00eala Azad\u00ee ya Kurdistan\u00ee li Ewropa, nameyeke spasiy\u00ea ji organ\u00eezator\u00ean Newroza K\u00f6ln\u00ea&#8230;<\/p>\n","protected":false},"author":8,"featured_media":2193,"comment_status":"closed","ping_status":"closed","sticky":false,"template":"","format":"standard","meta":{"footnotes":""},"categories":[34,49],"tags":[],"class_list":["post-2191","post","type-post","status-publish","format-standard","has-post-thumbnail","hentry","category-daxuyani","category-nuce"],"yoast_head":"<!-- This site is optimized with the Yoast SEO plugin v27.5 - https:\/\/yoast.com\/product\/yoast-seo-wordpress\/ -->\n<title>Nameya spasiy\u00ea ji organ\u00eezator\u00ean Newroza K\u00f6ln\u00ea \u00fb cemawer\u00ea gel\u00ea Kurdistan\u00ea &#8226; \u015eAK<\/title>\n<meta name=\"robots\" content=\"index, follow, max-snippet:-1, max-image-preview:large, max-video-preview:-1\" \/>\n<link rel=\"canonical\" href=\"https:\/\/saknews.net\/ku\/?p=2191\" \/>\n<meta property=\"og:locale\" content=\"en_US\" \/>\n<meta property=\"og:type\" content=\"article\" \/>\n<meta property=\"og:title\" content=\"Nameya spasiy\u00ea ji organ\u00eezator\u00ean Newroza K\u00f6ln\u00ea \u00fb cemawer\u00ea gel\u00ea Kurdistan\u00ea &#8226; \u015eAK\" \/>\n<meta property=\"og:description\" content=\"Enc\u00fbmena Yek\u00ea ya \u015eep\u00eala Azad\u00ee ya Kurdistan\u00ee li Ewropa, nameyeke spasiy\u00ea ji organ\u00eezator\u00ean Newroza K\u00f6ln\u00ea...\" \/>\n<meta property=\"og:url\" content=\"https:\/\/saknews.net\/ku\/?p=2191\" \/>\n<meta property=\"og:site_name\" content=\"\u015eAK\" \/>\n<meta property=\"article:publisher\" content=\"https:\/\/www.facebook.com\/Shepel.ewropa\" \/>\n<meta property=\"article:published_time\" content=\"2025-03-23T21:40:18+00:00\" \/>\n<meta property=\"article:modified_time\" content=\"2025-03-23T21:40:54+00:00\" \/>\n<meta property=\"og:image\" content=\"https:\/\/saknews.net\/ku\/wp-content\/uploads\/2025\/03\/485402749_18048416231337623_552897754687882382_n.webp\" \/>\n\t<meta property=\"og:image:width\" content=\"1439\" \/>\n\t<meta property=\"og:image:height\" content=\"810\" \/>\n\t<meta property=\"og:image:type\" content=\"image\/webp\" \/>\n<meta name=\"author\" content=\"Horan Hem\" \/>\n<meta name=\"twitter:card\" content=\"summary_large_image\" \/>\n<meta name=\"twitter:label1\" content=\"Written by\" \/>\n\t<meta name=\"twitter:data1\" content=\"Horan Hem\" \/>\n\t<meta name=\"twitter:label2\" content=\"Est. reading time\" \/>\n\t<meta name=\"twitter:data2\" content=\"2 minutes\" \/>\n<script type=\"application\/ld+json\" class=\"yoast-schema-graph\">{\"@context\":\"https:\\\/\\\/schema.org\",\"@graph\":[{\"@type\":\"Article\",\"@id\":\"https:\\\/\\\/saknews.net\\\/ku\\\/?p=2191#article\",\"isPartOf\":{\"@id\":\"https:\\\/\\\/saknews.net\\\/ku\\\/?p=2191\"},\"author\":{\"name\":\"Horan Hem\",\"@id\":\"https:\\\/\\\/saknews.net\\\/ku\\\/#\\\/schema\\\/person\\\/72ae32a4041a3817e015b63d8f409058\"},\"headline\":\"Nameya spasiy\u00ea ji organ\u00eezator\u00ean Newroza K\u00f6ln\u00ea \u00fb cemawer\u00ea gel\u00ea Kurdistan\u00ea\",\"datePublished\":\"2025-03-23T21:40:18+00:00\",\"dateModified\":\"2025-03-23T21:40:54+00:00\",\"mainEntityOfPage\":{\"@id\":\"https:\\\/\\\/saknews.net\\\/ku\\\/?p=2191\"},\"wordCount\":357,\"publisher\":{\"@id\":\"https:\\\/\\\/saknews.net\\\/ku\\\/#organization\"},\"image\":{\"@id\":\"https:\\\/\\\/saknews.net\\\/ku\\\/?p=2191#primaryimage\"},\"thumbnailUrl\":\"https:\\\/\\\/i0.wp.com\\\/saknews.net\\\/ku\\\/wp-content\\\/uploads\\\/2025\\\/03\\\/485402749_18048416231337623_552897754687882382_n.webp?fit=1439%2C810&ssl=1\",\"articleSection\":[\"Daxuyan\u00ee\",\"N\u00fb\u00e7e\"],\"inLanguage\":\"en-US\"},{\"@type\":\"WebPage\",\"@id\":\"https:\\\/\\\/saknews.net\\\/ku\\\/?p=2191\",\"url\":\"https:\\\/\\\/saknews.net\\\/ku\\\/?p=2191\",\"name\":\"Nameya spasiy\u00ea ji organ\u00eezator\u00ean Newroza K\u00f6ln\u00ea \u00fb cemawer\u00ea gel\u00ea Kurdistan\u00ea &#8226; \u015eAK\",\"isPartOf\":{\"@id\":\"https:\\\/\\\/saknews.net\\\/ku\\\/#website\"},\"primaryImageOfPage\":{\"@id\":\"https:\\\/\\\/saknews.net\\\/ku\\\/?p=2191#primaryimage\"},\"image\":{\"@id\":\"https:\\\/\\\/saknews.net\\\/ku\\\/?p=2191#primaryimage\"},\"thumbnailUrl\":\"https:\\\/\\\/i0.wp.com\\\/saknews.net\\\/ku\\\/wp-content\\\/uploads\\\/2025\\\/03\\\/485402749_18048416231337623_552897754687882382_n.webp?fit=1439%2C810&ssl=1\",\"datePublished\":\"2025-03-23T21:40:18+00:00\",\"dateModified\":\"2025-03-23T21:40:54+00:00\",\"breadcrumb\":{\"@id\":\"https:\\\/\\\/saknews.net\\\/ku\\\/?p=2191#breadcrumb\"},\"inLanguage\":\"en-US\",\"potentialAction\":[{\"@type\":\"ReadAction\",\"target\":[\"https:\\\/\\\/saknews.net\\\/ku\\\/?p=2191\"]}]},{\"@type\":\"ImageObject\",\"inLanguage\":\"en-US\",\"@id\":\"https:\\\/\\\/saknews.net\\\/ku\\\/?p=2191#primaryimage\",\"url\":\"https:\\\/\\\/i0.wp.com\\\/saknews.net\\\/ku\\\/wp-content\\\/uploads\\\/2025\\\/03\\\/485402749_18048416231337623_552897754687882382_n.webp?fit=1439%2C810&ssl=1\",\"contentUrl\":\"https:\\\/\\\/i0.wp.com\\\/saknews.net\\\/ku\\\/wp-content\\\/uploads\\\/2025\\\/03\\\/485402749_18048416231337623_552897754687882382_n.webp?fit=1439%2C810&ssl=1\",\"width\":1439,\"height\":810},{\"@type\":\"BreadcrumbList\",\"@id\":\"https:\\\/\\\/saknews.net\\\/ku\\\/?p=2191#breadcrumb\",\"itemListElement\":[{\"@type\":\"ListItem\",\"position\":1,\"name\":\"\u0627\u0644\u0631\u0626\u064a\u0633\u064a\u0629\",\"item\":\"https:\\\/\\\/saknews.net\\\/ku\\\/\"},{\"@type\":\"ListItem\",\"position\":2,\"name\":\"N\u00fb\u00e7e\",\"item\":\"https:\\\/\\\/saknews.net\\\/ku\\\/?cat=49\"},{\"@type\":\"ListItem\",\"position\":3,\"name\":\"Nameya spasiy\u00ea ji organ\u00eezator\u00ean Newroza K\u00f6ln\u00ea \u00fb cemawer\u00ea gel\u00ea Kurdistan\u00ea\"}]},{\"@type\":\"WebSite\",\"@id\":\"https:\\\/\\\/saknews.net\\\/ku\\\/#website\",\"url\":\"https:\\\/\\\/saknews.net\\\/ku\\\/\",\"name\":\"S\u0327epe\u0302la Azadi\u0302 ya Kurdistani\u0302\",\"description\":\"\u062a\u064a\u0627\u0631 \u0627\u0644\u062d\u0631\u064a\u0629 \u0627\u0644\u0643\u0648\u0631\u062f\u0633\u062a\u0627\u0646\u064a \u015eep\u00eala Azad\u00ee ya Kurdistan\u00ee\",\"publisher\":{\"@id\":\"https:\\\/\\\/saknews.net\\\/ku\\\/#organization\"},\"potentialAction\":[{\"@type\":\"SearchAction\",\"target\":{\"@type\":\"EntryPoint\",\"urlTemplate\":\"https:\\\/\\\/saknews.net\\\/ku\\\/?s={search_term_string}\"},\"query-input\":{\"@type\":\"PropertyValueSpecification\",\"valueRequired\":true,\"valueName\":\"search_term_string\"}}],\"inLanguage\":\"en-US\"},{\"@type\":\"Organization\",\"@id\":\"https:\\\/\\\/saknews.net\\\/ku\\\/#organization\",\"name\":\"\u015eep\u00eala Azadiy\u00ea ya Kurdistan\u00ea - \u062a\u064a\u0627\u0631 \u0627\u0644\u062d\u0631\u064a\u0629 \u0627\u0644\u0643\u0648\u0631\u062f\u0633\u062a\u0627\u0646\u064a\",\"url\":\"https:\\\/\\\/saknews.net\\\/ku\\\/\",\"logo\":{\"@type\":\"ImageObject\",\"inLanguage\":\"en-US\",\"@id\":\"https:\\\/\\\/saknews.net\\\/ku\\\/#\\\/schema\\\/logo\\\/image\\\/\",\"url\":\"https:\\\/\\\/i0.wp.com\\\/saknews.net\\\/ku\\\/wp-content\\\/uploads\\\/2024\\\/11\\\/cropped-logo-1.png?fit=512%2C512&ssl=1\",\"contentUrl\":\"https:\\\/\\\/i0.wp.com\\\/saknews.net\\\/ku\\\/wp-content\\\/uploads\\\/2024\\\/11\\\/cropped-logo-1.png?fit=512%2C512&ssl=1\",\"width\":512,\"height\":512,\"caption\":\"\u015eep\u00eala Azadiy\u00ea ya Kurdistan\u00ea - \u062a\u064a\u0627\u0631 \u0627\u0644\u062d\u0631\u064a\u0629 \u0627\u0644\u0643\u0648\u0631\u062f\u0633\u062a\u0627\u0646\u064a\"},\"image\":{\"@id\":\"https:\\\/\\\/saknews.net\\\/ku\\\/#\\\/schema\\\/logo\\\/image\\\/\"},\"sameAs\":[\"https:\\\/\\\/www.facebook.com\\\/Shepel.ewropa\"]},{\"@type\":\"Person\",\"@id\":\"https:\\\/\\\/saknews.net\\\/ku\\\/#\\\/schema\\\/person\\\/72ae32a4041a3817e015b63d8f409058\",\"name\":\"Horan Hem\",\"url\":\"https:\\\/\\\/saknews.net\\\/ku\\\/?author=8\"}]}<\/script>\n<!-- \/ Yoast SEO plugin. -->","yoast_head_json":{"title":"Nameya spasiy\u00ea ji organ\u00eezator\u00ean Newroza K\u00f6ln\u00ea \u00fb cemawer\u00ea gel\u00ea Kurdistan\u00ea &#8226; \u015eAK","robots":{"index":"index","follow":"follow","max-snippet":"max-snippet:-1","max-image-preview":"max-image-preview:large","max-video-preview":"max-video-preview:-1"},"canonical":"https:\/\/saknews.net\/ku\/?p=2191","og_locale":"en_US","og_type":"article","og_title":"Nameya spasiy\u00ea ji organ\u00eezator\u00ean Newroza K\u00f6ln\u00ea \u00fb cemawer\u00ea gel\u00ea Kurdistan\u00ea &#8226; \u015eAK","og_description":"Enc\u00fbmena Yek\u00ea ya \u015eep\u00eala Azad\u00ee ya Kurdistan\u00ee li Ewropa, nameyeke spasiy\u00ea ji organ\u00eezator\u00ean Newroza K\u00f6ln\u00ea...","og_url":"https:\/\/saknews.net\/ku\/?p=2191","og_site_name":"\u015eAK","article_publisher":"https:\/\/www.facebook.com\/Shepel.ewropa","article_published_time":"2025-03-23T21:40:18+00:00","article_modified_time":"2025-03-23T21:40:54+00:00","og_image":[{"width":1439,"height":810,"url":"https:\/\/saknews.net\/ku\/wp-content\/uploads\/2025\/03\/485402749_18048416231337623_552897754687882382_n.webp","type":"image\/webp"}],"author":"Horan Hem","twitter_card":"summary_large_image","twitter_misc":{"Written by":"Horan Hem","Est. reading time":"2 minutes"},"schema":{"@context":"https:\/\/schema.org","@graph":[{"@type":"Article","@id":"https:\/\/saknews.net\/ku\/?p=2191#article","isPartOf":{"@id":"https:\/\/saknews.net\/ku\/?p=2191"},"author":{"name":"Horan Hem","@id":"https:\/\/saknews.net\/ku\/#\/schema\/person\/72ae32a4041a3817e015b63d8f409058"},"headline":"Nameya spasiy\u00ea ji organ\u00eezator\u00ean Newroza K\u00f6ln\u00ea \u00fb cemawer\u00ea gel\u00ea Kurdistan\u00ea","datePublished":"2025-03-23T21:40:18+00:00","dateModified":"2025-03-23T21:40:54+00:00","mainEntityOfPage":{"@id":"https:\/\/saknews.net\/ku\/?p=2191"},"wordCount":357,"publisher":{"@id":"https:\/\/saknews.net\/ku\/#organization"},"image":{"@id":"https:\/\/saknews.net\/ku\/?p=2191#primaryimage"},"thumbnailUrl":"https:\/\/i0.wp.com\/saknews.net\/ku\/wp-content\/uploads\/2025\/03\/485402749_18048416231337623_552897754687882382_n.webp?fit=1439%2C810&ssl=1","articleSection":["Daxuyan\u00ee","N\u00fb\u00e7e"],"inLanguage":"en-US"},{"@type":"WebPage","@id":"https:\/\/saknews.net\/ku\/?p=2191","url":"https:\/\/saknews.net\/ku\/?p=2191","name":"Nameya spasiy\u00ea ji organ\u00eezator\u00ean Newroza K\u00f6ln\u00ea \u00fb cemawer\u00ea gel\u00ea Kurdistan\u00ea &#8226; \u015eAK","isPartOf":{"@id":"https:\/\/saknews.net\/ku\/#website"},"primaryImageOfPage":{"@id":"https:\/\/saknews.net\/ku\/?p=2191#primaryimage"},"image":{"@id":"https:\/\/saknews.net\/ku\/?p=2191#primaryimage"},"thumbnailUrl":"https:\/\/i0.wp.com\/saknews.net\/ku\/wp-content\/uploads\/2025\/03\/485402749_18048416231337623_552897754687882382_n.webp?fit=1439%2C810&ssl=1","datePublished":"2025-03-23T21:40:18+00:00","dateModified":"2025-03-23T21:40:54+00:00","breadcrumb":{"@id":"https:\/\/saknews.net\/ku\/?p=2191#breadcrumb"},"inLanguage":"en-US","potentialAction":[{"@type":"ReadAction","target":["https:\/\/saknews.net\/ku\/?p=2191"]}]},{"@type":"ImageObject","inLanguage":"en-US","@id":"https:\/\/saknews.net\/ku\/?p=2191#primaryimage","url":"https:\/\/i0.wp.com\/saknews.net\/ku\/wp-content\/uploads\/2025\/03\/485402749_18048416231337623_552897754687882382_n.webp?fit=1439%2C810&ssl=1","contentUrl":"https:\/\/i0.wp.com\/saknews.net\/ku\/wp-content\/uploads\/2025\/03\/485402749_18048416231337623_552897754687882382_n.webp?fit=1439%2C810&ssl=1","width":1439,"height":810},{"@type":"BreadcrumbList","@id":"https:\/\/saknews.net\/ku\/?p=2191#breadcrumb","itemListElement":[{"@type":"ListItem","position":1,"name":"\u0627\u0644\u0631\u0626\u064a\u0633\u064a\u0629","item":"https:\/\/saknews.net\/ku\/"},{"@type":"ListItem","position":2,"name":"N\u00fb\u00e7e","item":"https:\/\/saknews.net\/ku\/?cat=49"},{"@type":"ListItem","position":3,"name":"Nameya spasiy\u00ea ji organ\u00eezator\u00ean Newroza K\u00f6ln\u00ea \u00fb cemawer\u00ea gel\u00ea Kurdistan\u00ea"}]},{"@type":"WebSite","@id":"https:\/\/saknews.net\/ku\/#website","url":"https:\/\/saknews.net\/ku\/","name":"S\u0327epe\u0302la Azadi\u0302 ya Kurdistani\u0302","description":"\u062a\u064a\u0627\u0631 \u0627\u0644\u062d\u0631\u064a\u0629 \u0627\u0644\u0643\u0648\u0631\u062f\u0633\u062a\u0627\u0646\u064a \u015eep\u00eala Azad\u00ee ya Kurdistan\u00ee","publisher":{"@id":"https:\/\/saknews.net\/ku\/#organization"},"potentialAction":[{"@type":"SearchAction","target":{"@type":"EntryPoint","urlTemplate":"https:\/\/saknews.net\/ku\/?s={search_term_string}"},"query-input":{"@type":"PropertyValueSpecification","valueRequired":true,"valueName":"search_term_string"}}],"inLanguage":"en-US"},{"@type":"Organization","@id":"https:\/\/saknews.net\/ku\/#organization","name":"\u015eep\u00eala Azadiy\u00ea ya Kurdistan\u00ea - \u062a\u064a\u0627\u0631 \u0627\u0644\u062d\u0631\u064a\u0629 \u0627\u0644\u0643\u0648\u0631\u062f\u0633\u062a\u0627\u0646\u064a","url":"https:\/\/saknews.net\/ku\/","logo":{"@type":"ImageObject","inLanguage":"en-US","@id":"https:\/\/saknews.net\/ku\/#\/schema\/logo\/image\/","url":"https:\/\/i0.wp.com\/saknews.net\/ku\/wp-content\/uploads\/2024\/11\/cropped-logo-1.png?fit=512%2C512&ssl=1","contentUrl":"https:\/\/i0.wp.com\/saknews.net\/ku\/wp-content\/uploads\/2024\/11\/cropped-logo-1.png?fit=512%2C512&ssl=1","width":512,"height":512,"caption":"\u015eep\u00eala Azadiy\u00ea ya Kurdistan\u00ea - \u062a\u064a\u0627\u0631 \u0627\u0644\u062d\u0631\u064a\u0629 \u0627\u0644\u0643\u0648\u0631\u062f\u0633\u062a\u0627\u0646\u064a"},"image":{"@id":"https:\/\/saknews.net\/ku\/#\/schema\/logo\/image\/"},"sameAs":["https:\/\/www.facebook.com\/Shepel.ewropa"]},{"@type":"Person","@id":"https:\/\/saknews.net\/ku\/#\/schema\/person\/72ae32a4041a3817e015b63d8f409058","name":"Horan Hem","url":"https:\/\/saknews.net\/ku\/?author=8"}]}},"featured_image_urls":{"full":["https:\/\/i0.wp.com\/saknews.net\/ku\/wp-content\/uploads\/2025\/03\/485402749_18048416231337623_552897754687882382_n.webp?fit=1439%2C810&ssl=1",1439,810,false],"thumbnail":["https:\/\/i0.wp.com\/saknews.net\/ku\/wp-content\/uploads\/2025\/03\/485402749_18048416231337623_552897754687882382_n.webp?resize=150%2C150&ssl=1",150,150,true],"medium":["https:\/\/i0.wp.com\/saknews.net\/ku\/wp-content\/uploads\/2025\/03\/485402749_18048416231337623_552897754687882382_n.webp?fit=300%2C169&ssl=1",300,169,true],"medium_large":["https:\/\/i0.wp.com\/saknews.net\/ku\/wp-content\/uploads\/2025\/03\/485402749_18048416231337623_552897754687882382_n.webp?fit=640%2C360&ssl=1",640,360,true],"large":["https:\/\/i0.wp.com\/saknews.net\/ku\/wp-content\/uploads\/2025\/03\/485402749_18048416231337623_552897754687882382_n.webp?fit=640%2C360&ssl=1",640,360,true],"1536x1536":["https:\/\/i0.wp.com\/saknews.net\/ku\/wp-content\/uploads\/2025\/03\/485402749_18048416231337623_552897754687882382_n.webp?fit=1439%2C810&ssl=1",1439,810,true],"2048x2048":["https:\/\/i0.wp.com\/saknews.net\/ku\/wp-content\/uploads\/2025\/03\/485402749_18048416231337623_552897754687882382_n.webp?fit=1439%2C810&ssl=1",1439,810,true],"covernews-featured":["https:\/\/i0.wp.com\/saknews.net\/ku\/wp-content\/uploads\/2025\/03\/485402749_18048416231337623_552897754687882382_n.webp?fit=1024%2C576&ssl=1",1024,576,true],"covernews-medium":["https:\/\/i0.wp.com\/saknews.net\/ku\/wp-content\/uploads\/2025\/03\/485402749_18048416231337623_552897754687882382_n.webp?resize=540%2C340&ssl=1",540,340,true]},"author_info":{"display_name":"Horan Hem","author_link":"https:\/\/saknews.net\/ku\/?author=8"},"category_info":"<a href=\"https:\/\/saknews.net\/ku\/?cat=34\" rel=\"category\">Daxuyan\u00ee<\/a> <a href=\"https:\/\/saknews.net\/ku\/?cat=49\" rel=\"category\">N\u00fb\u00e7e<\/a>","tag_info":"N\u00fb\u00e7e","comment_count":"0","_links":{"self":[{"href":"https:\/\/saknews.net\/ku\/index.php?rest_route=\/wp\/v2\/posts\/2191","targetHints":{"allow":["GET"]}}],"collection":[{"href":"https:\/\/saknews.net\/ku\/index.php?rest_route=\/wp\/v2\/posts"}],"about":[{"href":"https:\/\/saknews.net\/ku\/index.php?rest_route=\/wp\/v2\/types\/post"}],"author":[{"embeddable":true,"href":"https:\/\/saknews.net\/ku\/index.php?rest_route=\/wp\/v2\/users\/8"}],"replies":[{"embeddable":true,"href":"https:\/\/saknews.net\/ku\/index.php?rest_route=%2Fwp%2Fv2%2Fcomments&post=2191"}],"version-history":[{"count":2,"href":"https:\/\/saknews.net\/ku\/index.php?rest_route=\/wp\/v2\/posts\/2191\/revisions"}],"predecessor-version":[{"id":2195,"href":"https:\/\/saknews.net\/ku\/index.php?rest_route=\/wp\/v2\/posts\/2191\/revisions\/2195"}],"wp:featuredmedia":[{"embeddable":true,"href":"https:\/\/saknews.net\/ku\/index.php?rest_route=\/wp\/v2\/media\/2193"}],"wp:attachment":[{"href":"https:\/\/saknews.net\/ku\/index.php?rest_route=%2Fwp%2Fv2%2Fmedia&parent=2191"}],"wp:term":[{"taxonomy":"category","embeddable":true,"href":"https:\/\/saknews.net\/ku\/index.php?rest_route=%2Fwp%2Fv2%2Fcategories&post=2191"},{"taxonomy":"post_tag","embeddable":true,"href":"https:\/\/saknews.net\/ku\/index.php?rest_route=%2Fwp%2Fv2%2Ftags&post=2191"}],"curies":[{"name":"wp","href":"https:\/\/api.w.org\/{rel}","templated":true}]}}