{"id":2199,"date":"2025-03-29T09:23:58","date_gmt":"2025-03-29T09:23:58","guid":{"rendered":"https:\/\/saknews.net\/ku\/?p=2199"},"modified":"2025-03-29T09:24:42","modified_gmt":"2025-03-29T09:24:42","slug":"sak-di-reresmen-salvegera-yeke-ya-koca-dawi-ya-esmet-brahim-de-besdar-dibe","status":"publish","type":"post","link":"https:\/\/saknews.net\/ku\/?p=2199","title":{"rendered":"\u015eAK di r\u00earesm\u00ean salvegera yek\u00ea ya ko\u00e7a daw\u00ee ya Esmet Brah\u00eem de be\u015fdar dibe"},"content":{"rendered":"<p>\u015eep\u00eala Azad\u00ee ya Kurdistan\u00ee be\u015fdar\u00ee r\u00earesm\u00ean salvegera yek\u00ea ya ko\u00e7a daw\u00ee ya kesayetiy\u00ea ni\u015ftiman Perwer \u00fb r\u00fbspiy\u00ea Koban\u00ea Esmet Brah\u00eem de kir \u00fb gotinek di derbar\u00ea de bi nav\u00ea \u015eep\u00eal\u00ea hate xwendin.<br \/>\nDi r\u00earesman de, ku li gund\u00ea \u015ee\u015f\u00ea hatib\u00fbn lidarxistin, gelek kesatiy\u00ean siyas\u00ee, civak\u00ee \u00fb \u00e7and\u00ee be\u015fdar bib\u00fbn Herwiha t\u00eade tekez\u00ee li ser rola ber\u00e7av a rihmet\u00ee hatr kirin.<br \/>\n<img data-recalc-dims=\"1\" decoding=\"async\" data-src=\"https:\/\/i0.wp.com\/saknews.net\/ku\/wp-content\/uploads\/2025\/03\/IMG-20250329-WA0003.jpg?resize=300%2C225&#038;ssl=1\" alt=\"\" width=\"300\" height=\"225\" class=\"alignright size-medium wp-image-2200 lazyload\" data-srcset=\"https:\/\/i0.wp.com\/saknews.net\/ku\/wp-content\/uploads\/2025\/03\/IMG-20250329-WA0003.jpg?resize=300%2C225&amp;ssl=1 300w, https:\/\/i0.wp.com\/saknews.net\/ku\/wp-content\/uploads\/2025\/03\/IMG-20250329-WA0003.jpg?resize=1024%2C768&amp;ssl=1 1024w, https:\/\/i0.wp.com\/saknews.net\/ku\/wp-content\/uploads\/2025\/03\/IMG-20250329-WA0003.jpg?resize=768%2C576&amp;ssl=1 768w, https:\/\/i0.wp.com\/saknews.net\/ku\/wp-content\/uploads\/2025\/03\/IMG-20250329-WA0003.jpg?w=1219&amp;ssl=1 1219w\" data-sizes=\"(max-width: 300px) 100vw, 300px\" src=\"data:image\/svg+xml;base64,PHN2ZyB3aWR0aD0iMSIgaGVpZ2h0PSIxIiB4bWxucz0iaHR0cDovL3d3dy53My5vcmcvMjAwMC9zdmciPjwvc3ZnPg==\" style=\"--smush-placeholder-width: 300px; --smush-placeholder-aspect-ratio: 300\/225;\" \/><\/p>\n<p>Li aliyek\u00ee din j\u00ee, gotina \u015eep\u00eala Azad\u00ee ya Kurdistan\u00ee hate xwendin, ku behsa d\u00eeroka rihmet\u00ee \u00fb hewl\u00ean berdewam ji bo yekr\u00eaziya kurd\u00ee \u00fb bidestxistina maf\u00ean gel\u00ea kurd li S\u00fbriy\u00ea hate kirin.<\/p>\n<p><img data-recalc-dims=\"1\" decoding=\"async\" data-src=\"https:\/\/i0.wp.com\/saknews.net\/ku\/wp-content\/uploads\/2025\/03\/Screenshot_20250329_094706_Adobe-Acrobat.jpg?resize=208%2C300&#038;ssl=1\" alt=\"\" width=\"208\" height=\"300\" class=\"alignright size-medium wp-image-2201 lazyload\" data-srcset=\"https:\/\/i0.wp.com\/saknews.net\/ku\/wp-content\/uploads\/2025\/03\/Screenshot_20250329_094706_Adobe-Acrobat.jpg?resize=208%2C300&amp;ssl=1 208w, https:\/\/i0.wp.com\/saknews.net\/ku\/wp-content\/uploads\/2025\/03\/Screenshot_20250329_094706_Adobe-Acrobat.jpg?resize=710%2C1024&amp;ssl=1 710w, https:\/\/i0.wp.com\/saknews.net\/ku\/wp-content\/uploads\/2025\/03\/Screenshot_20250329_094706_Adobe-Acrobat.jpg?resize=768%2C1108&amp;ssl=1 768w, https:\/\/i0.wp.com\/saknews.net\/ku\/wp-content\/uploads\/2025\/03\/Screenshot_20250329_094706_Adobe-Acrobat.jpg?w=1003&amp;ssl=1 1003w\" data-sizes=\"(max-width: 208px) 100vw, 208px\" src=\"data:image\/svg+xml;base64,PHN2ZyB3aWR0aD0iMSIgaGVpZ2h0PSIxIiB4bWxucz0iaHR0cDovL3d3dy53My5vcmcvMjAwMC9zdmciPjwvc3ZnPg==\" style=\"--smush-placeholder-width: 208px; --smush-placeholder-aspect-ratio: 208\/300;\" \/><\/p>\n<p><div class=\"ose-youtube ose-uid-0b57e7d50a7bfc642d5f9ba3f0fc0a6e ose-embedpress-responsive\" style=\"width:1920px; height:1080px; max-height:1080px; max-width:100%; display:inline-block;\" data-embed-type=\"Youtube\"><iframe allowFullScreen=\"true\" title=\"Gotina \u015eAK di salvegera yek\u00ea de ya kesatiy\u00ea ni\u015ftiman perwer y\u00ea Koban\u00ea Esmet Brah\u00eem\" width=\"1920\" height=\"1080\" data-src=\"https:\/\/www.youtube.com\/embed\/NcDkIP4PaHY?feature=oembed&color=red&rel=0&controls=1&start=&end=&fs=0&iv_load_policy=0&autoplay=0&mute=0&modestbranding=0&cc_load_policy=1&playsinline=1\" frameborder=\"0\" allow=\"accelerometer; encrypted-media;accelerometer;autoplay;clipboard-write;gyroscope;picture-in-picture clipboard-write; encrypted-media; gyroscope; picture-in-picture; web-share\" referrerpolicy=\"strict-origin-when-cross-origin\" allowfullscreen src=\"data:image\/svg+xml;base64,PHN2ZyB3aWR0aD0iMSIgaGVpZ2h0PSIxIiB4bWxucz0iaHR0cDovL3d3dy53My5vcmcvMjAwMC9zdmciPjwvc3ZnPg==\" class=\"lazyload\" data-load-mode=\"1\"><\/iframe><\/div><\/p>\n","protected":false},"excerpt":{"rendered":"<p>\u015eep\u00eala Azad\u00ee ya Kurdistan\u00ee be\u015fdar\u00ee r\u00earesm\u00ean salvegera yek\u00ea ya ko\u00e7a daw\u00ee ya kesayetiy\u00ea ni\u015ftiman Perwer&#8230;<\/p>\n","protected":false},"author":8,"featured_media":2202,"comment_status":"closed","ping_status":"closed","sticky":false,"template":"","format":"standard","meta":{"footnotes":""},"categories":[49,1],"tags":[],"class_list":["post-2199","post","type-post","status-publish","format-standard","has-post-thumbnail","hentry","category-nuce","category-sak"],"yoast_head":"<!-- This site is optimized with the Yoast SEO plugin v27.5 - https:\/\/yoast.com\/product\/yoast-seo-wordpress\/ -->\n<title>\u015eAK di r\u00earesm\u00ean salvegera yek\u00ea ya ko\u00e7a daw\u00ee ya Esmet Brah\u00eem de be\u015fdar dibe &#8226; \u015eAK<\/title>\n<meta name=\"robots\" content=\"index, follow, max-snippet:-1, max-image-preview:large, max-video-preview:-1\" \/>\n<link rel=\"canonical\" href=\"https:\/\/saknews.net\/ku\/?p=2199\" \/>\n<meta property=\"og:locale\" content=\"en_US\" \/>\n<meta property=\"og:type\" content=\"article\" \/>\n<meta property=\"og:title\" content=\"\u015eAK di r\u00earesm\u00ean salvegera yek\u00ea ya ko\u00e7a daw\u00ee ya Esmet Brah\u00eem de be\u015fdar dibe &#8226; \u015eAK\" \/>\n<meta property=\"og:description\" content=\"\u015eep\u00eala Azad\u00ee ya Kurdistan\u00ee be\u015fdar\u00ee r\u00earesm\u00ean salvegera yek\u00ea ya ko\u00e7a daw\u00ee ya kesayetiy\u00ea ni\u015ftiman Perwer...\" \/>\n<meta property=\"og:url\" content=\"https:\/\/saknews.net\/ku\/?p=2199\" \/>\n<meta property=\"og:site_name\" content=\"\u015eAK\" \/>\n<meta property=\"article:publisher\" content=\"https:\/\/www.facebook.com\/Shepel.ewropa\" \/>\n<meta property=\"article:published_time\" content=\"2025-03-29T09:23:58+00:00\" \/>\n<meta property=\"article:modified_time\" content=\"2025-03-29T09:24:42+00:00\" \/>\n<meta property=\"og:image\" content=\"https:\/\/saknews.net\/ku\/wp-content\/uploads\/2025\/03\/IMG-20250329-WA0004.jpg\" \/>\n\t<meta property=\"og:image:width\" content=\"1211\" \/>\n\t<meta property=\"og:image:height\" content=\"909\" \/>\n\t<meta property=\"og:image:type\" content=\"image\/jpeg\" \/>\n<meta name=\"author\" content=\"Horan Hem\" \/>\n<meta name=\"twitter:card\" content=\"summary_large_image\" \/>\n<meta name=\"twitter:label1\" content=\"Written by\" \/>\n\t<meta name=\"twitter:data1\" content=\"Horan Hem\" \/>\n\t<meta name=\"twitter:label2\" content=\"Est. reading time\" \/>\n\t<meta name=\"twitter:data2\" content=\"2 minutes\" \/>\n<script type=\"application\/ld+json\" class=\"yoast-schema-graph\">{\"@context\":\"https:\\\/\\\/schema.org\",\"@graph\":[{\"@type\":\"Article\",\"@id\":\"https:\\\/\\\/saknews.net\\\/ku\\\/?p=2199#article\",\"isPartOf\":{\"@id\":\"https:\\\/\\\/saknews.net\\\/ku\\\/?p=2199\"},\"author\":{\"name\":\"Horan Hem\",\"@id\":\"https:\\\/\\\/saknews.net\\\/ku\\\/#\\\/schema\\\/person\\\/72ae32a4041a3817e015b63d8f409058\"},\"headline\":\"\u015eAK di r\u00earesm\u00ean salvegera yek\u00ea ya ko\u00e7a daw\u00ee ya Esmet Brah\u00eem de be\u015fdar dibe\",\"datePublished\":\"2025-03-29T09:23:58+00:00\",\"dateModified\":\"2025-03-29T09:24:42+00:00\",\"mainEntityOfPage\":{\"@id\":\"https:\\\/\\\/saknews.net\\\/ku\\\/?p=2199\"},\"wordCount\":136,\"publisher\":{\"@id\":\"https:\\\/\\\/saknews.net\\\/ku\\\/#organization\"},\"image\":{\"@id\":\"https:\\\/\\\/saknews.net\\\/ku\\\/?p=2199#primaryimage\"},\"thumbnailUrl\":\"https:\\\/\\\/i0.wp.com\\\/saknews.net\\\/ku\\\/wp-content\\\/uploads\\\/2025\\\/03\\\/IMG-20250329-WA0004.jpg?fit=1211%2C909&ssl=1\",\"articleSection\":[\"N\u00fb\u00e7e\",\"\u015eAK\"],\"inLanguage\":\"en-US\"},{\"@type\":\"WebPage\",\"@id\":\"https:\\\/\\\/saknews.net\\\/ku\\\/?p=2199\",\"url\":\"https:\\\/\\\/saknews.net\\\/ku\\\/?p=2199\",\"name\":\"\u015eAK di r\u00earesm\u00ean salvegera yek\u00ea ya ko\u00e7a daw\u00ee ya Esmet Brah\u00eem de be\u015fdar dibe &#8226; \u015eAK\",\"isPartOf\":{\"@id\":\"https:\\\/\\\/saknews.net\\\/ku\\\/#website\"},\"primaryImageOfPage\":{\"@id\":\"https:\\\/\\\/saknews.net\\\/ku\\\/?p=2199#primaryimage\"},\"image\":{\"@id\":\"https:\\\/\\\/saknews.net\\\/ku\\\/?p=2199#primaryimage\"},\"thumbnailUrl\":\"https:\\\/\\\/i0.wp.com\\\/saknews.net\\\/ku\\\/wp-content\\\/uploads\\\/2025\\\/03\\\/IMG-20250329-WA0004.jpg?fit=1211%2C909&ssl=1\",\"datePublished\":\"2025-03-29T09:23:58+00:00\",\"dateModified\":\"2025-03-29T09:24:42+00:00\",\"breadcrumb\":{\"@id\":\"https:\\\/\\\/saknews.net\\\/ku\\\/?p=2199#breadcrumb\"},\"inLanguage\":\"en-US\",\"potentialAction\":[{\"@type\":\"ReadAction\",\"target\":[\"https:\\\/\\\/saknews.net\\\/ku\\\/?p=2199\"]}]},{\"@type\":\"ImageObject\",\"inLanguage\":\"en-US\",\"@id\":\"https:\\\/\\\/saknews.net\\\/ku\\\/?p=2199#primaryimage\",\"url\":\"https:\\\/\\\/i0.wp.com\\\/saknews.net\\\/ku\\\/wp-content\\\/uploads\\\/2025\\\/03\\\/IMG-20250329-WA0004.jpg?fit=1211%2C909&ssl=1\",\"contentUrl\":\"https:\\\/\\\/i0.wp.com\\\/saknews.net\\\/ku\\\/wp-content\\\/uploads\\\/2025\\\/03\\\/IMG-20250329-WA0004.jpg?fit=1211%2C909&ssl=1\",\"width\":1211,\"height\":909},{\"@type\":\"BreadcrumbList\",\"@id\":\"https:\\\/\\\/saknews.net\\\/ku\\\/?p=2199#breadcrumb\",\"itemListElement\":[{\"@type\":\"ListItem\",\"position\":1,\"name\":\"\u0627\u0644\u0631\u0626\u064a\u0633\u064a\u0629\",\"item\":\"https:\\\/\\\/saknews.net\\\/ku\\\/\"},{\"@type\":\"ListItem\",\"position\":2,\"name\":\"N\u00fb\u00e7e\",\"item\":\"https:\\\/\\\/saknews.net\\\/ku\\\/?cat=49\"},{\"@type\":\"ListItem\",\"position\":3,\"name\":\"\u015eAK di r\u00earesm\u00ean salvegera yek\u00ea ya ko\u00e7a daw\u00ee ya Esmet Brah\u00eem de be\u015fdar dibe\"}]},{\"@type\":\"WebSite\",\"@id\":\"https:\\\/\\\/saknews.net\\\/ku\\\/#website\",\"url\":\"https:\\\/\\\/saknews.net\\\/ku\\\/\",\"name\":\"S\u0327epe\u0302la Azadi\u0302 ya Kurdistani\u0302\",\"description\":\"\u062a\u064a\u0627\u0631 \u0627\u0644\u062d\u0631\u064a\u0629 \u0627\u0644\u0643\u0648\u0631\u062f\u0633\u062a\u0627\u0646\u064a \u015eep\u00eala Azad\u00ee ya Kurdistan\u00ee\",\"publisher\":{\"@id\":\"https:\\\/\\\/saknews.net\\\/ku\\\/#organization\"},\"potentialAction\":[{\"@type\":\"SearchAction\",\"target\":{\"@type\":\"EntryPoint\",\"urlTemplate\":\"https:\\\/\\\/saknews.net\\\/ku\\\/?s={search_term_string}\"},\"query-input\":{\"@type\":\"PropertyValueSpecification\",\"valueRequired\":true,\"valueName\":\"search_term_string\"}}],\"inLanguage\":\"en-US\"},{\"@type\":\"Organization\",\"@id\":\"https:\\\/\\\/saknews.net\\\/ku\\\/#organization\",\"name\":\"\u015eep\u00eala Azadiy\u00ea ya Kurdistan\u00ea - \u062a\u064a\u0627\u0631 \u0627\u0644\u062d\u0631\u064a\u0629 \u0627\u0644\u0643\u0648\u0631\u062f\u0633\u062a\u0627\u0646\u064a\",\"url\":\"https:\\\/\\\/saknews.net\\\/ku\\\/\",\"logo\":{\"@type\":\"ImageObject\",\"inLanguage\":\"en-US\",\"@id\":\"https:\\\/\\\/saknews.net\\\/ku\\\/#\\\/schema\\\/logo\\\/image\\\/\",\"url\":\"https:\\\/\\\/i0.wp.com\\\/saknews.net\\\/ku\\\/wp-content\\\/uploads\\\/2024\\\/11\\\/cropped-logo-1.png?fit=512%2C512&ssl=1\",\"contentUrl\":\"https:\\\/\\\/i0.wp.com\\\/saknews.net\\\/ku\\\/wp-content\\\/uploads\\\/2024\\\/11\\\/cropped-logo-1.png?fit=512%2C512&ssl=1\",\"width\":512,\"height\":512,\"caption\":\"\u015eep\u00eala Azadiy\u00ea ya Kurdistan\u00ea - \u062a\u064a\u0627\u0631 \u0627\u0644\u062d\u0631\u064a\u0629 \u0627\u0644\u0643\u0648\u0631\u062f\u0633\u062a\u0627\u0646\u064a\"},\"image\":{\"@id\":\"https:\\\/\\\/saknews.net\\\/ku\\\/#\\\/schema\\\/logo\\\/image\\\/\"},\"sameAs\":[\"https:\\\/\\\/www.facebook.com\\\/Shepel.ewropa\"]},{\"@type\":\"Person\",\"@id\":\"https:\\\/\\\/saknews.net\\\/ku\\\/#\\\/schema\\\/person\\\/72ae32a4041a3817e015b63d8f409058\",\"name\":\"Horan Hem\",\"url\":\"https:\\\/\\\/saknews.net\\\/ku\\\/?author=8\"}]}<\/script>\n<!-- \/ Yoast SEO plugin. -->","yoast_head_json":{"title":"\u015eAK di r\u00earesm\u00ean salvegera yek\u00ea ya ko\u00e7a daw\u00ee ya Esmet Brah\u00eem de be\u015fdar dibe &#8226; \u015eAK","robots":{"index":"index","follow":"follow","max-snippet":"max-snippet:-1","max-image-preview":"max-image-preview:large","max-video-preview":"max-video-preview:-1"},"canonical":"https:\/\/saknews.net\/ku\/?p=2199","og_locale":"en_US","og_type":"article","og_title":"\u015eAK di r\u00earesm\u00ean salvegera yek\u00ea ya ko\u00e7a daw\u00ee ya Esmet Brah\u00eem de be\u015fdar dibe &#8226; \u015eAK","og_description":"\u015eep\u00eala Azad\u00ee ya Kurdistan\u00ee be\u015fdar\u00ee r\u00earesm\u00ean salvegera yek\u00ea ya ko\u00e7a daw\u00ee ya kesayetiy\u00ea ni\u015ftiman Perwer...","og_url":"https:\/\/saknews.net\/ku\/?p=2199","og_site_name":"\u015eAK","article_publisher":"https:\/\/www.facebook.com\/Shepel.ewropa","article_published_time":"2025-03-29T09:23:58+00:00","article_modified_time":"2025-03-29T09:24:42+00:00","og_image":[{"width":1211,"height":909,"url":"https:\/\/saknews.net\/ku\/wp-content\/uploads\/2025\/03\/IMG-20250329-WA0004.jpg","type":"image\/jpeg"}],"author":"Horan Hem","twitter_card":"summary_large_image","twitter_misc":{"Written by":"Horan Hem","Est. reading time":"2 minutes"},"schema":{"@context":"https:\/\/schema.org","@graph":[{"@type":"Article","@id":"https:\/\/saknews.net\/ku\/?p=2199#article","isPartOf":{"@id":"https:\/\/saknews.net\/ku\/?p=2199"},"author":{"name":"Horan Hem","@id":"https:\/\/saknews.net\/ku\/#\/schema\/person\/72ae32a4041a3817e015b63d8f409058"},"headline":"\u015eAK di r\u00earesm\u00ean salvegera yek\u00ea ya ko\u00e7a daw\u00ee ya Esmet Brah\u00eem de be\u015fdar dibe","datePublished":"2025-03-29T09:23:58+00:00","dateModified":"2025-03-29T09:24:42+00:00","mainEntityOfPage":{"@id":"https:\/\/saknews.net\/ku\/?p=2199"},"wordCount":136,"publisher":{"@id":"https:\/\/saknews.net\/ku\/#organization"},"image":{"@id":"https:\/\/saknews.net\/ku\/?p=2199#primaryimage"},"thumbnailUrl":"https:\/\/i0.wp.com\/saknews.net\/ku\/wp-content\/uploads\/2025\/03\/IMG-20250329-WA0004.jpg?fit=1211%2C909&ssl=1","articleSection":["N\u00fb\u00e7e","\u015eAK"],"inLanguage":"en-US"},{"@type":"WebPage","@id":"https:\/\/saknews.net\/ku\/?p=2199","url":"https:\/\/saknews.net\/ku\/?p=2199","name":"\u015eAK di r\u00earesm\u00ean salvegera yek\u00ea ya ko\u00e7a daw\u00ee ya Esmet Brah\u00eem de be\u015fdar dibe &#8226; \u015eAK","isPartOf":{"@id":"https:\/\/saknews.net\/ku\/#website"},"primaryImageOfPage":{"@id":"https:\/\/saknews.net\/ku\/?p=2199#primaryimage"},"image":{"@id":"https:\/\/saknews.net\/ku\/?p=2199#primaryimage"},"thumbnailUrl":"https:\/\/i0.wp.com\/saknews.net\/ku\/wp-content\/uploads\/2025\/03\/IMG-20250329-WA0004.jpg?fit=1211%2C909&ssl=1","datePublished":"2025-03-29T09:23:58+00:00","dateModified":"2025-03-29T09:24:42+00:00","breadcrumb":{"@id":"https:\/\/saknews.net\/ku\/?p=2199#breadcrumb"},"inLanguage":"en-US","potentialAction":[{"@type":"ReadAction","target":["https:\/\/saknews.net\/ku\/?p=2199"]}]},{"@type":"ImageObject","inLanguage":"en-US","@id":"https:\/\/saknews.net\/ku\/?p=2199#primaryimage","url":"https:\/\/i0.wp.com\/saknews.net\/ku\/wp-content\/uploads\/2025\/03\/IMG-20250329-WA0004.jpg?fit=1211%2C909&ssl=1","contentUrl":"https:\/\/i0.wp.com\/saknews.net\/ku\/wp-content\/uploads\/2025\/03\/IMG-20250329-WA0004.jpg?fit=1211%2C909&ssl=1","width":1211,"height":909},{"@type":"BreadcrumbList","@id":"https:\/\/saknews.net\/ku\/?p=2199#breadcrumb","itemListElement":[{"@type":"ListItem","position":1,"name":"\u0627\u0644\u0631\u0626\u064a\u0633\u064a\u0629","item":"https:\/\/saknews.net\/ku\/"},{"@type":"ListItem","position":2,"name":"N\u00fb\u00e7e","item":"https:\/\/saknews.net\/ku\/?cat=49"},{"@type":"ListItem","position":3,"name":"\u015eAK di r\u00earesm\u00ean salvegera yek\u00ea ya ko\u00e7a daw\u00ee ya Esmet Brah\u00eem de be\u015fdar dibe"}]},{"@type":"WebSite","@id":"https:\/\/saknews.net\/ku\/#website","url":"https:\/\/saknews.net\/ku\/","name":"S\u0327epe\u0302la Azadi\u0302 ya Kurdistani\u0302","description":"\u062a\u064a\u0627\u0631 \u0627\u0644\u062d\u0631\u064a\u0629 \u0627\u0644\u0643\u0648\u0631\u062f\u0633\u062a\u0627\u0646\u064a \u015eep\u00eala Azad\u00ee ya Kurdistan\u00ee","publisher":{"@id":"https:\/\/saknews.net\/ku\/#organization"},"potentialAction":[{"@type":"SearchAction","target":{"@type":"EntryPoint","urlTemplate":"https:\/\/saknews.net\/ku\/?s={search_term_string}"},"query-input":{"@type":"PropertyValueSpecification","valueRequired":true,"valueName":"search_term_string"}}],"inLanguage":"en-US"},{"@type":"Organization","@id":"https:\/\/saknews.net\/ku\/#organization","name":"\u015eep\u00eala Azadiy\u00ea ya Kurdistan\u00ea - \u062a\u064a\u0627\u0631 \u0627\u0644\u062d\u0631\u064a\u0629 \u0627\u0644\u0643\u0648\u0631\u062f\u0633\u062a\u0627\u0646\u064a","url":"https:\/\/saknews.net\/ku\/","logo":{"@type":"ImageObject","inLanguage":"en-US","@id":"https:\/\/saknews.net\/ku\/#\/schema\/logo\/image\/","url":"https:\/\/i0.wp.com\/saknews.net\/ku\/wp-content\/uploads\/2024\/11\/cropped-logo-1.png?fit=512%2C512&ssl=1","contentUrl":"https:\/\/i0.wp.com\/saknews.net\/ku\/wp-content\/uploads\/2024\/11\/cropped-logo-1.png?fit=512%2C512&ssl=1","width":512,"height":512,"caption":"\u015eep\u00eala Azadiy\u00ea ya Kurdistan\u00ea - \u062a\u064a\u0627\u0631 \u0627\u0644\u062d\u0631\u064a\u0629 \u0627\u0644\u0643\u0648\u0631\u062f\u0633\u062a\u0627\u0646\u064a"},"image":{"@id":"https:\/\/saknews.net\/ku\/#\/schema\/logo\/image\/"},"sameAs":["https:\/\/www.facebook.com\/Shepel.ewropa"]},{"@type":"Person","@id":"https:\/\/saknews.net\/ku\/#\/schema\/person\/72ae32a4041a3817e015b63d8f409058","name":"Horan Hem","url":"https:\/\/saknews.net\/ku\/?author=8"}]}},"featured_image_urls":{"full":["https:\/\/i0.wp.com\/saknews.net\/ku\/wp-content\/uploads\/2025\/03\/IMG-20250329-WA0004.jpg?fit=1211%2C909&ssl=1",1211,909,false],"thumbnail":["https:\/\/i0.wp.com\/saknews.net\/ku\/wp-content\/uploads\/2025\/03\/IMG-20250329-WA0004.jpg?resize=150%2C150&ssl=1",150,150,true],"medium":["https:\/\/i0.wp.com\/saknews.net\/ku\/wp-content\/uploads\/2025\/03\/IMG-20250329-WA0004.jpg?fit=300%2C225&ssl=1",300,225,true],"medium_large":["https:\/\/i0.wp.com\/saknews.net\/ku\/wp-content\/uploads\/2025\/03\/IMG-20250329-WA0004.jpg?fit=640%2C480&ssl=1",640,480,true],"large":["https:\/\/i0.wp.com\/saknews.net\/ku\/wp-content\/uploads\/2025\/03\/IMG-20250329-WA0004.jpg?fit=640%2C481&ssl=1",640,481,true],"1536x1536":["https:\/\/i0.wp.com\/saknews.net\/ku\/wp-content\/uploads\/2025\/03\/IMG-20250329-WA0004.jpg?fit=1211%2C909&ssl=1",1211,909,true],"2048x2048":["https:\/\/i0.wp.com\/saknews.net\/ku\/wp-content\/uploads\/2025\/03\/IMG-20250329-WA0004.jpg?fit=1211%2C909&ssl=1",1211,909,true],"covernews-featured":["https:\/\/i0.wp.com\/saknews.net\/ku\/wp-content\/uploads\/2025\/03\/IMG-20250329-WA0004.jpg?fit=1024%2C769&ssl=1",1024,769,true],"covernews-medium":["https:\/\/i0.wp.com\/saknews.net\/ku\/wp-content\/uploads\/2025\/03\/IMG-20250329-WA0004.jpg?resize=540%2C340&ssl=1",540,340,true]},"author_info":{"display_name":"Horan Hem","author_link":"https:\/\/saknews.net\/ku\/?author=8"},"category_info":"<a href=\"https:\/\/saknews.net\/ku\/?cat=49\" rel=\"category\">N\u00fb\u00e7e<\/a> <a href=\"https:\/\/saknews.net\/ku\/?cat=1\" rel=\"category\">\u015eAK<\/a>","tag_info":"\u015eAK","comment_count":"0","_links":{"self":[{"href":"https:\/\/saknews.net\/ku\/index.php?rest_route=\/wp\/v2\/posts\/2199","targetHints":{"allow":["GET"]}}],"collection":[{"href":"https:\/\/saknews.net\/ku\/index.php?rest_route=\/wp\/v2\/posts"}],"about":[{"href":"https:\/\/saknews.net\/ku\/index.php?rest_route=\/wp\/v2\/types\/post"}],"author":[{"embeddable":true,"href":"https:\/\/saknews.net\/ku\/index.php?rest_route=\/wp\/v2\/users\/8"}],"replies":[{"embeddable":true,"href":"https:\/\/saknews.net\/ku\/index.php?rest_route=%2Fwp%2Fv2%2Fcomments&post=2199"}],"version-history":[{"count":1,"href":"https:\/\/saknews.net\/ku\/index.php?rest_route=\/wp\/v2\/posts\/2199\/revisions"}],"predecessor-version":[{"id":2203,"href":"https:\/\/saknews.net\/ku\/index.php?rest_route=\/wp\/v2\/posts\/2199\/revisions\/2203"}],"wp:featuredmedia":[{"embeddable":true,"href":"https:\/\/saknews.net\/ku\/index.php?rest_route=\/wp\/v2\/media\/2202"}],"wp:attachment":[{"href":"https:\/\/saknews.net\/ku\/index.php?rest_route=%2Fwp%2Fv2%2Fmedia&parent=2199"}],"wp:term":[{"taxonomy":"category","embeddable":true,"href":"https:\/\/saknews.net\/ku\/index.php?rest_route=%2Fwp%2Fv2%2Fcategories&post=2199"},{"taxonomy":"post_tag","embeddable":true,"href":"https:\/\/saknews.net\/ku\/index.php?rest_route=%2Fwp%2Fv2%2Ftags&post=2199"}],"curies":[{"name":"wp","href":"https:\/\/api.w.org\/{rel}","templated":true}]}}