{"id":2205,"date":"2025-03-30T09:40:16","date_gmt":"2025-03-30T09:40:16","guid":{"rendered":"https:\/\/saknews.net\/ku\/?p=2205"},"modified":"2025-03-30T09:40:52","modified_gmt":"2025-03-30T09:40:52","slug":"daxuyani-derbare-pekanina-kabineya-hikumeta-veguhez-li-suriye","status":"publish","type":"post","link":"https:\/\/saknews.net\/ku\/?p=2205","title":{"rendered":"Daxuyan\u00ee derbar\u00ea p\u00eakan\u00eena kab\u00eeneya hik\u00fbmeta veguh\u00eaz li S\u00fbriy\u00ea"},"content":{"rendered":"<p>Ber\u00ea Kurdistana S\u00fbriy\u00ea derbar\u00ea p\u00eakan\u00eena hik\u00fbmeta veguh\u00eaz li S\u00fbriy\u00ea daxuyaniyek belav kir \u00fb got ew hik\u00fbmeta pirrengiya li S\u00fbriy\u00ea heye, li ber \u00e7avan nagire \u00fb rewatiya xwe nast\u00eene. Deqeya daxuyaniy\u00ea:<\/p>\n<p><strong>Daxuyan\u00ee derbar\u00ea p\u00eakan\u00eena kab\u00eeneya hik\u00fbmeta veguh\u00eaz li S\u00fbriy\u00ea<\/strong><\/p>\n<p>Xelk\u00ea S\u00fbriy\u00ea h\u00eav\u00ee dikir ketina rej\u00eema Esed, bibe desp\u00eaka dawiya zordariy\u00ea \u00fb dewleteke demokrat ya pirreng b\u00ea avakirin, l\u00ea r\u00eaveberiya n\u00fb ji desp\u00eak\u00ea ve, \u00e7i ji dema p\u00eakan\u00eena hik\u00fbmeta demk\u00ee \u00fb pi\u015ft re kongrey\u00ea bi nav\u00ea got\u00fbb\u00eaja ni\u015ftiman\u00ee \u00fb \u00e7i j\u00ee p\u00eakan\u00eena hik\u00fbmeta veguh\u00eaz, tekez dike ew zordariyeke n\u00fb bi rengek\u00ee \u00eeslam\u00ee ava dike \u00fb ber\u00ea xwe nade p\u00eakan\u00eena hevkariyeke ni\u015ftiman\u00ee ya rasteq\u00eene.<br \/>\nEv hik\u00fbmeta n\u00fb ne encama lihevhatineke ni\u015ftiman\u00ee b\u00fb \u00fb pirrengiya netew\u00ee li S\u00fbriy\u00ea n\u00ee\u015fan nade, herwiha nikare rewatiya xwe bist\u00eene heta n\u00fbner\u00ean p\u00eakhateyan d\u00fbr dix\u00eene, bi taybet\u00ee kurdan.<br \/>\nDestn\u00ee\u015fankirina kesan di v\u00ea hik\u00fbmet\u00ea de, nay\u00ea watey\u00ea ew n\u00fbnertiya p\u00eakhateyan dikin. Ti kesek nikare n\u00fbnertiya gelek\u00ee bike eger p\u00eavajoyeke \u015f\u00eawr\u00ea ya demokrat ya rasteq\u00eene ney\u00ea me\u015fandin.<br \/>\nBer\u00ea Kurdistana S\u00fbriy\u00ea tekez dike, ku div\u00ea hik\u00fbmeta veguh\u00eaz ya rasteq\u00eene encama got\u00fbb\u00eajeke ni\u015ftiman\u00ee ya gi\u015ftg\u00eer be \u00fb n\u00fbnert\u00eekirineke dadmend ji tevahiya p\u00eakhateyan bike \u00fb li ser bingeh\u00ean demokras\u00ee, pirreng\u00ee \u00fb hevkariya rast, ev qonaxa n\u00fb b\u00ea avakirin<br \/>\nD\u00eesa weke her car, em tekez dikin, ku p\u00ea\u015feroja S\u00fbriy\u00ea li ser d\u00fbrxistin \u00fb tinekirin\u00ea nay\u00ea avakirin, l\u00ea bel\u00ea bi r\u00eaya got\u00fbb\u00eajeke ni\u015ftiman\u00ee, ku bingeh\u00ean dadmend\u00ee \u00fb wekheviy\u00ea xurt bike \u00fb maf\u00ean tevahiya s\u00fbriyan b\u00ea cudah\u00ee bipar\u00eaze. Ji ber v\u00ea j\u00ee em dib\u00eenin s\u00eestema federal ji S\u00fbriy\u00ea re ba\u015ftir\u00een s\u00eestem e, ku dikare n\u00fbnertiya tevahiya p\u00eakhateyan bike \u00fb maf\u00ean hem\u00fbyan bipar\u00eaze.<\/p>\n<p>Ber\u00ea Kurdistana S\u00fbriy\u00ea<br \/>\n30.03.2025<\/p>\n","protected":false},"excerpt":{"rendered":"<p>Ber\u00ea Kurdistana S\u00fbriy\u00ea derbar\u00ea p\u00eakan\u00eena hik\u00fbmeta veguh\u00eaz li S\u00fbriy\u00ea daxuyaniyek belav kir \u00fb got ew&#8230;<\/p>\n","protected":false},"author":8,"featured_media":2206,"comment_status":"closed","ping_status":"closed","sticky":false,"template":"","format":"standard","meta":{"footnotes":""},"categories":[34],"tags":[],"class_list":["post-2205","post","type-post","status-publish","format-standard","has-post-thumbnail","hentry","category-daxuyani"],"yoast_head":"<!-- This site is optimized with the Yoast SEO plugin v27.5 - https:\/\/yoast.com\/product\/yoast-seo-wordpress\/ -->\n<title>Daxuyan\u00ee derbar\u00ea p\u00eakan\u00eena kab\u00eeneya hik\u00fbmeta veguh\u00eaz li S\u00fbriy\u00ea &#8226; \u015eAK<\/title>\n<meta name=\"robots\" content=\"index, follow, max-snippet:-1, max-image-preview:large, max-video-preview:-1\" \/>\n<link rel=\"canonical\" href=\"https:\/\/saknews.net\/ku\/?p=2205\" \/>\n<meta property=\"og:locale\" content=\"en_US\" \/>\n<meta property=\"og:type\" content=\"article\" \/>\n<meta property=\"og:title\" content=\"Daxuyan\u00ee derbar\u00ea p\u00eakan\u00eena kab\u00eeneya hik\u00fbmeta veguh\u00eaz li S\u00fbriy\u00ea &#8226; \u015eAK\" \/>\n<meta property=\"og:description\" content=\"Ber\u00ea Kurdistana S\u00fbriy\u00ea derbar\u00ea p\u00eakan\u00eena hik\u00fbmeta veguh\u00eaz li S\u00fbriy\u00ea daxuyaniyek belav kir \u00fb got ew...\" \/>\n<meta property=\"og:url\" content=\"https:\/\/saknews.net\/ku\/?p=2205\" \/>\n<meta property=\"og:site_name\" content=\"\u015eAK\" \/>\n<meta property=\"article:publisher\" content=\"https:\/\/www.facebook.com\/Shepel.ewropa\" \/>\n<meta property=\"article:published_time\" content=\"2025-03-30T09:40:16+00:00\" \/>\n<meta property=\"article:modified_time\" content=\"2025-03-30T09:40:52+00:00\" \/>\n<meta property=\"og:image\" content=\"https:\/\/saknews.net\/ku\/wp-content\/uploads\/2025\/03\/Screenshot_20250330_011539_X.jpg\" \/>\n\t<meta property=\"og:image:width\" content=\"1784\" \/>\n\t<meta property=\"og:image:height\" content=\"1080\" \/>\n\t<meta property=\"og:image:type\" content=\"image\/jpeg\" \/>\n<meta name=\"author\" content=\"Horan Hem\" \/>\n<meta name=\"twitter:card\" content=\"summary_large_image\" \/>\n<meta name=\"twitter:label1\" content=\"Written by\" \/>\n\t<meta name=\"twitter:data1\" content=\"Horan Hem\" \/>\n\t<meta name=\"twitter:label2\" content=\"Est. reading time\" \/>\n\t<meta name=\"twitter:data2\" content=\"2 minutes\" \/>\n<script type=\"application\/ld+json\" class=\"yoast-schema-graph\">{\"@context\":\"https:\\\/\\\/schema.org\",\"@graph\":[{\"@type\":\"Article\",\"@id\":\"https:\\\/\\\/saknews.net\\\/ku\\\/?p=2205#article\",\"isPartOf\":{\"@id\":\"https:\\\/\\\/saknews.net\\\/ku\\\/?p=2205\"},\"author\":{\"name\":\"Horan Hem\",\"@id\":\"https:\\\/\\\/saknews.net\\\/ku\\\/#\\\/schema\\\/person\\\/72ae32a4041a3817e015b63d8f409058\"},\"headline\":\"Daxuyan\u00ee derbar\u00ea p\u00eakan\u00eena kab\u00eeneya hik\u00fbmeta veguh\u00eaz li S\u00fbriy\u00ea\",\"datePublished\":\"2025-03-30T09:40:16+00:00\",\"dateModified\":\"2025-03-30T09:40:52+00:00\",\"mainEntityOfPage\":{\"@id\":\"https:\\\/\\\/saknews.net\\\/ku\\\/?p=2205\"},\"wordCount\":349,\"publisher\":{\"@id\":\"https:\\\/\\\/saknews.net\\\/ku\\\/#organization\"},\"image\":{\"@id\":\"https:\\\/\\\/saknews.net\\\/ku\\\/?p=2205#primaryimage\"},\"thumbnailUrl\":\"https:\\\/\\\/i0.wp.com\\\/saknews.net\\\/ku\\\/wp-content\\\/uploads\\\/2025\\\/03\\\/Screenshot_20250330_011539_X.jpg?fit=1784%2C1080&ssl=1\",\"articleSection\":[\"Daxuyan\u00ee\"],\"inLanguage\":\"en-US\"},{\"@type\":\"WebPage\",\"@id\":\"https:\\\/\\\/saknews.net\\\/ku\\\/?p=2205\",\"url\":\"https:\\\/\\\/saknews.net\\\/ku\\\/?p=2205\",\"name\":\"Daxuyan\u00ee derbar\u00ea p\u00eakan\u00eena kab\u00eeneya hik\u00fbmeta veguh\u00eaz li S\u00fbriy\u00ea &#8226; \u015eAK\",\"isPartOf\":{\"@id\":\"https:\\\/\\\/saknews.net\\\/ku\\\/#website\"},\"primaryImageOfPage\":{\"@id\":\"https:\\\/\\\/saknews.net\\\/ku\\\/?p=2205#primaryimage\"},\"image\":{\"@id\":\"https:\\\/\\\/saknews.net\\\/ku\\\/?p=2205#primaryimage\"},\"thumbnailUrl\":\"https:\\\/\\\/i0.wp.com\\\/saknews.net\\\/ku\\\/wp-content\\\/uploads\\\/2025\\\/03\\\/Screenshot_20250330_011539_X.jpg?fit=1784%2C1080&ssl=1\",\"datePublished\":\"2025-03-30T09:40:16+00:00\",\"dateModified\":\"2025-03-30T09:40:52+00:00\",\"breadcrumb\":{\"@id\":\"https:\\\/\\\/saknews.net\\\/ku\\\/?p=2205#breadcrumb\"},\"inLanguage\":\"en-US\",\"potentialAction\":[{\"@type\":\"ReadAction\",\"target\":[\"https:\\\/\\\/saknews.net\\\/ku\\\/?p=2205\"]}]},{\"@type\":\"ImageObject\",\"inLanguage\":\"en-US\",\"@id\":\"https:\\\/\\\/saknews.net\\\/ku\\\/?p=2205#primaryimage\",\"url\":\"https:\\\/\\\/i0.wp.com\\\/saknews.net\\\/ku\\\/wp-content\\\/uploads\\\/2025\\\/03\\\/Screenshot_20250330_011539_X.jpg?fit=1784%2C1080&ssl=1\",\"contentUrl\":\"https:\\\/\\\/i0.wp.com\\\/saknews.net\\\/ku\\\/wp-content\\\/uploads\\\/2025\\\/03\\\/Screenshot_20250330_011539_X.jpg?fit=1784%2C1080&ssl=1\",\"width\":1784,\"height\":1080},{\"@type\":\"BreadcrumbList\",\"@id\":\"https:\\\/\\\/saknews.net\\\/ku\\\/?p=2205#breadcrumb\",\"itemListElement\":[{\"@type\":\"ListItem\",\"position\":1,\"name\":\"\u0627\u0644\u0631\u0626\u064a\u0633\u064a\u0629\",\"item\":\"https:\\\/\\\/saknews.net\\\/ku\\\/\"},{\"@type\":\"ListItem\",\"position\":2,\"name\":\"N\u00fb\u00e7e\",\"item\":\"https:\\\/\\\/saknews.net\\\/ku\\\/?cat=49\"},{\"@type\":\"ListItem\",\"position\":3,\"name\":\"Daxuyan\u00ee\",\"item\":\"https:\\\/\\\/saknews.net\\\/ku\\\/?cat=34\"},{\"@type\":\"ListItem\",\"position\":4,\"name\":\"Daxuyan\u00ee derbar\u00ea p\u00eakan\u00eena kab\u00eeneya hik\u00fbmeta veguh\u00eaz li S\u00fbriy\u00ea\"}]},{\"@type\":\"WebSite\",\"@id\":\"https:\\\/\\\/saknews.net\\\/ku\\\/#website\",\"url\":\"https:\\\/\\\/saknews.net\\\/ku\\\/\",\"name\":\"S\u0327epe\u0302la Azadi\u0302 ya Kurdistani\u0302\",\"description\":\"\u062a\u064a\u0627\u0631 \u0627\u0644\u062d\u0631\u064a\u0629 \u0627\u0644\u0643\u0648\u0631\u062f\u0633\u062a\u0627\u0646\u064a \u015eep\u00eala Azad\u00ee ya Kurdistan\u00ee\",\"publisher\":{\"@id\":\"https:\\\/\\\/saknews.net\\\/ku\\\/#organization\"},\"potentialAction\":[{\"@type\":\"SearchAction\",\"target\":{\"@type\":\"EntryPoint\",\"urlTemplate\":\"https:\\\/\\\/saknews.net\\\/ku\\\/?s={search_term_string}\"},\"query-input\":{\"@type\":\"PropertyValueSpecification\",\"valueRequired\":true,\"valueName\":\"search_term_string\"}}],\"inLanguage\":\"en-US\"},{\"@type\":\"Organization\",\"@id\":\"https:\\\/\\\/saknews.net\\\/ku\\\/#organization\",\"name\":\"\u015eep\u00eala Azadiy\u00ea ya Kurdistan\u00ea - \u062a\u064a\u0627\u0631 \u0627\u0644\u062d\u0631\u064a\u0629 \u0627\u0644\u0643\u0648\u0631\u062f\u0633\u062a\u0627\u0646\u064a\",\"url\":\"https:\\\/\\\/saknews.net\\\/ku\\\/\",\"logo\":{\"@type\":\"ImageObject\",\"inLanguage\":\"en-US\",\"@id\":\"https:\\\/\\\/saknews.net\\\/ku\\\/#\\\/schema\\\/logo\\\/image\\\/\",\"url\":\"https:\\\/\\\/i0.wp.com\\\/saknews.net\\\/ku\\\/wp-content\\\/uploads\\\/2024\\\/11\\\/cropped-logo-1.png?fit=512%2C512&ssl=1\",\"contentUrl\":\"https:\\\/\\\/i0.wp.com\\\/saknews.net\\\/ku\\\/wp-content\\\/uploads\\\/2024\\\/11\\\/cropped-logo-1.png?fit=512%2C512&ssl=1\",\"width\":512,\"height\":512,\"caption\":\"\u015eep\u00eala Azadiy\u00ea ya Kurdistan\u00ea - \u062a\u064a\u0627\u0631 \u0627\u0644\u062d\u0631\u064a\u0629 \u0627\u0644\u0643\u0648\u0631\u062f\u0633\u062a\u0627\u0646\u064a\"},\"image\":{\"@id\":\"https:\\\/\\\/saknews.net\\\/ku\\\/#\\\/schema\\\/logo\\\/image\\\/\"},\"sameAs\":[\"https:\\\/\\\/www.facebook.com\\\/Shepel.ewropa\"]},{\"@type\":\"Person\",\"@id\":\"https:\\\/\\\/saknews.net\\\/ku\\\/#\\\/schema\\\/person\\\/72ae32a4041a3817e015b63d8f409058\",\"name\":\"Horan Hem\",\"url\":\"https:\\\/\\\/saknews.net\\\/ku\\\/?author=8\"}]}<\/script>\n<!-- \/ Yoast SEO plugin. -->","yoast_head_json":{"title":"Daxuyan\u00ee derbar\u00ea p\u00eakan\u00eena kab\u00eeneya hik\u00fbmeta veguh\u00eaz li S\u00fbriy\u00ea &#8226; \u015eAK","robots":{"index":"index","follow":"follow","max-snippet":"max-snippet:-1","max-image-preview":"max-image-preview:large","max-video-preview":"max-video-preview:-1"},"canonical":"https:\/\/saknews.net\/ku\/?p=2205","og_locale":"en_US","og_type":"article","og_title":"Daxuyan\u00ee derbar\u00ea p\u00eakan\u00eena kab\u00eeneya hik\u00fbmeta veguh\u00eaz li S\u00fbriy\u00ea &#8226; \u015eAK","og_description":"Ber\u00ea Kurdistana S\u00fbriy\u00ea derbar\u00ea p\u00eakan\u00eena hik\u00fbmeta veguh\u00eaz li S\u00fbriy\u00ea daxuyaniyek belav kir \u00fb got ew...","og_url":"https:\/\/saknews.net\/ku\/?p=2205","og_site_name":"\u015eAK","article_publisher":"https:\/\/www.facebook.com\/Shepel.ewropa","article_published_time":"2025-03-30T09:40:16+00:00","article_modified_time":"2025-03-30T09:40:52+00:00","og_image":[{"width":1784,"height":1080,"url":"https:\/\/saknews.net\/ku\/wp-content\/uploads\/2025\/03\/Screenshot_20250330_011539_X.jpg","type":"image\/jpeg"}],"author":"Horan Hem","twitter_card":"summary_large_image","twitter_misc":{"Written by":"Horan Hem","Est. reading time":"2 minutes"},"schema":{"@context":"https:\/\/schema.org","@graph":[{"@type":"Article","@id":"https:\/\/saknews.net\/ku\/?p=2205#article","isPartOf":{"@id":"https:\/\/saknews.net\/ku\/?p=2205"},"author":{"name":"Horan Hem","@id":"https:\/\/saknews.net\/ku\/#\/schema\/person\/72ae32a4041a3817e015b63d8f409058"},"headline":"Daxuyan\u00ee derbar\u00ea p\u00eakan\u00eena kab\u00eeneya hik\u00fbmeta veguh\u00eaz li S\u00fbriy\u00ea","datePublished":"2025-03-30T09:40:16+00:00","dateModified":"2025-03-30T09:40:52+00:00","mainEntityOfPage":{"@id":"https:\/\/saknews.net\/ku\/?p=2205"},"wordCount":349,"publisher":{"@id":"https:\/\/saknews.net\/ku\/#organization"},"image":{"@id":"https:\/\/saknews.net\/ku\/?p=2205#primaryimage"},"thumbnailUrl":"https:\/\/i0.wp.com\/saknews.net\/ku\/wp-content\/uploads\/2025\/03\/Screenshot_20250330_011539_X.jpg?fit=1784%2C1080&ssl=1","articleSection":["Daxuyan\u00ee"],"inLanguage":"en-US"},{"@type":"WebPage","@id":"https:\/\/saknews.net\/ku\/?p=2205","url":"https:\/\/saknews.net\/ku\/?p=2205","name":"Daxuyan\u00ee derbar\u00ea p\u00eakan\u00eena kab\u00eeneya hik\u00fbmeta veguh\u00eaz li S\u00fbriy\u00ea &#8226; \u015eAK","isPartOf":{"@id":"https:\/\/saknews.net\/ku\/#website"},"primaryImageOfPage":{"@id":"https:\/\/saknews.net\/ku\/?p=2205#primaryimage"},"image":{"@id":"https:\/\/saknews.net\/ku\/?p=2205#primaryimage"},"thumbnailUrl":"https:\/\/i0.wp.com\/saknews.net\/ku\/wp-content\/uploads\/2025\/03\/Screenshot_20250330_011539_X.jpg?fit=1784%2C1080&ssl=1","datePublished":"2025-03-30T09:40:16+00:00","dateModified":"2025-03-30T09:40:52+00:00","breadcrumb":{"@id":"https:\/\/saknews.net\/ku\/?p=2205#breadcrumb"},"inLanguage":"en-US","potentialAction":[{"@type":"ReadAction","target":["https:\/\/saknews.net\/ku\/?p=2205"]}]},{"@type":"ImageObject","inLanguage":"en-US","@id":"https:\/\/saknews.net\/ku\/?p=2205#primaryimage","url":"https:\/\/i0.wp.com\/saknews.net\/ku\/wp-content\/uploads\/2025\/03\/Screenshot_20250330_011539_X.jpg?fit=1784%2C1080&ssl=1","contentUrl":"https:\/\/i0.wp.com\/saknews.net\/ku\/wp-content\/uploads\/2025\/03\/Screenshot_20250330_011539_X.jpg?fit=1784%2C1080&ssl=1","width":1784,"height":1080},{"@type":"BreadcrumbList","@id":"https:\/\/saknews.net\/ku\/?p=2205#breadcrumb","itemListElement":[{"@type":"ListItem","position":1,"name":"\u0627\u0644\u0631\u0626\u064a\u0633\u064a\u0629","item":"https:\/\/saknews.net\/ku\/"},{"@type":"ListItem","position":2,"name":"N\u00fb\u00e7e","item":"https:\/\/saknews.net\/ku\/?cat=49"},{"@type":"ListItem","position":3,"name":"Daxuyan\u00ee","item":"https:\/\/saknews.net\/ku\/?cat=34"},{"@type":"ListItem","position":4,"name":"Daxuyan\u00ee derbar\u00ea p\u00eakan\u00eena kab\u00eeneya hik\u00fbmeta veguh\u00eaz li S\u00fbriy\u00ea"}]},{"@type":"WebSite","@id":"https:\/\/saknews.net\/ku\/#website","url":"https:\/\/saknews.net\/ku\/","name":"S\u0327epe\u0302la Azadi\u0302 ya Kurdistani\u0302","description":"\u062a\u064a\u0627\u0631 \u0627\u0644\u062d\u0631\u064a\u0629 \u0627\u0644\u0643\u0648\u0631\u062f\u0633\u062a\u0627\u0646\u064a \u015eep\u00eala Azad\u00ee ya Kurdistan\u00ee","publisher":{"@id":"https:\/\/saknews.net\/ku\/#organization"},"potentialAction":[{"@type":"SearchAction","target":{"@type":"EntryPoint","urlTemplate":"https:\/\/saknews.net\/ku\/?s={search_term_string}"},"query-input":{"@type":"PropertyValueSpecification","valueRequired":true,"valueName":"search_term_string"}}],"inLanguage":"en-US"},{"@type":"Organization","@id":"https:\/\/saknews.net\/ku\/#organization","name":"\u015eep\u00eala Azadiy\u00ea ya Kurdistan\u00ea - \u062a\u064a\u0627\u0631 \u0627\u0644\u062d\u0631\u064a\u0629 \u0627\u0644\u0643\u0648\u0631\u062f\u0633\u062a\u0627\u0646\u064a","url":"https:\/\/saknews.net\/ku\/","logo":{"@type":"ImageObject","inLanguage":"en-US","@id":"https:\/\/saknews.net\/ku\/#\/schema\/logo\/image\/","url":"https:\/\/i0.wp.com\/saknews.net\/ku\/wp-content\/uploads\/2024\/11\/cropped-logo-1.png?fit=512%2C512&ssl=1","contentUrl":"https:\/\/i0.wp.com\/saknews.net\/ku\/wp-content\/uploads\/2024\/11\/cropped-logo-1.png?fit=512%2C512&ssl=1","width":512,"height":512,"caption":"\u015eep\u00eala Azadiy\u00ea ya Kurdistan\u00ea - \u062a\u064a\u0627\u0631 \u0627\u0644\u062d\u0631\u064a\u0629 \u0627\u0644\u0643\u0648\u0631\u062f\u0633\u062a\u0627\u0646\u064a"},"image":{"@id":"https:\/\/saknews.net\/ku\/#\/schema\/logo\/image\/"},"sameAs":["https:\/\/www.facebook.com\/Shepel.ewropa"]},{"@type":"Person","@id":"https:\/\/saknews.net\/ku\/#\/schema\/person\/72ae32a4041a3817e015b63d8f409058","name":"Horan Hem","url":"https:\/\/saknews.net\/ku\/?author=8"}]}},"featured_image_urls":{"full":["https:\/\/i0.wp.com\/saknews.net\/ku\/wp-content\/uploads\/2025\/03\/Screenshot_20250330_011539_X.jpg?fit=1784%2C1080&ssl=1",1784,1080,false],"thumbnail":["https:\/\/i0.wp.com\/saknews.net\/ku\/wp-content\/uploads\/2025\/03\/Screenshot_20250330_011539_X.jpg?resize=150%2C150&ssl=1",150,150,true],"medium":["https:\/\/i0.wp.com\/saknews.net\/ku\/wp-content\/uploads\/2025\/03\/Screenshot_20250330_011539_X.jpg?fit=300%2C182&ssl=1",300,182,true],"medium_large":["https:\/\/i0.wp.com\/saknews.net\/ku\/wp-content\/uploads\/2025\/03\/Screenshot_20250330_011539_X.jpg?fit=640%2C388&ssl=1",640,388,true],"large":["https:\/\/i0.wp.com\/saknews.net\/ku\/wp-content\/uploads\/2025\/03\/Screenshot_20250330_011539_X.jpg?fit=640%2C388&ssl=1",640,388,true],"1536x1536":["https:\/\/i0.wp.com\/saknews.net\/ku\/wp-content\/uploads\/2025\/03\/Screenshot_20250330_011539_X.jpg?fit=1536%2C930&ssl=1",1536,930,true],"2048x2048":["https:\/\/i0.wp.com\/saknews.net\/ku\/wp-content\/uploads\/2025\/03\/Screenshot_20250330_011539_X.jpg?fit=1784%2C1080&ssl=1",1784,1080,true],"covernews-featured":["https:\/\/i0.wp.com\/saknews.net\/ku\/wp-content\/uploads\/2025\/03\/Screenshot_20250330_011539_X.jpg?fit=1024%2C620&ssl=1",1024,620,true],"covernews-medium":["https:\/\/i0.wp.com\/saknews.net\/ku\/wp-content\/uploads\/2025\/03\/Screenshot_20250330_011539_X.jpg?resize=540%2C340&ssl=1",540,340,true]},"author_info":{"display_name":"Horan Hem","author_link":"https:\/\/saknews.net\/ku\/?author=8"},"category_info":"<a href=\"https:\/\/saknews.net\/ku\/?cat=34\" rel=\"category\">Daxuyan\u00ee<\/a>","tag_info":"Daxuyan\u00ee","comment_count":"0","_links":{"self":[{"href":"https:\/\/saknews.net\/ku\/index.php?rest_route=\/wp\/v2\/posts\/2205","targetHints":{"allow":["GET"]}}],"collection":[{"href":"https:\/\/saknews.net\/ku\/index.php?rest_route=\/wp\/v2\/posts"}],"about":[{"href":"https:\/\/saknews.net\/ku\/index.php?rest_route=\/wp\/v2\/types\/post"}],"author":[{"embeddable":true,"href":"https:\/\/saknews.net\/ku\/index.php?rest_route=\/wp\/v2\/users\/8"}],"replies":[{"embeddable":true,"href":"https:\/\/saknews.net\/ku\/index.php?rest_route=%2Fwp%2Fv2%2Fcomments&post=2205"}],"version-history":[{"count":2,"href":"https:\/\/saknews.net\/ku\/index.php?rest_route=\/wp\/v2\/posts\/2205\/revisions"}],"predecessor-version":[{"id":2208,"href":"https:\/\/saknews.net\/ku\/index.php?rest_route=\/wp\/v2\/posts\/2205\/revisions\/2208"}],"wp:featuredmedia":[{"embeddable":true,"href":"https:\/\/saknews.net\/ku\/index.php?rest_route=\/wp\/v2\/media\/2206"}],"wp:attachment":[{"href":"https:\/\/saknews.net\/ku\/index.php?rest_route=%2Fwp%2Fv2%2Fmedia&parent=2205"}],"wp:term":[{"taxonomy":"category","embeddable":true,"href":"https:\/\/saknews.net\/ku\/index.php?rest_route=%2Fwp%2Fv2%2Fcategories&post=2205"},{"taxonomy":"post_tag","embeddable":true,"href":"https:\/\/saknews.net\/ku\/index.php?rest_route=%2Fwp%2Fv2%2Ftags&post=2205"}],"curies":[{"name":"wp","href":"https:\/\/api.w.org\/{rel}","templated":true}]}}